{"id":5437,"date":"2018-02-16T12:37:04","date_gmt":"2018-02-16T15:37:04","guid":{"rendered":"http:\/\/www.eldiariodetucuman.com\/web\/libraron-tres-ordenes-de-allanamiento-en-rio-gallegos\/"},"modified":"2018-02-16T12:37:07","modified_gmt":"2018-02-16T15:37:07","slug":"libraron-tres-ordenes-de-allanamiento-en-rio-gallegos","status":"publish","type":"post","link":"https:\/\/www.eldiariodetucuman.com\/web\/libraron-tres-ordenes-de-allanamiento-en-rio-gallegos\/","title":{"rendered":"Libraron tres \u00f3rdenes de allanamiento en R\u00edo Gallegos"},"content":{"rendered":"<div>\n<div readability=\"53.147087857848\">\n<p>Tres \u00f3rdenes de allanamiento en la casa de Gobierno de Santa Cruz fueron libradas ayer por el juez Juli\u00e1n Ercolini, en el marco de la investigaci\u00f3n por \u201c<strong>falta de control y favoritismos<\/strong>\u00ab, de la que est\u00e1n sospechados <a href=\"https:\/\/www.elintransigente.com\/noticias\/buscar\/?buscar=L%C3%A1zaro+B%C3%A1ez\">L\u00e1zaro B\u00e1ez<\/a>, la ex presidenta argentina Cristina Fern\u00e1ndez de Kirchner y funcionarios de su gesti\u00f3n.\u00a0<\/p>\n<p>En ese sentido, ayer por la tarde se llevaron a cabo<strong> tres pesquisas simult\u00e1neas<\/strong>: en la casa de <strong>Gobierno de Santa Cruz<\/strong>, en el <strong>ministerio de Econom\u00eda y en el Tribunal de Cuentas en R\u00edo Gallegos<\/strong>.\u00a0<\/p>\n<p>El principal objetivo de los allanamientos era\u00a0el de buscar documentaci\u00f3n que de cuenta de los 52 contratos viales que recibi\u00f3 el Grupo Austral por <strong>46.000 millones de pesos<\/strong> y que complicar\u00eda la <a href=\"https:\/\/www.elintransigente.com\/politica\/2018\/2\/9\/fiscal-volvio-pedir-la-intervencion-sobre-la-empresa-hotesur-478287.html\">situaci\u00f3n procesal <\/a>de los involucrados en el caso.<\/p>\n<p>Asimismo, la medida dispuesta por Ercoloni forma parte de la ampliaci\u00f3n del expediente de la causa en el que se investiga las responsabilidades de los ex funcionarios, se\u00f1alados de favorecer al supuesto socio comercial de la ex jefa de Estado.\u00a0<\/p>\n<p>En la causa, que <strong>podr\u00eda ser elevada a juicio oral pr\u00f3ximamente<\/strong>, tambi\u00e9n son investigados por el fiscal Gerardo Pollicita, los ex gobernadores de la provincia del sur que cumplieron sus mandatos durante los supuestos negocios con B\u00e1ez y a los ex jefes de Gabinete que rend\u00edan cuentas a Cristina Fern\u00e1ndez.\u00a0<\/p>\n<p>De a cuerdo a la investigaci\u00f3n, el empresario detenido habr\u00eda sido beneficiado por la obra p\u00fablica, lo que le habr\u00eda permitido incrementar el patrimonio de su firma en un 45.313 por ciento, durante la gesti\u00f3n kirchnerista.<\/p>\n<p>En paralelo a la investigaci\u00f3n que estudia la r<strong>esponsabilidad de la administraci\u00f3n santacruce\u00f1a<\/strong>, por la que se realizaron los allanamientos simult\u00e1neos, la Justicia tambi\u00e9n eval\u00faa el rol que tuvieron los <strong>ex jefes de Gabinete desde 2005 a 2015<\/strong>.\u00a0<\/p>\n<p>En ese sentido, estudian si facilitaron \u201cel flujo de fondos destinado a la obra p\u00fablica para Santa Cruz que termin\u00f3 en manos de B\u00e1ez\u00bb y por la que se denunci\u00f3 sobreprecios e incumplimiento de los acuerdos.\u00a0<br \/>\n\u00a0<\/p>\n<\/div>\n<\/div>\n<p>Fuente: https:\/\/www.elintransigente.com\/politica\/2018\/2\/16\/libraron-tres-ordenes-de-allanamiento-en-rio-gallegos-478952.html<\/p>\n","protected":false},"excerpt":{"rendered":"<p>Tres \u00f3rdenes de allanamiento en la casa de Gobierno de Santa Cruz fueron libradas ayer por el juez Juli\u00e1n Ercolini, en el marco de la investigaci\u00f3n por \u201cfalta de control y favoritismos\u00ab, de la que est\u00e1n sospechados L\u00e1zaro B\u00e1ez, la ex presidenta argentina Cristina Fern\u00e1ndez de Kirchner y funcionarios de su gesti\u00f3n.\u00a0 En ese sentido, [&hellip;]<\/p>\n","protected":false},"author":1,"featured_media":5438,"comment_status":"open","ping_status":"closed","sticky":false,"template":"","format":"standard","meta":{"footnotes":""},"categories":[1],"tags":[],"class_list":{"0":"post-5437","1":"post","2":"type-post","3":"status-publish","4":"format-standard","5":"has-post-thumbnail","7":"category-portada"},"yoast_head":"<!-- This site is optimized with the Yoast SEO plugin v27.5 - https:\/\/yoast.com\/product\/yoast-seo-wordpress\/ -->\n<title>Libraron tres \u00f3rdenes de allanamiento en R\u00edo Gallegos - El Diario de Tucuman<\/title>\n<meta name=\"robots\" content=\"index, follow, max-snippet:-1, max-image-preview:large, max-video-preview:-1\" \/>\n<link rel=\"canonical\" href=\"https:\/\/www.eldiariodetucuman.com\/web\/libraron-tres-ordenes-de-allanamiento-en-rio-gallegos\/\" \/>\n<meta property=\"og:locale\" content=\"es_ES\" \/>\n<meta property=\"og:type\" content=\"article\" \/>\n<meta property=\"og:title\" content=\"Libraron tres \u00f3rdenes de allanamiento en R\u00edo Gallegos - El Diario de Tucuman\" \/>\n<meta property=\"og:description\" content=\"Tres \u00f3rdenes de allanamiento en la casa de Gobierno de Santa Cruz fueron libradas ayer por el juez Juli\u00e1n Ercolini, en el marco de la investigaci\u00f3n por \u201cfalta de control y favoritismos\u00ab, de la que est\u00e1n sospechados L\u00e1zaro B\u00e1ez, la ex presidenta argentina Cristina Fern\u00e1ndez de Kirchner y funcionarios de su gesti\u00f3n.\u00a0 En ese sentido, [&hellip;]\" \/>\n<meta property=\"og:url\" content=\"https:\/\/www.eldiariodetucuman.com\/web\/libraron-tres-ordenes-de-allanamiento-en-rio-gallegos\/\" \/>\n<meta property=\"og:site_name\" content=\"El Diario de Tucuman\" \/>\n<meta property=\"article:published_time\" content=\"2018-02-16T15:37:04+00:00\" \/>\n<meta property=\"article:modified_time\" content=\"2018-02-16T15:37:07+00:00\" \/>\n<meta property=\"og:image\" content=\"https:\/\/www.eldiariodetucuman.com\/web\/wp-content\/uploads\/2018\/02\/23bc87fa46825b7731e889719e248e97.jpeg\" \/>\n\t<meta property=\"og:image:width\" content=\"960\" \/>\n\t<meta property=\"og:image:height\" content=\"719\" \/>\n\t<meta property=\"og:image:type\" content=\"image\/jpeg\" \/>\n<meta name=\"author\" content=\"admin\" \/>\n<meta name=\"twitter:card\" content=\"summary_large_image\" \/>\n<meta name=\"twitter:label1\" content=\"Escrito por\" \/>\n\t<meta name=\"twitter:data1\" content=\"admin\" \/>\n\t<meta name=\"twitter:label2\" content=\"Tiempo de lectura\" \/>\n\t<meta name=\"twitter:data2\" content=\"2 minutos\" \/>\n<script type=\"application\/ld+json\" class=\"yoast-schema-graph\">{\"@context\":\"https:\\\/\\\/schema.org\",\"@graph\":[{\"@type\":\"Article\",\"@id\":\"https:\\\/\\\/www.eldiariodetucuman.com\\\/web\\\/libraron-tres-ordenes-de-allanamiento-en-rio-gallegos\\\/#article\",\"isPartOf\":{\"@id\":\"https:\\\/\\\/www.eldiariodetucuman.com\\\/web\\\/libraron-tres-ordenes-de-allanamiento-en-rio-gallegos\\\/\"},\"author\":{\"name\":\"admin\",\"@id\":\"https:\\\/\\\/www.eldiariodetucuman.com\\\/web\\\/#\\\/schema\\\/person\\\/9250197d75ab5483412e19678b121caa\"},\"headline\":\"Libraron tres \u00f3rdenes de allanamiento en R\u00edo Gallegos\",\"datePublished\":\"2018-02-16T15:37:04+00:00\",\"dateModified\":\"2018-02-16T15:37:07+00:00\",\"mainEntityOfPage\":{\"@id\":\"https:\\\/\\\/www.eldiariodetucuman.com\\\/web\\\/libraron-tres-ordenes-de-allanamiento-en-rio-gallegos\\\/\"},\"wordCount\":375,\"commentCount\":0,\"publisher\":{\"@id\":\"https:\\\/\\\/www.eldiariodetucuman.com\\\/web\\\/#organization\"},\"image\":{\"@id\":\"https:\\\/\\\/www.eldiariodetucuman.com\\\/web\\\/libraron-tres-ordenes-de-allanamiento-en-rio-gallegos\\\/#primaryimage\"},\"thumbnailUrl\":\"https:\\\/\\\/www.eldiariodetucuman.com\\\/web\\\/wp-content\\\/uploads\\\/2018\\\/02\\\/23bc87fa46825b7731e889719e248e97.jpeg\",\"articleSection\":[\"Portada\"],\"inLanguage\":\"es\",\"potentialAction\":[{\"@type\":\"CommentAction\",\"name\":\"Comment\",\"target\":[\"https:\\\/\\\/www.eldiariodetucuman.com\\\/web\\\/libraron-tres-ordenes-de-allanamiento-en-rio-gallegos\\\/#respond\"]}]},{\"@type\":\"WebPage\",\"@id\":\"https:\\\/\\\/www.eldiariodetucuman.com\\\/web\\\/libraron-tres-ordenes-de-allanamiento-en-rio-gallegos\\\/\",\"url\":\"https:\\\/\\\/www.eldiariodetucuman.com\\\/web\\\/libraron-tres-ordenes-de-allanamiento-en-rio-gallegos\\\/\",\"name\":\"Libraron tres \u00f3rdenes de allanamiento en R\u00edo Gallegos - El Diario de Tucuman\",\"isPartOf\":{\"@id\":\"https:\\\/\\\/www.eldiariodetucuman.com\\\/web\\\/#website\"},\"primaryImageOfPage\":{\"@id\":\"https:\\\/\\\/www.eldiariodetucuman.com\\\/web\\\/libraron-tres-ordenes-de-allanamiento-en-rio-gallegos\\\/#primaryimage\"},\"image\":{\"@id\":\"https:\\\/\\\/www.eldiariodetucuman.com\\\/web\\\/libraron-tres-ordenes-de-allanamiento-en-rio-gallegos\\\/#primaryimage\"},\"thumbnailUrl\":\"https:\\\/\\\/www.eldiariodetucuman.com\\\/web\\\/wp-content\\\/uploads\\\/2018\\\/02\\\/23bc87fa46825b7731e889719e248e97.jpeg\",\"datePublished\":\"2018-02-16T15:37:04+00:00\",\"dateModified\":\"2018-02-16T15:37:07+00:00\",\"breadcrumb\":{\"@id\":\"https:\\\/\\\/www.eldiariodetucuman.com\\\/web\\\/libraron-tres-ordenes-de-allanamiento-en-rio-gallegos\\\/#breadcrumb\"},\"inLanguage\":\"es\",\"potentialAction\":[{\"@type\":\"ReadAction\",\"target\":[\"https:\\\/\\\/www.eldiariodetucuman.com\\\/web\\\/libraron-tres-ordenes-de-allanamiento-en-rio-gallegos\\\/\"]}]},{\"@type\":\"ImageObject\",\"inLanguage\":\"es\",\"@id\":\"https:\\\/\\\/www.eldiariodetucuman.com\\\/web\\\/libraron-tres-ordenes-de-allanamiento-en-rio-gallegos\\\/#primaryimage\",\"url\":\"https:\\\/\\\/www.eldiariodetucuman.com\\\/web\\\/wp-content\\\/uploads\\\/2018\\\/02\\\/23bc87fa46825b7731e889719e248e97.jpeg\",\"contentUrl\":\"https:\\\/\\\/www.eldiariodetucuman.com\\\/web\\\/wp-content\\\/uploads\\\/2018\\\/02\\\/23bc87fa46825b7731e889719e248e97.jpeg\",\"width\":960,\"height\":719},{\"@type\":\"BreadcrumbList\",\"@id\":\"https:\\\/\\\/www.eldiariodetucuman.com\\\/web\\\/libraron-tres-ordenes-de-allanamiento-en-rio-gallegos\\\/#breadcrumb\",\"itemListElement\":[{\"@type\":\"ListItem\",\"position\":1,\"name\":\"Portada\",\"item\":\"https:\\\/\\\/www.eldiariodetucuman.com\\\/web\\\/\"},{\"@type\":\"ListItem\",\"position\":2,\"name\":\"Libraron tres \u00f3rdenes de allanamiento en R\u00edo Gallegos\"}]},{\"@type\":\"WebSite\",\"@id\":\"https:\\\/\\\/www.eldiariodetucuman.com\\\/web\\\/#website\",\"url\":\"https:\\\/\\\/www.eldiariodetucuman.com\\\/web\\\/\",\"name\":\"El Diario de Tucuman\",\"description\":\"Diario Tucuman - Informaci\u00f3n y noticias\",\"publisher\":{\"@id\":\"https:\\\/\\\/www.eldiariodetucuman.com\\\/web\\\/#organization\"},\"potentialAction\":[{\"@type\":\"SearchAction\",\"target\":{\"@type\":\"EntryPoint\",\"urlTemplate\":\"https:\\\/\\\/www.eldiariodetucuman.com\\\/web\\\/?s={search_term_string}\"},\"query-input\":{\"@type\":\"PropertyValueSpecification\",\"valueRequired\":true,\"valueName\":\"search_term_string\"}}],\"inLanguage\":\"es\"},{\"@type\":\"Organization\",\"@id\":\"https:\\\/\\\/www.eldiariodetucuman.com\\\/web\\\/#organization\",\"name\":\"El Diario de Tucuman\",\"url\":\"https:\\\/\\\/www.eldiariodetucuman.com\\\/web\\\/\",\"logo\":{\"@type\":\"ImageObject\",\"inLanguage\":\"es\",\"@id\":\"https:\\\/\\\/www.eldiariodetucuman.com\\\/web\\\/#\\\/schema\\\/logo\\\/image\\\/\",\"url\":\"http:\\\/\\\/www.eldiariodetucuman.com\\\/web\\\/wp-content\\\/uploads\\\/2017\\\/12\\\/el-diario-de-tucuman.jpg\",\"contentUrl\":\"http:\\\/\\\/www.eldiariodetucuman.com\\\/web\\\/wp-content\\\/uploads\\\/2017\\\/12\\\/el-diario-de-tucuman.jpg\",\"width\":272,\"height\":92,\"caption\":\"El Diario de Tucuman\"},\"image\":{\"@id\":\"https:\\\/\\\/www.eldiariodetucuman.com\\\/web\\\/#\\\/schema\\\/logo\\\/image\\\/\"}},{\"@type\":\"Person\",\"@id\":\"https:\\\/\\\/www.eldiariodetucuman.com\\\/web\\\/#\\\/schema\\\/person\\\/9250197d75ab5483412e19678b121caa\",\"name\":\"admin\",\"image\":{\"@type\":\"ImageObject\",\"inLanguage\":\"es\",\"@id\":\"https:\\\/\\\/secure.gravatar.com\\\/avatar\\\/c44d117c2be811212c22cb481f6b8384b6873de103fbc49e7a03cc58d7dea4ac?s=96&d=mm&r=g\",\"url\":\"https:\\\/\\\/secure.gravatar.com\\\/avatar\\\/c44d117c2be811212c22cb481f6b8384b6873de103fbc49e7a03cc58d7dea4ac?s=96&d=mm&r=g\",\"contentUrl\":\"https:\\\/\\\/secure.gravatar.com\\\/avatar\\\/c44d117c2be811212c22cb481f6b8384b6873de103fbc49e7a03cc58d7dea4ac?s=96&d=mm&r=g\",\"caption\":\"admin\"},\"url\":\"https:\\\/\\\/www.eldiariodetucuman.com\\\/web\\\/author\\\/admin\\\/\"}]}<\/script>\n<!-- \/ Yoast SEO plugin. -->","yoast_head_json":{"title":"Libraron tres \u00f3rdenes de allanamiento en R\u00edo Gallegos - El Diario de Tucuman","robots":{"index":"index","follow":"follow","max-snippet":"max-snippet:-1","max-image-preview":"max-image-preview:large","max-video-preview":"max-video-preview:-1"},"canonical":"https:\/\/www.eldiariodetucuman.com\/web\/libraron-tres-ordenes-de-allanamiento-en-rio-gallegos\/","og_locale":"es_ES","og_type":"article","og_title":"Libraron tres \u00f3rdenes de allanamiento en R\u00edo Gallegos - El Diario de Tucuman","og_description":"Tres \u00f3rdenes de allanamiento en la casa de Gobierno de Santa Cruz fueron libradas ayer por el juez Juli\u00e1n Ercolini, en el marco de la investigaci\u00f3n por \u201cfalta de control y favoritismos\u00ab, de la que est\u00e1n sospechados L\u00e1zaro B\u00e1ez, la ex presidenta argentina Cristina Fern\u00e1ndez de Kirchner y funcionarios de su gesti\u00f3n.\u00a0 En ese sentido, [&hellip;]","og_url":"https:\/\/www.eldiariodetucuman.com\/web\/libraron-tres-ordenes-de-allanamiento-en-rio-gallegos\/","og_site_name":"El Diario de Tucuman","article_published_time":"2018-02-16T15:37:04+00:00","article_modified_time":"2018-02-16T15:37:07+00:00","og_image":[{"width":960,"height":719,"url":"https:\/\/www.eldiariodetucuman.com\/web\/wp-content\/uploads\/2018\/02\/23bc87fa46825b7731e889719e248e97.jpeg","type":"image\/jpeg"}],"author":"admin","twitter_card":"summary_large_image","twitter_misc":{"Escrito por":"admin","Tiempo de lectura":"2 minutos"},"schema":{"@context":"https:\/\/schema.org","@graph":[{"@type":"Article","@id":"https:\/\/www.eldiariodetucuman.com\/web\/libraron-tres-ordenes-de-allanamiento-en-rio-gallegos\/#article","isPartOf":{"@id":"https:\/\/www.eldiariodetucuman.com\/web\/libraron-tres-ordenes-de-allanamiento-en-rio-gallegos\/"},"author":{"name":"admin","@id":"https:\/\/www.eldiariodetucuman.com\/web\/#\/schema\/person\/9250197d75ab5483412e19678b121caa"},"headline":"Libraron tres \u00f3rdenes de allanamiento en R\u00edo Gallegos","datePublished":"2018-02-16T15:37:04+00:00","dateModified":"2018-02-16T15:37:07+00:00","mainEntityOfPage":{"@id":"https:\/\/www.eldiariodetucuman.com\/web\/libraron-tres-ordenes-de-allanamiento-en-rio-gallegos\/"},"wordCount":375,"commentCount":0,"publisher":{"@id":"https:\/\/www.eldiariodetucuman.com\/web\/#organization"},"image":{"@id":"https:\/\/www.eldiariodetucuman.com\/web\/libraron-tres-ordenes-de-allanamiento-en-rio-gallegos\/#primaryimage"},"thumbnailUrl":"https:\/\/www.eldiariodetucuman.com\/web\/wp-content\/uploads\/2018\/02\/23bc87fa46825b7731e889719e248e97.jpeg","articleSection":["Portada"],"inLanguage":"es","potentialAction":[{"@type":"CommentAction","name":"Comment","target":["https:\/\/www.eldiariodetucuman.com\/web\/libraron-tres-ordenes-de-allanamiento-en-rio-gallegos\/#respond"]}]},{"@type":"WebPage","@id":"https:\/\/www.eldiariodetucuman.com\/web\/libraron-tres-ordenes-de-allanamiento-en-rio-gallegos\/","url":"https:\/\/www.eldiariodetucuman.com\/web\/libraron-tres-ordenes-de-allanamiento-en-rio-gallegos\/","name":"Libraron tres \u00f3rdenes de allanamiento en R\u00edo Gallegos - El Diario de Tucuman","isPartOf":{"@id":"https:\/\/www.eldiariodetucuman.com\/web\/#website"},"primaryImageOfPage":{"@id":"https:\/\/www.eldiariodetucuman.com\/web\/libraron-tres-ordenes-de-allanamiento-en-rio-gallegos\/#primaryimage"},"image":{"@id":"https:\/\/www.eldiariodetucuman.com\/web\/libraron-tres-ordenes-de-allanamiento-en-rio-gallegos\/#primaryimage"},"thumbnailUrl":"https:\/\/www.eldiariodetucuman.com\/web\/wp-content\/uploads\/2018\/02\/23bc87fa46825b7731e889719e248e97.jpeg","datePublished":"2018-02-16T15:37:04+00:00","dateModified":"2018-02-16T15:37:07+00:00","breadcrumb":{"@id":"https:\/\/www.eldiariodetucuman.com\/web\/libraron-tres-ordenes-de-allanamiento-en-rio-gallegos\/#breadcrumb"},"inLanguage":"es","potentialAction":[{"@type":"ReadAction","target":["https:\/\/www.eldiariodetucuman.com\/web\/libraron-tres-ordenes-de-allanamiento-en-rio-gallegos\/"]}]},{"@type":"ImageObject","inLanguage":"es","@id":"https:\/\/www.eldiariodetucuman.com\/web\/libraron-tres-ordenes-de-allanamiento-en-rio-gallegos\/#primaryimage","url":"https:\/\/www.eldiariodetucuman.com\/web\/wp-content\/uploads\/2018\/02\/23bc87fa46825b7731e889719e248e97.jpeg","contentUrl":"https:\/\/www.eldiariodetucuman.com\/web\/wp-content\/uploads\/2018\/02\/23bc87fa46825b7731e889719e248e97.jpeg","width":960,"height":719},{"@type":"BreadcrumbList","@id":"https:\/\/www.eldiariodetucuman.com\/web\/libraron-tres-ordenes-de-allanamiento-en-rio-gallegos\/#breadcrumb","itemListElement":[{"@type":"ListItem","position":1,"name":"Portada","item":"https:\/\/www.eldiariodetucuman.com\/web\/"},{"@type":"ListItem","position":2,"name":"Libraron tres \u00f3rdenes de allanamiento en R\u00edo Gallegos"}]},{"@type":"WebSite","@id":"https:\/\/www.eldiariodetucuman.com\/web\/#website","url":"https:\/\/www.eldiariodetucuman.com\/web\/","name":"El Diario de Tucuman","description":"Diario Tucuman - Informaci\u00f3n y noticias","publisher":{"@id":"https:\/\/www.eldiariodetucuman.com\/web\/#organization"},"potentialAction":[{"@type":"SearchAction","target":{"@type":"EntryPoint","urlTemplate":"https:\/\/www.eldiariodetucuman.com\/web\/?s={search_term_string}"},"query-input":{"@type":"PropertyValueSpecification","valueRequired":true,"valueName":"search_term_string"}}],"inLanguage":"es"},{"@type":"Organization","@id":"https:\/\/www.eldiariodetucuman.com\/web\/#organization","name":"El Diario de Tucuman","url":"https:\/\/www.eldiariodetucuman.com\/web\/","logo":{"@type":"ImageObject","inLanguage":"es","@id":"https:\/\/www.eldiariodetucuman.com\/web\/#\/schema\/logo\/image\/","url":"http:\/\/www.eldiariodetucuman.com\/web\/wp-content\/uploads\/2017\/12\/el-diario-de-tucuman.jpg","contentUrl":"http:\/\/www.eldiariodetucuman.com\/web\/wp-content\/uploads\/2017\/12\/el-diario-de-tucuman.jpg","width":272,"height":92,"caption":"El Diario de Tucuman"},"image":{"@id":"https:\/\/www.eldiariodetucuman.com\/web\/#\/schema\/logo\/image\/"}},{"@type":"Person","@id":"https:\/\/www.eldiariodetucuman.com\/web\/#\/schema\/person\/9250197d75ab5483412e19678b121caa","name":"admin","image":{"@type":"ImageObject","inLanguage":"es","@id":"https:\/\/secure.gravatar.com\/avatar\/c44d117c2be811212c22cb481f6b8384b6873de103fbc49e7a03cc58d7dea4ac?s=96&d=mm&r=g","url":"https:\/\/secure.gravatar.com\/avatar\/c44d117c2be811212c22cb481f6b8384b6873de103fbc49e7a03cc58d7dea4ac?s=96&d=mm&r=g","contentUrl":"https:\/\/secure.gravatar.com\/avatar\/c44d117c2be811212c22cb481f6b8384b6873de103fbc49e7a03cc58d7dea4ac?s=96&d=mm&r=g","caption":"admin"},"url":"https:\/\/www.eldiariodetucuman.com\/web\/author\/admin\/"}]}},"_links":{"self":[{"href":"https:\/\/www.eldiariodetucuman.com\/web\/wp-json\/wp\/v2\/posts\/5437","targetHints":{"allow":["GET"]}}],"collection":[{"href":"https:\/\/www.eldiariodetucuman.com\/web\/wp-json\/wp\/v2\/posts"}],"about":[{"href":"https:\/\/www.eldiariodetucuman.com\/web\/wp-json\/wp\/v2\/types\/post"}],"author":[{"embeddable":true,"href":"https:\/\/www.eldiariodetucuman.com\/web\/wp-json\/wp\/v2\/users\/1"}],"replies":[{"embeddable":true,"href":"https:\/\/www.eldiariodetucuman.com\/web\/wp-json\/wp\/v2\/comments?post=5437"}],"version-history":[{"count":1,"href":"https:\/\/www.eldiariodetucuman.com\/web\/wp-json\/wp\/v2\/posts\/5437\/revisions"}],"predecessor-version":[{"id":5439,"href":"https:\/\/www.eldiariodetucuman.com\/web\/wp-json\/wp\/v2\/posts\/5437\/revisions\/5439"}],"wp:featuredmedia":[{"embeddable":true,"href":"https:\/\/www.eldiariodetucuman.com\/web\/wp-json\/wp\/v2\/media\/5438"}],"wp:attachment":[{"href":"https:\/\/www.eldiariodetucuman.com\/web\/wp-json\/wp\/v2\/media?parent=5437"}],"wp:term":[{"taxonomy":"category","embeddable":true,"href":"https:\/\/www.eldiariodetucuman.com\/web\/wp-json\/wp\/v2\/categories?post=5437"},{"taxonomy":"post_tag","embeddable":true,"href":"https:\/\/www.eldiariodetucuman.com\/web\/wp-json\/wp\/v2\/tags?post=5437"}],"curies":[{"name":"wp","href":"https:\/\/api.w.org\/{rel}","templated":true}]}}