{"id":5434,"date":"2018-02-16T12:36:56","date_gmt":"2018-02-16T15:36:56","guid":{"rendered":"http:\/\/www.eldiariodetucuman.com\/web\/algunos-sindicalistas-no-van-a-la-marcha-porque-el-gobierno-los-aprieta\/"},"modified":"2018-02-16T12:36:58","modified_gmt":"2018-02-16T15:36:58","slug":"algunos-sindicalistas-no-van-a-la-marcha-porque-el-gobierno-los-aprieta","status":"publish","type":"post","link":"https:\/\/www.eldiariodetucuman.com\/web\/algunos-sindicalistas-no-van-a-la-marcha-porque-el-gobierno-los-aprieta\/","title":{"rendered":"\u00abAlgunos sindicalistas no van a la marcha porque el Gobierno los aprieta\u00bb"},"content":{"rendered":"<div>\n<div readability=\"60.364583333333\">\n<p>A menos de una semana de llevarse a cabo la movilizaci\u00f3n del 21 de febrero y luego de que se fueran suscitando una cantidad notable de \u201cbajas\u201d en estas \u00faltimas semanas, <a href=\"https:\/\/www.elintransigente.com\/politica\/2018\/2\/14\/pablo-moyano-la-marcha-del-21-de-febrero-sera-multitudinaria-478656.html\">Pablo Moyano<\/a>, secretario del Sindicato de Camioneros, sostuvo que <strong>aquellos gremialistas que no participar\u00e1n \u201cson los que siempre han estado del lado de los Gobiernos de turno\u201d<\/strong>.<\/p>\n<p>En recientes declaraciones brindadas a\u00a0FM La Patriada, el hijo de <a href=\"https:\/\/www.elintransigente.com\/politica\/2018\/2\/16\/reunion-del-moyanismo-antes-de-la-marcha-del-21-478946.html\">Hugo Moyano<\/a> tambi\u00e9n destac\u00f3 que desde el Gobierno hay cierta intimidaci\u00f3n hacia los sindicatos para que desistan de sumarse a un reclamo que no hace m\u00e1s que bregar por los trabajadores. \u201cAlgunos sindicalistas no van a la marcha porque el gobierno los aprieta con dos tapas de diario, son cagones\u201d, precis\u00f3.<\/p>\n<p>En tanto, para Moyano hay <strong>varios motivos que los impulsa a salir a las calles,<\/strong> siendo el 15% a las paritarias sin c\u00e1usala gatillo -como ha negociado el oficialismo con otros gremios- uno de los principales. En ese sentido, el hijo de Hugo se\u00f1al\u00f3: \u00abNo vamos a aceptar el acuerdo en torno al 15%, ese es uno de los motivos de la marcha del 21 al igual que el techo, las paritarias, el aumento a los jubilados, no a la rebaja del convenio de camioneros\u00bb.<\/p>\n<aside class=\"htmlinline \"><ins class=\"adsbygoogle\" data-ad-format=\"fluid\" data-ad-layout=\"in-article\" data-ad-client=\"ca-pub-7781556717282971\" data-ad-slot=\"9383133609\"><\/ins><br \/>\n<\/aside>\n<p>Asimismo, el sindicalista expres\u00f3 que a pesar de que hubieron \u201cbajas\u201d, \u00abla marcha del 21 de febrero ser\u00e1 multitudinaria\u00bb porque van a participar varios sectores que buscan que el Gobierno \u201cescuche a los trabajadores que la est\u00e1n pasando mal\u201d. Y sobre eso, a\u00f1adi\u00f3: \u00abQueremos una CGT que est\u00e9 en la calle con los trabajadores y no negociando con el gobierno.\u201d\u00a0<\/p>\n<p>Tambi\u00e9n, Moyano dej\u00f3 un claro mensaje al Gobierno: \u00abQue deje de lado la soberbia y escuche que los trabajadores\u201d porque, seg\u00fan sostuvo, con sus pol\u00edticas lo \u00fanico que han hecho es haber \u201cbeneficiado solo a un sector, como los bancos, el campo, las mineras\u201d. Y continu\u00f3 explicando: \u201cEllos se beneficiaron con la rebaja o eliminaci\u00f3n del impuesto, mientras a los trabajadores le dan inflaci\u00f3n, impuesto a las ganancias, el 15 % de las paritarias\u201d<\/p>\n<p>Por eso este 21 de febrero, como bien lo\u00a0dej\u00f3 entrever Moyano, \u201cse va a escuchar una gran parte del disconformismo que hay con este modelo econ\u00f3mico\u201d, concluy\u00f3. \u00a0<br \/>\n\u00a0<\/p>\n<\/div>\n<\/div>\n<p>Fuente: https:\/\/www.elintransigente.com\/politica\/2018\/2\/16\/algunos-sindicalistas-no-van-la-marcha-porque-el-gobierno-los-aprieta-478955.html<\/p>\n","protected":false},"excerpt":{"rendered":"<p>A menos de una semana de llevarse a cabo la movilizaci\u00f3n del 21 de febrero y luego de que se fueran suscitando una cantidad notable de \u201cbajas\u201d en estas \u00faltimas semanas, Pablo Moyano, secretario del Sindicato de Camioneros, sostuvo que aquellos gremialistas que no participar\u00e1n \u201cson los que siempre han estado del lado de los [&hellip;]<\/p>\n","protected":false},"author":1,"featured_media":5435,"comment_status":"open","ping_status":"closed","sticky":false,"template":"","format":"standard","meta":{"footnotes":""},"categories":[1],"tags":[],"class_list":{"0":"post-5434","1":"post","2":"type-post","3":"status-publish","4":"format-standard","5":"has-post-thumbnail","7":"category-portada"},"yoast_head":"<!-- This site is optimized with the Yoast SEO plugin v27.5 - https:\/\/yoast.com\/product\/yoast-seo-wordpress\/ -->\n<title>&quot;Algunos sindicalistas no van a la marcha porque el Gobierno los aprieta&quot; - El Diario de Tucuman<\/title>\n<meta name=\"robots\" content=\"index, follow, max-snippet:-1, max-image-preview:large, max-video-preview:-1\" \/>\n<link rel=\"canonical\" href=\"https:\/\/www.eldiariodetucuman.com\/web\/algunos-sindicalistas-no-van-a-la-marcha-porque-el-gobierno-los-aprieta\/\" \/>\n<meta property=\"og:locale\" content=\"es_ES\" \/>\n<meta property=\"og:type\" content=\"article\" \/>\n<meta property=\"og:title\" content=\"&quot;Algunos sindicalistas no van a la marcha porque el Gobierno los aprieta&quot; - El Diario de Tucuman\" \/>\n<meta property=\"og:description\" content=\"A menos de una semana de llevarse a cabo la movilizaci\u00f3n del 21 de febrero y luego de que se fueran suscitando una cantidad notable de \u201cbajas\u201d en estas \u00faltimas semanas, Pablo Moyano, secretario del Sindicato de Camioneros, sostuvo que aquellos gremialistas que no participar\u00e1n \u201cson los que siempre han estado del lado de los [&hellip;]\" \/>\n<meta property=\"og:url\" content=\"https:\/\/www.eldiariodetucuman.com\/web\/algunos-sindicalistas-no-van-a-la-marcha-porque-el-gobierno-los-aprieta\/\" \/>\n<meta property=\"og:site_name\" content=\"El Diario de Tucuman\" \/>\n<meta property=\"article:published_time\" content=\"2018-02-16T15:36:56+00:00\" \/>\n<meta property=\"article:modified_time\" content=\"2018-02-16T15:36:58+00:00\" \/>\n<meta property=\"og:image\" content=\"https:\/\/www.eldiariodetucuman.com\/web\/wp-content\/uploads\/2018\/02\/6edba512fbd06f78edf3c6844afed9a9.jpeg\" \/>\n\t<meta property=\"og:image:width\" content=\"960\" \/>\n\t<meta property=\"og:image:height\" content=\"540\" \/>\n\t<meta property=\"og:image:type\" content=\"image\/jpeg\" \/>\n<meta name=\"author\" content=\"admin\" \/>\n<meta name=\"twitter:card\" content=\"summary_large_image\" \/>\n<meta name=\"twitter:label1\" content=\"Escrito por\" \/>\n\t<meta name=\"twitter:data1\" content=\"admin\" \/>\n\t<meta name=\"twitter:label2\" content=\"Tiempo de lectura\" \/>\n\t<meta name=\"twitter:data2\" content=\"2 minutos\" \/>\n<script type=\"application\/ld+json\" class=\"yoast-schema-graph\">{\"@context\":\"https:\\\/\\\/schema.org\",\"@graph\":[{\"@type\":\"Article\",\"@id\":\"https:\\\/\\\/www.eldiariodetucuman.com\\\/web\\\/algunos-sindicalistas-no-van-a-la-marcha-porque-el-gobierno-los-aprieta\\\/#article\",\"isPartOf\":{\"@id\":\"https:\\\/\\\/www.eldiariodetucuman.com\\\/web\\\/algunos-sindicalistas-no-van-a-la-marcha-porque-el-gobierno-los-aprieta\\\/\"},\"author\":{\"name\":\"admin\",\"@id\":\"https:\\\/\\\/www.eldiariodetucuman.com\\\/web\\\/#\\\/schema\\\/person\\\/9250197d75ab5483412e19678b121caa\"},\"headline\":\"\u00abAlgunos sindicalistas no van a la marcha porque el Gobierno los aprieta\u00bb\",\"datePublished\":\"2018-02-16T15:36:56+00:00\",\"dateModified\":\"2018-02-16T15:36:58+00:00\",\"mainEntityOfPage\":{\"@id\":\"https:\\\/\\\/www.eldiariodetucuman.com\\\/web\\\/algunos-sindicalistas-no-van-a-la-marcha-porque-el-gobierno-los-aprieta\\\/\"},\"wordCount\":394,\"commentCount\":0,\"publisher\":{\"@id\":\"https:\\\/\\\/www.eldiariodetucuman.com\\\/web\\\/#organization\"},\"image\":{\"@id\":\"https:\\\/\\\/www.eldiariodetucuman.com\\\/web\\\/algunos-sindicalistas-no-van-a-la-marcha-porque-el-gobierno-los-aprieta\\\/#primaryimage\"},\"thumbnailUrl\":\"https:\\\/\\\/www.eldiariodetucuman.com\\\/web\\\/wp-content\\\/uploads\\\/2018\\\/02\\\/6edba512fbd06f78edf3c6844afed9a9.jpeg\",\"articleSection\":[\"Portada\"],\"inLanguage\":\"es\",\"potentialAction\":[{\"@type\":\"CommentAction\",\"name\":\"Comment\",\"target\":[\"https:\\\/\\\/www.eldiariodetucuman.com\\\/web\\\/algunos-sindicalistas-no-van-a-la-marcha-porque-el-gobierno-los-aprieta\\\/#respond\"]}]},{\"@type\":\"WebPage\",\"@id\":\"https:\\\/\\\/www.eldiariodetucuman.com\\\/web\\\/algunos-sindicalistas-no-van-a-la-marcha-porque-el-gobierno-los-aprieta\\\/\",\"url\":\"https:\\\/\\\/www.eldiariodetucuman.com\\\/web\\\/algunos-sindicalistas-no-van-a-la-marcha-porque-el-gobierno-los-aprieta\\\/\",\"name\":\"\\\"Algunos sindicalistas no van a la marcha porque el Gobierno los aprieta\\\" - El Diario de Tucuman\",\"isPartOf\":{\"@id\":\"https:\\\/\\\/www.eldiariodetucuman.com\\\/web\\\/#website\"},\"primaryImageOfPage\":{\"@id\":\"https:\\\/\\\/www.eldiariodetucuman.com\\\/web\\\/algunos-sindicalistas-no-van-a-la-marcha-porque-el-gobierno-los-aprieta\\\/#primaryimage\"},\"image\":{\"@id\":\"https:\\\/\\\/www.eldiariodetucuman.com\\\/web\\\/algunos-sindicalistas-no-van-a-la-marcha-porque-el-gobierno-los-aprieta\\\/#primaryimage\"},\"thumbnailUrl\":\"https:\\\/\\\/www.eldiariodetucuman.com\\\/web\\\/wp-content\\\/uploads\\\/2018\\\/02\\\/6edba512fbd06f78edf3c6844afed9a9.jpeg\",\"datePublished\":\"2018-02-16T15:36:56+00:00\",\"dateModified\":\"2018-02-16T15:36:58+00:00\",\"breadcrumb\":{\"@id\":\"https:\\\/\\\/www.eldiariodetucuman.com\\\/web\\\/algunos-sindicalistas-no-van-a-la-marcha-porque-el-gobierno-los-aprieta\\\/#breadcrumb\"},\"inLanguage\":\"es\",\"potentialAction\":[{\"@type\":\"ReadAction\",\"target\":[\"https:\\\/\\\/www.eldiariodetucuman.com\\\/web\\\/algunos-sindicalistas-no-van-a-la-marcha-porque-el-gobierno-los-aprieta\\\/\"]}]},{\"@type\":\"ImageObject\",\"inLanguage\":\"es\",\"@id\":\"https:\\\/\\\/www.eldiariodetucuman.com\\\/web\\\/algunos-sindicalistas-no-van-a-la-marcha-porque-el-gobierno-los-aprieta\\\/#primaryimage\",\"url\":\"https:\\\/\\\/www.eldiariodetucuman.com\\\/web\\\/wp-content\\\/uploads\\\/2018\\\/02\\\/6edba512fbd06f78edf3c6844afed9a9.jpeg\",\"contentUrl\":\"https:\\\/\\\/www.eldiariodetucuman.com\\\/web\\\/wp-content\\\/uploads\\\/2018\\\/02\\\/6edba512fbd06f78edf3c6844afed9a9.jpeg\",\"width\":960,\"height\":540},{\"@type\":\"BreadcrumbList\",\"@id\":\"https:\\\/\\\/www.eldiariodetucuman.com\\\/web\\\/algunos-sindicalistas-no-van-a-la-marcha-porque-el-gobierno-los-aprieta\\\/#breadcrumb\",\"itemListElement\":[{\"@type\":\"ListItem\",\"position\":1,\"name\":\"Portada\",\"item\":\"https:\\\/\\\/www.eldiariodetucuman.com\\\/web\\\/\"},{\"@type\":\"ListItem\",\"position\":2,\"name\":\"\u00abAlgunos sindicalistas no van a la marcha porque el Gobierno los aprieta\u00bb\"}]},{\"@type\":\"WebSite\",\"@id\":\"https:\\\/\\\/www.eldiariodetucuman.com\\\/web\\\/#website\",\"url\":\"https:\\\/\\\/www.eldiariodetucuman.com\\\/web\\\/\",\"name\":\"El Diario de Tucuman\",\"description\":\"Diario Tucuman - Informaci\u00f3n y noticias\",\"publisher\":{\"@id\":\"https:\\\/\\\/www.eldiariodetucuman.com\\\/web\\\/#organization\"},\"potentialAction\":[{\"@type\":\"SearchAction\",\"target\":{\"@type\":\"EntryPoint\",\"urlTemplate\":\"https:\\\/\\\/www.eldiariodetucuman.com\\\/web\\\/?s={search_term_string}\"},\"query-input\":{\"@type\":\"PropertyValueSpecification\",\"valueRequired\":true,\"valueName\":\"search_term_string\"}}],\"inLanguage\":\"es\"},{\"@type\":\"Organization\",\"@id\":\"https:\\\/\\\/www.eldiariodetucuman.com\\\/web\\\/#organization\",\"name\":\"El Diario de Tucuman\",\"url\":\"https:\\\/\\\/www.eldiariodetucuman.com\\\/web\\\/\",\"logo\":{\"@type\":\"ImageObject\",\"inLanguage\":\"es\",\"@id\":\"https:\\\/\\\/www.eldiariodetucuman.com\\\/web\\\/#\\\/schema\\\/logo\\\/image\\\/\",\"url\":\"http:\\\/\\\/www.eldiariodetucuman.com\\\/web\\\/wp-content\\\/uploads\\\/2017\\\/12\\\/el-diario-de-tucuman.jpg\",\"contentUrl\":\"http:\\\/\\\/www.eldiariodetucuman.com\\\/web\\\/wp-content\\\/uploads\\\/2017\\\/12\\\/el-diario-de-tucuman.jpg\",\"width\":272,\"height\":92,\"caption\":\"El Diario de Tucuman\"},\"image\":{\"@id\":\"https:\\\/\\\/www.eldiariodetucuman.com\\\/web\\\/#\\\/schema\\\/logo\\\/image\\\/\"}},{\"@type\":\"Person\",\"@id\":\"https:\\\/\\\/www.eldiariodetucuman.com\\\/web\\\/#\\\/schema\\\/person\\\/9250197d75ab5483412e19678b121caa\",\"name\":\"admin\",\"image\":{\"@type\":\"ImageObject\",\"inLanguage\":\"es\",\"@id\":\"https:\\\/\\\/secure.gravatar.com\\\/avatar\\\/c44d117c2be811212c22cb481f6b8384b6873de103fbc49e7a03cc58d7dea4ac?s=96&d=mm&r=g\",\"url\":\"https:\\\/\\\/secure.gravatar.com\\\/avatar\\\/c44d117c2be811212c22cb481f6b8384b6873de103fbc49e7a03cc58d7dea4ac?s=96&d=mm&r=g\",\"contentUrl\":\"https:\\\/\\\/secure.gravatar.com\\\/avatar\\\/c44d117c2be811212c22cb481f6b8384b6873de103fbc49e7a03cc58d7dea4ac?s=96&d=mm&r=g\",\"caption\":\"admin\"},\"url\":\"https:\\\/\\\/www.eldiariodetucuman.com\\\/web\\\/author\\\/admin\\\/\"}]}<\/script>\n<!-- \/ Yoast SEO plugin. -->","yoast_head_json":{"title":"\"Algunos sindicalistas no van a la marcha porque el Gobierno los aprieta\" - El Diario de Tucuman","robots":{"index":"index","follow":"follow","max-snippet":"max-snippet:-1","max-image-preview":"max-image-preview:large","max-video-preview":"max-video-preview:-1"},"canonical":"https:\/\/www.eldiariodetucuman.com\/web\/algunos-sindicalistas-no-van-a-la-marcha-porque-el-gobierno-los-aprieta\/","og_locale":"es_ES","og_type":"article","og_title":"\"Algunos sindicalistas no van a la marcha porque el Gobierno los aprieta\" - El Diario de Tucuman","og_description":"A menos de una semana de llevarse a cabo la movilizaci\u00f3n del 21 de febrero y luego de que se fueran suscitando una cantidad notable de \u201cbajas\u201d en estas \u00faltimas semanas, Pablo Moyano, secretario del Sindicato de Camioneros, sostuvo que aquellos gremialistas que no participar\u00e1n \u201cson los que siempre han estado del lado de los [&hellip;]","og_url":"https:\/\/www.eldiariodetucuman.com\/web\/algunos-sindicalistas-no-van-a-la-marcha-porque-el-gobierno-los-aprieta\/","og_site_name":"El Diario de Tucuman","article_published_time":"2018-02-16T15:36:56+00:00","article_modified_time":"2018-02-16T15:36:58+00:00","og_image":[{"width":960,"height":540,"url":"https:\/\/www.eldiariodetucuman.com\/web\/wp-content\/uploads\/2018\/02\/6edba512fbd06f78edf3c6844afed9a9.jpeg","type":"image\/jpeg"}],"author":"admin","twitter_card":"summary_large_image","twitter_misc":{"Escrito por":"admin","Tiempo de lectura":"2 minutos"},"schema":{"@context":"https:\/\/schema.org","@graph":[{"@type":"Article","@id":"https:\/\/www.eldiariodetucuman.com\/web\/algunos-sindicalistas-no-van-a-la-marcha-porque-el-gobierno-los-aprieta\/#article","isPartOf":{"@id":"https:\/\/www.eldiariodetucuman.com\/web\/algunos-sindicalistas-no-van-a-la-marcha-porque-el-gobierno-los-aprieta\/"},"author":{"name":"admin","@id":"https:\/\/www.eldiariodetucuman.com\/web\/#\/schema\/person\/9250197d75ab5483412e19678b121caa"},"headline":"\u00abAlgunos sindicalistas no van a la marcha porque el Gobierno los aprieta\u00bb","datePublished":"2018-02-16T15:36:56+00:00","dateModified":"2018-02-16T15:36:58+00:00","mainEntityOfPage":{"@id":"https:\/\/www.eldiariodetucuman.com\/web\/algunos-sindicalistas-no-van-a-la-marcha-porque-el-gobierno-los-aprieta\/"},"wordCount":394,"commentCount":0,"publisher":{"@id":"https:\/\/www.eldiariodetucuman.com\/web\/#organization"},"image":{"@id":"https:\/\/www.eldiariodetucuman.com\/web\/algunos-sindicalistas-no-van-a-la-marcha-porque-el-gobierno-los-aprieta\/#primaryimage"},"thumbnailUrl":"https:\/\/www.eldiariodetucuman.com\/web\/wp-content\/uploads\/2018\/02\/6edba512fbd06f78edf3c6844afed9a9.jpeg","articleSection":["Portada"],"inLanguage":"es","potentialAction":[{"@type":"CommentAction","name":"Comment","target":["https:\/\/www.eldiariodetucuman.com\/web\/algunos-sindicalistas-no-van-a-la-marcha-porque-el-gobierno-los-aprieta\/#respond"]}]},{"@type":"WebPage","@id":"https:\/\/www.eldiariodetucuman.com\/web\/algunos-sindicalistas-no-van-a-la-marcha-porque-el-gobierno-los-aprieta\/","url":"https:\/\/www.eldiariodetucuman.com\/web\/algunos-sindicalistas-no-van-a-la-marcha-porque-el-gobierno-los-aprieta\/","name":"\"Algunos sindicalistas no van a la marcha porque el Gobierno los aprieta\" - El Diario de Tucuman","isPartOf":{"@id":"https:\/\/www.eldiariodetucuman.com\/web\/#website"},"primaryImageOfPage":{"@id":"https:\/\/www.eldiariodetucuman.com\/web\/algunos-sindicalistas-no-van-a-la-marcha-porque-el-gobierno-los-aprieta\/#primaryimage"},"image":{"@id":"https:\/\/www.eldiariodetucuman.com\/web\/algunos-sindicalistas-no-van-a-la-marcha-porque-el-gobierno-los-aprieta\/#primaryimage"},"thumbnailUrl":"https:\/\/www.eldiariodetucuman.com\/web\/wp-content\/uploads\/2018\/02\/6edba512fbd06f78edf3c6844afed9a9.jpeg","datePublished":"2018-02-16T15:36:56+00:00","dateModified":"2018-02-16T15:36:58+00:00","breadcrumb":{"@id":"https:\/\/www.eldiariodetucuman.com\/web\/algunos-sindicalistas-no-van-a-la-marcha-porque-el-gobierno-los-aprieta\/#breadcrumb"},"inLanguage":"es","potentialAction":[{"@type":"ReadAction","target":["https:\/\/www.eldiariodetucuman.com\/web\/algunos-sindicalistas-no-van-a-la-marcha-porque-el-gobierno-los-aprieta\/"]}]},{"@type":"ImageObject","inLanguage":"es","@id":"https:\/\/www.eldiariodetucuman.com\/web\/algunos-sindicalistas-no-van-a-la-marcha-porque-el-gobierno-los-aprieta\/#primaryimage","url":"https:\/\/www.eldiariodetucuman.com\/web\/wp-content\/uploads\/2018\/02\/6edba512fbd06f78edf3c6844afed9a9.jpeg","contentUrl":"https:\/\/www.eldiariodetucuman.com\/web\/wp-content\/uploads\/2018\/02\/6edba512fbd06f78edf3c6844afed9a9.jpeg","width":960,"height":540},{"@type":"BreadcrumbList","@id":"https:\/\/www.eldiariodetucuman.com\/web\/algunos-sindicalistas-no-van-a-la-marcha-porque-el-gobierno-los-aprieta\/#breadcrumb","itemListElement":[{"@type":"ListItem","position":1,"name":"Portada","item":"https:\/\/www.eldiariodetucuman.com\/web\/"},{"@type":"ListItem","position":2,"name":"\u00abAlgunos sindicalistas no van a la marcha porque el Gobierno los aprieta\u00bb"}]},{"@type":"WebSite","@id":"https:\/\/www.eldiariodetucuman.com\/web\/#website","url":"https:\/\/www.eldiariodetucuman.com\/web\/","name":"El Diario de Tucuman","description":"Diario Tucuman - Informaci\u00f3n y noticias","publisher":{"@id":"https:\/\/www.eldiariodetucuman.com\/web\/#organization"},"potentialAction":[{"@type":"SearchAction","target":{"@type":"EntryPoint","urlTemplate":"https:\/\/www.eldiariodetucuman.com\/web\/?s={search_term_string}"},"query-input":{"@type":"PropertyValueSpecification","valueRequired":true,"valueName":"search_term_string"}}],"inLanguage":"es"},{"@type":"Organization","@id":"https:\/\/www.eldiariodetucuman.com\/web\/#organization","name":"El Diario de Tucuman","url":"https:\/\/www.eldiariodetucuman.com\/web\/","logo":{"@type":"ImageObject","inLanguage":"es","@id":"https:\/\/www.eldiariodetucuman.com\/web\/#\/schema\/logo\/image\/","url":"http:\/\/www.eldiariodetucuman.com\/web\/wp-content\/uploads\/2017\/12\/el-diario-de-tucuman.jpg","contentUrl":"http:\/\/www.eldiariodetucuman.com\/web\/wp-content\/uploads\/2017\/12\/el-diario-de-tucuman.jpg","width":272,"height":92,"caption":"El Diario de Tucuman"},"image":{"@id":"https:\/\/www.eldiariodetucuman.com\/web\/#\/schema\/logo\/image\/"}},{"@type":"Person","@id":"https:\/\/www.eldiariodetucuman.com\/web\/#\/schema\/person\/9250197d75ab5483412e19678b121caa","name":"admin","image":{"@type":"ImageObject","inLanguage":"es","@id":"https:\/\/secure.gravatar.com\/avatar\/c44d117c2be811212c22cb481f6b8384b6873de103fbc49e7a03cc58d7dea4ac?s=96&d=mm&r=g","url":"https:\/\/secure.gravatar.com\/avatar\/c44d117c2be811212c22cb481f6b8384b6873de103fbc49e7a03cc58d7dea4ac?s=96&d=mm&r=g","contentUrl":"https:\/\/secure.gravatar.com\/avatar\/c44d117c2be811212c22cb481f6b8384b6873de103fbc49e7a03cc58d7dea4ac?s=96&d=mm&r=g","caption":"admin"},"url":"https:\/\/www.eldiariodetucuman.com\/web\/author\/admin\/"}]}},"_links":{"self":[{"href":"https:\/\/www.eldiariodetucuman.com\/web\/wp-json\/wp\/v2\/posts\/5434","targetHints":{"allow":["GET"]}}],"collection":[{"href":"https:\/\/www.eldiariodetucuman.com\/web\/wp-json\/wp\/v2\/posts"}],"about":[{"href":"https:\/\/www.eldiariodetucuman.com\/web\/wp-json\/wp\/v2\/types\/post"}],"author":[{"embeddable":true,"href":"https:\/\/www.eldiariodetucuman.com\/web\/wp-json\/wp\/v2\/users\/1"}],"replies":[{"embeddable":true,"href":"https:\/\/www.eldiariodetucuman.com\/web\/wp-json\/wp\/v2\/comments?post=5434"}],"version-history":[{"count":1,"href":"https:\/\/www.eldiariodetucuman.com\/web\/wp-json\/wp\/v2\/posts\/5434\/revisions"}],"predecessor-version":[{"id":5436,"href":"https:\/\/www.eldiariodetucuman.com\/web\/wp-json\/wp\/v2\/posts\/5434\/revisions\/5436"}],"wp:featuredmedia":[{"embeddable":true,"href":"https:\/\/www.eldiariodetucuman.com\/web\/wp-json\/wp\/v2\/media\/5435"}],"wp:attachment":[{"href":"https:\/\/www.eldiariodetucuman.com\/web\/wp-json\/wp\/v2\/media?parent=5434"}],"wp:term":[{"taxonomy":"category","embeddable":true,"href":"https:\/\/www.eldiariodetucuman.com\/web\/wp-json\/wp\/v2\/categories?post=5434"},{"taxonomy":"post_tag","embeddable":true,"href":"https:\/\/www.eldiariodetucuman.com\/web\/wp-json\/wp\/v2\/tags?post=5434"}],"curies":[{"name":"wp","href":"https:\/\/api.w.org\/{rel}","templated":true}]}}