{"id":5429,"date":"2018-02-16T12:32:44","date_gmt":"2018-02-16T15:32:44","guid":{"rendered":"http:\/\/www.eldiariodetucuman.com\/web\/trabajamos-a-la-par-de-la-gente-con-obras-importantes\/"},"modified":"2018-02-16T12:32:44","modified_gmt":"2018-02-16T15:32:44","slug":"trabajamos-a-la-par-de-la-gente-con-obras-importantes","status":"publish","type":"post","link":"https:\/\/www.eldiariodetucuman.com\/web\/trabajamos-a-la-par-de-la-gente-con-obras-importantes\/","title":{"rendered":"\u201cTrabajamos a la par de la gente con obras importantes\u201d"},"content":{"rendered":"<div>\n<div readability=\"58\">\n<p>El vicegobernador, a cargo del Poder Ejecutivo, <strong>Osvaldo Jaldo<\/strong>, habilit\u00f3 la remodelaci\u00f3n de la plaza del barrio San Miguel Arc\u00e1ngel en la Banda del R\u00edo Sal\u00ed que sum\u00f3 nueva caminer\u00eda, pista de salud, juegos infantiles, una gruta e iluminaci\u00f3n nueva de bajo consumo. El Vicegobernador fue acompa\u00f1ado por el intendente <strong>Dar\u00edo Monteros<\/strong> y la diputada nacional, <strong>Gladys Medina<\/strong>.<\/p>\n<blockquote class=\"mom_quote \"><p><a href=\"http:\/\/comunicaciontucuman.gob.ar\/wp-content\/uploads\/2018\/02\/Inauguracion-plaza-BRS-LS-4.jpg\"><img loading=\"lazy\" decoding=\"async\" class=\"size-medium wp-image-154192 alignleft\" src=\"http:\/\/comunicaciontucuman.gob.ar\/wp-content\/uploads\/2018\/02\/Inauguracion-plaza-BRS-LS-4-300x166.jpg\" alt=\"Inauguracion-plaza-BRS-LS-4\" width=\"300\" height=\"166\"><\/a>Jaldo dijo que recorre la ciudad del este tucumano para presentar obras que fueron gestionadas por un centro vecinal de abuelos y por el municipio: \u201cUna plaza remodelada a nuevo, con juegos infantiles, caminer\u00eda e iluminaci\u00f3n. Esto tambi\u00e9n tiene que ver con la seguridad porque una plaza bien iluminada har\u00e1 m\u00e1s seguro el lugar para las familias\u201d.<\/p><\/blockquote>\n<p><strong>Estabilidad econ\u00f3mica<\/strong><\/p>\n<p><a href=\"http:\/\/comunicaciontucuman.gob.ar\/wp-content\/uploads\/2018\/02\/Inauguracion-plaza-BRS-LS.jpg\"><img loading=\"lazy\" decoding=\"async\" class=\"size-medium wp-image-154189 alignright\" src=\"http:\/\/comunicaciontucuman.gob.ar\/wp-content\/uploads\/2018\/02\/Inauguracion-plaza-BRS-LS-300x166.jpg\" alt=\"Inauguracion-plaza-BRS-LS\" width=\"300\" height=\"166\"><\/a>El Vicegobernador tambi\u00e9n se refiri\u00f3 a la situaci\u00f3n econ\u00f3mica del municipio que honra sus obligaciones presupuestarias \u201cen momentos econ\u00f3micos dif\u00edciles\u201d. Y declar\u00f3 que \u201ccumple con infraestructura, con pavimento asfaltico y articulado, cord\u00f3n cuneta y hoy inauguramos una hermosa plaza. Los vecinos est\u00e1n dispuestos a ayudar a cuidarla. Trabajamos la par de la gente con obras importantes\u201d.<\/p>\n<p>La diputada Medina dijo que la obra se realiz\u00f3 para atender un pedido de los vecinos que quer\u00edan recuperar su plaza. \u201cJunto al Intendente venimos trabajando en esta ciudad para brindar mejores servicios, gracias al apoyo de los trabajadores municipales. Pedimos a todos que cuidemos nuestra ciudad, nuestras plazas y espacios verdes, para tener la ciudad que queremos\u201d, finaliz\u00f3.<\/p>\n<\/div>\n<\/div>\n","protected":false},"excerpt":{"rendered":"<p>El vicegobernador, a cargo del Poder Ejecutivo, Osvaldo Jaldo, habilit\u00f3 la remodelaci\u00f3n de la plaza del barrio San Miguel Arc\u00e1ngel en la Banda del R\u00edo Sal\u00ed que sum\u00f3 nueva caminer\u00eda, pista de salud, juegos infantiles, una gruta e iluminaci\u00f3n nueva de bajo consumo. El Vicegobernador fue acompa\u00f1ado por el intendente Dar\u00edo Monteros y la diputada [&hellip;]<\/p>\n","protected":false},"author":1,"featured_media":5430,"comment_status":"open","ping_status":"closed","sticky":false,"template":"","format":"standard","meta":{"footnotes":""},"categories":[3],"tags":[],"class_list":{"0":"post-5429","1":"post","2":"type-post","3":"status-publish","4":"format-standard","5":"has-post-thumbnail","7":"category-politica"},"yoast_head":"<!-- This site is optimized with the Yoast SEO plugin v27.5 - https:\/\/yoast.com\/product\/yoast-seo-wordpress\/ -->\n<title>\u201cTrabajamos a la par de la gente con obras importantes\u201d - El Diario de Tucuman<\/title>\n<meta name=\"robots\" content=\"index, follow, max-snippet:-1, max-image-preview:large, max-video-preview:-1\" \/>\n<link rel=\"canonical\" href=\"https:\/\/www.eldiariodetucuman.com\/web\/trabajamos-a-la-par-de-la-gente-con-obras-importantes\/\" \/>\n<meta property=\"og:locale\" content=\"es_ES\" \/>\n<meta property=\"og:type\" content=\"article\" \/>\n<meta property=\"og:title\" content=\"\u201cTrabajamos a la par de la gente con obras importantes\u201d - El Diario de Tucuman\" \/>\n<meta property=\"og:description\" content=\"El vicegobernador, a cargo del Poder Ejecutivo, Osvaldo Jaldo, habilit\u00f3 la remodelaci\u00f3n de la plaza del barrio San Miguel Arc\u00e1ngel en la Banda del R\u00edo Sal\u00ed que sum\u00f3 nueva caminer\u00eda, pista de salud, juegos infantiles, una gruta e iluminaci\u00f3n nueva de bajo consumo. El Vicegobernador fue acompa\u00f1ado por el intendente Dar\u00edo Monteros y la diputada [&hellip;]\" \/>\n<meta property=\"og:url\" content=\"https:\/\/www.eldiariodetucuman.com\/web\/trabajamos-a-la-par-de-la-gente-con-obras-importantes\/\" \/>\n<meta property=\"og:site_name\" content=\"El Diario de Tucuman\" \/>\n<meta property=\"article:published_time\" content=\"2018-02-16T15:32:44+00:00\" \/>\n<meta property=\"og:image\" content=\"https:\/\/www.eldiariodetucuman.com\/web\/wp-content\/uploads\/2018\/02\/792671fb89706119eddcdecbe7629ab1.jpeg\" \/>\n\t<meta property=\"og:image:width\" content=\"750\" \/>\n\t<meta property=\"og:image:height\" content=\"416\" \/>\n\t<meta property=\"og:image:type\" content=\"image\/jpeg\" \/>\n<meta name=\"author\" content=\"admin\" \/>\n<meta name=\"twitter:card\" content=\"summary_large_image\" \/>\n<meta name=\"twitter:label1\" content=\"Escrito por\" \/>\n\t<meta name=\"twitter:data1\" content=\"admin\" \/>\n\t<meta name=\"twitter:label2\" content=\"Tiempo de lectura\" \/>\n\t<meta name=\"twitter:data2\" content=\"1 minuto\" \/>\n<script type=\"application\/ld+json\" class=\"yoast-schema-graph\">{\"@context\":\"https:\\\/\\\/schema.org\",\"@graph\":[{\"@type\":\"Article\",\"@id\":\"https:\\\/\\\/www.eldiariodetucuman.com\\\/web\\\/trabajamos-a-la-par-de-la-gente-con-obras-importantes\\\/#article\",\"isPartOf\":{\"@id\":\"https:\\\/\\\/www.eldiariodetucuman.com\\\/web\\\/trabajamos-a-la-par-de-la-gente-con-obras-importantes\\\/\"},\"author\":{\"name\":\"admin\",\"@id\":\"https:\\\/\\\/www.eldiariodetucuman.com\\\/web\\\/#\\\/schema\\\/person\\\/9250197d75ab5483412e19678b121caa\"},\"headline\":\"\u201cTrabajamos a la par de la gente con obras importantes\u201d\",\"datePublished\":\"2018-02-16T15:32:44+00:00\",\"mainEntityOfPage\":{\"@id\":\"https:\\\/\\\/www.eldiariodetucuman.com\\\/web\\\/trabajamos-a-la-par-de-la-gente-con-obras-importantes\\\/\"},\"wordCount\":262,\"commentCount\":0,\"publisher\":{\"@id\":\"https:\\\/\\\/www.eldiariodetucuman.com\\\/web\\\/#organization\"},\"image\":{\"@id\":\"https:\\\/\\\/www.eldiariodetucuman.com\\\/web\\\/trabajamos-a-la-par-de-la-gente-con-obras-importantes\\\/#primaryimage\"},\"thumbnailUrl\":\"https:\\\/\\\/www.eldiariodetucuman.com\\\/web\\\/wp-content\\\/uploads\\\/2018\\\/02\\\/792671fb89706119eddcdecbe7629ab1.jpeg\",\"articleSection\":[\"Politica\"],\"inLanguage\":\"es\",\"potentialAction\":[{\"@type\":\"CommentAction\",\"name\":\"Comment\",\"target\":[\"https:\\\/\\\/www.eldiariodetucuman.com\\\/web\\\/trabajamos-a-la-par-de-la-gente-con-obras-importantes\\\/#respond\"]}]},{\"@type\":\"WebPage\",\"@id\":\"https:\\\/\\\/www.eldiariodetucuman.com\\\/web\\\/trabajamos-a-la-par-de-la-gente-con-obras-importantes\\\/\",\"url\":\"https:\\\/\\\/www.eldiariodetucuman.com\\\/web\\\/trabajamos-a-la-par-de-la-gente-con-obras-importantes\\\/\",\"name\":\"\u201cTrabajamos a la par de la gente con obras importantes\u201d - El Diario de Tucuman\",\"isPartOf\":{\"@id\":\"https:\\\/\\\/www.eldiariodetucuman.com\\\/web\\\/#website\"},\"primaryImageOfPage\":{\"@id\":\"https:\\\/\\\/www.eldiariodetucuman.com\\\/web\\\/trabajamos-a-la-par-de-la-gente-con-obras-importantes\\\/#primaryimage\"},\"image\":{\"@id\":\"https:\\\/\\\/www.eldiariodetucuman.com\\\/web\\\/trabajamos-a-la-par-de-la-gente-con-obras-importantes\\\/#primaryimage\"},\"thumbnailUrl\":\"https:\\\/\\\/www.eldiariodetucuman.com\\\/web\\\/wp-content\\\/uploads\\\/2018\\\/02\\\/792671fb89706119eddcdecbe7629ab1.jpeg\",\"datePublished\":\"2018-02-16T15:32:44+00:00\",\"breadcrumb\":{\"@id\":\"https:\\\/\\\/www.eldiariodetucuman.com\\\/web\\\/trabajamos-a-la-par-de-la-gente-con-obras-importantes\\\/#breadcrumb\"},\"inLanguage\":\"es\",\"potentialAction\":[{\"@type\":\"ReadAction\",\"target\":[\"https:\\\/\\\/www.eldiariodetucuman.com\\\/web\\\/trabajamos-a-la-par-de-la-gente-con-obras-importantes\\\/\"]}]},{\"@type\":\"ImageObject\",\"inLanguage\":\"es\",\"@id\":\"https:\\\/\\\/www.eldiariodetucuman.com\\\/web\\\/trabajamos-a-la-par-de-la-gente-con-obras-importantes\\\/#primaryimage\",\"url\":\"https:\\\/\\\/www.eldiariodetucuman.com\\\/web\\\/wp-content\\\/uploads\\\/2018\\\/02\\\/792671fb89706119eddcdecbe7629ab1.jpeg\",\"contentUrl\":\"https:\\\/\\\/www.eldiariodetucuman.com\\\/web\\\/wp-content\\\/uploads\\\/2018\\\/02\\\/792671fb89706119eddcdecbe7629ab1.jpeg\",\"width\":750,\"height\":416},{\"@type\":\"BreadcrumbList\",\"@id\":\"https:\\\/\\\/www.eldiariodetucuman.com\\\/web\\\/trabajamos-a-la-par-de-la-gente-con-obras-importantes\\\/#breadcrumb\",\"itemListElement\":[{\"@type\":\"ListItem\",\"position\":1,\"name\":\"Portada\",\"item\":\"https:\\\/\\\/www.eldiariodetucuman.com\\\/web\\\/\"},{\"@type\":\"ListItem\",\"position\":2,\"name\":\"\u201cTrabajamos a la par de la gente con obras importantes\u201d\"}]},{\"@type\":\"WebSite\",\"@id\":\"https:\\\/\\\/www.eldiariodetucuman.com\\\/web\\\/#website\",\"url\":\"https:\\\/\\\/www.eldiariodetucuman.com\\\/web\\\/\",\"name\":\"El Diario de Tucuman\",\"description\":\"Diario Tucuman - Informaci\u00f3n y noticias\",\"publisher\":{\"@id\":\"https:\\\/\\\/www.eldiariodetucuman.com\\\/web\\\/#organization\"},\"potentialAction\":[{\"@type\":\"SearchAction\",\"target\":{\"@type\":\"EntryPoint\",\"urlTemplate\":\"https:\\\/\\\/www.eldiariodetucuman.com\\\/web\\\/?s={search_term_string}\"},\"query-input\":{\"@type\":\"PropertyValueSpecification\",\"valueRequired\":true,\"valueName\":\"search_term_string\"}}],\"inLanguage\":\"es\"},{\"@type\":\"Organization\",\"@id\":\"https:\\\/\\\/www.eldiariodetucuman.com\\\/web\\\/#organization\",\"name\":\"El Diario de Tucuman\",\"url\":\"https:\\\/\\\/www.eldiariodetucuman.com\\\/web\\\/\",\"logo\":{\"@type\":\"ImageObject\",\"inLanguage\":\"es\",\"@id\":\"https:\\\/\\\/www.eldiariodetucuman.com\\\/web\\\/#\\\/schema\\\/logo\\\/image\\\/\",\"url\":\"http:\\\/\\\/www.eldiariodetucuman.com\\\/web\\\/wp-content\\\/uploads\\\/2017\\\/12\\\/el-diario-de-tucuman.jpg\",\"contentUrl\":\"http:\\\/\\\/www.eldiariodetucuman.com\\\/web\\\/wp-content\\\/uploads\\\/2017\\\/12\\\/el-diario-de-tucuman.jpg\",\"width\":272,\"height\":92,\"caption\":\"El Diario de Tucuman\"},\"image\":{\"@id\":\"https:\\\/\\\/www.eldiariodetucuman.com\\\/web\\\/#\\\/schema\\\/logo\\\/image\\\/\"}},{\"@type\":\"Person\",\"@id\":\"https:\\\/\\\/www.eldiariodetucuman.com\\\/web\\\/#\\\/schema\\\/person\\\/9250197d75ab5483412e19678b121caa\",\"name\":\"admin\",\"image\":{\"@type\":\"ImageObject\",\"inLanguage\":\"es\",\"@id\":\"https:\\\/\\\/secure.gravatar.com\\\/avatar\\\/c44d117c2be811212c22cb481f6b8384b6873de103fbc49e7a03cc58d7dea4ac?s=96&d=mm&r=g\",\"url\":\"https:\\\/\\\/secure.gravatar.com\\\/avatar\\\/c44d117c2be811212c22cb481f6b8384b6873de103fbc49e7a03cc58d7dea4ac?s=96&d=mm&r=g\",\"contentUrl\":\"https:\\\/\\\/secure.gravatar.com\\\/avatar\\\/c44d117c2be811212c22cb481f6b8384b6873de103fbc49e7a03cc58d7dea4ac?s=96&d=mm&r=g\",\"caption\":\"admin\"},\"url\":\"https:\\\/\\\/www.eldiariodetucuman.com\\\/web\\\/author\\\/admin\\\/\"}]}<\/script>\n<!-- \/ Yoast SEO plugin. -->","yoast_head_json":{"title":"\u201cTrabajamos a la par de la gente con obras importantes\u201d - El Diario de Tucuman","robots":{"index":"index","follow":"follow","max-snippet":"max-snippet:-1","max-image-preview":"max-image-preview:large","max-video-preview":"max-video-preview:-1"},"canonical":"https:\/\/www.eldiariodetucuman.com\/web\/trabajamos-a-la-par-de-la-gente-con-obras-importantes\/","og_locale":"es_ES","og_type":"article","og_title":"\u201cTrabajamos a la par de la gente con obras importantes\u201d - El Diario de Tucuman","og_description":"El vicegobernador, a cargo del Poder Ejecutivo, Osvaldo Jaldo, habilit\u00f3 la remodelaci\u00f3n de la plaza del barrio San Miguel Arc\u00e1ngel en la Banda del R\u00edo Sal\u00ed que sum\u00f3 nueva caminer\u00eda, pista de salud, juegos infantiles, una gruta e iluminaci\u00f3n nueva de bajo consumo. El Vicegobernador fue acompa\u00f1ado por el intendente Dar\u00edo Monteros y la diputada [&hellip;]","og_url":"https:\/\/www.eldiariodetucuman.com\/web\/trabajamos-a-la-par-de-la-gente-con-obras-importantes\/","og_site_name":"El Diario de Tucuman","article_published_time":"2018-02-16T15:32:44+00:00","og_image":[{"width":750,"height":416,"url":"https:\/\/www.eldiariodetucuman.com\/web\/wp-content\/uploads\/2018\/02\/792671fb89706119eddcdecbe7629ab1.jpeg","type":"image\/jpeg"}],"author":"admin","twitter_card":"summary_large_image","twitter_misc":{"Escrito por":"admin","Tiempo de lectura":"1 minuto"},"schema":{"@context":"https:\/\/schema.org","@graph":[{"@type":"Article","@id":"https:\/\/www.eldiariodetucuman.com\/web\/trabajamos-a-la-par-de-la-gente-con-obras-importantes\/#article","isPartOf":{"@id":"https:\/\/www.eldiariodetucuman.com\/web\/trabajamos-a-la-par-de-la-gente-con-obras-importantes\/"},"author":{"name":"admin","@id":"https:\/\/www.eldiariodetucuman.com\/web\/#\/schema\/person\/9250197d75ab5483412e19678b121caa"},"headline":"\u201cTrabajamos a la par de la gente con obras importantes\u201d","datePublished":"2018-02-16T15:32:44+00:00","mainEntityOfPage":{"@id":"https:\/\/www.eldiariodetucuman.com\/web\/trabajamos-a-la-par-de-la-gente-con-obras-importantes\/"},"wordCount":262,"commentCount":0,"publisher":{"@id":"https:\/\/www.eldiariodetucuman.com\/web\/#organization"},"image":{"@id":"https:\/\/www.eldiariodetucuman.com\/web\/trabajamos-a-la-par-de-la-gente-con-obras-importantes\/#primaryimage"},"thumbnailUrl":"https:\/\/www.eldiariodetucuman.com\/web\/wp-content\/uploads\/2018\/02\/792671fb89706119eddcdecbe7629ab1.jpeg","articleSection":["Politica"],"inLanguage":"es","potentialAction":[{"@type":"CommentAction","name":"Comment","target":["https:\/\/www.eldiariodetucuman.com\/web\/trabajamos-a-la-par-de-la-gente-con-obras-importantes\/#respond"]}]},{"@type":"WebPage","@id":"https:\/\/www.eldiariodetucuman.com\/web\/trabajamos-a-la-par-de-la-gente-con-obras-importantes\/","url":"https:\/\/www.eldiariodetucuman.com\/web\/trabajamos-a-la-par-de-la-gente-con-obras-importantes\/","name":"\u201cTrabajamos a la par de la gente con obras importantes\u201d - El Diario de Tucuman","isPartOf":{"@id":"https:\/\/www.eldiariodetucuman.com\/web\/#website"},"primaryImageOfPage":{"@id":"https:\/\/www.eldiariodetucuman.com\/web\/trabajamos-a-la-par-de-la-gente-con-obras-importantes\/#primaryimage"},"image":{"@id":"https:\/\/www.eldiariodetucuman.com\/web\/trabajamos-a-la-par-de-la-gente-con-obras-importantes\/#primaryimage"},"thumbnailUrl":"https:\/\/www.eldiariodetucuman.com\/web\/wp-content\/uploads\/2018\/02\/792671fb89706119eddcdecbe7629ab1.jpeg","datePublished":"2018-02-16T15:32:44+00:00","breadcrumb":{"@id":"https:\/\/www.eldiariodetucuman.com\/web\/trabajamos-a-la-par-de-la-gente-con-obras-importantes\/#breadcrumb"},"inLanguage":"es","potentialAction":[{"@type":"ReadAction","target":["https:\/\/www.eldiariodetucuman.com\/web\/trabajamos-a-la-par-de-la-gente-con-obras-importantes\/"]}]},{"@type":"ImageObject","inLanguage":"es","@id":"https:\/\/www.eldiariodetucuman.com\/web\/trabajamos-a-la-par-de-la-gente-con-obras-importantes\/#primaryimage","url":"https:\/\/www.eldiariodetucuman.com\/web\/wp-content\/uploads\/2018\/02\/792671fb89706119eddcdecbe7629ab1.jpeg","contentUrl":"https:\/\/www.eldiariodetucuman.com\/web\/wp-content\/uploads\/2018\/02\/792671fb89706119eddcdecbe7629ab1.jpeg","width":750,"height":416},{"@type":"BreadcrumbList","@id":"https:\/\/www.eldiariodetucuman.com\/web\/trabajamos-a-la-par-de-la-gente-con-obras-importantes\/#breadcrumb","itemListElement":[{"@type":"ListItem","position":1,"name":"Portada","item":"https:\/\/www.eldiariodetucuman.com\/web\/"},{"@type":"ListItem","position":2,"name":"\u201cTrabajamos a la par de la gente con obras importantes\u201d"}]},{"@type":"WebSite","@id":"https:\/\/www.eldiariodetucuman.com\/web\/#website","url":"https:\/\/www.eldiariodetucuman.com\/web\/","name":"El Diario de Tucuman","description":"Diario Tucuman - Informaci\u00f3n y noticias","publisher":{"@id":"https:\/\/www.eldiariodetucuman.com\/web\/#organization"},"potentialAction":[{"@type":"SearchAction","target":{"@type":"EntryPoint","urlTemplate":"https:\/\/www.eldiariodetucuman.com\/web\/?s={search_term_string}"},"query-input":{"@type":"PropertyValueSpecification","valueRequired":true,"valueName":"search_term_string"}}],"inLanguage":"es"},{"@type":"Organization","@id":"https:\/\/www.eldiariodetucuman.com\/web\/#organization","name":"El Diario de Tucuman","url":"https:\/\/www.eldiariodetucuman.com\/web\/","logo":{"@type":"ImageObject","inLanguage":"es","@id":"https:\/\/www.eldiariodetucuman.com\/web\/#\/schema\/logo\/image\/","url":"http:\/\/www.eldiariodetucuman.com\/web\/wp-content\/uploads\/2017\/12\/el-diario-de-tucuman.jpg","contentUrl":"http:\/\/www.eldiariodetucuman.com\/web\/wp-content\/uploads\/2017\/12\/el-diario-de-tucuman.jpg","width":272,"height":92,"caption":"El Diario de Tucuman"},"image":{"@id":"https:\/\/www.eldiariodetucuman.com\/web\/#\/schema\/logo\/image\/"}},{"@type":"Person","@id":"https:\/\/www.eldiariodetucuman.com\/web\/#\/schema\/person\/9250197d75ab5483412e19678b121caa","name":"admin","image":{"@type":"ImageObject","inLanguage":"es","@id":"https:\/\/secure.gravatar.com\/avatar\/c44d117c2be811212c22cb481f6b8384b6873de103fbc49e7a03cc58d7dea4ac?s=96&d=mm&r=g","url":"https:\/\/secure.gravatar.com\/avatar\/c44d117c2be811212c22cb481f6b8384b6873de103fbc49e7a03cc58d7dea4ac?s=96&d=mm&r=g","contentUrl":"https:\/\/secure.gravatar.com\/avatar\/c44d117c2be811212c22cb481f6b8384b6873de103fbc49e7a03cc58d7dea4ac?s=96&d=mm&r=g","caption":"admin"},"url":"https:\/\/www.eldiariodetucuman.com\/web\/author\/admin\/"}]}},"_links":{"self":[{"href":"https:\/\/www.eldiariodetucuman.com\/web\/wp-json\/wp\/v2\/posts\/5429","targetHints":{"allow":["GET"]}}],"collection":[{"href":"https:\/\/www.eldiariodetucuman.com\/web\/wp-json\/wp\/v2\/posts"}],"about":[{"href":"https:\/\/www.eldiariodetucuman.com\/web\/wp-json\/wp\/v2\/types\/post"}],"author":[{"embeddable":true,"href":"https:\/\/www.eldiariodetucuman.com\/web\/wp-json\/wp\/v2\/users\/1"}],"replies":[{"embeddable":true,"href":"https:\/\/www.eldiariodetucuman.com\/web\/wp-json\/wp\/v2\/comments?post=5429"}],"version-history":[{"count":0,"href":"https:\/\/www.eldiariodetucuman.com\/web\/wp-json\/wp\/v2\/posts\/5429\/revisions"}],"wp:featuredmedia":[{"embeddable":true,"href":"https:\/\/www.eldiariodetucuman.com\/web\/wp-json\/wp\/v2\/media\/5430"}],"wp:attachment":[{"href":"https:\/\/www.eldiariodetucuman.com\/web\/wp-json\/wp\/v2\/media?parent=5429"}],"wp:term":[{"taxonomy":"category","embeddable":true,"href":"https:\/\/www.eldiariodetucuman.com\/web\/wp-json\/wp\/v2\/categories?post=5429"},{"taxonomy":"post_tag","embeddable":true,"href":"https:\/\/www.eldiariodetucuman.com\/web\/wp-json\/wp\/v2\/tags?post=5429"}],"curies":[{"name":"wp","href":"https:\/\/api.w.org\/{rel}","templated":true}]}}