{"id":5425,"date":"2018-02-16T12:00:36","date_gmt":"2018-02-16T15:00:36","guid":{"rendered":"http:\/\/www.eldiariodetucuman.com\/web\/confirmado-el-boleto-de-colectivo-pasara-a-costar-1250\/"},"modified":"2018-02-16T12:00:42","modified_gmt":"2018-02-16T15:00:42","slug":"confirmado-el-boleto-de-colectivo-pasara-a-costar-1250","status":"publish","type":"post","link":"https:\/\/www.eldiariodetucuman.com\/web\/confirmado-el-boleto-de-colectivo-pasara-a-costar-1250\/","title":{"rendered":"Confirmado: el boleto de colectivo pasar\u00e1 a costar $12,50"},"content":{"rendered":"<div>\n<div readability=\"39\">\n<p>Luego de tres meses de negociaciones y medidas de fuerza, el Concejo Deliberante determin\u00f3 que el boleto urbano de colectivo costar\u00e1 $12,50 desde el pr\u00f3ximo lunes 19. As\u00ed lo determin\u00f3 el dictamen firmado esta ma\u00f1ana por los integrantes de la comisi\u00f3n de Transporte del cuerpo, que define las tarifas que luego ser\u00e1n replicadas en las l\u00edneas interurbanas. Adem\u00e1s, anunciaron que la bajada de bandera de los taxis subir\u00e1 a $ 17.<\/p>\n<\/p><\/div>\n<\/div>\n<p>Fuente: http:\/\/www.lagaceta.com.ar\/nota\/761520\/actualidad\/confirmado-boleto-colectivo-pasara-costar-1250.html<\/p>\n","protected":false},"excerpt":{"rendered":"<p>Luego de tres meses de negociaciones y medidas de fuerza, el Concejo Deliberante determin\u00f3 que el boleto urbano de colectivo costar\u00e1 $12,50 desde el pr\u00f3ximo lunes 19. As\u00ed lo determin\u00f3 el dictamen firmado esta ma\u00f1ana por los integrantes de la comisi\u00f3n de Transporte del cuerpo, que define las tarifas que luego ser\u00e1n replicadas en las [&hellip;]<\/p>\n","protected":false},"author":1,"featured_media":5426,"comment_status":"open","ping_status":"closed","sticky":false,"template":"","format":"standard","meta":{"footnotes":""},"categories":[1],"tags":[],"class_list":{"0":"post-5425","1":"post","2":"type-post","3":"status-publish","4":"format-standard","5":"has-post-thumbnail","7":"category-portada"},"yoast_head":"<!-- This site is optimized with the Yoast SEO plugin v27.5 - https:\/\/yoast.com\/product\/yoast-seo-wordpress\/ -->\n<title>Confirmado: el boleto de colectivo pasar\u00e1 a costar $12,50 - El Diario de Tucuman<\/title>\n<meta name=\"robots\" content=\"index, follow, max-snippet:-1, max-image-preview:large, max-video-preview:-1\" \/>\n<link rel=\"canonical\" href=\"https:\/\/www.eldiariodetucuman.com\/web\/confirmado-el-boleto-de-colectivo-pasara-a-costar-1250\/\" \/>\n<meta property=\"og:locale\" content=\"es_ES\" \/>\n<meta property=\"og:type\" content=\"article\" \/>\n<meta property=\"og:title\" content=\"Confirmado: el boleto de colectivo pasar\u00e1 a costar $12,50 - El Diario de Tucuman\" \/>\n<meta property=\"og:description\" content=\"Luego de tres meses de negociaciones y medidas de fuerza, el Concejo Deliberante determin\u00f3 que el boleto urbano de colectivo costar\u00e1 $12,50 desde el pr\u00f3ximo lunes 19. As\u00ed lo determin\u00f3 el dictamen firmado esta ma\u00f1ana por los integrantes de la comisi\u00f3n de Transporte del cuerpo, que define las tarifas que luego ser\u00e1n replicadas en las [&hellip;]\" \/>\n<meta property=\"og:url\" content=\"https:\/\/www.eldiariodetucuman.com\/web\/confirmado-el-boleto-de-colectivo-pasara-a-costar-1250\/\" \/>\n<meta property=\"og:site_name\" content=\"El Diario de Tucuman\" \/>\n<meta property=\"article:published_time\" content=\"2018-02-16T15:00:36+00:00\" \/>\n<meta property=\"article:modified_time\" content=\"2018-02-16T15:00:42+00:00\" \/>\n<meta property=\"og:image\" content=\"https:\/\/www.eldiariodetucuman.com\/web\/wp-content\/uploads\/2018\/02\/11071f4f4176581fbb0d49cbd755aaef.jpeg\" \/>\n\t<meta property=\"og:image:width\" content=\"1500\" \/>\n\t<meta property=\"og:image:height\" content=\"850\" \/>\n\t<meta property=\"og:image:type\" content=\"image\/jpeg\" \/>\n<meta name=\"author\" content=\"admin\" \/>\n<meta name=\"twitter:card\" content=\"summary_large_image\" \/>\n<meta name=\"twitter:label1\" content=\"Escrito por\" \/>\n\t<meta name=\"twitter:data1\" content=\"admin\" \/>\n<script type=\"application\/ld+json\" class=\"yoast-schema-graph\">{\"@context\":\"https:\\\/\\\/schema.org\",\"@graph\":[{\"@type\":\"Article\",\"@id\":\"https:\\\/\\\/www.eldiariodetucuman.com\\\/web\\\/confirmado-el-boleto-de-colectivo-pasara-a-costar-1250\\\/#article\",\"isPartOf\":{\"@id\":\"https:\\\/\\\/www.eldiariodetucuman.com\\\/web\\\/confirmado-el-boleto-de-colectivo-pasara-a-costar-1250\\\/\"},\"author\":{\"name\":\"admin\",\"@id\":\"https:\\\/\\\/www.eldiariodetucuman.com\\\/web\\\/#\\\/schema\\\/person\\\/9250197d75ab5483412e19678b121caa\"},\"headline\":\"Confirmado: el boleto de colectivo pasar\u00e1 a costar $12,50\",\"datePublished\":\"2018-02-16T15:00:36+00:00\",\"dateModified\":\"2018-02-16T15:00:42+00:00\",\"mainEntityOfPage\":{\"@id\":\"https:\\\/\\\/www.eldiariodetucuman.com\\\/web\\\/confirmado-el-boleto-de-colectivo-pasara-a-costar-1250\\\/\"},\"wordCount\":91,\"commentCount\":0,\"publisher\":{\"@id\":\"https:\\\/\\\/www.eldiariodetucuman.com\\\/web\\\/#organization\"},\"image\":{\"@id\":\"https:\\\/\\\/www.eldiariodetucuman.com\\\/web\\\/confirmado-el-boleto-de-colectivo-pasara-a-costar-1250\\\/#primaryimage\"},\"thumbnailUrl\":\"https:\\\/\\\/www.eldiariodetucuman.com\\\/web\\\/wp-content\\\/uploads\\\/2018\\\/02\\\/11071f4f4176581fbb0d49cbd755aaef.jpeg\",\"articleSection\":[\"Portada\"],\"inLanguage\":\"es\",\"potentialAction\":[{\"@type\":\"CommentAction\",\"name\":\"Comment\",\"target\":[\"https:\\\/\\\/www.eldiariodetucuman.com\\\/web\\\/confirmado-el-boleto-de-colectivo-pasara-a-costar-1250\\\/#respond\"]}]},{\"@type\":\"WebPage\",\"@id\":\"https:\\\/\\\/www.eldiariodetucuman.com\\\/web\\\/confirmado-el-boleto-de-colectivo-pasara-a-costar-1250\\\/\",\"url\":\"https:\\\/\\\/www.eldiariodetucuman.com\\\/web\\\/confirmado-el-boleto-de-colectivo-pasara-a-costar-1250\\\/\",\"name\":\"Confirmado: el boleto de colectivo pasar\u00e1 a costar $12,50 - El Diario de Tucuman\",\"isPartOf\":{\"@id\":\"https:\\\/\\\/www.eldiariodetucuman.com\\\/web\\\/#website\"},\"primaryImageOfPage\":{\"@id\":\"https:\\\/\\\/www.eldiariodetucuman.com\\\/web\\\/confirmado-el-boleto-de-colectivo-pasara-a-costar-1250\\\/#primaryimage\"},\"image\":{\"@id\":\"https:\\\/\\\/www.eldiariodetucuman.com\\\/web\\\/confirmado-el-boleto-de-colectivo-pasara-a-costar-1250\\\/#primaryimage\"},\"thumbnailUrl\":\"https:\\\/\\\/www.eldiariodetucuman.com\\\/web\\\/wp-content\\\/uploads\\\/2018\\\/02\\\/11071f4f4176581fbb0d49cbd755aaef.jpeg\",\"datePublished\":\"2018-02-16T15:00:36+00:00\",\"dateModified\":\"2018-02-16T15:00:42+00:00\",\"breadcrumb\":{\"@id\":\"https:\\\/\\\/www.eldiariodetucuman.com\\\/web\\\/confirmado-el-boleto-de-colectivo-pasara-a-costar-1250\\\/#breadcrumb\"},\"inLanguage\":\"es\",\"potentialAction\":[{\"@type\":\"ReadAction\",\"target\":[\"https:\\\/\\\/www.eldiariodetucuman.com\\\/web\\\/confirmado-el-boleto-de-colectivo-pasara-a-costar-1250\\\/\"]}]},{\"@type\":\"ImageObject\",\"inLanguage\":\"es\",\"@id\":\"https:\\\/\\\/www.eldiariodetucuman.com\\\/web\\\/confirmado-el-boleto-de-colectivo-pasara-a-costar-1250\\\/#primaryimage\",\"url\":\"https:\\\/\\\/www.eldiariodetucuman.com\\\/web\\\/wp-content\\\/uploads\\\/2018\\\/02\\\/11071f4f4176581fbb0d49cbd755aaef.jpeg\",\"contentUrl\":\"https:\\\/\\\/www.eldiariodetucuman.com\\\/web\\\/wp-content\\\/uploads\\\/2018\\\/02\\\/11071f4f4176581fbb0d49cbd755aaef.jpeg\",\"width\":1500,\"height\":850},{\"@type\":\"BreadcrumbList\",\"@id\":\"https:\\\/\\\/www.eldiariodetucuman.com\\\/web\\\/confirmado-el-boleto-de-colectivo-pasara-a-costar-1250\\\/#breadcrumb\",\"itemListElement\":[{\"@type\":\"ListItem\",\"position\":1,\"name\":\"Portada\",\"item\":\"https:\\\/\\\/www.eldiariodetucuman.com\\\/web\\\/\"},{\"@type\":\"ListItem\",\"position\":2,\"name\":\"Confirmado: el boleto de colectivo pasar\u00e1 a costar $12,50\"}]},{\"@type\":\"WebSite\",\"@id\":\"https:\\\/\\\/www.eldiariodetucuman.com\\\/web\\\/#website\",\"url\":\"https:\\\/\\\/www.eldiariodetucuman.com\\\/web\\\/\",\"name\":\"El Diario de Tucuman\",\"description\":\"Diario Tucuman - Informaci\u00f3n y noticias\",\"publisher\":{\"@id\":\"https:\\\/\\\/www.eldiariodetucuman.com\\\/web\\\/#organization\"},\"potentialAction\":[{\"@type\":\"SearchAction\",\"target\":{\"@type\":\"EntryPoint\",\"urlTemplate\":\"https:\\\/\\\/www.eldiariodetucuman.com\\\/web\\\/?s={search_term_string}\"},\"query-input\":{\"@type\":\"PropertyValueSpecification\",\"valueRequired\":true,\"valueName\":\"search_term_string\"}}],\"inLanguage\":\"es\"},{\"@type\":\"Organization\",\"@id\":\"https:\\\/\\\/www.eldiariodetucuman.com\\\/web\\\/#organization\",\"name\":\"El Diario de Tucuman\",\"url\":\"https:\\\/\\\/www.eldiariodetucuman.com\\\/web\\\/\",\"logo\":{\"@type\":\"ImageObject\",\"inLanguage\":\"es\",\"@id\":\"https:\\\/\\\/www.eldiariodetucuman.com\\\/web\\\/#\\\/schema\\\/logo\\\/image\\\/\",\"url\":\"http:\\\/\\\/www.eldiariodetucuman.com\\\/web\\\/wp-content\\\/uploads\\\/2017\\\/12\\\/el-diario-de-tucuman.jpg\",\"contentUrl\":\"http:\\\/\\\/www.eldiariodetucuman.com\\\/web\\\/wp-content\\\/uploads\\\/2017\\\/12\\\/el-diario-de-tucuman.jpg\",\"width\":272,\"height\":92,\"caption\":\"El Diario de Tucuman\"},\"image\":{\"@id\":\"https:\\\/\\\/www.eldiariodetucuman.com\\\/web\\\/#\\\/schema\\\/logo\\\/image\\\/\"}},{\"@type\":\"Person\",\"@id\":\"https:\\\/\\\/www.eldiariodetucuman.com\\\/web\\\/#\\\/schema\\\/person\\\/9250197d75ab5483412e19678b121caa\",\"name\":\"admin\",\"image\":{\"@type\":\"ImageObject\",\"inLanguage\":\"es\",\"@id\":\"https:\\\/\\\/secure.gravatar.com\\\/avatar\\\/c44d117c2be811212c22cb481f6b8384b6873de103fbc49e7a03cc58d7dea4ac?s=96&d=mm&r=g\",\"url\":\"https:\\\/\\\/secure.gravatar.com\\\/avatar\\\/c44d117c2be811212c22cb481f6b8384b6873de103fbc49e7a03cc58d7dea4ac?s=96&d=mm&r=g\",\"contentUrl\":\"https:\\\/\\\/secure.gravatar.com\\\/avatar\\\/c44d117c2be811212c22cb481f6b8384b6873de103fbc49e7a03cc58d7dea4ac?s=96&d=mm&r=g\",\"caption\":\"admin\"},\"url\":\"https:\\\/\\\/www.eldiariodetucuman.com\\\/web\\\/author\\\/admin\\\/\"}]}<\/script>\n<!-- \/ Yoast SEO plugin. -->","yoast_head_json":{"title":"Confirmado: el boleto de colectivo pasar\u00e1 a costar $12,50 - El Diario de Tucuman","robots":{"index":"index","follow":"follow","max-snippet":"max-snippet:-1","max-image-preview":"max-image-preview:large","max-video-preview":"max-video-preview:-1"},"canonical":"https:\/\/www.eldiariodetucuman.com\/web\/confirmado-el-boleto-de-colectivo-pasara-a-costar-1250\/","og_locale":"es_ES","og_type":"article","og_title":"Confirmado: el boleto de colectivo pasar\u00e1 a costar $12,50 - El Diario de Tucuman","og_description":"Luego de tres meses de negociaciones y medidas de fuerza, el Concejo Deliberante determin\u00f3 que el boleto urbano de colectivo costar\u00e1 $12,50 desde el pr\u00f3ximo lunes 19. As\u00ed lo determin\u00f3 el dictamen firmado esta ma\u00f1ana por los integrantes de la comisi\u00f3n de Transporte del cuerpo, que define las tarifas que luego ser\u00e1n replicadas en las [&hellip;]","og_url":"https:\/\/www.eldiariodetucuman.com\/web\/confirmado-el-boleto-de-colectivo-pasara-a-costar-1250\/","og_site_name":"El Diario de Tucuman","article_published_time":"2018-02-16T15:00:36+00:00","article_modified_time":"2018-02-16T15:00:42+00:00","og_image":[{"width":1500,"height":850,"url":"https:\/\/www.eldiariodetucuman.com\/web\/wp-content\/uploads\/2018\/02\/11071f4f4176581fbb0d49cbd755aaef.jpeg","type":"image\/jpeg"}],"author":"admin","twitter_card":"summary_large_image","twitter_misc":{"Escrito por":"admin"},"schema":{"@context":"https:\/\/schema.org","@graph":[{"@type":"Article","@id":"https:\/\/www.eldiariodetucuman.com\/web\/confirmado-el-boleto-de-colectivo-pasara-a-costar-1250\/#article","isPartOf":{"@id":"https:\/\/www.eldiariodetucuman.com\/web\/confirmado-el-boleto-de-colectivo-pasara-a-costar-1250\/"},"author":{"name":"admin","@id":"https:\/\/www.eldiariodetucuman.com\/web\/#\/schema\/person\/9250197d75ab5483412e19678b121caa"},"headline":"Confirmado: el boleto de colectivo pasar\u00e1 a costar $12,50","datePublished":"2018-02-16T15:00:36+00:00","dateModified":"2018-02-16T15:00:42+00:00","mainEntityOfPage":{"@id":"https:\/\/www.eldiariodetucuman.com\/web\/confirmado-el-boleto-de-colectivo-pasara-a-costar-1250\/"},"wordCount":91,"commentCount":0,"publisher":{"@id":"https:\/\/www.eldiariodetucuman.com\/web\/#organization"},"image":{"@id":"https:\/\/www.eldiariodetucuman.com\/web\/confirmado-el-boleto-de-colectivo-pasara-a-costar-1250\/#primaryimage"},"thumbnailUrl":"https:\/\/www.eldiariodetucuman.com\/web\/wp-content\/uploads\/2018\/02\/11071f4f4176581fbb0d49cbd755aaef.jpeg","articleSection":["Portada"],"inLanguage":"es","potentialAction":[{"@type":"CommentAction","name":"Comment","target":["https:\/\/www.eldiariodetucuman.com\/web\/confirmado-el-boleto-de-colectivo-pasara-a-costar-1250\/#respond"]}]},{"@type":"WebPage","@id":"https:\/\/www.eldiariodetucuman.com\/web\/confirmado-el-boleto-de-colectivo-pasara-a-costar-1250\/","url":"https:\/\/www.eldiariodetucuman.com\/web\/confirmado-el-boleto-de-colectivo-pasara-a-costar-1250\/","name":"Confirmado: el boleto de colectivo pasar\u00e1 a costar $12,50 - El Diario de Tucuman","isPartOf":{"@id":"https:\/\/www.eldiariodetucuman.com\/web\/#website"},"primaryImageOfPage":{"@id":"https:\/\/www.eldiariodetucuman.com\/web\/confirmado-el-boleto-de-colectivo-pasara-a-costar-1250\/#primaryimage"},"image":{"@id":"https:\/\/www.eldiariodetucuman.com\/web\/confirmado-el-boleto-de-colectivo-pasara-a-costar-1250\/#primaryimage"},"thumbnailUrl":"https:\/\/www.eldiariodetucuman.com\/web\/wp-content\/uploads\/2018\/02\/11071f4f4176581fbb0d49cbd755aaef.jpeg","datePublished":"2018-02-16T15:00:36+00:00","dateModified":"2018-02-16T15:00:42+00:00","breadcrumb":{"@id":"https:\/\/www.eldiariodetucuman.com\/web\/confirmado-el-boleto-de-colectivo-pasara-a-costar-1250\/#breadcrumb"},"inLanguage":"es","potentialAction":[{"@type":"ReadAction","target":["https:\/\/www.eldiariodetucuman.com\/web\/confirmado-el-boleto-de-colectivo-pasara-a-costar-1250\/"]}]},{"@type":"ImageObject","inLanguage":"es","@id":"https:\/\/www.eldiariodetucuman.com\/web\/confirmado-el-boleto-de-colectivo-pasara-a-costar-1250\/#primaryimage","url":"https:\/\/www.eldiariodetucuman.com\/web\/wp-content\/uploads\/2018\/02\/11071f4f4176581fbb0d49cbd755aaef.jpeg","contentUrl":"https:\/\/www.eldiariodetucuman.com\/web\/wp-content\/uploads\/2018\/02\/11071f4f4176581fbb0d49cbd755aaef.jpeg","width":1500,"height":850},{"@type":"BreadcrumbList","@id":"https:\/\/www.eldiariodetucuman.com\/web\/confirmado-el-boleto-de-colectivo-pasara-a-costar-1250\/#breadcrumb","itemListElement":[{"@type":"ListItem","position":1,"name":"Portada","item":"https:\/\/www.eldiariodetucuman.com\/web\/"},{"@type":"ListItem","position":2,"name":"Confirmado: el boleto de colectivo pasar\u00e1 a costar $12,50"}]},{"@type":"WebSite","@id":"https:\/\/www.eldiariodetucuman.com\/web\/#website","url":"https:\/\/www.eldiariodetucuman.com\/web\/","name":"El Diario de Tucuman","description":"Diario Tucuman - Informaci\u00f3n y noticias","publisher":{"@id":"https:\/\/www.eldiariodetucuman.com\/web\/#organization"},"potentialAction":[{"@type":"SearchAction","target":{"@type":"EntryPoint","urlTemplate":"https:\/\/www.eldiariodetucuman.com\/web\/?s={search_term_string}"},"query-input":{"@type":"PropertyValueSpecification","valueRequired":true,"valueName":"search_term_string"}}],"inLanguage":"es"},{"@type":"Organization","@id":"https:\/\/www.eldiariodetucuman.com\/web\/#organization","name":"El Diario de Tucuman","url":"https:\/\/www.eldiariodetucuman.com\/web\/","logo":{"@type":"ImageObject","inLanguage":"es","@id":"https:\/\/www.eldiariodetucuman.com\/web\/#\/schema\/logo\/image\/","url":"http:\/\/www.eldiariodetucuman.com\/web\/wp-content\/uploads\/2017\/12\/el-diario-de-tucuman.jpg","contentUrl":"http:\/\/www.eldiariodetucuman.com\/web\/wp-content\/uploads\/2017\/12\/el-diario-de-tucuman.jpg","width":272,"height":92,"caption":"El Diario de Tucuman"},"image":{"@id":"https:\/\/www.eldiariodetucuman.com\/web\/#\/schema\/logo\/image\/"}},{"@type":"Person","@id":"https:\/\/www.eldiariodetucuman.com\/web\/#\/schema\/person\/9250197d75ab5483412e19678b121caa","name":"admin","image":{"@type":"ImageObject","inLanguage":"es","@id":"https:\/\/secure.gravatar.com\/avatar\/c44d117c2be811212c22cb481f6b8384b6873de103fbc49e7a03cc58d7dea4ac?s=96&d=mm&r=g","url":"https:\/\/secure.gravatar.com\/avatar\/c44d117c2be811212c22cb481f6b8384b6873de103fbc49e7a03cc58d7dea4ac?s=96&d=mm&r=g","contentUrl":"https:\/\/secure.gravatar.com\/avatar\/c44d117c2be811212c22cb481f6b8384b6873de103fbc49e7a03cc58d7dea4ac?s=96&d=mm&r=g","caption":"admin"},"url":"https:\/\/www.eldiariodetucuman.com\/web\/author\/admin\/"}]}},"_links":{"self":[{"href":"https:\/\/www.eldiariodetucuman.com\/web\/wp-json\/wp\/v2\/posts\/5425","targetHints":{"allow":["GET"]}}],"collection":[{"href":"https:\/\/www.eldiariodetucuman.com\/web\/wp-json\/wp\/v2\/posts"}],"about":[{"href":"https:\/\/www.eldiariodetucuman.com\/web\/wp-json\/wp\/v2\/types\/post"}],"author":[{"embeddable":true,"href":"https:\/\/www.eldiariodetucuman.com\/web\/wp-json\/wp\/v2\/users\/1"}],"replies":[{"embeddable":true,"href":"https:\/\/www.eldiariodetucuman.com\/web\/wp-json\/wp\/v2\/comments?post=5425"}],"version-history":[{"count":1,"href":"https:\/\/www.eldiariodetucuman.com\/web\/wp-json\/wp\/v2\/posts\/5425\/revisions"}],"predecessor-version":[{"id":5427,"href":"https:\/\/www.eldiariodetucuman.com\/web\/wp-json\/wp\/v2\/posts\/5425\/revisions\/5427"}],"wp:featuredmedia":[{"embeddable":true,"href":"https:\/\/www.eldiariodetucuman.com\/web\/wp-json\/wp\/v2\/media\/5426"}],"wp:attachment":[{"href":"https:\/\/www.eldiariodetucuman.com\/web\/wp-json\/wp\/v2\/media?parent=5425"}],"wp:term":[{"taxonomy":"category","embeddable":true,"href":"https:\/\/www.eldiariodetucuman.com\/web\/wp-json\/wp\/v2\/categories?post=5425"},{"taxonomy":"post_tag","embeddable":true,"href":"https:\/\/www.eldiariodetucuman.com\/web\/wp-json\/wp\/v2\/tags?post=5425"}],"curies":[{"name":"wp","href":"https:\/\/api.w.org\/{rel}","templated":true}]}}