{"id":5418,"date":"2018-02-16T11:36:33","date_gmt":"2018-02-16T14:36:33","guid":{"rendered":"http:\/\/www.eldiariodetucuman.com\/web\/denunciaron-penalmente-al-joven-que-uso-la-remera-de-macri-con-un-balazo-en-la-frente\/"},"modified":"2018-02-16T11:36:34","modified_gmt":"2018-02-16T14:36:34","slug":"denunciaron-penalmente-al-joven-que-uso-la-remera-de-macri-con-un-balazo-en-la-frente","status":"publish","type":"post","link":"https:\/\/www.eldiariodetucuman.com\/web\/denunciaron-penalmente-al-joven-que-uso-la-remera-de-macri-con-un-balazo-en-la-frente\/","title":{"rendered":"Denunciaron penalmente al joven que us\u00f3 la remera de  Macri con un balazo en la frente"},"content":{"rendered":"<div>\n<div readability=\"18\">\n<p>\u00abCon todo lo que nos ha costado hemos pagado por la democracia, hay que ser respetuosos de la libertad de expresi\u00f3n pero no hay derechos absolutos\u00bb, advirti\u00f3.\u00a0<\/p>\n<p>\u00abEsto no contribuye en nada a encontrar caminos de paz social y convivencia democr\u00e1tica. Quienes buscamos ser dirigentes tenemos que estar a la altura de las circunstancias\u00bb, plante\u00f3. Y agreg\u00f3: \u00abCuando el l\u00edmite no lo da el decoro tendr\u00e1 que actuar la Justicia, porque ac\u00e1 puede haber una incitaci\u00f3n a la violencia, una apolog\u00eda del crimen y ten\u00edamos que denunciarlo\u00bb.<\/p>\n<\/div>\n<\/div>\n<p>Fuente: http:\/\/www.losprimeros.tv\/nota\/123544\/Denunciaron_penalmente_al_joven_que_us\u00f3_la_remera_de__Macri_con_un_balazo_en_la_frente.html<\/p>\n","protected":false},"excerpt":{"rendered":"<p>\u00abCon todo lo que nos ha costado hemos pagado por la democracia, hay que ser respetuosos de la libertad de expresi\u00f3n pero no hay derechos absolutos\u00bb, advirti\u00f3.\u00a0 \u00abEsto no contribuye en nada a encontrar caminos de paz social y convivencia democr\u00e1tica. Quienes buscamos ser dirigentes tenemos que estar a la altura de las circunstancias\u00bb, plante\u00f3. [&hellip;]<\/p>\n","protected":false},"author":1,"featured_media":5419,"comment_status":"open","ping_status":"closed","sticky":false,"template":"","format":"standard","meta":{"footnotes":""},"categories":[3],"tags":[],"class_list":{"0":"post-5418","1":"post","2":"type-post","3":"status-publish","4":"format-standard","5":"has-post-thumbnail","7":"category-politica"},"yoast_head":"<!-- This site is optimized with the Yoast SEO plugin v27.5 - https:\/\/yoast.com\/product\/yoast-seo-wordpress\/ -->\n<title>Denunciaron penalmente al joven que us\u00f3 la remera de Macri con un balazo en la frente - El Diario de Tucuman<\/title>\n<meta name=\"robots\" content=\"index, follow, max-snippet:-1, max-image-preview:large, max-video-preview:-1\" \/>\n<link rel=\"canonical\" href=\"https:\/\/www.eldiariodetucuman.com\/web\/denunciaron-penalmente-al-joven-que-uso-la-remera-de-macri-con-un-balazo-en-la-frente\/\" \/>\n<meta property=\"og:locale\" content=\"es_ES\" \/>\n<meta property=\"og:type\" content=\"article\" \/>\n<meta property=\"og:title\" content=\"Denunciaron penalmente al joven que us\u00f3 la remera de Macri con un balazo en la frente - El Diario de Tucuman\" \/>\n<meta property=\"og:description\" content=\"\u00abCon todo lo que nos ha costado hemos pagado por la democracia, hay que ser respetuosos de la libertad de expresi\u00f3n pero no hay derechos absolutos\u00bb, advirti\u00f3.\u00a0 \u00abEsto no contribuye en nada a encontrar caminos de paz social y convivencia democr\u00e1tica. Quienes buscamos ser dirigentes tenemos que estar a la altura de las circunstancias\u00bb, plante\u00f3. [&hellip;]\" \/>\n<meta property=\"og:url\" content=\"https:\/\/www.eldiariodetucuman.com\/web\/denunciaron-penalmente-al-joven-que-uso-la-remera-de-macri-con-un-balazo-en-la-frente\/\" \/>\n<meta property=\"og:site_name\" content=\"El Diario de Tucuman\" \/>\n<meta property=\"article:published_time\" content=\"2018-02-16T14:36:33+00:00\" \/>\n<meta property=\"article:modified_time\" content=\"2018-02-16T14:36:34+00:00\" \/>\n<meta property=\"og:image\" content=\"https:\/\/www.eldiariodetucuman.com\/web\/wp-content\/uploads\/2018\/02\/faacb603f10adc21dd654aad8cd67738.jpeg\" \/>\n\t<meta property=\"og:image:width\" content=\"561\" \/>\n\t<meta property=\"og:image:height\" content=\"290\" \/>\n\t<meta property=\"og:image:type\" content=\"image\/jpeg\" \/>\n<meta name=\"author\" content=\"admin\" \/>\n<meta name=\"twitter:card\" content=\"summary_large_image\" \/>\n<meta name=\"twitter:label1\" content=\"Escrito por\" \/>\n\t<meta name=\"twitter:data1\" content=\"admin\" \/>\n\t<meta name=\"twitter:label2\" content=\"Tiempo de lectura\" \/>\n\t<meta name=\"twitter:data2\" content=\"1 minuto\" \/>\n<script type=\"application\/ld+json\" class=\"yoast-schema-graph\">{\"@context\":\"https:\\\/\\\/schema.org\",\"@graph\":[{\"@type\":\"Article\",\"@id\":\"https:\\\/\\\/www.eldiariodetucuman.com\\\/web\\\/denunciaron-penalmente-al-joven-que-uso-la-remera-de-macri-con-un-balazo-en-la-frente\\\/#article\",\"isPartOf\":{\"@id\":\"https:\\\/\\\/www.eldiariodetucuman.com\\\/web\\\/denunciaron-penalmente-al-joven-que-uso-la-remera-de-macri-con-un-balazo-en-la-frente\\\/\"},\"author\":{\"name\":\"admin\",\"@id\":\"https:\\\/\\\/www.eldiariodetucuman.com\\\/web\\\/#\\\/schema\\\/person\\\/9250197d75ab5483412e19678b121caa\"},\"headline\":\"Denunciaron penalmente al joven que us\u00f3 la remera de Macri con un balazo en la frente\",\"datePublished\":\"2018-02-16T14:36:33+00:00\",\"dateModified\":\"2018-02-16T14:36:34+00:00\",\"mainEntityOfPage\":{\"@id\":\"https:\\\/\\\/www.eldiariodetucuman.com\\\/web\\\/denunciaron-penalmente-al-joven-que-uso-la-remera-de-macri-con-un-balazo-en-la-frente\\\/\"},\"wordCount\":132,\"commentCount\":0,\"publisher\":{\"@id\":\"https:\\\/\\\/www.eldiariodetucuman.com\\\/web\\\/#organization\"},\"image\":{\"@id\":\"https:\\\/\\\/www.eldiariodetucuman.com\\\/web\\\/denunciaron-penalmente-al-joven-que-uso-la-remera-de-macri-con-un-balazo-en-la-frente\\\/#primaryimage\"},\"thumbnailUrl\":\"https:\\\/\\\/www.eldiariodetucuman.com\\\/web\\\/wp-content\\\/uploads\\\/2018\\\/02\\\/faacb603f10adc21dd654aad8cd67738.jpeg\",\"articleSection\":[\"Politica\"],\"inLanguage\":\"es\",\"potentialAction\":[{\"@type\":\"CommentAction\",\"name\":\"Comment\",\"target\":[\"https:\\\/\\\/www.eldiariodetucuman.com\\\/web\\\/denunciaron-penalmente-al-joven-que-uso-la-remera-de-macri-con-un-balazo-en-la-frente\\\/#respond\"]}]},{\"@type\":\"WebPage\",\"@id\":\"https:\\\/\\\/www.eldiariodetucuman.com\\\/web\\\/denunciaron-penalmente-al-joven-que-uso-la-remera-de-macri-con-un-balazo-en-la-frente\\\/\",\"url\":\"https:\\\/\\\/www.eldiariodetucuman.com\\\/web\\\/denunciaron-penalmente-al-joven-que-uso-la-remera-de-macri-con-un-balazo-en-la-frente\\\/\",\"name\":\"Denunciaron penalmente al joven que us\u00f3 la remera de Macri con un balazo en la frente - El Diario de Tucuman\",\"isPartOf\":{\"@id\":\"https:\\\/\\\/www.eldiariodetucuman.com\\\/web\\\/#website\"},\"primaryImageOfPage\":{\"@id\":\"https:\\\/\\\/www.eldiariodetucuman.com\\\/web\\\/denunciaron-penalmente-al-joven-que-uso-la-remera-de-macri-con-un-balazo-en-la-frente\\\/#primaryimage\"},\"image\":{\"@id\":\"https:\\\/\\\/www.eldiariodetucuman.com\\\/web\\\/denunciaron-penalmente-al-joven-que-uso-la-remera-de-macri-con-un-balazo-en-la-frente\\\/#primaryimage\"},\"thumbnailUrl\":\"https:\\\/\\\/www.eldiariodetucuman.com\\\/web\\\/wp-content\\\/uploads\\\/2018\\\/02\\\/faacb603f10adc21dd654aad8cd67738.jpeg\",\"datePublished\":\"2018-02-16T14:36:33+00:00\",\"dateModified\":\"2018-02-16T14:36:34+00:00\",\"breadcrumb\":{\"@id\":\"https:\\\/\\\/www.eldiariodetucuman.com\\\/web\\\/denunciaron-penalmente-al-joven-que-uso-la-remera-de-macri-con-un-balazo-en-la-frente\\\/#breadcrumb\"},\"inLanguage\":\"es\",\"potentialAction\":[{\"@type\":\"ReadAction\",\"target\":[\"https:\\\/\\\/www.eldiariodetucuman.com\\\/web\\\/denunciaron-penalmente-al-joven-que-uso-la-remera-de-macri-con-un-balazo-en-la-frente\\\/\"]}]},{\"@type\":\"ImageObject\",\"inLanguage\":\"es\",\"@id\":\"https:\\\/\\\/www.eldiariodetucuman.com\\\/web\\\/denunciaron-penalmente-al-joven-que-uso-la-remera-de-macri-con-un-balazo-en-la-frente\\\/#primaryimage\",\"url\":\"https:\\\/\\\/www.eldiariodetucuman.com\\\/web\\\/wp-content\\\/uploads\\\/2018\\\/02\\\/faacb603f10adc21dd654aad8cd67738.jpeg\",\"contentUrl\":\"https:\\\/\\\/www.eldiariodetucuman.com\\\/web\\\/wp-content\\\/uploads\\\/2018\\\/02\\\/faacb603f10adc21dd654aad8cd67738.jpeg\",\"width\":561,\"height\":290},{\"@type\":\"BreadcrumbList\",\"@id\":\"https:\\\/\\\/www.eldiariodetucuman.com\\\/web\\\/denunciaron-penalmente-al-joven-que-uso-la-remera-de-macri-con-un-balazo-en-la-frente\\\/#breadcrumb\",\"itemListElement\":[{\"@type\":\"ListItem\",\"position\":1,\"name\":\"Portada\",\"item\":\"https:\\\/\\\/www.eldiariodetucuman.com\\\/web\\\/\"},{\"@type\":\"ListItem\",\"position\":2,\"name\":\"Denunciaron penalmente al joven que us\u00f3 la remera de Macri con un balazo en la frente\"}]},{\"@type\":\"WebSite\",\"@id\":\"https:\\\/\\\/www.eldiariodetucuman.com\\\/web\\\/#website\",\"url\":\"https:\\\/\\\/www.eldiariodetucuman.com\\\/web\\\/\",\"name\":\"El Diario de Tucuman\",\"description\":\"Diario Tucuman - Informaci\u00f3n y noticias\",\"publisher\":{\"@id\":\"https:\\\/\\\/www.eldiariodetucuman.com\\\/web\\\/#organization\"},\"potentialAction\":[{\"@type\":\"SearchAction\",\"target\":{\"@type\":\"EntryPoint\",\"urlTemplate\":\"https:\\\/\\\/www.eldiariodetucuman.com\\\/web\\\/?s={search_term_string}\"},\"query-input\":{\"@type\":\"PropertyValueSpecification\",\"valueRequired\":true,\"valueName\":\"search_term_string\"}}],\"inLanguage\":\"es\"},{\"@type\":\"Organization\",\"@id\":\"https:\\\/\\\/www.eldiariodetucuman.com\\\/web\\\/#organization\",\"name\":\"El Diario de Tucuman\",\"url\":\"https:\\\/\\\/www.eldiariodetucuman.com\\\/web\\\/\",\"logo\":{\"@type\":\"ImageObject\",\"inLanguage\":\"es\",\"@id\":\"https:\\\/\\\/www.eldiariodetucuman.com\\\/web\\\/#\\\/schema\\\/logo\\\/image\\\/\",\"url\":\"http:\\\/\\\/www.eldiariodetucuman.com\\\/web\\\/wp-content\\\/uploads\\\/2017\\\/12\\\/el-diario-de-tucuman.jpg\",\"contentUrl\":\"http:\\\/\\\/www.eldiariodetucuman.com\\\/web\\\/wp-content\\\/uploads\\\/2017\\\/12\\\/el-diario-de-tucuman.jpg\",\"width\":272,\"height\":92,\"caption\":\"El Diario de Tucuman\"},\"image\":{\"@id\":\"https:\\\/\\\/www.eldiariodetucuman.com\\\/web\\\/#\\\/schema\\\/logo\\\/image\\\/\"}},{\"@type\":\"Person\",\"@id\":\"https:\\\/\\\/www.eldiariodetucuman.com\\\/web\\\/#\\\/schema\\\/person\\\/9250197d75ab5483412e19678b121caa\",\"name\":\"admin\",\"image\":{\"@type\":\"ImageObject\",\"inLanguage\":\"es\",\"@id\":\"https:\\\/\\\/secure.gravatar.com\\\/avatar\\\/c44d117c2be811212c22cb481f6b8384b6873de103fbc49e7a03cc58d7dea4ac?s=96&d=mm&r=g\",\"url\":\"https:\\\/\\\/secure.gravatar.com\\\/avatar\\\/c44d117c2be811212c22cb481f6b8384b6873de103fbc49e7a03cc58d7dea4ac?s=96&d=mm&r=g\",\"contentUrl\":\"https:\\\/\\\/secure.gravatar.com\\\/avatar\\\/c44d117c2be811212c22cb481f6b8384b6873de103fbc49e7a03cc58d7dea4ac?s=96&d=mm&r=g\",\"caption\":\"admin\"},\"url\":\"https:\\\/\\\/www.eldiariodetucuman.com\\\/web\\\/author\\\/admin\\\/\"}]}<\/script>\n<!-- \/ Yoast SEO plugin. -->","yoast_head_json":{"title":"Denunciaron penalmente al joven que us\u00f3 la remera de Macri con un balazo en la frente - El Diario de Tucuman","robots":{"index":"index","follow":"follow","max-snippet":"max-snippet:-1","max-image-preview":"max-image-preview:large","max-video-preview":"max-video-preview:-1"},"canonical":"https:\/\/www.eldiariodetucuman.com\/web\/denunciaron-penalmente-al-joven-que-uso-la-remera-de-macri-con-un-balazo-en-la-frente\/","og_locale":"es_ES","og_type":"article","og_title":"Denunciaron penalmente al joven que us\u00f3 la remera de Macri con un balazo en la frente - El Diario de Tucuman","og_description":"\u00abCon todo lo que nos ha costado hemos pagado por la democracia, hay que ser respetuosos de la libertad de expresi\u00f3n pero no hay derechos absolutos\u00bb, advirti\u00f3.\u00a0 \u00abEsto no contribuye en nada a encontrar caminos de paz social y convivencia democr\u00e1tica. Quienes buscamos ser dirigentes tenemos que estar a la altura de las circunstancias\u00bb, plante\u00f3. [&hellip;]","og_url":"https:\/\/www.eldiariodetucuman.com\/web\/denunciaron-penalmente-al-joven-que-uso-la-remera-de-macri-con-un-balazo-en-la-frente\/","og_site_name":"El Diario de Tucuman","article_published_time":"2018-02-16T14:36:33+00:00","article_modified_time":"2018-02-16T14:36:34+00:00","og_image":[{"width":561,"height":290,"url":"https:\/\/www.eldiariodetucuman.com\/web\/wp-content\/uploads\/2018\/02\/faacb603f10adc21dd654aad8cd67738.jpeg","type":"image\/jpeg"}],"author":"admin","twitter_card":"summary_large_image","twitter_misc":{"Escrito por":"admin","Tiempo de lectura":"1 minuto"},"schema":{"@context":"https:\/\/schema.org","@graph":[{"@type":"Article","@id":"https:\/\/www.eldiariodetucuman.com\/web\/denunciaron-penalmente-al-joven-que-uso-la-remera-de-macri-con-un-balazo-en-la-frente\/#article","isPartOf":{"@id":"https:\/\/www.eldiariodetucuman.com\/web\/denunciaron-penalmente-al-joven-que-uso-la-remera-de-macri-con-un-balazo-en-la-frente\/"},"author":{"name":"admin","@id":"https:\/\/www.eldiariodetucuman.com\/web\/#\/schema\/person\/9250197d75ab5483412e19678b121caa"},"headline":"Denunciaron penalmente al joven que us\u00f3 la remera de Macri con un balazo en la frente","datePublished":"2018-02-16T14:36:33+00:00","dateModified":"2018-02-16T14:36:34+00:00","mainEntityOfPage":{"@id":"https:\/\/www.eldiariodetucuman.com\/web\/denunciaron-penalmente-al-joven-que-uso-la-remera-de-macri-con-un-balazo-en-la-frente\/"},"wordCount":132,"commentCount":0,"publisher":{"@id":"https:\/\/www.eldiariodetucuman.com\/web\/#organization"},"image":{"@id":"https:\/\/www.eldiariodetucuman.com\/web\/denunciaron-penalmente-al-joven-que-uso-la-remera-de-macri-con-un-balazo-en-la-frente\/#primaryimage"},"thumbnailUrl":"https:\/\/www.eldiariodetucuman.com\/web\/wp-content\/uploads\/2018\/02\/faacb603f10adc21dd654aad8cd67738.jpeg","articleSection":["Politica"],"inLanguage":"es","potentialAction":[{"@type":"CommentAction","name":"Comment","target":["https:\/\/www.eldiariodetucuman.com\/web\/denunciaron-penalmente-al-joven-que-uso-la-remera-de-macri-con-un-balazo-en-la-frente\/#respond"]}]},{"@type":"WebPage","@id":"https:\/\/www.eldiariodetucuman.com\/web\/denunciaron-penalmente-al-joven-que-uso-la-remera-de-macri-con-un-balazo-en-la-frente\/","url":"https:\/\/www.eldiariodetucuman.com\/web\/denunciaron-penalmente-al-joven-que-uso-la-remera-de-macri-con-un-balazo-en-la-frente\/","name":"Denunciaron penalmente al joven que us\u00f3 la remera de Macri con un balazo en la frente - El Diario de Tucuman","isPartOf":{"@id":"https:\/\/www.eldiariodetucuman.com\/web\/#website"},"primaryImageOfPage":{"@id":"https:\/\/www.eldiariodetucuman.com\/web\/denunciaron-penalmente-al-joven-que-uso-la-remera-de-macri-con-un-balazo-en-la-frente\/#primaryimage"},"image":{"@id":"https:\/\/www.eldiariodetucuman.com\/web\/denunciaron-penalmente-al-joven-que-uso-la-remera-de-macri-con-un-balazo-en-la-frente\/#primaryimage"},"thumbnailUrl":"https:\/\/www.eldiariodetucuman.com\/web\/wp-content\/uploads\/2018\/02\/faacb603f10adc21dd654aad8cd67738.jpeg","datePublished":"2018-02-16T14:36:33+00:00","dateModified":"2018-02-16T14:36:34+00:00","breadcrumb":{"@id":"https:\/\/www.eldiariodetucuman.com\/web\/denunciaron-penalmente-al-joven-que-uso-la-remera-de-macri-con-un-balazo-en-la-frente\/#breadcrumb"},"inLanguage":"es","potentialAction":[{"@type":"ReadAction","target":["https:\/\/www.eldiariodetucuman.com\/web\/denunciaron-penalmente-al-joven-que-uso-la-remera-de-macri-con-un-balazo-en-la-frente\/"]}]},{"@type":"ImageObject","inLanguage":"es","@id":"https:\/\/www.eldiariodetucuman.com\/web\/denunciaron-penalmente-al-joven-que-uso-la-remera-de-macri-con-un-balazo-en-la-frente\/#primaryimage","url":"https:\/\/www.eldiariodetucuman.com\/web\/wp-content\/uploads\/2018\/02\/faacb603f10adc21dd654aad8cd67738.jpeg","contentUrl":"https:\/\/www.eldiariodetucuman.com\/web\/wp-content\/uploads\/2018\/02\/faacb603f10adc21dd654aad8cd67738.jpeg","width":561,"height":290},{"@type":"BreadcrumbList","@id":"https:\/\/www.eldiariodetucuman.com\/web\/denunciaron-penalmente-al-joven-que-uso-la-remera-de-macri-con-un-balazo-en-la-frente\/#breadcrumb","itemListElement":[{"@type":"ListItem","position":1,"name":"Portada","item":"https:\/\/www.eldiariodetucuman.com\/web\/"},{"@type":"ListItem","position":2,"name":"Denunciaron penalmente al joven que us\u00f3 la remera de Macri con un balazo en la frente"}]},{"@type":"WebSite","@id":"https:\/\/www.eldiariodetucuman.com\/web\/#website","url":"https:\/\/www.eldiariodetucuman.com\/web\/","name":"El Diario de Tucuman","description":"Diario Tucuman - Informaci\u00f3n y noticias","publisher":{"@id":"https:\/\/www.eldiariodetucuman.com\/web\/#organization"},"potentialAction":[{"@type":"SearchAction","target":{"@type":"EntryPoint","urlTemplate":"https:\/\/www.eldiariodetucuman.com\/web\/?s={search_term_string}"},"query-input":{"@type":"PropertyValueSpecification","valueRequired":true,"valueName":"search_term_string"}}],"inLanguage":"es"},{"@type":"Organization","@id":"https:\/\/www.eldiariodetucuman.com\/web\/#organization","name":"El Diario de Tucuman","url":"https:\/\/www.eldiariodetucuman.com\/web\/","logo":{"@type":"ImageObject","inLanguage":"es","@id":"https:\/\/www.eldiariodetucuman.com\/web\/#\/schema\/logo\/image\/","url":"http:\/\/www.eldiariodetucuman.com\/web\/wp-content\/uploads\/2017\/12\/el-diario-de-tucuman.jpg","contentUrl":"http:\/\/www.eldiariodetucuman.com\/web\/wp-content\/uploads\/2017\/12\/el-diario-de-tucuman.jpg","width":272,"height":92,"caption":"El Diario de Tucuman"},"image":{"@id":"https:\/\/www.eldiariodetucuman.com\/web\/#\/schema\/logo\/image\/"}},{"@type":"Person","@id":"https:\/\/www.eldiariodetucuman.com\/web\/#\/schema\/person\/9250197d75ab5483412e19678b121caa","name":"admin","image":{"@type":"ImageObject","inLanguage":"es","@id":"https:\/\/secure.gravatar.com\/avatar\/c44d117c2be811212c22cb481f6b8384b6873de103fbc49e7a03cc58d7dea4ac?s=96&d=mm&r=g","url":"https:\/\/secure.gravatar.com\/avatar\/c44d117c2be811212c22cb481f6b8384b6873de103fbc49e7a03cc58d7dea4ac?s=96&d=mm&r=g","contentUrl":"https:\/\/secure.gravatar.com\/avatar\/c44d117c2be811212c22cb481f6b8384b6873de103fbc49e7a03cc58d7dea4ac?s=96&d=mm&r=g","caption":"admin"},"url":"https:\/\/www.eldiariodetucuman.com\/web\/author\/admin\/"}]}},"_links":{"self":[{"href":"https:\/\/www.eldiariodetucuman.com\/web\/wp-json\/wp\/v2\/posts\/5418","targetHints":{"allow":["GET"]}}],"collection":[{"href":"https:\/\/www.eldiariodetucuman.com\/web\/wp-json\/wp\/v2\/posts"}],"about":[{"href":"https:\/\/www.eldiariodetucuman.com\/web\/wp-json\/wp\/v2\/types\/post"}],"author":[{"embeddable":true,"href":"https:\/\/www.eldiariodetucuman.com\/web\/wp-json\/wp\/v2\/users\/1"}],"replies":[{"embeddable":true,"href":"https:\/\/www.eldiariodetucuman.com\/web\/wp-json\/wp\/v2\/comments?post=5418"}],"version-history":[{"count":1,"href":"https:\/\/www.eldiariodetucuman.com\/web\/wp-json\/wp\/v2\/posts\/5418\/revisions"}],"predecessor-version":[{"id":5420,"href":"https:\/\/www.eldiariodetucuman.com\/web\/wp-json\/wp\/v2\/posts\/5418\/revisions\/5420"}],"wp:featuredmedia":[{"embeddable":true,"href":"https:\/\/www.eldiariodetucuman.com\/web\/wp-json\/wp\/v2\/media\/5419"}],"wp:attachment":[{"href":"https:\/\/www.eldiariodetucuman.com\/web\/wp-json\/wp\/v2\/media?parent=5418"}],"wp:term":[{"taxonomy":"category","embeddable":true,"href":"https:\/\/www.eldiariodetucuman.com\/web\/wp-json\/wp\/v2\/categories?post=5418"},{"taxonomy":"post_tag","embeddable":true,"href":"https:\/\/www.eldiariodetucuman.com\/web\/wp-json\/wp\/v2\/tags?post=5418"}],"curies":[{"name":"wp","href":"https:\/\/api.w.org\/{rel}","templated":true}]}}