{"id":5415,"date":"2018-02-16T11:36:25","date_gmt":"2018-02-16T14:36:25","guid":{"rendered":"http:\/\/www.eldiariodetucuman.com\/web\/los-baez-citados-por-el-tribunal-que-hara-el-juicio-oral\/"},"modified":"2018-02-16T11:36:29","modified_gmt":"2018-02-16T14:36:29","slug":"los-baez-citados-por-el-tribunal-que-hara-el-juicio-oral","status":"publish","type":"post","link":"https:\/\/www.eldiariodetucuman.com\/web\/los-baez-citados-por-el-tribunal-que-hara-el-juicio-oral\/","title":{"rendered":"Los B\u00e1ez, citados por el Tribunal que har\u00e1 el juicio oral"},"content":{"rendered":"<div>\n<p>La causa, que ya acumula unos 170 cuerpos, demand\u00f3 que el TOF 9 solicite personal extra para abocarse a preparar la instancia del juicio oral.\u00a0<\/p>\n<div readability=\"20\">\n<p>En dos semanas comenzar\u00e1n las notificaciones a los imputados. Para el 26 de febrero a las 9.30 est\u00e1n citados L\u00e1zaro B\u00e1ez, el contador <b>Daniel P\u00e9rez Gad\u00edn y el abogado del empresario K, Jorge Chueco<\/b>. Todos ellos se encuentran detenidos en el Penal de Ezeiza desde abril de 2016 y este a\u00f1o se cumplen los dos a\u00f1os de prisi\u00f3n preventiva. Ser\u00e1 justamente el TOF 9 quien decida si posterga por un a\u00f1o m\u00e1s la detenci\u00f3n sin condena.\u00a0<\/p>\n<div readability=\"19\">\n<p>Al d\u00eda siguiente, deber\u00e1n presentarse \u00ab<b>bajo apercibimiento de ser declarados rebeldes y ordenar sus capturas en caso de inasistencias injustificadas<\/b>\u00ab, tres de los hijos del empresario K: Leandro, Luciana y Melina B\u00e1ez.\u00a0<\/p>\n<p>Los tres se encuentran en R\u00edo Gallegos y junto a su padre fueron procesados por lavado de activos. El horario fijado es a partir de las 9.30. En el caso de Mart\u00edn, el mayor de los hijos varones, cuenta con autorizaci\u00f3n para estar con su familia en la capital santacruce\u00f1a y se le fijar\u00e1 audiencia m\u00e1s adelante.<\/p>\n<\/div>\n<\/div>\n<\/div>\n<p>Fuente: http:\/\/www.losprimeros.tv\/nota\/123546\/Los_B\u00e1ez,_citados_por_el_Tribunal_que_har\u00e1_el_juicio_oral.html<\/p>\n","protected":false},"excerpt":{"rendered":"<p>La causa, que ya acumula unos 170 cuerpos, demand\u00f3 que el TOF 9 solicite personal extra para abocarse a preparar la instancia del juicio oral.\u00a0 En dos semanas comenzar\u00e1n las notificaciones a los imputados. Para el 26 de febrero a las 9.30 est\u00e1n citados L\u00e1zaro B\u00e1ez, el contador Daniel P\u00e9rez Gad\u00edn y el abogado del [&hellip;]<\/p>\n","protected":false},"author":1,"featured_media":5416,"comment_status":"open","ping_status":"closed","sticky":false,"template":"","format":"standard","meta":{"footnotes":""},"categories":[3],"tags":[],"class_list":{"0":"post-5415","1":"post","2":"type-post","3":"status-publish","4":"format-standard","5":"has-post-thumbnail","7":"category-politica"},"yoast_head":"<!-- This site is optimized with the Yoast SEO plugin v27.5 - https:\/\/yoast.com\/product\/yoast-seo-wordpress\/ -->\n<title>Los B\u00e1ez, citados por el Tribunal que har\u00e1 el juicio oral - El Diario de Tucuman<\/title>\n<meta name=\"robots\" content=\"index, follow, max-snippet:-1, max-image-preview:large, max-video-preview:-1\" \/>\n<link rel=\"canonical\" href=\"https:\/\/www.eldiariodetucuman.com\/web\/los-baez-citados-por-el-tribunal-que-hara-el-juicio-oral\/\" \/>\n<meta property=\"og:locale\" content=\"es_ES\" \/>\n<meta property=\"og:type\" content=\"article\" \/>\n<meta property=\"og:title\" content=\"Los B\u00e1ez, citados por el Tribunal que har\u00e1 el juicio oral - El Diario de Tucuman\" \/>\n<meta property=\"og:description\" content=\"La causa, que ya acumula unos 170 cuerpos, demand\u00f3 que el TOF 9 solicite personal extra para abocarse a preparar la instancia del juicio oral.\u00a0 En dos semanas comenzar\u00e1n las notificaciones a los imputados. Para el 26 de febrero a las 9.30 est\u00e1n citados L\u00e1zaro B\u00e1ez, el contador Daniel P\u00e9rez Gad\u00edn y el abogado del [&hellip;]\" \/>\n<meta property=\"og:url\" content=\"https:\/\/www.eldiariodetucuman.com\/web\/los-baez-citados-por-el-tribunal-que-hara-el-juicio-oral\/\" \/>\n<meta property=\"og:site_name\" content=\"El Diario de Tucuman\" \/>\n<meta property=\"article:published_time\" content=\"2018-02-16T14:36:25+00:00\" \/>\n<meta property=\"article:modified_time\" content=\"2018-02-16T14:36:29+00:00\" \/>\n<meta property=\"og:image\" content=\"https:\/\/www.eldiariodetucuman.com\/web\/wp-content\/uploads\/2018\/02\/32c796bfd4be17ab190d9e374424e5ee.jpeg\" \/>\n\t<meta property=\"og:image:width\" content=\"605\" \/>\n\t<meta property=\"og:image:height\" content=\"476\" \/>\n\t<meta property=\"og:image:type\" content=\"image\/jpeg\" \/>\n<meta name=\"author\" content=\"admin\" \/>\n<meta name=\"twitter:card\" content=\"summary_large_image\" \/>\n<meta name=\"twitter:label1\" content=\"Escrito por\" \/>\n\t<meta name=\"twitter:data1\" content=\"admin\" \/>\n\t<meta name=\"twitter:label2\" content=\"Tiempo de lectura\" \/>\n\t<meta name=\"twitter:data2\" content=\"1 minuto\" \/>\n<script type=\"application\/ld+json\" class=\"yoast-schema-graph\">{\"@context\":\"https:\\\/\\\/schema.org\",\"@graph\":[{\"@type\":\"Article\",\"@id\":\"https:\\\/\\\/www.eldiariodetucuman.com\\\/web\\\/los-baez-citados-por-el-tribunal-que-hara-el-juicio-oral\\\/#article\",\"isPartOf\":{\"@id\":\"https:\\\/\\\/www.eldiariodetucuman.com\\\/web\\\/los-baez-citados-por-el-tribunal-que-hara-el-juicio-oral\\\/\"},\"author\":{\"name\":\"admin\",\"@id\":\"https:\\\/\\\/www.eldiariodetucuman.com\\\/web\\\/#\\\/schema\\\/person\\\/9250197d75ab5483412e19678b121caa\"},\"headline\":\"Los B\u00e1ez, citados por el Tribunal que har\u00e1 el juicio oral\",\"datePublished\":\"2018-02-16T14:36:25+00:00\",\"dateModified\":\"2018-02-16T14:36:29+00:00\",\"mainEntityOfPage\":{\"@id\":\"https:\\\/\\\/www.eldiariodetucuman.com\\\/web\\\/los-baez-citados-por-el-tribunal-que-hara-el-juicio-oral\\\/\"},\"wordCount\":234,\"commentCount\":0,\"publisher\":{\"@id\":\"https:\\\/\\\/www.eldiariodetucuman.com\\\/web\\\/#organization\"},\"image\":{\"@id\":\"https:\\\/\\\/www.eldiariodetucuman.com\\\/web\\\/los-baez-citados-por-el-tribunal-que-hara-el-juicio-oral\\\/#primaryimage\"},\"thumbnailUrl\":\"https:\\\/\\\/www.eldiariodetucuman.com\\\/web\\\/wp-content\\\/uploads\\\/2018\\\/02\\\/32c796bfd4be17ab190d9e374424e5ee.jpeg\",\"articleSection\":[\"Politica\"],\"inLanguage\":\"es\",\"potentialAction\":[{\"@type\":\"CommentAction\",\"name\":\"Comment\",\"target\":[\"https:\\\/\\\/www.eldiariodetucuman.com\\\/web\\\/los-baez-citados-por-el-tribunal-que-hara-el-juicio-oral\\\/#respond\"]}]},{\"@type\":\"WebPage\",\"@id\":\"https:\\\/\\\/www.eldiariodetucuman.com\\\/web\\\/los-baez-citados-por-el-tribunal-que-hara-el-juicio-oral\\\/\",\"url\":\"https:\\\/\\\/www.eldiariodetucuman.com\\\/web\\\/los-baez-citados-por-el-tribunal-que-hara-el-juicio-oral\\\/\",\"name\":\"Los B\u00e1ez, citados por el Tribunal que har\u00e1 el juicio oral - El Diario de Tucuman\",\"isPartOf\":{\"@id\":\"https:\\\/\\\/www.eldiariodetucuman.com\\\/web\\\/#website\"},\"primaryImageOfPage\":{\"@id\":\"https:\\\/\\\/www.eldiariodetucuman.com\\\/web\\\/los-baez-citados-por-el-tribunal-que-hara-el-juicio-oral\\\/#primaryimage\"},\"image\":{\"@id\":\"https:\\\/\\\/www.eldiariodetucuman.com\\\/web\\\/los-baez-citados-por-el-tribunal-que-hara-el-juicio-oral\\\/#primaryimage\"},\"thumbnailUrl\":\"https:\\\/\\\/www.eldiariodetucuman.com\\\/web\\\/wp-content\\\/uploads\\\/2018\\\/02\\\/32c796bfd4be17ab190d9e374424e5ee.jpeg\",\"datePublished\":\"2018-02-16T14:36:25+00:00\",\"dateModified\":\"2018-02-16T14:36:29+00:00\",\"breadcrumb\":{\"@id\":\"https:\\\/\\\/www.eldiariodetucuman.com\\\/web\\\/los-baez-citados-por-el-tribunal-que-hara-el-juicio-oral\\\/#breadcrumb\"},\"inLanguage\":\"es\",\"potentialAction\":[{\"@type\":\"ReadAction\",\"target\":[\"https:\\\/\\\/www.eldiariodetucuman.com\\\/web\\\/los-baez-citados-por-el-tribunal-que-hara-el-juicio-oral\\\/\"]}]},{\"@type\":\"ImageObject\",\"inLanguage\":\"es\",\"@id\":\"https:\\\/\\\/www.eldiariodetucuman.com\\\/web\\\/los-baez-citados-por-el-tribunal-que-hara-el-juicio-oral\\\/#primaryimage\",\"url\":\"https:\\\/\\\/www.eldiariodetucuman.com\\\/web\\\/wp-content\\\/uploads\\\/2018\\\/02\\\/32c796bfd4be17ab190d9e374424e5ee.jpeg\",\"contentUrl\":\"https:\\\/\\\/www.eldiariodetucuman.com\\\/web\\\/wp-content\\\/uploads\\\/2018\\\/02\\\/32c796bfd4be17ab190d9e374424e5ee.jpeg\",\"width\":605,\"height\":476},{\"@type\":\"BreadcrumbList\",\"@id\":\"https:\\\/\\\/www.eldiariodetucuman.com\\\/web\\\/los-baez-citados-por-el-tribunal-que-hara-el-juicio-oral\\\/#breadcrumb\",\"itemListElement\":[{\"@type\":\"ListItem\",\"position\":1,\"name\":\"Portada\",\"item\":\"https:\\\/\\\/www.eldiariodetucuman.com\\\/web\\\/\"},{\"@type\":\"ListItem\",\"position\":2,\"name\":\"Los B\u00e1ez, citados por el Tribunal que har\u00e1 el juicio oral\"}]},{\"@type\":\"WebSite\",\"@id\":\"https:\\\/\\\/www.eldiariodetucuman.com\\\/web\\\/#website\",\"url\":\"https:\\\/\\\/www.eldiariodetucuman.com\\\/web\\\/\",\"name\":\"El Diario de Tucuman\",\"description\":\"Diario Tucuman - Informaci\u00f3n y noticias\",\"publisher\":{\"@id\":\"https:\\\/\\\/www.eldiariodetucuman.com\\\/web\\\/#organization\"},\"potentialAction\":[{\"@type\":\"SearchAction\",\"target\":{\"@type\":\"EntryPoint\",\"urlTemplate\":\"https:\\\/\\\/www.eldiariodetucuman.com\\\/web\\\/?s={search_term_string}\"},\"query-input\":{\"@type\":\"PropertyValueSpecification\",\"valueRequired\":true,\"valueName\":\"search_term_string\"}}],\"inLanguage\":\"es\"},{\"@type\":\"Organization\",\"@id\":\"https:\\\/\\\/www.eldiariodetucuman.com\\\/web\\\/#organization\",\"name\":\"El Diario de Tucuman\",\"url\":\"https:\\\/\\\/www.eldiariodetucuman.com\\\/web\\\/\",\"logo\":{\"@type\":\"ImageObject\",\"inLanguage\":\"es\",\"@id\":\"https:\\\/\\\/www.eldiariodetucuman.com\\\/web\\\/#\\\/schema\\\/logo\\\/image\\\/\",\"url\":\"http:\\\/\\\/www.eldiariodetucuman.com\\\/web\\\/wp-content\\\/uploads\\\/2017\\\/12\\\/el-diario-de-tucuman.jpg\",\"contentUrl\":\"http:\\\/\\\/www.eldiariodetucuman.com\\\/web\\\/wp-content\\\/uploads\\\/2017\\\/12\\\/el-diario-de-tucuman.jpg\",\"width\":272,\"height\":92,\"caption\":\"El Diario de Tucuman\"},\"image\":{\"@id\":\"https:\\\/\\\/www.eldiariodetucuman.com\\\/web\\\/#\\\/schema\\\/logo\\\/image\\\/\"}},{\"@type\":\"Person\",\"@id\":\"https:\\\/\\\/www.eldiariodetucuman.com\\\/web\\\/#\\\/schema\\\/person\\\/9250197d75ab5483412e19678b121caa\",\"name\":\"admin\",\"image\":{\"@type\":\"ImageObject\",\"inLanguage\":\"es\",\"@id\":\"https:\\\/\\\/secure.gravatar.com\\\/avatar\\\/c44d117c2be811212c22cb481f6b8384b6873de103fbc49e7a03cc58d7dea4ac?s=96&d=mm&r=g\",\"url\":\"https:\\\/\\\/secure.gravatar.com\\\/avatar\\\/c44d117c2be811212c22cb481f6b8384b6873de103fbc49e7a03cc58d7dea4ac?s=96&d=mm&r=g\",\"contentUrl\":\"https:\\\/\\\/secure.gravatar.com\\\/avatar\\\/c44d117c2be811212c22cb481f6b8384b6873de103fbc49e7a03cc58d7dea4ac?s=96&d=mm&r=g\",\"caption\":\"admin\"},\"url\":\"https:\\\/\\\/www.eldiariodetucuman.com\\\/web\\\/author\\\/admin\\\/\"}]}<\/script>\n<!-- \/ Yoast SEO plugin. -->","yoast_head_json":{"title":"Los B\u00e1ez, citados por el Tribunal que har\u00e1 el juicio oral - El Diario de Tucuman","robots":{"index":"index","follow":"follow","max-snippet":"max-snippet:-1","max-image-preview":"max-image-preview:large","max-video-preview":"max-video-preview:-1"},"canonical":"https:\/\/www.eldiariodetucuman.com\/web\/los-baez-citados-por-el-tribunal-que-hara-el-juicio-oral\/","og_locale":"es_ES","og_type":"article","og_title":"Los B\u00e1ez, citados por el Tribunal que har\u00e1 el juicio oral - El Diario de Tucuman","og_description":"La causa, que ya acumula unos 170 cuerpos, demand\u00f3 que el TOF 9 solicite personal extra para abocarse a preparar la instancia del juicio oral.\u00a0 En dos semanas comenzar\u00e1n las notificaciones a los imputados. Para el 26 de febrero a las 9.30 est\u00e1n citados L\u00e1zaro B\u00e1ez, el contador Daniel P\u00e9rez Gad\u00edn y el abogado del [&hellip;]","og_url":"https:\/\/www.eldiariodetucuman.com\/web\/los-baez-citados-por-el-tribunal-que-hara-el-juicio-oral\/","og_site_name":"El Diario de Tucuman","article_published_time":"2018-02-16T14:36:25+00:00","article_modified_time":"2018-02-16T14:36:29+00:00","og_image":[{"width":605,"height":476,"url":"https:\/\/www.eldiariodetucuman.com\/web\/wp-content\/uploads\/2018\/02\/32c796bfd4be17ab190d9e374424e5ee.jpeg","type":"image\/jpeg"}],"author":"admin","twitter_card":"summary_large_image","twitter_misc":{"Escrito por":"admin","Tiempo de lectura":"1 minuto"},"schema":{"@context":"https:\/\/schema.org","@graph":[{"@type":"Article","@id":"https:\/\/www.eldiariodetucuman.com\/web\/los-baez-citados-por-el-tribunal-que-hara-el-juicio-oral\/#article","isPartOf":{"@id":"https:\/\/www.eldiariodetucuman.com\/web\/los-baez-citados-por-el-tribunal-que-hara-el-juicio-oral\/"},"author":{"name":"admin","@id":"https:\/\/www.eldiariodetucuman.com\/web\/#\/schema\/person\/9250197d75ab5483412e19678b121caa"},"headline":"Los B\u00e1ez, citados por el Tribunal que har\u00e1 el juicio oral","datePublished":"2018-02-16T14:36:25+00:00","dateModified":"2018-02-16T14:36:29+00:00","mainEntityOfPage":{"@id":"https:\/\/www.eldiariodetucuman.com\/web\/los-baez-citados-por-el-tribunal-que-hara-el-juicio-oral\/"},"wordCount":234,"commentCount":0,"publisher":{"@id":"https:\/\/www.eldiariodetucuman.com\/web\/#organization"},"image":{"@id":"https:\/\/www.eldiariodetucuman.com\/web\/los-baez-citados-por-el-tribunal-que-hara-el-juicio-oral\/#primaryimage"},"thumbnailUrl":"https:\/\/www.eldiariodetucuman.com\/web\/wp-content\/uploads\/2018\/02\/32c796bfd4be17ab190d9e374424e5ee.jpeg","articleSection":["Politica"],"inLanguage":"es","potentialAction":[{"@type":"CommentAction","name":"Comment","target":["https:\/\/www.eldiariodetucuman.com\/web\/los-baez-citados-por-el-tribunal-que-hara-el-juicio-oral\/#respond"]}]},{"@type":"WebPage","@id":"https:\/\/www.eldiariodetucuman.com\/web\/los-baez-citados-por-el-tribunal-que-hara-el-juicio-oral\/","url":"https:\/\/www.eldiariodetucuman.com\/web\/los-baez-citados-por-el-tribunal-que-hara-el-juicio-oral\/","name":"Los B\u00e1ez, citados por el Tribunal que har\u00e1 el juicio oral - El Diario de Tucuman","isPartOf":{"@id":"https:\/\/www.eldiariodetucuman.com\/web\/#website"},"primaryImageOfPage":{"@id":"https:\/\/www.eldiariodetucuman.com\/web\/los-baez-citados-por-el-tribunal-que-hara-el-juicio-oral\/#primaryimage"},"image":{"@id":"https:\/\/www.eldiariodetucuman.com\/web\/los-baez-citados-por-el-tribunal-que-hara-el-juicio-oral\/#primaryimage"},"thumbnailUrl":"https:\/\/www.eldiariodetucuman.com\/web\/wp-content\/uploads\/2018\/02\/32c796bfd4be17ab190d9e374424e5ee.jpeg","datePublished":"2018-02-16T14:36:25+00:00","dateModified":"2018-02-16T14:36:29+00:00","breadcrumb":{"@id":"https:\/\/www.eldiariodetucuman.com\/web\/los-baez-citados-por-el-tribunal-que-hara-el-juicio-oral\/#breadcrumb"},"inLanguage":"es","potentialAction":[{"@type":"ReadAction","target":["https:\/\/www.eldiariodetucuman.com\/web\/los-baez-citados-por-el-tribunal-que-hara-el-juicio-oral\/"]}]},{"@type":"ImageObject","inLanguage":"es","@id":"https:\/\/www.eldiariodetucuman.com\/web\/los-baez-citados-por-el-tribunal-que-hara-el-juicio-oral\/#primaryimage","url":"https:\/\/www.eldiariodetucuman.com\/web\/wp-content\/uploads\/2018\/02\/32c796bfd4be17ab190d9e374424e5ee.jpeg","contentUrl":"https:\/\/www.eldiariodetucuman.com\/web\/wp-content\/uploads\/2018\/02\/32c796bfd4be17ab190d9e374424e5ee.jpeg","width":605,"height":476},{"@type":"BreadcrumbList","@id":"https:\/\/www.eldiariodetucuman.com\/web\/los-baez-citados-por-el-tribunal-que-hara-el-juicio-oral\/#breadcrumb","itemListElement":[{"@type":"ListItem","position":1,"name":"Portada","item":"https:\/\/www.eldiariodetucuman.com\/web\/"},{"@type":"ListItem","position":2,"name":"Los B\u00e1ez, citados por el Tribunal que har\u00e1 el juicio oral"}]},{"@type":"WebSite","@id":"https:\/\/www.eldiariodetucuman.com\/web\/#website","url":"https:\/\/www.eldiariodetucuman.com\/web\/","name":"El Diario de Tucuman","description":"Diario Tucuman - Informaci\u00f3n y noticias","publisher":{"@id":"https:\/\/www.eldiariodetucuman.com\/web\/#organization"},"potentialAction":[{"@type":"SearchAction","target":{"@type":"EntryPoint","urlTemplate":"https:\/\/www.eldiariodetucuman.com\/web\/?s={search_term_string}"},"query-input":{"@type":"PropertyValueSpecification","valueRequired":true,"valueName":"search_term_string"}}],"inLanguage":"es"},{"@type":"Organization","@id":"https:\/\/www.eldiariodetucuman.com\/web\/#organization","name":"El Diario de Tucuman","url":"https:\/\/www.eldiariodetucuman.com\/web\/","logo":{"@type":"ImageObject","inLanguage":"es","@id":"https:\/\/www.eldiariodetucuman.com\/web\/#\/schema\/logo\/image\/","url":"http:\/\/www.eldiariodetucuman.com\/web\/wp-content\/uploads\/2017\/12\/el-diario-de-tucuman.jpg","contentUrl":"http:\/\/www.eldiariodetucuman.com\/web\/wp-content\/uploads\/2017\/12\/el-diario-de-tucuman.jpg","width":272,"height":92,"caption":"El Diario de Tucuman"},"image":{"@id":"https:\/\/www.eldiariodetucuman.com\/web\/#\/schema\/logo\/image\/"}},{"@type":"Person","@id":"https:\/\/www.eldiariodetucuman.com\/web\/#\/schema\/person\/9250197d75ab5483412e19678b121caa","name":"admin","image":{"@type":"ImageObject","inLanguage":"es","@id":"https:\/\/secure.gravatar.com\/avatar\/c44d117c2be811212c22cb481f6b8384b6873de103fbc49e7a03cc58d7dea4ac?s=96&d=mm&r=g","url":"https:\/\/secure.gravatar.com\/avatar\/c44d117c2be811212c22cb481f6b8384b6873de103fbc49e7a03cc58d7dea4ac?s=96&d=mm&r=g","contentUrl":"https:\/\/secure.gravatar.com\/avatar\/c44d117c2be811212c22cb481f6b8384b6873de103fbc49e7a03cc58d7dea4ac?s=96&d=mm&r=g","caption":"admin"},"url":"https:\/\/www.eldiariodetucuman.com\/web\/author\/admin\/"}]}},"_links":{"self":[{"href":"https:\/\/www.eldiariodetucuman.com\/web\/wp-json\/wp\/v2\/posts\/5415","targetHints":{"allow":["GET"]}}],"collection":[{"href":"https:\/\/www.eldiariodetucuman.com\/web\/wp-json\/wp\/v2\/posts"}],"about":[{"href":"https:\/\/www.eldiariodetucuman.com\/web\/wp-json\/wp\/v2\/types\/post"}],"author":[{"embeddable":true,"href":"https:\/\/www.eldiariodetucuman.com\/web\/wp-json\/wp\/v2\/users\/1"}],"replies":[{"embeddable":true,"href":"https:\/\/www.eldiariodetucuman.com\/web\/wp-json\/wp\/v2\/comments?post=5415"}],"version-history":[{"count":1,"href":"https:\/\/www.eldiariodetucuman.com\/web\/wp-json\/wp\/v2\/posts\/5415\/revisions"}],"predecessor-version":[{"id":5417,"href":"https:\/\/www.eldiariodetucuman.com\/web\/wp-json\/wp\/v2\/posts\/5415\/revisions\/5417"}],"wp:featuredmedia":[{"embeddable":true,"href":"https:\/\/www.eldiariodetucuman.com\/web\/wp-json\/wp\/v2\/media\/5416"}],"wp:attachment":[{"href":"https:\/\/www.eldiariodetucuman.com\/web\/wp-json\/wp\/v2\/media?parent=5415"}],"wp:term":[{"taxonomy":"category","embeddable":true,"href":"https:\/\/www.eldiariodetucuman.com\/web\/wp-json\/wp\/v2\/categories?post=5415"},{"taxonomy":"post_tag","embeddable":true,"href":"https:\/\/www.eldiariodetucuman.com\/web\/wp-json\/wp\/v2\/tags?post=5415"}],"curies":[{"name":"wp","href":"https:\/\/api.w.org\/{rel}","templated":true}]}}