{"id":5409,"date":"2018-02-16T11:36:07","date_gmt":"2018-02-16T14:36:07","guid":{"rendered":"http:\/\/www.eldiariodetucuman.com\/web\/sangriento-tiroteo-en-nueva-cordoba-murieron-dos-ladrones-y-un-policia\/"},"modified":"2018-02-16T11:36:12","modified_gmt":"2018-02-16T14:36:12","slug":"sangriento-tiroteo-en-nueva-cordoba-murieron-dos-ladrones-y-un-policia","status":"publish","type":"post","link":"https:\/\/www.eldiariodetucuman.com\/web\/sangriento-tiroteo-en-nueva-cordoba-murieron-dos-ladrones-y-un-policia\/","title":{"rendered":"Sangriento tiroteo en Nueva C\u00f3rdoba: murieron dos ladrones y un polic\u00eda"},"content":{"rendered":"<div>\n<div readability=\"19\">\n<p>Al llegar a la planta baja, se produce el primer encuentro con la polic\u00eda y el inicio del tiroteo. En ese primer enfrentamiento recibi\u00f3 un disparo en la nuca el cabo Franco Ferraro, oriundo de San Carlos Minas, quien minutos desp\u00faes muri\u00f3.\u00a0<\/p>\n<div readability=\"19\">\n<p>Los primeros estruendos del tiroteo alertaron a la gente que se encontraba en los bares de la zonas. Muchos terminaron cuerpo a tierra y otros corriendo a buscar refugio. <b>Otro m\u00f3vil policial en el lugar se incorpor\u00f3 minutos despu\u00e9s y all\u00ed se produjo el m\u00e1s intenso de los enfrentamientos.\u00a0<\/b><\/p>\n<p>Con fuego cruzado en la en la esquina de de Rondeau y Buenos Aires e impactando balazos en los edificios, cae abatido el primer delincuente, a metros de Rodeando 82, sobre la misma mano. <b>Un oficial de civil que se enconntraba metros de Ill\u00eda y Buenos Aires, al escuchar los disparos se dirigi\u00f3 a hasta el lugar. All\u00ed dispar\u00f3 contra uno de los malhechores que cay\u00f3 abatido, metros despu\u00e9s alcanz\u00f3 con un disparo a Diego Alberto Tremarchi, quien permanece detenido.<\/b> Los otros delincuentes de la banda pudieron escapar.<\/p>\n<\/div>\n<\/div>\n<\/div>\n<p>Fuente: http:\/\/www.losprimeros.tv\/nota\/123592\/Sangriento_tiroteo_en_Nueva_C\u00f3rdoba_murieron_dos_ladrones_y_un_polic\u00eda.html<\/p>\n","protected":false},"excerpt":{"rendered":"<p>Al llegar a la planta baja, se produce el primer encuentro con la polic\u00eda y el inicio del tiroteo. En ese primer enfrentamiento recibi\u00f3 un disparo en la nuca el cabo Franco Ferraro, oriundo de San Carlos Minas, quien minutos desp\u00faes muri\u00f3.\u00a0 Los primeros estruendos del tiroteo alertaron a la gente que se encontraba en [&hellip;]<\/p>\n","protected":false},"author":1,"featured_media":5410,"comment_status":"open","ping_status":"closed","sticky":false,"template":"","format":"standard","meta":{"footnotes":""},"categories":[3],"tags":[],"class_list":{"0":"post-5409","1":"post","2":"type-post","3":"status-publish","4":"format-standard","5":"has-post-thumbnail","7":"category-politica"},"yoast_head":"<!-- This site is optimized with the Yoast SEO plugin v27.5 - https:\/\/yoast.com\/product\/yoast-seo-wordpress\/ -->\n<title>Sangriento tiroteo en Nueva C\u00f3rdoba: murieron dos ladrones y un polic\u00eda - El Diario de Tucuman<\/title>\n<meta name=\"robots\" content=\"index, follow, max-snippet:-1, max-image-preview:large, max-video-preview:-1\" \/>\n<link rel=\"canonical\" href=\"https:\/\/www.eldiariodetucuman.com\/web\/sangriento-tiroteo-en-nueva-cordoba-murieron-dos-ladrones-y-un-policia\/\" \/>\n<meta property=\"og:locale\" content=\"es_ES\" \/>\n<meta property=\"og:type\" content=\"article\" \/>\n<meta property=\"og:title\" content=\"Sangriento tiroteo en Nueva C\u00f3rdoba: murieron dos ladrones y un polic\u00eda - El Diario de Tucuman\" \/>\n<meta property=\"og:description\" content=\"Al llegar a la planta baja, se produce el primer encuentro con la polic\u00eda y el inicio del tiroteo. En ese primer enfrentamiento recibi\u00f3 un disparo en la nuca el cabo Franco Ferraro, oriundo de San Carlos Minas, quien minutos desp\u00faes muri\u00f3.\u00a0 Los primeros estruendos del tiroteo alertaron a la gente que se encontraba en [&hellip;]\" \/>\n<meta property=\"og:url\" content=\"https:\/\/www.eldiariodetucuman.com\/web\/sangriento-tiroteo-en-nueva-cordoba-murieron-dos-ladrones-y-un-policia\/\" \/>\n<meta property=\"og:site_name\" content=\"El Diario de Tucuman\" \/>\n<meta property=\"article:published_time\" content=\"2018-02-16T14:36:07+00:00\" \/>\n<meta property=\"article:modified_time\" content=\"2018-02-16T14:36:12+00:00\" \/>\n<meta property=\"og:image\" content=\"https:\/\/www.eldiariodetucuman.com\/web\/wp-content\/uploads\/2018\/02\/8868cd6f311d1a6dac5f0466b3554732.jpeg\" \/>\n\t<meta property=\"og:image:width\" content=\"1020\" \/>\n\t<meta property=\"og:image:height\" content=\"560\" \/>\n\t<meta property=\"og:image:type\" content=\"image\/jpeg\" \/>\n<meta name=\"author\" content=\"admin\" \/>\n<meta name=\"twitter:card\" content=\"summary_large_image\" \/>\n<meta name=\"twitter:label1\" content=\"Escrito por\" \/>\n\t<meta name=\"twitter:data1\" content=\"admin\" \/>\n\t<meta name=\"twitter:label2\" content=\"Tiempo de lectura\" \/>\n\t<meta name=\"twitter:data2\" content=\"1 minuto\" \/>\n<script type=\"application\/ld+json\" class=\"yoast-schema-graph\">{\"@context\":\"https:\\\/\\\/schema.org\",\"@graph\":[{\"@type\":\"Article\",\"@id\":\"https:\\\/\\\/www.eldiariodetucuman.com\\\/web\\\/sangriento-tiroteo-en-nueva-cordoba-murieron-dos-ladrones-y-un-policia\\\/#article\",\"isPartOf\":{\"@id\":\"https:\\\/\\\/www.eldiariodetucuman.com\\\/web\\\/sangriento-tiroteo-en-nueva-cordoba-murieron-dos-ladrones-y-un-policia\\\/\"},\"author\":{\"name\":\"admin\",\"@id\":\"https:\\\/\\\/www.eldiariodetucuman.com\\\/web\\\/#\\\/schema\\\/person\\\/9250197d75ab5483412e19678b121caa\"},\"headline\":\"Sangriento tiroteo en Nueva C\u00f3rdoba: murieron dos ladrones y un polic\u00eda\",\"datePublished\":\"2018-02-16T14:36:07+00:00\",\"dateModified\":\"2018-02-16T14:36:12+00:00\",\"mainEntityOfPage\":{\"@id\":\"https:\\\/\\\/www.eldiariodetucuman.com\\\/web\\\/sangriento-tiroteo-en-nueva-cordoba-murieron-dos-ladrones-y-un-policia\\\/\"},\"wordCount\":218,\"commentCount\":0,\"publisher\":{\"@id\":\"https:\\\/\\\/www.eldiariodetucuman.com\\\/web\\\/#organization\"},\"image\":{\"@id\":\"https:\\\/\\\/www.eldiariodetucuman.com\\\/web\\\/sangriento-tiroteo-en-nueva-cordoba-murieron-dos-ladrones-y-un-policia\\\/#primaryimage\"},\"thumbnailUrl\":\"https:\\\/\\\/www.eldiariodetucuman.com\\\/web\\\/wp-content\\\/uploads\\\/2018\\\/02\\\/8868cd6f311d1a6dac5f0466b3554732.jpeg\",\"articleSection\":[\"Politica\"],\"inLanguage\":\"es\",\"potentialAction\":[{\"@type\":\"CommentAction\",\"name\":\"Comment\",\"target\":[\"https:\\\/\\\/www.eldiariodetucuman.com\\\/web\\\/sangriento-tiroteo-en-nueva-cordoba-murieron-dos-ladrones-y-un-policia\\\/#respond\"]}]},{\"@type\":\"WebPage\",\"@id\":\"https:\\\/\\\/www.eldiariodetucuman.com\\\/web\\\/sangriento-tiroteo-en-nueva-cordoba-murieron-dos-ladrones-y-un-policia\\\/\",\"url\":\"https:\\\/\\\/www.eldiariodetucuman.com\\\/web\\\/sangriento-tiroteo-en-nueva-cordoba-murieron-dos-ladrones-y-un-policia\\\/\",\"name\":\"Sangriento tiroteo en Nueva C\u00f3rdoba: murieron dos ladrones y un polic\u00eda - El Diario de Tucuman\",\"isPartOf\":{\"@id\":\"https:\\\/\\\/www.eldiariodetucuman.com\\\/web\\\/#website\"},\"primaryImageOfPage\":{\"@id\":\"https:\\\/\\\/www.eldiariodetucuman.com\\\/web\\\/sangriento-tiroteo-en-nueva-cordoba-murieron-dos-ladrones-y-un-policia\\\/#primaryimage\"},\"image\":{\"@id\":\"https:\\\/\\\/www.eldiariodetucuman.com\\\/web\\\/sangriento-tiroteo-en-nueva-cordoba-murieron-dos-ladrones-y-un-policia\\\/#primaryimage\"},\"thumbnailUrl\":\"https:\\\/\\\/www.eldiariodetucuman.com\\\/web\\\/wp-content\\\/uploads\\\/2018\\\/02\\\/8868cd6f311d1a6dac5f0466b3554732.jpeg\",\"datePublished\":\"2018-02-16T14:36:07+00:00\",\"dateModified\":\"2018-02-16T14:36:12+00:00\",\"breadcrumb\":{\"@id\":\"https:\\\/\\\/www.eldiariodetucuman.com\\\/web\\\/sangriento-tiroteo-en-nueva-cordoba-murieron-dos-ladrones-y-un-policia\\\/#breadcrumb\"},\"inLanguage\":\"es\",\"potentialAction\":[{\"@type\":\"ReadAction\",\"target\":[\"https:\\\/\\\/www.eldiariodetucuman.com\\\/web\\\/sangriento-tiroteo-en-nueva-cordoba-murieron-dos-ladrones-y-un-policia\\\/\"]}]},{\"@type\":\"ImageObject\",\"inLanguage\":\"es\",\"@id\":\"https:\\\/\\\/www.eldiariodetucuman.com\\\/web\\\/sangriento-tiroteo-en-nueva-cordoba-murieron-dos-ladrones-y-un-policia\\\/#primaryimage\",\"url\":\"https:\\\/\\\/www.eldiariodetucuman.com\\\/web\\\/wp-content\\\/uploads\\\/2018\\\/02\\\/8868cd6f311d1a6dac5f0466b3554732.jpeg\",\"contentUrl\":\"https:\\\/\\\/www.eldiariodetucuman.com\\\/web\\\/wp-content\\\/uploads\\\/2018\\\/02\\\/8868cd6f311d1a6dac5f0466b3554732.jpeg\",\"width\":1020,\"height\":560},{\"@type\":\"BreadcrumbList\",\"@id\":\"https:\\\/\\\/www.eldiariodetucuman.com\\\/web\\\/sangriento-tiroteo-en-nueva-cordoba-murieron-dos-ladrones-y-un-policia\\\/#breadcrumb\",\"itemListElement\":[{\"@type\":\"ListItem\",\"position\":1,\"name\":\"Portada\",\"item\":\"https:\\\/\\\/www.eldiariodetucuman.com\\\/web\\\/\"},{\"@type\":\"ListItem\",\"position\":2,\"name\":\"Sangriento tiroteo en Nueva C\u00f3rdoba: murieron dos ladrones y un polic\u00eda\"}]},{\"@type\":\"WebSite\",\"@id\":\"https:\\\/\\\/www.eldiariodetucuman.com\\\/web\\\/#website\",\"url\":\"https:\\\/\\\/www.eldiariodetucuman.com\\\/web\\\/\",\"name\":\"El Diario de Tucuman\",\"description\":\"Diario Tucuman - Informaci\u00f3n y noticias\",\"publisher\":{\"@id\":\"https:\\\/\\\/www.eldiariodetucuman.com\\\/web\\\/#organization\"},\"potentialAction\":[{\"@type\":\"SearchAction\",\"target\":{\"@type\":\"EntryPoint\",\"urlTemplate\":\"https:\\\/\\\/www.eldiariodetucuman.com\\\/web\\\/?s={search_term_string}\"},\"query-input\":{\"@type\":\"PropertyValueSpecification\",\"valueRequired\":true,\"valueName\":\"search_term_string\"}}],\"inLanguage\":\"es\"},{\"@type\":\"Organization\",\"@id\":\"https:\\\/\\\/www.eldiariodetucuman.com\\\/web\\\/#organization\",\"name\":\"El Diario de Tucuman\",\"url\":\"https:\\\/\\\/www.eldiariodetucuman.com\\\/web\\\/\",\"logo\":{\"@type\":\"ImageObject\",\"inLanguage\":\"es\",\"@id\":\"https:\\\/\\\/www.eldiariodetucuman.com\\\/web\\\/#\\\/schema\\\/logo\\\/image\\\/\",\"url\":\"http:\\\/\\\/www.eldiariodetucuman.com\\\/web\\\/wp-content\\\/uploads\\\/2017\\\/12\\\/el-diario-de-tucuman.jpg\",\"contentUrl\":\"http:\\\/\\\/www.eldiariodetucuman.com\\\/web\\\/wp-content\\\/uploads\\\/2017\\\/12\\\/el-diario-de-tucuman.jpg\",\"width\":272,\"height\":92,\"caption\":\"El Diario de Tucuman\"},\"image\":{\"@id\":\"https:\\\/\\\/www.eldiariodetucuman.com\\\/web\\\/#\\\/schema\\\/logo\\\/image\\\/\"}},{\"@type\":\"Person\",\"@id\":\"https:\\\/\\\/www.eldiariodetucuman.com\\\/web\\\/#\\\/schema\\\/person\\\/9250197d75ab5483412e19678b121caa\",\"name\":\"admin\",\"image\":{\"@type\":\"ImageObject\",\"inLanguage\":\"es\",\"@id\":\"https:\\\/\\\/secure.gravatar.com\\\/avatar\\\/c44d117c2be811212c22cb481f6b8384b6873de103fbc49e7a03cc58d7dea4ac?s=96&d=mm&r=g\",\"url\":\"https:\\\/\\\/secure.gravatar.com\\\/avatar\\\/c44d117c2be811212c22cb481f6b8384b6873de103fbc49e7a03cc58d7dea4ac?s=96&d=mm&r=g\",\"contentUrl\":\"https:\\\/\\\/secure.gravatar.com\\\/avatar\\\/c44d117c2be811212c22cb481f6b8384b6873de103fbc49e7a03cc58d7dea4ac?s=96&d=mm&r=g\",\"caption\":\"admin\"},\"url\":\"https:\\\/\\\/www.eldiariodetucuman.com\\\/web\\\/author\\\/admin\\\/\"}]}<\/script>\n<!-- \/ Yoast SEO plugin. -->","yoast_head_json":{"title":"Sangriento tiroteo en Nueva C\u00f3rdoba: murieron dos ladrones y un polic\u00eda - El Diario de Tucuman","robots":{"index":"index","follow":"follow","max-snippet":"max-snippet:-1","max-image-preview":"max-image-preview:large","max-video-preview":"max-video-preview:-1"},"canonical":"https:\/\/www.eldiariodetucuman.com\/web\/sangriento-tiroteo-en-nueva-cordoba-murieron-dos-ladrones-y-un-policia\/","og_locale":"es_ES","og_type":"article","og_title":"Sangriento tiroteo en Nueva C\u00f3rdoba: murieron dos ladrones y un polic\u00eda - El Diario de Tucuman","og_description":"Al llegar a la planta baja, se produce el primer encuentro con la polic\u00eda y el inicio del tiroteo. En ese primer enfrentamiento recibi\u00f3 un disparo en la nuca el cabo Franco Ferraro, oriundo de San Carlos Minas, quien minutos desp\u00faes muri\u00f3.\u00a0 Los primeros estruendos del tiroteo alertaron a la gente que se encontraba en [&hellip;]","og_url":"https:\/\/www.eldiariodetucuman.com\/web\/sangriento-tiroteo-en-nueva-cordoba-murieron-dos-ladrones-y-un-policia\/","og_site_name":"El Diario de Tucuman","article_published_time":"2018-02-16T14:36:07+00:00","article_modified_time":"2018-02-16T14:36:12+00:00","og_image":[{"width":1020,"height":560,"url":"https:\/\/www.eldiariodetucuman.com\/web\/wp-content\/uploads\/2018\/02\/8868cd6f311d1a6dac5f0466b3554732.jpeg","type":"image\/jpeg"}],"author":"admin","twitter_card":"summary_large_image","twitter_misc":{"Escrito por":"admin","Tiempo de lectura":"1 minuto"},"schema":{"@context":"https:\/\/schema.org","@graph":[{"@type":"Article","@id":"https:\/\/www.eldiariodetucuman.com\/web\/sangriento-tiroteo-en-nueva-cordoba-murieron-dos-ladrones-y-un-policia\/#article","isPartOf":{"@id":"https:\/\/www.eldiariodetucuman.com\/web\/sangriento-tiroteo-en-nueva-cordoba-murieron-dos-ladrones-y-un-policia\/"},"author":{"name":"admin","@id":"https:\/\/www.eldiariodetucuman.com\/web\/#\/schema\/person\/9250197d75ab5483412e19678b121caa"},"headline":"Sangriento tiroteo en Nueva C\u00f3rdoba: murieron dos ladrones y un polic\u00eda","datePublished":"2018-02-16T14:36:07+00:00","dateModified":"2018-02-16T14:36:12+00:00","mainEntityOfPage":{"@id":"https:\/\/www.eldiariodetucuman.com\/web\/sangriento-tiroteo-en-nueva-cordoba-murieron-dos-ladrones-y-un-policia\/"},"wordCount":218,"commentCount":0,"publisher":{"@id":"https:\/\/www.eldiariodetucuman.com\/web\/#organization"},"image":{"@id":"https:\/\/www.eldiariodetucuman.com\/web\/sangriento-tiroteo-en-nueva-cordoba-murieron-dos-ladrones-y-un-policia\/#primaryimage"},"thumbnailUrl":"https:\/\/www.eldiariodetucuman.com\/web\/wp-content\/uploads\/2018\/02\/8868cd6f311d1a6dac5f0466b3554732.jpeg","articleSection":["Politica"],"inLanguage":"es","potentialAction":[{"@type":"CommentAction","name":"Comment","target":["https:\/\/www.eldiariodetucuman.com\/web\/sangriento-tiroteo-en-nueva-cordoba-murieron-dos-ladrones-y-un-policia\/#respond"]}]},{"@type":"WebPage","@id":"https:\/\/www.eldiariodetucuman.com\/web\/sangriento-tiroteo-en-nueva-cordoba-murieron-dos-ladrones-y-un-policia\/","url":"https:\/\/www.eldiariodetucuman.com\/web\/sangriento-tiroteo-en-nueva-cordoba-murieron-dos-ladrones-y-un-policia\/","name":"Sangriento tiroteo en Nueva C\u00f3rdoba: murieron dos ladrones y un polic\u00eda - El Diario de Tucuman","isPartOf":{"@id":"https:\/\/www.eldiariodetucuman.com\/web\/#website"},"primaryImageOfPage":{"@id":"https:\/\/www.eldiariodetucuman.com\/web\/sangriento-tiroteo-en-nueva-cordoba-murieron-dos-ladrones-y-un-policia\/#primaryimage"},"image":{"@id":"https:\/\/www.eldiariodetucuman.com\/web\/sangriento-tiroteo-en-nueva-cordoba-murieron-dos-ladrones-y-un-policia\/#primaryimage"},"thumbnailUrl":"https:\/\/www.eldiariodetucuman.com\/web\/wp-content\/uploads\/2018\/02\/8868cd6f311d1a6dac5f0466b3554732.jpeg","datePublished":"2018-02-16T14:36:07+00:00","dateModified":"2018-02-16T14:36:12+00:00","breadcrumb":{"@id":"https:\/\/www.eldiariodetucuman.com\/web\/sangriento-tiroteo-en-nueva-cordoba-murieron-dos-ladrones-y-un-policia\/#breadcrumb"},"inLanguage":"es","potentialAction":[{"@type":"ReadAction","target":["https:\/\/www.eldiariodetucuman.com\/web\/sangriento-tiroteo-en-nueva-cordoba-murieron-dos-ladrones-y-un-policia\/"]}]},{"@type":"ImageObject","inLanguage":"es","@id":"https:\/\/www.eldiariodetucuman.com\/web\/sangriento-tiroteo-en-nueva-cordoba-murieron-dos-ladrones-y-un-policia\/#primaryimage","url":"https:\/\/www.eldiariodetucuman.com\/web\/wp-content\/uploads\/2018\/02\/8868cd6f311d1a6dac5f0466b3554732.jpeg","contentUrl":"https:\/\/www.eldiariodetucuman.com\/web\/wp-content\/uploads\/2018\/02\/8868cd6f311d1a6dac5f0466b3554732.jpeg","width":1020,"height":560},{"@type":"BreadcrumbList","@id":"https:\/\/www.eldiariodetucuman.com\/web\/sangriento-tiroteo-en-nueva-cordoba-murieron-dos-ladrones-y-un-policia\/#breadcrumb","itemListElement":[{"@type":"ListItem","position":1,"name":"Portada","item":"https:\/\/www.eldiariodetucuman.com\/web\/"},{"@type":"ListItem","position":2,"name":"Sangriento tiroteo en Nueva C\u00f3rdoba: murieron dos ladrones y un polic\u00eda"}]},{"@type":"WebSite","@id":"https:\/\/www.eldiariodetucuman.com\/web\/#website","url":"https:\/\/www.eldiariodetucuman.com\/web\/","name":"El Diario de Tucuman","description":"Diario Tucuman - Informaci\u00f3n y noticias","publisher":{"@id":"https:\/\/www.eldiariodetucuman.com\/web\/#organization"},"potentialAction":[{"@type":"SearchAction","target":{"@type":"EntryPoint","urlTemplate":"https:\/\/www.eldiariodetucuman.com\/web\/?s={search_term_string}"},"query-input":{"@type":"PropertyValueSpecification","valueRequired":true,"valueName":"search_term_string"}}],"inLanguage":"es"},{"@type":"Organization","@id":"https:\/\/www.eldiariodetucuman.com\/web\/#organization","name":"El Diario de Tucuman","url":"https:\/\/www.eldiariodetucuman.com\/web\/","logo":{"@type":"ImageObject","inLanguage":"es","@id":"https:\/\/www.eldiariodetucuman.com\/web\/#\/schema\/logo\/image\/","url":"http:\/\/www.eldiariodetucuman.com\/web\/wp-content\/uploads\/2017\/12\/el-diario-de-tucuman.jpg","contentUrl":"http:\/\/www.eldiariodetucuman.com\/web\/wp-content\/uploads\/2017\/12\/el-diario-de-tucuman.jpg","width":272,"height":92,"caption":"El Diario de Tucuman"},"image":{"@id":"https:\/\/www.eldiariodetucuman.com\/web\/#\/schema\/logo\/image\/"}},{"@type":"Person","@id":"https:\/\/www.eldiariodetucuman.com\/web\/#\/schema\/person\/9250197d75ab5483412e19678b121caa","name":"admin","image":{"@type":"ImageObject","inLanguage":"es","@id":"https:\/\/secure.gravatar.com\/avatar\/c44d117c2be811212c22cb481f6b8384b6873de103fbc49e7a03cc58d7dea4ac?s=96&d=mm&r=g","url":"https:\/\/secure.gravatar.com\/avatar\/c44d117c2be811212c22cb481f6b8384b6873de103fbc49e7a03cc58d7dea4ac?s=96&d=mm&r=g","contentUrl":"https:\/\/secure.gravatar.com\/avatar\/c44d117c2be811212c22cb481f6b8384b6873de103fbc49e7a03cc58d7dea4ac?s=96&d=mm&r=g","caption":"admin"},"url":"https:\/\/www.eldiariodetucuman.com\/web\/author\/admin\/"}]}},"_links":{"self":[{"href":"https:\/\/www.eldiariodetucuman.com\/web\/wp-json\/wp\/v2\/posts\/5409","targetHints":{"allow":["GET"]}}],"collection":[{"href":"https:\/\/www.eldiariodetucuman.com\/web\/wp-json\/wp\/v2\/posts"}],"about":[{"href":"https:\/\/www.eldiariodetucuman.com\/web\/wp-json\/wp\/v2\/types\/post"}],"author":[{"embeddable":true,"href":"https:\/\/www.eldiariodetucuman.com\/web\/wp-json\/wp\/v2\/users\/1"}],"replies":[{"embeddable":true,"href":"https:\/\/www.eldiariodetucuman.com\/web\/wp-json\/wp\/v2\/comments?post=5409"}],"version-history":[{"count":1,"href":"https:\/\/www.eldiariodetucuman.com\/web\/wp-json\/wp\/v2\/posts\/5409\/revisions"}],"predecessor-version":[{"id":5411,"href":"https:\/\/www.eldiariodetucuman.com\/web\/wp-json\/wp\/v2\/posts\/5409\/revisions\/5411"}],"wp:featuredmedia":[{"embeddable":true,"href":"https:\/\/www.eldiariodetucuman.com\/web\/wp-json\/wp\/v2\/media\/5410"}],"wp:attachment":[{"href":"https:\/\/www.eldiariodetucuman.com\/web\/wp-json\/wp\/v2\/media?parent=5409"}],"wp:term":[{"taxonomy":"category","embeddable":true,"href":"https:\/\/www.eldiariodetucuman.com\/web\/wp-json\/wp\/v2\/categories?post=5409"},{"taxonomy":"post_tag","embeddable":true,"href":"https:\/\/www.eldiariodetucuman.com\/web\/wp-json\/wp\/v2\/tags?post=5409"}],"curies":[{"name":"wp","href":"https:\/\/api.w.org\/{rel}","templated":true}]}}