{"id":5406,"date":"2018-02-16T11:35:57","date_gmt":"2018-02-16T14:35:57","guid":{"rendered":"http:\/\/www.eldiariodetucuman.com\/web\/viajar-en-colectivo-en-la-ciudad-costaria-12-50\/"},"modified":"2018-02-16T11:36:00","modified_gmt":"2018-02-16T14:36:00","slug":"viajar-en-colectivo-en-la-ciudad-costaria-12-50","status":"publish","type":"post","link":"https:\/\/www.eldiariodetucuman.com\/web\/viajar-en-colectivo-en-la-ciudad-costaria-12-50\/","title":{"rendered":"Viajar en colectivo en la ciudad costar\u00eda $12.50"},"content":{"rendered":"<div>\n<div id=\"nnota\" readability=\"32.774144486692\">\n<blockquote><p>Esa es la cifra que sugerir\u00edan desde el Ejecutivo Municipal que ser\u00e1 analizada hoy por la Comisi\u00f3n de Transporte del Concejo Deliberante de San Miguel de Tucum\u00e1n.<\/p><\/blockquote>\n<div class=\"thumbnail\">\n                                    <img decoding=\"async\" src=\"http:\/\/www.losprimeros.tv\/uploads\/2018\/02\/16\/43204_boleto.jpg\" alt=\"Viajar en colectivo en la ciudad costar\u00eda $12.50\" class=\"img-responsive \" id=\"visor\" title=\"\" width=\"100%\"><figcaption id=\"epigrafe\"><\/figcaption><\/div>\n<p>La Comisi\u00f3n de Transporte aguarda el informe del Ejecutivo Municipal para avanzar en el dictamen del proyecto para actualizar el precio del pasaje. La recomendaci\u00f3n que enviar\u00edan desde Lavalle y 9 de Julio es <b>un boleto de $12,50<\/b>.\u00a0\n<\/p>\n<p>La comisi\u00f3n presidida por el oficialista Dante Loza se reunir\u00e1 para dar dictamen a los pedidos de incremento de los empresarios del transporte y de los propietarios de taxis.<b>\u00a0Con el expediente aprobado, la intendencia estar\u00e1 habilitada para convocar a una sesi\u00f3n extraordinaria<\/b> para conceder los incrementos.\u00a0\n<\/p>\n<p>En diciembre, desde la Asociaci\u00f3n de Empresarios del Transporte Automotor de Tucum\u00e1n (Aetat),\u00a0hab\u00edan solicitado llevar la tarifa de los $ 9,35 actuales (vigente desde enero del a\u00f1o pasado)<b> a $ 15,98<\/b> (es decir, una suba del 70%).\u00a0Ante la mora en el tratamiento del pedido, los empresarios pidieron en enero un boleto de <b>$ 17,04<\/b> (un incremento del 82%). El viernes pasado, realizaron un nuevo pedido:\u00a0<b>fijar el boleto urbano en $ 13, pero que se den aumentos escalonados de $ 0,50, desde abril hasta noviembre, hasta alcanzar $ 17<\/b>.\u00a0<\/p>\n<div class=\"social-likes\" data-url=\"http:\/\/www.losprimeros.tv\/nota\/123596\/Viajar_en_colectivo_en_la_ciudad_costar\u00eda_$12.50.html\" data-title=\"Viajar en colectivo en la ciudad costar\u00eda $12.50\">\n<p>Facebook<\/p>\n<p>Twitter<\/p>\n<p>Google+<\/p>\n<p>Pinterest\n              <\/p>\n<\/p><\/div>\n<\/p><\/div>\n<\/div>\n<p>Fuente: http:\/\/www.losprimeros.tv\/nota\/123596\/Viajar_en_colectivo_en_la_ciudad_costar\u00eda_$12.50.html<\/p>\n","protected":false},"excerpt":{"rendered":"<p>Esa es la cifra que sugerir\u00edan desde el Ejecutivo Municipal que ser\u00e1 analizada hoy por la Comisi\u00f3n de Transporte del Concejo Deliberante de San Miguel de Tucum\u00e1n. La Comisi\u00f3n de Transporte aguarda el informe del Ejecutivo Municipal para avanzar en el dictamen del proyecto para actualizar el precio del pasaje. La recomendaci\u00f3n que enviar\u00edan desde [&hellip;]<\/p>\n","protected":false},"author":1,"featured_media":5407,"comment_status":"open","ping_status":"closed","sticky":false,"template":"","format":"standard","meta":{"footnotes":""},"categories":[3],"tags":[],"class_list":{"0":"post-5406","1":"post","2":"type-post","3":"status-publish","4":"format-standard","5":"has-post-thumbnail","7":"category-politica"},"yoast_head":"<!-- This site is optimized with the Yoast SEO plugin v27.5 - https:\/\/yoast.com\/product\/yoast-seo-wordpress\/ -->\n<title>Viajar en colectivo en la ciudad costar\u00eda $12.50 - El Diario de Tucuman<\/title>\n<meta name=\"robots\" content=\"index, follow, max-snippet:-1, max-image-preview:large, max-video-preview:-1\" \/>\n<link rel=\"canonical\" href=\"https:\/\/www.eldiariodetucuman.com\/web\/viajar-en-colectivo-en-la-ciudad-costaria-12-50\/\" \/>\n<meta property=\"og:locale\" content=\"es_ES\" \/>\n<meta property=\"og:type\" content=\"article\" \/>\n<meta property=\"og:title\" content=\"Viajar en colectivo en la ciudad costar\u00eda $12.50 - El Diario de Tucuman\" \/>\n<meta property=\"og:description\" content=\"Esa es la cifra que sugerir\u00edan desde el Ejecutivo Municipal que ser\u00e1 analizada hoy por la Comisi\u00f3n de Transporte del Concejo Deliberante de San Miguel de Tucum\u00e1n. La Comisi\u00f3n de Transporte aguarda el informe del Ejecutivo Municipal para avanzar en el dictamen del proyecto para actualizar el precio del pasaje. La recomendaci\u00f3n que enviar\u00edan desde [&hellip;]\" \/>\n<meta property=\"og:url\" content=\"https:\/\/www.eldiariodetucuman.com\/web\/viajar-en-colectivo-en-la-ciudad-costaria-12-50\/\" \/>\n<meta property=\"og:site_name\" content=\"El Diario de Tucuman\" \/>\n<meta property=\"article:published_time\" content=\"2018-02-16T14:35:57+00:00\" \/>\n<meta property=\"article:modified_time\" content=\"2018-02-16T14:36:00+00:00\" \/>\n<meta property=\"og:image\" content=\"https:\/\/www.eldiariodetucuman.com\/web\/wp-content\/uploads\/2018\/02\/e65e9cc54a30a744ace063c13a93611a.jpeg\" \/>\n\t<meta property=\"og:image:width\" content=\"970\" \/>\n\t<meta property=\"og:image:height\" content=\"491\" \/>\n\t<meta property=\"og:image:type\" content=\"image\/jpeg\" \/>\n<meta name=\"author\" content=\"admin\" \/>\n<meta name=\"twitter:card\" content=\"summary_large_image\" \/>\n<meta name=\"twitter:label1\" content=\"Escrito por\" \/>\n\t<meta name=\"twitter:data1\" content=\"admin\" \/>\n\t<meta name=\"twitter:label2\" content=\"Tiempo de lectura\" \/>\n\t<meta name=\"twitter:data2\" content=\"1 minuto\" \/>\n<script type=\"application\/ld+json\" class=\"yoast-schema-graph\">{\"@context\":\"https:\\\/\\\/schema.org\",\"@graph\":[{\"@type\":\"Article\",\"@id\":\"https:\\\/\\\/www.eldiariodetucuman.com\\\/web\\\/viajar-en-colectivo-en-la-ciudad-costaria-12-50\\\/#article\",\"isPartOf\":{\"@id\":\"https:\\\/\\\/www.eldiariodetucuman.com\\\/web\\\/viajar-en-colectivo-en-la-ciudad-costaria-12-50\\\/\"},\"author\":{\"name\":\"admin\",\"@id\":\"https:\\\/\\\/www.eldiariodetucuman.com\\\/web\\\/#\\\/schema\\\/person\\\/9250197d75ab5483412e19678b121caa\"},\"headline\":\"Viajar en colectivo en la ciudad costar\u00eda $12.50\",\"datePublished\":\"2018-02-16T14:35:57+00:00\",\"dateModified\":\"2018-02-16T14:36:00+00:00\",\"mainEntityOfPage\":{\"@id\":\"https:\\\/\\\/www.eldiariodetucuman.com\\\/web\\\/viajar-en-colectivo-en-la-ciudad-costaria-12-50\\\/\"},\"wordCount\":226,\"commentCount\":0,\"publisher\":{\"@id\":\"https:\\\/\\\/www.eldiariodetucuman.com\\\/web\\\/#organization\"},\"image\":{\"@id\":\"https:\\\/\\\/www.eldiariodetucuman.com\\\/web\\\/viajar-en-colectivo-en-la-ciudad-costaria-12-50\\\/#primaryimage\"},\"thumbnailUrl\":\"https:\\\/\\\/www.eldiariodetucuman.com\\\/web\\\/wp-content\\\/uploads\\\/2018\\\/02\\\/e65e9cc54a30a744ace063c13a93611a.jpeg\",\"articleSection\":[\"Politica\"],\"inLanguage\":\"es\",\"potentialAction\":[{\"@type\":\"CommentAction\",\"name\":\"Comment\",\"target\":[\"https:\\\/\\\/www.eldiariodetucuman.com\\\/web\\\/viajar-en-colectivo-en-la-ciudad-costaria-12-50\\\/#respond\"]}]},{\"@type\":\"WebPage\",\"@id\":\"https:\\\/\\\/www.eldiariodetucuman.com\\\/web\\\/viajar-en-colectivo-en-la-ciudad-costaria-12-50\\\/\",\"url\":\"https:\\\/\\\/www.eldiariodetucuman.com\\\/web\\\/viajar-en-colectivo-en-la-ciudad-costaria-12-50\\\/\",\"name\":\"Viajar en colectivo en la ciudad costar\u00eda $12.50 - El Diario de Tucuman\",\"isPartOf\":{\"@id\":\"https:\\\/\\\/www.eldiariodetucuman.com\\\/web\\\/#website\"},\"primaryImageOfPage\":{\"@id\":\"https:\\\/\\\/www.eldiariodetucuman.com\\\/web\\\/viajar-en-colectivo-en-la-ciudad-costaria-12-50\\\/#primaryimage\"},\"image\":{\"@id\":\"https:\\\/\\\/www.eldiariodetucuman.com\\\/web\\\/viajar-en-colectivo-en-la-ciudad-costaria-12-50\\\/#primaryimage\"},\"thumbnailUrl\":\"https:\\\/\\\/www.eldiariodetucuman.com\\\/web\\\/wp-content\\\/uploads\\\/2018\\\/02\\\/e65e9cc54a30a744ace063c13a93611a.jpeg\",\"datePublished\":\"2018-02-16T14:35:57+00:00\",\"dateModified\":\"2018-02-16T14:36:00+00:00\",\"breadcrumb\":{\"@id\":\"https:\\\/\\\/www.eldiariodetucuman.com\\\/web\\\/viajar-en-colectivo-en-la-ciudad-costaria-12-50\\\/#breadcrumb\"},\"inLanguage\":\"es\",\"potentialAction\":[{\"@type\":\"ReadAction\",\"target\":[\"https:\\\/\\\/www.eldiariodetucuman.com\\\/web\\\/viajar-en-colectivo-en-la-ciudad-costaria-12-50\\\/\"]}]},{\"@type\":\"ImageObject\",\"inLanguage\":\"es\",\"@id\":\"https:\\\/\\\/www.eldiariodetucuman.com\\\/web\\\/viajar-en-colectivo-en-la-ciudad-costaria-12-50\\\/#primaryimage\",\"url\":\"https:\\\/\\\/www.eldiariodetucuman.com\\\/web\\\/wp-content\\\/uploads\\\/2018\\\/02\\\/e65e9cc54a30a744ace063c13a93611a.jpeg\",\"contentUrl\":\"https:\\\/\\\/www.eldiariodetucuman.com\\\/web\\\/wp-content\\\/uploads\\\/2018\\\/02\\\/e65e9cc54a30a744ace063c13a93611a.jpeg\",\"width\":970,\"height\":491},{\"@type\":\"BreadcrumbList\",\"@id\":\"https:\\\/\\\/www.eldiariodetucuman.com\\\/web\\\/viajar-en-colectivo-en-la-ciudad-costaria-12-50\\\/#breadcrumb\",\"itemListElement\":[{\"@type\":\"ListItem\",\"position\":1,\"name\":\"Portada\",\"item\":\"https:\\\/\\\/www.eldiariodetucuman.com\\\/web\\\/\"},{\"@type\":\"ListItem\",\"position\":2,\"name\":\"Viajar en colectivo en la ciudad costar\u00eda $12.50\"}]},{\"@type\":\"WebSite\",\"@id\":\"https:\\\/\\\/www.eldiariodetucuman.com\\\/web\\\/#website\",\"url\":\"https:\\\/\\\/www.eldiariodetucuman.com\\\/web\\\/\",\"name\":\"El Diario de Tucuman\",\"description\":\"Diario Tucuman - Informaci\u00f3n y noticias\",\"publisher\":{\"@id\":\"https:\\\/\\\/www.eldiariodetucuman.com\\\/web\\\/#organization\"},\"potentialAction\":[{\"@type\":\"SearchAction\",\"target\":{\"@type\":\"EntryPoint\",\"urlTemplate\":\"https:\\\/\\\/www.eldiariodetucuman.com\\\/web\\\/?s={search_term_string}\"},\"query-input\":{\"@type\":\"PropertyValueSpecification\",\"valueRequired\":true,\"valueName\":\"search_term_string\"}}],\"inLanguage\":\"es\"},{\"@type\":\"Organization\",\"@id\":\"https:\\\/\\\/www.eldiariodetucuman.com\\\/web\\\/#organization\",\"name\":\"El Diario de Tucuman\",\"url\":\"https:\\\/\\\/www.eldiariodetucuman.com\\\/web\\\/\",\"logo\":{\"@type\":\"ImageObject\",\"inLanguage\":\"es\",\"@id\":\"https:\\\/\\\/www.eldiariodetucuman.com\\\/web\\\/#\\\/schema\\\/logo\\\/image\\\/\",\"url\":\"http:\\\/\\\/www.eldiariodetucuman.com\\\/web\\\/wp-content\\\/uploads\\\/2017\\\/12\\\/el-diario-de-tucuman.jpg\",\"contentUrl\":\"http:\\\/\\\/www.eldiariodetucuman.com\\\/web\\\/wp-content\\\/uploads\\\/2017\\\/12\\\/el-diario-de-tucuman.jpg\",\"width\":272,\"height\":92,\"caption\":\"El Diario de Tucuman\"},\"image\":{\"@id\":\"https:\\\/\\\/www.eldiariodetucuman.com\\\/web\\\/#\\\/schema\\\/logo\\\/image\\\/\"}},{\"@type\":\"Person\",\"@id\":\"https:\\\/\\\/www.eldiariodetucuman.com\\\/web\\\/#\\\/schema\\\/person\\\/9250197d75ab5483412e19678b121caa\",\"name\":\"admin\",\"image\":{\"@type\":\"ImageObject\",\"inLanguage\":\"es\",\"@id\":\"https:\\\/\\\/secure.gravatar.com\\\/avatar\\\/c44d117c2be811212c22cb481f6b8384b6873de103fbc49e7a03cc58d7dea4ac?s=96&d=mm&r=g\",\"url\":\"https:\\\/\\\/secure.gravatar.com\\\/avatar\\\/c44d117c2be811212c22cb481f6b8384b6873de103fbc49e7a03cc58d7dea4ac?s=96&d=mm&r=g\",\"contentUrl\":\"https:\\\/\\\/secure.gravatar.com\\\/avatar\\\/c44d117c2be811212c22cb481f6b8384b6873de103fbc49e7a03cc58d7dea4ac?s=96&d=mm&r=g\",\"caption\":\"admin\"},\"url\":\"https:\\\/\\\/www.eldiariodetucuman.com\\\/web\\\/author\\\/admin\\\/\"}]}<\/script>\n<!-- \/ Yoast SEO plugin. -->","yoast_head_json":{"title":"Viajar en colectivo en la ciudad costar\u00eda $12.50 - El Diario de Tucuman","robots":{"index":"index","follow":"follow","max-snippet":"max-snippet:-1","max-image-preview":"max-image-preview:large","max-video-preview":"max-video-preview:-1"},"canonical":"https:\/\/www.eldiariodetucuman.com\/web\/viajar-en-colectivo-en-la-ciudad-costaria-12-50\/","og_locale":"es_ES","og_type":"article","og_title":"Viajar en colectivo en la ciudad costar\u00eda $12.50 - El Diario de Tucuman","og_description":"Esa es la cifra que sugerir\u00edan desde el Ejecutivo Municipal que ser\u00e1 analizada hoy por la Comisi\u00f3n de Transporte del Concejo Deliberante de San Miguel de Tucum\u00e1n. La Comisi\u00f3n de Transporte aguarda el informe del Ejecutivo Municipal para avanzar en el dictamen del proyecto para actualizar el precio del pasaje. La recomendaci\u00f3n que enviar\u00edan desde [&hellip;]","og_url":"https:\/\/www.eldiariodetucuman.com\/web\/viajar-en-colectivo-en-la-ciudad-costaria-12-50\/","og_site_name":"El Diario de Tucuman","article_published_time":"2018-02-16T14:35:57+00:00","article_modified_time":"2018-02-16T14:36:00+00:00","og_image":[{"width":970,"height":491,"url":"https:\/\/www.eldiariodetucuman.com\/web\/wp-content\/uploads\/2018\/02\/e65e9cc54a30a744ace063c13a93611a.jpeg","type":"image\/jpeg"}],"author":"admin","twitter_card":"summary_large_image","twitter_misc":{"Escrito por":"admin","Tiempo de lectura":"1 minuto"},"schema":{"@context":"https:\/\/schema.org","@graph":[{"@type":"Article","@id":"https:\/\/www.eldiariodetucuman.com\/web\/viajar-en-colectivo-en-la-ciudad-costaria-12-50\/#article","isPartOf":{"@id":"https:\/\/www.eldiariodetucuman.com\/web\/viajar-en-colectivo-en-la-ciudad-costaria-12-50\/"},"author":{"name":"admin","@id":"https:\/\/www.eldiariodetucuman.com\/web\/#\/schema\/person\/9250197d75ab5483412e19678b121caa"},"headline":"Viajar en colectivo en la ciudad costar\u00eda $12.50","datePublished":"2018-02-16T14:35:57+00:00","dateModified":"2018-02-16T14:36:00+00:00","mainEntityOfPage":{"@id":"https:\/\/www.eldiariodetucuman.com\/web\/viajar-en-colectivo-en-la-ciudad-costaria-12-50\/"},"wordCount":226,"commentCount":0,"publisher":{"@id":"https:\/\/www.eldiariodetucuman.com\/web\/#organization"},"image":{"@id":"https:\/\/www.eldiariodetucuman.com\/web\/viajar-en-colectivo-en-la-ciudad-costaria-12-50\/#primaryimage"},"thumbnailUrl":"https:\/\/www.eldiariodetucuman.com\/web\/wp-content\/uploads\/2018\/02\/e65e9cc54a30a744ace063c13a93611a.jpeg","articleSection":["Politica"],"inLanguage":"es","potentialAction":[{"@type":"CommentAction","name":"Comment","target":["https:\/\/www.eldiariodetucuman.com\/web\/viajar-en-colectivo-en-la-ciudad-costaria-12-50\/#respond"]}]},{"@type":"WebPage","@id":"https:\/\/www.eldiariodetucuman.com\/web\/viajar-en-colectivo-en-la-ciudad-costaria-12-50\/","url":"https:\/\/www.eldiariodetucuman.com\/web\/viajar-en-colectivo-en-la-ciudad-costaria-12-50\/","name":"Viajar en colectivo en la ciudad costar\u00eda $12.50 - El Diario de Tucuman","isPartOf":{"@id":"https:\/\/www.eldiariodetucuman.com\/web\/#website"},"primaryImageOfPage":{"@id":"https:\/\/www.eldiariodetucuman.com\/web\/viajar-en-colectivo-en-la-ciudad-costaria-12-50\/#primaryimage"},"image":{"@id":"https:\/\/www.eldiariodetucuman.com\/web\/viajar-en-colectivo-en-la-ciudad-costaria-12-50\/#primaryimage"},"thumbnailUrl":"https:\/\/www.eldiariodetucuman.com\/web\/wp-content\/uploads\/2018\/02\/e65e9cc54a30a744ace063c13a93611a.jpeg","datePublished":"2018-02-16T14:35:57+00:00","dateModified":"2018-02-16T14:36:00+00:00","breadcrumb":{"@id":"https:\/\/www.eldiariodetucuman.com\/web\/viajar-en-colectivo-en-la-ciudad-costaria-12-50\/#breadcrumb"},"inLanguage":"es","potentialAction":[{"@type":"ReadAction","target":["https:\/\/www.eldiariodetucuman.com\/web\/viajar-en-colectivo-en-la-ciudad-costaria-12-50\/"]}]},{"@type":"ImageObject","inLanguage":"es","@id":"https:\/\/www.eldiariodetucuman.com\/web\/viajar-en-colectivo-en-la-ciudad-costaria-12-50\/#primaryimage","url":"https:\/\/www.eldiariodetucuman.com\/web\/wp-content\/uploads\/2018\/02\/e65e9cc54a30a744ace063c13a93611a.jpeg","contentUrl":"https:\/\/www.eldiariodetucuman.com\/web\/wp-content\/uploads\/2018\/02\/e65e9cc54a30a744ace063c13a93611a.jpeg","width":970,"height":491},{"@type":"BreadcrumbList","@id":"https:\/\/www.eldiariodetucuman.com\/web\/viajar-en-colectivo-en-la-ciudad-costaria-12-50\/#breadcrumb","itemListElement":[{"@type":"ListItem","position":1,"name":"Portada","item":"https:\/\/www.eldiariodetucuman.com\/web\/"},{"@type":"ListItem","position":2,"name":"Viajar en colectivo en la ciudad costar\u00eda $12.50"}]},{"@type":"WebSite","@id":"https:\/\/www.eldiariodetucuman.com\/web\/#website","url":"https:\/\/www.eldiariodetucuman.com\/web\/","name":"El Diario de Tucuman","description":"Diario Tucuman - Informaci\u00f3n y noticias","publisher":{"@id":"https:\/\/www.eldiariodetucuman.com\/web\/#organization"},"potentialAction":[{"@type":"SearchAction","target":{"@type":"EntryPoint","urlTemplate":"https:\/\/www.eldiariodetucuman.com\/web\/?s={search_term_string}"},"query-input":{"@type":"PropertyValueSpecification","valueRequired":true,"valueName":"search_term_string"}}],"inLanguage":"es"},{"@type":"Organization","@id":"https:\/\/www.eldiariodetucuman.com\/web\/#organization","name":"El Diario de Tucuman","url":"https:\/\/www.eldiariodetucuman.com\/web\/","logo":{"@type":"ImageObject","inLanguage":"es","@id":"https:\/\/www.eldiariodetucuman.com\/web\/#\/schema\/logo\/image\/","url":"http:\/\/www.eldiariodetucuman.com\/web\/wp-content\/uploads\/2017\/12\/el-diario-de-tucuman.jpg","contentUrl":"http:\/\/www.eldiariodetucuman.com\/web\/wp-content\/uploads\/2017\/12\/el-diario-de-tucuman.jpg","width":272,"height":92,"caption":"El Diario de Tucuman"},"image":{"@id":"https:\/\/www.eldiariodetucuman.com\/web\/#\/schema\/logo\/image\/"}},{"@type":"Person","@id":"https:\/\/www.eldiariodetucuman.com\/web\/#\/schema\/person\/9250197d75ab5483412e19678b121caa","name":"admin","image":{"@type":"ImageObject","inLanguage":"es","@id":"https:\/\/secure.gravatar.com\/avatar\/c44d117c2be811212c22cb481f6b8384b6873de103fbc49e7a03cc58d7dea4ac?s=96&d=mm&r=g","url":"https:\/\/secure.gravatar.com\/avatar\/c44d117c2be811212c22cb481f6b8384b6873de103fbc49e7a03cc58d7dea4ac?s=96&d=mm&r=g","contentUrl":"https:\/\/secure.gravatar.com\/avatar\/c44d117c2be811212c22cb481f6b8384b6873de103fbc49e7a03cc58d7dea4ac?s=96&d=mm&r=g","caption":"admin"},"url":"https:\/\/www.eldiariodetucuman.com\/web\/author\/admin\/"}]}},"_links":{"self":[{"href":"https:\/\/www.eldiariodetucuman.com\/web\/wp-json\/wp\/v2\/posts\/5406","targetHints":{"allow":["GET"]}}],"collection":[{"href":"https:\/\/www.eldiariodetucuman.com\/web\/wp-json\/wp\/v2\/posts"}],"about":[{"href":"https:\/\/www.eldiariodetucuman.com\/web\/wp-json\/wp\/v2\/types\/post"}],"author":[{"embeddable":true,"href":"https:\/\/www.eldiariodetucuman.com\/web\/wp-json\/wp\/v2\/users\/1"}],"replies":[{"embeddable":true,"href":"https:\/\/www.eldiariodetucuman.com\/web\/wp-json\/wp\/v2\/comments?post=5406"}],"version-history":[{"count":1,"href":"https:\/\/www.eldiariodetucuman.com\/web\/wp-json\/wp\/v2\/posts\/5406\/revisions"}],"predecessor-version":[{"id":5408,"href":"https:\/\/www.eldiariodetucuman.com\/web\/wp-json\/wp\/v2\/posts\/5406\/revisions\/5408"}],"wp:featuredmedia":[{"embeddable":true,"href":"https:\/\/www.eldiariodetucuman.com\/web\/wp-json\/wp\/v2\/media\/5407"}],"wp:attachment":[{"href":"https:\/\/www.eldiariodetucuman.com\/web\/wp-json\/wp\/v2\/media?parent=5406"}],"wp:term":[{"taxonomy":"category","embeddable":true,"href":"https:\/\/www.eldiariodetucuman.com\/web\/wp-json\/wp\/v2\/categories?post=5406"},{"taxonomy":"post_tag","embeddable":true,"href":"https:\/\/www.eldiariodetucuman.com\/web\/wp-json\/wp\/v2\/tags?post=5406"}],"curies":[{"name":"wp","href":"https:\/\/api.w.org\/{rel}","templated":true}]}}