{"id":5401,"date":"2018-02-16T11:28:49","date_gmt":"2018-02-16T14:28:49","guid":{"rendered":"http:\/\/www.eldiariodetucuman.com\/web\/el-desgarrador-testimonio-de-la-argentina-que-sobrevivio-al-ataque-en-florida\/"},"modified":"2018-02-16T11:28:49","modified_gmt":"2018-02-16T14:28:49","slug":"el-desgarrador-testimonio-de-la-argentina-que-sobrevivio-al-ataque-en-florida","status":"publish","type":"post","link":"https:\/\/www.eldiariodetucuman.com\/web\/el-desgarrador-testimonio-de-la-argentina-que-sobrevivio-al-ataque-en-florida\/","title":{"rendered":"El desgarrador testimonio de la argentina que sobrevivi\u00f3 al ataque en Florida"},"content":{"rendered":"<div>\n<div itemprop=\"articleBody\" readability=\"122.39301772018\">\n<p>Una joven argentina de 14 a\u00f1os que sobrevivi\u00f3 a la matanza de ayer en una escuela secundaria de   <a href=\"https:\/\/www.cronica.com.ar\/tags\/Florida\">Florida<\/a> cont\u00f3 hoy que vio cad\u00e1veres tirados y <em>\u00absangre por todos lados\u00bb <\/em>y que oy\u00f3 disparos mientras era evacuada por la polic\u00eda del colegio luego de haber estado encerrada m\u00e1s de dos horas en su aula.<\/p>\n<p><em>\u00abFue el peor d\u00eda de mi vida, vimos chicos y alumnos tirados en el piso, sangrando, vimos cosas horribles\u00bb<\/em>, resumi\u00f3 <strong>Sol Duarte<\/strong>\u00a0las horas de terror e incertidumbre que vivieron centenares de alumnos de la   <a href=\"https:\/\/www.cronica.com.ar\/tags\/Escuela\">Escuela<\/a> Secundaria Marjory Stoneman Douglas.<\/p>\n<p>Duarte, que cursa el noveno a\u00f1o en ese colegio de la localidad de Parkland, relat\u00f3 que en medio de una clase comenzaron a notar sonidos extra\u00f1os que sal\u00edan desde el intercomunicador que tienen todas las aulas de la escuela y que sirve para hacer anuncios institucionales.<\/p>\n<p><em>\u00abCuando faltaban 20 minutos para salir de la escuela, se escuch\u00f3 la voz del director ordenando que evacuemos las aulas\u00bb<\/em> cont\u00f3 a\u00fan conmocionada, <em>\u00aby salimos al pasillo pero inmediatamente empezamos a escuchar disparos, unos tres o cuatro disparos y nos metimos de nuevo en el aula\u00bb<\/em>.<\/p>\n<p>Adem\u00e1s cont\u00f3 que su hermana comenz\u00f3 a enviarle mensajes pregunt\u00e1ndole c\u00f3mo estaba y fue ah\u00ed que se dio cuenta de la magnitud del atentado.<\/p>\n<p><em>\u201cMi hermana me dijo que no era un simulacro y empezamos a ver en Internet con nuestros tel\u00e9fonos lo que estaba sucediendo. Le escrib\u00ed a mis pap\u00e1s porque no pod\u00eda hablar:\u00a0&#8216;Te amo. Gracias por todo siempre&#8217;, le puse a los dos\u00bb<\/em>.<\/p>\n<p>Los alumnos no sab\u00edan todav\u00eda que iban a permanecer encerrados all\u00ed m\u00e1s de dos horas porque en el edificio contiguo, <strong>Nikolaus Cruz<\/strong>, un ex estudiante de 19 a\u00f1os de esa escuela, hab\u00eda desatado una de las peores masacres en una escuela de   <a href=\"https:\/\/www.cronica.com.ar\/tags\/Estados%20Unidos\">Estados Unidos<\/a> de los \u00faltimos a\u00f1os.<\/p>\n<p>Armado con un fusil autom\u00e1tico, el joven mat\u00f3 a 17 personas e hiri\u00f3 a una quincena m\u00e1s antes de ser detenido por la polic\u00eda sin ofrecer resistencia, en una calle cercana a la escuela una hora despu\u00e9s de la matanza.\u00a0<\/p>\n<p>Cruz fue acusado hoy de homicidio premeditado, y enfrenta una posible pena de muerte.\u00a0<br \/><em>\u00abEstuvimos ah\u00ed encerrados m\u00e1s de dos horas, mientras escuch\u00e1bamos disparos y sirenas, y no sab\u00edamos bien qu\u00e9 era lo que pasaba. Nuestros amigos estaban en otros cursos, en el otro edificio. En un momento entr\u00f3 un polic\u00eda y nos llev\u00f3 a otra aula\u00bb<\/em>, cont\u00f3 Duarte.<\/p>\n<p>En un sal\u00f3n m\u00e1s grande, los agentes reunieron a los m\u00e1s de 30 compa\u00f1eros de Duarte con otros cursos, juntando casi a 100 alumnos.\u00a0<\/p>\n<p>Despu\u00e9s, relat\u00f3 la argentina, <em>\u00abnos fueron sacando del edificio y empezamos a ver lo que hab\u00eda pasado. Vimos cuerpos tirados en diferentes lugares, sangre por todos lados, im\u00e1genes que no nos vamos a olvidar nunca\u00bb<\/em>.<\/p>\n<p>Entre los muertos figuran personas que la joven sobreviviente conoc\u00eda: dos profesores y a algunos alumnos que ve\u00eda en los recreos.<\/p>\n<p><em>\u00abVi el cuerpo de uno de mis profesores y me enter\u00e9 que el entrenador de F\u00fatbol Americano tambi\u00e9n muri\u00f3&#8230; no se c\u00f3mo vamos a hacer para volver\u00bb<\/em>, cont\u00f3 esta joven cordobesa que lleg\u00f3 a   <a href=\"https:\/\/www.cronica.com.ar\/tags\/Estados%20Unidos\">Estados Unidos<\/a> hace apenas dos a\u00f1os, cuando se mud\u00f3 con su padre a Parkland, en el sur de   <a href=\"https:\/\/www.cronica.com.ar\/tags\/Florida\">Florida<\/a>.<\/p>\n<p><em>\u00abHasta ahora lo \u00fanico que sabemos es que el atacante es un ex alumno que fue expulsado por violento\u00bb<\/em> dijo sobre Cruz.<\/p>\n<p>Duarte dijo que hoy se realizar\u00e1n misas en algunas iglesias de Parkland como intentos de procesar la matanza de ayer y dijo tambi\u00e9n que a\u00fan no hay instrucciones precisas sobre cuando volver\u00e1n a clase.\u00a0<\/p>\n<p>Autoridades han dicho que la escuela permanecer\u00e1 cerrada toda la semana.<\/p>\n<p><em>\u00abLa vuelta va a ser horrible, todas esas personas muertas&#8230; No quiero ni pensar en los que vieron morir a sus amigos o a los profesores que murieron en frente de sus alumnos. Creo que para todos fue el peor d\u00eda de nuestras vidas\u00bb <\/em>concluy\u00f3 Duarte.<\/p>\n<\/div>\n<\/div>\n","protected":false},"excerpt":{"rendered":"<p>Una joven argentina de 14 a\u00f1os que sobrevivi\u00f3 a la matanza de ayer en una escuela secundaria de Florida cont\u00f3 hoy que vio cad\u00e1veres tirados y \u00absangre por todos lados\u00bb y que oy\u00f3 disparos mientras era evacuada por la polic\u00eda del colegio luego de haber estado encerrada m\u00e1s de dos horas en su aula. \u00abFue [&hellip;]<\/p>\n","protected":false},"author":4,"featured_media":5402,"comment_status":"open","ping_status":"closed","sticky":false,"template":"","format":"standard","meta":{"footnotes":""},"categories":[194],"tags":[],"class_list":{"0":"post-5401","1":"post","2":"type-post","3":"status-publish","4":"format-standard","5":"has-post-thumbnail","7":"category-internacionales"},"yoast_head":"<!-- This site is optimized with the Yoast SEO plugin v27.5 - https:\/\/yoast.com\/product\/yoast-seo-wordpress\/ -->\n<title>El desgarrador testimonio de la argentina que sobrevivi\u00f3 al ataque en Florida - El Diario de Tucuman<\/title>\n<meta name=\"robots\" content=\"index, follow, max-snippet:-1, max-image-preview:large, max-video-preview:-1\" \/>\n<link rel=\"canonical\" href=\"https:\/\/www.eldiariodetucuman.com\/web\/el-desgarrador-testimonio-de-la-argentina-que-sobrevivio-al-ataque-en-florida\/\" \/>\n<meta property=\"og:locale\" content=\"es_ES\" \/>\n<meta property=\"og:type\" content=\"article\" \/>\n<meta property=\"og:title\" content=\"El desgarrador testimonio de la argentina que sobrevivi\u00f3 al ataque en Florida - El Diario de Tucuman\" \/>\n<meta property=\"og:description\" content=\"Una joven argentina de 14 a\u00f1os que sobrevivi\u00f3 a la matanza de ayer en una escuela secundaria de Florida cont\u00f3 hoy que vio cad\u00e1veres tirados y \u00absangre por todos lados\u00bb y que oy\u00f3 disparos mientras era evacuada por la polic\u00eda del colegio luego de haber estado encerrada m\u00e1s de dos horas en su aula. \u00abFue [&hellip;]\" \/>\n<meta property=\"og:url\" content=\"https:\/\/www.eldiariodetucuman.com\/web\/el-desgarrador-testimonio-de-la-argentina-que-sobrevivio-al-ataque-en-florida\/\" \/>\n<meta property=\"og:site_name\" content=\"El Diario de Tucuman\" \/>\n<meta property=\"article:published_time\" content=\"2018-02-16T14:28:49+00:00\" \/>\n<meta property=\"og:image\" content=\"https:\/\/www.eldiariodetucuman.com\/web\/wp-content\/uploads\/2018\/02\/8b31026e8579398d0c0e71b685620e16.jpeg\" \/>\n\t<meta property=\"og:image:width\" content=\"970\" \/>\n\t<meta property=\"og:image:height\" content=\"546\" \/>\n\t<meta property=\"og:image:type\" content=\"image\/jpeg\" \/>\n<meta name=\"author\" content=\"eldiario detucuman\" \/>\n<meta name=\"twitter:card\" content=\"summary_large_image\" \/>\n<meta name=\"twitter:label1\" content=\"Escrito por\" \/>\n\t<meta name=\"twitter:data1\" content=\"eldiario detucuman\" \/>\n\t<meta name=\"twitter:label2\" content=\"Tiempo de lectura\" \/>\n\t<meta name=\"twitter:data2\" content=\"3 minutos\" \/>\n<script type=\"application\/ld+json\" class=\"yoast-schema-graph\">{\"@context\":\"https:\\\/\\\/schema.org\",\"@graph\":[{\"@type\":\"Article\",\"@id\":\"https:\\\/\\\/www.eldiariodetucuman.com\\\/web\\\/el-desgarrador-testimonio-de-la-argentina-que-sobrevivio-al-ataque-en-florida\\\/#article\",\"isPartOf\":{\"@id\":\"https:\\\/\\\/www.eldiariodetucuman.com\\\/web\\\/el-desgarrador-testimonio-de-la-argentina-que-sobrevivio-al-ataque-en-florida\\\/\"},\"author\":{\"name\":\"eldiario detucuman\",\"@id\":\"https:\\\/\\\/www.eldiariodetucuman.com\\\/web\\\/#\\\/schema\\\/person\\\/6f95946e54fde848b878ffa4928071d5\"},\"headline\":\"El desgarrador testimonio de la argentina que sobrevivi\u00f3 al ataque en Florida\",\"datePublished\":\"2018-02-16T14:28:49+00:00\",\"mainEntityOfPage\":{\"@id\":\"https:\\\/\\\/www.eldiariodetucuman.com\\\/web\\\/el-desgarrador-testimonio-de-la-argentina-que-sobrevivio-al-ataque-en-florida\\\/\"},\"wordCount\":698,\"commentCount\":0,\"publisher\":{\"@id\":\"https:\\\/\\\/www.eldiariodetucuman.com\\\/web\\\/#organization\"},\"image\":{\"@id\":\"https:\\\/\\\/www.eldiariodetucuman.com\\\/web\\\/el-desgarrador-testimonio-de-la-argentina-que-sobrevivio-al-ataque-en-florida\\\/#primaryimage\"},\"thumbnailUrl\":\"https:\\\/\\\/www.eldiariodetucuman.com\\\/web\\\/wp-content\\\/uploads\\\/2018\\\/02\\\/8b31026e8579398d0c0e71b685620e16.jpeg\",\"articleSection\":[\"Internacionales\"],\"inLanguage\":\"es\",\"potentialAction\":[{\"@type\":\"CommentAction\",\"name\":\"Comment\",\"target\":[\"https:\\\/\\\/www.eldiariodetucuman.com\\\/web\\\/el-desgarrador-testimonio-de-la-argentina-que-sobrevivio-al-ataque-en-florida\\\/#respond\"]}]},{\"@type\":\"WebPage\",\"@id\":\"https:\\\/\\\/www.eldiariodetucuman.com\\\/web\\\/el-desgarrador-testimonio-de-la-argentina-que-sobrevivio-al-ataque-en-florida\\\/\",\"url\":\"https:\\\/\\\/www.eldiariodetucuman.com\\\/web\\\/el-desgarrador-testimonio-de-la-argentina-que-sobrevivio-al-ataque-en-florida\\\/\",\"name\":\"El desgarrador testimonio de la argentina que sobrevivi\u00f3 al ataque en Florida - El Diario de Tucuman\",\"isPartOf\":{\"@id\":\"https:\\\/\\\/www.eldiariodetucuman.com\\\/web\\\/#website\"},\"primaryImageOfPage\":{\"@id\":\"https:\\\/\\\/www.eldiariodetucuman.com\\\/web\\\/el-desgarrador-testimonio-de-la-argentina-que-sobrevivio-al-ataque-en-florida\\\/#primaryimage\"},\"image\":{\"@id\":\"https:\\\/\\\/www.eldiariodetucuman.com\\\/web\\\/el-desgarrador-testimonio-de-la-argentina-que-sobrevivio-al-ataque-en-florida\\\/#primaryimage\"},\"thumbnailUrl\":\"https:\\\/\\\/www.eldiariodetucuman.com\\\/web\\\/wp-content\\\/uploads\\\/2018\\\/02\\\/8b31026e8579398d0c0e71b685620e16.jpeg\",\"datePublished\":\"2018-02-16T14:28:49+00:00\",\"breadcrumb\":{\"@id\":\"https:\\\/\\\/www.eldiariodetucuman.com\\\/web\\\/el-desgarrador-testimonio-de-la-argentina-que-sobrevivio-al-ataque-en-florida\\\/#breadcrumb\"},\"inLanguage\":\"es\",\"potentialAction\":[{\"@type\":\"ReadAction\",\"target\":[\"https:\\\/\\\/www.eldiariodetucuman.com\\\/web\\\/el-desgarrador-testimonio-de-la-argentina-que-sobrevivio-al-ataque-en-florida\\\/\"]}]},{\"@type\":\"ImageObject\",\"inLanguage\":\"es\",\"@id\":\"https:\\\/\\\/www.eldiariodetucuman.com\\\/web\\\/el-desgarrador-testimonio-de-la-argentina-que-sobrevivio-al-ataque-en-florida\\\/#primaryimage\",\"url\":\"https:\\\/\\\/www.eldiariodetucuman.com\\\/web\\\/wp-content\\\/uploads\\\/2018\\\/02\\\/8b31026e8579398d0c0e71b685620e16.jpeg\",\"contentUrl\":\"https:\\\/\\\/www.eldiariodetucuman.com\\\/web\\\/wp-content\\\/uploads\\\/2018\\\/02\\\/8b31026e8579398d0c0e71b685620e16.jpeg\",\"width\":970,\"height\":546},{\"@type\":\"BreadcrumbList\",\"@id\":\"https:\\\/\\\/www.eldiariodetucuman.com\\\/web\\\/el-desgarrador-testimonio-de-la-argentina-que-sobrevivio-al-ataque-en-florida\\\/#breadcrumb\",\"itemListElement\":[{\"@type\":\"ListItem\",\"position\":1,\"name\":\"Portada\",\"item\":\"https:\\\/\\\/www.eldiariodetucuman.com\\\/web\\\/\"},{\"@type\":\"ListItem\",\"position\":2,\"name\":\"El desgarrador testimonio de la argentina que sobrevivi\u00f3 al ataque en Florida\"}]},{\"@type\":\"WebSite\",\"@id\":\"https:\\\/\\\/www.eldiariodetucuman.com\\\/web\\\/#website\",\"url\":\"https:\\\/\\\/www.eldiariodetucuman.com\\\/web\\\/\",\"name\":\"El Diario de Tucuman\",\"description\":\"Diario Tucuman - Informaci\u00f3n y noticias\",\"publisher\":{\"@id\":\"https:\\\/\\\/www.eldiariodetucuman.com\\\/web\\\/#organization\"},\"potentialAction\":[{\"@type\":\"SearchAction\",\"target\":{\"@type\":\"EntryPoint\",\"urlTemplate\":\"https:\\\/\\\/www.eldiariodetucuman.com\\\/web\\\/?s={search_term_string}\"},\"query-input\":{\"@type\":\"PropertyValueSpecification\",\"valueRequired\":true,\"valueName\":\"search_term_string\"}}],\"inLanguage\":\"es\"},{\"@type\":\"Organization\",\"@id\":\"https:\\\/\\\/www.eldiariodetucuman.com\\\/web\\\/#organization\",\"name\":\"El Diario de Tucuman\",\"url\":\"https:\\\/\\\/www.eldiariodetucuman.com\\\/web\\\/\",\"logo\":{\"@type\":\"ImageObject\",\"inLanguage\":\"es\",\"@id\":\"https:\\\/\\\/www.eldiariodetucuman.com\\\/web\\\/#\\\/schema\\\/logo\\\/image\\\/\",\"url\":\"http:\\\/\\\/www.eldiariodetucuman.com\\\/web\\\/wp-content\\\/uploads\\\/2017\\\/12\\\/el-diario-de-tucuman.jpg\",\"contentUrl\":\"http:\\\/\\\/www.eldiariodetucuman.com\\\/web\\\/wp-content\\\/uploads\\\/2017\\\/12\\\/el-diario-de-tucuman.jpg\",\"width\":272,\"height\":92,\"caption\":\"El Diario de Tucuman\"},\"image\":{\"@id\":\"https:\\\/\\\/www.eldiariodetucuman.com\\\/web\\\/#\\\/schema\\\/logo\\\/image\\\/\"}},{\"@type\":\"Person\",\"@id\":\"https:\\\/\\\/www.eldiariodetucuman.com\\\/web\\\/#\\\/schema\\\/person\\\/6f95946e54fde848b878ffa4928071d5\",\"name\":\"eldiario detucuman\",\"image\":{\"@type\":\"ImageObject\",\"inLanguage\":\"es\",\"@id\":\"https:\\\/\\\/secure.gravatar.com\\\/avatar\\\/b6e1f89c5c4044c4962c8e6c20b1ca2cc99f549c965908afd4ec5308b3f51bfe?s=96&d=mm&r=g\",\"url\":\"https:\\\/\\\/secure.gravatar.com\\\/avatar\\\/b6e1f89c5c4044c4962c8e6c20b1ca2cc99f549c965908afd4ec5308b3f51bfe?s=96&d=mm&r=g\",\"contentUrl\":\"https:\\\/\\\/secure.gravatar.com\\\/avatar\\\/b6e1f89c5c4044c4962c8e6c20b1ca2cc99f549c965908afd4ec5308b3f51bfe?s=96&d=mm&r=g\",\"caption\":\"eldiario detucuman\"},\"url\":\"https:\\\/\\\/www.eldiariodetucuman.com\\\/web\\\/author\\\/eldiariodetucuman\\\/\"}]}<\/script>\n<!-- \/ Yoast SEO plugin. -->","yoast_head_json":{"title":"El desgarrador testimonio de la argentina que sobrevivi\u00f3 al ataque en Florida - El Diario de Tucuman","robots":{"index":"index","follow":"follow","max-snippet":"max-snippet:-1","max-image-preview":"max-image-preview:large","max-video-preview":"max-video-preview:-1"},"canonical":"https:\/\/www.eldiariodetucuman.com\/web\/el-desgarrador-testimonio-de-la-argentina-que-sobrevivio-al-ataque-en-florida\/","og_locale":"es_ES","og_type":"article","og_title":"El desgarrador testimonio de la argentina que sobrevivi\u00f3 al ataque en Florida - El Diario de Tucuman","og_description":"Una joven argentina de 14 a\u00f1os que sobrevivi\u00f3 a la matanza de ayer en una escuela secundaria de Florida cont\u00f3 hoy que vio cad\u00e1veres tirados y \u00absangre por todos lados\u00bb y que oy\u00f3 disparos mientras era evacuada por la polic\u00eda del colegio luego de haber estado encerrada m\u00e1s de dos horas en su aula. \u00abFue [&hellip;]","og_url":"https:\/\/www.eldiariodetucuman.com\/web\/el-desgarrador-testimonio-de-la-argentina-que-sobrevivio-al-ataque-en-florida\/","og_site_name":"El Diario de Tucuman","article_published_time":"2018-02-16T14:28:49+00:00","og_image":[{"width":970,"height":546,"url":"https:\/\/www.eldiariodetucuman.com\/web\/wp-content\/uploads\/2018\/02\/8b31026e8579398d0c0e71b685620e16.jpeg","type":"image\/jpeg"}],"author":"eldiario detucuman","twitter_card":"summary_large_image","twitter_misc":{"Escrito por":"eldiario detucuman","Tiempo de lectura":"3 minutos"},"schema":{"@context":"https:\/\/schema.org","@graph":[{"@type":"Article","@id":"https:\/\/www.eldiariodetucuman.com\/web\/el-desgarrador-testimonio-de-la-argentina-que-sobrevivio-al-ataque-en-florida\/#article","isPartOf":{"@id":"https:\/\/www.eldiariodetucuman.com\/web\/el-desgarrador-testimonio-de-la-argentina-que-sobrevivio-al-ataque-en-florida\/"},"author":{"name":"eldiario detucuman","@id":"https:\/\/www.eldiariodetucuman.com\/web\/#\/schema\/person\/6f95946e54fde848b878ffa4928071d5"},"headline":"El desgarrador testimonio de la argentina que sobrevivi\u00f3 al ataque en Florida","datePublished":"2018-02-16T14:28:49+00:00","mainEntityOfPage":{"@id":"https:\/\/www.eldiariodetucuman.com\/web\/el-desgarrador-testimonio-de-la-argentina-que-sobrevivio-al-ataque-en-florida\/"},"wordCount":698,"commentCount":0,"publisher":{"@id":"https:\/\/www.eldiariodetucuman.com\/web\/#organization"},"image":{"@id":"https:\/\/www.eldiariodetucuman.com\/web\/el-desgarrador-testimonio-de-la-argentina-que-sobrevivio-al-ataque-en-florida\/#primaryimage"},"thumbnailUrl":"https:\/\/www.eldiariodetucuman.com\/web\/wp-content\/uploads\/2018\/02\/8b31026e8579398d0c0e71b685620e16.jpeg","articleSection":["Internacionales"],"inLanguage":"es","potentialAction":[{"@type":"CommentAction","name":"Comment","target":["https:\/\/www.eldiariodetucuman.com\/web\/el-desgarrador-testimonio-de-la-argentina-que-sobrevivio-al-ataque-en-florida\/#respond"]}]},{"@type":"WebPage","@id":"https:\/\/www.eldiariodetucuman.com\/web\/el-desgarrador-testimonio-de-la-argentina-que-sobrevivio-al-ataque-en-florida\/","url":"https:\/\/www.eldiariodetucuman.com\/web\/el-desgarrador-testimonio-de-la-argentina-que-sobrevivio-al-ataque-en-florida\/","name":"El desgarrador testimonio de la argentina que sobrevivi\u00f3 al ataque en Florida - El Diario de Tucuman","isPartOf":{"@id":"https:\/\/www.eldiariodetucuman.com\/web\/#website"},"primaryImageOfPage":{"@id":"https:\/\/www.eldiariodetucuman.com\/web\/el-desgarrador-testimonio-de-la-argentina-que-sobrevivio-al-ataque-en-florida\/#primaryimage"},"image":{"@id":"https:\/\/www.eldiariodetucuman.com\/web\/el-desgarrador-testimonio-de-la-argentina-que-sobrevivio-al-ataque-en-florida\/#primaryimage"},"thumbnailUrl":"https:\/\/www.eldiariodetucuman.com\/web\/wp-content\/uploads\/2018\/02\/8b31026e8579398d0c0e71b685620e16.jpeg","datePublished":"2018-02-16T14:28:49+00:00","breadcrumb":{"@id":"https:\/\/www.eldiariodetucuman.com\/web\/el-desgarrador-testimonio-de-la-argentina-que-sobrevivio-al-ataque-en-florida\/#breadcrumb"},"inLanguage":"es","potentialAction":[{"@type":"ReadAction","target":["https:\/\/www.eldiariodetucuman.com\/web\/el-desgarrador-testimonio-de-la-argentina-que-sobrevivio-al-ataque-en-florida\/"]}]},{"@type":"ImageObject","inLanguage":"es","@id":"https:\/\/www.eldiariodetucuman.com\/web\/el-desgarrador-testimonio-de-la-argentina-que-sobrevivio-al-ataque-en-florida\/#primaryimage","url":"https:\/\/www.eldiariodetucuman.com\/web\/wp-content\/uploads\/2018\/02\/8b31026e8579398d0c0e71b685620e16.jpeg","contentUrl":"https:\/\/www.eldiariodetucuman.com\/web\/wp-content\/uploads\/2018\/02\/8b31026e8579398d0c0e71b685620e16.jpeg","width":970,"height":546},{"@type":"BreadcrumbList","@id":"https:\/\/www.eldiariodetucuman.com\/web\/el-desgarrador-testimonio-de-la-argentina-que-sobrevivio-al-ataque-en-florida\/#breadcrumb","itemListElement":[{"@type":"ListItem","position":1,"name":"Portada","item":"https:\/\/www.eldiariodetucuman.com\/web\/"},{"@type":"ListItem","position":2,"name":"El desgarrador testimonio de la argentina que sobrevivi\u00f3 al ataque en Florida"}]},{"@type":"WebSite","@id":"https:\/\/www.eldiariodetucuman.com\/web\/#website","url":"https:\/\/www.eldiariodetucuman.com\/web\/","name":"El Diario de Tucuman","description":"Diario Tucuman - Informaci\u00f3n y noticias","publisher":{"@id":"https:\/\/www.eldiariodetucuman.com\/web\/#organization"},"potentialAction":[{"@type":"SearchAction","target":{"@type":"EntryPoint","urlTemplate":"https:\/\/www.eldiariodetucuman.com\/web\/?s={search_term_string}"},"query-input":{"@type":"PropertyValueSpecification","valueRequired":true,"valueName":"search_term_string"}}],"inLanguage":"es"},{"@type":"Organization","@id":"https:\/\/www.eldiariodetucuman.com\/web\/#organization","name":"El Diario de Tucuman","url":"https:\/\/www.eldiariodetucuman.com\/web\/","logo":{"@type":"ImageObject","inLanguage":"es","@id":"https:\/\/www.eldiariodetucuman.com\/web\/#\/schema\/logo\/image\/","url":"http:\/\/www.eldiariodetucuman.com\/web\/wp-content\/uploads\/2017\/12\/el-diario-de-tucuman.jpg","contentUrl":"http:\/\/www.eldiariodetucuman.com\/web\/wp-content\/uploads\/2017\/12\/el-diario-de-tucuman.jpg","width":272,"height":92,"caption":"El Diario de Tucuman"},"image":{"@id":"https:\/\/www.eldiariodetucuman.com\/web\/#\/schema\/logo\/image\/"}},{"@type":"Person","@id":"https:\/\/www.eldiariodetucuman.com\/web\/#\/schema\/person\/6f95946e54fde848b878ffa4928071d5","name":"eldiario detucuman","image":{"@type":"ImageObject","inLanguage":"es","@id":"https:\/\/secure.gravatar.com\/avatar\/b6e1f89c5c4044c4962c8e6c20b1ca2cc99f549c965908afd4ec5308b3f51bfe?s=96&d=mm&r=g","url":"https:\/\/secure.gravatar.com\/avatar\/b6e1f89c5c4044c4962c8e6c20b1ca2cc99f549c965908afd4ec5308b3f51bfe?s=96&d=mm&r=g","contentUrl":"https:\/\/secure.gravatar.com\/avatar\/b6e1f89c5c4044c4962c8e6c20b1ca2cc99f549c965908afd4ec5308b3f51bfe?s=96&d=mm&r=g","caption":"eldiario detucuman"},"url":"https:\/\/www.eldiariodetucuman.com\/web\/author\/eldiariodetucuman\/"}]}},"_links":{"self":[{"href":"https:\/\/www.eldiariodetucuman.com\/web\/wp-json\/wp\/v2\/posts\/5401","targetHints":{"allow":["GET"]}}],"collection":[{"href":"https:\/\/www.eldiariodetucuman.com\/web\/wp-json\/wp\/v2\/posts"}],"about":[{"href":"https:\/\/www.eldiariodetucuman.com\/web\/wp-json\/wp\/v2\/types\/post"}],"author":[{"embeddable":true,"href":"https:\/\/www.eldiariodetucuman.com\/web\/wp-json\/wp\/v2\/users\/4"}],"replies":[{"embeddable":true,"href":"https:\/\/www.eldiariodetucuman.com\/web\/wp-json\/wp\/v2\/comments?post=5401"}],"version-history":[{"count":0,"href":"https:\/\/www.eldiariodetucuman.com\/web\/wp-json\/wp\/v2\/posts\/5401\/revisions"}],"wp:featuredmedia":[{"embeddable":true,"href":"https:\/\/www.eldiariodetucuman.com\/web\/wp-json\/wp\/v2\/media\/5402"}],"wp:attachment":[{"href":"https:\/\/www.eldiariodetucuman.com\/web\/wp-json\/wp\/v2\/media?parent=5401"}],"wp:term":[{"taxonomy":"category","embeddable":true,"href":"https:\/\/www.eldiariodetucuman.com\/web\/wp-json\/wp\/v2\/categories?post=5401"},{"taxonomy":"post_tag","embeddable":true,"href":"https:\/\/www.eldiariodetucuman.com\/web\/wp-json\/wp\/v2\/tags?post=5401"}],"curies":[{"name":"wp","href":"https:\/\/api.w.org\/{rel}","templated":true}]}}