{"id":5122,"date":"2018-02-04T12:09:00","date_gmt":"2018-02-04T15:09:00","guid":{"rendered":"http:\/\/www.eldiariodetucuman.com\/web\/fascista-baleo-a-inmigrantes-en-venganza-por-el-crimen-de-una-mujer\/"},"modified":"2018-02-04T12:09:00","modified_gmt":"2018-02-04T15:09:00","slug":"fascista-baleo-a-inmigrantes-en-venganza-por-el-crimen-de-una-mujer","status":"publish","type":"post","link":"https:\/\/www.eldiariodetucuman.com\/web\/fascista-baleo-a-inmigrantes-en-venganza-por-el-crimen-de-una-mujer\/","title":{"rendered":"Fascista bale\u00f3 a inmigrantes en venganza por el crimen de una mujer"},"content":{"rendered":"<div>\n<div itemprop=\"articleBody\" readability=\"62.944329896907\">\n<p>Un italiano hiri\u00f3 a tiros y al grito de consignas fascistas a cuatro inmigrantes de <em>\u00abraza negra\u00bb<\/em>\u00a0en una ciudad del este de   <a href=\"https:\/\/www.cronica.com.ar\/tags\/Italia\">Italia<\/a> donde esta semana se hall\u00f3 el cuerpo de una adolescente v\u00edctima de un brutal crimen por el que fue acusado un nigeriano, informaron la polic\u00eda y medios locales.<\/p>\n<div>\n<figure class=\"image\"><img decoding=\"async\" alt=\"\" data-height=\"443\" data-size=\"w:593,h:443\" data-width=\"593\" hspace=\"5\" src=\"https:\/\/www.cronica.com.ar\/export\/sites\/cronica\/img\/2018\/02\/03\/file-kthe-u434307065825949kd-593x443xcorriere-web-sezioni.jpeg_245213695.jpeg\" title=\"\" vspace=\"5\"><figcaption>El agresor fue detendio.<\/figcaption><\/figure>\n<\/div>\n<p>El agresor, identificado por los medios como <strong>Luca Traini<\/strong>, de 28 a\u00f1os, dispar\u00f3 en un barrio de inmigrantes de la ciudad de Macerata con una pistola Glock desde un auto tras haber hecho el saludo romano (el brazo derecho en alto) y mientras gritaba <em>\u00abViva   <a href=\"https:\/\/www.cronica.com.ar\/tags\/Italia\">Italia<\/a>\u00ab<\/em>\u00a0con una bandera del pa\u00eds europeo en la espalda.<\/p>\n<div>\n<figure class=\"image\"><img decoding=\"async\" alt=\"\" data-height=\"477\" data-size=\"w:635,h:477\" data-width=\"635\" hspace=\"5\" src=\"https:\/\/www.cronica.com.ar\/export\/sites\/cronica\/img\/2018\/02\/03\/13543165435.jpg_32039511.jpg\" title=\"\" vspace=\"5\"><figcaption>Antes de ser detenido grit\u00f3 \u00abViva   <a href=\"https:\/\/www.cronica.com.ar\/tags\/Italia\">Italia<\/a>!<\/figcaption><\/figure>\n<\/div>\n<p>El atacante, de cabeza rapada, fue detenido por la polic\u00eda cuando descendi\u00f3 del veh\u00edculo en una plaza, inform\u00f3 la edici\u00f3n online del diario La Republica.<\/p>\n<div>\n<figure class=\"image\"><img decoding=\"async\" alt=\"\" data-height=\"201\" data-size=\"w:358,h:201\" data-width=\"358\" hspace=\"5\" src=\"https:\/\/www.cronica.com.ar\/export\/sites\/cronica\/img\/2018\/02\/03\/818183183183_crop1517669025676.jpg_1970504378.jpg\" title=\"\" vspace=\"5\"><figcaption>Los param\u00e9dicos asistieron r\u00e1pidamente a los heridos.<\/figcaption><\/figure>\n<\/div>\n<p>Seg\u00fan la reconstrucci\u00f3n policial que mostr\u00f3 la cadena de TV Rai, los heridos fueron cuatro <em>\u00abextranjeros de raza negra\u00bb<\/em>, en una supuesta <em>\u00abvenganza\u00bb<\/em>\u00a0contra la comunidad nigeriana por el asesinato de <strong>Pamela Mastropietro<\/strong>, de 18 a\u00f1os, cuyo cuerpo desmembrado fue hallado esta semana en Macerata, dentro de una valija.<\/p>\n<div>\n<figure class=\"image\"><img decoding=\"async\" alt=\"\" data-height=\"475\" data-size=\"w:633,h:475\" data-width=\"633\" hspace=\"5\" src=\"https:\/\/www.cronica.com.ar\/export\/sites\/cronica\/img\/2018\/02\/03\/2312311123.jpg_734951131.jpg\" title=\"\" vspace=\"5\"><figcaption>Una de las vainas de los proyectiles.<\/figcaption><\/figure>\n<\/div>\n<p>El crimen conmocion\u00f3 a   <a href=\"https:\/\/www.cronica.com.ar\/tags\/Italia\">Italia<\/a>, y por el hecho fue arrestado un nigeriano de 29 a\u00f1os identificado como <strong>Innocen Oseghale<\/strong>, un presunto traficante de drogas.<\/p>\n<div>\n<figure class=\"image\"><img decoding=\"async\" alt=\"\" data-height=\"200\" data-size=\"w:358,h:200\" data-width=\"358\" hspace=\"5\" src=\"https:\/\/www.cronica.com.ar\/export\/sites\/cronica\/img\/2018\/02\/03\/3834483483483_crop1517669353769.jpg_1971427899.jpg\" title=\"\" vspace=\"5\"><figcaption>Los investigadores realizaron las pericias en el lugar.<\/figcaption><\/figure>\n<\/div>\n<\/div>\n<\/div>\n","protected":false},"excerpt":{"rendered":"<p>Un italiano hiri\u00f3 a tiros y al grito de consignas fascistas a cuatro inmigrantes de \u00abraza negra\u00bb\u00a0en una ciudad del este de Italia donde esta semana se hall\u00f3 el cuerpo de una adolescente v\u00edctima de un brutal crimen por el que fue acusado un nigeriano, informaron la polic\u00eda y medios locales. El agresor fue detendio. [&hellip;]<\/p>\n","protected":false},"author":4,"featured_media":5123,"comment_status":"open","ping_status":"closed","sticky":false,"template":"","format":"standard","meta":{"footnotes":""},"categories":[194],"tags":[],"class_list":{"0":"post-5122","1":"post","2":"type-post","3":"status-publish","4":"format-standard","5":"has-post-thumbnail","7":"category-internacionales"},"yoast_head":"<!-- This site is optimized with the Yoast SEO plugin v27.4 - https:\/\/yoast.com\/product\/yoast-seo-wordpress\/ -->\n<title>Fascista bale\u00f3 a inmigrantes en venganza por el crimen de una mujer - El Diario de Tucuman<\/title>\n<meta name=\"robots\" content=\"index, follow, max-snippet:-1, max-image-preview:large, max-video-preview:-1\" \/>\n<link rel=\"canonical\" href=\"https:\/\/www.eldiariodetucuman.com\/web\/fascista-baleo-a-inmigrantes-en-venganza-por-el-crimen-de-una-mujer\/\" \/>\n<meta property=\"og:locale\" content=\"es_ES\" \/>\n<meta property=\"og:type\" content=\"article\" \/>\n<meta property=\"og:title\" content=\"Fascista bale\u00f3 a inmigrantes en venganza por el crimen de una mujer - El Diario de Tucuman\" \/>\n<meta property=\"og:description\" content=\"Un italiano hiri\u00f3 a tiros y al grito de consignas fascistas a cuatro inmigrantes de \u00abraza negra\u00bb\u00a0en una ciudad del este de Italia donde esta semana se hall\u00f3 el cuerpo de una adolescente v\u00edctima de un brutal crimen por el que fue acusado un nigeriano, informaron la polic\u00eda y medios locales. El agresor fue detendio. [&hellip;]\" \/>\n<meta property=\"og:url\" content=\"https:\/\/www.eldiariodetucuman.com\/web\/fascista-baleo-a-inmigrantes-en-venganza-por-el-crimen-de-una-mujer\/\" \/>\n<meta property=\"og:site_name\" content=\"El Diario de Tucuman\" \/>\n<meta property=\"article:published_time\" content=\"2018-02-04T15:09:00+00:00\" \/>\n<meta property=\"og:image\" content=\"https:\/\/www.eldiariodetucuman.com\/web\/wp-content\/uploads\/2018\/02\/17e4826a604f305467ef2b106115653f.jpeg\" \/>\n\t<meta property=\"og:image:width\" content=\"970\" \/>\n\t<meta property=\"og:image:height\" content=\"546\" \/>\n\t<meta property=\"og:image:type\" content=\"image\/jpeg\" \/>\n<meta name=\"author\" content=\"eldiario detucuman\" \/>\n<meta name=\"twitter:card\" content=\"summary_large_image\" \/>\n<meta name=\"twitter:label1\" content=\"Escrito por\" \/>\n\t<meta name=\"twitter:data1\" content=\"eldiario detucuman\" \/>\n\t<meta name=\"twitter:label2\" content=\"Tiempo de lectura\" \/>\n\t<meta name=\"twitter:data2\" content=\"1 minuto\" \/>\n<script type=\"application\/ld+json\" class=\"yoast-schema-graph\">{\"@context\":\"https:\\\/\\\/schema.org\",\"@graph\":[{\"@type\":\"Article\",\"@id\":\"https:\\\/\\\/www.eldiariodetucuman.com\\\/web\\\/fascista-baleo-a-inmigrantes-en-venganza-por-el-crimen-de-una-mujer\\\/#article\",\"isPartOf\":{\"@id\":\"https:\\\/\\\/www.eldiariodetucuman.com\\\/web\\\/fascista-baleo-a-inmigrantes-en-venganza-por-el-crimen-de-una-mujer\\\/\"},\"author\":{\"name\":\"eldiario detucuman\",\"@id\":\"https:\\\/\\\/www.eldiariodetucuman.com\\\/web\\\/#\\\/schema\\\/person\\\/6f95946e54fde848b878ffa4928071d5\"},\"headline\":\"Fascista bale\u00f3 a inmigrantes en venganza por el crimen de una mujer\",\"datePublished\":\"2018-02-04T15:09:00+00:00\",\"mainEntityOfPage\":{\"@id\":\"https:\\\/\\\/www.eldiariodetucuman.com\\\/web\\\/fascista-baleo-a-inmigrantes-en-venganza-por-el-crimen-de-una-mujer\\\/\"},\"wordCount\":261,\"commentCount\":0,\"publisher\":{\"@id\":\"https:\\\/\\\/www.eldiariodetucuman.com\\\/web\\\/#organization\"},\"image\":{\"@id\":\"https:\\\/\\\/www.eldiariodetucuman.com\\\/web\\\/fascista-baleo-a-inmigrantes-en-venganza-por-el-crimen-de-una-mujer\\\/#primaryimage\"},\"thumbnailUrl\":\"https:\\\/\\\/www.eldiariodetucuman.com\\\/web\\\/wp-content\\\/uploads\\\/2018\\\/02\\\/17e4826a604f305467ef2b106115653f.jpeg\",\"articleSection\":[\"Internacionales\"],\"inLanguage\":\"es\",\"potentialAction\":[{\"@type\":\"CommentAction\",\"name\":\"Comment\",\"target\":[\"https:\\\/\\\/www.eldiariodetucuman.com\\\/web\\\/fascista-baleo-a-inmigrantes-en-venganza-por-el-crimen-de-una-mujer\\\/#respond\"]}]},{\"@type\":\"WebPage\",\"@id\":\"https:\\\/\\\/www.eldiariodetucuman.com\\\/web\\\/fascista-baleo-a-inmigrantes-en-venganza-por-el-crimen-de-una-mujer\\\/\",\"url\":\"https:\\\/\\\/www.eldiariodetucuman.com\\\/web\\\/fascista-baleo-a-inmigrantes-en-venganza-por-el-crimen-de-una-mujer\\\/\",\"name\":\"Fascista bale\u00f3 a inmigrantes en venganza por el crimen de una mujer - El Diario de Tucuman\",\"isPartOf\":{\"@id\":\"https:\\\/\\\/www.eldiariodetucuman.com\\\/web\\\/#website\"},\"primaryImageOfPage\":{\"@id\":\"https:\\\/\\\/www.eldiariodetucuman.com\\\/web\\\/fascista-baleo-a-inmigrantes-en-venganza-por-el-crimen-de-una-mujer\\\/#primaryimage\"},\"image\":{\"@id\":\"https:\\\/\\\/www.eldiariodetucuman.com\\\/web\\\/fascista-baleo-a-inmigrantes-en-venganza-por-el-crimen-de-una-mujer\\\/#primaryimage\"},\"thumbnailUrl\":\"https:\\\/\\\/www.eldiariodetucuman.com\\\/web\\\/wp-content\\\/uploads\\\/2018\\\/02\\\/17e4826a604f305467ef2b106115653f.jpeg\",\"datePublished\":\"2018-02-04T15:09:00+00:00\",\"breadcrumb\":{\"@id\":\"https:\\\/\\\/www.eldiariodetucuman.com\\\/web\\\/fascista-baleo-a-inmigrantes-en-venganza-por-el-crimen-de-una-mujer\\\/#breadcrumb\"},\"inLanguage\":\"es\",\"potentialAction\":[{\"@type\":\"ReadAction\",\"target\":[\"https:\\\/\\\/www.eldiariodetucuman.com\\\/web\\\/fascista-baleo-a-inmigrantes-en-venganza-por-el-crimen-de-una-mujer\\\/\"]}]},{\"@type\":\"ImageObject\",\"inLanguage\":\"es\",\"@id\":\"https:\\\/\\\/www.eldiariodetucuman.com\\\/web\\\/fascista-baleo-a-inmigrantes-en-venganza-por-el-crimen-de-una-mujer\\\/#primaryimage\",\"url\":\"https:\\\/\\\/www.eldiariodetucuman.com\\\/web\\\/wp-content\\\/uploads\\\/2018\\\/02\\\/17e4826a604f305467ef2b106115653f.jpeg\",\"contentUrl\":\"https:\\\/\\\/www.eldiariodetucuman.com\\\/web\\\/wp-content\\\/uploads\\\/2018\\\/02\\\/17e4826a604f305467ef2b106115653f.jpeg\",\"width\":970,\"height\":546},{\"@type\":\"BreadcrumbList\",\"@id\":\"https:\\\/\\\/www.eldiariodetucuman.com\\\/web\\\/fascista-baleo-a-inmigrantes-en-venganza-por-el-crimen-de-una-mujer\\\/#breadcrumb\",\"itemListElement\":[{\"@type\":\"ListItem\",\"position\":1,\"name\":\"Portada\",\"item\":\"https:\\\/\\\/www.eldiariodetucuman.com\\\/web\\\/\"},{\"@type\":\"ListItem\",\"position\":2,\"name\":\"Fascista bale\u00f3 a inmigrantes en venganza por el crimen de una mujer\"}]},{\"@type\":\"WebSite\",\"@id\":\"https:\\\/\\\/www.eldiariodetucuman.com\\\/web\\\/#website\",\"url\":\"https:\\\/\\\/www.eldiariodetucuman.com\\\/web\\\/\",\"name\":\"El Diario de Tucuman\",\"description\":\"Diario Tucuman - Informaci\u00f3n y noticias\",\"publisher\":{\"@id\":\"https:\\\/\\\/www.eldiariodetucuman.com\\\/web\\\/#organization\"},\"potentialAction\":[{\"@type\":\"SearchAction\",\"target\":{\"@type\":\"EntryPoint\",\"urlTemplate\":\"https:\\\/\\\/www.eldiariodetucuman.com\\\/web\\\/?s={search_term_string}\"},\"query-input\":{\"@type\":\"PropertyValueSpecification\",\"valueRequired\":true,\"valueName\":\"search_term_string\"}}],\"inLanguage\":\"es\"},{\"@type\":\"Organization\",\"@id\":\"https:\\\/\\\/www.eldiariodetucuman.com\\\/web\\\/#organization\",\"name\":\"El Diario de Tucuman\",\"url\":\"https:\\\/\\\/www.eldiariodetucuman.com\\\/web\\\/\",\"logo\":{\"@type\":\"ImageObject\",\"inLanguage\":\"es\",\"@id\":\"https:\\\/\\\/www.eldiariodetucuman.com\\\/web\\\/#\\\/schema\\\/logo\\\/image\\\/\",\"url\":\"http:\\\/\\\/www.eldiariodetucuman.com\\\/web\\\/wp-content\\\/uploads\\\/2017\\\/12\\\/el-diario-de-tucuman.jpg\",\"contentUrl\":\"http:\\\/\\\/www.eldiariodetucuman.com\\\/web\\\/wp-content\\\/uploads\\\/2017\\\/12\\\/el-diario-de-tucuman.jpg\",\"width\":272,\"height\":92,\"caption\":\"El Diario de Tucuman\"},\"image\":{\"@id\":\"https:\\\/\\\/www.eldiariodetucuman.com\\\/web\\\/#\\\/schema\\\/logo\\\/image\\\/\"}},{\"@type\":\"Person\",\"@id\":\"https:\\\/\\\/www.eldiariodetucuman.com\\\/web\\\/#\\\/schema\\\/person\\\/6f95946e54fde848b878ffa4928071d5\",\"name\":\"eldiario detucuman\",\"image\":{\"@type\":\"ImageObject\",\"inLanguage\":\"es\",\"@id\":\"https:\\\/\\\/secure.gravatar.com\\\/avatar\\\/b6e1f89c5c4044c4962c8e6c20b1ca2cc99f549c965908afd4ec5308b3f51bfe?s=96&d=mm&r=g\",\"url\":\"https:\\\/\\\/secure.gravatar.com\\\/avatar\\\/b6e1f89c5c4044c4962c8e6c20b1ca2cc99f549c965908afd4ec5308b3f51bfe?s=96&d=mm&r=g\",\"contentUrl\":\"https:\\\/\\\/secure.gravatar.com\\\/avatar\\\/b6e1f89c5c4044c4962c8e6c20b1ca2cc99f549c965908afd4ec5308b3f51bfe?s=96&d=mm&r=g\",\"caption\":\"eldiario detucuman\"},\"url\":\"https:\\\/\\\/www.eldiariodetucuman.com\\\/web\\\/author\\\/eldiariodetucuman\\\/\"}]}<\/script>\n<!-- \/ Yoast SEO plugin. -->","yoast_head_json":{"title":"Fascista bale\u00f3 a inmigrantes en venganza por el crimen de una mujer - El Diario de Tucuman","robots":{"index":"index","follow":"follow","max-snippet":"max-snippet:-1","max-image-preview":"max-image-preview:large","max-video-preview":"max-video-preview:-1"},"canonical":"https:\/\/www.eldiariodetucuman.com\/web\/fascista-baleo-a-inmigrantes-en-venganza-por-el-crimen-de-una-mujer\/","og_locale":"es_ES","og_type":"article","og_title":"Fascista bale\u00f3 a inmigrantes en venganza por el crimen de una mujer - El Diario de Tucuman","og_description":"Un italiano hiri\u00f3 a tiros y al grito de consignas fascistas a cuatro inmigrantes de \u00abraza negra\u00bb\u00a0en una ciudad del este de Italia donde esta semana se hall\u00f3 el cuerpo de una adolescente v\u00edctima de un brutal crimen por el que fue acusado un nigeriano, informaron la polic\u00eda y medios locales. El agresor fue detendio. [&hellip;]","og_url":"https:\/\/www.eldiariodetucuman.com\/web\/fascista-baleo-a-inmigrantes-en-venganza-por-el-crimen-de-una-mujer\/","og_site_name":"El Diario de Tucuman","article_published_time":"2018-02-04T15:09:00+00:00","og_image":[{"width":970,"height":546,"url":"https:\/\/www.eldiariodetucuman.com\/web\/wp-content\/uploads\/2018\/02\/17e4826a604f305467ef2b106115653f.jpeg","type":"image\/jpeg"}],"author":"eldiario detucuman","twitter_card":"summary_large_image","twitter_misc":{"Escrito por":"eldiario detucuman","Tiempo de lectura":"1 minuto"},"schema":{"@context":"https:\/\/schema.org","@graph":[{"@type":"Article","@id":"https:\/\/www.eldiariodetucuman.com\/web\/fascista-baleo-a-inmigrantes-en-venganza-por-el-crimen-de-una-mujer\/#article","isPartOf":{"@id":"https:\/\/www.eldiariodetucuman.com\/web\/fascista-baleo-a-inmigrantes-en-venganza-por-el-crimen-de-una-mujer\/"},"author":{"name":"eldiario detucuman","@id":"https:\/\/www.eldiariodetucuman.com\/web\/#\/schema\/person\/6f95946e54fde848b878ffa4928071d5"},"headline":"Fascista bale\u00f3 a inmigrantes en venganza por el crimen de una mujer","datePublished":"2018-02-04T15:09:00+00:00","mainEntityOfPage":{"@id":"https:\/\/www.eldiariodetucuman.com\/web\/fascista-baleo-a-inmigrantes-en-venganza-por-el-crimen-de-una-mujer\/"},"wordCount":261,"commentCount":0,"publisher":{"@id":"https:\/\/www.eldiariodetucuman.com\/web\/#organization"},"image":{"@id":"https:\/\/www.eldiariodetucuman.com\/web\/fascista-baleo-a-inmigrantes-en-venganza-por-el-crimen-de-una-mujer\/#primaryimage"},"thumbnailUrl":"https:\/\/www.eldiariodetucuman.com\/web\/wp-content\/uploads\/2018\/02\/17e4826a604f305467ef2b106115653f.jpeg","articleSection":["Internacionales"],"inLanguage":"es","potentialAction":[{"@type":"CommentAction","name":"Comment","target":["https:\/\/www.eldiariodetucuman.com\/web\/fascista-baleo-a-inmigrantes-en-venganza-por-el-crimen-de-una-mujer\/#respond"]}]},{"@type":"WebPage","@id":"https:\/\/www.eldiariodetucuman.com\/web\/fascista-baleo-a-inmigrantes-en-venganza-por-el-crimen-de-una-mujer\/","url":"https:\/\/www.eldiariodetucuman.com\/web\/fascista-baleo-a-inmigrantes-en-venganza-por-el-crimen-de-una-mujer\/","name":"Fascista bale\u00f3 a inmigrantes en venganza por el crimen de una mujer - El Diario de Tucuman","isPartOf":{"@id":"https:\/\/www.eldiariodetucuman.com\/web\/#website"},"primaryImageOfPage":{"@id":"https:\/\/www.eldiariodetucuman.com\/web\/fascista-baleo-a-inmigrantes-en-venganza-por-el-crimen-de-una-mujer\/#primaryimage"},"image":{"@id":"https:\/\/www.eldiariodetucuman.com\/web\/fascista-baleo-a-inmigrantes-en-venganza-por-el-crimen-de-una-mujer\/#primaryimage"},"thumbnailUrl":"https:\/\/www.eldiariodetucuman.com\/web\/wp-content\/uploads\/2018\/02\/17e4826a604f305467ef2b106115653f.jpeg","datePublished":"2018-02-04T15:09:00+00:00","breadcrumb":{"@id":"https:\/\/www.eldiariodetucuman.com\/web\/fascista-baleo-a-inmigrantes-en-venganza-por-el-crimen-de-una-mujer\/#breadcrumb"},"inLanguage":"es","potentialAction":[{"@type":"ReadAction","target":["https:\/\/www.eldiariodetucuman.com\/web\/fascista-baleo-a-inmigrantes-en-venganza-por-el-crimen-de-una-mujer\/"]}]},{"@type":"ImageObject","inLanguage":"es","@id":"https:\/\/www.eldiariodetucuman.com\/web\/fascista-baleo-a-inmigrantes-en-venganza-por-el-crimen-de-una-mujer\/#primaryimage","url":"https:\/\/www.eldiariodetucuman.com\/web\/wp-content\/uploads\/2018\/02\/17e4826a604f305467ef2b106115653f.jpeg","contentUrl":"https:\/\/www.eldiariodetucuman.com\/web\/wp-content\/uploads\/2018\/02\/17e4826a604f305467ef2b106115653f.jpeg","width":970,"height":546},{"@type":"BreadcrumbList","@id":"https:\/\/www.eldiariodetucuman.com\/web\/fascista-baleo-a-inmigrantes-en-venganza-por-el-crimen-de-una-mujer\/#breadcrumb","itemListElement":[{"@type":"ListItem","position":1,"name":"Portada","item":"https:\/\/www.eldiariodetucuman.com\/web\/"},{"@type":"ListItem","position":2,"name":"Fascista bale\u00f3 a inmigrantes en venganza por el crimen de una mujer"}]},{"@type":"WebSite","@id":"https:\/\/www.eldiariodetucuman.com\/web\/#website","url":"https:\/\/www.eldiariodetucuman.com\/web\/","name":"El Diario de Tucuman","description":"Diario Tucuman - Informaci\u00f3n y noticias","publisher":{"@id":"https:\/\/www.eldiariodetucuman.com\/web\/#organization"},"potentialAction":[{"@type":"SearchAction","target":{"@type":"EntryPoint","urlTemplate":"https:\/\/www.eldiariodetucuman.com\/web\/?s={search_term_string}"},"query-input":{"@type":"PropertyValueSpecification","valueRequired":true,"valueName":"search_term_string"}}],"inLanguage":"es"},{"@type":"Organization","@id":"https:\/\/www.eldiariodetucuman.com\/web\/#organization","name":"El Diario de Tucuman","url":"https:\/\/www.eldiariodetucuman.com\/web\/","logo":{"@type":"ImageObject","inLanguage":"es","@id":"https:\/\/www.eldiariodetucuman.com\/web\/#\/schema\/logo\/image\/","url":"http:\/\/www.eldiariodetucuman.com\/web\/wp-content\/uploads\/2017\/12\/el-diario-de-tucuman.jpg","contentUrl":"http:\/\/www.eldiariodetucuman.com\/web\/wp-content\/uploads\/2017\/12\/el-diario-de-tucuman.jpg","width":272,"height":92,"caption":"El Diario de Tucuman"},"image":{"@id":"https:\/\/www.eldiariodetucuman.com\/web\/#\/schema\/logo\/image\/"}},{"@type":"Person","@id":"https:\/\/www.eldiariodetucuman.com\/web\/#\/schema\/person\/6f95946e54fde848b878ffa4928071d5","name":"eldiario detucuman","image":{"@type":"ImageObject","inLanguage":"es","@id":"https:\/\/secure.gravatar.com\/avatar\/b6e1f89c5c4044c4962c8e6c20b1ca2cc99f549c965908afd4ec5308b3f51bfe?s=96&d=mm&r=g","url":"https:\/\/secure.gravatar.com\/avatar\/b6e1f89c5c4044c4962c8e6c20b1ca2cc99f549c965908afd4ec5308b3f51bfe?s=96&d=mm&r=g","contentUrl":"https:\/\/secure.gravatar.com\/avatar\/b6e1f89c5c4044c4962c8e6c20b1ca2cc99f549c965908afd4ec5308b3f51bfe?s=96&d=mm&r=g","caption":"eldiario detucuman"},"url":"https:\/\/www.eldiariodetucuman.com\/web\/author\/eldiariodetucuman\/"}]}},"_links":{"self":[{"href":"https:\/\/www.eldiariodetucuman.com\/web\/wp-json\/wp\/v2\/posts\/5122","targetHints":{"allow":["GET"]}}],"collection":[{"href":"https:\/\/www.eldiariodetucuman.com\/web\/wp-json\/wp\/v2\/posts"}],"about":[{"href":"https:\/\/www.eldiariodetucuman.com\/web\/wp-json\/wp\/v2\/types\/post"}],"author":[{"embeddable":true,"href":"https:\/\/www.eldiariodetucuman.com\/web\/wp-json\/wp\/v2\/users\/4"}],"replies":[{"embeddable":true,"href":"https:\/\/www.eldiariodetucuman.com\/web\/wp-json\/wp\/v2\/comments?post=5122"}],"version-history":[{"count":0,"href":"https:\/\/www.eldiariodetucuman.com\/web\/wp-json\/wp\/v2\/posts\/5122\/revisions"}],"wp:featuredmedia":[{"embeddable":true,"href":"https:\/\/www.eldiariodetucuman.com\/web\/wp-json\/wp\/v2\/media\/5123"}],"wp:attachment":[{"href":"https:\/\/www.eldiariodetucuman.com\/web\/wp-json\/wp\/v2\/media?parent=5122"}],"wp:term":[{"taxonomy":"category","embeddable":true,"href":"https:\/\/www.eldiariodetucuman.com\/web\/wp-json\/wp\/v2\/categories?post=5122"},{"taxonomy":"post_tag","embeddable":true,"href":"https:\/\/www.eldiariodetucuman.com\/web\/wp-json\/wp\/v2\/tags?post=5122"}],"curies":[{"name":"wp","href":"https:\/\/api.w.org\/{rel}","templated":true}]}}