{"id":5116,"date":"2018-02-03T12:55:50","date_gmt":"2018-02-03T15:55:50","guid":{"rendered":"http:\/\/www.eldiariodetucuman.com\/web\/es-posible-un-celular-menos-adictivo\/"},"modified":"2018-02-03T12:55:50","modified_gmt":"2018-02-03T15:55:50","slug":"es-posible-un-celular-menos-adictivo","status":"publish","type":"post","link":"https:\/\/www.eldiariodetucuman.com\/web\/es-posible-un-celular-menos-adictivo\/","title":{"rendered":"\u00bfEs posible un celular menos adictivo?"},"content":{"rendered":"<div>\n<div id=\"cuerpo\">\n<figure class=\"XL caja-destacada epigrafe\" id=\"figure_2624561\" data-is=\"imagen\"><span title=\"Ampliar imagen\" class=\"icon-ampliar\"><\/span><br \/>\n                        <span title=\"Cerrar modal\" class=\"icon-cerrar\"><\/span><figcaption><epigrafe>Renata Altenfelder, de Motorola, y Claudio Waisburg, del Instituto SOMA<\/epigrafe><span class=\"fuente\"> Cr\u00e9dito: Gentileza<\/span><br \/>\n                        <\/figcaption><\/figure>\n<p>\n    <span>Desde el m\u00fasico Jack White hasta inversionistas de Apple y exempleados de Facebook, muchas y muy variadas voces advierten sobre la dependencia que est\u00e1n causando los m\u00f3viles y los servicios en l\u00ednea; ahora le toca a la industria buscar, si existe, una soluci\u00f3n<\/span>\n<\/p>\n<p class=\"capital\">\u00abSer\u00e1 un tour libre de tel\u00e9fonos. No estar\u00e1 permitido hacer fotos ni videos ni audios\u00bb, asegur\u00f3 el m\u00fasico Jack White mientras anunciaba la gira que realizar\u00e1 en abril para presentar su nuevo \u00e1lbum, Boarding House Reach. Para White, es fundamental que su p\u00fablico \u00abviva el momento\u00bb. Por eso, quienes compren entradas ver\u00e1n en las plataformas de venta online un comunicado que informa sobre esta prohibici\u00f3n.<\/p>\n<p><!-- middle1 --><\/p>\n<p><!-- middle1 --><\/p>\n<p>\u00abEste es un show libre de tel\u00e9fonos. No se permiten fotos, videos ni dispositivos de grabaci\u00f3n de audio. Creemos que disfrutar\u00e1s experimentando la m\u00fasica y nuestro amor compartido por ella en persona\u00bb, observa el anuncio.<\/p>\n<p>Adem\u00e1s, el mismo comunicado advierte que al llegar al predio los tel\u00e9fonos y dispositivos que toman fotos y video se guardar\u00e1n en una funda que se desbloquear\u00e1 al final del espect\u00e1culo. \u00abVos te qued\u00e1s con tu tel\u00e9fono protegido con la funda durante el espect\u00e1culo y, de ser necesario, pod\u00e9s desbloquear tu tel\u00e9fono en cualquier momento en una zona ubicada en el lobby y alrededores\u00bb, explican.<\/p>\n<p><!-- middle1 --><\/p>\n<aside class=\"listado ademas floatFix\" id=\"listadoAdemas\" data-is-block=\"true\" data-block-name=\"n_relacionadas-cuerpo\" data-diagramacion-id=\"0\"><\/aside>\n<p>Pero White no es el \u00fanico que est\u00e1 harto de que las personas observen m\u00e1s su tel\u00e9fono que el mundo que las rodea. Dos importantes inversionistas de Apple se sumaron a esta cruzada. Hace unos d\u00edas, JANA Partners y el fondo estatal de pensiones de profesores de California -firmas que poseen en conjunto cerca de 2000 millones de d\u00f3lares en acciones de Apple- escribieron una carta abierta dirigida a la empresa para decir que aunque reconocen el papel \u00fanico en la historia de la innovaci\u00f3n y el hecho de que Apple es una de las marcas m\u00e1s valiosas del mundo, la compa\u00f1\u00eda debe ofrecer a los padres m\u00e1s opciones y herramientas para ayudarlos a garantizar que los consumidores j\u00f3venes utilicen sus productos de manera \u00f3ptima. Adem\u00e1s, manifestaron la preocupaci\u00f3n que tienen por la creciente adicci\u00f3n de los celulares en los ni\u00f1os, seg\u00fan se desprende de diversas investigaciones.<\/p>\n<p><!-- middle1 --><\/p>\n<p><!-- middle1 --><\/p>\n<p>\u00abComo una de las compa\u00f1\u00edas m\u00e1s innovadoras de la historia, Apple puede desempe\u00f1ar un papel definitorio al se\u00f1alar a la industria que prestar especial atenci\u00f3n a la salud para el desarrollo de la pr\u00f3xima generaci\u00f3n es un buen negocio y es el camino correcto. Hacerlo no representa una amenaza para Apple, dado que se trata de un problema de software, no de hardware, y porque, a diferencia de muchas otras compa\u00f1\u00edas de tecnolog\u00eda, el modelo comercial de Apple no se basa en el uso excesivo de sus productos. De hecho, creemos que abordar este problema ahora, ofreciendo a los padres m\u00e1s herramientas y opciones, podr\u00eda mejorar los negocios de Apple\u00bb, sostiene la carta.<\/p>\n<p>Por su parte, Facebook tambi\u00e9n recibi\u00f3 cr\u00edticas de su propio entorno. \u00abExplota una vulnerabilidad en la psicolog\u00eda humana para crear adicci\u00f3n entre los usuarios\u00bb, dijo Sean Parker, el primer presidente de la compa\u00f1\u00eda, durante un foro p\u00fablico en noviembre.<\/p>\n<p><!-- middle1 --><\/p>\n<p>\u00abLiteralmente, cambia tu relaci\u00f3n con la sociedad. Probablemente interfiera con la productividad de maneras extra\u00f1as. Solo Dios sabe lo que le est\u00e1 haciendo al cerebro de nuestros hijos\u00bb, confes\u00f3 Parker al hablar de la compa\u00f1\u00eda que presidi\u00f3.<\/p>\n<p><!-- middle1 --><\/p>\n<p>Adem\u00e1s, revel\u00f3 que cuando Facebook se estaba desarrollando el objetivo era conseguir que los usuarios consumieran tanto tiempo y atenci\u00f3n consciente como fuera posible. Y con ese fin -seg\u00fan explic\u00f3- se cre\u00f3 el bot\u00f3n Me gusta, que dar\u00eda a los usuarios un peque\u00f1o golpe de dopamina para alentarlos a subir m\u00e1s contenido.<\/p>\n<h2 class=\"subtitulo-1\" id=\"en-la-argentina\">\nEn la Argentina<br \/>\n<\/h2>\n<p>Aunque aqu\u00ed no es f\u00e1cil que los ejecutivos de las compa\u00f1\u00edas tecnol\u00f3gicas opinen sobre este tema, los n\u00fameros son contundentes. Un estudio reciente elaborado por Sony Mobile revela que el uso de la tecnolog\u00eda m\u00f3vil ocupa cada vez m\u00e1s tiempo entre los usuarios argentinos. Un 44% de los j\u00f3venes de 18 a 24 a\u00f1os declaran que no pueden pasar un d\u00eda sin usar su tel\u00e9fono m\u00f3vil.<\/p>\n<p><!-- middle1 --><\/p>\n<p>El informe observa adem\u00e1s que el 49% de los encuestados confiesan que este dispositivo m\u00f3vil ocupa una gran parte de su d\u00eda, mientras que un 44% declaran que pasan mucho tiempo us\u00e1ndolo. \u00abEl smartphone se est\u00e1 convirtiendo en algo esencial para muchas personas, tanto en su vida personal como profesional. Vivimos cada vez m\u00e1s no con ese dispositivo, sino en ese dispositivo. A trav\u00e9s de \u00e9l gestionamos una parte creciente de nuestra vida como individuos, ciudadanos y trabajadores\u00bb, dice Melisa Biman, gerente de marketing de Sony Mobile.<\/p>\n<p>Por su parte, Claudio Waisburg, m\u00e9dico neur\u00f3logo y director del Instituto SOMA, advierte que los ni\u00f1os en desarrollo y cognici\u00f3n social dependen de la interacci\u00f3n con personas y no con pantallas. \u00abLa influencia de la tecnolog\u00eda y sus avances en el desarrollo del ni\u00f1o incluyen un aumento de los trastornos f\u00edsicos, fisiol\u00f3gicos y de conducta que los sistemas educativos y sanitarios est\u00e1n apenas empezando a descubrir y, desde luego, no comprenden todav\u00eda\u00bb, cuenta.<\/p>\n<p>Agrega que diversas investigaciones coinciden en que los usuarios consultan sus tel\u00e9fonos m\u00e1s de cien veces al d\u00eda. \u00abAumentar la conciencia del uso de un tel\u00e9fono inteligente puede ser el primer paso en la direcci\u00f3n correcta para disminuir el uso de tel\u00e9fonos inteligentes. A menudo, las personas no son conscientes de la frecuencia y el alcance del uso de su m\u00f3vil\u00bb, asegura Waisburg.<\/p>\n<p>El m\u00e9dico explica que una persona es adicta al celular cuando el dispositivo se vuelve imprescindible para ella y su uso es compulsivo. \u00abTambi\u00e9n, si no tiene el celular se angustia y cree que est\u00e1 aislado del mundo -detalla-. Sin embargo, a pesar de estar viviendo en la era de la hiperconectividad, es poca la gente que reconoce ser adicta al celular. No lo ven como un v\u00ednculo enfermizo\u00bb.<\/p>\n<h2 class=\"subtitulo-1\" id=\"tal-vez-una-utopia\">\nTal vez, una utop\u00eda<br \/>\n<\/h2>\n<p>A pesar del silencio de varias compa\u00f1\u00edas, este tema ya comenz\u00f3 a debatirse y una de las pioneras en hacerse eco de estas cr\u00edticas y tomar cartas en el asunto es Motorola. Esta empresa, que tiene m\u00e1s de 90 a\u00f1os de experiencia en la industria, est\u00e1 por lanzar un blog para abordar justamente este tema. \u00abAdem\u00e1s, con el fin de promover el uso consciente de la tecnolog\u00eda, estaremos realizando distintas acciones de marca, invitando a la gente a reconectarse y redescubrir todo lo que la rodea, y tambi\u00e9n seguiremos trabajando en el nivel del desarrollo de productos\u00bb, cuenta Renata Altenfelder, directora de marketing de Motorola para Am\u00e9rica Latina.<\/p>\n<p>La ejecutiva recuerda que la tecnolog\u00eda fue inventada para unir a la gente, pero hoy muchas veces estamos inmersos en nuestros tel\u00e9fonos sin atender a lo que pasa a nuestro alrededor. \u00abEl mundo necesita un mejor balance entre tecnolog\u00eda y vida. Por eso Motorola te invita a levantar la cabeza y a reconectar con lo que realmente importa. La plataforma #hellocities de Motorola surgi\u00f3 para mostrar a las personas que se puede hacer un uso m\u00e1s consciente de la tecnolog\u00eda. Invitamos a levantar un poco la cabeza, a dejar de mirar la pantalla del celular y reconectarnos con el entorno\u00bb, se\u00f1ala.<\/p>\n<p>Mientras que Juan Pedro Andrade, gerente de marketing de LG Electronics Argentina, cree que estamos ingresando en una nueva era en la que los dispositivos se van a conectar de otra manera con los usuarios. \u00abLa idea de innovar para una vida mejor no viene de una suma de buenos momentos alrededor de la tecnolog\u00eda, sino al rev\u00e9s, de la tecnolog\u00eda como facilitadora y testigo de esos buenos momentos. Gracias a la Internet de las Cosas (IoT) y a la inteligencia artificial, la centralidad sobre los dispositivos ser\u00e1 menor, ya que nos facilitar\u00e1n la vida sin que estemos pendientes de ellos\u00bb, anticipa.<\/p>\n<p>Antes de concluir, Waisburg afirma que la tecnolog\u00eda es fant\u00e1stica, pero debemos ser m\u00e1s conscientes de c\u00f3mo la usamos. \u00abEst\u00e1 en nosotros el desaf\u00edo de dejar de lado el celular para conectarnos con el mundo real. As\u00ed como debemos preocuparnos por tener una dieta alimentaria saludable, debemos ocuparnos de llevar una dieta digital que regule saludablemente la exposici\u00f3n nuestra y de nuestros hijos a la tecnolog\u00eda\u00bb, aconseja.<\/p>\n<p>Cada vez son m\u00e1s los que se suman a las cr\u00edticas y, como vimos, incluso exponentes de la propia industria tecnol\u00f3gica est\u00e1n comenzando a manifestar su preocupaci\u00f3n. Ahora es el turno de las compa\u00f1\u00edas desarrolladoras de equipos y aplicaciones para tomar conciencia y actuar en consecuencia. \u00bfUtop\u00eda? Puede ser. Solo el tiempo develar\u00e1 el misterio.<\/p>\n<p>                <!-- firma autor --><\/p>\n<p>                <!-- temas --><\/p>\n<div class=\"temas\">\n<h4>temas <b>en esta nota<\/b><\/h4>\n<p> <!-- ***NUEVO*** - caja like --><\/p>\n<p>\n    <span class=\"texto-like\"> \u00bfTe gust\u00f3 <b>esta nota?<\/b><\/span><br \/>\n    <span class=\"icon-me-gusta\"> <\/span>\n<\/p>\n<\/p><\/div>\n<\/p><\/div>\n<\/div>\n","protected":false},"excerpt":{"rendered":"<p>Renata Altenfelder, de Motorola, y Claudio Waisburg, del Instituto SOMA Cr\u00e9dito: Gentileza Desde el m\u00fasico Jack White hasta inversionistas de Apple y exempleados de Facebook, muchas y muy variadas voces advierten sobre la dependencia que est\u00e1n causando los m\u00f3viles y los servicios en l\u00ednea; ahora le toca a la industria buscar, si existe, una soluci\u00f3n [&hellip;]<\/p>\n","protected":false},"author":4,"featured_media":5117,"comment_status":"open","ping_status":"closed","sticky":false,"template":"","format":"standard","meta":{"footnotes":""},"categories":[154],"tags":[],"class_list":{"0":"post-5116","1":"post","2":"type-post","3":"status-publish","4":"format-standard","5":"has-post-thumbnail","7":"category-ciencia-y-tecnologia"},"yoast_head":"<!-- This site is optimized with the Yoast SEO plugin v27.4 - https:\/\/yoast.com\/product\/yoast-seo-wordpress\/ -->\n<title>\u00bfEs posible un celular menos adictivo? - El Diario de Tucuman<\/title>\n<meta name=\"robots\" content=\"index, follow, max-snippet:-1, max-image-preview:large, max-video-preview:-1\" \/>\n<link rel=\"canonical\" href=\"https:\/\/www.eldiariodetucuman.com\/web\/es-posible-un-celular-menos-adictivo\/\" \/>\n<meta property=\"og:locale\" content=\"es_ES\" \/>\n<meta property=\"og:type\" content=\"article\" \/>\n<meta property=\"og:title\" content=\"\u00bfEs posible un celular menos adictivo? - El Diario de Tucuman\" \/>\n<meta property=\"og:description\" content=\"Renata Altenfelder, de Motorola, y Claudio Waisburg, del Instituto SOMA Cr\u00e9dito: Gentileza Desde el m\u00fasico Jack White hasta inversionistas de Apple y exempleados de Facebook, muchas y muy variadas voces advierten sobre la dependencia que est\u00e1n causando los m\u00f3viles y los servicios en l\u00ednea; ahora le toca a la industria buscar, si existe, una soluci\u00f3n [&hellip;]\" \/>\n<meta property=\"og:url\" content=\"https:\/\/www.eldiariodetucuman.com\/web\/es-posible-un-celular-menos-adictivo\/\" \/>\n<meta property=\"og:site_name\" content=\"El Diario de Tucuman\" \/>\n<meta property=\"article:published_time\" content=\"2018-02-03T15:55:50+00:00\" \/>\n<meta property=\"og:image\" content=\"https:\/\/www.eldiariodetucuman.com\/web\/wp-content\/uploads\/2018\/02\/72509cef78dc0108ed01bbf4f9daa686.jpeg\" \/>\n\t<meta property=\"og:image:width\" content=\"829\" \/>\n\t<meta property=\"og:image:height\" content=\"688\" \/>\n\t<meta property=\"og:image:type\" content=\"image\/jpeg\" \/>\n<meta name=\"author\" content=\"eldiario detucuman\" \/>\n<meta name=\"twitter:card\" content=\"summary_large_image\" \/>\n<meta name=\"twitter:label1\" content=\"Escrito por\" \/>\n\t<meta name=\"twitter:data1\" content=\"eldiario detucuman\" \/>\n\t<meta name=\"twitter:label2\" content=\"Tiempo de lectura\" \/>\n\t<meta name=\"twitter:data2\" content=\"8 minutos\" \/>\n<script type=\"application\/ld+json\" class=\"yoast-schema-graph\">{\"@context\":\"https:\\\/\\\/schema.org\",\"@graph\":[{\"@type\":\"Article\",\"@id\":\"https:\\\/\\\/www.eldiariodetucuman.com\\\/web\\\/es-posible-un-celular-menos-adictivo\\\/#article\",\"isPartOf\":{\"@id\":\"https:\\\/\\\/www.eldiariodetucuman.com\\\/web\\\/es-posible-un-celular-menos-adictivo\\\/\"},\"author\":{\"name\":\"eldiario detucuman\",\"@id\":\"https:\\\/\\\/www.eldiariodetucuman.com\\\/web\\\/#\\\/schema\\\/person\\\/6f95946e54fde848b878ffa4928071d5\"},\"headline\":\"\u00bfEs posible un celular menos adictivo?\",\"datePublished\":\"2018-02-03T15:55:50+00:00\",\"mainEntityOfPage\":{\"@id\":\"https:\\\/\\\/www.eldiariodetucuman.com\\\/web\\\/es-posible-un-celular-menos-adictivo\\\/\"},\"wordCount\":1551,\"commentCount\":0,\"publisher\":{\"@id\":\"https:\\\/\\\/www.eldiariodetucuman.com\\\/web\\\/#organization\"},\"image\":{\"@id\":\"https:\\\/\\\/www.eldiariodetucuman.com\\\/web\\\/es-posible-un-celular-menos-adictivo\\\/#primaryimage\"},\"thumbnailUrl\":\"https:\\\/\\\/www.eldiariodetucuman.com\\\/web\\\/wp-content\\\/uploads\\\/2018\\\/02\\\/72509cef78dc0108ed01bbf4f9daa686.jpeg\",\"articleSection\":[\"ciencia y tecnologia\"],\"inLanguage\":\"es\",\"potentialAction\":[{\"@type\":\"CommentAction\",\"name\":\"Comment\",\"target\":[\"https:\\\/\\\/www.eldiariodetucuman.com\\\/web\\\/es-posible-un-celular-menos-adictivo\\\/#respond\"]}]},{\"@type\":\"WebPage\",\"@id\":\"https:\\\/\\\/www.eldiariodetucuman.com\\\/web\\\/es-posible-un-celular-menos-adictivo\\\/\",\"url\":\"https:\\\/\\\/www.eldiariodetucuman.com\\\/web\\\/es-posible-un-celular-menos-adictivo\\\/\",\"name\":\"\u00bfEs posible un celular menos adictivo? - El Diario de Tucuman\",\"isPartOf\":{\"@id\":\"https:\\\/\\\/www.eldiariodetucuman.com\\\/web\\\/#website\"},\"primaryImageOfPage\":{\"@id\":\"https:\\\/\\\/www.eldiariodetucuman.com\\\/web\\\/es-posible-un-celular-menos-adictivo\\\/#primaryimage\"},\"image\":{\"@id\":\"https:\\\/\\\/www.eldiariodetucuman.com\\\/web\\\/es-posible-un-celular-menos-adictivo\\\/#primaryimage\"},\"thumbnailUrl\":\"https:\\\/\\\/www.eldiariodetucuman.com\\\/web\\\/wp-content\\\/uploads\\\/2018\\\/02\\\/72509cef78dc0108ed01bbf4f9daa686.jpeg\",\"datePublished\":\"2018-02-03T15:55:50+00:00\",\"breadcrumb\":{\"@id\":\"https:\\\/\\\/www.eldiariodetucuman.com\\\/web\\\/es-posible-un-celular-menos-adictivo\\\/#breadcrumb\"},\"inLanguage\":\"es\",\"potentialAction\":[{\"@type\":\"ReadAction\",\"target\":[\"https:\\\/\\\/www.eldiariodetucuman.com\\\/web\\\/es-posible-un-celular-menos-adictivo\\\/\"]}]},{\"@type\":\"ImageObject\",\"inLanguage\":\"es\",\"@id\":\"https:\\\/\\\/www.eldiariodetucuman.com\\\/web\\\/es-posible-un-celular-menos-adictivo\\\/#primaryimage\",\"url\":\"https:\\\/\\\/www.eldiariodetucuman.com\\\/web\\\/wp-content\\\/uploads\\\/2018\\\/02\\\/72509cef78dc0108ed01bbf4f9daa686.jpeg\",\"contentUrl\":\"https:\\\/\\\/www.eldiariodetucuman.com\\\/web\\\/wp-content\\\/uploads\\\/2018\\\/02\\\/72509cef78dc0108ed01bbf4f9daa686.jpeg\",\"width\":829,\"height\":688},{\"@type\":\"BreadcrumbList\",\"@id\":\"https:\\\/\\\/www.eldiariodetucuman.com\\\/web\\\/es-posible-un-celular-menos-adictivo\\\/#breadcrumb\",\"itemListElement\":[{\"@type\":\"ListItem\",\"position\":1,\"name\":\"Portada\",\"item\":\"https:\\\/\\\/www.eldiariodetucuman.com\\\/web\\\/\"},{\"@type\":\"ListItem\",\"position\":2,\"name\":\"\u00bfEs posible un celular menos adictivo?\"}]},{\"@type\":\"WebSite\",\"@id\":\"https:\\\/\\\/www.eldiariodetucuman.com\\\/web\\\/#website\",\"url\":\"https:\\\/\\\/www.eldiariodetucuman.com\\\/web\\\/\",\"name\":\"El Diario de Tucuman\",\"description\":\"Diario Tucuman - Informaci\u00f3n y noticias\",\"publisher\":{\"@id\":\"https:\\\/\\\/www.eldiariodetucuman.com\\\/web\\\/#organization\"},\"potentialAction\":[{\"@type\":\"SearchAction\",\"target\":{\"@type\":\"EntryPoint\",\"urlTemplate\":\"https:\\\/\\\/www.eldiariodetucuman.com\\\/web\\\/?s={search_term_string}\"},\"query-input\":{\"@type\":\"PropertyValueSpecification\",\"valueRequired\":true,\"valueName\":\"search_term_string\"}}],\"inLanguage\":\"es\"},{\"@type\":\"Organization\",\"@id\":\"https:\\\/\\\/www.eldiariodetucuman.com\\\/web\\\/#organization\",\"name\":\"El Diario de Tucuman\",\"url\":\"https:\\\/\\\/www.eldiariodetucuman.com\\\/web\\\/\",\"logo\":{\"@type\":\"ImageObject\",\"inLanguage\":\"es\",\"@id\":\"https:\\\/\\\/www.eldiariodetucuman.com\\\/web\\\/#\\\/schema\\\/logo\\\/image\\\/\",\"url\":\"http:\\\/\\\/www.eldiariodetucuman.com\\\/web\\\/wp-content\\\/uploads\\\/2017\\\/12\\\/el-diario-de-tucuman.jpg\",\"contentUrl\":\"http:\\\/\\\/www.eldiariodetucuman.com\\\/web\\\/wp-content\\\/uploads\\\/2017\\\/12\\\/el-diario-de-tucuman.jpg\",\"width\":272,\"height\":92,\"caption\":\"El Diario de Tucuman\"},\"image\":{\"@id\":\"https:\\\/\\\/www.eldiariodetucuman.com\\\/web\\\/#\\\/schema\\\/logo\\\/image\\\/\"}},{\"@type\":\"Person\",\"@id\":\"https:\\\/\\\/www.eldiariodetucuman.com\\\/web\\\/#\\\/schema\\\/person\\\/6f95946e54fde848b878ffa4928071d5\",\"name\":\"eldiario detucuman\",\"image\":{\"@type\":\"ImageObject\",\"inLanguage\":\"es\",\"@id\":\"https:\\\/\\\/secure.gravatar.com\\\/avatar\\\/b6e1f89c5c4044c4962c8e6c20b1ca2cc99f549c965908afd4ec5308b3f51bfe?s=96&d=mm&r=g\",\"url\":\"https:\\\/\\\/secure.gravatar.com\\\/avatar\\\/b6e1f89c5c4044c4962c8e6c20b1ca2cc99f549c965908afd4ec5308b3f51bfe?s=96&d=mm&r=g\",\"contentUrl\":\"https:\\\/\\\/secure.gravatar.com\\\/avatar\\\/b6e1f89c5c4044c4962c8e6c20b1ca2cc99f549c965908afd4ec5308b3f51bfe?s=96&d=mm&r=g\",\"caption\":\"eldiario detucuman\"},\"url\":\"https:\\\/\\\/www.eldiariodetucuman.com\\\/web\\\/author\\\/eldiariodetucuman\\\/\"}]}<\/script>\n<!-- \/ Yoast SEO plugin. -->","yoast_head_json":{"title":"\u00bfEs posible un celular menos adictivo? - El Diario de Tucuman","robots":{"index":"index","follow":"follow","max-snippet":"max-snippet:-1","max-image-preview":"max-image-preview:large","max-video-preview":"max-video-preview:-1"},"canonical":"https:\/\/www.eldiariodetucuman.com\/web\/es-posible-un-celular-menos-adictivo\/","og_locale":"es_ES","og_type":"article","og_title":"\u00bfEs posible un celular menos adictivo? - El Diario de Tucuman","og_description":"Renata Altenfelder, de Motorola, y Claudio Waisburg, del Instituto SOMA Cr\u00e9dito: Gentileza Desde el m\u00fasico Jack White hasta inversionistas de Apple y exempleados de Facebook, muchas y muy variadas voces advierten sobre la dependencia que est\u00e1n causando los m\u00f3viles y los servicios en l\u00ednea; ahora le toca a la industria buscar, si existe, una soluci\u00f3n [&hellip;]","og_url":"https:\/\/www.eldiariodetucuman.com\/web\/es-posible-un-celular-menos-adictivo\/","og_site_name":"El Diario de Tucuman","article_published_time":"2018-02-03T15:55:50+00:00","og_image":[{"width":829,"height":688,"url":"https:\/\/www.eldiariodetucuman.com\/web\/wp-content\/uploads\/2018\/02\/72509cef78dc0108ed01bbf4f9daa686.jpeg","type":"image\/jpeg"}],"author":"eldiario detucuman","twitter_card":"summary_large_image","twitter_misc":{"Escrito por":"eldiario detucuman","Tiempo de lectura":"8 minutos"},"schema":{"@context":"https:\/\/schema.org","@graph":[{"@type":"Article","@id":"https:\/\/www.eldiariodetucuman.com\/web\/es-posible-un-celular-menos-adictivo\/#article","isPartOf":{"@id":"https:\/\/www.eldiariodetucuman.com\/web\/es-posible-un-celular-menos-adictivo\/"},"author":{"name":"eldiario detucuman","@id":"https:\/\/www.eldiariodetucuman.com\/web\/#\/schema\/person\/6f95946e54fde848b878ffa4928071d5"},"headline":"\u00bfEs posible un celular menos adictivo?","datePublished":"2018-02-03T15:55:50+00:00","mainEntityOfPage":{"@id":"https:\/\/www.eldiariodetucuman.com\/web\/es-posible-un-celular-menos-adictivo\/"},"wordCount":1551,"commentCount":0,"publisher":{"@id":"https:\/\/www.eldiariodetucuman.com\/web\/#organization"},"image":{"@id":"https:\/\/www.eldiariodetucuman.com\/web\/es-posible-un-celular-menos-adictivo\/#primaryimage"},"thumbnailUrl":"https:\/\/www.eldiariodetucuman.com\/web\/wp-content\/uploads\/2018\/02\/72509cef78dc0108ed01bbf4f9daa686.jpeg","articleSection":["ciencia y tecnologia"],"inLanguage":"es","potentialAction":[{"@type":"CommentAction","name":"Comment","target":["https:\/\/www.eldiariodetucuman.com\/web\/es-posible-un-celular-menos-adictivo\/#respond"]}]},{"@type":"WebPage","@id":"https:\/\/www.eldiariodetucuman.com\/web\/es-posible-un-celular-menos-adictivo\/","url":"https:\/\/www.eldiariodetucuman.com\/web\/es-posible-un-celular-menos-adictivo\/","name":"\u00bfEs posible un celular menos adictivo? - El Diario de Tucuman","isPartOf":{"@id":"https:\/\/www.eldiariodetucuman.com\/web\/#website"},"primaryImageOfPage":{"@id":"https:\/\/www.eldiariodetucuman.com\/web\/es-posible-un-celular-menos-adictivo\/#primaryimage"},"image":{"@id":"https:\/\/www.eldiariodetucuman.com\/web\/es-posible-un-celular-menos-adictivo\/#primaryimage"},"thumbnailUrl":"https:\/\/www.eldiariodetucuman.com\/web\/wp-content\/uploads\/2018\/02\/72509cef78dc0108ed01bbf4f9daa686.jpeg","datePublished":"2018-02-03T15:55:50+00:00","breadcrumb":{"@id":"https:\/\/www.eldiariodetucuman.com\/web\/es-posible-un-celular-menos-adictivo\/#breadcrumb"},"inLanguage":"es","potentialAction":[{"@type":"ReadAction","target":["https:\/\/www.eldiariodetucuman.com\/web\/es-posible-un-celular-menos-adictivo\/"]}]},{"@type":"ImageObject","inLanguage":"es","@id":"https:\/\/www.eldiariodetucuman.com\/web\/es-posible-un-celular-menos-adictivo\/#primaryimage","url":"https:\/\/www.eldiariodetucuman.com\/web\/wp-content\/uploads\/2018\/02\/72509cef78dc0108ed01bbf4f9daa686.jpeg","contentUrl":"https:\/\/www.eldiariodetucuman.com\/web\/wp-content\/uploads\/2018\/02\/72509cef78dc0108ed01bbf4f9daa686.jpeg","width":829,"height":688},{"@type":"BreadcrumbList","@id":"https:\/\/www.eldiariodetucuman.com\/web\/es-posible-un-celular-menos-adictivo\/#breadcrumb","itemListElement":[{"@type":"ListItem","position":1,"name":"Portada","item":"https:\/\/www.eldiariodetucuman.com\/web\/"},{"@type":"ListItem","position":2,"name":"\u00bfEs posible un celular menos adictivo?"}]},{"@type":"WebSite","@id":"https:\/\/www.eldiariodetucuman.com\/web\/#website","url":"https:\/\/www.eldiariodetucuman.com\/web\/","name":"El Diario de Tucuman","description":"Diario Tucuman - Informaci\u00f3n y noticias","publisher":{"@id":"https:\/\/www.eldiariodetucuman.com\/web\/#organization"},"potentialAction":[{"@type":"SearchAction","target":{"@type":"EntryPoint","urlTemplate":"https:\/\/www.eldiariodetucuman.com\/web\/?s={search_term_string}"},"query-input":{"@type":"PropertyValueSpecification","valueRequired":true,"valueName":"search_term_string"}}],"inLanguage":"es"},{"@type":"Organization","@id":"https:\/\/www.eldiariodetucuman.com\/web\/#organization","name":"El Diario de Tucuman","url":"https:\/\/www.eldiariodetucuman.com\/web\/","logo":{"@type":"ImageObject","inLanguage":"es","@id":"https:\/\/www.eldiariodetucuman.com\/web\/#\/schema\/logo\/image\/","url":"http:\/\/www.eldiariodetucuman.com\/web\/wp-content\/uploads\/2017\/12\/el-diario-de-tucuman.jpg","contentUrl":"http:\/\/www.eldiariodetucuman.com\/web\/wp-content\/uploads\/2017\/12\/el-diario-de-tucuman.jpg","width":272,"height":92,"caption":"El Diario de Tucuman"},"image":{"@id":"https:\/\/www.eldiariodetucuman.com\/web\/#\/schema\/logo\/image\/"}},{"@type":"Person","@id":"https:\/\/www.eldiariodetucuman.com\/web\/#\/schema\/person\/6f95946e54fde848b878ffa4928071d5","name":"eldiario detucuman","image":{"@type":"ImageObject","inLanguage":"es","@id":"https:\/\/secure.gravatar.com\/avatar\/b6e1f89c5c4044c4962c8e6c20b1ca2cc99f549c965908afd4ec5308b3f51bfe?s=96&d=mm&r=g","url":"https:\/\/secure.gravatar.com\/avatar\/b6e1f89c5c4044c4962c8e6c20b1ca2cc99f549c965908afd4ec5308b3f51bfe?s=96&d=mm&r=g","contentUrl":"https:\/\/secure.gravatar.com\/avatar\/b6e1f89c5c4044c4962c8e6c20b1ca2cc99f549c965908afd4ec5308b3f51bfe?s=96&d=mm&r=g","caption":"eldiario detucuman"},"url":"https:\/\/www.eldiariodetucuman.com\/web\/author\/eldiariodetucuman\/"}]}},"_links":{"self":[{"href":"https:\/\/www.eldiariodetucuman.com\/web\/wp-json\/wp\/v2\/posts\/5116","targetHints":{"allow":["GET"]}}],"collection":[{"href":"https:\/\/www.eldiariodetucuman.com\/web\/wp-json\/wp\/v2\/posts"}],"about":[{"href":"https:\/\/www.eldiariodetucuman.com\/web\/wp-json\/wp\/v2\/types\/post"}],"author":[{"embeddable":true,"href":"https:\/\/www.eldiariodetucuman.com\/web\/wp-json\/wp\/v2\/users\/4"}],"replies":[{"embeddable":true,"href":"https:\/\/www.eldiariodetucuman.com\/web\/wp-json\/wp\/v2\/comments?post=5116"}],"version-history":[{"count":0,"href":"https:\/\/www.eldiariodetucuman.com\/web\/wp-json\/wp\/v2\/posts\/5116\/revisions"}],"wp:featuredmedia":[{"embeddable":true,"href":"https:\/\/www.eldiariodetucuman.com\/web\/wp-json\/wp\/v2\/media\/5117"}],"wp:attachment":[{"href":"https:\/\/www.eldiariodetucuman.com\/web\/wp-json\/wp\/v2\/media?parent=5116"}],"wp:term":[{"taxonomy":"category","embeddable":true,"href":"https:\/\/www.eldiariodetucuman.com\/web\/wp-json\/wp\/v2\/categories?post=5116"},{"taxonomy":"post_tag","embeddable":true,"href":"https:\/\/www.eldiariodetucuman.com\/web\/wp-json\/wp\/v2\/tags?post=5116"}],"curies":[{"name":"wp","href":"https:\/\/api.w.org\/{rel}","templated":true}]}}