{"id":5114,"date":"2018-02-03T12:11:07","date_gmt":"2018-02-03T15:11:07","guid":{"rendered":"http:\/\/www.eldiariodetucuman.com\/web\/en-indonesia-los-gays-son-enfermos-mentales\/"},"modified":"2018-02-03T12:11:07","modified_gmt":"2018-02-03T15:11:07","slug":"en-indonesia-los-gays-son-enfermos-mentales","status":"publish","type":"post","link":"https:\/\/www.eldiariodetucuman.com\/web\/en-indonesia-los-gays-son-enfermos-mentales\/","title":{"rendered":"En Indonesia los gays son \u00abenfermos mentales\u00bb"},"content":{"rendered":"<div>\n<div itemprop=\"articleBody\" readability=\"86.062706270627\">\n<p>  <a href=\"https:\/\/www.cronica.com.ar\/tags\/Indonesia\">Indonesia<\/a> incluy\u00f3 a las personas lesbianas, gays, transexuales y   <a href=\"https:\/\/www.cronica.com.ar\/tags\/bisexual\">bisexual<\/a>es (LGTB) en una gu\u00eda m\u00e9dica de enfermedades mentales debido a su orientaci\u00f3n e identidad sexual, informaron fuentes oficiales.<\/p>\n<p>El ministerio de Sanidad indic\u00f3 que concluy\u00f3 el manual, cuyo contenido a\u00fan no fue publicado, donde considera que las personas homosexuales corren el riesgo de sufrir problemas o enfermedades mentales.<\/p>\n<p>El director de prevenci\u00f3n y control de enfermedades mentales del Ministerio, Fidiansyah, que como muchos indonesios utiliza solo un nombre, precis\u00f3 que la gu\u00eda se basa en dos documentos, uno redactado en 2016 por la Asociaci\u00f3n de Psiquiatras de   <a href=\"https:\/\/www.cronica.com.ar\/tags\/Indonesia\">Indonesia<\/a> y otro elaborado por el ministerio de Sanidad el a\u00f1o pasado.<\/p>\n<p>El primero de esos textos establece que los homosexuales y   <a href=\"https:\/\/www.cronica.com.ar\/tags\/bisexual\">bisexual<\/a>es est\u00e1n en riesgo de <em>\u00abser catalogados como personas con problemas mentales\u00bb<\/em>\u00a0y los transexuales\u00a0<em>\u00abcomo personas con enfermedades mentales\u00bb<\/em>.<\/p>\n<p>Por su parte, el documento del ministerio de Sanidad consiste en un compendio de fuentes m\u00e9dicas y legales que incluye las opiniones de otros Ministerios, como el de Religi\u00f3n, y concluye que <em>\u00abel fen\u00f3meno LGTB es inaceptable en   <a href=\"https:\/\/www.cronica.com.ar\/tags\/Indonesia\">Indonesia<\/a>\u00ab<\/em>.<\/p>\n<p><em>\u00abAunque no es una enfermedad mental, una persona LGTB puede sufrir por la inseguridad sobre su identidad u orientaci\u00f3n sexual, lo que puede llevar a la depresi\u00f3n\u00bb<\/em>, argumenta el documento.<\/p>\n<p>El Ministerio decidi\u00f3 elaborar su propia gu\u00eda sobre enfermedades mentales ya que la gu\u00eda anterior se basaba en los est\u00e1ndares de la Organizaci\u00f3n Mundial de la Salud y la Asociaci\u00f3n de Psiquiatr\u00eda Estados Unidos, que no permiten esas modificaciones.<\/p>\n<p>El Parlamento indonesio discute actualmente modificar el C\u00f3digo Penal para tipificar como delito el sexo consentido entre adultos homosexuales o las relaciones sexuales extramaritales, entre otros puntos.<\/p>\n<p><a href=\"https:\/\/www.cronica.com.ar\/tags\/Human%20Rights%20Watch\">Human Rights Watch<\/a> denunci\u00f3 un aumento de la ret\u00f3rica hom\u00f3foba en el pa\u00eds desde enero de 2016, instigada por grupos islamistas que condenan la homosexualidad.<\/p>\n<p>La homosexualidad es legal en   <a href=\"https:\/\/www.cronica.com.ar\/tags\/Indonesia\">Indonesia<\/a>, excepto en la provincia de Aceh, en la isla de Sumatra, donde rige la sharia o ley isl\u00e1mica.<\/p>\n<\/div>\n<\/div>\n","protected":false},"excerpt":{"rendered":"<p>Indonesia incluy\u00f3 a las personas lesbianas, gays, transexuales y bisexuales (LGTB) en una gu\u00eda m\u00e9dica de enfermedades mentales debido a su orientaci\u00f3n e identidad sexual, informaron fuentes oficiales. El ministerio de Sanidad indic\u00f3 que concluy\u00f3 el manual, cuyo contenido a\u00fan no fue publicado, donde considera que las personas homosexuales corren el riesgo de sufrir problemas [&hellip;]<\/p>\n","protected":false},"author":4,"featured_media":5115,"comment_status":"open","ping_status":"closed","sticky":false,"template":"","format":"standard","meta":{"footnotes":""},"categories":[194],"tags":[],"class_list":{"0":"post-5114","1":"post","2":"type-post","3":"status-publish","4":"format-standard","5":"has-post-thumbnail","7":"category-internacionales"},"yoast_head":"<!-- This site is optimized with the Yoast SEO plugin v27.4 - https:\/\/yoast.com\/product\/yoast-seo-wordpress\/ -->\n<title>En Indonesia los gays son &quot;enfermos mentales&quot; - El Diario de Tucuman<\/title>\n<meta name=\"robots\" content=\"index, follow, max-snippet:-1, max-image-preview:large, max-video-preview:-1\" \/>\n<link rel=\"canonical\" href=\"https:\/\/www.eldiariodetucuman.com\/web\/en-indonesia-los-gays-son-enfermos-mentales\/\" \/>\n<meta property=\"og:locale\" content=\"es_ES\" \/>\n<meta property=\"og:type\" content=\"article\" \/>\n<meta property=\"og:title\" content=\"En Indonesia los gays son &quot;enfermos mentales&quot; - El Diario de Tucuman\" \/>\n<meta property=\"og:description\" content=\"Indonesia incluy\u00f3 a las personas lesbianas, gays, transexuales y bisexuales (LGTB) en una gu\u00eda m\u00e9dica de enfermedades mentales debido a su orientaci\u00f3n e identidad sexual, informaron fuentes oficiales. El ministerio de Sanidad indic\u00f3 que concluy\u00f3 el manual, cuyo contenido a\u00fan no fue publicado, donde considera que las personas homosexuales corren el riesgo de sufrir problemas [&hellip;]\" \/>\n<meta property=\"og:url\" content=\"https:\/\/www.eldiariodetucuman.com\/web\/en-indonesia-los-gays-son-enfermos-mentales\/\" \/>\n<meta property=\"og:site_name\" content=\"El Diario de Tucuman\" \/>\n<meta property=\"article:published_time\" content=\"2018-02-03T15:11:07+00:00\" \/>\n<meta property=\"og:image\" content=\"https:\/\/www.eldiariodetucuman.com\/web\/wp-content\/uploads\/2018\/02\/3f8a4254662246883aa4791ab69299d9.jpeg\" \/>\n\t<meta property=\"og:image:width\" content=\"970\" \/>\n\t<meta property=\"og:image:height\" content=\"546\" \/>\n\t<meta property=\"og:image:type\" content=\"image\/jpeg\" \/>\n<meta name=\"author\" content=\"eldiario detucuman\" \/>\n<meta name=\"twitter:card\" content=\"summary_large_image\" \/>\n<meta name=\"twitter:label1\" content=\"Escrito por\" \/>\n\t<meta name=\"twitter:data1\" content=\"eldiario detucuman\" \/>\n\t<meta name=\"twitter:label2\" content=\"Tiempo de lectura\" \/>\n\t<meta name=\"twitter:data2\" content=\"2 minutos\" \/>\n<script type=\"application\/ld+json\" class=\"yoast-schema-graph\">{\"@context\":\"https:\\\/\\\/schema.org\",\"@graph\":[{\"@type\":\"Article\",\"@id\":\"https:\\\/\\\/www.eldiariodetucuman.com\\\/web\\\/en-indonesia-los-gays-son-enfermos-mentales\\\/#article\",\"isPartOf\":{\"@id\":\"https:\\\/\\\/www.eldiariodetucuman.com\\\/web\\\/en-indonesia-los-gays-son-enfermos-mentales\\\/\"},\"author\":{\"name\":\"eldiario detucuman\",\"@id\":\"https:\\\/\\\/www.eldiariodetucuman.com\\\/web\\\/#\\\/schema\\\/person\\\/6f95946e54fde848b878ffa4928071d5\"},\"headline\":\"En Indonesia los gays son \u00abenfermos mentales\u00bb\",\"datePublished\":\"2018-02-03T15:11:07+00:00\",\"mainEntityOfPage\":{\"@id\":\"https:\\\/\\\/www.eldiariodetucuman.com\\\/web\\\/en-indonesia-los-gays-son-enfermos-mentales\\\/\"},\"wordCount\":353,\"commentCount\":0,\"publisher\":{\"@id\":\"https:\\\/\\\/www.eldiariodetucuman.com\\\/web\\\/#organization\"},\"image\":{\"@id\":\"https:\\\/\\\/www.eldiariodetucuman.com\\\/web\\\/en-indonesia-los-gays-son-enfermos-mentales\\\/#primaryimage\"},\"thumbnailUrl\":\"https:\\\/\\\/www.eldiariodetucuman.com\\\/web\\\/wp-content\\\/uploads\\\/2018\\\/02\\\/3f8a4254662246883aa4791ab69299d9.jpeg\",\"articleSection\":[\"Internacionales\"],\"inLanguage\":\"es\",\"potentialAction\":[{\"@type\":\"CommentAction\",\"name\":\"Comment\",\"target\":[\"https:\\\/\\\/www.eldiariodetucuman.com\\\/web\\\/en-indonesia-los-gays-son-enfermos-mentales\\\/#respond\"]}]},{\"@type\":\"WebPage\",\"@id\":\"https:\\\/\\\/www.eldiariodetucuman.com\\\/web\\\/en-indonesia-los-gays-son-enfermos-mentales\\\/\",\"url\":\"https:\\\/\\\/www.eldiariodetucuman.com\\\/web\\\/en-indonesia-los-gays-son-enfermos-mentales\\\/\",\"name\":\"En Indonesia los gays son \\\"enfermos mentales\\\" - El Diario de Tucuman\",\"isPartOf\":{\"@id\":\"https:\\\/\\\/www.eldiariodetucuman.com\\\/web\\\/#website\"},\"primaryImageOfPage\":{\"@id\":\"https:\\\/\\\/www.eldiariodetucuman.com\\\/web\\\/en-indonesia-los-gays-son-enfermos-mentales\\\/#primaryimage\"},\"image\":{\"@id\":\"https:\\\/\\\/www.eldiariodetucuman.com\\\/web\\\/en-indonesia-los-gays-son-enfermos-mentales\\\/#primaryimage\"},\"thumbnailUrl\":\"https:\\\/\\\/www.eldiariodetucuman.com\\\/web\\\/wp-content\\\/uploads\\\/2018\\\/02\\\/3f8a4254662246883aa4791ab69299d9.jpeg\",\"datePublished\":\"2018-02-03T15:11:07+00:00\",\"breadcrumb\":{\"@id\":\"https:\\\/\\\/www.eldiariodetucuman.com\\\/web\\\/en-indonesia-los-gays-son-enfermos-mentales\\\/#breadcrumb\"},\"inLanguage\":\"es\",\"potentialAction\":[{\"@type\":\"ReadAction\",\"target\":[\"https:\\\/\\\/www.eldiariodetucuman.com\\\/web\\\/en-indonesia-los-gays-son-enfermos-mentales\\\/\"]}]},{\"@type\":\"ImageObject\",\"inLanguage\":\"es\",\"@id\":\"https:\\\/\\\/www.eldiariodetucuman.com\\\/web\\\/en-indonesia-los-gays-son-enfermos-mentales\\\/#primaryimage\",\"url\":\"https:\\\/\\\/www.eldiariodetucuman.com\\\/web\\\/wp-content\\\/uploads\\\/2018\\\/02\\\/3f8a4254662246883aa4791ab69299d9.jpeg\",\"contentUrl\":\"https:\\\/\\\/www.eldiariodetucuman.com\\\/web\\\/wp-content\\\/uploads\\\/2018\\\/02\\\/3f8a4254662246883aa4791ab69299d9.jpeg\",\"width\":970,\"height\":546},{\"@type\":\"BreadcrumbList\",\"@id\":\"https:\\\/\\\/www.eldiariodetucuman.com\\\/web\\\/en-indonesia-los-gays-son-enfermos-mentales\\\/#breadcrumb\",\"itemListElement\":[{\"@type\":\"ListItem\",\"position\":1,\"name\":\"Portada\",\"item\":\"https:\\\/\\\/www.eldiariodetucuman.com\\\/web\\\/\"},{\"@type\":\"ListItem\",\"position\":2,\"name\":\"En Indonesia los gays son \u00abenfermos mentales\u00bb\"}]},{\"@type\":\"WebSite\",\"@id\":\"https:\\\/\\\/www.eldiariodetucuman.com\\\/web\\\/#website\",\"url\":\"https:\\\/\\\/www.eldiariodetucuman.com\\\/web\\\/\",\"name\":\"El Diario de Tucuman\",\"description\":\"Diario Tucuman - Informaci\u00f3n y noticias\",\"publisher\":{\"@id\":\"https:\\\/\\\/www.eldiariodetucuman.com\\\/web\\\/#organization\"},\"potentialAction\":[{\"@type\":\"SearchAction\",\"target\":{\"@type\":\"EntryPoint\",\"urlTemplate\":\"https:\\\/\\\/www.eldiariodetucuman.com\\\/web\\\/?s={search_term_string}\"},\"query-input\":{\"@type\":\"PropertyValueSpecification\",\"valueRequired\":true,\"valueName\":\"search_term_string\"}}],\"inLanguage\":\"es\"},{\"@type\":\"Organization\",\"@id\":\"https:\\\/\\\/www.eldiariodetucuman.com\\\/web\\\/#organization\",\"name\":\"El Diario de Tucuman\",\"url\":\"https:\\\/\\\/www.eldiariodetucuman.com\\\/web\\\/\",\"logo\":{\"@type\":\"ImageObject\",\"inLanguage\":\"es\",\"@id\":\"https:\\\/\\\/www.eldiariodetucuman.com\\\/web\\\/#\\\/schema\\\/logo\\\/image\\\/\",\"url\":\"http:\\\/\\\/www.eldiariodetucuman.com\\\/web\\\/wp-content\\\/uploads\\\/2017\\\/12\\\/el-diario-de-tucuman.jpg\",\"contentUrl\":\"http:\\\/\\\/www.eldiariodetucuman.com\\\/web\\\/wp-content\\\/uploads\\\/2017\\\/12\\\/el-diario-de-tucuman.jpg\",\"width\":272,\"height\":92,\"caption\":\"El Diario de Tucuman\"},\"image\":{\"@id\":\"https:\\\/\\\/www.eldiariodetucuman.com\\\/web\\\/#\\\/schema\\\/logo\\\/image\\\/\"}},{\"@type\":\"Person\",\"@id\":\"https:\\\/\\\/www.eldiariodetucuman.com\\\/web\\\/#\\\/schema\\\/person\\\/6f95946e54fde848b878ffa4928071d5\",\"name\":\"eldiario detucuman\",\"image\":{\"@type\":\"ImageObject\",\"inLanguage\":\"es\",\"@id\":\"https:\\\/\\\/secure.gravatar.com\\\/avatar\\\/b6e1f89c5c4044c4962c8e6c20b1ca2cc99f549c965908afd4ec5308b3f51bfe?s=96&d=mm&r=g\",\"url\":\"https:\\\/\\\/secure.gravatar.com\\\/avatar\\\/b6e1f89c5c4044c4962c8e6c20b1ca2cc99f549c965908afd4ec5308b3f51bfe?s=96&d=mm&r=g\",\"contentUrl\":\"https:\\\/\\\/secure.gravatar.com\\\/avatar\\\/b6e1f89c5c4044c4962c8e6c20b1ca2cc99f549c965908afd4ec5308b3f51bfe?s=96&d=mm&r=g\",\"caption\":\"eldiario detucuman\"},\"url\":\"https:\\\/\\\/www.eldiariodetucuman.com\\\/web\\\/author\\\/eldiariodetucuman\\\/\"}]}<\/script>\n<!-- \/ Yoast SEO plugin. -->","yoast_head_json":{"title":"En Indonesia los gays son \"enfermos mentales\" - El Diario de Tucuman","robots":{"index":"index","follow":"follow","max-snippet":"max-snippet:-1","max-image-preview":"max-image-preview:large","max-video-preview":"max-video-preview:-1"},"canonical":"https:\/\/www.eldiariodetucuman.com\/web\/en-indonesia-los-gays-son-enfermos-mentales\/","og_locale":"es_ES","og_type":"article","og_title":"En Indonesia los gays son \"enfermos mentales\" - El Diario de Tucuman","og_description":"Indonesia incluy\u00f3 a las personas lesbianas, gays, transexuales y bisexuales (LGTB) en una gu\u00eda m\u00e9dica de enfermedades mentales debido a su orientaci\u00f3n e identidad sexual, informaron fuentes oficiales. El ministerio de Sanidad indic\u00f3 que concluy\u00f3 el manual, cuyo contenido a\u00fan no fue publicado, donde considera que las personas homosexuales corren el riesgo de sufrir problemas [&hellip;]","og_url":"https:\/\/www.eldiariodetucuman.com\/web\/en-indonesia-los-gays-son-enfermos-mentales\/","og_site_name":"El Diario de Tucuman","article_published_time":"2018-02-03T15:11:07+00:00","og_image":[{"width":970,"height":546,"url":"https:\/\/www.eldiariodetucuman.com\/web\/wp-content\/uploads\/2018\/02\/3f8a4254662246883aa4791ab69299d9.jpeg","type":"image\/jpeg"}],"author":"eldiario detucuman","twitter_card":"summary_large_image","twitter_misc":{"Escrito por":"eldiario detucuman","Tiempo de lectura":"2 minutos"},"schema":{"@context":"https:\/\/schema.org","@graph":[{"@type":"Article","@id":"https:\/\/www.eldiariodetucuman.com\/web\/en-indonesia-los-gays-son-enfermos-mentales\/#article","isPartOf":{"@id":"https:\/\/www.eldiariodetucuman.com\/web\/en-indonesia-los-gays-son-enfermos-mentales\/"},"author":{"name":"eldiario detucuman","@id":"https:\/\/www.eldiariodetucuman.com\/web\/#\/schema\/person\/6f95946e54fde848b878ffa4928071d5"},"headline":"En Indonesia los gays son \u00abenfermos mentales\u00bb","datePublished":"2018-02-03T15:11:07+00:00","mainEntityOfPage":{"@id":"https:\/\/www.eldiariodetucuman.com\/web\/en-indonesia-los-gays-son-enfermos-mentales\/"},"wordCount":353,"commentCount":0,"publisher":{"@id":"https:\/\/www.eldiariodetucuman.com\/web\/#organization"},"image":{"@id":"https:\/\/www.eldiariodetucuman.com\/web\/en-indonesia-los-gays-son-enfermos-mentales\/#primaryimage"},"thumbnailUrl":"https:\/\/www.eldiariodetucuman.com\/web\/wp-content\/uploads\/2018\/02\/3f8a4254662246883aa4791ab69299d9.jpeg","articleSection":["Internacionales"],"inLanguage":"es","potentialAction":[{"@type":"CommentAction","name":"Comment","target":["https:\/\/www.eldiariodetucuman.com\/web\/en-indonesia-los-gays-son-enfermos-mentales\/#respond"]}]},{"@type":"WebPage","@id":"https:\/\/www.eldiariodetucuman.com\/web\/en-indonesia-los-gays-son-enfermos-mentales\/","url":"https:\/\/www.eldiariodetucuman.com\/web\/en-indonesia-los-gays-son-enfermos-mentales\/","name":"En Indonesia los gays son \"enfermos mentales\" - El Diario de Tucuman","isPartOf":{"@id":"https:\/\/www.eldiariodetucuman.com\/web\/#website"},"primaryImageOfPage":{"@id":"https:\/\/www.eldiariodetucuman.com\/web\/en-indonesia-los-gays-son-enfermos-mentales\/#primaryimage"},"image":{"@id":"https:\/\/www.eldiariodetucuman.com\/web\/en-indonesia-los-gays-son-enfermos-mentales\/#primaryimage"},"thumbnailUrl":"https:\/\/www.eldiariodetucuman.com\/web\/wp-content\/uploads\/2018\/02\/3f8a4254662246883aa4791ab69299d9.jpeg","datePublished":"2018-02-03T15:11:07+00:00","breadcrumb":{"@id":"https:\/\/www.eldiariodetucuman.com\/web\/en-indonesia-los-gays-son-enfermos-mentales\/#breadcrumb"},"inLanguage":"es","potentialAction":[{"@type":"ReadAction","target":["https:\/\/www.eldiariodetucuman.com\/web\/en-indonesia-los-gays-son-enfermos-mentales\/"]}]},{"@type":"ImageObject","inLanguage":"es","@id":"https:\/\/www.eldiariodetucuman.com\/web\/en-indonesia-los-gays-son-enfermos-mentales\/#primaryimage","url":"https:\/\/www.eldiariodetucuman.com\/web\/wp-content\/uploads\/2018\/02\/3f8a4254662246883aa4791ab69299d9.jpeg","contentUrl":"https:\/\/www.eldiariodetucuman.com\/web\/wp-content\/uploads\/2018\/02\/3f8a4254662246883aa4791ab69299d9.jpeg","width":970,"height":546},{"@type":"BreadcrumbList","@id":"https:\/\/www.eldiariodetucuman.com\/web\/en-indonesia-los-gays-son-enfermos-mentales\/#breadcrumb","itemListElement":[{"@type":"ListItem","position":1,"name":"Portada","item":"https:\/\/www.eldiariodetucuman.com\/web\/"},{"@type":"ListItem","position":2,"name":"En Indonesia los gays son \u00abenfermos mentales\u00bb"}]},{"@type":"WebSite","@id":"https:\/\/www.eldiariodetucuman.com\/web\/#website","url":"https:\/\/www.eldiariodetucuman.com\/web\/","name":"El Diario de Tucuman","description":"Diario Tucuman - Informaci\u00f3n y noticias","publisher":{"@id":"https:\/\/www.eldiariodetucuman.com\/web\/#organization"},"potentialAction":[{"@type":"SearchAction","target":{"@type":"EntryPoint","urlTemplate":"https:\/\/www.eldiariodetucuman.com\/web\/?s={search_term_string}"},"query-input":{"@type":"PropertyValueSpecification","valueRequired":true,"valueName":"search_term_string"}}],"inLanguage":"es"},{"@type":"Organization","@id":"https:\/\/www.eldiariodetucuman.com\/web\/#organization","name":"El Diario de Tucuman","url":"https:\/\/www.eldiariodetucuman.com\/web\/","logo":{"@type":"ImageObject","inLanguage":"es","@id":"https:\/\/www.eldiariodetucuman.com\/web\/#\/schema\/logo\/image\/","url":"http:\/\/www.eldiariodetucuman.com\/web\/wp-content\/uploads\/2017\/12\/el-diario-de-tucuman.jpg","contentUrl":"http:\/\/www.eldiariodetucuman.com\/web\/wp-content\/uploads\/2017\/12\/el-diario-de-tucuman.jpg","width":272,"height":92,"caption":"El Diario de Tucuman"},"image":{"@id":"https:\/\/www.eldiariodetucuman.com\/web\/#\/schema\/logo\/image\/"}},{"@type":"Person","@id":"https:\/\/www.eldiariodetucuman.com\/web\/#\/schema\/person\/6f95946e54fde848b878ffa4928071d5","name":"eldiario detucuman","image":{"@type":"ImageObject","inLanguage":"es","@id":"https:\/\/secure.gravatar.com\/avatar\/b6e1f89c5c4044c4962c8e6c20b1ca2cc99f549c965908afd4ec5308b3f51bfe?s=96&d=mm&r=g","url":"https:\/\/secure.gravatar.com\/avatar\/b6e1f89c5c4044c4962c8e6c20b1ca2cc99f549c965908afd4ec5308b3f51bfe?s=96&d=mm&r=g","contentUrl":"https:\/\/secure.gravatar.com\/avatar\/b6e1f89c5c4044c4962c8e6c20b1ca2cc99f549c965908afd4ec5308b3f51bfe?s=96&d=mm&r=g","caption":"eldiario detucuman"},"url":"https:\/\/www.eldiariodetucuman.com\/web\/author\/eldiariodetucuman\/"}]}},"_links":{"self":[{"href":"https:\/\/www.eldiariodetucuman.com\/web\/wp-json\/wp\/v2\/posts\/5114","targetHints":{"allow":["GET"]}}],"collection":[{"href":"https:\/\/www.eldiariodetucuman.com\/web\/wp-json\/wp\/v2\/posts"}],"about":[{"href":"https:\/\/www.eldiariodetucuman.com\/web\/wp-json\/wp\/v2\/types\/post"}],"author":[{"embeddable":true,"href":"https:\/\/www.eldiariodetucuman.com\/web\/wp-json\/wp\/v2\/users\/4"}],"replies":[{"embeddable":true,"href":"https:\/\/www.eldiariodetucuman.com\/web\/wp-json\/wp\/v2\/comments?post=5114"}],"version-history":[{"count":0,"href":"https:\/\/www.eldiariodetucuman.com\/web\/wp-json\/wp\/v2\/posts\/5114\/revisions"}],"wp:featuredmedia":[{"embeddable":true,"href":"https:\/\/www.eldiariodetucuman.com\/web\/wp-json\/wp\/v2\/media\/5115"}],"wp:attachment":[{"href":"https:\/\/www.eldiariodetucuman.com\/web\/wp-json\/wp\/v2\/media?parent=5114"}],"wp:term":[{"taxonomy":"category","embeddable":true,"href":"https:\/\/www.eldiariodetucuman.com\/web\/wp-json\/wp\/v2\/categories?post=5114"},{"taxonomy":"post_tag","embeddable":true,"href":"https:\/\/www.eldiariodetucuman.com\/web\/wp-json\/wp\/v2\/tags?post=5114"}],"curies":[{"name":"wp","href":"https:\/\/api.w.org\/{rel}","templated":true}]}}