{"id":5112,"date":"2018-02-02T15:35:30","date_gmt":"2018-02-02T18:35:30","guid":{"rendered":"http:\/\/www.eldiariodetucuman.com\/web\/mas-de-mil-ninos-disfrutaron-del-verano-en-banda-del-rio-sali\/"},"modified":"2018-02-02T15:35:30","modified_gmt":"2018-02-02T18:35:30","slug":"mas-de-mil-ninos-disfrutaron-del-verano-en-banda-del-rio-sali","status":"publish","type":"post","link":"https:\/\/www.eldiariodetucuman.com\/web\/mas-de-mil-ninos-disfrutaron-del-verano-en-banda-del-rio-sali\/","title":{"rendered":"M\u00e1s de mil ni\u00f1os disfrutaron del verano en Banda del R\u00edo Sal\u00ed"},"content":{"rendered":"<div>\n<div readability=\"79.5\">\n<p>El municipio de Banda de R\u00edo Sal\u00ed cierra una exitosa temporada de verano en sus colonias de vacaciones. Por los diferentes clubes de la ciudad pasaron m\u00e1s de 1.000 ni\u00f1os que pudieron hacer nataci\u00f3n y diferentes deportes, actividades culturales y visitas tur\u00edsticas durante el receso escolar.<\/p>\n<p>El vicegobernador, a cargo del Poder Ejecutivo, <strong>Osvaldo Jaldo<\/strong>, particip\u00f3 del acto de cierre oficial de las escuelas de verano de Banda de R\u00edo Sal\u00ed, que se realiz\u00f3 en el complejo Gustavo L\u00f3pez de esa ciudad.<\/p>\n<blockquote readability=\"16\">\n<p>Durante enero hemos visitado las escuelitas de verano, que en esta \u00e9poca en la que no tienen clases, los hicos tengan un lugar donde entretenerse\u201d, afirm\u00f3 Jaldo. \u201cDe com\u00fan acuerdo con las intendencias y las comunas, el Gobierno tucumano ha podido, durante todo enero, regalarle momentos de alegr\u00eda a los ni\u00f1os, como vemos en Banda de R\u00edo Sal\u00ed\u201d, dijo.<\/p>\n<\/blockquote>\n<p>Las colonias \u2013fueron impulsadas por el Gobierno de la Provincia en todo el territorio tucumano\u2013 se desarrollaron en los complejos de Pacar\u00e1, Palomar, Lastenia, ingenio San Juan, La Milagrosa, Cebil Pozo, adem\u00e1s del complejo Gustavo L\u00f3pez. All\u00ed los ni\u00f1os realizaron teatro, juegos, pintura, b\u00e1squet, v\u00f3ley y futbol.<\/p>\n<p><a href=\"http:\/\/comunicaciontucuman.gob.ar\/wp-content\/uploads\/2018\/02\/jaldo-colonia-de-verano-lastenia-7.jpg\"><img loading=\"lazy\" decoding=\"async\" class=\"size-medium wp-image-153100 aligncenter\" src=\"http:\/\/comunicaciontucuman.gob.ar\/wp-content\/uploads\/2018\/02\/jaldo-colonia-de-verano-lastenia-7-300x166.jpg\" alt=\"jaldo-colonia-de-verano-lastenia (7)\" width=\"300\" height=\"166\"><\/a><\/p>\n<p>La diputada nacional<strong> Gladys Medina<\/strong> sostuvo que las escuelitas de verano fueron \u201cuna primera etapa\u201d para pasar las vacaciones. \u201cA partir de febrero continuamos con los fines de semana en familia, un espacio en el convocaremos a los ni\u00f1os y pap\u00e1s a disfrutar espect\u00e1culos para todos en plazas del municipio\u201d, explic\u00f3.<\/p>\n<p>En la misma l\u00ednea, el intendente de Banda de R\u00edo Sal\u00ed, <strong>Dar\u00edo Monteros,<\/strong> adelant\u00f3 que \u201ceste s\u00e1bado en plaza Lastenia tenemos el primer encuentro, donde habr\u00e1 espect\u00e1culos para toda la familia y sorteos\u201d.<\/p>\n<p><strong>Galer\u00eda de fotos<\/strong><\/p>\n<\/div>\n<\/div>\n","protected":false},"excerpt":{"rendered":"<p>El municipio de Banda de R\u00edo Sal\u00ed cierra una exitosa temporada de verano en sus colonias de vacaciones. Por los diferentes clubes de la ciudad pasaron m\u00e1s de 1.000 ni\u00f1os que pudieron hacer nataci\u00f3n y diferentes deportes, actividades culturales y visitas tur\u00edsticas durante el receso escolar. El vicegobernador, a cargo del Poder Ejecutivo, Osvaldo Jaldo, [&hellip;]<\/p>\n","protected":false},"author":1,"featured_media":5113,"comment_status":"open","ping_status":"closed","sticky":false,"template":"","format":"standard","meta":{"footnotes":""},"categories":[3],"tags":[],"class_list":{"0":"post-5112","1":"post","2":"type-post","3":"status-publish","4":"format-standard","5":"has-post-thumbnail","7":"category-politica"},"yoast_head":"<!-- This site is optimized with the Yoast SEO plugin v27.4 - https:\/\/yoast.com\/product\/yoast-seo-wordpress\/ -->\n<title>M\u00e1s de mil ni\u00f1os disfrutaron del verano en Banda del R\u00edo Sal\u00ed - El Diario de Tucuman<\/title>\n<meta name=\"robots\" content=\"index, follow, max-snippet:-1, max-image-preview:large, max-video-preview:-1\" \/>\n<link rel=\"canonical\" href=\"https:\/\/www.eldiariodetucuman.com\/web\/mas-de-mil-ninos-disfrutaron-del-verano-en-banda-del-rio-sali\/\" \/>\n<meta property=\"og:locale\" content=\"es_ES\" \/>\n<meta property=\"og:type\" content=\"article\" \/>\n<meta property=\"og:title\" content=\"M\u00e1s de mil ni\u00f1os disfrutaron del verano en Banda del R\u00edo Sal\u00ed - El Diario de Tucuman\" \/>\n<meta property=\"og:description\" content=\"El municipio de Banda de R\u00edo Sal\u00ed cierra una exitosa temporada de verano en sus colonias de vacaciones. Por los diferentes clubes de la ciudad pasaron m\u00e1s de 1.000 ni\u00f1os que pudieron hacer nataci\u00f3n y diferentes deportes, actividades culturales y visitas tur\u00edsticas durante el receso escolar. El vicegobernador, a cargo del Poder Ejecutivo, Osvaldo Jaldo, [&hellip;]\" \/>\n<meta property=\"og:url\" content=\"https:\/\/www.eldiariodetucuman.com\/web\/mas-de-mil-ninos-disfrutaron-del-verano-en-banda-del-rio-sali\/\" \/>\n<meta property=\"og:site_name\" content=\"El Diario de Tucuman\" \/>\n<meta property=\"article:published_time\" content=\"2018-02-02T18:35:30+00:00\" \/>\n<meta property=\"og:image\" content=\"https:\/\/www.eldiariodetucuman.com\/web\/wp-content\/uploads\/2018\/02\/328c7ca2f6f4cd952082318219e280ea.jpeg\" \/>\n\t<meta property=\"og:image:width\" content=\"750\" \/>\n\t<meta property=\"og:image:height\" content=\"416\" \/>\n\t<meta property=\"og:image:type\" content=\"image\/jpeg\" \/>\n<meta name=\"author\" content=\"admin\" \/>\n<meta name=\"twitter:card\" content=\"summary_large_image\" \/>\n<meta name=\"twitter:label1\" content=\"Escrito por\" \/>\n\t<meta name=\"twitter:data1\" content=\"admin\" \/>\n\t<meta name=\"twitter:label2\" content=\"Tiempo de lectura\" \/>\n\t<meta name=\"twitter:data2\" content=\"1 minuto\" \/>\n<script type=\"application\/ld+json\" class=\"yoast-schema-graph\">{\"@context\":\"https:\\\/\\\/schema.org\",\"@graph\":[{\"@type\":\"Article\",\"@id\":\"https:\\\/\\\/www.eldiariodetucuman.com\\\/web\\\/mas-de-mil-ninos-disfrutaron-del-verano-en-banda-del-rio-sali\\\/#article\",\"isPartOf\":{\"@id\":\"https:\\\/\\\/www.eldiariodetucuman.com\\\/web\\\/mas-de-mil-ninos-disfrutaron-del-verano-en-banda-del-rio-sali\\\/\"},\"author\":{\"name\":\"admin\",\"@id\":\"https:\\\/\\\/www.eldiariodetucuman.com\\\/web\\\/#\\\/schema\\\/person\\\/9250197d75ab5483412e19678b121caa\"},\"headline\":\"M\u00e1s de mil ni\u00f1os disfrutaron del verano en Banda del R\u00edo Sal\u00ed\",\"datePublished\":\"2018-02-02T18:35:30+00:00\",\"mainEntityOfPage\":{\"@id\":\"https:\\\/\\\/www.eldiariodetucuman.com\\\/web\\\/mas-de-mil-ninos-disfrutaron-del-verano-en-banda-del-rio-sali\\\/\"},\"wordCount\":314,\"commentCount\":0,\"publisher\":{\"@id\":\"https:\\\/\\\/www.eldiariodetucuman.com\\\/web\\\/#organization\"},\"image\":{\"@id\":\"https:\\\/\\\/www.eldiariodetucuman.com\\\/web\\\/mas-de-mil-ninos-disfrutaron-del-verano-en-banda-del-rio-sali\\\/#primaryimage\"},\"thumbnailUrl\":\"https:\\\/\\\/www.eldiariodetucuman.com\\\/web\\\/wp-content\\\/uploads\\\/2018\\\/02\\\/328c7ca2f6f4cd952082318219e280ea.jpeg\",\"articleSection\":[\"Politica\"],\"inLanguage\":\"es\",\"potentialAction\":[{\"@type\":\"CommentAction\",\"name\":\"Comment\",\"target\":[\"https:\\\/\\\/www.eldiariodetucuman.com\\\/web\\\/mas-de-mil-ninos-disfrutaron-del-verano-en-banda-del-rio-sali\\\/#respond\"]}]},{\"@type\":\"WebPage\",\"@id\":\"https:\\\/\\\/www.eldiariodetucuman.com\\\/web\\\/mas-de-mil-ninos-disfrutaron-del-verano-en-banda-del-rio-sali\\\/\",\"url\":\"https:\\\/\\\/www.eldiariodetucuman.com\\\/web\\\/mas-de-mil-ninos-disfrutaron-del-verano-en-banda-del-rio-sali\\\/\",\"name\":\"M\u00e1s de mil ni\u00f1os disfrutaron del verano en Banda del R\u00edo Sal\u00ed - El Diario de Tucuman\",\"isPartOf\":{\"@id\":\"https:\\\/\\\/www.eldiariodetucuman.com\\\/web\\\/#website\"},\"primaryImageOfPage\":{\"@id\":\"https:\\\/\\\/www.eldiariodetucuman.com\\\/web\\\/mas-de-mil-ninos-disfrutaron-del-verano-en-banda-del-rio-sali\\\/#primaryimage\"},\"image\":{\"@id\":\"https:\\\/\\\/www.eldiariodetucuman.com\\\/web\\\/mas-de-mil-ninos-disfrutaron-del-verano-en-banda-del-rio-sali\\\/#primaryimage\"},\"thumbnailUrl\":\"https:\\\/\\\/www.eldiariodetucuman.com\\\/web\\\/wp-content\\\/uploads\\\/2018\\\/02\\\/328c7ca2f6f4cd952082318219e280ea.jpeg\",\"datePublished\":\"2018-02-02T18:35:30+00:00\",\"breadcrumb\":{\"@id\":\"https:\\\/\\\/www.eldiariodetucuman.com\\\/web\\\/mas-de-mil-ninos-disfrutaron-del-verano-en-banda-del-rio-sali\\\/#breadcrumb\"},\"inLanguage\":\"es\",\"potentialAction\":[{\"@type\":\"ReadAction\",\"target\":[\"https:\\\/\\\/www.eldiariodetucuman.com\\\/web\\\/mas-de-mil-ninos-disfrutaron-del-verano-en-banda-del-rio-sali\\\/\"]}]},{\"@type\":\"ImageObject\",\"inLanguage\":\"es\",\"@id\":\"https:\\\/\\\/www.eldiariodetucuman.com\\\/web\\\/mas-de-mil-ninos-disfrutaron-del-verano-en-banda-del-rio-sali\\\/#primaryimage\",\"url\":\"https:\\\/\\\/www.eldiariodetucuman.com\\\/web\\\/wp-content\\\/uploads\\\/2018\\\/02\\\/328c7ca2f6f4cd952082318219e280ea.jpeg\",\"contentUrl\":\"https:\\\/\\\/www.eldiariodetucuman.com\\\/web\\\/wp-content\\\/uploads\\\/2018\\\/02\\\/328c7ca2f6f4cd952082318219e280ea.jpeg\",\"width\":750,\"height\":416},{\"@type\":\"BreadcrumbList\",\"@id\":\"https:\\\/\\\/www.eldiariodetucuman.com\\\/web\\\/mas-de-mil-ninos-disfrutaron-del-verano-en-banda-del-rio-sali\\\/#breadcrumb\",\"itemListElement\":[{\"@type\":\"ListItem\",\"position\":1,\"name\":\"Portada\",\"item\":\"https:\\\/\\\/www.eldiariodetucuman.com\\\/web\\\/\"},{\"@type\":\"ListItem\",\"position\":2,\"name\":\"M\u00e1s de mil ni\u00f1os disfrutaron del verano en Banda del R\u00edo Sal\u00ed\"}]},{\"@type\":\"WebSite\",\"@id\":\"https:\\\/\\\/www.eldiariodetucuman.com\\\/web\\\/#website\",\"url\":\"https:\\\/\\\/www.eldiariodetucuman.com\\\/web\\\/\",\"name\":\"El Diario de Tucuman\",\"description\":\"Diario Tucuman - Informaci\u00f3n y noticias\",\"publisher\":{\"@id\":\"https:\\\/\\\/www.eldiariodetucuman.com\\\/web\\\/#organization\"},\"potentialAction\":[{\"@type\":\"SearchAction\",\"target\":{\"@type\":\"EntryPoint\",\"urlTemplate\":\"https:\\\/\\\/www.eldiariodetucuman.com\\\/web\\\/?s={search_term_string}\"},\"query-input\":{\"@type\":\"PropertyValueSpecification\",\"valueRequired\":true,\"valueName\":\"search_term_string\"}}],\"inLanguage\":\"es\"},{\"@type\":\"Organization\",\"@id\":\"https:\\\/\\\/www.eldiariodetucuman.com\\\/web\\\/#organization\",\"name\":\"El Diario de Tucuman\",\"url\":\"https:\\\/\\\/www.eldiariodetucuman.com\\\/web\\\/\",\"logo\":{\"@type\":\"ImageObject\",\"inLanguage\":\"es\",\"@id\":\"https:\\\/\\\/www.eldiariodetucuman.com\\\/web\\\/#\\\/schema\\\/logo\\\/image\\\/\",\"url\":\"http:\\\/\\\/www.eldiariodetucuman.com\\\/web\\\/wp-content\\\/uploads\\\/2017\\\/12\\\/el-diario-de-tucuman.jpg\",\"contentUrl\":\"http:\\\/\\\/www.eldiariodetucuman.com\\\/web\\\/wp-content\\\/uploads\\\/2017\\\/12\\\/el-diario-de-tucuman.jpg\",\"width\":272,\"height\":92,\"caption\":\"El Diario de Tucuman\"},\"image\":{\"@id\":\"https:\\\/\\\/www.eldiariodetucuman.com\\\/web\\\/#\\\/schema\\\/logo\\\/image\\\/\"}},{\"@type\":\"Person\",\"@id\":\"https:\\\/\\\/www.eldiariodetucuman.com\\\/web\\\/#\\\/schema\\\/person\\\/9250197d75ab5483412e19678b121caa\",\"name\":\"admin\",\"image\":{\"@type\":\"ImageObject\",\"inLanguage\":\"es\",\"@id\":\"https:\\\/\\\/secure.gravatar.com\\\/avatar\\\/c44d117c2be811212c22cb481f6b8384b6873de103fbc49e7a03cc58d7dea4ac?s=96&d=mm&r=g\",\"url\":\"https:\\\/\\\/secure.gravatar.com\\\/avatar\\\/c44d117c2be811212c22cb481f6b8384b6873de103fbc49e7a03cc58d7dea4ac?s=96&d=mm&r=g\",\"contentUrl\":\"https:\\\/\\\/secure.gravatar.com\\\/avatar\\\/c44d117c2be811212c22cb481f6b8384b6873de103fbc49e7a03cc58d7dea4ac?s=96&d=mm&r=g\",\"caption\":\"admin\"},\"url\":\"https:\\\/\\\/www.eldiariodetucuman.com\\\/web\\\/author\\\/admin\\\/\"}]}<\/script>\n<!-- \/ Yoast SEO plugin. -->","yoast_head_json":{"title":"M\u00e1s de mil ni\u00f1os disfrutaron del verano en Banda del R\u00edo Sal\u00ed - El Diario de Tucuman","robots":{"index":"index","follow":"follow","max-snippet":"max-snippet:-1","max-image-preview":"max-image-preview:large","max-video-preview":"max-video-preview:-1"},"canonical":"https:\/\/www.eldiariodetucuman.com\/web\/mas-de-mil-ninos-disfrutaron-del-verano-en-banda-del-rio-sali\/","og_locale":"es_ES","og_type":"article","og_title":"M\u00e1s de mil ni\u00f1os disfrutaron del verano en Banda del R\u00edo Sal\u00ed - El Diario de Tucuman","og_description":"El municipio de Banda de R\u00edo Sal\u00ed cierra una exitosa temporada de verano en sus colonias de vacaciones. Por los diferentes clubes de la ciudad pasaron m\u00e1s de 1.000 ni\u00f1os que pudieron hacer nataci\u00f3n y diferentes deportes, actividades culturales y visitas tur\u00edsticas durante el receso escolar. El vicegobernador, a cargo del Poder Ejecutivo, Osvaldo Jaldo, [&hellip;]","og_url":"https:\/\/www.eldiariodetucuman.com\/web\/mas-de-mil-ninos-disfrutaron-del-verano-en-banda-del-rio-sali\/","og_site_name":"El Diario de Tucuman","article_published_time":"2018-02-02T18:35:30+00:00","og_image":[{"width":750,"height":416,"url":"https:\/\/www.eldiariodetucuman.com\/web\/wp-content\/uploads\/2018\/02\/328c7ca2f6f4cd952082318219e280ea.jpeg","type":"image\/jpeg"}],"author":"admin","twitter_card":"summary_large_image","twitter_misc":{"Escrito por":"admin","Tiempo de lectura":"1 minuto"},"schema":{"@context":"https:\/\/schema.org","@graph":[{"@type":"Article","@id":"https:\/\/www.eldiariodetucuman.com\/web\/mas-de-mil-ninos-disfrutaron-del-verano-en-banda-del-rio-sali\/#article","isPartOf":{"@id":"https:\/\/www.eldiariodetucuman.com\/web\/mas-de-mil-ninos-disfrutaron-del-verano-en-banda-del-rio-sali\/"},"author":{"name":"admin","@id":"https:\/\/www.eldiariodetucuman.com\/web\/#\/schema\/person\/9250197d75ab5483412e19678b121caa"},"headline":"M\u00e1s de mil ni\u00f1os disfrutaron del verano en Banda del R\u00edo Sal\u00ed","datePublished":"2018-02-02T18:35:30+00:00","mainEntityOfPage":{"@id":"https:\/\/www.eldiariodetucuman.com\/web\/mas-de-mil-ninos-disfrutaron-del-verano-en-banda-del-rio-sali\/"},"wordCount":314,"commentCount":0,"publisher":{"@id":"https:\/\/www.eldiariodetucuman.com\/web\/#organization"},"image":{"@id":"https:\/\/www.eldiariodetucuman.com\/web\/mas-de-mil-ninos-disfrutaron-del-verano-en-banda-del-rio-sali\/#primaryimage"},"thumbnailUrl":"https:\/\/www.eldiariodetucuman.com\/web\/wp-content\/uploads\/2018\/02\/328c7ca2f6f4cd952082318219e280ea.jpeg","articleSection":["Politica"],"inLanguage":"es","potentialAction":[{"@type":"CommentAction","name":"Comment","target":["https:\/\/www.eldiariodetucuman.com\/web\/mas-de-mil-ninos-disfrutaron-del-verano-en-banda-del-rio-sali\/#respond"]}]},{"@type":"WebPage","@id":"https:\/\/www.eldiariodetucuman.com\/web\/mas-de-mil-ninos-disfrutaron-del-verano-en-banda-del-rio-sali\/","url":"https:\/\/www.eldiariodetucuman.com\/web\/mas-de-mil-ninos-disfrutaron-del-verano-en-banda-del-rio-sali\/","name":"M\u00e1s de mil ni\u00f1os disfrutaron del verano en Banda del R\u00edo Sal\u00ed - El Diario de Tucuman","isPartOf":{"@id":"https:\/\/www.eldiariodetucuman.com\/web\/#website"},"primaryImageOfPage":{"@id":"https:\/\/www.eldiariodetucuman.com\/web\/mas-de-mil-ninos-disfrutaron-del-verano-en-banda-del-rio-sali\/#primaryimage"},"image":{"@id":"https:\/\/www.eldiariodetucuman.com\/web\/mas-de-mil-ninos-disfrutaron-del-verano-en-banda-del-rio-sali\/#primaryimage"},"thumbnailUrl":"https:\/\/www.eldiariodetucuman.com\/web\/wp-content\/uploads\/2018\/02\/328c7ca2f6f4cd952082318219e280ea.jpeg","datePublished":"2018-02-02T18:35:30+00:00","breadcrumb":{"@id":"https:\/\/www.eldiariodetucuman.com\/web\/mas-de-mil-ninos-disfrutaron-del-verano-en-banda-del-rio-sali\/#breadcrumb"},"inLanguage":"es","potentialAction":[{"@type":"ReadAction","target":["https:\/\/www.eldiariodetucuman.com\/web\/mas-de-mil-ninos-disfrutaron-del-verano-en-banda-del-rio-sali\/"]}]},{"@type":"ImageObject","inLanguage":"es","@id":"https:\/\/www.eldiariodetucuman.com\/web\/mas-de-mil-ninos-disfrutaron-del-verano-en-banda-del-rio-sali\/#primaryimage","url":"https:\/\/www.eldiariodetucuman.com\/web\/wp-content\/uploads\/2018\/02\/328c7ca2f6f4cd952082318219e280ea.jpeg","contentUrl":"https:\/\/www.eldiariodetucuman.com\/web\/wp-content\/uploads\/2018\/02\/328c7ca2f6f4cd952082318219e280ea.jpeg","width":750,"height":416},{"@type":"BreadcrumbList","@id":"https:\/\/www.eldiariodetucuman.com\/web\/mas-de-mil-ninos-disfrutaron-del-verano-en-banda-del-rio-sali\/#breadcrumb","itemListElement":[{"@type":"ListItem","position":1,"name":"Portada","item":"https:\/\/www.eldiariodetucuman.com\/web\/"},{"@type":"ListItem","position":2,"name":"M\u00e1s de mil ni\u00f1os disfrutaron del verano en Banda del R\u00edo Sal\u00ed"}]},{"@type":"WebSite","@id":"https:\/\/www.eldiariodetucuman.com\/web\/#website","url":"https:\/\/www.eldiariodetucuman.com\/web\/","name":"El Diario de Tucuman","description":"Diario Tucuman - Informaci\u00f3n y noticias","publisher":{"@id":"https:\/\/www.eldiariodetucuman.com\/web\/#organization"},"potentialAction":[{"@type":"SearchAction","target":{"@type":"EntryPoint","urlTemplate":"https:\/\/www.eldiariodetucuman.com\/web\/?s={search_term_string}"},"query-input":{"@type":"PropertyValueSpecification","valueRequired":true,"valueName":"search_term_string"}}],"inLanguage":"es"},{"@type":"Organization","@id":"https:\/\/www.eldiariodetucuman.com\/web\/#organization","name":"El Diario de Tucuman","url":"https:\/\/www.eldiariodetucuman.com\/web\/","logo":{"@type":"ImageObject","inLanguage":"es","@id":"https:\/\/www.eldiariodetucuman.com\/web\/#\/schema\/logo\/image\/","url":"http:\/\/www.eldiariodetucuman.com\/web\/wp-content\/uploads\/2017\/12\/el-diario-de-tucuman.jpg","contentUrl":"http:\/\/www.eldiariodetucuman.com\/web\/wp-content\/uploads\/2017\/12\/el-diario-de-tucuman.jpg","width":272,"height":92,"caption":"El Diario de Tucuman"},"image":{"@id":"https:\/\/www.eldiariodetucuman.com\/web\/#\/schema\/logo\/image\/"}},{"@type":"Person","@id":"https:\/\/www.eldiariodetucuman.com\/web\/#\/schema\/person\/9250197d75ab5483412e19678b121caa","name":"admin","image":{"@type":"ImageObject","inLanguage":"es","@id":"https:\/\/secure.gravatar.com\/avatar\/c44d117c2be811212c22cb481f6b8384b6873de103fbc49e7a03cc58d7dea4ac?s=96&d=mm&r=g","url":"https:\/\/secure.gravatar.com\/avatar\/c44d117c2be811212c22cb481f6b8384b6873de103fbc49e7a03cc58d7dea4ac?s=96&d=mm&r=g","contentUrl":"https:\/\/secure.gravatar.com\/avatar\/c44d117c2be811212c22cb481f6b8384b6873de103fbc49e7a03cc58d7dea4ac?s=96&d=mm&r=g","caption":"admin"},"url":"https:\/\/www.eldiariodetucuman.com\/web\/author\/admin\/"}]}},"_links":{"self":[{"href":"https:\/\/www.eldiariodetucuman.com\/web\/wp-json\/wp\/v2\/posts\/5112","targetHints":{"allow":["GET"]}}],"collection":[{"href":"https:\/\/www.eldiariodetucuman.com\/web\/wp-json\/wp\/v2\/posts"}],"about":[{"href":"https:\/\/www.eldiariodetucuman.com\/web\/wp-json\/wp\/v2\/types\/post"}],"author":[{"embeddable":true,"href":"https:\/\/www.eldiariodetucuman.com\/web\/wp-json\/wp\/v2\/users\/1"}],"replies":[{"embeddable":true,"href":"https:\/\/www.eldiariodetucuman.com\/web\/wp-json\/wp\/v2\/comments?post=5112"}],"version-history":[{"count":0,"href":"https:\/\/www.eldiariodetucuman.com\/web\/wp-json\/wp\/v2\/posts\/5112\/revisions"}],"wp:featuredmedia":[{"embeddable":true,"href":"https:\/\/www.eldiariodetucuman.com\/web\/wp-json\/wp\/v2\/media\/5113"}],"wp:attachment":[{"href":"https:\/\/www.eldiariodetucuman.com\/web\/wp-json\/wp\/v2\/media?parent=5112"}],"wp:term":[{"taxonomy":"category","embeddable":true,"href":"https:\/\/www.eldiariodetucuman.com\/web\/wp-json\/wp\/v2\/categories?post=5112"},{"taxonomy":"post_tag","embeddable":true,"href":"https:\/\/www.eldiariodetucuman.com\/web\/wp-json\/wp\/v2\/tags?post=5112"}],"curies":[{"name":"wp","href":"https:\/\/api.w.org\/{rel}","templated":true}]}}