{"id":5110,"date":"2018-02-02T15:34:10","date_gmt":"2018-02-02T18:34:10","guid":{"rendered":"http:\/\/www.eldiariodetucuman.com\/web\/atletico-entreno-almorzo-y-viajo-a-buenos-aires-con-una-importante-novedad\/"},"modified":"2018-02-02T15:34:10","modified_gmt":"2018-02-02T18:34:10","slug":"atletico-entreno-almorzo-y-viajo-a-buenos-aires-con-una-importante-novedad","status":"publish","type":"post","link":"https:\/\/www.eldiariodetucuman.com\/web\/atletico-entreno-almorzo-y-viajo-a-buenos-aires-con-una-importante-novedad\/","title":{"rendered":"Atl\u00e9tico entren\u00f3, almorz\u00f3 y viaj\u00f3 a Buenos Aires con una importante novedad"},"content":{"rendered":"<div>\n<div readability=\"70.677275620624\">\n<p>Atl\u00e9tico viaj\u00f3 esta tarde a Buenos Aires, donde ma\u00f1ana visitar\u00e1 a Banfield desde las 17 en uno de los partidos de la fecha 15 de la Superliga Argentina de F\u00fatbol.<\/p>\n<p>Esta ma\u00f1ana hubo una \u00faltima pr\u00e1ctica en el complejo Jos\u00e9 Salmoraghi. Luego del almoerzo, el plantel encabezado por <b>Ricardo Zielinski<\/b> se dirigi\u00f3 al aeropuerto Benjam\u00edn Matienzo. A las 14.30 despeg\u00f3 un vuelo de l\u00ednea que lo traslad\u00f3 a Aeroparque.<\/p>\n<p><a href=\"https:\/\/www.lagaceta.com.ar\/nota\/760030\/deportes\/parate-no-calmo-brios-decano.html\" mce_href=\"https:\/\/www.lagaceta.com.ar\/nota\/760030\/deportes\/parate-no-calmo-brios-decano.html\" target=\"_blank\" class=\"style link\">El parate no calm\u00f3 los br\u00edos del \u201cDecano\u201d<\/a><\/p>\n<p>Entre los citados, hubo uno nuevo: <b>Andr\u00e9s Lamas<\/b>, recientemente habilitado, ingres\u00f3 en lugar de <b>Alejandro Melo<\/b>. El resto de los citados son: <b>Augusto Batalla, Guillermo Acosta, Rafael Garc\u00eda, Yonathan Cabral, Cristian Villagra, Rodrigo Aliendro, Nery Leyes, David Barbona, Favio \u00c1lvarez, Luis Miguel Rodr\u00edguez y Mauricio Affonso <\/b>(titulares)<b>; Oscar S\u00e1nchez, Nicol\u00e1s Romat, Gonzalo Freitas, Francisco Grahl, Gervasio N\u00fa\u00f1ez e Ismael Blanco<\/b>.<\/p>\n<blockquote class=\"twitter-tweet\" data-lang=\"es\" readability=\"4.4713656387665\">\n<p lang=\"es\" dir=\"ltr\"><a href=\"https:\/\/twitter.com\/hashtag\/SuperligaQuilmesClasica?src=hash&#038;ref_src=twsrc%5Etfw\">#SuperligaQuilmesClasica<\/a> Estos son los 18 futbolistas elegidos por Ricardo Zielinski para el partido de este s\u00e1bado, frente a <a href=\"https:\/\/twitter.com\/CAB_oficial?ref_src=twsrc%5Etfw\">@CAB_oficial<\/a>. <a href=\"https:\/\/t.co\/xCxlf8DpuV\">pic.twitter.com\/xCxlf8DpuV<\/a><\/p>\n<p>\u2014 Atl\u00e9tico Tucum\u00e1n Of. (@ATOficial) <a href=\"https:\/\/twitter.com\/ATOficial\/status\/959433525169664002?ref_src=twsrc%5Etfw\">2 de febrero de 2018<\/a><\/p><\/blockquote>\n<p>Los que no estuvieron junto a la delegaci\u00f3n fueron los delanteros que llegaron para reforzar al \u00abDecano\u00bb. Si todo sale como la CD espera, <b>Javier Toledo<\/b> estar\u00e1 habilitado para jugar el pr\u00f3ximo partido, el lunes 12, a las 19, con San Mart\u00edn (SJ), en el Monumental.<\/p>\n<p>Lo de <b>Leandro D\u00edaz<\/b> sigue en espera por un conflicto legal que el futbolista tucumano tiene con San Mart\u00edn. En estos d\u00edas se tendr\u00eda que haber resuelto, pero&#8230;<\/p>\n<\/p><\/div>\n<\/div>\n","protected":false},"excerpt":{"rendered":"<p>Atl\u00e9tico viaj\u00f3 esta tarde a Buenos Aires, donde ma\u00f1ana visitar\u00e1 a Banfield desde las 17 en uno de los partidos de la fecha 15 de la Superliga Argentina de F\u00fatbol. Esta ma\u00f1ana hubo una \u00faltima pr\u00e1ctica en el complejo Jos\u00e9 Salmoraghi. Luego del almoerzo, el plantel encabezado por Ricardo Zielinski se dirigi\u00f3 al aeropuerto Benjam\u00edn [&hellip;]<\/p>\n","protected":false},"author":1,"featured_media":5111,"comment_status":"open","ping_status":"closed","sticky":false,"template":"","format":"standard","meta":{"footnotes":""},"categories":[6],"tags":[],"class_list":{"0":"post-5110","1":"post","2":"type-post","3":"status-publish","4":"format-standard","5":"has-post-thumbnail","7":"category-deporte"},"yoast_head":"<!-- This site is optimized with the Yoast SEO plugin v27.4 - https:\/\/yoast.com\/product\/yoast-seo-wordpress\/ -->\n<title>Atl\u00e9tico entren\u00f3, almorz\u00f3 y viaj\u00f3 a Buenos Aires con una importante novedad - El Diario de Tucuman<\/title>\n<meta name=\"robots\" content=\"index, follow, max-snippet:-1, max-image-preview:large, max-video-preview:-1\" \/>\n<link rel=\"canonical\" href=\"https:\/\/www.eldiariodetucuman.com\/web\/atletico-entreno-almorzo-y-viajo-a-buenos-aires-con-una-importante-novedad\/\" \/>\n<meta property=\"og:locale\" content=\"es_ES\" \/>\n<meta property=\"og:type\" content=\"article\" \/>\n<meta property=\"og:title\" content=\"Atl\u00e9tico entren\u00f3, almorz\u00f3 y viaj\u00f3 a Buenos Aires con una importante novedad - El Diario de Tucuman\" \/>\n<meta property=\"og:description\" content=\"Atl\u00e9tico viaj\u00f3 esta tarde a Buenos Aires, donde ma\u00f1ana visitar\u00e1 a Banfield desde las 17 en uno de los partidos de la fecha 15 de la Superliga Argentina de F\u00fatbol. Esta ma\u00f1ana hubo una \u00faltima pr\u00e1ctica en el complejo Jos\u00e9 Salmoraghi. Luego del almoerzo, el plantel encabezado por Ricardo Zielinski se dirigi\u00f3 al aeropuerto Benjam\u00edn [&hellip;]\" \/>\n<meta property=\"og:url\" content=\"https:\/\/www.eldiariodetucuman.com\/web\/atletico-entreno-almorzo-y-viajo-a-buenos-aires-con-una-importante-novedad\/\" \/>\n<meta property=\"og:site_name\" content=\"El Diario de Tucuman\" \/>\n<meta property=\"article:published_time\" content=\"2018-02-02T18:34:10+00:00\" \/>\n<meta property=\"og:image\" content=\"https:\/\/www.eldiariodetucuman.com\/web\/wp-content\/uploads\/2018\/02\/c2fe588dca53a03dbe0385cdce9754f8.jpeg\" \/>\n\t<meta property=\"og:image:width\" content=\"1500\" \/>\n\t<meta property=\"og:image:height\" content=\"850\" \/>\n\t<meta property=\"og:image:type\" content=\"image\/jpeg\" \/>\n<meta name=\"author\" content=\"admin\" \/>\n<meta name=\"twitter:card\" content=\"summary_large_image\" \/>\n<meta name=\"twitter:label1\" content=\"Escrito por\" \/>\n\t<meta name=\"twitter:data1\" content=\"admin\" \/>\n\t<meta name=\"twitter:label2\" content=\"Tiempo de lectura\" \/>\n\t<meta name=\"twitter:data2\" content=\"1 minuto\" \/>\n<script type=\"application\/ld+json\" class=\"yoast-schema-graph\">{\"@context\":\"https:\\\/\\\/schema.org\",\"@graph\":[{\"@type\":\"Article\",\"@id\":\"https:\\\/\\\/www.eldiariodetucuman.com\\\/web\\\/atletico-entreno-almorzo-y-viajo-a-buenos-aires-con-una-importante-novedad\\\/#article\",\"isPartOf\":{\"@id\":\"https:\\\/\\\/www.eldiariodetucuman.com\\\/web\\\/atletico-entreno-almorzo-y-viajo-a-buenos-aires-con-una-importante-novedad\\\/\"},\"author\":{\"name\":\"admin\",\"@id\":\"https:\\\/\\\/www.eldiariodetucuman.com\\\/web\\\/#\\\/schema\\\/person\\\/9250197d75ab5483412e19678b121caa\"},\"headline\":\"Atl\u00e9tico entren\u00f3, almorz\u00f3 y viaj\u00f3 a Buenos Aires con una importante novedad\",\"datePublished\":\"2018-02-02T18:34:10+00:00\",\"mainEntityOfPage\":{\"@id\":\"https:\\\/\\\/www.eldiariodetucuman.com\\\/web\\\/atletico-entreno-almorzo-y-viajo-a-buenos-aires-con-una-importante-novedad\\\/\"},\"wordCount\":274,\"commentCount\":0,\"publisher\":{\"@id\":\"https:\\\/\\\/www.eldiariodetucuman.com\\\/web\\\/#organization\"},\"image\":{\"@id\":\"https:\\\/\\\/www.eldiariodetucuman.com\\\/web\\\/atletico-entreno-almorzo-y-viajo-a-buenos-aires-con-una-importante-novedad\\\/#primaryimage\"},\"thumbnailUrl\":\"https:\\\/\\\/www.eldiariodetucuman.com\\\/web\\\/wp-content\\\/uploads\\\/2018\\\/02\\\/c2fe588dca53a03dbe0385cdce9754f8.jpeg\",\"articleSection\":[\"Deporte\"],\"inLanguage\":\"es\",\"potentialAction\":[{\"@type\":\"CommentAction\",\"name\":\"Comment\",\"target\":[\"https:\\\/\\\/www.eldiariodetucuman.com\\\/web\\\/atletico-entreno-almorzo-y-viajo-a-buenos-aires-con-una-importante-novedad\\\/#respond\"]}]},{\"@type\":\"WebPage\",\"@id\":\"https:\\\/\\\/www.eldiariodetucuman.com\\\/web\\\/atletico-entreno-almorzo-y-viajo-a-buenos-aires-con-una-importante-novedad\\\/\",\"url\":\"https:\\\/\\\/www.eldiariodetucuman.com\\\/web\\\/atletico-entreno-almorzo-y-viajo-a-buenos-aires-con-una-importante-novedad\\\/\",\"name\":\"Atl\u00e9tico entren\u00f3, almorz\u00f3 y viaj\u00f3 a Buenos Aires con una importante novedad - El Diario de Tucuman\",\"isPartOf\":{\"@id\":\"https:\\\/\\\/www.eldiariodetucuman.com\\\/web\\\/#website\"},\"primaryImageOfPage\":{\"@id\":\"https:\\\/\\\/www.eldiariodetucuman.com\\\/web\\\/atletico-entreno-almorzo-y-viajo-a-buenos-aires-con-una-importante-novedad\\\/#primaryimage\"},\"image\":{\"@id\":\"https:\\\/\\\/www.eldiariodetucuman.com\\\/web\\\/atletico-entreno-almorzo-y-viajo-a-buenos-aires-con-una-importante-novedad\\\/#primaryimage\"},\"thumbnailUrl\":\"https:\\\/\\\/www.eldiariodetucuman.com\\\/web\\\/wp-content\\\/uploads\\\/2018\\\/02\\\/c2fe588dca53a03dbe0385cdce9754f8.jpeg\",\"datePublished\":\"2018-02-02T18:34:10+00:00\",\"breadcrumb\":{\"@id\":\"https:\\\/\\\/www.eldiariodetucuman.com\\\/web\\\/atletico-entreno-almorzo-y-viajo-a-buenos-aires-con-una-importante-novedad\\\/#breadcrumb\"},\"inLanguage\":\"es\",\"potentialAction\":[{\"@type\":\"ReadAction\",\"target\":[\"https:\\\/\\\/www.eldiariodetucuman.com\\\/web\\\/atletico-entreno-almorzo-y-viajo-a-buenos-aires-con-una-importante-novedad\\\/\"]}]},{\"@type\":\"ImageObject\",\"inLanguage\":\"es\",\"@id\":\"https:\\\/\\\/www.eldiariodetucuman.com\\\/web\\\/atletico-entreno-almorzo-y-viajo-a-buenos-aires-con-una-importante-novedad\\\/#primaryimage\",\"url\":\"https:\\\/\\\/www.eldiariodetucuman.com\\\/web\\\/wp-content\\\/uploads\\\/2018\\\/02\\\/c2fe588dca53a03dbe0385cdce9754f8.jpeg\",\"contentUrl\":\"https:\\\/\\\/www.eldiariodetucuman.com\\\/web\\\/wp-content\\\/uploads\\\/2018\\\/02\\\/c2fe588dca53a03dbe0385cdce9754f8.jpeg\",\"width\":1500,\"height\":850},{\"@type\":\"BreadcrumbList\",\"@id\":\"https:\\\/\\\/www.eldiariodetucuman.com\\\/web\\\/atletico-entreno-almorzo-y-viajo-a-buenos-aires-con-una-importante-novedad\\\/#breadcrumb\",\"itemListElement\":[{\"@type\":\"ListItem\",\"position\":1,\"name\":\"Portada\",\"item\":\"https:\\\/\\\/www.eldiariodetucuman.com\\\/web\\\/\"},{\"@type\":\"ListItem\",\"position\":2,\"name\":\"Atl\u00e9tico entren\u00f3, almorz\u00f3 y viaj\u00f3 a Buenos Aires con una importante novedad\"}]},{\"@type\":\"WebSite\",\"@id\":\"https:\\\/\\\/www.eldiariodetucuman.com\\\/web\\\/#website\",\"url\":\"https:\\\/\\\/www.eldiariodetucuman.com\\\/web\\\/\",\"name\":\"El Diario de Tucuman\",\"description\":\"Diario Tucuman - Informaci\u00f3n y noticias\",\"publisher\":{\"@id\":\"https:\\\/\\\/www.eldiariodetucuman.com\\\/web\\\/#organization\"},\"potentialAction\":[{\"@type\":\"SearchAction\",\"target\":{\"@type\":\"EntryPoint\",\"urlTemplate\":\"https:\\\/\\\/www.eldiariodetucuman.com\\\/web\\\/?s={search_term_string}\"},\"query-input\":{\"@type\":\"PropertyValueSpecification\",\"valueRequired\":true,\"valueName\":\"search_term_string\"}}],\"inLanguage\":\"es\"},{\"@type\":\"Organization\",\"@id\":\"https:\\\/\\\/www.eldiariodetucuman.com\\\/web\\\/#organization\",\"name\":\"El Diario de Tucuman\",\"url\":\"https:\\\/\\\/www.eldiariodetucuman.com\\\/web\\\/\",\"logo\":{\"@type\":\"ImageObject\",\"inLanguage\":\"es\",\"@id\":\"https:\\\/\\\/www.eldiariodetucuman.com\\\/web\\\/#\\\/schema\\\/logo\\\/image\\\/\",\"url\":\"http:\\\/\\\/www.eldiariodetucuman.com\\\/web\\\/wp-content\\\/uploads\\\/2017\\\/12\\\/el-diario-de-tucuman.jpg\",\"contentUrl\":\"http:\\\/\\\/www.eldiariodetucuman.com\\\/web\\\/wp-content\\\/uploads\\\/2017\\\/12\\\/el-diario-de-tucuman.jpg\",\"width\":272,\"height\":92,\"caption\":\"El Diario de Tucuman\"},\"image\":{\"@id\":\"https:\\\/\\\/www.eldiariodetucuman.com\\\/web\\\/#\\\/schema\\\/logo\\\/image\\\/\"}},{\"@type\":\"Person\",\"@id\":\"https:\\\/\\\/www.eldiariodetucuman.com\\\/web\\\/#\\\/schema\\\/person\\\/9250197d75ab5483412e19678b121caa\",\"name\":\"admin\",\"image\":{\"@type\":\"ImageObject\",\"inLanguage\":\"es\",\"@id\":\"https:\\\/\\\/secure.gravatar.com\\\/avatar\\\/c44d117c2be811212c22cb481f6b8384b6873de103fbc49e7a03cc58d7dea4ac?s=96&d=mm&r=g\",\"url\":\"https:\\\/\\\/secure.gravatar.com\\\/avatar\\\/c44d117c2be811212c22cb481f6b8384b6873de103fbc49e7a03cc58d7dea4ac?s=96&d=mm&r=g\",\"contentUrl\":\"https:\\\/\\\/secure.gravatar.com\\\/avatar\\\/c44d117c2be811212c22cb481f6b8384b6873de103fbc49e7a03cc58d7dea4ac?s=96&d=mm&r=g\",\"caption\":\"admin\"},\"url\":\"https:\\\/\\\/www.eldiariodetucuman.com\\\/web\\\/author\\\/admin\\\/\"}]}<\/script>\n<!-- \/ Yoast SEO plugin. -->","yoast_head_json":{"title":"Atl\u00e9tico entren\u00f3, almorz\u00f3 y viaj\u00f3 a Buenos Aires con una importante novedad - El Diario de Tucuman","robots":{"index":"index","follow":"follow","max-snippet":"max-snippet:-1","max-image-preview":"max-image-preview:large","max-video-preview":"max-video-preview:-1"},"canonical":"https:\/\/www.eldiariodetucuman.com\/web\/atletico-entreno-almorzo-y-viajo-a-buenos-aires-con-una-importante-novedad\/","og_locale":"es_ES","og_type":"article","og_title":"Atl\u00e9tico entren\u00f3, almorz\u00f3 y viaj\u00f3 a Buenos Aires con una importante novedad - El Diario de Tucuman","og_description":"Atl\u00e9tico viaj\u00f3 esta tarde a Buenos Aires, donde ma\u00f1ana visitar\u00e1 a Banfield desde las 17 en uno de los partidos de la fecha 15 de la Superliga Argentina de F\u00fatbol. Esta ma\u00f1ana hubo una \u00faltima pr\u00e1ctica en el complejo Jos\u00e9 Salmoraghi. Luego del almoerzo, el plantel encabezado por Ricardo Zielinski se dirigi\u00f3 al aeropuerto Benjam\u00edn [&hellip;]","og_url":"https:\/\/www.eldiariodetucuman.com\/web\/atletico-entreno-almorzo-y-viajo-a-buenos-aires-con-una-importante-novedad\/","og_site_name":"El Diario de Tucuman","article_published_time":"2018-02-02T18:34:10+00:00","og_image":[{"width":1500,"height":850,"url":"https:\/\/www.eldiariodetucuman.com\/web\/wp-content\/uploads\/2018\/02\/c2fe588dca53a03dbe0385cdce9754f8.jpeg","type":"image\/jpeg"}],"author":"admin","twitter_card":"summary_large_image","twitter_misc":{"Escrito por":"admin","Tiempo de lectura":"1 minuto"},"schema":{"@context":"https:\/\/schema.org","@graph":[{"@type":"Article","@id":"https:\/\/www.eldiariodetucuman.com\/web\/atletico-entreno-almorzo-y-viajo-a-buenos-aires-con-una-importante-novedad\/#article","isPartOf":{"@id":"https:\/\/www.eldiariodetucuman.com\/web\/atletico-entreno-almorzo-y-viajo-a-buenos-aires-con-una-importante-novedad\/"},"author":{"name":"admin","@id":"https:\/\/www.eldiariodetucuman.com\/web\/#\/schema\/person\/9250197d75ab5483412e19678b121caa"},"headline":"Atl\u00e9tico entren\u00f3, almorz\u00f3 y viaj\u00f3 a Buenos Aires con una importante novedad","datePublished":"2018-02-02T18:34:10+00:00","mainEntityOfPage":{"@id":"https:\/\/www.eldiariodetucuman.com\/web\/atletico-entreno-almorzo-y-viajo-a-buenos-aires-con-una-importante-novedad\/"},"wordCount":274,"commentCount":0,"publisher":{"@id":"https:\/\/www.eldiariodetucuman.com\/web\/#organization"},"image":{"@id":"https:\/\/www.eldiariodetucuman.com\/web\/atletico-entreno-almorzo-y-viajo-a-buenos-aires-con-una-importante-novedad\/#primaryimage"},"thumbnailUrl":"https:\/\/www.eldiariodetucuman.com\/web\/wp-content\/uploads\/2018\/02\/c2fe588dca53a03dbe0385cdce9754f8.jpeg","articleSection":["Deporte"],"inLanguage":"es","potentialAction":[{"@type":"CommentAction","name":"Comment","target":["https:\/\/www.eldiariodetucuman.com\/web\/atletico-entreno-almorzo-y-viajo-a-buenos-aires-con-una-importante-novedad\/#respond"]}]},{"@type":"WebPage","@id":"https:\/\/www.eldiariodetucuman.com\/web\/atletico-entreno-almorzo-y-viajo-a-buenos-aires-con-una-importante-novedad\/","url":"https:\/\/www.eldiariodetucuman.com\/web\/atletico-entreno-almorzo-y-viajo-a-buenos-aires-con-una-importante-novedad\/","name":"Atl\u00e9tico entren\u00f3, almorz\u00f3 y viaj\u00f3 a Buenos Aires con una importante novedad - El Diario de Tucuman","isPartOf":{"@id":"https:\/\/www.eldiariodetucuman.com\/web\/#website"},"primaryImageOfPage":{"@id":"https:\/\/www.eldiariodetucuman.com\/web\/atletico-entreno-almorzo-y-viajo-a-buenos-aires-con-una-importante-novedad\/#primaryimage"},"image":{"@id":"https:\/\/www.eldiariodetucuman.com\/web\/atletico-entreno-almorzo-y-viajo-a-buenos-aires-con-una-importante-novedad\/#primaryimage"},"thumbnailUrl":"https:\/\/www.eldiariodetucuman.com\/web\/wp-content\/uploads\/2018\/02\/c2fe588dca53a03dbe0385cdce9754f8.jpeg","datePublished":"2018-02-02T18:34:10+00:00","breadcrumb":{"@id":"https:\/\/www.eldiariodetucuman.com\/web\/atletico-entreno-almorzo-y-viajo-a-buenos-aires-con-una-importante-novedad\/#breadcrumb"},"inLanguage":"es","potentialAction":[{"@type":"ReadAction","target":["https:\/\/www.eldiariodetucuman.com\/web\/atletico-entreno-almorzo-y-viajo-a-buenos-aires-con-una-importante-novedad\/"]}]},{"@type":"ImageObject","inLanguage":"es","@id":"https:\/\/www.eldiariodetucuman.com\/web\/atletico-entreno-almorzo-y-viajo-a-buenos-aires-con-una-importante-novedad\/#primaryimage","url":"https:\/\/www.eldiariodetucuman.com\/web\/wp-content\/uploads\/2018\/02\/c2fe588dca53a03dbe0385cdce9754f8.jpeg","contentUrl":"https:\/\/www.eldiariodetucuman.com\/web\/wp-content\/uploads\/2018\/02\/c2fe588dca53a03dbe0385cdce9754f8.jpeg","width":1500,"height":850},{"@type":"BreadcrumbList","@id":"https:\/\/www.eldiariodetucuman.com\/web\/atletico-entreno-almorzo-y-viajo-a-buenos-aires-con-una-importante-novedad\/#breadcrumb","itemListElement":[{"@type":"ListItem","position":1,"name":"Portada","item":"https:\/\/www.eldiariodetucuman.com\/web\/"},{"@type":"ListItem","position":2,"name":"Atl\u00e9tico entren\u00f3, almorz\u00f3 y viaj\u00f3 a Buenos Aires con una importante novedad"}]},{"@type":"WebSite","@id":"https:\/\/www.eldiariodetucuman.com\/web\/#website","url":"https:\/\/www.eldiariodetucuman.com\/web\/","name":"El Diario de Tucuman","description":"Diario Tucuman - Informaci\u00f3n y noticias","publisher":{"@id":"https:\/\/www.eldiariodetucuman.com\/web\/#organization"},"potentialAction":[{"@type":"SearchAction","target":{"@type":"EntryPoint","urlTemplate":"https:\/\/www.eldiariodetucuman.com\/web\/?s={search_term_string}"},"query-input":{"@type":"PropertyValueSpecification","valueRequired":true,"valueName":"search_term_string"}}],"inLanguage":"es"},{"@type":"Organization","@id":"https:\/\/www.eldiariodetucuman.com\/web\/#organization","name":"El Diario de Tucuman","url":"https:\/\/www.eldiariodetucuman.com\/web\/","logo":{"@type":"ImageObject","inLanguage":"es","@id":"https:\/\/www.eldiariodetucuman.com\/web\/#\/schema\/logo\/image\/","url":"http:\/\/www.eldiariodetucuman.com\/web\/wp-content\/uploads\/2017\/12\/el-diario-de-tucuman.jpg","contentUrl":"http:\/\/www.eldiariodetucuman.com\/web\/wp-content\/uploads\/2017\/12\/el-diario-de-tucuman.jpg","width":272,"height":92,"caption":"El Diario de Tucuman"},"image":{"@id":"https:\/\/www.eldiariodetucuman.com\/web\/#\/schema\/logo\/image\/"}},{"@type":"Person","@id":"https:\/\/www.eldiariodetucuman.com\/web\/#\/schema\/person\/9250197d75ab5483412e19678b121caa","name":"admin","image":{"@type":"ImageObject","inLanguage":"es","@id":"https:\/\/secure.gravatar.com\/avatar\/c44d117c2be811212c22cb481f6b8384b6873de103fbc49e7a03cc58d7dea4ac?s=96&d=mm&r=g","url":"https:\/\/secure.gravatar.com\/avatar\/c44d117c2be811212c22cb481f6b8384b6873de103fbc49e7a03cc58d7dea4ac?s=96&d=mm&r=g","contentUrl":"https:\/\/secure.gravatar.com\/avatar\/c44d117c2be811212c22cb481f6b8384b6873de103fbc49e7a03cc58d7dea4ac?s=96&d=mm&r=g","caption":"admin"},"url":"https:\/\/www.eldiariodetucuman.com\/web\/author\/admin\/"}]}},"_links":{"self":[{"href":"https:\/\/www.eldiariodetucuman.com\/web\/wp-json\/wp\/v2\/posts\/5110","targetHints":{"allow":["GET"]}}],"collection":[{"href":"https:\/\/www.eldiariodetucuman.com\/web\/wp-json\/wp\/v2\/posts"}],"about":[{"href":"https:\/\/www.eldiariodetucuman.com\/web\/wp-json\/wp\/v2\/types\/post"}],"author":[{"embeddable":true,"href":"https:\/\/www.eldiariodetucuman.com\/web\/wp-json\/wp\/v2\/users\/1"}],"replies":[{"embeddable":true,"href":"https:\/\/www.eldiariodetucuman.com\/web\/wp-json\/wp\/v2\/comments?post=5110"}],"version-history":[{"count":0,"href":"https:\/\/www.eldiariodetucuman.com\/web\/wp-json\/wp\/v2\/posts\/5110\/revisions"}],"wp:featuredmedia":[{"embeddable":true,"href":"https:\/\/www.eldiariodetucuman.com\/web\/wp-json\/wp\/v2\/media\/5111"}],"wp:attachment":[{"href":"https:\/\/www.eldiariodetucuman.com\/web\/wp-json\/wp\/v2\/media?parent=5110"}],"wp:term":[{"taxonomy":"category","embeddable":true,"href":"https:\/\/www.eldiariodetucuman.com\/web\/wp-json\/wp\/v2\/categories?post=5110"},{"taxonomy":"post_tag","embeddable":true,"href":"https:\/\/www.eldiariodetucuman.com\/web\/wp-json\/wp\/v2\/tags?post=5110"}],"curies":[{"name":"wp","href":"https:\/\/api.w.org\/{rel}","templated":true}]}}