{"id":5107,"date":"2018-02-02T12:55:46","date_gmt":"2018-02-02T15:55:46","guid":{"rendered":"http:\/\/www.eldiariodetucuman.com\/web\/sony-se-renueva-con-kenichiro-yoshida-su-nuevo-ceo\/"},"modified":"2018-02-02T12:55:46","modified_gmt":"2018-02-02T15:55:46","slug":"sony-se-renueva-con-kenichiro-yoshida-su-nuevo-ceo","status":"publish","type":"post","link":"https:\/\/www.eldiariodetucuman.com\/web\/sony-se-renueva-con-kenichiro-yoshida-su-nuevo-ceo\/","title":{"rendered":"Sony se renueva con Kenichiro Yoshida, su nuevo CEO"},"content":{"rendered":"<div>\n<div id=\"cuerpo\">\n<figure class=\"XL caja-destacada epigrafe\" id=\"figure_2623772\" data-is=\"imagen\"><span title=\"Ampliar imagen\" class=\"icon-ampliar\"><\/span><br \/>\n                        <span title=\"Cerrar modal\" class=\"icon-cerrar\"><\/span><figcaption><epigrafe>Kazuo Hirai, a la izquierda, saluda a Kenichiro Yoshida, director financiero y ahora CEO de Sony<\/epigrafe><span class=\"fuente\"> Fuente: AFP<\/span><br \/>\n                        <\/figcaption><\/figure>\n<p class=\"capital\">\n<!-- TODO : Revisar HTML LN9 --><br \/>\n<a href=\"http:\/\/www.lanacion.com.ar\/sony-t48254\" data-event=\"contentLinkClick\"><br \/>\nSony<br \/>\n<\/a>  anunci\u00f3 el viernes que su presidente ejecutivo<br \/>\n<!-- TODO : Revisar HTML LN9 --><br \/>\n<a href=\"http:\/\/www.lanacion.com.ar\/kazuo-hirai-t48259\" data-event=\"contentLinkClick\"><br \/>\nKazuo Hirai<br \/>\n<\/a>  dejar\u00e1 el cargo y ser\u00e1 reemplazado por su jefe financiero Kenichiro Yoshida, al tiempo que proyect\u00f3 una ganancia anualizada r\u00e9cord que refleja la recuperaci\u00f3n que ambos directivos buscaron cimentar.<\/p>\n<p><!-- middle1 --><\/p>\n<p><!-- middle1 --><\/p>\n<p>Con un pasado de l\u00edder mundial del mercado en art\u00edculos electr\u00f3nicos, el fabricante del<br \/>\n<a class=\"link\" href=\"https:\/\/www.lanacion.com.ar\/1445239-el-nuevo-presidente-ejecutivo-busca-cambiar-el-rumbo-de-sony\">Walkman y Trinitron TV<\/a>  qued\u00f3 rezagado en los \u00faltimos a\u00f1os por Apple y otras compa\u00f1\u00edas tecnol\u00f3gicas en t\u00e9rminos de innovaci\u00f3n y se vio apabullado por la competencia de sus rivales en Asia.<\/p>\n<p>El d\u00fao conformado por Hirai y Yoshida ayud\u00f3 a dar un vuelco al poco rentable negocio de art\u00edculos electr\u00f3nicos y a capitalizar la expansi\u00f3n de los tel\u00e9fonos avanzados con sus sensores de im\u00e1genes.<\/p>\n<p><!-- middle1 --><\/p>\n<aside class=\"listado ademas floatFix\" id=\"listadoAdemas\"><\/aside>\n<p>Fuentes cercanas a Yoshida, de 58 a\u00f1os, lo describen como una figura reservada en comparaci\u00f3n al carism\u00e1tico<br \/>\n<a class=\"link\" href=\"https:\/\/www.lanacion.com.ar\/1464633-nuevo-jefe-de-sony-promete-reanimar-el-conglomerado\">\u00abKaz\u00bb Hirai<\/a>, CEO desde 2012 con un pasado<br \/>\n<a class=\"link\" href=\"https:\/\/www.lanacion.com.ar\/1445089-el-responsable-de-playstation-asume-el-mando-de-sony\">como director de  PlayStation<\/a>, pero adem\u00e1s afirman que es un ejecutivo resuelto que lider\u00f3 varios cambios controvertidos, como la<br \/>\n<a class=\"link\" href=\"https:\/\/www.lanacion.com.ar\/1661747-sony-vendio-su-division-de-computadoras-personales-vaio\">venta de la divisi\u00f3n Vaio PC<\/a>  y la separaci\u00f3n de su negocio de televisores para proteger a la compa\u00f1\u00eda de m\u00e1s p\u00e9rdidas.<\/p>\n<p><!-- middle1 --><\/p>\n<p><!-- middle1 --><\/p>\n<p>Como recompensa por estas medidas, Sony cuadruplic\u00f3 sus ganancias en los tres meses que finalizaron en septiembre, su mejor tercer trimestre en la historia, gracias a la demanda robusta de<br \/>\n<a class=\"link\" href=\"https:\/\/www.lanacion.com.ar\/1712653-sony-busca-desarrollar-camaras-que-saquen-mejores-selfies\">sensores de imagen<\/a>, ya que los fabricantes de tel\u00e9fonos avanzados est\u00e1n adoptando cada vez m\u00e1s las c\u00e1maras de doble lente, adem\u00e1s de fuertes ventas de videojuegos para la consola<br \/>\n<!-- TODO : Revisar HTML LN9 --><br \/>\n<a href=\"http:\/\/www.lanacion.com.ar\/playstation-4-t49097\" data-event=\"contentLinkClick\"><br \/>\nPlayStation 4<br \/>\n<\/a> .<\/p>\n<figure class=\"L epigrafe\" id=\"figure_2623775\" data-is=\"imagen\"><span title=\"Ampliar imagen\" class=\"icon-ampliar\"><\/span><br \/>\n                        <span title=\"Cerrar modal\" class=\"icon-cerrar\"><\/span><\/p>\n<p>                            <img decoding=\"async\" src=\"http:\/\/bucket2.glanacion.com\/anexos\/fotos\/75\/2623775w740.jpg\" alt=\"Bajo el mando de Hirai, Sony estructur\u00f3 junto a Yoshida la venta de la unidad de computadoras Vaio y la separaci\u00f3n de la unidad de televisores para reducir las p\u00e9rdidas\"><figcaption><epigrafe>Bajo el mando de Hirai, Sony estructur\u00f3 junto a Yoshida la venta de la unidad de computadoras Vaio y la separaci\u00f3n de la unidad de televisores para reducir las p\u00e9rdidas<\/epigrafe><span class=\"fuente\"> Fuente: AFP<\/span><br \/>\n                        <\/figcaption><\/figure>\n<p><!-- middle1 --><\/p>\n<p>La compa\u00f1\u00eda japonesa tambi\u00e9n est\u00e1 en v\u00edas de registrar sus utilidades anuales m\u00e1s elevadas en los 72 a\u00f1os desde que fue creada, ya que la m\u00e1s reciente estimaci\u00f3n apunta a una ganancia de 720.000 millones de yenes (6.600 millones de d\u00f3lares) en el a\u00f1o hasta marzo, frente a la previsi\u00f3n anterior de 630.000 millones de yenes, que tambi\u00e9n habr\u00eda marcado un r\u00e9cord.<\/p>\n<p><!-- middle1 --><\/p>\n<p>El pr\u00f3ximo desaf\u00edo de Yoshida ser\u00e1 asegurarse de que Sony mantenga el impulso incluso despu\u00e9s del impacto de la reestructuraci\u00f3n y que la demanda por sensores de imagen se agote, dijeron analistas.<\/p>\n<p>\u00abLa parte en la que \u00e9l no ha sido puesto a prueba, y donde realmente tendremos que ver qu\u00e9 pasa, es si puede o no inspirar el aspecto creativo de Sony\u00bb, dijo Damian Thong, analista de la firma consultora Macquarie.<\/p>\n<p><!-- middle1 --><\/p>\n<p>Las acciones de Sony registraron en enero su mayor alza en una d\u00e9cada y cerraron el viernes con avance de 2 por ciento en la bolsa de Tokio tras el anuncio de la salida de su presidente ejecutivo.<\/p>\n<p>Agencia Reuters<\/p>\n<p>                <!-- firma autor --><\/p>\n<p>                <!-- temas --><\/p>\n<div class=\"temas\">\n<h4>temas <b>en esta nota<\/b><\/h4>\n<p> <!-- ***NUEVO*** - caja like --><\/p>\n<p>\n    <span class=\"texto-like\"> \u00bfTe gust\u00f3 <b>esta nota?<\/b><\/span><br \/>\n    <span class=\"icon-me-gusta\"> <\/span>\n<\/p>\n<\/p><\/div>\n<\/p><\/div>\n<\/div>\n","protected":false},"excerpt":{"rendered":"<p>Kazuo Hirai, a la izquierda, saluda a Kenichiro Yoshida, director financiero y ahora CEO de Sony Fuente: AFP Sony anunci\u00f3 el viernes que su presidente ejecutivo Kazuo Hirai dejar\u00e1 el cargo y ser\u00e1 reemplazado por su jefe financiero Kenichiro Yoshida, al tiempo que proyect\u00f3 una ganancia anualizada r\u00e9cord que refleja la recuperaci\u00f3n que ambos directivos [&hellip;]<\/p>\n","protected":false},"author":4,"featured_media":5108,"comment_status":"open","ping_status":"closed","sticky":false,"template":"","format":"standard","meta":{"footnotes":""},"categories":[154],"tags":[],"class_list":{"0":"post-5107","1":"post","2":"type-post","3":"status-publish","4":"format-standard","5":"has-post-thumbnail","7":"category-ciencia-y-tecnologia"},"yoast_head":"<!-- This site is optimized with the Yoast SEO plugin v27.4 - https:\/\/yoast.com\/product\/yoast-seo-wordpress\/ -->\n<title>Sony se renueva con Kenichiro Yoshida, su nuevo CEO - El Diario de Tucuman<\/title>\n<meta name=\"robots\" content=\"index, follow, max-snippet:-1, max-image-preview:large, max-video-preview:-1\" \/>\n<link rel=\"canonical\" href=\"https:\/\/www.eldiariodetucuman.com\/web\/sony-se-renueva-con-kenichiro-yoshida-su-nuevo-ceo\/\" \/>\n<meta property=\"og:locale\" content=\"es_ES\" \/>\n<meta property=\"og:type\" content=\"article\" \/>\n<meta property=\"og:title\" content=\"Sony se renueva con Kenichiro Yoshida, su nuevo CEO - El Diario de Tucuman\" \/>\n<meta property=\"og:description\" content=\"Kazuo Hirai, a la izquierda, saluda a Kenichiro Yoshida, director financiero y ahora CEO de Sony Fuente: AFP Sony anunci\u00f3 el viernes que su presidente ejecutivo Kazuo Hirai dejar\u00e1 el cargo y ser\u00e1 reemplazado por su jefe financiero Kenichiro Yoshida, al tiempo que proyect\u00f3 una ganancia anualizada r\u00e9cord que refleja la recuperaci\u00f3n que ambos directivos [&hellip;]\" \/>\n<meta property=\"og:url\" content=\"https:\/\/www.eldiariodetucuman.com\/web\/sony-se-renueva-con-kenichiro-yoshida-su-nuevo-ceo\/\" \/>\n<meta property=\"og:site_name\" content=\"El Diario de Tucuman\" \/>\n<meta property=\"article:published_time\" content=\"2018-02-02T15:55:46+00:00\" \/>\n<meta property=\"og:image\" content=\"https:\/\/www.eldiariodetucuman.com\/web\/wp-content\/uploads\/2018\/02\/354cb11adc68174987d8003c5f1d1a6b.jpeg\" \/>\n\t<meta property=\"og:image:width\" content=\"1032\" \/>\n\t<meta property=\"og:image:height\" content=\"688\" \/>\n\t<meta property=\"og:image:type\" content=\"image\/jpeg\" \/>\n<meta name=\"author\" content=\"eldiario detucuman\" \/>\n<meta name=\"twitter:card\" content=\"summary_large_image\" \/>\n<meta name=\"twitter:label1\" content=\"Escrito por\" \/>\n\t<meta name=\"twitter:data1\" content=\"eldiario detucuman\" \/>\n\t<meta name=\"twitter:label2\" content=\"Tiempo de lectura\" \/>\n\t<meta name=\"twitter:data2\" content=\"3 minutos\" \/>\n<script type=\"application\/ld+json\" class=\"yoast-schema-graph\">{\"@context\":\"https:\\\/\\\/schema.org\",\"@graph\":[{\"@type\":\"Article\",\"@id\":\"https:\\\/\\\/www.eldiariodetucuman.com\\\/web\\\/sony-se-renueva-con-kenichiro-yoshida-su-nuevo-ceo\\\/#article\",\"isPartOf\":{\"@id\":\"https:\\\/\\\/www.eldiariodetucuman.com\\\/web\\\/sony-se-renueva-con-kenichiro-yoshida-su-nuevo-ceo\\\/\"},\"author\":{\"name\":\"eldiario detucuman\",\"@id\":\"https:\\\/\\\/www.eldiariodetucuman.com\\\/web\\\/#\\\/schema\\\/person\\\/6f95946e54fde848b878ffa4928071d5\"},\"headline\":\"Sony se renueva con Kenichiro Yoshida, su nuevo CEO\",\"datePublished\":\"2018-02-02T15:55:46+00:00\",\"mainEntityOfPage\":{\"@id\":\"https:\\\/\\\/www.eldiariodetucuman.com\\\/web\\\/sony-se-renueva-con-kenichiro-yoshida-su-nuevo-ceo\\\/\"},\"wordCount\":528,\"commentCount\":0,\"publisher\":{\"@id\":\"https:\\\/\\\/www.eldiariodetucuman.com\\\/web\\\/#organization\"},\"image\":{\"@id\":\"https:\\\/\\\/www.eldiariodetucuman.com\\\/web\\\/sony-se-renueva-con-kenichiro-yoshida-su-nuevo-ceo\\\/#primaryimage\"},\"thumbnailUrl\":\"https:\\\/\\\/www.eldiariodetucuman.com\\\/web\\\/wp-content\\\/uploads\\\/2018\\\/02\\\/354cb11adc68174987d8003c5f1d1a6b.jpeg\",\"articleSection\":[\"ciencia y tecnologia\"],\"inLanguage\":\"es\",\"potentialAction\":[{\"@type\":\"CommentAction\",\"name\":\"Comment\",\"target\":[\"https:\\\/\\\/www.eldiariodetucuman.com\\\/web\\\/sony-se-renueva-con-kenichiro-yoshida-su-nuevo-ceo\\\/#respond\"]}]},{\"@type\":\"WebPage\",\"@id\":\"https:\\\/\\\/www.eldiariodetucuman.com\\\/web\\\/sony-se-renueva-con-kenichiro-yoshida-su-nuevo-ceo\\\/\",\"url\":\"https:\\\/\\\/www.eldiariodetucuman.com\\\/web\\\/sony-se-renueva-con-kenichiro-yoshida-su-nuevo-ceo\\\/\",\"name\":\"Sony se renueva con Kenichiro Yoshida, su nuevo CEO - El Diario de Tucuman\",\"isPartOf\":{\"@id\":\"https:\\\/\\\/www.eldiariodetucuman.com\\\/web\\\/#website\"},\"primaryImageOfPage\":{\"@id\":\"https:\\\/\\\/www.eldiariodetucuman.com\\\/web\\\/sony-se-renueva-con-kenichiro-yoshida-su-nuevo-ceo\\\/#primaryimage\"},\"image\":{\"@id\":\"https:\\\/\\\/www.eldiariodetucuman.com\\\/web\\\/sony-se-renueva-con-kenichiro-yoshida-su-nuevo-ceo\\\/#primaryimage\"},\"thumbnailUrl\":\"https:\\\/\\\/www.eldiariodetucuman.com\\\/web\\\/wp-content\\\/uploads\\\/2018\\\/02\\\/354cb11adc68174987d8003c5f1d1a6b.jpeg\",\"datePublished\":\"2018-02-02T15:55:46+00:00\",\"breadcrumb\":{\"@id\":\"https:\\\/\\\/www.eldiariodetucuman.com\\\/web\\\/sony-se-renueva-con-kenichiro-yoshida-su-nuevo-ceo\\\/#breadcrumb\"},\"inLanguage\":\"es\",\"potentialAction\":[{\"@type\":\"ReadAction\",\"target\":[\"https:\\\/\\\/www.eldiariodetucuman.com\\\/web\\\/sony-se-renueva-con-kenichiro-yoshida-su-nuevo-ceo\\\/\"]}]},{\"@type\":\"ImageObject\",\"inLanguage\":\"es\",\"@id\":\"https:\\\/\\\/www.eldiariodetucuman.com\\\/web\\\/sony-se-renueva-con-kenichiro-yoshida-su-nuevo-ceo\\\/#primaryimage\",\"url\":\"https:\\\/\\\/www.eldiariodetucuman.com\\\/web\\\/wp-content\\\/uploads\\\/2018\\\/02\\\/354cb11adc68174987d8003c5f1d1a6b.jpeg\",\"contentUrl\":\"https:\\\/\\\/www.eldiariodetucuman.com\\\/web\\\/wp-content\\\/uploads\\\/2018\\\/02\\\/354cb11adc68174987d8003c5f1d1a6b.jpeg\",\"width\":1032,\"height\":688},{\"@type\":\"BreadcrumbList\",\"@id\":\"https:\\\/\\\/www.eldiariodetucuman.com\\\/web\\\/sony-se-renueva-con-kenichiro-yoshida-su-nuevo-ceo\\\/#breadcrumb\",\"itemListElement\":[{\"@type\":\"ListItem\",\"position\":1,\"name\":\"Portada\",\"item\":\"https:\\\/\\\/www.eldiariodetucuman.com\\\/web\\\/\"},{\"@type\":\"ListItem\",\"position\":2,\"name\":\"Sony se renueva con Kenichiro Yoshida, su nuevo CEO\"}]},{\"@type\":\"WebSite\",\"@id\":\"https:\\\/\\\/www.eldiariodetucuman.com\\\/web\\\/#website\",\"url\":\"https:\\\/\\\/www.eldiariodetucuman.com\\\/web\\\/\",\"name\":\"El Diario de Tucuman\",\"description\":\"Diario Tucuman - Informaci\u00f3n y noticias\",\"publisher\":{\"@id\":\"https:\\\/\\\/www.eldiariodetucuman.com\\\/web\\\/#organization\"},\"potentialAction\":[{\"@type\":\"SearchAction\",\"target\":{\"@type\":\"EntryPoint\",\"urlTemplate\":\"https:\\\/\\\/www.eldiariodetucuman.com\\\/web\\\/?s={search_term_string}\"},\"query-input\":{\"@type\":\"PropertyValueSpecification\",\"valueRequired\":true,\"valueName\":\"search_term_string\"}}],\"inLanguage\":\"es\"},{\"@type\":\"Organization\",\"@id\":\"https:\\\/\\\/www.eldiariodetucuman.com\\\/web\\\/#organization\",\"name\":\"El Diario de Tucuman\",\"url\":\"https:\\\/\\\/www.eldiariodetucuman.com\\\/web\\\/\",\"logo\":{\"@type\":\"ImageObject\",\"inLanguage\":\"es\",\"@id\":\"https:\\\/\\\/www.eldiariodetucuman.com\\\/web\\\/#\\\/schema\\\/logo\\\/image\\\/\",\"url\":\"http:\\\/\\\/www.eldiariodetucuman.com\\\/web\\\/wp-content\\\/uploads\\\/2017\\\/12\\\/el-diario-de-tucuman.jpg\",\"contentUrl\":\"http:\\\/\\\/www.eldiariodetucuman.com\\\/web\\\/wp-content\\\/uploads\\\/2017\\\/12\\\/el-diario-de-tucuman.jpg\",\"width\":272,\"height\":92,\"caption\":\"El Diario de Tucuman\"},\"image\":{\"@id\":\"https:\\\/\\\/www.eldiariodetucuman.com\\\/web\\\/#\\\/schema\\\/logo\\\/image\\\/\"}},{\"@type\":\"Person\",\"@id\":\"https:\\\/\\\/www.eldiariodetucuman.com\\\/web\\\/#\\\/schema\\\/person\\\/6f95946e54fde848b878ffa4928071d5\",\"name\":\"eldiario detucuman\",\"image\":{\"@type\":\"ImageObject\",\"inLanguage\":\"es\",\"@id\":\"https:\\\/\\\/secure.gravatar.com\\\/avatar\\\/b6e1f89c5c4044c4962c8e6c20b1ca2cc99f549c965908afd4ec5308b3f51bfe?s=96&d=mm&r=g\",\"url\":\"https:\\\/\\\/secure.gravatar.com\\\/avatar\\\/b6e1f89c5c4044c4962c8e6c20b1ca2cc99f549c965908afd4ec5308b3f51bfe?s=96&d=mm&r=g\",\"contentUrl\":\"https:\\\/\\\/secure.gravatar.com\\\/avatar\\\/b6e1f89c5c4044c4962c8e6c20b1ca2cc99f549c965908afd4ec5308b3f51bfe?s=96&d=mm&r=g\",\"caption\":\"eldiario detucuman\"},\"url\":\"https:\\\/\\\/www.eldiariodetucuman.com\\\/web\\\/author\\\/eldiariodetucuman\\\/\"}]}<\/script>\n<!-- \/ Yoast SEO plugin. -->","yoast_head_json":{"title":"Sony se renueva con Kenichiro Yoshida, su nuevo CEO - El Diario de Tucuman","robots":{"index":"index","follow":"follow","max-snippet":"max-snippet:-1","max-image-preview":"max-image-preview:large","max-video-preview":"max-video-preview:-1"},"canonical":"https:\/\/www.eldiariodetucuman.com\/web\/sony-se-renueva-con-kenichiro-yoshida-su-nuevo-ceo\/","og_locale":"es_ES","og_type":"article","og_title":"Sony se renueva con Kenichiro Yoshida, su nuevo CEO - El Diario de Tucuman","og_description":"Kazuo Hirai, a la izquierda, saluda a Kenichiro Yoshida, director financiero y ahora CEO de Sony Fuente: AFP Sony anunci\u00f3 el viernes que su presidente ejecutivo Kazuo Hirai dejar\u00e1 el cargo y ser\u00e1 reemplazado por su jefe financiero Kenichiro Yoshida, al tiempo que proyect\u00f3 una ganancia anualizada r\u00e9cord que refleja la recuperaci\u00f3n que ambos directivos [&hellip;]","og_url":"https:\/\/www.eldiariodetucuman.com\/web\/sony-se-renueva-con-kenichiro-yoshida-su-nuevo-ceo\/","og_site_name":"El Diario de Tucuman","article_published_time":"2018-02-02T15:55:46+00:00","og_image":[{"width":1032,"height":688,"url":"https:\/\/www.eldiariodetucuman.com\/web\/wp-content\/uploads\/2018\/02\/354cb11adc68174987d8003c5f1d1a6b.jpeg","type":"image\/jpeg"}],"author":"eldiario detucuman","twitter_card":"summary_large_image","twitter_misc":{"Escrito por":"eldiario detucuman","Tiempo de lectura":"3 minutos"},"schema":{"@context":"https:\/\/schema.org","@graph":[{"@type":"Article","@id":"https:\/\/www.eldiariodetucuman.com\/web\/sony-se-renueva-con-kenichiro-yoshida-su-nuevo-ceo\/#article","isPartOf":{"@id":"https:\/\/www.eldiariodetucuman.com\/web\/sony-se-renueva-con-kenichiro-yoshida-su-nuevo-ceo\/"},"author":{"name":"eldiario detucuman","@id":"https:\/\/www.eldiariodetucuman.com\/web\/#\/schema\/person\/6f95946e54fde848b878ffa4928071d5"},"headline":"Sony se renueva con Kenichiro Yoshida, su nuevo CEO","datePublished":"2018-02-02T15:55:46+00:00","mainEntityOfPage":{"@id":"https:\/\/www.eldiariodetucuman.com\/web\/sony-se-renueva-con-kenichiro-yoshida-su-nuevo-ceo\/"},"wordCount":528,"commentCount":0,"publisher":{"@id":"https:\/\/www.eldiariodetucuman.com\/web\/#organization"},"image":{"@id":"https:\/\/www.eldiariodetucuman.com\/web\/sony-se-renueva-con-kenichiro-yoshida-su-nuevo-ceo\/#primaryimage"},"thumbnailUrl":"https:\/\/www.eldiariodetucuman.com\/web\/wp-content\/uploads\/2018\/02\/354cb11adc68174987d8003c5f1d1a6b.jpeg","articleSection":["ciencia y tecnologia"],"inLanguage":"es","potentialAction":[{"@type":"CommentAction","name":"Comment","target":["https:\/\/www.eldiariodetucuman.com\/web\/sony-se-renueva-con-kenichiro-yoshida-su-nuevo-ceo\/#respond"]}]},{"@type":"WebPage","@id":"https:\/\/www.eldiariodetucuman.com\/web\/sony-se-renueva-con-kenichiro-yoshida-su-nuevo-ceo\/","url":"https:\/\/www.eldiariodetucuman.com\/web\/sony-se-renueva-con-kenichiro-yoshida-su-nuevo-ceo\/","name":"Sony se renueva con Kenichiro Yoshida, su nuevo CEO - El Diario de Tucuman","isPartOf":{"@id":"https:\/\/www.eldiariodetucuman.com\/web\/#website"},"primaryImageOfPage":{"@id":"https:\/\/www.eldiariodetucuman.com\/web\/sony-se-renueva-con-kenichiro-yoshida-su-nuevo-ceo\/#primaryimage"},"image":{"@id":"https:\/\/www.eldiariodetucuman.com\/web\/sony-se-renueva-con-kenichiro-yoshida-su-nuevo-ceo\/#primaryimage"},"thumbnailUrl":"https:\/\/www.eldiariodetucuman.com\/web\/wp-content\/uploads\/2018\/02\/354cb11adc68174987d8003c5f1d1a6b.jpeg","datePublished":"2018-02-02T15:55:46+00:00","breadcrumb":{"@id":"https:\/\/www.eldiariodetucuman.com\/web\/sony-se-renueva-con-kenichiro-yoshida-su-nuevo-ceo\/#breadcrumb"},"inLanguage":"es","potentialAction":[{"@type":"ReadAction","target":["https:\/\/www.eldiariodetucuman.com\/web\/sony-se-renueva-con-kenichiro-yoshida-su-nuevo-ceo\/"]}]},{"@type":"ImageObject","inLanguage":"es","@id":"https:\/\/www.eldiariodetucuman.com\/web\/sony-se-renueva-con-kenichiro-yoshida-su-nuevo-ceo\/#primaryimage","url":"https:\/\/www.eldiariodetucuman.com\/web\/wp-content\/uploads\/2018\/02\/354cb11adc68174987d8003c5f1d1a6b.jpeg","contentUrl":"https:\/\/www.eldiariodetucuman.com\/web\/wp-content\/uploads\/2018\/02\/354cb11adc68174987d8003c5f1d1a6b.jpeg","width":1032,"height":688},{"@type":"BreadcrumbList","@id":"https:\/\/www.eldiariodetucuman.com\/web\/sony-se-renueva-con-kenichiro-yoshida-su-nuevo-ceo\/#breadcrumb","itemListElement":[{"@type":"ListItem","position":1,"name":"Portada","item":"https:\/\/www.eldiariodetucuman.com\/web\/"},{"@type":"ListItem","position":2,"name":"Sony se renueva con Kenichiro Yoshida, su nuevo CEO"}]},{"@type":"WebSite","@id":"https:\/\/www.eldiariodetucuman.com\/web\/#website","url":"https:\/\/www.eldiariodetucuman.com\/web\/","name":"El Diario de Tucuman","description":"Diario Tucuman - Informaci\u00f3n y noticias","publisher":{"@id":"https:\/\/www.eldiariodetucuman.com\/web\/#organization"},"potentialAction":[{"@type":"SearchAction","target":{"@type":"EntryPoint","urlTemplate":"https:\/\/www.eldiariodetucuman.com\/web\/?s={search_term_string}"},"query-input":{"@type":"PropertyValueSpecification","valueRequired":true,"valueName":"search_term_string"}}],"inLanguage":"es"},{"@type":"Organization","@id":"https:\/\/www.eldiariodetucuman.com\/web\/#organization","name":"El Diario de Tucuman","url":"https:\/\/www.eldiariodetucuman.com\/web\/","logo":{"@type":"ImageObject","inLanguage":"es","@id":"https:\/\/www.eldiariodetucuman.com\/web\/#\/schema\/logo\/image\/","url":"http:\/\/www.eldiariodetucuman.com\/web\/wp-content\/uploads\/2017\/12\/el-diario-de-tucuman.jpg","contentUrl":"http:\/\/www.eldiariodetucuman.com\/web\/wp-content\/uploads\/2017\/12\/el-diario-de-tucuman.jpg","width":272,"height":92,"caption":"El Diario de Tucuman"},"image":{"@id":"https:\/\/www.eldiariodetucuman.com\/web\/#\/schema\/logo\/image\/"}},{"@type":"Person","@id":"https:\/\/www.eldiariodetucuman.com\/web\/#\/schema\/person\/6f95946e54fde848b878ffa4928071d5","name":"eldiario detucuman","image":{"@type":"ImageObject","inLanguage":"es","@id":"https:\/\/secure.gravatar.com\/avatar\/b6e1f89c5c4044c4962c8e6c20b1ca2cc99f549c965908afd4ec5308b3f51bfe?s=96&d=mm&r=g","url":"https:\/\/secure.gravatar.com\/avatar\/b6e1f89c5c4044c4962c8e6c20b1ca2cc99f549c965908afd4ec5308b3f51bfe?s=96&d=mm&r=g","contentUrl":"https:\/\/secure.gravatar.com\/avatar\/b6e1f89c5c4044c4962c8e6c20b1ca2cc99f549c965908afd4ec5308b3f51bfe?s=96&d=mm&r=g","caption":"eldiario detucuman"},"url":"https:\/\/www.eldiariodetucuman.com\/web\/author\/eldiariodetucuman\/"}]}},"_links":{"self":[{"href":"https:\/\/www.eldiariodetucuman.com\/web\/wp-json\/wp\/v2\/posts\/5107","targetHints":{"allow":["GET"]}}],"collection":[{"href":"https:\/\/www.eldiariodetucuman.com\/web\/wp-json\/wp\/v2\/posts"}],"about":[{"href":"https:\/\/www.eldiariodetucuman.com\/web\/wp-json\/wp\/v2\/types\/post"}],"author":[{"embeddable":true,"href":"https:\/\/www.eldiariodetucuman.com\/web\/wp-json\/wp\/v2\/users\/4"}],"replies":[{"embeddable":true,"href":"https:\/\/www.eldiariodetucuman.com\/web\/wp-json\/wp\/v2\/comments?post=5107"}],"version-history":[{"count":0,"href":"https:\/\/www.eldiariodetucuman.com\/web\/wp-json\/wp\/v2\/posts\/5107\/revisions"}],"wp:featuredmedia":[{"embeddable":true,"href":"https:\/\/www.eldiariodetucuman.com\/web\/wp-json\/wp\/v2\/media\/5108"}],"wp:attachment":[{"href":"https:\/\/www.eldiariodetucuman.com\/web\/wp-json\/wp\/v2\/media?parent=5107"}],"wp:term":[{"taxonomy":"category","embeddable":true,"href":"https:\/\/www.eldiariodetucuman.com\/web\/wp-json\/wp\/v2\/categories?post=5107"},{"taxonomy":"post_tag","embeddable":true,"href":"https:\/\/www.eldiariodetucuman.com\/web\/wp-json\/wp\/v2\/tags?post=5107"}],"curies":[{"name":"wp","href":"https:\/\/api.w.org\/{rel}","templated":true}]}}