{"id":5104,"date":"2018-02-02T12:51:59","date_gmt":"2018-02-02T15:51:59","guid":{"rendered":"http:\/\/www.eldiariodetucuman.com\/web\/?p=5104"},"modified":"2018-02-02T12:51:59","modified_gmt":"2018-02-02T15:51:59","slug":"5104-2","status":"publish","type":"post","link":"https:\/\/www.eldiariodetucuman.com\/web\/5104-2\/","title":{"rendered":"Actividades para conmemorar el D\u00eda Mundial contra el C\u00e1ncer"},"content":{"rendered":"<div class=\"feature-img\">Con motivo de conmemorarse este d\u00eda, que se recuerda cada a\u00f1o el 4 de febrero, en el horario de 9 a 12 horas se realizar\u00e1 en el Hospital Centro de Salud actividades que contar\u00e1n con stand de prevenci\u00f3n e informaci\u00f3n acerca de las actividades que se desarrollan en la instituci\u00f3n.<\/div>\n<p><!--more--><\/p>\n<div class=\"entry-content\">\n<p class=\"selectionShareable\">Organizado por la Unidad de Humanizaci\u00f3n y el Servicio de Oncolog\u00eda del hospital Centro de Salud Zen\u00f3n J. Santill\u00e1n, habr\u00e1 tambi\u00e9n un acto conmemorativo.<\/p>\n<p class=\"selectionShareable\">\u201cEl objetivo principal de esta actividad es saber que todos trabajamos sobre la tem\u00e1tica de pacientes con c\u00e1ncer, con el misma lema que utilizamos a\u00f1os anteriores: \u00b4Vos podes, nosotros podemos\u00b4. Fomentamos las actividades que tengan que ver con la prevenci\u00f3n y evitar que la enfermedad aparezca. Tambi\u00e9n llevando la buena notica que una persona con c\u00e1ncer puede curarse\u201d, explic\u00f3 la jefa de la Unidad de Humanizaci\u00f3n,\u00a0<strong>Mar\u00eda Alejandra Acosta<\/strong>.<\/p>\n<p class=\"selectionShareable\"><strong>Cronograma de actividades<\/strong><\/p>\n<p class=\"selectionShareable\"><strong>De 9 a 10:30 horas:<\/strong>\u00a0presentaci\u00f3n en los stands de Fundaci\u00f3n ALCEC, Ascenso por la Vida y payaterapeutas sobre las actividades que realizan en la Instituci\u00f3n y sus servicios.<\/p>\n<p class=\"selectionShareable\"><strong>De 10:30 a 11:10 horas:<\/strong>\u00a0palabras alusivas a cargo del jefe del Servicio de Oncolog\u00eda, doctor Zarba, un enfermero designado por la jefa del Servicio, un integrante de Fundaci\u00f3n ALCEC y otro de Ascenso por la Vida.<\/p>\n<p class=\"selectionShareable\"><strong>De 11:10 a 11:20 horas:<\/strong>\u00a0bendici\u00f3n del Capell\u00e1n, padre Berengel.<\/p>\n<p class=\"selectionShareable\"><strong>De 11:20 a 11:25 horas:<\/strong>\u00a0los payaterapeutas y los enfermeros de Oncolog\u00eda entregar\u00e1n globos a los presentes con mensajes motivacionales para ser soltados al finalizar el evento.<\/p>\n<p class=\"selectionShareable\"><strong>De 11:25 a 11:50 horas:<\/strong>\u00a0\u2018Caminata por la Salud y la Vida\u2019 alrededor del Hospital.<\/p>\n<p class=\"selectionShareable\"><strong>De 11:50 a 12 horas:<\/strong>\u00a0suelta de globos y despedida.<\/p>\n<\/div>\n","protected":false},"excerpt":{"rendered":"<p>Con motivo de conmemorarse este d\u00eda, que se recuerda cada a\u00f1o el 4 de febrero, en el horario de 9 a 12 horas se realizar\u00e1 en el Hospital Centro de Salud actividades que contar\u00e1n con stand de prevenci\u00f3n e informaci\u00f3n acerca de las actividades que se desarrollan en la instituci\u00f3n.<\/p>\n","protected":false},"author":5,"featured_media":5105,"comment_status":"closed","ping_status":"open","sticky":false,"template":"","format":"standard","meta":{"footnotes":""},"categories":[578],"tags":[134,79,61],"class_list":{"0":"post-5104","1":"post","2":"type-post","3":"status-publish","4":"format-standard","5":"has-post-thumbnail","7":"category-salud","8":"tag-argentina","9":"tag-salud","10":"tag-tucuman"},"yoast_head":"<!-- This site is optimized with the Yoast SEO plugin v27.4 - https:\/\/yoast.com\/product\/yoast-seo-wordpress\/ -->\n<title>Actividades para conmemorar el D\u00eda Mundial contra el C\u00e1ncer<\/title>\n<meta name=\"description\" content=\"Con motivo de conmemorarse este d\u00eda, que se recuerda cada a\u00f1o el 4 de febrero, en el horario de 9 a 12 horas se realizar\u00e1 en el Hospital Centro de Salud actividades que contar\u00e1n con stand de prevenci\u00f3n e informaci\u00f3n acerca de las actividades que se desarrollan en la instituci\u00f3n.\" \/>\n<meta name=\"robots\" content=\"index, follow, max-snippet:-1, max-image-preview:large, max-video-preview:-1\" \/>\n<link rel=\"canonical\" href=\"https:\/\/www.eldiariodetucuman.com\/web\/5104-2\/\" \/>\n<meta property=\"og:locale\" content=\"es_ES\" \/>\n<meta property=\"og:type\" content=\"article\" \/>\n<meta property=\"og:title\" content=\"Actividades para conmemorar el D\u00eda Mundial contra el C\u00e1ncer\" \/>\n<meta property=\"og:description\" content=\"Con motivo de conmemorarse este d\u00eda, que se recuerda cada a\u00f1o el 4 de febrero, en el horario de 9 a 12 horas se realizar\u00e1 en el Hospital Centro de Salud actividades que contar\u00e1n con stand de prevenci\u00f3n e informaci\u00f3n acerca de las actividades que se desarrollan en la instituci\u00f3n.\" \/>\n<meta property=\"og:url\" content=\"https:\/\/www.eldiariodetucuman.com\/web\/5104-2\/\" \/>\n<meta property=\"og:site_name\" content=\"El Diario de Tucuman\" \/>\n<meta property=\"article:published_time\" content=\"2018-02-02T15:51:59+00:00\" \/>\n<meta property=\"og:image\" content=\"https:\/\/www.eldiariodetucuman.com\/web\/wp-content\/uploads\/2018\/02\/contralelcancer.jpg\" \/>\n\t<meta property=\"og:image:width\" content=\"770\" \/>\n\t<meta property=\"og:image:height\" content=\"470\" \/>\n\t<meta property=\"og:image:type\" content=\"image\/jpeg\" \/>\n<meta name=\"author\" content=\"Redactor Uno\" \/>\n<meta name=\"twitter:card\" content=\"summary_large_image\" \/>\n<meta name=\"twitter:label1\" content=\"Escrito por\" \/>\n\t<meta name=\"twitter:data1\" content=\"Redactor Uno\" \/>\n\t<meta name=\"twitter:label2\" content=\"Tiempo de lectura\" \/>\n\t<meta name=\"twitter:data2\" content=\"1 minuto\" \/>\n<script type=\"application\/ld+json\" class=\"yoast-schema-graph\">{\"@context\":\"https:\\\/\\\/schema.org\",\"@graph\":[{\"@type\":\"Article\",\"@id\":\"https:\\\/\\\/www.eldiariodetucuman.com\\\/web\\\/5104-2\\\/#article\",\"isPartOf\":{\"@id\":\"https:\\\/\\\/www.eldiariodetucuman.com\\\/web\\\/5104-2\\\/\"},\"author\":{\"name\":\"Redactor Uno\",\"@id\":\"https:\\\/\\\/www.eldiariodetucuman.com\\\/web\\\/#\\\/schema\\\/person\\\/7e6644a46e60888f6b868594407e08dd\"},\"headline\":\"Actividades para conmemorar el D\u00eda Mundial contra el C\u00e1ncer\",\"datePublished\":\"2018-02-02T15:51:59+00:00\",\"mainEntityOfPage\":{\"@id\":\"https:\\\/\\\/www.eldiariodetucuman.com\\\/web\\\/5104-2\\\/\"},\"wordCount\":298,\"publisher\":{\"@id\":\"https:\\\/\\\/www.eldiariodetucuman.com\\\/web\\\/#organization\"},\"image\":{\"@id\":\"https:\\\/\\\/www.eldiariodetucuman.com\\\/web\\\/5104-2\\\/#primaryimage\"},\"thumbnailUrl\":\"https:\\\/\\\/www.eldiariodetucuman.com\\\/web\\\/wp-content\\\/uploads\\\/2018\\\/02\\\/contralelcancer.jpg\",\"keywords\":[\"Argentina\",\"salud\",\"Tucuman\"],\"articleSection\":[\"Salud\"],\"inLanguage\":\"es\"},{\"@type\":\"WebPage\",\"@id\":\"https:\\\/\\\/www.eldiariodetucuman.com\\\/web\\\/5104-2\\\/\",\"url\":\"https:\\\/\\\/www.eldiariodetucuman.com\\\/web\\\/5104-2\\\/\",\"name\":\"Actividades para conmemorar el D\u00eda Mundial contra el C\u00e1ncer\",\"isPartOf\":{\"@id\":\"https:\\\/\\\/www.eldiariodetucuman.com\\\/web\\\/#website\"},\"primaryImageOfPage\":{\"@id\":\"https:\\\/\\\/www.eldiariodetucuman.com\\\/web\\\/5104-2\\\/#primaryimage\"},\"image\":{\"@id\":\"https:\\\/\\\/www.eldiariodetucuman.com\\\/web\\\/5104-2\\\/#primaryimage\"},\"thumbnailUrl\":\"https:\\\/\\\/www.eldiariodetucuman.com\\\/web\\\/wp-content\\\/uploads\\\/2018\\\/02\\\/contralelcancer.jpg\",\"datePublished\":\"2018-02-02T15:51:59+00:00\",\"description\":\"Con motivo de conmemorarse este d\u00eda, que se recuerda cada a\u00f1o el 4 de febrero, en el horario de 9 a 12 horas se realizar\u00e1 en el Hospital Centro de Salud actividades que contar\u00e1n con stand de prevenci\u00f3n e informaci\u00f3n acerca de las actividades que se desarrollan en la instituci\u00f3n.\",\"breadcrumb\":{\"@id\":\"https:\\\/\\\/www.eldiariodetucuman.com\\\/web\\\/5104-2\\\/#breadcrumb\"},\"inLanguage\":\"es\",\"potentialAction\":[{\"@type\":\"ReadAction\",\"target\":[\"https:\\\/\\\/www.eldiariodetucuman.com\\\/web\\\/5104-2\\\/\"]}]},{\"@type\":\"ImageObject\",\"inLanguage\":\"es\",\"@id\":\"https:\\\/\\\/www.eldiariodetucuman.com\\\/web\\\/5104-2\\\/#primaryimage\",\"url\":\"https:\\\/\\\/www.eldiariodetucuman.com\\\/web\\\/wp-content\\\/uploads\\\/2018\\\/02\\\/contralelcancer.jpg\",\"contentUrl\":\"https:\\\/\\\/www.eldiariodetucuman.com\\\/web\\\/wp-content\\\/uploads\\\/2018\\\/02\\\/contralelcancer.jpg\",\"width\":770,\"height\":470},{\"@type\":\"BreadcrumbList\",\"@id\":\"https:\\\/\\\/www.eldiariodetucuman.com\\\/web\\\/5104-2\\\/#breadcrumb\",\"itemListElement\":[{\"@type\":\"ListItem\",\"position\":1,\"name\":\"Portada\",\"item\":\"https:\\\/\\\/www.eldiariodetucuman.com\\\/web\\\/\"},{\"@type\":\"ListItem\",\"position\":2,\"name\":\"Actividades para conmemorar el D\u00eda Mundial contra el C\u00e1ncer\"}]},{\"@type\":\"WebSite\",\"@id\":\"https:\\\/\\\/www.eldiariodetucuman.com\\\/web\\\/#website\",\"url\":\"https:\\\/\\\/www.eldiariodetucuman.com\\\/web\\\/\",\"name\":\"El Diario de Tucuman\",\"description\":\"Diario Tucuman - Informaci\u00f3n y noticias\",\"publisher\":{\"@id\":\"https:\\\/\\\/www.eldiariodetucuman.com\\\/web\\\/#organization\"},\"potentialAction\":[{\"@type\":\"SearchAction\",\"target\":{\"@type\":\"EntryPoint\",\"urlTemplate\":\"https:\\\/\\\/www.eldiariodetucuman.com\\\/web\\\/?s={search_term_string}\"},\"query-input\":{\"@type\":\"PropertyValueSpecification\",\"valueRequired\":true,\"valueName\":\"search_term_string\"}}],\"inLanguage\":\"es\"},{\"@type\":\"Organization\",\"@id\":\"https:\\\/\\\/www.eldiariodetucuman.com\\\/web\\\/#organization\",\"name\":\"El Diario de Tucuman\",\"url\":\"https:\\\/\\\/www.eldiariodetucuman.com\\\/web\\\/\",\"logo\":{\"@type\":\"ImageObject\",\"inLanguage\":\"es\",\"@id\":\"https:\\\/\\\/www.eldiariodetucuman.com\\\/web\\\/#\\\/schema\\\/logo\\\/image\\\/\",\"url\":\"http:\\\/\\\/www.eldiariodetucuman.com\\\/web\\\/wp-content\\\/uploads\\\/2017\\\/12\\\/el-diario-de-tucuman.jpg\",\"contentUrl\":\"http:\\\/\\\/www.eldiariodetucuman.com\\\/web\\\/wp-content\\\/uploads\\\/2017\\\/12\\\/el-diario-de-tucuman.jpg\",\"width\":272,\"height\":92,\"caption\":\"El Diario de Tucuman\"},\"image\":{\"@id\":\"https:\\\/\\\/www.eldiariodetucuman.com\\\/web\\\/#\\\/schema\\\/logo\\\/image\\\/\"}},{\"@type\":\"Person\",\"@id\":\"https:\\\/\\\/www.eldiariodetucuman.com\\\/web\\\/#\\\/schema\\\/person\\\/7e6644a46e60888f6b868594407e08dd\",\"name\":\"Redactor Uno\",\"image\":{\"@type\":\"ImageObject\",\"inLanguage\":\"es\",\"@id\":\"https:\\\/\\\/secure.gravatar.com\\\/avatar\\\/0049b1bdf1bd548385c9ea6b9356431717930913089febd2ba904f0187d7d074?s=96&d=mm&r=g\",\"url\":\"https:\\\/\\\/secure.gravatar.com\\\/avatar\\\/0049b1bdf1bd548385c9ea6b9356431717930913089febd2ba904f0187d7d074?s=96&d=mm&r=g\",\"contentUrl\":\"https:\\\/\\\/secure.gravatar.com\\\/avatar\\\/0049b1bdf1bd548385c9ea6b9356431717930913089febd2ba904f0187d7d074?s=96&d=mm&r=g\",\"caption\":\"Redactor Uno\"},\"url\":\"https:\\\/\\\/www.eldiariodetucuman.com\\\/web\\\/author\\\/mramasco\\\/\"}]}<\/script>\n<!-- \/ Yoast SEO plugin. -->","yoast_head_json":{"title":"Actividades para conmemorar el D\u00eda Mundial contra el C\u00e1ncer","description":"Con motivo de conmemorarse este d\u00eda, que se recuerda cada a\u00f1o el 4 de febrero, en el horario de 9 a 12 horas se realizar\u00e1 en el Hospital Centro de Salud actividades que contar\u00e1n con stand de prevenci\u00f3n e informaci\u00f3n acerca de las actividades que se desarrollan en la instituci\u00f3n.","robots":{"index":"index","follow":"follow","max-snippet":"max-snippet:-1","max-image-preview":"max-image-preview:large","max-video-preview":"max-video-preview:-1"},"canonical":"https:\/\/www.eldiariodetucuman.com\/web\/5104-2\/","og_locale":"es_ES","og_type":"article","og_title":"Actividades para conmemorar el D\u00eda Mundial contra el C\u00e1ncer","og_description":"Con motivo de conmemorarse este d\u00eda, que se recuerda cada a\u00f1o el 4 de febrero, en el horario de 9 a 12 horas se realizar\u00e1 en el Hospital Centro de Salud actividades que contar\u00e1n con stand de prevenci\u00f3n e informaci\u00f3n acerca de las actividades que se desarrollan en la instituci\u00f3n.","og_url":"https:\/\/www.eldiariodetucuman.com\/web\/5104-2\/","og_site_name":"El Diario de Tucuman","article_published_time":"2018-02-02T15:51:59+00:00","og_image":[{"width":770,"height":470,"url":"https:\/\/www.eldiariodetucuman.com\/web\/wp-content\/uploads\/2018\/02\/contralelcancer.jpg","type":"image\/jpeg"}],"author":"Redactor Uno","twitter_card":"summary_large_image","twitter_misc":{"Escrito por":"Redactor Uno","Tiempo de lectura":"1 minuto"},"schema":{"@context":"https:\/\/schema.org","@graph":[{"@type":"Article","@id":"https:\/\/www.eldiariodetucuman.com\/web\/5104-2\/#article","isPartOf":{"@id":"https:\/\/www.eldiariodetucuman.com\/web\/5104-2\/"},"author":{"name":"Redactor Uno","@id":"https:\/\/www.eldiariodetucuman.com\/web\/#\/schema\/person\/7e6644a46e60888f6b868594407e08dd"},"headline":"Actividades para conmemorar el D\u00eda Mundial contra el C\u00e1ncer","datePublished":"2018-02-02T15:51:59+00:00","mainEntityOfPage":{"@id":"https:\/\/www.eldiariodetucuman.com\/web\/5104-2\/"},"wordCount":298,"publisher":{"@id":"https:\/\/www.eldiariodetucuman.com\/web\/#organization"},"image":{"@id":"https:\/\/www.eldiariodetucuman.com\/web\/5104-2\/#primaryimage"},"thumbnailUrl":"https:\/\/www.eldiariodetucuman.com\/web\/wp-content\/uploads\/2018\/02\/contralelcancer.jpg","keywords":["Argentina","salud","Tucuman"],"articleSection":["Salud"],"inLanguage":"es"},{"@type":"WebPage","@id":"https:\/\/www.eldiariodetucuman.com\/web\/5104-2\/","url":"https:\/\/www.eldiariodetucuman.com\/web\/5104-2\/","name":"Actividades para conmemorar el D\u00eda Mundial contra el C\u00e1ncer","isPartOf":{"@id":"https:\/\/www.eldiariodetucuman.com\/web\/#website"},"primaryImageOfPage":{"@id":"https:\/\/www.eldiariodetucuman.com\/web\/5104-2\/#primaryimage"},"image":{"@id":"https:\/\/www.eldiariodetucuman.com\/web\/5104-2\/#primaryimage"},"thumbnailUrl":"https:\/\/www.eldiariodetucuman.com\/web\/wp-content\/uploads\/2018\/02\/contralelcancer.jpg","datePublished":"2018-02-02T15:51:59+00:00","description":"Con motivo de conmemorarse este d\u00eda, que se recuerda cada a\u00f1o el 4 de febrero, en el horario de 9 a 12 horas se realizar\u00e1 en el Hospital Centro de Salud actividades que contar\u00e1n con stand de prevenci\u00f3n e informaci\u00f3n acerca de las actividades que se desarrollan en la instituci\u00f3n.","breadcrumb":{"@id":"https:\/\/www.eldiariodetucuman.com\/web\/5104-2\/#breadcrumb"},"inLanguage":"es","potentialAction":[{"@type":"ReadAction","target":["https:\/\/www.eldiariodetucuman.com\/web\/5104-2\/"]}]},{"@type":"ImageObject","inLanguage":"es","@id":"https:\/\/www.eldiariodetucuman.com\/web\/5104-2\/#primaryimage","url":"https:\/\/www.eldiariodetucuman.com\/web\/wp-content\/uploads\/2018\/02\/contralelcancer.jpg","contentUrl":"https:\/\/www.eldiariodetucuman.com\/web\/wp-content\/uploads\/2018\/02\/contralelcancer.jpg","width":770,"height":470},{"@type":"BreadcrumbList","@id":"https:\/\/www.eldiariodetucuman.com\/web\/5104-2\/#breadcrumb","itemListElement":[{"@type":"ListItem","position":1,"name":"Portada","item":"https:\/\/www.eldiariodetucuman.com\/web\/"},{"@type":"ListItem","position":2,"name":"Actividades para conmemorar el D\u00eda Mundial contra el C\u00e1ncer"}]},{"@type":"WebSite","@id":"https:\/\/www.eldiariodetucuman.com\/web\/#website","url":"https:\/\/www.eldiariodetucuman.com\/web\/","name":"El Diario de Tucuman","description":"Diario Tucuman - Informaci\u00f3n y noticias","publisher":{"@id":"https:\/\/www.eldiariodetucuman.com\/web\/#organization"},"potentialAction":[{"@type":"SearchAction","target":{"@type":"EntryPoint","urlTemplate":"https:\/\/www.eldiariodetucuman.com\/web\/?s={search_term_string}"},"query-input":{"@type":"PropertyValueSpecification","valueRequired":true,"valueName":"search_term_string"}}],"inLanguage":"es"},{"@type":"Organization","@id":"https:\/\/www.eldiariodetucuman.com\/web\/#organization","name":"El Diario de Tucuman","url":"https:\/\/www.eldiariodetucuman.com\/web\/","logo":{"@type":"ImageObject","inLanguage":"es","@id":"https:\/\/www.eldiariodetucuman.com\/web\/#\/schema\/logo\/image\/","url":"http:\/\/www.eldiariodetucuman.com\/web\/wp-content\/uploads\/2017\/12\/el-diario-de-tucuman.jpg","contentUrl":"http:\/\/www.eldiariodetucuman.com\/web\/wp-content\/uploads\/2017\/12\/el-diario-de-tucuman.jpg","width":272,"height":92,"caption":"El Diario de Tucuman"},"image":{"@id":"https:\/\/www.eldiariodetucuman.com\/web\/#\/schema\/logo\/image\/"}},{"@type":"Person","@id":"https:\/\/www.eldiariodetucuman.com\/web\/#\/schema\/person\/7e6644a46e60888f6b868594407e08dd","name":"Redactor Uno","image":{"@type":"ImageObject","inLanguage":"es","@id":"https:\/\/secure.gravatar.com\/avatar\/0049b1bdf1bd548385c9ea6b9356431717930913089febd2ba904f0187d7d074?s=96&d=mm&r=g","url":"https:\/\/secure.gravatar.com\/avatar\/0049b1bdf1bd548385c9ea6b9356431717930913089febd2ba904f0187d7d074?s=96&d=mm&r=g","contentUrl":"https:\/\/secure.gravatar.com\/avatar\/0049b1bdf1bd548385c9ea6b9356431717930913089febd2ba904f0187d7d074?s=96&d=mm&r=g","caption":"Redactor Uno"},"url":"https:\/\/www.eldiariodetucuman.com\/web\/author\/mramasco\/"}]}},"_links":{"self":[{"href":"https:\/\/www.eldiariodetucuman.com\/web\/wp-json\/wp\/v2\/posts\/5104","targetHints":{"allow":["GET"]}}],"collection":[{"href":"https:\/\/www.eldiariodetucuman.com\/web\/wp-json\/wp\/v2\/posts"}],"about":[{"href":"https:\/\/www.eldiariodetucuman.com\/web\/wp-json\/wp\/v2\/types\/post"}],"author":[{"embeddable":true,"href":"https:\/\/www.eldiariodetucuman.com\/web\/wp-json\/wp\/v2\/users\/5"}],"replies":[{"embeddable":true,"href":"https:\/\/www.eldiariodetucuman.com\/web\/wp-json\/wp\/v2\/comments?post=5104"}],"version-history":[{"count":1,"href":"https:\/\/www.eldiariodetucuman.com\/web\/wp-json\/wp\/v2\/posts\/5104\/revisions"}],"predecessor-version":[{"id":5106,"href":"https:\/\/www.eldiariodetucuman.com\/web\/wp-json\/wp\/v2\/posts\/5104\/revisions\/5106"}],"wp:featuredmedia":[{"embeddable":true,"href":"https:\/\/www.eldiariodetucuman.com\/web\/wp-json\/wp\/v2\/media\/5105"}],"wp:attachment":[{"href":"https:\/\/www.eldiariodetucuman.com\/web\/wp-json\/wp\/v2\/media?parent=5104"}],"wp:term":[{"taxonomy":"category","embeddable":true,"href":"https:\/\/www.eldiariodetucuman.com\/web\/wp-json\/wp\/v2\/categories?post=5104"},{"taxonomy":"post_tag","embeddable":true,"href":"https:\/\/www.eldiariodetucuman.com\/web\/wp-json\/wp\/v2\/tags?post=5104"}],"curies":[{"name":"wp","href":"https:\/\/api.w.org\/{rel}","templated":true}]}}