{"id":5084,"date":"2018-02-01T15:34:39","date_gmt":"2018-02-01T18:34:39","guid":{"rendered":"http:\/\/www.eldiariodetucuman.com\/web\/teran-ulloa-se-arma-para-atacar-en-tierras-santafesinas\/"},"modified":"2018-02-01T15:34:39","modified_gmt":"2018-02-01T18:34:39","slug":"teran-ulloa-se-arma-para-atacar-en-tierras-santafesinas","status":"publish","type":"post","link":"https:\/\/www.eldiariodetucuman.com\/web\/teran-ulloa-se-arma-para-atacar-en-tierras-santafesinas\/","title":{"rendered":"Ter\u00e1n Ulloa se arma para atacar en tierras santafesinas"},"content":{"rendered":"<div>\n<div readability=\"74\">\n<p>Otros dos partidos de visitante tendr\u00e1 que sortear Tucum\u00e1n de Gimnasia en la Serie A-2 de la Liga Argentina. Entre s\u00e1bado y domingo, el equipo que dirige <b>Marcelo D\u00edaz<\/b> tendr\u00e1 que enfrentarse a Villa Dora y Rosario Voley. Los \u201calbicelestes\u201d est\u00e1n cuartos en el grupo B, con seis puntos. Los dos triunfos, ante Mar Chiquita Voley y Estudiantes de La Plata, ser\u00e1n los que tratar\u00e1n de repetir ante los equipos santafesinos.<\/p>\n<p>Para ello contar\u00e1 con el poder ofensivo de <b>Manuel Ter\u00e1n Ulloa<\/b> (foto), el opuesto del equipo. El chico de 23 a\u00f1os lleva siete jugando al voley y su lista de clubes es larga. Manuel, pese a su juventud, suma mucha experiencia y madurez, por lo que no descarta seguir so\u00f1ando con los \u00e9xitos, no s\u00f3lo con la camiseta \u201calbiceleste\u201d. \u201cMi sue\u00f1o es llegar a la Selecci\u00f3n mayor y tambi\u00e9n tener lugar en alg\u00fan club extranjero\u201d, dijo el jugador. Pero todo eso llegar\u00e1 v\u00eda Tucum\u00e1n de Gimnasia. \u201cCon el club no hay que anticiparse y debemos ir partido a partido\u201d, es cauto Ter\u00e1n Ulloa, que asumi\u00f3 la responsabilidad de ser el capit\u00e1n.<\/p>\n<p class=\"style cuote\">Un rol que le queda bien porque se define como un apasionado del voley, sentimiento que se despert\u00f3 a los 16 a\u00f1os en el Complejo Belgrano. Tras seis meses, se incorpor\u00f3 a Instituto Pellegrini donde jug\u00f3 hasta dar el gran salto a Buenos Aires. <\/p>\n<p>En la capital del pa\u00eds, lo recibieron en Tortuguitas, club donde debut\u00f3 en Primera y en el que estuvo tres a\u00f1os. A la m\u00e1xima categor\u00eda la conoci\u00f3 vistiendo la camiseta de Pilar Voley y tambi\u00e9n tuvo su paso por V\u00e9lez. <\/p>\n<p>En 2016 volvi\u00f3 a Tucum\u00e1n. \u201cEn Buenos Aires los equipos tienen m\u00e1s cantidad de encuentros. En Tucum\u00e1n se entrena dos o tres d\u00edas a la semana pero, con suerte, se juega un s\u00f3lo partido\u201d, cont\u00f3. No s\u00f3lo se queda con lo que observa y conoce, sino que se anima a aportar soluciones. \u201cHace falta m\u00e1s apoyo para lograr un mejor nivel\u201d, opin\u00f3 el opuesto.<\/p>\n<\/p><\/div>\n<\/div>\n","protected":false},"excerpt":{"rendered":"<p>Otros dos partidos de visitante tendr\u00e1 que sortear Tucum\u00e1n de Gimnasia en la Serie A-2 de la Liga Argentina. Entre s\u00e1bado y domingo, el equipo que dirige Marcelo D\u00edaz tendr\u00e1 que enfrentarse a Villa Dora y Rosario Voley. Los \u201calbicelestes\u201d est\u00e1n cuartos en el grupo B, con seis puntos. Los dos triunfos, ante Mar Chiquita [&hellip;]<\/p>\n","protected":false},"author":1,"featured_media":5085,"comment_status":"open","ping_status":"closed","sticky":false,"template":"","format":"standard","meta":{"footnotes":""},"categories":[6],"tags":[],"class_list":{"0":"post-5084","1":"post","2":"type-post","3":"status-publish","4":"format-standard","5":"has-post-thumbnail","7":"category-deporte"},"yoast_head":"<!-- This site is optimized with the Yoast SEO plugin v27.4 - https:\/\/yoast.com\/product\/yoast-seo-wordpress\/ -->\n<title>Ter\u00e1n Ulloa se arma para atacar en tierras santafesinas - El Diario de Tucuman<\/title>\n<meta name=\"robots\" content=\"index, follow, max-snippet:-1, max-image-preview:large, max-video-preview:-1\" \/>\n<link rel=\"canonical\" href=\"https:\/\/www.eldiariodetucuman.com\/web\/teran-ulloa-se-arma-para-atacar-en-tierras-santafesinas\/\" \/>\n<meta property=\"og:locale\" content=\"es_ES\" \/>\n<meta property=\"og:type\" content=\"article\" \/>\n<meta property=\"og:title\" content=\"Ter\u00e1n Ulloa se arma para atacar en tierras santafesinas - El Diario de Tucuman\" \/>\n<meta property=\"og:description\" content=\"Otros dos partidos de visitante tendr\u00e1 que sortear Tucum\u00e1n de Gimnasia en la Serie A-2 de la Liga Argentina. Entre s\u00e1bado y domingo, el equipo que dirige Marcelo D\u00edaz tendr\u00e1 que enfrentarse a Villa Dora y Rosario Voley. Los \u201calbicelestes\u201d est\u00e1n cuartos en el grupo B, con seis puntos. Los dos triunfos, ante Mar Chiquita [&hellip;]\" \/>\n<meta property=\"og:url\" content=\"https:\/\/www.eldiariodetucuman.com\/web\/teran-ulloa-se-arma-para-atacar-en-tierras-santafesinas\/\" \/>\n<meta property=\"og:site_name\" content=\"El Diario de Tucuman\" \/>\n<meta property=\"article:published_time\" content=\"2018-02-01T18:34:39+00:00\" \/>\n<meta property=\"og:image\" content=\"https:\/\/www.eldiariodetucuman.com\/web\/wp-content\/uploads\/2018\/02\/0c141b7b4b88c9c44dc486a2f8a9d637.jpeg\" \/>\n\t<meta property=\"og:image:width\" content=\"970\" \/>\n\t<meta property=\"og:image:height\" content=\"744\" \/>\n\t<meta property=\"og:image:type\" content=\"image\/jpeg\" \/>\n<meta name=\"author\" content=\"admin\" \/>\n<meta name=\"twitter:card\" content=\"summary_large_image\" \/>\n<meta name=\"twitter:label1\" content=\"Escrito por\" \/>\n\t<meta name=\"twitter:data1\" content=\"admin\" \/>\n\t<meta name=\"twitter:label2\" content=\"Tiempo de lectura\" \/>\n\t<meta name=\"twitter:data2\" content=\"2 minutos\" \/>\n<script type=\"application\/ld+json\" class=\"yoast-schema-graph\">{\"@context\":\"https:\\\/\\\/schema.org\",\"@graph\":[{\"@type\":\"Article\",\"@id\":\"https:\\\/\\\/www.eldiariodetucuman.com\\\/web\\\/teran-ulloa-se-arma-para-atacar-en-tierras-santafesinas\\\/#article\",\"isPartOf\":{\"@id\":\"https:\\\/\\\/www.eldiariodetucuman.com\\\/web\\\/teran-ulloa-se-arma-para-atacar-en-tierras-santafesinas\\\/\"},\"author\":{\"name\":\"admin\",\"@id\":\"https:\\\/\\\/www.eldiariodetucuman.com\\\/web\\\/#\\\/schema\\\/person\\\/9250197d75ab5483412e19678b121caa\"},\"headline\":\"Ter\u00e1n Ulloa se arma para atacar en tierras santafesinas\",\"datePublished\":\"2018-02-01T18:34:39+00:00\",\"mainEntityOfPage\":{\"@id\":\"https:\\\/\\\/www.eldiariodetucuman.com\\\/web\\\/teran-ulloa-se-arma-para-atacar-en-tierras-santafesinas\\\/\"},\"wordCount\":369,\"commentCount\":0,\"publisher\":{\"@id\":\"https:\\\/\\\/www.eldiariodetucuman.com\\\/web\\\/#organization\"},\"image\":{\"@id\":\"https:\\\/\\\/www.eldiariodetucuman.com\\\/web\\\/teran-ulloa-se-arma-para-atacar-en-tierras-santafesinas\\\/#primaryimage\"},\"thumbnailUrl\":\"https:\\\/\\\/www.eldiariodetucuman.com\\\/web\\\/wp-content\\\/uploads\\\/2018\\\/02\\\/0c141b7b4b88c9c44dc486a2f8a9d637.jpeg\",\"articleSection\":[\"Deporte\"],\"inLanguage\":\"es\",\"potentialAction\":[{\"@type\":\"CommentAction\",\"name\":\"Comment\",\"target\":[\"https:\\\/\\\/www.eldiariodetucuman.com\\\/web\\\/teran-ulloa-se-arma-para-atacar-en-tierras-santafesinas\\\/#respond\"]}]},{\"@type\":\"WebPage\",\"@id\":\"https:\\\/\\\/www.eldiariodetucuman.com\\\/web\\\/teran-ulloa-se-arma-para-atacar-en-tierras-santafesinas\\\/\",\"url\":\"https:\\\/\\\/www.eldiariodetucuman.com\\\/web\\\/teran-ulloa-se-arma-para-atacar-en-tierras-santafesinas\\\/\",\"name\":\"Ter\u00e1n Ulloa se arma para atacar en tierras santafesinas - El Diario de Tucuman\",\"isPartOf\":{\"@id\":\"https:\\\/\\\/www.eldiariodetucuman.com\\\/web\\\/#website\"},\"primaryImageOfPage\":{\"@id\":\"https:\\\/\\\/www.eldiariodetucuman.com\\\/web\\\/teran-ulloa-se-arma-para-atacar-en-tierras-santafesinas\\\/#primaryimage\"},\"image\":{\"@id\":\"https:\\\/\\\/www.eldiariodetucuman.com\\\/web\\\/teran-ulloa-se-arma-para-atacar-en-tierras-santafesinas\\\/#primaryimage\"},\"thumbnailUrl\":\"https:\\\/\\\/www.eldiariodetucuman.com\\\/web\\\/wp-content\\\/uploads\\\/2018\\\/02\\\/0c141b7b4b88c9c44dc486a2f8a9d637.jpeg\",\"datePublished\":\"2018-02-01T18:34:39+00:00\",\"breadcrumb\":{\"@id\":\"https:\\\/\\\/www.eldiariodetucuman.com\\\/web\\\/teran-ulloa-se-arma-para-atacar-en-tierras-santafesinas\\\/#breadcrumb\"},\"inLanguage\":\"es\",\"potentialAction\":[{\"@type\":\"ReadAction\",\"target\":[\"https:\\\/\\\/www.eldiariodetucuman.com\\\/web\\\/teran-ulloa-se-arma-para-atacar-en-tierras-santafesinas\\\/\"]}]},{\"@type\":\"ImageObject\",\"inLanguage\":\"es\",\"@id\":\"https:\\\/\\\/www.eldiariodetucuman.com\\\/web\\\/teran-ulloa-se-arma-para-atacar-en-tierras-santafesinas\\\/#primaryimage\",\"url\":\"https:\\\/\\\/www.eldiariodetucuman.com\\\/web\\\/wp-content\\\/uploads\\\/2018\\\/02\\\/0c141b7b4b88c9c44dc486a2f8a9d637.jpeg\",\"contentUrl\":\"https:\\\/\\\/www.eldiariodetucuman.com\\\/web\\\/wp-content\\\/uploads\\\/2018\\\/02\\\/0c141b7b4b88c9c44dc486a2f8a9d637.jpeg\",\"width\":970,\"height\":744},{\"@type\":\"BreadcrumbList\",\"@id\":\"https:\\\/\\\/www.eldiariodetucuman.com\\\/web\\\/teran-ulloa-se-arma-para-atacar-en-tierras-santafesinas\\\/#breadcrumb\",\"itemListElement\":[{\"@type\":\"ListItem\",\"position\":1,\"name\":\"Portada\",\"item\":\"https:\\\/\\\/www.eldiariodetucuman.com\\\/web\\\/\"},{\"@type\":\"ListItem\",\"position\":2,\"name\":\"Ter\u00e1n Ulloa se arma para atacar en tierras santafesinas\"}]},{\"@type\":\"WebSite\",\"@id\":\"https:\\\/\\\/www.eldiariodetucuman.com\\\/web\\\/#website\",\"url\":\"https:\\\/\\\/www.eldiariodetucuman.com\\\/web\\\/\",\"name\":\"El Diario de Tucuman\",\"description\":\"Diario Tucuman - Informaci\u00f3n y noticias\",\"publisher\":{\"@id\":\"https:\\\/\\\/www.eldiariodetucuman.com\\\/web\\\/#organization\"},\"potentialAction\":[{\"@type\":\"SearchAction\",\"target\":{\"@type\":\"EntryPoint\",\"urlTemplate\":\"https:\\\/\\\/www.eldiariodetucuman.com\\\/web\\\/?s={search_term_string}\"},\"query-input\":{\"@type\":\"PropertyValueSpecification\",\"valueRequired\":true,\"valueName\":\"search_term_string\"}}],\"inLanguage\":\"es\"},{\"@type\":\"Organization\",\"@id\":\"https:\\\/\\\/www.eldiariodetucuman.com\\\/web\\\/#organization\",\"name\":\"El Diario de Tucuman\",\"url\":\"https:\\\/\\\/www.eldiariodetucuman.com\\\/web\\\/\",\"logo\":{\"@type\":\"ImageObject\",\"inLanguage\":\"es\",\"@id\":\"https:\\\/\\\/www.eldiariodetucuman.com\\\/web\\\/#\\\/schema\\\/logo\\\/image\\\/\",\"url\":\"http:\\\/\\\/www.eldiariodetucuman.com\\\/web\\\/wp-content\\\/uploads\\\/2017\\\/12\\\/el-diario-de-tucuman.jpg\",\"contentUrl\":\"http:\\\/\\\/www.eldiariodetucuman.com\\\/web\\\/wp-content\\\/uploads\\\/2017\\\/12\\\/el-diario-de-tucuman.jpg\",\"width\":272,\"height\":92,\"caption\":\"El Diario de Tucuman\"},\"image\":{\"@id\":\"https:\\\/\\\/www.eldiariodetucuman.com\\\/web\\\/#\\\/schema\\\/logo\\\/image\\\/\"}},{\"@type\":\"Person\",\"@id\":\"https:\\\/\\\/www.eldiariodetucuman.com\\\/web\\\/#\\\/schema\\\/person\\\/9250197d75ab5483412e19678b121caa\",\"name\":\"admin\",\"image\":{\"@type\":\"ImageObject\",\"inLanguage\":\"es\",\"@id\":\"https:\\\/\\\/secure.gravatar.com\\\/avatar\\\/c44d117c2be811212c22cb481f6b8384b6873de103fbc49e7a03cc58d7dea4ac?s=96&d=mm&r=g\",\"url\":\"https:\\\/\\\/secure.gravatar.com\\\/avatar\\\/c44d117c2be811212c22cb481f6b8384b6873de103fbc49e7a03cc58d7dea4ac?s=96&d=mm&r=g\",\"contentUrl\":\"https:\\\/\\\/secure.gravatar.com\\\/avatar\\\/c44d117c2be811212c22cb481f6b8384b6873de103fbc49e7a03cc58d7dea4ac?s=96&d=mm&r=g\",\"caption\":\"admin\"},\"url\":\"https:\\\/\\\/www.eldiariodetucuman.com\\\/web\\\/author\\\/admin\\\/\"}]}<\/script>\n<!-- \/ Yoast SEO plugin. -->","yoast_head_json":{"title":"Ter\u00e1n Ulloa se arma para atacar en tierras santafesinas - El Diario de Tucuman","robots":{"index":"index","follow":"follow","max-snippet":"max-snippet:-1","max-image-preview":"max-image-preview:large","max-video-preview":"max-video-preview:-1"},"canonical":"https:\/\/www.eldiariodetucuman.com\/web\/teran-ulloa-se-arma-para-atacar-en-tierras-santafesinas\/","og_locale":"es_ES","og_type":"article","og_title":"Ter\u00e1n Ulloa se arma para atacar en tierras santafesinas - El Diario de Tucuman","og_description":"Otros dos partidos de visitante tendr\u00e1 que sortear Tucum\u00e1n de Gimnasia en la Serie A-2 de la Liga Argentina. Entre s\u00e1bado y domingo, el equipo que dirige Marcelo D\u00edaz tendr\u00e1 que enfrentarse a Villa Dora y Rosario Voley. Los \u201calbicelestes\u201d est\u00e1n cuartos en el grupo B, con seis puntos. Los dos triunfos, ante Mar Chiquita [&hellip;]","og_url":"https:\/\/www.eldiariodetucuman.com\/web\/teran-ulloa-se-arma-para-atacar-en-tierras-santafesinas\/","og_site_name":"El Diario de Tucuman","article_published_time":"2018-02-01T18:34:39+00:00","og_image":[{"width":970,"height":744,"url":"https:\/\/www.eldiariodetucuman.com\/web\/wp-content\/uploads\/2018\/02\/0c141b7b4b88c9c44dc486a2f8a9d637.jpeg","type":"image\/jpeg"}],"author":"admin","twitter_card":"summary_large_image","twitter_misc":{"Escrito por":"admin","Tiempo de lectura":"2 minutos"},"schema":{"@context":"https:\/\/schema.org","@graph":[{"@type":"Article","@id":"https:\/\/www.eldiariodetucuman.com\/web\/teran-ulloa-se-arma-para-atacar-en-tierras-santafesinas\/#article","isPartOf":{"@id":"https:\/\/www.eldiariodetucuman.com\/web\/teran-ulloa-se-arma-para-atacar-en-tierras-santafesinas\/"},"author":{"name":"admin","@id":"https:\/\/www.eldiariodetucuman.com\/web\/#\/schema\/person\/9250197d75ab5483412e19678b121caa"},"headline":"Ter\u00e1n Ulloa se arma para atacar en tierras santafesinas","datePublished":"2018-02-01T18:34:39+00:00","mainEntityOfPage":{"@id":"https:\/\/www.eldiariodetucuman.com\/web\/teran-ulloa-se-arma-para-atacar-en-tierras-santafesinas\/"},"wordCount":369,"commentCount":0,"publisher":{"@id":"https:\/\/www.eldiariodetucuman.com\/web\/#organization"},"image":{"@id":"https:\/\/www.eldiariodetucuman.com\/web\/teran-ulloa-se-arma-para-atacar-en-tierras-santafesinas\/#primaryimage"},"thumbnailUrl":"https:\/\/www.eldiariodetucuman.com\/web\/wp-content\/uploads\/2018\/02\/0c141b7b4b88c9c44dc486a2f8a9d637.jpeg","articleSection":["Deporte"],"inLanguage":"es","potentialAction":[{"@type":"CommentAction","name":"Comment","target":["https:\/\/www.eldiariodetucuman.com\/web\/teran-ulloa-se-arma-para-atacar-en-tierras-santafesinas\/#respond"]}]},{"@type":"WebPage","@id":"https:\/\/www.eldiariodetucuman.com\/web\/teran-ulloa-se-arma-para-atacar-en-tierras-santafesinas\/","url":"https:\/\/www.eldiariodetucuman.com\/web\/teran-ulloa-se-arma-para-atacar-en-tierras-santafesinas\/","name":"Ter\u00e1n Ulloa se arma para atacar en tierras santafesinas - El Diario de Tucuman","isPartOf":{"@id":"https:\/\/www.eldiariodetucuman.com\/web\/#website"},"primaryImageOfPage":{"@id":"https:\/\/www.eldiariodetucuman.com\/web\/teran-ulloa-se-arma-para-atacar-en-tierras-santafesinas\/#primaryimage"},"image":{"@id":"https:\/\/www.eldiariodetucuman.com\/web\/teran-ulloa-se-arma-para-atacar-en-tierras-santafesinas\/#primaryimage"},"thumbnailUrl":"https:\/\/www.eldiariodetucuman.com\/web\/wp-content\/uploads\/2018\/02\/0c141b7b4b88c9c44dc486a2f8a9d637.jpeg","datePublished":"2018-02-01T18:34:39+00:00","breadcrumb":{"@id":"https:\/\/www.eldiariodetucuman.com\/web\/teran-ulloa-se-arma-para-atacar-en-tierras-santafesinas\/#breadcrumb"},"inLanguage":"es","potentialAction":[{"@type":"ReadAction","target":["https:\/\/www.eldiariodetucuman.com\/web\/teran-ulloa-se-arma-para-atacar-en-tierras-santafesinas\/"]}]},{"@type":"ImageObject","inLanguage":"es","@id":"https:\/\/www.eldiariodetucuman.com\/web\/teran-ulloa-se-arma-para-atacar-en-tierras-santafesinas\/#primaryimage","url":"https:\/\/www.eldiariodetucuman.com\/web\/wp-content\/uploads\/2018\/02\/0c141b7b4b88c9c44dc486a2f8a9d637.jpeg","contentUrl":"https:\/\/www.eldiariodetucuman.com\/web\/wp-content\/uploads\/2018\/02\/0c141b7b4b88c9c44dc486a2f8a9d637.jpeg","width":970,"height":744},{"@type":"BreadcrumbList","@id":"https:\/\/www.eldiariodetucuman.com\/web\/teran-ulloa-se-arma-para-atacar-en-tierras-santafesinas\/#breadcrumb","itemListElement":[{"@type":"ListItem","position":1,"name":"Portada","item":"https:\/\/www.eldiariodetucuman.com\/web\/"},{"@type":"ListItem","position":2,"name":"Ter\u00e1n Ulloa se arma para atacar en tierras santafesinas"}]},{"@type":"WebSite","@id":"https:\/\/www.eldiariodetucuman.com\/web\/#website","url":"https:\/\/www.eldiariodetucuman.com\/web\/","name":"El Diario de Tucuman","description":"Diario Tucuman - Informaci\u00f3n y noticias","publisher":{"@id":"https:\/\/www.eldiariodetucuman.com\/web\/#organization"},"potentialAction":[{"@type":"SearchAction","target":{"@type":"EntryPoint","urlTemplate":"https:\/\/www.eldiariodetucuman.com\/web\/?s={search_term_string}"},"query-input":{"@type":"PropertyValueSpecification","valueRequired":true,"valueName":"search_term_string"}}],"inLanguage":"es"},{"@type":"Organization","@id":"https:\/\/www.eldiariodetucuman.com\/web\/#organization","name":"El Diario de Tucuman","url":"https:\/\/www.eldiariodetucuman.com\/web\/","logo":{"@type":"ImageObject","inLanguage":"es","@id":"https:\/\/www.eldiariodetucuman.com\/web\/#\/schema\/logo\/image\/","url":"http:\/\/www.eldiariodetucuman.com\/web\/wp-content\/uploads\/2017\/12\/el-diario-de-tucuman.jpg","contentUrl":"http:\/\/www.eldiariodetucuman.com\/web\/wp-content\/uploads\/2017\/12\/el-diario-de-tucuman.jpg","width":272,"height":92,"caption":"El Diario de Tucuman"},"image":{"@id":"https:\/\/www.eldiariodetucuman.com\/web\/#\/schema\/logo\/image\/"}},{"@type":"Person","@id":"https:\/\/www.eldiariodetucuman.com\/web\/#\/schema\/person\/9250197d75ab5483412e19678b121caa","name":"admin","image":{"@type":"ImageObject","inLanguage":"es","@id":"https:\/\/secure.gravatar.com\/avatar\/c44d117c2be811212c22cb481f6b8384b6873de103fbc49e7a03cc58d7dea4ac?s=96&d=mm&r=g","url":"https:\/\/secure.gravatar.com\/avatar\/c44d117c2be811212c22cb481f6b8384b6873de103fbc49e7a03cc58d7dea4ac?s=96&d=mm&r=g","contentUrl":"https:\/\/secure.gravatar.com\/avatar\/c44d117c2be811212c22cb481f6b8384b6873de103fbc49e7a03cc58d7dea4ac?s=96&d=mm&r=g","caption":"admin"},"url":"https:\/\/www.eldiariodetucuman.com\/web\/author\/admin\/"}]}},"_links":{"self":[{"href":"https:\/\/www.eldiariodetucuman.com\/web\/wp-json\/wp\/v2\/posts\/5084","targetHints":{"allow":["GET"]}}],"collection":[{"href":"https:\/\/www.eldiariodetucuman.com\/web\/wp-json\/wp\/v2\/posts"}],"about":[{"href":"https:\/\/www.eldiariodetucuman.com\/web\/wp-json\/wp\/v2\/types\/post"}],"author":[{"embeddable":true,"href":"https:\/\/www.eldiariodetucuman.com\/web\/wp-json\/wp\/v2\/users\/1"}],"replies":[{"embeddable":true,"href":"https:\/\/www.eldiariodetucuman.com\/web\/wp-json\/wp\/v2\/comments?post=5084"}],"version-history":[{"count":0,"href":"https:\/\/www.eldiariodetucuman.com\/web\/wp-json\/wp\/v2\/posts\/5084\/revisions"}],"wp:featuredmedia":[{"embeddable":true,"href":"https:\/\/www.eldiariodetucuman.com\/web\/wp-json\/wp\/v2\/media\/5085"}],"wp:attachment":[{"href":"https:\/\/www.eldiariodetucuman.com\/web\/wp-json\/wp\/v2\/media?parent=5084"}],"wp:term":[{"taxonomy":"category","embeddable":true,"href":"https:\/\/www.eldiariodetucuman.com\/web\/wp-json\/wp\/v2\/categories?post=5084"},{"taxonomy":"post_tag","embeddable":true,"href":"https:\/\/www.eldiariodetucuman.com\/web\/wp-json\/wp\/v2\/tags?post=5084"}],"curies":[{"name":"wp","href":"https:\/\/api.w.org\/{rel}","templated":true}]}}