{"id":5080,"date":"2018-02-01T12:56:24","date_gmt":"2018-02-01T15:56:24","guid":{"rendered":"http:\/\/www.eldiariodetucuman.com\/web\/tiene-80-anos-y-dicta-cursos-para-aprender-a-usar-tecnologia\/"},"modified":"2018-02-01T12:56:24","modified_gmt":"2018-02-01T15:56:24","slug":"tiene-80-anos-y-dicta-cursos-para-aprender-a-usar-tecnologia","status":"publish","type":"post","link":"https:\/\/www.eldiariodetucuman.com\/web\/tiene-80-anos-y-dicta-cursos-para-aprender-a-usar-tecnologia\/","title":{"rendered":"Tiene 80 a\u00f1os y dicta cursos para aprender a usar tecnolog\u00eda"},"content":{"rendered":"<div>\n<div id=\"cuerpo\">\n<figure class=\"XL caja-destacada epigrafe\" id=\"figure_2618264\" data-is=\"imagen\"><span title=\"Ampliar imagen\" class=\"icon-ampliar\"><\/span><br \/>\n                        <span title=\"Cerrar modal\" class=\"icon-cerrar\"><\/span><figcaption><epigrafe>Entusiasta de la inform\u00e1tica, Juan Savio le ense\u00f1a gratis a otros adultos mayores a amigarse con Whatsapp y Skype<\/epigrafe><\/figcaption><\/figure>\n<p class=\"capital\">\u00abNo, no molest\u00e1s. Yo digo siempre: si la gente no me molesta me muero de hambre\u00bb. Juan Savio est\u00e1 a punto de cumplir los 80 a\u00f1os y tiene una energ\u00eda que sorprende. Le gusta que lo \u00abmolesten\u00bb porque considera que eso significa estar en actividad. Pasa alrededor de 6 horas diarias frente a su computadora, en la que maneja con un nivel avanzado Illustrator, Photoshop y, sobre todo, Autocad. Hace trabajos de vectorizaci\u00f3n y modelado.<\/p>\n<p><!-- middle1 --><\/p>\n<p><!-- middle1 --><\/p>\n<p>\u00abSon programas muy extensos, muy complicados, no debe haber mucha gente que lo maneje 100 por ciento, pero tengo un nivel bastante avanzado\u00bb, confiesa. Todos los d\u00edas, adem\u00e1s, digitaliza parte de sus fotograf\u00edas en papel. En diciembre pasado emprendi\u00f3 otra idea: brindar cursos a adultos mayores sobre tecnolog\u00eda. Le acerc\u00f3 la propuesta a Fundaci\u00f3n Telef\u00f3nica; junto a ANSES y a la ONG Faro Digital dieron uno de manera gratuita a m\u00e1s de 35 adultos mayores, en cinco clases introductorias donde se abordaron temas de seguridad y c\u00f3mo actuar en el nuevo entorno digital, c\u00f3mo conectarse y dialogar con las personas que hoy est\u00e1n inmersos en la tecnolog\u00eda y qu\u00e9 aspectos hay que tener en cuenta para navegar en internet de manera segura, entre otros temas.<\/p>\n<figure class=\"S floatFix\" id=\"figure_2618351\" data-is=\"imagen\"><!-- el bucket no es el correcto, solo tiene que traer el height--><\/p>\n<div>\n                            <span title=\"Ampliar imagen\" class=\"icon-ampliar\"><\/span><br \/>\n                            <span title=\"Cerrar modal\" class=\"icon-cerrar\"><\/span><br \/>\n                            <img decoding=\"async\" src=\"http:\/\/bucket1.glanacion.com\/anexos\/fotos\/51\/2618351w450.jpg\" alt=\"Juan Savio tiene 80 a\u00f1os y dicta cursos de inform\u00e1tica b\u00e1sica para adultos mayores\"><\/div><figcaption><epigrafe>Juan Savio tiene 80 a\u00f1os y dicta cursos de inform\u00e1tica b\u00e1sica para adultos mayores<\/epigrafe><\/figcaption><\/figure>\n<p><!-- middle1 --><\/p>\n<aside class=\"listado ademas floatFix\" id=\"listadoAdemas\"><\/aside>\n<p>\u00abLo m\u00e1s importante es que se lo dio una persona de la edad de ellos. Creo que les impact\u00f3 el detalle, porque la persona que les ense\u00f1a tiene los mismos problemas que ellos. No es que vino alguien del MIT a ense\u00f1arles computaci\u00f3n\u00bb, comenta. Sobre los contenidos, Savio les explic\u00f3 lo que hay adentro de una computadora, de los tel\u00e9fonos y de las tablets. Luego, experimentaron con distintos programas. \u00abHab\u00eda algunos que nunca hab\u00edan agarrado un mouse\u00bb, ejemplifica. \u00abLa idea era que a partir del curso se puedan arreglar con Whatsapp, con Skype, para tener mejor conexi\u00f3n con la familia\u00bb. Ahora, siempre con energ\u00eda, planea una segunda etapa del curso.<\/p>\n<p><!-- middle1 --><\/p>\n<p><!-- middle1 --><\/p>\n<h2 class=\"subtitulo-1\" id=\"una-vida-bien-tecnologica\">\nUna vida bien tecnol\u00f3gica<br \/>\n<\/h2>\n<p>Savio r\u00ede cuando explica su frustraci\u00f3n por no poder charlar con los amigos de su edad de estos temas. \u00abA veces estoy un poco perdido, tengo mi barrita de amigos con la que no puedo hablar de computaci\u00f3n porque nadie entiende nada. Hablamos de cualquier cosa menos de esto. Cuando tengo alg\u00fan problema, siempre consulto a alg\u00fan chico de 20 a\u00f1os para intercambiar\u00bb, se\u00f1ala.<\/p>\n<p><!-- middle1 --><\/p>\n<p>Sus dos hijos y sus tres nietos tampoco siguieron la misma l\u00ednea: \u00abNo les interesa demasiado y algunas cosas les ense\u00f1o yo\u00bb. Cuando tiene dudas sobre los programas que maneja, busca \u00abtutoriales en YouTube o le pregunto al se\u00f1or Google. Logro m\u00e1s cosas por ma\u00f1a que por sabidur\u00eda\u00bb, asegura.<\/p>\n<p><!-- middle1 --><\/p>\n<figure class=\"L epigrafe\" id=\"figure_2618271\" data-is=\"imagen\"><span title=\"Ampliar imagen\" class=\"icon-ampliar\"><\/span><br \/>\n                        <span title=\"Cerrar modal\" class=\"icon-cerrar\"><\/span><\/p>\n<p>                            <img decoding=\"async\" src=\"http:\/\/bucket1.glanacion.com\/anexos\/fotos\/71\/2618271w740.jpg\" alt=\"Juan Savio tuvo su primera computadora a fines de los 80s, y desde entonces sigue armando equipos y manteni\u00e9ndose al d\u00eda con los avances\"><figcaption><epigrafe>Juan Savio tuvo su primera computadora a fines de los 80s, y desde entonces sigue armando equipos y manteni\u00e9ndose al d\u00eda con los avances<\/epigrafe><\/figcaption><\/figure>\n<p>\u00abTengo un smartphone, tablet, Chromecast para ver Netflix, en casa no me falta nada. Tengo de todo. Voy tratando, soy jubilado y manejo la econom\u00eda de forma muy estricta. Hace poco compr\u00e9 una nueva PC con un cr\u00e9dito Argenta. En total ya tengo 5 discos r\u00edgidos y 10TB de archivos. En una \u00e9poca me dediqu\u00e9 a armar m\u00e1quinas y todav\u00eda me acuerdo c\u00f3mo se hace\u00bb. Su primera computadora, a fines de los 80s, fue una HP 41C, que todav\u00eda conserva. \u00abLa usaba para hacer c\u00e1lculos\u00bb, cuenta Savio, mientras trabajaba en el rubro de la construcci\u00f3n. Sobre las redes sociales, sin embargo, Savio tiene sus reparos: \u00abTengo Facebook e Instagram, pero la verdad que lleva mucho tiempo meterse en todo eso\u00bb.<\/p>\n<p><!-- middle1 --><\/p>\n<p>-\u00bfCu\u00e1l es el mejor consejo que le pod\u00e9s dar a alguien que no tiene v\u00ednculos con la tecnolog\u00eda?<\/p>\n<p>-Yo les digo siempre que se animen y que usen las m\u00e1quinas como las usan los chicos. La persona mayor se acerca con las manos atr\u00e1s. Los chicos, con las manos adelante. Eso tiene que cambiar. La mejor forma de aprender es probando.<\/p>\n<p>                <!-- firma autor --><\/p>\n<p>                <!-- temas --><\/p>\n<div class=\"temas\">\n<h4>temas <b>en esta nota<\/b><\/h4>\n<p> <!-- ***NUEVO*** - caja like --><\/p>\n<p>\n    <span class=\"texto-like\"> \u00bfTe gust\u00f3 <b>esta nota?<\/b><\/span><br \/>\n    <span class=\"icon-me-gusta\"> <\/span>\n<\/p>\n<\/p><\/div>\n<\/p><\/div>\n<\/div>\n","protected":false},"excerpt":{"rendered":"<p>Entusiasta de la inform\u00e1tica, Juan Savio le ense\u00f1a gratis a otros adultos mayores a amigarse con Whatsapp y Skype \u00abNo, no molest\u00e1s. Yo digo siempre: si la gente no me molesta me muero de hambre\u00bb. Juan Savio est\u00e1 a punto de cumplir los 80 a\u00f1os y tiene una energ\u00eda que sorprende. Le gusta que lo [&hellip;]<\/p>\n","protected":false},"author":4,"featured_media":5081,"comment_status":"open","ping_status":"closed","sticky":false,"template":"","format":"standard","meta":{"footnotes":""},"categories":[154],"tags":[],"class_list":{"0":"post-5080","1":"post","2":"type-post","3":"status-publish","4":"format-standard","5":"has-post-thumbnail","7":"category-ciencia-y-tecnologia"},"yoast_head":"<!-- This site is optimized with the Yoast SEO plugin v27.4 - https:\/\/yoast.com\/product\/yoast-seo-wordpress\/ -->\n<title>Tiene 80 a\u00f1os y dicta cursos para aprender a usar tecnolog\u00eda - El Diario de Tucuman<\/title>\n<meta name=\"robots\" content=\"index, follow, max-snippet:-1, max-image-preview:large, max-video-preview:-1\" \/>\n<link rel=\"canonical\" href=\"https:\/\/www.eldiariodetucuman.com\/web\/tiene-80-anos-y-dicta-cursos-para-aprender-a-usar-tecnologia\/\" \/>\n<meta property=\"og:locale\" content=\"es_ES\" \/>\n<meta property=\"og:type\" content=\"article\" \/>\n<meta property=\"og:title\" content=\"Tiene 80 a\u00f1os y dicta cursos para aprender a usar tecnolog\u00eda - El Diario de Tucuman\" \/>\n<meta property=\"og:description\" content=\"Entusiasta de la inform\u00e1tica, Juan Savio le ense\u00f1a gratis a otros adultos mayores a amigarse con Whatsapp y Skype \u00abNo, no molest\u00e1s. Yo digo siempre: si la gente no me molesta me muero de hambre\u00bb. Juan Savio est\u00e1 a punto de cumplir los 80 a\u00f1os y tiene una energ\u00eda que sorprende. Le gusta que lo [&hellip;]\" \/>\n<meta property=\"og:url\" content=\"https:\/\/www.eldiariodetucuman.com\/web\/tiene-80-anos-y-dicta-cursos-para-aprender-a-usar-tecnologia\/\" \/>\n<meta property=\"og:site_name\" content=\"El Diario de Tucuman\" \/>\n<meta property=\"article:published_time\" content=\"2018-02-01T15:56:24+00:00\" \/>\n<meta property=\"og:image\" content=\"https:\/\/www.eldiariodetucuman.com\/web\/wp-content\/uploads\/2018\/02\/719730d562d7a8739c970983b26db475.jpeg\" \/>\n\t<meta property=\"og:image:width\" content=\"1032\" \/>\n\t<meta property=\"og:image:height\" content=\"688\" \/>\n\t<meta property=\"og:image:type\" content=\"image\/jpeg\" \/>\n<meta name=\"author\" content=\"eldiario detucuman\" \/>\n<meta name=\"twitter:card\" content=\"summary_large_image\" \/>\n<meta name=\"twitter:label1\" content=\"Escrito por\" \/>\n\t<meta name=\"twitter:data1\" content=\"eldiario detucuman\" \/>\n\t<meta name=\"twitter:label2\" content=\"Tiempo de lectura\" \/>\n\t<meta name=\"twitter:data2\" content=\"4 minutos\" \/>\n<script type=\"application\/ld+json\" class=\"yoast-schema-graph\">{\"@context\":\"https:\\\/\\\/schema.org\",\"@graph\":[{\"@type\":\"Article\",\"@id\":\"https:\\\/\\\/www.eldiariodetucuman.com\\\/web\\\/tiene-80-anos-y-dicta-cursos-para-aprender-a-usar-tecnologia\\\/#article\",\"isPartOf\":{\"@id\":\"https:\\\/\\\/www.eldiariodetucuman.com\\\/web\\\/tiene-80-anos-y-dicta-cursos-para-aprender-a-usar-tecnologia\\\/\"},\"author\":{\"name\":\"eldiario detucuman\",\"@id\":\"https:\\\/\\\/www.eldiariodetucuman.com\\\/web\\\/#\\\/schema\\\/person\\\/6f95946e54fde848b878ffa4928071d5\"},\"headline\":\"Tiene 80 a\u00f1os y dicta cursos para aprender a usar tecnolog\u00eda\",\"datePublished\":\"2018-02-01T15:56:24+00:00\",\"mainEntityOfPage\":{\"@id\":\"https:\\\/\\\/www.eldiariodetucuman.com\\\/web\\\/tiene-80-anos-y-dicta-cursos-para-aprender-a-usar-tecnologia\\\/\"},\"wordCount\":739,\"commentCount\":0,\"publisher\":{\"@id\":\"https:\\\/\\\/www.eldiariodetucuman.com\\\/web\\\/#organization\"},\"image\":{\"@id\":\"https:\\\/\\\/www.eldiariodetucuman.com\\\/web\\\/tiene-80-anos-y-dicta-cursos-para-aprender-a-usar-tecnologia\\\/#primaryimage\"},\"thumbnailUrl\":\"https:\\\/\\\/www.eldiariodetucuman.com\\\/web\\\/wp-content\\\/uploads\\\/2018\\\/02\\\/719730d562d7a8739c970983b26db475.jpeg\",\"articleSection\":[\"ciencia y tecnologia\"],\"inLanguage\":\"es\",\"potentialAction\":[{\"@type\":\"CommentAction\",\"name\":\"Comment\",\"target\":[\"https:\\\/\\\/www.eldiariodetucuman.com\\\/web\\\/tiene-80-anos-y-dicta-cursos-para-aprender-a-usar-tecnologia\\\/#respond\"]}]},{\"@type\":\"WebPage\",\"@id\":\"https:\\\/\\\/www.eldiariodetucuman.com\\\/web\\\/tiene-80-anos-y-dicta-cursos-para-aprender-a-usar-tecnologia\\\/\",\"url\":\"https:\\\/\\\/www.eldiariodetucuman.com\\\/web\\\/tiene-80-anos-y-dicta-cursos-para-aprender-a-usar-tecnologia\\\/\",\"name\":\"Tiene 80 a\u00f1os y dicta cursos para aprender a usar tecnolog\u00eda - El Diario de Tucuman\",\"isPartOf\":{\"@id\":\"https:\\\/\\\/www.eldiariodetucuman.com\\\/web\\\/#website\"},\"primaryImageOfPage\":{\"@id\":\"https:\\\/\\\/www.eldiariodetucuman.com\\\/web\\\/tiene-80-anos-y-dicta-cursos-para-aprender-a-usar-tecnologia\\\/#primaryimage\"},\"image\":{\"@id\":\"https:\\\/\\\/www.eldiariodetucuman.com\\\/web\\\/tiene-80-anos-y-dicta-cursos-para-aprender-a-usar-tecnologia\\\/#primaryimage\"},\"thumbnailUrl\":\"https:\\\/\\\/www.eldiariodetucuman.com\\\/web\\\/wp-content\\\/uploads\\\/2018\\\/02\\\/719730d562d7a8739c970983b26db475.jpeg\",\"datePublished\":\"2018-02-01T15:56:24+00:00\",\"breadcrumb\":{\"@id\":\"https:\\\/\\\/www.eldiariodetucuman.com\\\/web\\\/tiene-80-anos-y-dicta-cursos-para-aprender-a-usar-tecnologia\\\/#breadcrumb\"},\"inLanguage\":\"es\",\"potentialAction\":[{\"@type\":\"ReadAction\",\"target\":[\"https:\\\/\\\/www.eldiariodetucuman.com\\\/web\\\/tiene-80-anos-y-dicta-cursos-para-aprender-a-usar-tecnologia\\\/\"]}]},{\"@type\":\"ImageObject\",\"inLanguage\":\"es\",\"@id\":\"https:\\\/\\\/www.eldiariodetucuman.com\\\/web\\\/tiene-80-anos-y-dicta-cursos-para-aprender-a-usar-tecnologia\\\/#primaryimage\",\"url\":\"https:\\\/\\\/www.eldiariodetucuman.com\\\/web\\\/wp-content\\\/uploads\\\/2018\\\/02\\\/719730d562d7a8739c970983b26db475.jpeg\",\"contentUrl\":\"https:\\\/\\\/www.eldiariodetucuman.com\\\/web\\\/wp-content\\\/uploads\\\/2018\\\/02\\\/719730d562d7a8739c970983b26db475.jpeg\",\"width\":1032,\"height\":688},{\"@type\":\"BreadcrumbList\",\"@id\":\"https:\\\/\\\/www.eldiariodetucuman.com\\\/web\\\/tiene-80-anos-y-dicta-cursos-para-aprender-a-usar-tecnologia\\\/#breadcrumb\",\"itemListElement\":[{\"@type\":\"ListItem\",\"position\":1,\"name\":\"Portada\",\"item\":\"https:\\\/\\\/www.eldiariodetucuman.com\\\/web\\\/\"},{\"@type\":\"ListItem\",\"position\":2,\"name\":\"Tiene 80 a\u00f1os y dicta cursos para aprender a usar tecnolog\u00eda\"}]},{\"@type\":\"WebSite\",\"@id\":\"https:\\\/\\\/www.eldiariodetucuman.com\\\/web\\\/#website\",\"url\":\"https:\\\/\\\/www.eldiariodetucuman.com\\\/web\\\/\",\"name\":\"El Diario de Tucuman\",\"description\":\"Diario Tucuman - Informaci\u00f3n y noticias\",\"publisher\":{\"@id\":\"https:\\\/\\\/www.eldiariodetucuman.com\\\/web\\\/#organization\"},\"potentialAction\":[{\"@type\":\"SearchAction\",\"target\":{\"@type\":\"EntryPoint\",\"urlTemplate\":\"https:\\\/\\\/www.eldiariodetucuman.com\\\/web\\\/?s={search_term_string}\"},\"query-input\":{\"@type\":\"PropertyValueSpecification\",\"valueRequired\":true,\"valueName\":\"search_term_string\"}}],\"inLanguage\":\"es\"},{\"@type\":\"Organization\",\"@id\":\"https:\\\/\\\/www.eldiariodetucuman.com\\\/web\\\/#organization\",\"name\":\"El Diario de Tucuman\",\"url\":\"https:\\\/\\\/www.eldiariodetucuman.com\\\/web\\\/\",\"logo\":{\"@type\":\"ImageObject\",\"inLanguage\":\"es\",\"@id\":\"https:\\\/\\\/www.eldiariodetucuman.com\\\/web\\\/#\\\/schema\\\/logo\\\/image\\\/\",\"url\":\"http:\\\/\\\/www.eldiariodetucuman.com\\\/web\\\/wp-content\\\/uploads\\\/2017\\\/12\\\/el-diario-de-tucuman.jpg\",\"contentUrl\":\"http:\\\/\\\/www.eldiariodetucuman.com\\\/web\\\/wp-content\\\/uploads\\\/2017\\\/12\\\/el-diario-de-tucuman.jpg\",\"width\":272,\"height\":92,\"caption\":\"El Diario de Tucuman\"},\"image\":{\"@id\":\"https:\\\/\\\/www.eldiariodetucuman.com\\\/web\\\/#\\\/schema\\\/logo\\\/image\\\/\"}},{\"@type\":\"Person\",\"@id\":\"https:\\\/\\\/www.eldiariodetucuman.com\\\/web\\\/#\\\/schema\\\/person\\\/6f95946e54fde848b878ffa4928071d5\",\"name\":\"eldiario detucuman\",\"image\":{\"@type\":\"ImageObject\",\"inLanguage\":\"es\",\"@id\":\"https:\\\/\\\/secure.gravatar.com\\\/avatar\\\/b6e1f89c5c4044c4962c8e6c20b1ca2cc99f549c965908afd4ec5308b3f51bfe?s=96&d=mm&r=g\",\"url\":\"https:\\\/\\\/secure.gravatar.com\\\/avatar\\\/b6e1f89c5c4044c4962c8e6c20b1ca2cc99f549c965908afd4ec5308b3f51bfe?s=96&d=mm&r=g\",\"contentUrl\":\"https:\\\/\\\/secure.gravatar.com\\\/avatar\\\/b6e1f89c5c4044c4962c8e6c20b1ca2cc99f549c965908afd4ec5308b3f51bfe?s=96&d=mm&r=g\",\"caption\":\"eldiario detucuman\"},\"url\":\"https:\\\/\\\/www.eldiariodetucuman.com\\\/web\\\/author\\\/eldiariodetucuman\\\/\"}]}<\/script>\n<!-- \/ Yoast SEO plugin. -->","yoast_head_json":{"title":"Tiene 80 a\u00f1os y dicta cursos para aprender a usar tecnolog\u00eda - El Diario de Tucuman","robots":{"index":"index","follow":"follow","max-snippet":"max-snippet:-1","max-image-preview":"max-image-preview:large","max-video-preview":"max-video-preview:-1"},"canonical":"https:\/\/www.eldiariodetucuman.com\/web\/tiene-80-anos-y-dicta-cursos-para-aprender-a-usar-tecnologia\/","og_locale":"es_ES","og_type":"article","og_title":"Tiene 80 a\u00f1os y dicta cursos para aprender a usar tecnolog\u00eda - El Diario de Tucuman","og_description":"Entusiasta de la inform\u00e1tica, Juan Savio le ense\u00f1a gratis a otros adultos mayores a amigarse con Whatsapp y Skype \u00abNo, no molest\u00e1s. Yo digo siempre: si la gente no me molesta me muero de hambre\u00bb. Juan Savio est\u00e1 a punto de cumplir los 80 a\u00f1os y tiene una energ\u00eda que sorprende. Le gusta que lo [&hellip;]","og_url":"https:\/\/www.eldiariodetucuman.com\/web\/tiene-80-anos-y-dicta-cursos-para-aprender-a-usar-tecnologia\/","og_site_name":"El Diario de Tucuman","article_published_time":"2018-02-01T15:56:24+00:00","og_image":[{"width":1032,"height":688,"url":"https:\/\/www.eldiariodetucuman.com\/web\/wp-content\/uploads\/2018\/02\/719730d562d7a8739c970983b26db475.jpeg","type":"image\/jpeg"}],"author":"eldiario detucuman","twitter_card":"summary_large_image","twitter_misc":{"Escrito por":"eldiario detucuman","Tiempo de lectura":"4 minutos"},"schema":{"@context":"https:\/\/schema.org","@graph":[{"@type":"Article","@id":"https:\/\/www.eldiariodetucuman.com\/web\/tiene-80-anos-y-dicta-cursos-para-aprender-a-usar-tecnologia\/#article","isPartOf":{"@id":"https:\/\/www.eldiariodetucuman.com\/web\/tiene-80-anos-y-dicta-cursos-para-aprender-a-usar-tecnologia\/"},"author":{"name":"eldiario detucuman","@id":"https:\/\/www.eldiariodetucuman.com\/web\/#\/schema\/person\/6f95946e54fde848b878ffa4928071d5"},"headline":"Tiene 80 a\u00f1os y dicta cursos para aprender a usar tecnolog\u00eda","datePublished":"2018-02-01T15:56:24+00:00","mainEntityOfPage":{"@id":"https:\/\/www.eldiariodetucuman.com\/web\/tiene-80-anos-y-dicta-cursos-para-aprender-a-usar-tecnologia\/"},"wordCount":739,"commentCount":0,"publisher":{"@id":"https:\/\/www.eldiariodetucuman.com\/web\/#organization"},"image":{"@id":"https:\/\/www.eldiariodetucuman.com\/web\/tiene-80-anos-y-dicta-cursos-para-aprender-a-usar-tecnologia\/#primaryimage"},"thumbnailUrl":"https:\/\/www.eldiariodetucuman.com\/web\/wp-content\/uploads\/2018\/02\/719730d562d7a8739c970983b26db475.jpeg","articleSection":["ciencia y tecnologia"],"inLanguage":"es","potentialAction":[{"@type":"CommentAction","name":"Comment","target":["https:\/\/www.eldiariodetucuman.com\/web\/tiene-80-anos-y-dicta-cursos-para-aprender-a-usar-tecnologia\/#respond"]}]},{"@type":"WebPage","@id":"https:\/\/www.eldiariodetucuman.com\/web\/tiene-80-anos-y-dicta-cursos-para-aprender-a-usar-tecnologia\/","url":"https:\/\/www.eldiariodetucuman.com\/web\/tiene-80-anos-y-dicta-cursos-para-aprender-a-usar-tecnologia\/","name":"Tiene 80 a\u00f1os y dicta cursos para aprender a usar tecnolog\u00eda - El Diario de Tucuman","isPartOf":{"@id":"https:\/\/www.eldiariodetucuman.com\/web\/#website"},"primaryImageOfPage":{"@id":"https:\/\/www.eldiariodetucuman.com\/web\/tiene-80-anos-y-dicta-cursos-para-aprender-a-usar-tecnologia\/#primaryimage"},"image":{"@id":"https:\/\/www.eldiariodetucuman.com\/web\/tiene-80-anos-y-dicta-cursos-para-aprender-a-usar-tecnologia\/#primaryimage"},"thumbnailUrl":"https:\/\/www.eldiariodetucuman.com\/web\/wp-content\/uploads\/2018\/02\/719730d562d7a8739c970983b26db475.jpeg","datePublished":"2018-02-01T15:56:24+00:00","breadcrumb":{"@id":"https:\/\/www.eldiariodetucuman.com\/web\/tiene-80-anos-y-dicta-cursos-para-aprender-a-usar-tecnologia\/#breadcrumb"},"inLanguage":"es","potentialAction":[{"@type":"ReadAction","target":["https:\/\/www.eldiariodetucuman.com\/web\/tiene-80-anos-y-dicta-cursos-para-aprender-a-usar-tecnologia\/"]}]},{"@type":"ImageObject","inLanguage":"es","@id":"https:\/\/www.eldiariodetucuman.com\/web\/tiene-80-anos-y-dicta-cursos-para-aprender-a-usar-tecnologia\/#primaryimage","url":"https:\/\/www.eldiariodetucuman.com\/web\/wp-content\/uploads\/2018\/02\/719730d562d7a8739c970983b26db475.jpeg","contentUrl":"https:\/\/www.eldiariodetucuman.com\/web\/wp-content\/uploads\/2018\/02\/719730d562d7a8739c970983b26db475.jpeg","width":1032,"height":688},{"@type":"BreadcrumbList","@id":"https:\/\/www.eldiariodetucuman.com\/web\/tiene-80-anos-y-dicta-cursos-para-aprender-a-usar-tecnologia\/#breadcrumb","itemListElement":[{"@type":"ListItem","position":1,"name":"Portada","item":"https:\/\/www.eldiariodetucuman.com\/web\/"},{"@type":"ListItem","position":2,"name":"Tiene 80 a\u00f1os y dicta cursos para aprender a usar tecnolog\u00eda"}]},{"@type":"WebSite","@id":"https:\/\/www.eldiariodetucuman.com\/web\/#website","url":"https:\/\/www.eldiariodetucuman.com\/web\/","name":"El Diario de Tucuman","description":"Diario Tucuman - Informaci\u00f3n y noticias","publisher":{"@id":"https:\/\/www.eldiariodetucuman.com\/web\/#organization"},"potentialAction":[{"@type":"SearchAction","target":{"@type":"EntryPoint","urlTemplate":"https:\/\/www.eldiariodetucuman.com\/web\/?s={search_term_string}"},"query-input":{"@type":"PropertyValueSpecification","valueRequired":true,"valueName":"search_term_string"}}],"inLanguage":"es"},{"@type":"Organization","@id":"https:\/\/www.eldiariodetucuman.com\/web\/#organization","name":"El Diario de Tucuman","url":"https:\/\/www.eldiariodetucuman.com\/web\/","logo":{"@type":"ImageObject","inLanguage":"es","@id":"https:\/\/www.eldiariodetucuman.com\/web\/#\/schema\/logo\/image\/","url":"http:\/\/www.eldiariodetucuman.com\/web\/wp-content\/uploads\/2017\/12\/el-diario-de-tucuman.jpg","contentUrl":"http:\/\/www.eldiariodetucuman.com\/web\/wp-content\/uploads\/2017\/12\/el-diario-de-tucuman.jpg","width":272,"height":92,"caption":"El Diario de Tucuman"},"image":{"@id":"https:\/\/www.eldiariodetucuman.com\/web\/#\/schema\/logo\/image\/"}},{"@type":"Person","@id":"https:\/\/www.eldiariodetucuman.com\/web\/#\/schema\/person\/6f95946e54fde848b878ffa4928071d5","name":"eldiario detucuman","image":{"@type":"ImageObject","inLanguage":"es","@id":"https:\/\/secure.gravatar.com\/avatar\/b6e1f89c5c4044c4962c8e6c20b1ca2cc99f549c965908afd4ec5308b3f51bfe?s=96&d=mm&r=g","url":"https:\/\/secure.gravatar.com\/avatar\/b6e1f89c5c4044c4962c8e6c20b1ca2cc99f549c965908afd4ec5308b3f51bfe?s=96&d=mm&r=g","contentUrl":"https:\/\/secure.gravatar.com\/avatar\/b6e1f89c5c4044c4962c8e6c20b1ca2cc99f549c965908afd4ec5308b3f51bfe?s=96&d=mm&r=g","caption":"eldiario detucuman"},"url":"https:\/\/www.eldiariodetucuman.com\/web\/author\/eldiariodetucuman\/"}]}},"_links":{"self":[{"href":"https:\/\/www.eldiariodetucuman.com\/web\/wp-json\/wp\/v2\/posts\/5080","targetHints":{"allow":["GET"]}}],"collection":[{"href":"https:\/\/www.eldiariodetucuman.com\/web\/wp-json\/wp\/v2\/posts"}],"about":[{"href":"https:\/\/www.eldiariodetucuman.com\/web\/wp-json\/wp\/v2\/types\/post"}],"author":[{"embeddable":true,"href":"https:\/\/www.eldiariodetucuman.com\/web\/wp-json\/wp\/v2\/users\/4"}],"replies":[{"embeddable":true,"href":"https:\/\/www.eldiariodetucuman.com\/web\/wp-json\/wp\/v2\/comments?post=5080"}],"version-history":[{"count":0,"href":"https:\/\/www.eldiariodetucuman.com\/web\/wp-json\/wp\/v2\/posts\/5080\/revisions"}],"wp:featuredmedia":[{"embeddable":true,"href":"https:\/\/www.eldiariodetucuman.com\/web\/wp-json\/wp\/v2\/media\/5081"}],"wp:attachment":[{"href":"https:\/\/www.eldiariodetucuman.com\/web\/wp-json\/wp\/v2\/media?parent=5080"}],"wp:term":[{"taxonomy":"category","embeddable":true,"href":"https:\/\/www.eldiariodetucuman.com\/web\/wp-json\/wp\/v2\/categories?post=5080"},{"taxonomy":"post_tag","embeddable":true,"href":"https:\/\/www.eldiariodetucuman.com\/web\/wp-json\/wp\/v2\/tags?post=5080"}],"curies":[{"name":"wp","href":"https:\/\/api.w.org\/{rel}","templated":true}]}}