{"id":4999,"date":"2018-01-26T20:24:19","date_gmt":"2018-01-26T23:24:19","guid":{"rendered":"http:\/\/www.eldiariodetucuman.com\/web\/?p=4999"},"modified":"2018-01-26T20:24:19","modified_gmt":"2018-01-26T23:24:19","slug":"4999-2","status":"publish","type":"post","link":"https:\/\/www.eldiariodetucuman.com\/web\/4999-2\/","title":{"rendered":"Un medio argentino es el primero de habla hispana en el mundo que env\u00eda noticias a trav\u00e9s de WhatsApp"},"content":{"rendered":"<div id=\"f0b6HaVwW08MHq\" class=\"wrapper clearfix col-lg-12 pb-feature pb-layout-item pb-f-article-header col-md-12 col-sm-12 col-xs-12 no-align\">\n<div class=\"row\">\n<header class=\"article-header hed-first col-sm-12\">Infobae abri\u00f3 un nuevo canal de comunicaci\u00f3n con el p\u00fablico interesado en estar informado en tiempo real.<\/p>\n<\/header>\n<\/div>\n<\/div>\n<p><!--more--><\/p>\n<div id=\"f9vPX11wW08MHq\" class=\"wrapper clearfix col-lg-12 col-md-12 pb-feature pb-layout-item pb-f-article-byline col-sm-12 col-xs-12 no-align\">\n<div class=\"byline col-xs-12 col-print-12\">\n<div class=\"byline-author\"><\/div>\n<\/div>\n<\/div>\n<div id=\"c0IMHsawW08MHq\" class=\"col-md-8 col-sm-12 col-xs-12 pb-layout-item pb-chain pb-c-list-chain left-align\">\n<div id=\"f0eHZKUwW08MHq\" class=\"wrapper clearfix full pb-feature pb-layout-item pb-f-article-body no-align\">\n<div id=\"article-body\" class=\"article-body article-body-elements\">\n<div id=\"article-content\">\n<div class=\"row\">\n<div class=\"element element-rawhtml col-xs-12\">\u00a0<img decoding=\"async\" id=\"4V7BO5NULNBRRESXN6H4FWAPXA\" class=\"image-lazy\" src=\"https:\/\/www.infobae.com\/new-resizer\/XBJGWcEkqrDG3AeR4qyZX17Lh6E=\/600x0\/filters:quality(100)\/s3.amazonaws.com\/arc-wordpress-client-uploads\/infobae-wp\/wp-content\/uploads\/2018\/01\/22201104\/WhatsApp-LOCAL-8.jpg\" alt=\"\" width=\"750\" height=\"421.875\" data-url=\"http:\/\/www.infobae.com\/tecno\/2018\/01\/22\/infobae-sera-el-primer-medio-de-habla-hispana-en-el-mundo-que-enviara-noticias-a-traves-whatsapp\/%234V7BO5NULNBRRESXN6H4FWAPXA\" data-original=\"https:\/\/www.infobae.com\/new-resizer\/XBJGWcEkqrDG3AeR4qyZX17Lh6E=\/600x0\/filters:quality(100)\/s3.amazonaws.com\/arc-wordpress-client-uploads\/infobae-wp\/wp-content\/uploads\/2018\/01\/22201104\/WhatsApp-LOCAL-8.jpg\" \/><\/div>\n<\/div>\n<div class=\"row\"><\/div>\n<div class=\"row\">\n<div class=\"col-xs-12 col-print-12\">\n<p class=\"element element-paragraph\"><strong>Infobae<\/strong>\u00a0es el\u00a0<strong>primer medio de habla hispana<\/strong>\u00a0en el mundo que utiliza el servicio de mensajer\u00eda instant\u00e1nea de\u00a0<strong>WhatsApp<\/strong>\u00a0para informar a\u00a0sus usuarios\u00a0<strong>en forma gratuita<\/strong>.<\/p>\n<\/div>\n<\/div>\n<div class=\"row\">\n<div class=\"col-xs-12 col-print-12\">\n<p class=\"element element-paragraph\">Agreg\u00e1 simplemente el n\u00famero\u00a0<strong>+1 786 557 7697<\/strong>\u00a0a tus contactos en el celular. Mandanos un mensaje y empezar\u00e1s a recibir el servicio de alertas de\u00a0<strong>Infobae<\/strong>.<\/p>\n<\/div>\n<\/div>\n<div class=\"row\">\n<div class=\"col-xs-12 col-print-12\">\n<p class=\"element element-paragraph\">El servicio de mensajer\u00eda propiedad de Facebook estuvo a prueba durante un a\u00f1o y a partir de hoy est\u00e1 disponible para todos los usuarios de\u00a0<strong>Infobae<\/strong>.<\/p>\n<div class=\"teads-inread\">\n<div><\/div>\n<\/div>\n<\/div>\n<\/div>\n<div class=\"row\">\n<div id=\"\" class=\"wrapper clearfix pb-feature pb-layout-item pb-f-ads-dfp left-align\">\n<div class=\"border-bottom-\"><\/div>\n<\/div>\n<div class=\"col-xs-12 col-print-12\">\n<p class=\"element element-paragraph\">WhatsApp e\u00a0<strong>Infobae<\/strong>\u00a0ofrecen una oportunidad \u00fanica de informarse en tiempo real de manera mucho m\u00e1s r\u00e1pida y sencilla.<\/p>\n<p><strong>Fuente:<\/strong>\u00a0<a href=\"https:\/\/www.infobae.com\/tecno\/2018\/01\/22\/infobae-sera-el-primer-medio-de-habla-hispana-en-el-mundo-que-enviara-noticias-a-traves-whatsapp\/\">https:\/\/www.infobae.com\/tecno\/2018\/01\/22\/infobae-sera-el-primer-medio-de-habla-hispana-en-el-mundo-que-enviara-noticias-a-traves-whatsapp\/<\/a><\/p>\n<\/div>\n<\/div>\n<\/div>\n<\/div>\n<\/div>\n<\/div>\n","protected":false},"excerpt":{"rendered":"<p>Infobae abri\u00f3 un nuevo canal de comunicaci\u00f3n con el p\u00fablico interesado en estar informado en tiempo real.<\/p>\n","protected":false},"author":5,"featured_media":5000,"comment_status":"closed","ping_status":"open","sticky":false,"template":"","format":"standard","meta":{"footnotes":""},"categories":[154],"tags":[134,461,173,18],"class_list":{"0":"post-4999","1":"post","2":"type-post","3":"status-publish","4":"format-standard","5":"has-post-thumbnail","7":"category-ciencia-y-tecnologia","8":"tag-argentina","9":"tag-mundo","10":"tag-noticias","11":"tag-tecnologia"},"yoast_head":"<!-- This site is optimized with the Yoast SEO plugin v27.4 - https:\/\/yoast.com\/product\/yoast-seo-wordpress\/ -->\n<title>Un medio argentino es el primero de habla hispana en el mundo que env\u00eda noticias a trav\u00e9s de WhatsApp<\/title>\n<meta name=\"description\" content=\"Infobae abri\u00f3 un nuevo canal de comunicaci\u00f3n con el p\u00fablico interesado en estar informado en tiempo real.\" \/>\n<meta name=\"robots\" content=\"index, follow, max-snippet:-1, max-image-preview:large, max-video-preview:-1\" \/>\n<link rel=\"canonical\" href=\"https:\/\/www.eldiariodetucuman.com\/web\/4999-2\/\" \/>\n<meta property=\"og:locale\" content=\"es_ES\" \/>\n<meta property=\"og:type\" content=\"article\" \/>\n<meta property=\"og:title\" content=\"Un medio argentino es el primero de habla hispana en el mundo que env\u00eda noticias a trav\u00e9s de WhatsApp\" \/>\n<meta property=\"og:description\" content=\"Infobae abri\u00f3 un nuevo canal de comunicaci\u00f3n con el p\u00fablico interesado en estar informado en tiempo real.\" \/>\n<meta property=\"og:url\" content=\"https:\/\/www.eldiariodetucuman.com\/web\/4999-2\/\" \/>\n<meta property=\"og:site_name\" content=\"El Diario de Tucuman\" \/>\n<meta property=\"article:published_time\" content=\"2018-01-26T23:24:19+00:00\" \/>\n<meta property=\"og:image\" content=\"https:\/\/www.eldiariodetucuman.com\/web\/wp-content\/uploads\/2018\/01\/noticiaswhatsapp.png\" \/>\n\t<meta property=\"og:image:width\" content=\"720\" \/>\n\t<meta property=\"og:image:height\" content=\"360\" \/>\n\t<meta property=\"og:image:type\" content=\"image\/png\" \/>\n<meta name=\"author\" content=\"Redactor Uno\" \/>\n<meta name=\"twitter:card\" content=\"summary_large_image\" \/>\n<meta name=\"twitter:label1\" content=\"Escrito por\" \/>\n\t<meta name=\"twitter:data1\" content=\"Redactor Uno\" \/>\n\t<meta name=\"twitter:label2\" content=\"Tiempo de lectura\" \/>\n\t<meta name=\"twitter:data2\" content=\"1 minuto\" \/>\n<script type=\"application\/ld+json\" class=\"yoast-schema-graph\">{\"@context\":\"https:\\\/\\\/schema.org\",\"@graph\":[{\"@type\":\"Article\",\"@id\":\"https:\\\/\\\/www.eldiariodetucuman.com\\\/web\\\/4999-2\\\/#article\",\"isPartOf\":{\"@id\":\"https:\\\/\\\/www.eldiariodetucuman.com\\\/web\\\/4999-2\\\/\"},\"author\":{\"name\":\"Redactor Uno\",\"@id\":\"https:\\\/\\\/www.eldiariodetucuman.com\\\/web\\\/#\\\/schema\\\/person\\\/7e6644a46e60888f6b868594407e08dd\"},\"headline\":\"Un medio argentino es el primero de habla hispana en el mundo que env\u00eda noticias a trav\u00e9s de WhatsApp\",\"datePublished\":\"2018-01-26T23:24:19+00:00\",\"mainEntityOfPage\":{\"@id\":\"https:\\\/\\\/www.eldiariodetucuman.com\\\/web\\\/4999-2\\\/\"},\"wordCount\":151,\"publisher\":{\"@id\":\"https:\\\/\\\/www.eldiariodetucuman.com\\\/web\\\/#organization\"},\"image\":{\"@id\":\"https:\\\/\\\/www.eldiariodetucuman.com\\\/web\\\/4999-2\\\/#primaryimage\"},\"thumbnailUrl\":\"https:\\\/\\\/www.eldiariodetucuman.com\\\/web\\\/wp-content\\\/uploads\\\/2018\\\/01\\\/noticiaswhatsapp.png\",\"keywords\":[\"Argentina\",\"mundo\",\"noticias\",\"Tecnologia\"],\"articleSection\":[\"ciencia y tecnologia\"],\"inLanguage\":\"es\"},{\"@type\":\"WebPage\",\"@id\":\"https:\\\/\\\/www.eldiariodetucuman.com\\\/web\\\/4999-2\\\/\",\"url\":\"https:\\\/\\\/www.eldiariodetucuman.com\\\/web\\\/4999-2\\\/\",\"name\":\"Un medio argentino es el primero de habla hispana en el mundo que env\u00eda noticias a trav\u00e9s de WhatsApp\",\"isPartOf\":{\"@id\":\"https:\\\/\\\/www.eldiariodetucuman.com\\\/web\\\/#website\"},\"primaryImageOfPage\":{\"@id\":\"https:\\\/\\\/www.eldiariodetucuman.com\\\/web\\\/4999-2\\\/#primaryimage\"},\"image\":{\"@id\":\"https:\\\/\\\/www.eldiariodetucuman.com\\\/web\\\/4999-2\\\/#primaryimage\"},\"thumbnailUrl\":\"https:\\\/\\\/www.eldiariodetucuman.com\\\/web\\\/wp-content\\\/uploads\\\/2018\\\/01\\\/noticiaswhatsapp.png\",\"datePublished\":\"2018-01-26T23:24:19+00:00\",\"description\":\"Infobae abri\u00f3 un nuevo canal de comunicaci\u00f3n con el p\u00fablico interesado en estar informado en tiempo real.\",\"breadcrumb\":{\"@id\":\"https:\\\/\\\/www.eldiariodetucuman.com\\\/web\\\/4999-2\\\/#breadcrumb\"},\"inLanguage\":\"es\",\"potentialAction\":[{\"@type\":\"ReadAction\",\"target\":[\"https:\\\/\\\/www.eldiariodetucuman.com\\\/web\\\/4999-2\\\/\"]}]},{\"@type\":\"ImageObject\",\"inLanguage\":\"es\",\"@id\":\"https:\\\/\\\/www.eldiariodetucuman.com\\\/web\\\/4999-2\\\/#primaryimage\",\"url\":\"https:\\\/\\\/www.eldiariodetucuman.com\\\/web\\\/wp-content\\\/uploads\\\/2018\\\/01\\\/noticiaswhatsapp.png\",\"contentUrl\":\"https:\\\/\\\/www.eldiariodetucuman.com\\\/web\\\/wp-content\\\/uploads\\\/2018\\\/01\\\/noticiaswhatsapp.png\",\"width\":720,\"height\":360},{\"@type\":\"BreadcrumbList\",\"@id\":\"https:\\\/\\\/www.eldiariodetucuman.com\\\/web\\\/4999-2\\\/#breadcrumb\",\"itemListElement\":[{\"@type\":\"ListItem\",\"position\":1,\"name\":\"Portada\",\"item\":\"https:\\\/\\\/www.eldiariodetucuman.com\\\/web\\\/\"},{\"@type\":\"ListItem\",\"position\":2,\"name\":\"Un medio argentino es el primero de habla hispana en el mundo que env\u00eda noticias a trav\u00e9s de WhatsApp\"}]},{\"@type\":\"WebSite\",\"@id\":\"https:\\\/\\\/www.eldiariodetucuman.com\\\/web\\\/#website\",\"url\":\"https:\\\/\\\/www.eldiariodetucuman.com\\\/web\\\/\",\"name\":\"El Diario de Tucuman\",\"description\":\"Diario Tucuman - Informaci\u00f3n y noticias\",\"publisher\":{\"@id\":\"https:\\\/\\\/www.eldiariodetucuman.com\\\/web\\\/#organization\"},\"potentialAction\":[{\"@type\":\"SearchAction\",\"target\":{\"@type\":\"EntryPoint\",\"urlTemplate\":\"https:\\\/\\\/www.eldiariodetucuman.com\\\/web\\\/?s={search_term_string}\"},\"query-input\":{\"@type\":\"PropertyValueSpecification\",\"valueRequired\":true,\"valueName\":\"search_term_string\"}}],\"inLanguage\":\"es\"},{\"@type\":\"Organization\",\"@id\":\"https:\\\/\\\/www.eldiariodetucuman.com\\\/web\\\/#organization\",\"name\":\"El Diario de Tucuman\",\"url\":\"https:\\\/\\\/www.eldiariodetucuman.com\\\/web\\\/\",\"logo\":{\"@type\":\"ImageObject\",\"inLanguage\":\"es\",\"@id\":\"https:\\\/\\\/www.eldiariodetucuman.com\\\/web\\\/#\\\/schema\\\/logo\\\/image\\\/\",\"url\":\"http:\\\/\\\/www.eldiariodetucuman.com\\\/web\\\/wp-content\\\/uploads\\\/2017\\\/12\\\/el-diario-de-tucuman.jpg\",\"contentUrl\":\"http:\\\/\\\/www.eldiariodetucuman.com\\\/web\\\/wp-content\\\/uploads\\\/2017\\\/12\\\/el-diario-de-tucuman.jpg\",\"width\":272,\"height\":92,\"caption\":\"El Diario de Tucuman\"},\"image\":{\"@id\":\"https:\\\/\\\/www.eldiariodetucuman.com\\\/web\\\/#\\\/schema\\\/logo\\\/image\\\/\"}},{\"@type\":\"Person\",\"@id\":\"https:\\\/\\\/www.eldiariodetucuman.com\\\/web\\\/#\\\/schema\\\/person\\\/7e6644a46e60888f6b868594407e08dd\",\"name\":\"Redactor Uno\",\"image\":{\"@type\":\"ImageObject\",\"inLanguage\":\"es\",\"@id\":\"https:\\\/\\\/secure.gravatar.com\\\/avatar\\\/0049b1bdf1bd548385c9ea6b9356431717930913089febd2ba904f0187d7d074?s=96&d=mm&r=g\",\"url\":\"https:\\\/\\\/secure.gravatar.com\\\/avatar\\\/0049b1bdf1bd548385c9ea6b9356431717930913089febd2ba904f0187d7d074?s=96&d=mm&r=g\",\"contentUrl\":\"https:\\\/\\\/secure.gravatar.com\\\/avatar\\\/0049b1bdf1bd548385c9ea6b9356431717930913089febd2ba904f0187d7d074?s=96&d=mm&r=g\",\"caption\":\"Redactor Uno\"},\"url\":\"https:\\\/\\\/www.eldiariodetucuman.com\\\/web\\\/author\\\/mramasco\\\/\"}]}<\/script>\n<!-- \/ Yoast SEO plugin. -->","yoast_head_json":{"title":"Un medio argentino es el primero de habla hispana en el mundo que env\u00eda noticias a trav\u00e9s de WhatsApp","description":"Infobae abri\u00f3 un nuevo canal de comunicaci\u00f3n con el p\u00fablico interesado en estar informado en tiempo real.","robots":{"index":"index","follow":"follow","max-snippet":"max-snippet:-1","max-image-preview":"max-image-preview:large","max-video-preview":"max-video-preview:-1"},"canonical":"https:\/\/www.eldiariodetucuman.com\/web\/4999-2\/","og_locale":"es_ES","og_type":"article","og_title":"Un medio argentino es el primero de habla hispana en el mundo que env\u00eda noticias a trav\u00e9s de WhatsApp","og_description":"Infobae abri\u00f3 un nuevo canal de comunicaci\u00f3n con el p\u00fablico interesado en estar informado en tiempo real.","og_url":"https:\/\/www.eldiariodetucuman.com\/web\/4999-2\/","og_site_name":"El Diario de Tucuman","article_published_time":"2018-01-26T23:24:19+00:00","og_image":[{"width":720,"height":360,"url":"https:\/\/www.eldiariodetucuman.com\/web\/wp-content\/uploads\/2018\/01\/noticiaswhatsapp.png","type":"image\/png"}],"author":"Redactor Uno","twitter_card":"summary_large_image","twitter_misc":{"Escrito por":"Redactor Uno","Tiempo de lectura":"1 minuto"},"schema":{"@context":"https:\/\/schema.org","@graph":[{"@type":"Article","@id":"https:\/\/www.eldiariodetucuman.com\/web\/4999-2\/#article","isPartOf":{"@id":"https:\/\/www.eldiariodetucuman.com\/web\/4999-2\/"},"author":{"name":"Redactor Uno","@id":"https:\/\/www.eldiariodetucuman.com\/web\/#\/schema\/person\/7e6644a46e60888f6b868594407e08dd"},"headline":"Un medio argentino es el primero de habla hispana en el mundo que env\u00eda noticias a trav\u00e9s de WhatsApp","datePublished":"2018-01-26T23:24:19+00:00","mainEntityOfPage":{"@id":"https:\/\/www.eldiariodetucuman.com\/web\/4999-2\/"},"wordCount":151,"publisher":{"@id":"https:\/\/www.eldiariodetucuman.com\/web\/#organization"},"image":{"@id":"https:\/\/www.eldiariodetucuman.com\/web\/4999-2\/#primaryimage"},"thumbnailUrl":"https:\/\/www.eldiariodetucuman.com\/web\/wp-content\/uploads\/2018\/01\/noticiaswhatsapp.png","keywords":["Argentina","mundo","noticias","Tecnologia"],"articleSection":["ciencia y tecnologia"],"inLanguage":"es"},{"@type":"WebPage","@id":"https:\/\/www.eldiariodetucuman.com\/web\/4999-2\/","url":"https:\/\/www.eldiariodetucuman.com\/web\/4999-2\/","name":"Un medio argentino es el primero de habla hispana en el mundo que env\u00eda noticias a trav\u00e9s de WhatsApp","isPartOf":{"@id":"https:\/\/www.eldiariodetucuman.com\/web\/#website"},"primaryImageOfPage":{"@id":"https:\/\/www.eldiariodetucuman.com\/web\/4999-2\/#primaryimage"},"image":{"@id":"https:\/\/www.eldiariodetucuman.com\/web\/4999-2\/#primaryimage"},"thumbnailUrl":"https:\/\/www.eldiariodetucuman.com\/web\/wp-content\/uploads\/2018\/01\/noticiaswhatsapp.png","datePublished":"2018-01-26T23:24:19+00:00","description":"Infobae abri\u00f3 un nuevo canal de comunicaci\u00f3n con el p\u00fablico interesado en estar informado en tiempo real.","breadcrumb":{"@id":"https:\/\/www.eldiariodetucuman.com\/web\/4999-2\/#breadcrumb"},"inLanguage":"es","potentialAction":[{"@type":"ReadAction","target":["https:\/\/www.eldiariodetucuman.com\/web\/4999-2\/"]}]},{"@type":"ImageObject","inLanguage":"es","@id":"https:\/\/www.eldiariodetucuman.com\/web\/4999-2\/#primaryimage","url":"https:\/\/www.eldiariodetucuman.com\/web\/wp-content\/uploads\/2018\/01\/noticiaswhatsapp.png","contentUrl":"https:\/\/www.eldiariodetucuman.com\/web\/wp-content\/uploads\/2018\/01\/noticiaswhatsapp.png","width":720,"height":360},{"@type":"BreadcrumbList","@id":"https:\/\/www.eldiariodetucuman.com\/web\/4999-2\/#breadcrumb","itemListElement":[{"@type":"ListItem","position":1,"name":"Portada","item":"https:\/\/www.eldiariodetucuman.com\/web\/"},{"@type":"ListItem","position":2,"name":"Un medio argentino es el primero de habla hispana en el mundo que env\u00eda noticias a trav\u00e9s de WhatsApp"}]},{"@type":"WebSite","@id":"https:\/\/www.eldiariodetucuman.com\/web\/#website","url":"https:\/\/www.eldiariodetucuman.com\/web\/","name":"El Diario de Tucuman","description":"Diario Tucuman - Informaci\u00f3n y noticias","publisher":{"@id":"https:\/\/www.eldiariodetucuman.com\/web\/#organization"},"potentialAction":[{"@type":"SearchAction","target":{"@type":"EntryPoint","urlTemplate":"https:\/\/www.eldiariodetucuman.com\/web\/?s={search_term_string}"},"query-input":{"@type":"PropertyValueSpecification","valueRequired":true,"valueName":"search_term_string"}}],"inLanguage":"es"},{"@type":"Organization","@id":"https:\/\/www.eldiariodetucuman.com\/web\/#organization","name":"El Diario de Tucuman","url":"https:\/\/www.eldiariodetucuman.com\/web\/","logo":{"@type":"ImageObject","inLanguage":"es","@id":"https:\/\/www.eldiariodetucuman.com\/web\/#\/schema\/logo\/image\/","url":"http:\/\/www.eldiariodetucuman.com\/web\/wp-content\/uploads\/2017\/12\/el-diario-de-tucuman.jpg","contentUrl":"http:\/\/www.eldiariodetucuman.com\/web\/wp-content\/uploads\/2017\/12\/el-diario-de-tucuman.jpg","width":272,"height":92,"caption":"El Diario de Tucuman"},"image":{"@id":"https:\/\/www.eldiariodetucuman.com\/web\/#\/schema\/logo\/image\/"}},{"@type":"Person","@id":"https:\/\/www.eldiariodetucuman.com\/web\/#\/schema\/person\/7e6644a46e60888f6b868594407e08dd","name":"Redactor Uno","image":{"@type":"ImageObject","inLanguage":"es","@id":"https:\/\/secure.gravatar.com\/avatar\/0049b1bdf1bd548385c9ea6b9356431717930913089febd2ba904f0187d7d074?s=96&d=mm&r=g","url":"https:\/\/secure.gravatar.com\/avatar\/0049b1bdf1bd548385c9ea6b9356431717930913089febd2ba904f0187d7d074?s=96&d=mm&r=g","contentUrl":"https:\/\/secure.gravatar.com\/avatar\/0049b1bdf1bd548385c9ea6b9356431717930913089febd2ba904f0187d7d074?s=96&d=mm&r=g","caption":"Redactor Uno"},"url":"https:\/\/www.eldiariodetucuman.com\/web\/author\/mramasco\/"}]}},"_links":{"self":[{"href":"https:\/\/www.eldiariodetucuman.com\/web\/wp-json\/wp\/v2\/posts\/4999","targetHints":{"allow":["GET"]}}],"collection":[{"href":"https:\/\/www.eldiariodetucuman.com\/web\/wp-json\/wp\/v2\/posts"}],"about":[{"href":"https:\/\/www.eldiariodetucuman.com\/web\/wp-json\/wp\/v2\/types\/post"}],"author":[{"embeddable":true,"href":"https:\/\/www.eldiariodetucuman.com\/web\/wp-json\/wp\/v2\/users\/5"}],"replies":[{"embeddable":true,"href":"https:\/\/www.eldiariodetucuman.com\/web\/wp-json\/wp\/v2\/comments?post=4999"}],"version-history":[{"count":1,"href":"https:\/\/www.eldiariodetucuman.com\/web\/wp-json\/wp\/v2\/posts\/4999\/revisions"}],"predecessor-version":[{"id":5001,"href":"https:\/\/www.eldiariodetucuman.com\/web\/wp-json\/wp\/v2\/posts\/4999\/revisions\/5001"}],"wp:featuredmedia":[{"embeddable":true,"href":"https:\/\/www.eldiariodetucuman.com\/web\/wp-json\/wp\/v2\/media\/5000"}],"wp:attachment":[{"href":"https:\/\/www.eldiariodetucuman.com\/web\/wp-json\/wp\/v2\/media?parent=4999"}],"wp:term":[{"taxonomy":"category","embeddable":true,"href":"https:\/\/www.eldiariodetucuman.com\/web\/wp-json\/wp\/v2\/categories?post=4999"},{"taxonomy":"post_tag","embeddable":true,"href":"https:\/\/www.eldiariodetucuman.com\/web\/wp-json\/wp\/v2\/tags?post=4999"}],"curies":[{"name":"wp","href":"https:\/\/api.w.org\/{rel}","templated":true}]}}