{"id":4934,"date":"2018-01-23T15:33:42","date_gmt":"2018-01-23T18:33:42","guid":{"rendered":"http:\/\/www.eldiariodetucuman.com\/web\/todo-lo-que-tenes-que-saber-sobre-la-remodelacion-del-estadio-monumental\/"},"modified":"2018-01-23T15:33:42","modified_gmt":"2018-01-23T18:33:42","slug":"todo-lo-que-tenes-que-saber-sobre-la-remodelacion-del-estadio-monumental","status":"publish","type":"post","link":"https:\/\/www.eldiariodetucuman.com\/web\/todo-lo-que-tenes-que-saber-sobre-la-remodelacion-del-estadio-monumental\/","title":{"rendered":"Todo lo que ten\u00e9s que saber sobre la remodelaci\u00f3n del estadio Monumental"},"content":{"rendered":"<div>\n<div readability=\"103\">\n<p>El \u201cMonumental Jos\u00e9 Fierro\u201d comenz\u00f3 con un proceso de obras que lo dejar\u00e1 con una imagen completamente renovada y que prometen modernizar y refuncionalizar el estadio de 25 de Mayo y Chile.  As\u00ed lo inform\u00f3 el sitio oficial \u201cDecano\u201d.<\/p>\n<p>Algunas obras ya est\u00e1n listas. \u201cLos nuevos ba\u00f1os para los socios ya estar\u00e1n habilitados y podr\u00e1n usarse el lunes en el partido frente a Temperley\u201d, dijo <b>Hugo Berm\u00fadez<\/b>, gerente de la instituci\u00f3n. Sin embargo, no hay una fecha estimada para la finalizaci\u00f3n de todo el trabajo. Las refacciones se har\u00e1n en tres etapas:<\/p>\n<p><b>Primera:<\/b><\/p>\n<p>La oficina de socios, la tienda oficial y la cantina se trasladan desde su actual ubicaci\u00f3n a la parte baja del sector cinco de plateas. Adem\u00e1s, en esa zona habr\u00e1 cuatro oficinas para mejorar el trabajo que desarrollan distintas \u00e1reas del club.<\/p>\n<p><img decoding=\"async\" src=\"https:\/\/img.lagaceta.com.ar\/fotos\/notas\/2018\/01\/23\/tmb1_759052_20180123140059.png\" border=\"0\"><\/p>\n<p>La parte estructural de esta etapa ya se encuentra concluida. El lugar cuenta con todo lo necesario para comenzar a funcionar. En los pr\u00f3ximos d\u00edas se instalar\u00e1 el mobiliario y se le imprimir\u00e1 un sello \u00abDecano\u00bb a la decoraci\u00f3n y el dise\u00f1o de los distintos espacios, para inaugurarlo formalmente, algo que dar\u00e1 paso a la siguiente instancia del trabajo.<\/p>\n<p><b>Segunda:<\/b><\/p>\n<p>La zona de abajo del sector uno de plateas, donde actualmente se encuentran la oficina de socios, la cantina, ba\u00f1os, la tienda y algunas oficinas, se convertir\u00e1 en un lugar exclusivo para recibir a los protagonistas de los partidos: habr\u00e1 cuatro vestuarios (local, visitantes, \u00e1rbitros y sala de antidoping), una sala de prensa y una zona mixta, para que los futbolistas dialoguen con los periodistas luego de cada presentaci\u00f3n.<\/p>\n<p>De esa manera, adem\u00e1s, se podr\u00e1 concentrar a todas las personas que concurren al estadio con fines laborales en un mismo lugar, separados de los espectadores.<\/p>\n<p><img decoding=\"async\" src=\"https:\/\/img.lagaceta.com.ar\/fotos\/notas\/2018\/01\/23\/tmb1_759052_20180123140109.png\" border=\"0\"><\/p>\n<p>Para poder dar comienzo a esta parte del trabajo, ser\u00e1 fundamental haber concluido con la etapa uno.<\/p>\n<p class=\"style cuote\">Un dato positivo es que las obras podr\u00e1n continuar mientras se dispute el campeonato y la Copa Libertadores, ya que las tareas no interrumpen con el actual funcionamiento del estadio.<\/p>\n<p><b>Tercera:<\/b><\/p>\n<p>Se construir\u00e1 el sector cuatro de plateas, por encima del actual sector tres. Adem\u00e1s, en el play\u00f3n donde actualmente se encuentra la zona mixta, se instalar\u00e1 una nueva cantina, para que los socios que concurren al estadio puedan contar con dos opciones de lugares en los que tomar o comer algo durante los encuentros.<\/p>\n<p>Esta parte del trabajo contempla adem\u00e1s la renovaci\u00f3n total del frente del estadio por calle 25 de Mayo, con la instalaci\u00f3n de dos nuevos portones de accesos, preparados para el ingreso de los \u00f3mnibus que trasladar\u00e1n a las delegaciones hasta la cancha.<\/p>\n<p>Con esto, los ingresos del p\u00fablico a las plateas pasar\u00e1n a estar sobre calles Chile y Bolivia, en ambos casos casi llegando a la esquina de 25 de Mayo.<\/p>\n<p><img decoding=\"async\" src=\"https:\/\/img.lagaceta.com.ar\/fotos\/notas\/2018\/01\/23\/tmb1_759052_20180123140053.jpg\" border=\"0\"><\/p>\n<p><br mce_bogus=\"1\"><\/div>\n<\/div>\n","protected":false},"excerpt":{"rendered":"<p>El \u201cMonumental Jos\u00e9 Fierro\u201d comenz\u00f3 con un proceso de obras que lo dejar\u00e1 con una imagen completamente renovada y que prometen modernizar y refuncionalizar el estadio de 25 de Mayo y Chile. As\u00ed lo inform\u00f3 el sitio oficial \u201cDecano\u201d. Algunas obras ya est\u00e1n listas. \u201cLos nuevos ba\u00f1os para los socios ya estar\u00e1n habilitados y podr\u00e1n [&hellip;]<\/p>\n","protected":false},"author":1,"featured_media":4935,"comment_status":"open","ping_status":"closed","sticky":false,"template":"","format":"standard","meta":{"footnotes":""},"categories":[6],"tags":[],"class_list":{"0":"post-4934","1":"post","2":"type-post","3":"status-publish","4":"format-standard","5":"has-post-thumbnail","7":"category-deporte"},"yoast_head":"<!-- This site is optimized with the Yoast SEO plugin v27.4 - https:\/\/yoast.com\/product\/yoast-seo-wordpress\/ -->\n<title>Todo lo que ten\u00e9s que saber sobre la remodelaci\u00f3n del estadio Monumental - El Diario de Tucuman<\/title>\n<meta name=\"robots\" content=\"index, follow, max-snippet:-1, max-image-preview:large, max-video-preview:-1\" \/>\n<link rel=\"canonical\" href=\"https:\/\/www.eldiariodetucuman.com\/web\/todo-lo-que-tenes-que-saber-sobre-la-remodelacion-del-estadio-monumental\/\" \/>\n<meta property=\"og:locale\" content=\"es_ES\" \/>\n<meta property=\"og:type\" content=\"article\" \/>\n<meta property=\"og:title\" content=\"Todo lo que ten\u00e9s que saber sobre la remodelaci\u00f3n del estadio Monumental - El Diario de Tucuman\" \/>\n<meta property=\"og:description\" content=\"El \u201cMonumental Jos\u00e9 Fierro\u201d comenz\u00f3 con un proceso de obras que lo dejar\u00e1 con una imagen completamente renovada y que prometen modernizar y refuncionalizar el estadio de 25 de Mayo y Chile. As\u00ed lo inform\u00f3 el sitio oficial \u201cDecano\u201d. Algunas obras ya est\u00e1n listas. \u201cLos nuevos ba\u00f1os para los socios ya estar\u00e1n habilitados y podr\u00e1n [&hellip;]\" \/>\n<meta property=\"og:url\" content=\"https:\/\/www.eldiariodetucuman.com\/web\/todo-lo-que-tenes-que-saber-sobre-la-remodelacion-del-estadio-monumental\/\" \/>\n<meta property=\"og:site_name\" content=\"El Diario de Tucuman\" \/>\n<meta property=\"article:published_time\" content=\"2018-01-23T18:33:42+00:00\" \/>\n<meta property=\"og:image\" content=\"https:\/\/www.eldiariodetucuman.com\/web\/wp-content\/uploads\/2018\/01\/9581943f895744e93502f6cb531f2298.jpeg\" \/>\n\t<meta property=\"og:image:width\" content=\"907\" \/>\n\t<meta property=\"og:image:height\" content=\"527\" \/>\n\t<meta property=\"og:image:type\" content=\"image\/jpeg\" \/>\n<meta name=\"author\" content=\"admin\" \/>\n<meta name=\"twitter:card\" content=\"summary_large_image\" \/>\n<meta name=\"twitter:label1\" content=\"Escrito por\" \/>\n\t<meta name=\"twitter:data1\" content=\"admin\" \/>\n\t<meta name=\"twitter:label2\" content=\"Tiempo de lectura\" \/>\n\t<meta name=\"twitter:data2\" content=\"2 minutos\" \/>\n<script type=\"application\/ld+json\" class=\"yoast-schema-graph\">{\"@context\":\"https:\\\/\\\/schema.org\",\"@graph\":[{\"@type\":\"Article\",\"@id\":\"https:\\\/\\\/www.eldiariodetucuman.com\\\/web\\\/todo-lo-que-tenes-que-saber-sobre-la-remodelacion-del-estadio-monumental\\\/#article\",\"isPartOf\":{\"@id\":\"https:\\\/\\\/www.eldiariodetucuman.com\\\/web\\\/todo-lo-que-tenes-que-saber-sobre-la-remodelacion-del-estadio-monumental\\\/\"},\"author\":{\"name\":\"admin\",\"@id\":\"https:\\\/\\\/www.eldiariodetucuman.com\\\/web\\\/#\\\/schema\\\/person\\\/9250197d75ab5483412e19678b121caa\"},\"headline\":\"Todo lo que ten\u00e9s que saber sobre la remodelaci\u00f3n del estadio Monumental\",\"datePublished\":\"2018-01-23T18:33:42+00:00\",\"mainEntityOfPage\":{\"@id\":\"https:\\\/\\\/www.eldiariodetucuman.com\\\/web\\\/todo-lo-que-tenes-que-saber-sobre-la-remodelacion-del-estadio-monumental\\\/\"},\"wordCount\":500,\"commentCount\":0,\"publisher\":{\"@id\":\"https:\\\/\\\/www.eldiariodetucuman.com\\\/web\\\/#organization\"},\"image\":{\"@id\":\"https:\\\/\\\/www.eldiariodetucuman.com\\\/web\\\/todo-lo-que-tenes-que-saber-sobre-la-remodelacion-del-estadio-monumental\\\/#primaryimage\"},\"thumbnailUrl\":\"https:\\\/\\\/www.eldiariodetucuman.com\\\/web\\\/wp-content\\\/uploads\\\/2018\\\/01\\\/9581943f895744e93502f6cb531f2298.jpeg\",\"articleSection\":[\"Deporte\"],\"inLanguage\":\"es\",\"potentialAction\":[{\"@type\":\"CommentAction\",\"name\":\"Comment\",\"target\":[\"https:\\\/\\\/www.eldiariodetucuman.com\\\/web\\\/todo-lo-que-tenes-que-saber-sobre-la-remodelacion-del-estadio-monumental\\\/#respond\"]}]},{\"@type\":\"WebPage\",\"@id\":\"https:\\\/\\\/www.eldiariodetucuman.com\\\/web\\\/todo-lo-que-tenes-que-saber-sobre-la-remodelacion-del-estadio-monumental\\\/\",\"url\":\"https:\\\/\\\/www.eldiariodetucuman.com\\\/web\\\/todo-lo-que-tenes-que-saber-sobre-la-remodelacion-del-estadio-monumental\\\/\",\"name\":\"Todo lo que ten\u00e9s que saber sobre la remodelaci\u00f3n del estadio Monumental - El Diario de Tucuman\",\"isPartOf\":{\"@id\":\"https:\\\/\\\/www.eldiariodetucuman.com\\\/web\\\/#website\"},\"primaryImageOfPage\":{\"@id\":\"https:\\\/\\\/www.eldiariodetucuman.com\\\/web\\\/todo-lo-que-tenes-que-saber-sobre-la-remodelacion-del-estadio-monumental\\\/#primaryimage\"},\"image\":{\"@id\":\"https:\\\/\\\/www.eldiariodetucuman.com\\\/web\\\/todo-lo-que-tenes-que-saber-sobre-la-remodelacion-del-estadio-monumental\\\/#primaryimage\"},\"thumbnailUrl\":\"https:\\\/\\\/www.eldiariodetucuman.com\\\/web\\\/wp-content\\\/uploads\\\/2018\\\/01\\\/9581943f895744e93502f6cb531f2298.jpeg\",\"datePublished\":\"2018-01-23T18:33:42+00:00\",\"breadcrumb\":{\"@id\":\"https:\\\/\\\/www.eldiariodetucuman.com\\\/web\\\/todo-lo-que-tenes-que-saber-sobre-la-remodelacion-del-estadio-monumental\\\/#breadcrumb\"},\"inLanguage\":\"es\",\"potentialAction\":[{\"@type\":\"ReadAction\",\"target\":[\"https:\\\/\\\/www.eldiariodetucuman.com\\\/web\\\/todo-lo-que-tenes-que-saber-sobre-la-remodelacion-del-estadio-monumental\\\/\"]}]},{\"@type\":\"ImageObject\",\"inLanguage\":\"es\",\"@id\":\"https:\\\/\\\/www.eldiariodetucuman.com\\\/web\\\/todo-lo-que-tenes-que-saber-sobre-la-remodelacion-del-estadio-monumental\\\/#primaryimage\",\"url\":\"https:\\\/\\\/www.eldiariodetucuman.com\\\/web\\\/wp-content\\\/uploads\\\/2018\\\/01\\\/9581943f895744e93502f6cb531f2298.jpeg\",\"contentUrl\":\"https:\\\/\\\/www.eldiariodetucuman.com\\\/web\\\/wp-content\\\/uploads\\\/2018\\\/01\\\/9581943f895744e93502f6cb531f2298.jpeg\",\"width\":907,\"height\":527},{\"@type\":\"BreadcrumbList\",\"@id\":\"https:\\\/\\\/www.eldiariodetucuman.com\\\/web\\\/todo-lo-que-tenes-que-saber-sobre-la-remodelacion-del-estadio-monumental\\\/#breadcrumb\",\"itemListElement\":[{\"@type\":\"ListItem\",\"position\":1,\"name\":\"Portada\",\"item\":\"https:\\\/\\\/www.eldiariodetucuman.com\\\/web\\\/\"},{\"@type\":\"ListItem\",\"position\":2,\"name\":\"Todo lo que ten\u00e9s que saber sobre la remodelaci\u00f3n del estadio Monumental\"}]},{\"@type\":\"WebSite\",\"@id\":\"https:\\\/\\\/www.eldiariodetucuman.com\\\/web\\\/#website\",\"url\":\"https:\\\/\\\/www.eldiariodetucuman.com\\\/web\\\/\",\"name\":\"El Diario de Tucuman\",\"description\":\"Diario Tucuman - Informaci\u00f3n y noticias\",\"publisher\":{\"@id\":\"https:\\\/\\\/www.eldiariodetucuman.com\\\/web\\\/#organization\"},\"potentialAction\":[{\"@type\":\"SearchAction\",\"target\":{\"@type\":\"EntryPoint\",\"urlTemplate\":\"https:\\\/\\\/www.eldiariodetucuman.com\\\/web\\\/?s={search_term_string}\"},\"query-input\":{\"@type\":\"PropertyValueSpecification\",\"valueRequired\":true,\"valueName\":\"search_term_string\"}}],\"inLanguage\":\"es\"},{\"@type\":\"Organization\",\"@id\":\"https:\\\/\\\/www.eldiariodetucuman.com\\\/web\\\/#organization\",\"name\":\"El Diario de Tucuman\",\"url\":\"https:\\\/\\\/www.eldiariodetucuman.com\\\/web\\\/\",\"logo\":{\"@type\":\"ImageObject\",\"inLanguage\":\"es\",\"@id\":\"https:\\\/\\\/www.eldiariodetucuman.com\\\/web\\\/#\\\/schema\\\/logo\\\/image\\\/\",\"url\":\"http:\\\/\\\/www.eldiariodetucuman.com\\\/web\\\/wp-content\\\/uploads\\\/2017\\\/12\\\/el-diario-de-tucuman.jpg\",\"contentUrl\":\"http:\\\/\\\/www.eldiariodetucuman.com\\\/web\\\/wp-content\\\/uploads\\\/2017\\\/12\\\/el-diario-de-tucuman.jpg\",\"width\":272,\"height\":92,\"caption\":\"El Diario de Tucuman\"},\"image\":{\"@id\":\"https:\\\/\\\/www.eldiariodetucuman.com\\\/web\\\/#\\\/schema\\\/logo\\\/image\\\/\"}},{\"@type\":\"Person\",\"@id\":\"https:\\\/\\\/www.eldiariodetucuman.com\\\/web\\\/#\\\/schema\\\/person\\\/9250197d75ab5483412e19678b121caa\",\"name\":\"admin\",\"image\":{\"@type\":\"ImageObject\",\"inLanguage\":\"es\",\"@id\":\"https:\\\/\\\/secure.gravatar.com\\\/avatar\\\/c44d117c2be811212c22cb481f6b8384b6873de103fbc49e7a03cc58d7dea4ac?s=96&d=mm&r=g\",\"url\":\"https:\\\/\\\/secure.gravatar.com\\\/avatar\\\/c44d117c2be811212c22cb481f6b8384b6873de103fbc49e7a03cc58d7dea4ac?s=96&d=mm&r=g\",\"contentUrl\":\"https:\\\/\\\/secure.gravatar.com\\\/avatar\\\/c44d117c2be811212c22cb481f6b8384b6873de103fbc49e7a03cc58d7dea4ac?s=96&d=mm&r=g\",\"caption\":\"admin\"},\"url\":\"https:\\\/\\\/www.eldiariodetucuman.com\\\/web\\\/author\\\/admin\\\/\"}]}<\/script>\n<!-- \/ Yoast SEO plugin. -->","yoast_head_json":{"title":"Todo lo que ten\u00e9s que saber sobre la remodelaci\u00f3n del estadio Monumental - El Diario de Tucuman","robots":{"index":"index","follow":"follow","max-snippet":"max-snippet:-1","max-image-preview":"max-image-preview:large","max-video-preview":"max-video-preview:-1"},"canonical":"https:\/\/www.eldiariodetucuman.com\/web\/todo-lo-que-tenes-que-saber-sobre-la-remodelacion-del-estadio-monumental\/","og_locale":"es_ES","og_type":"article","og_title":"Todo lo que ten\u00e9s que saber sobre la remodelaci\u00f3n del estadio Monumental - El Diario de Tucuman","og_description":"El \u201cMonumental Jos\u00e9 Fierro\u201d comenz\u00f3 con un proceso de obras que lo dejar\u00e1 con una imagen completamente renovada y que prometen modernizar y refuncionalizar el estadio de 25 de Mayo y Chile. As\u00ed lo inform\u00f3 el sitio oficial \u201cDecano\u201d. Algunas obras ya est\u00e1n listas. \u201cLos nuevos ba\u00f1os para los socios ya estar\u00e1n habilitados y podr\u00e1n [&hellip;]","og_url":"https:\/\/www.eldiariodetucuman.com\/web\/todo-lo-que-tenes-que-saber-sobre-la-remodelacion-del-estadio-monumental\/","og_site_name":"El Diario de Tucuman","article_published_time":"2018-01-23T18:33:42+00:00","og_image":[{"width":907,"height":527,"url":"https:\/\/www.eldiariodetucuman.com\/web\/wp-content\/uploads\/2018\/01\/9581943f895744e93502f6cb531f2298.jpeg","type":"image\/jpeg"}],"author":"admin","twitter_card":"summary_large_image","twitter_misc":{"Escrito por":"admin","Tiempo de lectura":"2 minutos"},"schema":{"@context":"https:\/\/schema.org","@graph":[{"@type":"Article","@id":"https:\/\/www.eldiariodetucuman.com\/web\/todo-lo-que-tenes-que-saber-sobre-la-remodelacion-del-estadio-monumental\/#article","isPartOf":{"@id":"https:\/\/www.eldiariodetucuman.com\/web\/todo-lo-que-tenes-que-saber-sobre-la-remodelacion-del-estadio-monumental\/"},"author":{"name":"admin","@id":"https:\/\/www.eldiariodetucuman.com\/web\/#\/schema\/person\/9250197d75ab5483412e19678b121caa"},"headline":"Todo lo que ten\u00e9s que saber sobre la remodelaci\u00f3n del estadio Monumental","datePublished":"2018-01-23T18:33:42+00:00","mainEntityOfPage":{"@id":"https:\/\/www.eldiariodetucuman.com\/web\/todo-lo-que-tenes-que-saber-sobre-la-remodelacion-del-estadio-monumental\/"},"wordCount":500,"commentCount":0,"publisher":{"@id":"https:\/\/www.eldiariodetucuman.com\/web\/#organization"},"image":{"@id":"https:\/\/www.eldiariodetucuman.com\/web\/todo-lo-que-tenes-que-saber-sobre-la-remodelacion-del-estadio-monumental\/#primaryimage"},"thumbnailUrl":"https:\/\/www.eldiariodetucuman.com\/web\/wp-content\/uploads\/2018\/01\/9581943f895744e93502f6cb531f2298.jpeg","articleSection":["Deporte"],"inLanguage":"es","potentialAction":[{"@type":"CommentAction","name":"Comment","target":["https:\/\/www.eldiariodetucuman.com\/web\/todo-lo-que-tenes-que-saber-sobre-la-remodelacion-del-estadio-monumental\/#respond"]}]},{"@type":"WebPage","@id":"https:\/\/www.eldiariodetucuman.com\/web\/todo-lo-que-tenes-que-saber-sobre-la-remodelacion-del-estadio-monumental\/","url":"https:\/\/www.eldiariodetucuman.com\/web\/todo-lo-que-tenes-que-saber-sobre-la-remodelacion-del-estadio-monumental\/","name":"Todo lo que ten\u00e9s que saber sobre la remodelaci\u00f3n del estadio Monumental - El Diario de Tucuman","isPartOf":{"@id":"https:\/\/www.eldiariodetucuman.com\/web\/#website"},"primaryImageOfPage":{"@id":"https:\/\/www.eldiariodetucuman.com\/web\/todo-lo-que-tenes-que-saber-sobre-la-remodelacion-del-estadio-monumental\/#primaryimage"},"image":{"@id":"https:\/\/www.eldiariodetucuman.com\/web\/todo-lo-que-tenes-que-saber-sobre-la-remodelacion-del-estadio-monumental\/#primaryimage"},"thumbnailUrl":"https:\/\/www.eldiariodetucuman.com\/web\/wp-content\/uploads\/2018\/01\/9581943f895744e93502f6cb531f2298.jpeg","datePublished":"2018-01-23T18:33:42+00:00","breadcrumb":{"@id":"https:\/\/www.eldiariodetucuman.com\/web\/todo-lo-que-tenes-que-saber-sobre-la-remodelacion-del-estadio-monumental\/#breadcrumb"},"inLanguage":"es","potentialAction":[{"@type":"ReadAction","target":["https:\/\/www.eldiariodetucuman.com\/web\/todo-lo-que-tenes-que-saber-sobre-la-remodelacion-del-estadio-monumental\/"]}]},{"@type":"ImageObject","inLanguage":"es","@id":"https:\/\/www.eldiariodetucuman.com\/web\/todo-lo-que-tenes-que-saber-sobre-la-remodelacion-del-estadio-monumental\/#primaryimage","url":"https:\/\/www.eldiariodetucuman.com\/web\/wp-content\/uploads\/2018\/01\/9581943f895744e93502f6cb531f2298.jpeg","contentUrl":"https:\/\/www.eldiariodetucuman.com\/web\/wp-content\/uploads\/2018\/01\/9581943f895744e93502f6cb531f2298.jpeg","width":907,"height":527},{"@type":"BreadcrumbList","@id":"https:\/\/www.eldiariodetucuman.com\/web\/todo-lo-que-tenes-que-saber-sobre-la-remodelacion-del-estadio-monumental\/#breadcrumb","itemListElement":[{"@type":"ListItem","position":1,"name":"Portada","item":"https:\/\/www.eldiariodetucuman.com\/web\/"},{"@type":"ListItem","position":2,"name":"Todo lo que ten\u00e9s que saber sobre la remodelaci\u00f3n del estadio Monumental"}]},{"@type":"WebSite","@id":"https:\/\/www.eldiariodetucuman.com\/web\/#website","url":"https:\/\/www.eldiariodetucuman.com\/web\/","name":"El Diario de Tucuman","description":"Diario Tucuman - Informaci\u00f3n y noticias","publisher":{"@id":"https:\/\/www.eldiariodetucuman.com\/web\/#organization"},"potentialAction":[{"@type":"SearchAction","target":{"@type":"EntryPoint","urlTemplate":"https:\/\/www.eldiariodetucuman.com\/web\/?s={search_term_string}"},"query-input":{"@type":"PropertyValueSpecification","valueRequired":true,"valueName":"search_term_string"}}],"inLanguage":"es"},{"@type":"Organization","@id":"https:\/\/www.eldiariodetucuman.com\/web\/#organization","name":"El Diario de Tucuman","url":"https:\/\/www.eldiariodetucuman.com\/web\/","logo":{"@type":"ImageObject","inLanguage":"es","@id":"https:\/\/www.eldiariodetucuman.com\/web\/#\/schema\/logo\/image\/","url":"http:\/\/www.eldiariodetucuman.com\/web\/wp-content\/uploads\/2017\/12\/el-diario-de-tucuman.jpg","contentUrl":"http:\/\/www.eldiariodetucuman.com\/web\/wp-content\/uploads\/2017\/12\/el-diario-de-tucuman.jpg","width":272,"height":92,"caption":"El Diario de Tucuman"},"image":{"@id":"https:\/\/www.eldiariodetucuman.com\/web\/#\/schema\/logo\/image\/"}},{"@type":"Person","@id":"https:\/\/www.eldiariodetucuman.com\/web\/#\/schema\/person\/9250197d75ab5483412e19678b121caa","name":"admin","image":{"@type":"ImageObject","inLanguage":"es","@id":"https:\/\/secure.gravatar.com\/avatar\/c44d117c2be811212c22cb481f6b8384b6873de103fbc49e7a03cc58d7dea4ac?s=96&d=mm&r=g","url":"https:\/\/secure.gravatar.com\/avatar\/c44d117c2be811212c22cb481f6b8384b6873de103fbc49e7a03cc58d7dea4ac?s=96&d=mm&r=g","contentUrl":"https:\/\/secure.gravatar.com\/avatar\/c44d117c2be811212c22cb481f6b8384b6873de103fbc49e7a03cc58d7dea4ac?s=96&d=mm&r=g","caption":"admin"},"url":"https:\/\/www.eldiariodetucuman.com\/web\/author\/admin\/"}]}},"_links":{"self":[{"href":"https:\/\/www.eldiariodetucuman.com\/web\/wp-json\/wp\/v2\/posts\/4934","targetHints":{"allow":["GET"]}}],"collection":[{"href":"https:\/\/www.eldiariodetucuman.com\/web\/wp-json\/wp\/v2\/posts"}],"about":[{"href":"https:\/\/www.eldiariodetucuman.com\/web\/wp-json\/wp\/v2\/types\/post"}],"author":[{"embeddable":true,"href":"https:\/\/www.eldiariodetucuman.com\/web\/wp-json\/wp\/v2\/users\/1"}],"replies":[{"embeddable":true,"href":"https:\/\/www.eldiariodetucuman.com\/web\/wp-json\/wp\/v2\/comments?post=4934"}],"version-history":[{"count":0,"href":"https:\/\/www.eldiariodetucuman.com\/web\/wp-json\/wp\/v2\/posts\/4934\/revisions"}],"wp:featuredmedia":[{"embeddable":true,"href":"https:\/\/www.eldiariodetucuman.com\/web\/wp-json\/wp\/v2\/media\/4935"}],"wp:attachment":[{"href":"https:\/\/www.eldiariodetucuman.com\/web\/wp-json\/wp\/v2\/media?parent=4934"}],"wp:term":[{"taxonomy":"category","embeddable":true,"href":"https:\/\/www.eldiariodetucuman.com\/web\/wp-json\/wp\/v2\/categories?post=4934"},{"taxonomy":"post_tag","embeddable":true,"href":"https:\/\/www.eldiariodetucuman.com\/web\/wp-json\/wp\/v2\/tags?post=4934"}],"curies":[{"name":"wp","href":"https:\/\/api.w.org\/{rel}","templated":true}]}}