{"id":4927,"date":"2018-01-23T12:33:01","date_gmt":"2018-01-23T15:33:01","guid":{"rendered":"http:\/\/www.eldiariodetucuman.com\/web\/?p=4927"},"modified":"2018-01-23T12:33:01","modified_gmt":"2018-01-23T15:33:01","slug":"lo-tenes-saber-inscribirte-instituto-la-vivienda","status":"publish","type":"post","link":"https:\/\/www.eldiariodetucuman.com\/web\/lo-tenes-saber-inscribirte-instituto-la-vivienda\/","title":{"rendered":"Todo lo que ten\u00e9s que saber para inscribirte en el Instituto de la Vivienda"},"content":{"rendered":"<p>La titular del IPV,\u00a0<strong>Noemi Ferrioli<\/strong>, expres\u00f3 a LV12 que tras un trascendido period\u00edstico de una presunta estafa, se hizo una denuncia judicial en la Fiscal\u00eda N\u00b0IV, a pesar de que no hubo reclamos formales.<\/p>\n<p><!--more--><\/p>\n<p class=\"selectionShareable\">El Instituto Provincial de Vivienda y Desarrollo Urbano informa a la poblaci\u00f3n que los tr\u00e1mites de inscripci\u00f3n, actualizaci\u00f3n de datos y adjudicaci\u00f3n, para el complejo habitacional de Lomas de Taf\u00ed\u00a0 y Manantial Sur, como en todos los emprendimientos en construcci\u00f3n, es totalmente gratuito y se realiza \u00fanicamente a trav\u00e9s del sitio web oficial\u00a0<a href=\"http:\/\/www.ipevetuc.gov.ar\/\">www.ipevetuc.gov.ar<\/a>\u00a0o en la Direcci\u00f3n del \u00c1rea Social del Instituto, ubicada en Mu\u00f1ecas 483.<\/p>\n<p>El organismo advierte que no existen gestores autorizados a realizar diligencias relacionadas con inscripciones, transferencias y ventas\u00a0 de viviendas. La medida busca prevenir el accionar de personas inescrupulosas y ajenas a la instituci\u00f3n que realicen transacciones comerciales, tanto dentro como fuera del mismo, vali\u00e9ndose de la necesidad de la poblaci\u00f3n para la obtenci\u00f3n de\u00a0 una vivienda social.<\/p>\n<p class=\"selectionShareable\">Ante esta situaci\u00f3n, en la que unas 300 personas habr\u00edan sido contactadas por una persona para que recibieran sus viviendas, el IPV puso en alerta a la Polic\u00eda de Tucum\u00e1n para controlar la situaci\u00f3n. El hecho ocurri\u00f3 en distintas jornadas en el barrio Manantiales Sur, Lomas de Taf\u00ed y otro barrio de Las Talitas.<\/p>\n<p class=\"selectionShareable\">Ferrioli dijo que las casas de Manantiales Sur est\u00e1n adjudicadas y tienen que concluirse \u00a0algunos trabajos urban\u00edsticos para formalizar las entregas. En Lomas de Taf\u00ed y Las Talitas, las casas todav\u00eda no terminaron de construirse. El IPV est\u00e1 recibiendo en su \u00e1rea legal, las denuncias a personas que fueron damnificadas para conocer c\u00f3mo es el proceder de los gestores ilegales y aportar esta informaci\u00f3n a la Fiscal\u00eda de turno.<\/p>\n<p class=\"selectionShareable\">La funcionaria dijo que las familias que quieren ser beneficiarias de una vivienda, deben inscribirse a trav\u00e9s de los mecanismos institucionales autorizados.<\/p>\n<p class=\"selectionShareable\"><strong>La Justicia no permitir\u00e1 acciones irregulares\u00a0<\/strong><\/p>\n<p class=\"selectionShareable\">El fiscal,\u00a0<strong>Diego L\u00f3pez \u00c1vila<\/strong>, explic\u00f3 que la Fiscal\u00eda act\u00faa de oficio para investigar la situaci\u00f3n y dijo que las actuaciones no permitir\u00e1n ning\u00fan tipo de acto irregular a trav\u00e9s del cual se busque usurpar viviendas. Explic\u00f3 que fueron detenidas dos personas, una por robo de una vivienda y otra que fue acusada de usurpaci\u00f3n de propiedad.<\/p>\n<p class=\"selectionShareable\">L\u00f3pez \u00c1vila declar\u00f3 que si existen damnificados se los invita a que acudan a la justicia para que pongan a disposici\u00f3n documentaci\u00f3n al respecto para ser analizada. \u201cNo se permitir\u00e1 el ingreso a la fuerza a una\u00a0 vivienda. Seg\u00fan la Polic\u00eda son muchas personas las que se est\u00e1n aprovechando de la situaci\u00f3n. Hubo llamadas a la Fiscal\u00eda durante la noche aludiendo que fueron estafadas, por lo que invitamos a asistir a Tribunales a radicar las denuncias\u201d, asever\u00f3.<\/p>\n<p class=\"selectionShareable\">El Fiscal dijo que si estas casas fueron adquiridas bajo enga\u00f1o o a sabiendas de que las estaban adquiriendo de forma irregular, se est\u00e1 pidiendo que se les reconozca un derecho que no les corresponde porque no fueron tramitadas a trav\u00e9s de canales oficiales.<\/p>\n<p><strong>Fuente:<\/strong><a href=\"http:\/\/comunicaciontucuman.gob.ar\/2018\/01\/como-inscribirse-en-el-instituto-de-la-vivienda\/\">\u00a0http:\/\/comunicaciontucuman.gob.ar\/2018\/01\/como-inscribirse-en-el-instituto-de-la-vivienda\/<\/a><\/p>\n","protected":false},"excerpt":{"rendered":"<p>La titular del IPV,\u00a0Noemi Ferrioli, expres\u00f3 a LV12 que tras un trascendido period\u00edstico de una presunta estafa, se hizo una denuncia judicial en la Fiscal\u00eda N\u00b0IV, a pesar de que no hubo reclamos formales.<\/p>\n","protected":false},"author":5,"featured_media":4929,"comment_status":"closed","ping_status":"open","sticky":false,"template":"","format":"standard","meta":{"footnotes":""},"categories":[1],"tags":[134,7,61,826],"class_list":{"0":"post-4927","1":"post","2":"type-post","3":"status-publish","4":"format-standard","5":"has-post-thumbnail","7":"category-portada","8":"tag-argentina","9":"tag-el-diario-de-tucuman","10":"tag-tucuman","11":"tag-vivienda"},"yoast_head":"<!-- This site is optimized with the Yoast SEO plugin v27.5 - https:\/\/yoast.com\/product\/yoast-seo-wordpress\/ -->\n<title>Todo lo que ten\u00e9s que saber para inscribirte en el Instituto de la Vivienda<\/title>\n<meta name=\"description\" content=\"La titular del IPV,\u00a0Noemi Ferrioli, expres\u00f3 a LV12 que tras un trascendido period\u00edstico de una presunta estafa, se hizo una denuncia judicial en la Fiscal\u00eda N\u00b0IV, a pesar de que no hubo reclamos formales.\" \/>\n<meta name=\"robots\" content=\"index, follow, max-snippet:-1, max-image-preview:large, max-video-preview:-1\" \/>\n<link rel=\"canonical\" href=\"https:\/\/www.eldiariodetucuman.com\/web\/lo-tenes-saber-inscribirte-instituto-la-vivienda\/\" \/>\n<meta property=\"og:locale\" content=\"es_ES\" \/>\n<meta property=\"og:type\" content=\"article\" \/>\n<meta property=\"og:title\" content=\"Todo lo que ten\u00e9s que saber para inscribirte en el Instituto de la Vivienda\" \/>\n<meta property=\"og:description\" content=\"La titular del IPV,\u00a0Noemi Ferrioli, expres\u00f3 a LV12 que tras un trascendido period\u00edstico de una presunta estafa, se hizo una denuncia judicial en la Fiscal\u00eda N\u00b0IV, a pesar de que no hubo reclamos formales.\" \/>\n<meta property=\"og:url\" content=\"https:\/\/www.eldiariodetucuman.com\/web\/lo-tenes-saber-inscribirte-instituto-la-vivienda\/\" \/>\n<meta property=\"og:site_name\" content=\"El Diario de Tucuman\" \/>\n<meta property=\"article:published_time\" content=\"2018-01-23T15:33:01+00:00\" \/>\n<meta property=\"og:image\" content=\"https:\/\/www.eldiariodetucuman.com\/web\/wp-content\/uploads\/2018\/01\/vivienda.jpg\" \/>\n\t<meta property=\"og:image:width\" content=\"635\" \/>\n\t<meta property=\"og:image:height\" content=\"421\" \/>\n\t<meta property=\"og:image:type\" content=\"image\/jpeg\" \/>\n<meta name=\"author\" content=\"Redactor Uno\" \/>\n<meta name=\"twitter:card\" content=\"summary_large_image\" \/>\n<meta name=\"twitter:label1\" content=\"Escrito por\" \/>\n\t<meta name=\"twitter:data1\" content=\"Redactor Uno\" \/>\n\t<meta name=\"twitter:label2\" content=\"Tiempo de lectura\" \/>\n\t<meta name=\"twitter:data2\" content=\"3 minutos\" \/>\n<script type=\"application\/ld+json\" class=\"yoast-schema-graph\">{\"@context\":\"https:\\\/\\\/schema.org\",\"@graph\":[{\"@type\":\"Article\",\"@id\":\"https:\\\/\\\/www.eldiariodetucuman.com\\\/web\\\/lo-tenes-saber-inscribirte-instituto-la-vivienda\\\/#article\",\"isPartOf\":{\"@id\":\"https:\\\/\\\/www.eldiariodetucuman.com\\\/web\\\/lo-tenes-saber-inscribirte-instituto-la-vivienda\\\/\"},\"author\":{\"name\":\"Redactor Uno\",\"@id\":\"https:\\\/\\\/www.eldiariodetucuman.com\\\/web\\\/#\\\/schema\\\/person\\\/7e6644a46e60888f6b868594407e08dd\"},\"headline\":\"Todo lo que ten\u00e9s que saber para inscribirte en el Instituto de la Vivienda\",\"datePublished\":\"2018-01-23T15:33:01+00:00\",\"mainEntityOfPage\":{\"@id\":\"https:\\\/\\\/www.eldiariodetucuman.com\\\/web\\\/lo-tenes-saber-inscribirte-instituto-la-vivienda\\\/\"},\"wordCount\":556,\"publisher\":{\"@id\":\"https:\\\/\\\/www.eldiariodetucuman.com\\\/web\\\/#organization\"},\"image\":{\"@id\":\"https:\\\/\\\/www.eldiariodetucuman.com\\\/web\\\/lo-tenes-saber-inscribirte-instituto-la-vivienda\\\/#primaryimage\"},\"thumbnailUrl\":\"https:\\\/\\\/www.eldiariodetucuman.com\\\/web\\\/wp-content\\\/uploads\\\/2018\\\/01\\\/vivienda.jpg\",\"keywords\":[\"Argentina\",\"El Diario de Tucuman\",\"Tucuman\",\"vivienda\"],\"articleSection\":[\"Portada\"],\"inLanguage\":\"es\"},{\"@type\":\"WebPage\",\"@id\":\"https:\\\/\\\/www.eldiariodetucuman.com\\\/web\\\/lo-tenes-saber-inscribirte-instituto-la-vivienda\\\/\",\"url\":\"https:\\\/\\\/www.eldiariodetucuman.com\\\/web\\\/lo-tenes-saber-inscribirte-instituto-la-vivienda\\\/\",\"name\":\"Todo lo que ten\u00e9s que saber para inscribirte en el Instituto de la Vivienda\",\"isPartOf\":{\"@id\":\"https:\\\/\\\/www.eldiariodetucuman.com\\\/web\\\/#website\"},\"primaryImageOfPage\":{\"@id\":\"https:\\\/\\\/www.eldiariodetucuman.com\\\/web\\\/lo-tenes-saber-inscribirte-instituto-la-vivienda\\\/#primaryimage\"},\"image\":{\"@id\":\"https:\\\/\\\/www.eldiariodetucuman.com\\\/web\\\/lo-tenes-saber-inscribirte-instituto-la-vivienda\\\/#primaryimage\"},\"thumbnailUrl\":\"https:\\\/\\\/www.eldiariodetucuman.com\\\/web\\\/wp-content\\\/uploads\\\/2018\\\/01\\\/vivienda.jpg\",\"datePublished\":\"2018-01-23T15:33:01+00:00\",\"description\":\"La titular del IPV,\u00a0Noemi Ferrioli, expres\u00f3 a LV12 que tras un trascendido period\u00edstico de una presunta estafa, se hizo una denuncia judicial en la Fiscal\u00eda N\u00b0IV, a pesar de que no hubo reclamos formales.\",\"breadcrumb\":{\"@id\":\"https:\\\/\\\/www.eldiariodetucuman.com\\\/web\\\/lo-tenes-saber-inscribirte-instituto-la-vivienda\\\/#breadcrumb\"},\"inLanguage\":\"es\",\"potentialAction\":[{\"@type\":\"ReadAction\",\"target\":[\"https:\\\/\\\/www.eldiariodetucuman.com\\\/web\\\/lo-tenes-saber-inscribirte-instituto-la-vivienda\\\/\"]}]},{\"@type\":\"ImageObject\",\"inLanguage\":\"es\",\"@id\":\"https:\\\/\\\/www.eldiariodetucuman.com\\\/web\\\/lo-tenes-saber-inscribirte-instituto-la-vivienda\\\/#primaryimage\",\"url\":\"https:\\\/\\\/www.eldiariodetucuman.com\\\/web\\\/wp-content\\\/uploads\\\/2018\\\/01\\\/vivienda.jpg\",\"contentUrl\":\"https:\\\/\\\/www.eldiariodetucuman.com\\\/web\\\/wp-content\\\/uploads\\\/2018\\\/01\\\/vivienda.jpg\",\"width\":635,\"height\":421},{\"@type\":\"BreadcrumbList\",\"@id\":\"https:\\\/\\\/www.eldiariodetucuman.com\\\/web\\\/lo-tenes-saber-inscribirte-instituto-la-vivienda\\\/#breadcrumb\",\"itemListElement\":[{\"@type\":\"ListItem\",\"position\":1,\"name\":\"Portada\",\"item\":\"https:\\\/\\\/www.eldiariodetucuman.com\\\/web\\\/\"},{\"@type\":\"ListItem\",\"position\":2,\"name\":\"Todo lo que ten\u00e9s que saber para inscribirte en el Instituto de la Vivienda\"}]},{\"@type\":\"WebSite\",\"@id\":\"https:\\\/\\\/www.eldiariodetucuman.com\\\/web\\\/#website\",\"url\":\"https:\\\/\\\/www.eldiariodetucuman.com\\\/web\\\/\",\"name\":\"El Diario de Tucuman\",\"description\":\"Diario Tucuman - Informaci\u00f3n y noticias\",\"publisher\":{\"@id\":\"https:\\\/\\\/www.eldiariodetucuman.com\\\/web\\\/#organization\"},\"potentialAction\":[{\"@type\":\"SearchAction\",\"target\":{\"@type\":\"EntryPoint\",\"urlTemplate\":\"https:\\\/\\\/www.eldiariodetucuman.com\\\/web\\\/?s={search_term_string}\"},\"query-input\":{\"@type\":\"PropertyValueSpecification\",\"valueRequired\":true,\"valueName\":\"search_term_string\"}}],\"inLanguage\":\"es\"},{\"@type\":\"Organization\",\"@id\":\"https:\\\/\\\/www.eldiariodetucuman.com\\\/web\\\/#organization\",\"name\":\"El Diario de Tucuman\",\"url\":\"https:\\\/\\\/www.eldiariodetucuman.com\\\/web\\\/\",\"logo\":{\"@type\":\"ImageObject\",\"inLanguage\":\"es\",\"@id\":\"https:\\\/\\\/www.eldiariodetucuman.com\\\/web\\\/#\\\/schema\\\/logo\\\/image\\\/\",\"url\":\"http:\\\/\\\/www.eldiariodetucuman.com\\\/web\\\/wp-content\\\/uploads\\\/2017\\\/12\\\/el-diario-de-tucuman.jpg\",\"contentUrl\":\"http:\\\/\\\/www.eldiariodetucuman.com\\\/web\\\/wp-content\\\/uploads\\\/2017\\\/12\\\/el-diario-de-tucuman.jpg\",\"width\":272,\"height\":92,\"caption\":\"El Diario de Tucuman\"},\"image\":{\"@id\":\"https:\\\/\\\/www.eldiariodetucuman.com\\\/web\\\/#\\\/schema\\\/logo\\\/image\\\/\"}},{\"@type\":\"Person\",\"@id\":\"https:\\\/\\\/www.eldiariodetucuman.com\\\/web\\\/#\\\/schema\\\/person\\\/7e6644a46e60888f6b868594407e08dd\",\"name\":\"Redactor Uno\",\"image\":{\"@type\":\"ImageObject\",\"inLanguage\":\"es\",\"@id\":\"https:\\\/\\\/secure.gravatar.com\\\/avatar\\\/0049b1bdf1bd548385c9ea6b9356431717930913089febd2ba904f0187d7d074?s=96&d=mm&r=g\",\"url\":\"https:\\\/\\\/secure.gravatar.com\\\/avatar\\\/0049b1bdf1bd548385c9ea6b9356431717930913089febd2ba904f0187d7d074?s=96&d=mm&r=g\",\"contentUrl\":\"https:\\\/\\\/secure.gravatar.com\\\/avatar\\\/0049b1bdf1bd548385c9ea6b9356431717930913089febd2ba904f0187d7d074?s=96&d=mm&r=g\",\"caption\":\"Redactor Uno\"},\"url\":\"https:\\\/\\\/www.eldiariodetucuman.com\\\/web\\\/author\\\/mramasco\\\/\"}]}<\/script>\n<!-- \/ Yoast SEO plugin. -->","yoast_head_json":{"title":"Todo lo que ten\u00e9s que saber para inscribirte en el Instituto de la Vivienda","description":"La titular del IPV,\u00a0Noemi Ferrioli, expres\u00f3 a LV12 que tras un trascendido period\u00edstico de una presunta estafa, se hizo una denuncia judicial en la Fiscal\u00eda N\u00b0IV, a pesar de que no hubo reclamos formales.","robots":{"index":"index","follow":"follow","max-snippet":"max-snippet:-1","max-image-preview":"max-image-preview:large","max-video-preview":"max-video-preview:-1"},"canonical":"https:\/\/www.eldiariodetucuman.com\/web\/lo-tenes-saber-inscribirte-instituto-la-vivienda\/","og_locale":"es_ES","og_type":"article","og_title":"Todo lo que ten\u00e9s que saber para inscribirte en el Instituto de la Vivienda","og_description":"La titular del IPV,\u00a0Noemi Ferrioli, expres\u00f3 a LV12 que tras un trascendido period\u00edstico de una presunta estafa, se hizo una denuncia judicial en la Fiscal\u00eda N\u00b0IV, a pesar de que no hubo reclamos formales.","og_url":"https:\/\/www.eldiariodetucuman.com\/web\/lo-tenes-saber-inscribirte-instituto-la-vivienda\/","og_site_name":"El Diario de Tucuman","article_published_time":"2018-01-23T15:33:01+00:00","og_image":[{"width":635,"height":421,"url":"https:\/\/www.eldiariodetucuman.com\/web\/wp-content\/uploads\/2018\/01\/vivienda.jpg","type":"image\/jpeg"}],"author":"Redactor Uno","twitter_card":"summary_large_image","twitter_misc":{"Escrito por":"Redactor Uno","Tiempo de lectura":"3 minutos"},"schema":{"@context":"https:\/\/schema.org","@graph":[{"@type":"Article","@id":"https:\/\/www.eldiariodetucuman.com\/web\/lo-tenes-saber-inscribirte-instituto-la-vivienda\/#article","isPartOf":{"@id":"https:\/\/www.eldiariodetucuman.com\/web\/lo-tenes-saber-inscribirte-instituto-la-vivienda\/"},"author":{"name":"Redactor Uno","@id":"https:\/\/www.eldiariodetucuman.com\/web\/#\/schema\/person\/7e6644a46e60888f6b868594407e08dd"},"headline":"Todo lo que ten\u00e9s que saber para inscribirte en el Instituto de la Vivienda","datePublished":"2018-01-23T15:33:01+00:00","mainEntityOfPage":{"@id":"https:\/\/www.eldiariodetucuman.com\/web\/lo-tenes-saber-inscribirte-instituto-la-vivienda\/"},"wordCount":556,"publisher":{"@id":"https:\/\/www.eldiariodetucuman.com\/web\/#organization"},"image":{"@id":"https:\/\/www.eldiariodetucuman.com\/web\/lo-tenes-saber-inscribirte-instituto-la-vivienda\/#primaryimage"},"thumbnailUrl":"https:\/\/www.eldiariodetucuman.com\/web\/wp-content\/uploads\/2018\/01\/vivienda.jpg","keywords":["Argentina","El Diario de Tucuman","Tucuman","vivienda"],"articleSection":["Portada"],"inLanguage":"es"},{"@type":"WebPage","@id":"https:\/\/www.eldiariodetucuman.com\/web\/lo-tenes-saber-inscribirte-instituto-la-vivienda\/","url":"https:\/\/www.eldiariodetucuman.com\/web\/lo-tenes-saber-inscribirte-instituto-la-vivienda\/","name":"Todo lo que ten\u00e9s que saber para inscribirte en el Instituto de la Vivienda","isPartOf":{"@id":"https:\/\/www.eldiariodetucuman.com\/web\/#website"},"primaryImageOfPage":{"@id":"https:\/\/www.eldiariodetucuman.com\/web\/lo-tenes-saber-inscribirte-instituto-la-vivienda\/#primaryimage"},"image":{"@id":"https:\/\/www.eldiariodetucuman.com\/web\/lo-tenes-saber-inscribirte-instituto-la-vivienda\/#primaryimage"},"thumbnailUrl":"https:\/\/www.eldiariodetucuman.com\/web\/wp-content\/uploads\/2018\/01\/vivienda.jpg","datePublished":"2018-01-23T15:33:01+00:00","description":"La titular del IPV,\u00a0Noemi Ferrioli, expres\u00f3 a LV12 que tras un trascendido period\u00edstico de una presunta estafa, se hizo una denuncia judicial en la Fiscal\u00eda N\u00b0IV, a pesar de que no hubo reclamos formales.","breadcrumb":{"@id":"https:\/\/www.eldiariodetucuman.com\/web\/lo-tenes-saber-inscribirte-instituto-la-vivienda\/#breadcrumb"},"inLanguage":"es","potentialAction":[{"@type":"ReadAction","target":["https:\/\/www.eldiariodetucuman.com\/web\/lo-tenes-saber-inscribirte-instituto-la-vivienda\/"]}]},{"@type":"ImageObject","inLanguage":"es","@id":"https:\/\/www.eldiariodetucuman.com\/web\/lo-tenes-saber-inscribirte-instituto-la-vivienda\/#primaryimage","url":"https:\/\/www.eldiariodetucuman.com\/web\/wp-content\/uploads\/2018\/01\/vivienda.jpg","contentUrl":"https:\/\/www.eldiariodetucuman.com\/web\/wp-content\/uploads\/2018\/01\/vivienda.jpg","width":635,"height":421},{"@type":"BreadcrumbList","@id":"https:\/\/www.eldiariodetucuman.com\/web\/lo-tenes-saber-inscribirte-instituto-la-vivienda\/#breadcrumb","itemListElement":[{"@type":"ListItem","position":1,"name":"Portada","item":"https:\/\/www.eldiariodetucuman.com\/web\/"},{"@type":"ListItem","position":2,"name":"Todo lo que ten\u00e9s que saber para inscribirte en el Instituto de la Vivienda"}]},{"@type":"WebSite","@id":"https:\/\/www.eldiariodetucuman.com\/web\/#website","url":"https:\/\/www.eldiariodetucuman.com\/web\/","name":"El Diario de Tucuman","description":"Diario Tucuman - Informaci\u00f3n y noticias","publisher":{"@id":"https:\/\/www.eldiariodetucuman.com\/web\/#organization"},"potentialAction":[{"@type":"SearchAction","target":{"@type":"EntryPoint","urlTemplate":"https:\/\/www.eldiariodetucuman.com\/web\/?s={search_term_string}"},"query-input":{"@type":"PropertyValueSpecification","valueRequired":true,"valueName":"search_term_string"}}],"inLanguage":"es"},{"@type":"Organization","@id":"https:\/\/www.eldiariodetucuman.com\/web\/#organization","name":"El Diario de Tucuman","url":"https:\/\/www.eldiariodetucuman.com\/web\/","logo":{"@type":"ImageObject","inLanguage":"es","@id":"https:\/\/www.eldiariodetucuman.com\/web\/#\/schema\/logo\/image\/","url":"http:\/\/www.eldiariodetucuman.com\/web\/wp-content\/uploads\/2017\/12\/el-diario-de-tucuman.jpg","contentUrl":"http:\/\/www.eldiariodetucuman.com\/web\/wp-content\/uploads\/2017\/12\/el-diario-de-tucuman.jpg","width":272,"height":92,"caption":"El Diario de Tucuman"},"image":{"@id":"https:\/\/www.eldiariodetucuman.com\/web\/#\/schema\/logo\/image\/"}},{"@type":"Person","@id":"https:\/\/www.eldiariodetucuman.com\/web\/#\/schema\/person\/7e6644a46e60888f6b868594407e08dd","name":"Redactor Uno","image":{"@type":"ImageObject","inLanguage":"es","@id":"https:\/\/secure.gravatar.com\/avatar\/0049b1bdf1bd548385c9ea6b9356431717930913089febd2ba904f0187d7d074?s=96&d=mm&r=g","url":"https:\/\/secure.gravatar.com\/avatar\/0049b1bdf1bd548385c9ea6b9356431717930913089febd2ba904f0187d7d074?s=96&d=mm&r=g","contentUrl":"https:\/\/secure.gravatar.com\/avatar\/0049b1bdf1bd548385c9ea6b9356431717930913089febd2ba904f0187d7d074?s=96&d=mm&r=g","caption":"Redactor Uno"},"url":"https:\/\/www.eldiariodetucuman.com\/web\/author\/mramasco\/"}]}},"_links":{"self":[{"href":"https:\/\/www.eldiariodetucuman.com\/web\/wp-json\/wp\/v2\/posts\/4927","targetHints":{"allow":["GET"]}}],"collection":[{"href":"https:\/\/www.eldiariodetucuman.com\/web\/wp-json\/wp\/v2\/posts"}],"about":[{"href":"https:\/\/www.eldiariodetucuman.com\/web\/wp-json\/wp\/v2\/types\/post"}],"author":[{"embeddable":true,"href":"https:\/\/www.eldiariodetucuman.com\/web\/wp-json\/wp\/v2\/users\/5"}],"replies":[{"embeddable":true,"href":"https:\/\/www.eldiariodetucuman.com\/web\/wp-json\/wp\/v2\/comments?post=4927"}],"version-history":[{"count":1,"href":"https:\/\/www.eldiariodetucuman.com\/web\/wp-json\/wp\/v2\/posts\/4927\/revisions"}],"predecessor-version":[{"id":4928,"href":"https:\/\/www.eldiariodetucuman.com\/web\/wp-json\/wp\/v2\/posts\/4927\/revisions\/4928"}],"wp:featuredmedia":[{"embeddable":true,"href":"https:\/\/www.eldiariodetucuman.com\/web\/wp-json\/wp\/v2\/media\/4929"}],"wp:attachment":[{"href":"https:\/\/www.eldiariodetucuman.com\/web\/wp-json\/wp\/v2\/media?parent=4927"}],"wp:term":[{"taxonomy":"category","embeddable":true,"href":"https:\/\/www.eldiariodetucuman.com\/web\/wp-json\/wp\/v2\/categories?post=4927"},{"taxonomy":"post_tag","embeddable":true,"href":"https:\/\/www.eldiariodetucuman.com\/web\/wp-json\/wp\/v2\/tags?post=4927"}],"curies":[{"name":"wp","href":"https:\/\/api.w.org\/{rel}","templated":true}]}}