{"id":4911,"date":"2018-01-22T18:04:53","date_gmt":"2018-01-22T21:04:53","guid":{"rendered":"http:\/\/www.eldiariodetucuman.com\/web\/?p=4911"},"modified":"2018-01-22T18:04:53","modified_gmt":"2018-01-22T21:04:53","slug":"4911-2","status":"publish","type":"post","link":"https:\/\/www.eldiariodetucuman.com\/web\/4911-2\/","title":{"rendered":"Abri\u00f3 el primer supermercado del futuro"},"content":{"rendered":"<div class=\"nodeInfo video \">\n<header>\n<div class=\"panel-body panel-slider\">\n<div class=\"contenido\">\n<div class=\"contenido-titulo\">\n<p>Fue abierto en Seattle. Los usuarios ponen los productos directamente en sus bolsas y se los llevan.<\/p>\n<\/div>\n<\/div>\n<\/div>\n<\/header>\n<\/div>\n<p><!--more--><\/p>\n<div class=\"nodeFull clearfix\">\n<div class=\"body\">\n<p>Amazon\u00a0abri\u00f3 este lunes en Seattle el primer supermercado sin cajas, que permitir\u00e1 a los usuarios poner los productos directamente en sus bolsas y simplemente llev\u00e1rselos.\u00a0El importe de la compra se cargar\u00e1 directamente en la cuenta de Amazon del usuario.<\/p>\n<p class=\"SubTitulo\"><strong>\u00bfC\u00f3mo funciona?\u00a0<\/strong><\/p>\n<div class=\"inlineBanner\">\n<div id=\"sas_20895\">El sistema utiliza c\u00e1maras y sensores para seguir al comprador y detectar qu\u00e9 tom\u00f3 de los estantes y guard\u00f3 en su bolsa.<\/div>\n<\/div>\n<p>Los medios estadounidenses que pudieron visitar la tienda \u00abAmazon Go\u00bb antes de su apertura oficial hablaron de \u00abdecenas y decenas de c\u00e1maras\u00bb.<\/p>\n<p>Los visitantes deber\u00e1n bajar la aplicaci\u00f3n \u00abAmazon-Go\u00bb y colocar su tel\u00e9fono m\u00f3vil delante de una puerta que permite la entrada a la tienda, indicaron los blogs sobre tecnolog\u00eda \u00abRecode\u00bb y \u00abTechcrunch\u00bb, as\u00ed como \u00abThe Wall Street Journal\u00bb.<\/p>\n<p>Seg\u00fan indicaron, no es necesario mostrar ante las c\u00e1maras qu\u00e9 producto se toma. Amazon explic\u00f3, no obstante, que no se utiliza el reconocimiento facial para llevar adelante el proceso. En cambio, las personas son reconocidas por el sistema como \u00abobjetos 3D\u00bb. Y al salir de la tienda pasan el tel\u00e9fono por un escaner en la salida.<\/p>\n<p>La tienda ofrece ensaladas, comidas preparadas, alimentos frescos, bebidas, as\u00ed como snacks de una marca del supermercado de productos org\u00e1nicos Whole Foods, propiedad de Amazon.<\/p>\n<p>La apertura de la tienda estaba prevista para un a\u00f1o atr\u00e1s, pero la tecnolog\u00eda tuvo algunos problemas para registrar a las personas cuando hab\u00eda muchas en el local, pero entre tanto se solucionaron las dificultades, indicaron los medios.<\/p>\n<p>A pesar de que el negocio funciona sin cajeros, hay varios empleados trabajando en \u00e9l: unos preparan las ensaladas, otros las comidas, otros llenas las estanter\u00edas, hay alguien a la entrada y otro controla la edad de los compradores en los estantes de bebidas alcoh\u00f3licas.<\/p>\n<p>Amazon posee varias tiendas de libros en Estados Unidos. Con \u00abAmazon Go\u00bb, la empresa online busca un modelo de expansi\u00f3n a tiendas reales con el apoyo de tecnolog\u00eda moderna.<\/p>\n<p><strong>Fuente:<\/strong>\u00a0<a href=\"http:\/\/www.lavoz.com.ar\/tecnologia\/amazon-abre-el-primer-supermercado-del-futuro-sin-colas-ni-cajas\">http:\/\/www.lavoz.com.ar\/tecnologia\/amazon-abre-el-primer-supermercado-del-futuro-sin-colas-ni-cajas<\/a><\/p>\n<\/div>\n<\/div>\n","protected":false},"excerpt":{"rendered":"<p>Fue abierto en Seattle. Los usuarios ponen los productos directamente en sus bolsas y se los llevan.<\/p>\n","protected":false},"author":5,"featured_media":4912,"comment_status":"closed","ping_status":"open","sticky":false,"template":"","format":"standard","meta":{"footnotes":""},"categories":[154],"tags":[134,7,18,61],"class_list":{"0":"post-4911","1":"post","2":"type-post","3":"status-publish","4":"format-standard","5":"has-post-thumbnail","7":"category-ciencia-y-tecnologia","8":"tag-argentina","9":"tag-el-diario-de-tucuman","10":"tag-tecnologia","11":"tag-tucuman"},"yoast_head":"<!-- This site is optimized with the Yoast SEO plugin v27.4 - https:\/\/yoast.com\/product\/yoast-seo-wordpress\/ -->\n<title>Abri\u00f3 el primer supermercado del futuro<\/title>\n<meta name=\"description\" content=\"Fue abierto en Seattle. Los usuarios ponen los productos directamente en sus bolsas y se los llevan.\u00a0\" \/>\n<meta name=\"robots\" content=\"index, follow, max-snippet:-1, max-image-preview:large, max-video-preview:-1\" \/>\n<link rel=\"canonical\" href=\"https:\/\/www.eldiariodetucuman.com\/web\/4911-2\/\" \/>\n<meta property=\"og:locale\" content=\"es_ES\" \/>\n<meta property=\"og:type\" content=\"article\" \/>\n<meta property=\"og:title\" content=\"Abri\u00f3 el primer supermercado del futuro\" \/>\n<meta property=\"og:description\" content=\"Fue abierto en Seattle. Los usuarios ponen los productos directamente en sus bolsas y se los llevan.\u00a0\" \/>\n<meta property=\"og:url\" content=\"https:\/\/www.eldiariodetucuman.com\/web\/4911-2\/\" \/>\n<meta property=\"og:site_name\" content=\"El Diario de Tucuman\" \/>\n<meta property=\"article:published_time\" content=\"2018-01-22T21:04:53+00:00\" \/>\n<meta property=\"og:image\" content=\"https:\/\/www.eldiariodetucuman.com\/web\/wp-content\/uploads\/2018\/01\/amazongo.jpg\" \/>\n\t<meta property=\"og:image:width\" content=\"990\" \/>\n\t<meta property=\"og:image:height\" content=\"558\" \/>\n\t<meta property=\"og:image:type\" content=\"image\/jpeg\" \/>\n<meta name=\"author\" content=\"Redactor Uno\" \/>\n<meta name=\"twitter:card\" content=\"summary_large_image\" \/>\n<meta name=\"twitter:label1\" content=\"Escrito por\" \/>\n\t<meta name=\"twitter:data1\" content=\"Redactor Uno\" \/>\n\t<meta name=\"twitter:label2\" content=\"Tiempo de lectura\" \/>\n\t<meta name=\"twitter:data2\" content=\"2 minutos\" \/>\n<script type=\"application\/ld+json\" class=\"yoast-schema-graph\">{\"@context\":\"https:\\\/\\\/schema.org\",\"@graph\":[{\"@type\":\"Article\",\"@id\":\"https:\\\/\\\/www.eldiariodetucuman.com\\\/web\\\/4911-2\\\/#article\",\"isPartOf\":{\"@id\":\"https:\\\/\\\/www.eldiariodetucuman.com\\\/web\\\/4911-2\\\/\"},\"author\":{\"name\":\"Redactor Uno\",\"@id\":\"https:\\\/\\\/www.eldiariodetucuman.com\\\/web\\\/#\\\/schema\\\/person\\\/7e6644a46e60888f6b868594407e08dd\"},\"headline\":\"Abri\u00f3 el primer supermercado del futuro\",\"datePublished\":\"2018-01-22T21:04:53+00:00\",\"mainEntityOfPage\":{\"@id\":\"https:\\\/\\\/www.eldiariodetucuman.com\\\/web\\\/4911-2\\\/\"},\"wordCount\":369,\"publisher\":{\"@id\":\"https:\\\/\\\/www.eldiariodetucuman.com\\\/web\\\/#organization\"},\"image\":{\"@id\":\"https:\\\/\\\/www.eldiariodetucuman.com\\\/web\\\/4911-2\\\/#primaryimage\"},\"thumbnailUrl\":\"https:\\\/\\\/www.eldiariodetucuman.com\\\/web\\\/wp-content\\\/uploads\\\/2018\\\/01\\\/amazongo.jpg\",\"keywords\":[\"Argentina\",\"El Diario de Tucuman\",\"Tecnologia\",\"Tucuman\"],\"articleSection\":[\"ciencia y tecnologia\"],\"inLanguage\":\"es\"},{\"@type\":\"WebPage\",\"@id\":\"https:\\\/\\\/www.eldiariodetucuman.com\\\/web\\\/4911-2\\\/\",\"url\":\"https:\\\/\\\/www.eldiariodetucuman.com\\\/web\\\/4911-2\\\/\",\"name\":\"Abri\u00f3 el primer supermercado del futuro\",\"isPartOf\":{\"@id\":\"https:\\\/\\\/www.eldiariodetucuman.com\\\/web\\\/#website\"},\"primaryImageOfPage\":{\"@id\":\"https:\\\/\\\/www.eldiariodetucuman.com\\\/web\\\/4911-2\\\/#primaryimage\"},\"image\":{\"@id\":\"https:\\\/\\\/www.eldiariodetucuman.com\\\/web\\\/4911-2\\\/#primaryimage\"},\"thumbnailUrl\":\"https:\\\/\\\/www.eldiariodetucuman.com\\\/web\\\/wp-content\\\/uploads\\\/2018\\\/01\\\/amazongo.jpg\",\"datePublished\":\"2018-01-22T21:04:53+00:00\",\"description\":\"Fue abierto en Seattle. Los usuarios ponen los productos directamente en sus bolsas y se los llevan.\u00a0\",\"breadcrumb\":{\"@id\":\"https:\\\/\\\/www.eldiariodetucuman.com\\\/web\\\/4911-2\\\/#breadcrumb\"},\"inLanguage\":\"es\",\"potentialAction\":[{\"@type\":\"ReadAction\",\"target\":[\"https:\\\/\\\/www.eldiariodetucuman.com\\\/web\\\/4911-2\\\/\"]}]},{\"@type\":\"ImageObject\",\"inLanguage\":\"es\",\"@id\":\"https:\\\/\\\/www.eldiariodetucuman.com\\\/web\\\/4911-2\\\/#primaryimage\",\"url\":\"https:\\\/\\\/www.eldiariodetucuman.com\\\/web\\\/wp-content\\\/uploads\\\/2018\\\/01\\\/amazongo.jpg\",\"contentUrl\":\"https:\\\/\\\/www.eldiariodetucuman.com\\\/web\\\/wp-content\\\/uploads\\\/2018\\\/01\\\/amazongo.jpg\",\"width\":990,\"height\":558},{\"@type\":\"BreadcrumbList\",\"@id\":\"https:\\\/\\\/www.eldiariodetucuman.com\\\/web\\\/4911-2\\\/#breadcrumb\",\"itemListElement\":[{\"@type\":\"ListItem\",\"position\":1,\"name\":\"Portada\",\"item\":\"https:\\\/\\\/www.eldiariodetucuman.com\\\/web\\\/\"},{\"@type\":\"ListItem\",\"position\":2,\"name\":\"Abri\u00f3 el primer supermercado del futuro\"}]},{\"@type\":\"WebSite\",\"@id\":\"https:\\\/\\\/www.eldiariodetucuman.com\\\/web\\\/#website\",\"url\":\"https:\\\/\\\/www.eldiariodetucuman.com\\\/web\\\/\",\"name\":\"El Diario de Tucuman\",\"description\":\"Diario Tucuman - Informaci\u00f3n y noticias\",\"publisher\":{\"@id\":\"https:\\\/\\\/www.eldiariodetucuman.com\\\/web\\\/#organization\"},\"potentialAction\":[{\"@type\":\"SearchAction\",\"target\":{\"@type\":\"EntryPoint\",\"urlTemplate\":\"https:\\\/\\\/www.eldiariodetucuman.com\\\/web\\\/?s={search_term_string}\"},\"query-input\":{\"@type\":\"PropertyValueSpecification\",\"valueRequired\":true,\"valueName\":\"search_term_string\"}}],\"inLanguage\":\"es\"},{\"@type\":\"Organization\",\"@id\":\"https:\\\/\\\/www.eldiariodetucuman.com\\\/web\\\/#organization\",\"name\":\"El Diario de Tucuman\",\"url\":\"https:\\\/\\\/www.eldiariodetucuman.com\\\/web\\\/\",\"logo\":{\"@type\":\"ImageObject\",\"inLanguage\":\"es\",\"@id\":\"https:\\\/\\\/www.eldiariodetucuman.com\\\/web\\\/#\\\/schema\\\/logo\\\/image\\\/\",\"url\":\"http:\\\/\\\/www.eldiariodetucuman.com\\\/web\\\/wp-content\\\/uploads\\\/2017\\\/12\\\/el-diario-de-tucuman.jpg\",\"contentUrl\":\"http:\\\/\\\/www.eldiariodetucuman.com\\\/web\\\/wp-content\\\/uploads\\\/2017\\\/12\\\/el-diario-de-tucuman.jpg\",\"width\":272,\"height\":92,\"caption\":\"El Diario de Tucuman\"},\"image\":{\"@id\":\"https:\\\/\\\/www.eldiariodetucuman.com\\\/web\\\/#\\\/schema\\\/logo\\\/image\\\/\"}},{\"@type\":\"Person\",\"@id\":\"https:\\\/\\\/www.eldiariodetucuman.com\\\/web\\\/#\\\/schema\\\/person\\\/7e6644a46e60888f6b868594407e08dd\",\"name\":\"Redactor Uno\",\"image\":{\"@type\":\"ImageObject\",\"inLanguage\":\"es\",\"@id\":\"https:\\\/\\\/secure.gravatar.com\\\/avatar\\\/0049b1bdf1bd548385c9ea6b9356431717930913089febd2ba904f0187d7d074?s=96&d=mm&r=g\",\"url\":\"https:\\\/\\\/secure.gravatar.com\\\/avatar\\\/0049b1bdf1bd548385c9ea6b9356431717930913089febd2ba904f0187d7d074?s=96&d=mm&r=g\",\"contentUrl\":\"https:\\\/\\\/secure.gravatar.com\\\/avatar\\\/0049b1bdf1bd548385c9ea6b9356431717930913089febd2ba904f0187d7d074?s=96&d=mm&r=g\",\"caption\":\"Redactor Uno\"},\"url\":\"https:\\\/\\\/www.eldiariodetucuman.com\\\/web\\\/author\\\/mramasco\\\/\"}]}<\/script>\n<!-- \/ Yoast SEO plugin. -->","yoast_head_json":{"title":"Abri\u00f3 el primer supermercado del futuro","description":"Fue abierto en Seattle. Los usuarios ponen los productos directamente en sus bolsas y se los llevan.\u00a0","robots":{"index":"index","follow":"follow","max-snippet":"max-snippet:-1","max-image-preview":"max-image-preview:large","max-video-preview":"max-video-preview:-1"},"canonical":"https:\/\/www.eldiariodetucuman.com\/web\/4911-2\/","og_locale":"es_ES","og_type":"article","og_title":"Abri\u00f3 el primer supermercado del futuro","og_description":"Fue abierto en Seattle. Los usuarios ponen los productos directamente en sus bolsas y se los llevan.\u00a0","og_url":"https:\/\/www.eldiariodetucuman.com\/web\/4911-2\/","og_site_name":"El Diario de Tucuman","article_published_time":"2018-01-22T21:04:53+00:00","og_image":[{"width":990,"height":558,"url":"https:\/\/www.eldiariodetucuman.com\/web\/wp-content\/uploads\/2018\/01\/amazongo.jpg","type":"image\/jpeg"}],"author":"Redactor Uno","twitter_card":"summary_large_image","twitter_misc":{"Escrito por":"Redactor Uno","Tiempo de lectura":"2 minutos"},"schema":{"@context":"https:\/\/schema.org","@graph":[{"@type":"Article","@id":"https:\/\/www.eldiariodetucuman.com\/web\/4911-2\/#article","isPartOf":{"@id":"https:\/\/www.eldiariodetucuman.com\/web\/4911-2\/"},"author":{"name":"Redactor Uno","@id":"https:\/\/www.eldiariodetucuman.com\/web\/#\/schema\/person\/7e6644a46e60888f6b868594407e08dd"},"headline":"Abri\u00f3 el primer supermercado del futuro","datePublished":"2018-01-22T21:04:53+00:00","mainEntityOfPage":{"@id":"https:\/\/www.eldiariodetucuman.com\/web\/4911-2\/"},"wordCount":369,"publisher":{"@id":"https:\/\/www.eldiariodetucuman.com\/web\/#organization"},"image":{"@id":"https:\/\/www.eldiariodetucuman.com\/web\/4911-2\/#primaryimage"},"thumbnailUrl":"https:\/\/www.eldiariodetucuman.com\/web\/wp-content\/uploads\/2018\/01\/amazongo.jpg","keywords":["Argentina","El Diario de Tucuman","Tecnologia","Tucuman"],"articleSection":["ciencia y tecnologia"],"inLanguage":"es"},{"@type":"WebPage","@id":"https:\/\/www.eldiariodetucuman.com\/web\/4911-2\/","url":"https:\/\/www.eldiariodetucuman.com\/web\/4911-2\/","name":"Abri\u00f3 el primer supermercado del futuro","isPartOf":{"@id":"https:\/\/www.eldiariodetucuman.com\/web\/#website"},"primaryImageOfPage":{"@id":"https:\/\/www.eldiariodetucuman.com\/web\/4911-2\/#primaryimage"},"image":{"@id":"https:\/\/www.eldiariodetucuman.com\/web\/4911-2\/#primaryimage"},"thumbnailUrl":"https:\/\/www.eldiariodetucuman.com\/web\/wp-content\/uploads\/2018\/01\/amazongo.jpg","datePublished":"2018-01-22T21:04:53+00:00","description":"Fue abierto en Seattle. Los usuarios ponen los productos directamente en sus bolsas y se los llevan.\u00a0","breadcrumb":{"@id":"https:\/\/www.eldiariodetucuman.com\/web\/4911-2\/#breadcrumb"},"inLanguage":"es","potentialAction":[{"@type":"ReadAction","target":["https:\/\/www.eldiariodetucuman.com\/web\/4911-2\/"]}]},{"@type":"ImageObject","inLanguage":"es","@id":"https:\/\/www.eldiariodetucuman.com\/web\/4911-2\/#primaryimage","url":"https:\/\/www.eldiariodetucuman.com\/web\/wp-content\/uploads\/2018\/01\/amazongo.jpg","contentUrl":"https:\/\/www.eldiariodetucuman.com\/web\/wp-content\/uploads\/2018\/01\/amazongo.jpg","width":990,"height":558},{"@type":"BreadcrumbList","@id":"https:\/\/www.eldiariodetucuman.com\/web\/4911-2\/#breadcrumb","itemListElement":[{"@type":"ListItem","position":1,"name":"Portada","item":"https:\/\/www.eldiariodetucuman.com\/web\/"},{"@type":"ListItem","position":2,"name":"Abri\u00f3 el primer supermercado del futuro"}]},{"@type":"WebSite","@id":"https:\/\/www.eldiariodetucuman.com\/web\/#website","url":"https:\/\/www.eldiariodetucuman.com\/web\/","name":"El Diario de Tucuman","description":"Diario Tucuman - Informaci\u00f3n y noticias","publisher":{"@id":"https:\/\/www.eldiariodetucuman.com\/web\/#organization"},"potentialAction":[{"@type":"SearchAction","target":{"@type":"EntryPoint","urlTemplate":"https:\/\/www.eldiariodetucuman.com\/web\/?s={search_term_string}"},"query-input":{"@type":"PropertyValueSpecification","valueRequired":true,"valueName":"search_term_string"}}],"inLanguage":"es"},{"@type":"Organization","@id":"https:\/\/www.eldiariodetucuman.com\/web\/#organization","name":"El Diario de Tucuman","url":"https:\/\/www.eldiariodetucuman.com\/web\/","logo":{"@type":"ImageObject","inLanguage":"es","@id":"https:\/\/www.eldiariodetucuman.com\/web\/#\/schema\/logo\/image\/","url":"http:\/\/www.eldiariodetucuman.com\/web\/wp-content\/uploads\/2017\/12\/el-diario-de-tucuman.jpg","contentUrl":"http:\/\/www.eldiariodetucuman.com\/web\/wp-content\/uploads\/2017\/12\/el-diario-de-tucuman.jpg","width":272,"height":92,"caption":"El Diario de Tucuman"},"image":{"@id":"https:\/\/www.eldiariodetucuman.com\/web\/#\/schema\/logo\/image\/"}},{"@type":"Person","@id":"https:\/\/www.eldiariodetucuman.com\/web\/#\/schema\/person\/7e6644a46e60888f6b868594407e08dd","name":"Redactor Uno","image":{"@type":"ImageObject","inLanguage":"es","@id":"https:\/\/secure.gravatar.com\/avatar\/0049b1bdf1bd548385c9ea6b9356431717930913089febd2ba904f0187d7d074?s=96&d=mm&r=g","url":"https:\/\/secure.gravatar.com\/avatar\/0049b1bdf1bd548385c9ea6b9356431717930913089febd2ba904f0187d7d074?s=96&d=mm&r=g","contentUrl":"https:\/\/secure.gravatar.com\/avatar\/0049b1bdf1bd548385c9ea6b9356431717930913089febd2ba904f0187d7d074?s=96&d=mm&r=g","caption":"Redactor Uno"},"url":"https:\/\/www.eldiariodetucuman.com\/web\/author\/mramasco\/"}]}},"_links":{"self":[{"href":"https:\/\/www.eldiariodetucuman.com\/web\/wp-json\/wp\/v2\/posts\/4911","targetHints":{"allow":["GET"]}}],"collection":[{"href":"https:\/\/www.eldiariodetucuman.com\/web\/wp-json\/wp\/v2\/posts"}],"about":[{"href":"https:\/\/www.eldiariodetucuman.com\/web\/wp-json\/wp\/v2\/types\/post"}],"author":[{"embeddable":true,"href":"https:\/\/www.eldiariodetucuman.com\/web\/wp-json\/wp\/v2\/users\/5"}],"replies":[{"embeddable":true,"href":"https:\/\/www.eldiariodetucuman.com\/web\/wp-json\/wp\/v2\/comments?post=4911"}],"version-history":[{"count":1,"href":"https:\/\/www.eldiariodetucuman.com\/web\/wp-json\/wp\/v2\/posts\/4911\/revisions"}],"predecessor-version":[{"id":4913,"href":"https:\/\/www.eldiariodetucuman.com\/web\/wp-json\/wp\/v2\/posts\/4911\/revisions\/4913"}],"wp:featuredmedia":[{"embeddable":true,"href":"https:\/\/www.eldiariodetucuman.com\/web\/wp-json\/wp\/v2\/media\/4912"}],"wp:attachment":[{"href":"https:\/\/www.eldiariodetucuman.com\/web\/wp-json\/wp\/v2\/media?parent=4911"}],"wp:term":[{"taxonomy":"category","embeddable":true,"href":"https:\/\/www.eldiariodetucuman.com\/web\/wp-json\/wp\/v2\/categories?post=4911"},{"taxonomy":"post_tag","embeddable":true,"href":"https:\/\/www.eldiariodetucuman.com\/web\/wp-json\/wp\/v2\/tags?post=4911"}],"curies":[{"name":"wp","href":"https:\/\/api.w.org\/{rel}","templated":true}]}}