{"id":47551,"date":"2026-05-03T06:50:10","date_gmt":"2026-05-03T09:50:10","guid":{"rendered":"https:\/\/www.eldiariodetucuman.com\/web\/la-bronca-de-un-presidente-deslomado\/"},"modified":"2026-05-03T06:50:12","modified_gmt":"2026-05-03T09:50:12","slug":"la-bronca-de-un-presidente-deslomado","status":"publish","type":"post","link":"https:\/\/www.eldiariodetucuman.com\/web\/la-bronca-de-un-presidente-deslomado\/","title":{"rendered":"La bronca de un presidente deslomado"},"content":{"rendered":"<p><\/p>\n<p class=\"com-paragraph  --capital --s\">Una conjura de \u201cimb\u00e9ciles\u201d, \u201ccorruptos\u201d, \u201cseres despreciables\u201d, \u201cpsic\u00f3patas\u201d, \u201czurdos resentidos\u201d, \u201cbasuras inmundas\u201d y \u201cenvidiosos\u201d le niega a <strong>Javier Milei<\/strong> el reconocimiento de liderar el mejor gobierno de la historia. Tres horas y media de discursos dedic\u00f3 el Presidente la \u00faltima semana para hilvanar, entre insultos, autoelogios y estad\u00edsticas, un reproche de Estado a quienes expresan alg\u00fan tipo de insatisfacci\u00f3n con los resultados de sus pol\u00edticas. <\/p>\n<p class=\"com-paragraph   --s\">Ya no niega el malestar social en alza que todas las encuestas de opini\u00f3n registran desde el verano, pero lo redujo a \u201c<strong>una sensaci\u00f3n de frustraci\u00f3n de los \u00faltimos seis meses\u201d <\/strong>provocada por ataques especulativos que atribuye al kirchnerismo, algunos empresarios y el 95% de los periodistas. En privado argumenta que los poderes econ\u00f3micos relegados por el modelo actual persiguen un <strong>\u201cmile\u00edsmo sin Milei\u201d<\/strong> y que hacen lo imposible para que su plan se atasque. \u201cNo me voy a dejar psicopatear\u201d es su versi\u00f3n del \u201cno pasar\u00e1n\u201d. La acompa\u00f1a de una desinhibici\u00f3n, inusual hasta para \u00e9l.<\/p>\n<p class=\"com-paragraph   --s\">Pas\u00f3 de pedir paciencia a la sociedad a impacientarse \u00e9l mismo. \u201cJavier siempre busca la culpa afuera\u201d, explica una fuente que ocupa una posici\u00f3n de privilegio en la estructura de <strong>La Libertad Avanza (LLA)<\/strong>. Un exfuncionario que sigue ligado al oficialismo ampl\u00eda: \u201cLo tienen blindado los amigos del campe\u00f3n, que te impiden atajar a tiempo los problemas\u201d. <\/p>\n<p class=\"com-paragraph   --s\">El cuadro que tiene en un bache de popularidad al gobierno combina s\u00edntomas econ\u00f3micos y pol\u00edticos. El l\u00edder de la indignaci\u00f3n que vino a terminar con \u201cla casta\u201d que viv\u00eda de los privilegios del Estado se embandera en la defensa del jefe de Gabinete, <strong>Manuel Adorni<\/strong>, se\u00f1alado por el crecimiento de su patrimonio y su tren de vida desde que es funcionario p\u00fablico. El que despreciaba las internas paralizantes del tr\u00edo <strong>Alberto Fern\u00e1ndez-Cristina Kirchner-Sergio Massa<\/strong> luce maniatado por la disputa irresuelta por espacios de poder entre <strong>su hermana Karina<\/strong> y el asesor <strong>Santiago Caputo<\/strong>. El exterminador de la inflaci\u00f3n heredada se top\u00f3 con una meseta que no consigue perforar, mientras se resiente el poder adquisitivo de gran parte de la poblaci\u00f3n y el empleo est\u00e1 bajo amenaza. <\/p>\n<p>Santiago Caputo, en la presentaci\u00f3n del informe de gesti\u00f3n de Manuel AdorniSantiago Oroz<\/p>\n<p class=\"com-paragraph   --s\">A Milei el grito le sirvi\u00f3 para desafiar el sistema. Ahora, cuando le toca a \u00e9l ser el receptor de los reclamos, se presume v\u00edctima de una agresi\u00f3n injustificada. <\/p>\n<p class=\"com-paragraph   --s\">Volvi\u00f3 a quedar en evidencia en los \u00faltimos d\u00edas la dificultad para encarnar un mensaje de empat\u00eda en los momentos flacos que a todo gobierno le esperan en un punto del camino. <strong>\u201c\u00bfSaben qui\u00e9n es el que peor le fue en esta econom\u00eda en t\u00e9rminos reales? A m\u00ed\u201d<\/strong>, dijo el lunes en la Fundaci\u00f3n Libertad cuando intentaba desmentir un deterioro en los salarios. Record\u00f3 que \u00e9l decidi\u00f3 congelarse el sueldo hace m\u00e1s de dos a\u00f1os. Sin contar, claro, que vive en la mansi\u00f3n presidencial y, como corresponde, con todos los gastos de seguridad, alimentaci\u00f3n y movilidad cubiertos por el maldito Estado. <\/p>\n<p class=\"com-paragraph   --s\">En un discurso posterior se refiri\u00f3 a los perdedores de la transformaci\u00f3n econ\u00f3mica que promueve su gesti\u00f3n como <strong>\u201cda\u00f1os colaterales\u201d<\/strong>. Y se permiti\u00f3 celebrar el 1\u00b0 de Mayo con un video hecho con piezas de LEGO que terminaba con la siguiente proclama: \u201cFeliz d\u00eda al que trabaj\u00f3 para reconstruir este pa\u00eds, un bloque a la vez. Feliz D\u00eda del Trabajador, Presidente Milei\u201d. <strong>Le falt\u00f3 decir que se est\u00e1 deslomando. <\/strong>Por suerte Adorni ya no es su vocero. <\/p>\n<p class=\"com-paragraph   --s\">El jefe de Gabinete cur\u00f3 sus penas con Milei durante los dos meses que lleva bajo fuego por las revelaciones sobre sus gastos e inversiones y su negativa a explicar el origen del dinero. <\/p>\n<p class=\"com-paragraph   --s\">Los dos hermanos Milei lo defendieron por igual con el argumento de que sus enemigos primero van por Adorni y despu\u00e9s ir\u00e1n por ellos. <strong>\u201cLo persiguen por dos mangos los que se chorearon un PBI\u201d<\/strong>, le dijo el Presidente a un dirigente territorial libertario. <\/p>\n<p class=\"com-paragraph   --s\">La orden de acorazar a Adorni en el Congreso fue en defensa propia. La sesi\u00f3n de control al jefe de Gabinete incomodaba a muchos de los diputados que ten\u00edan que poner el cuerpo por un funcionario que se niega a diluir las sospechas con papeles y documentos. \u201cSe tiene que preparar bien porque va a ser una masacre\u201d, comentaban el lunes dos legisladores oficialistas mientras esperaban para o\u00edr a Milei en la Fundaci\u00f3n Libertad. \u201cEste quilombo nos est\u00e1 matando. A ver si logramos dar vuelta la p\u00e1gina. Si no va a renunciar al menos que d\u00e9 la cara\u201d, se consolaba en voz baja un funcionario que despu\u00e9s, como es debido, abraz\u00f3 al jefe de Gabinete cuando lo vio llegar al evento. <\/p>\n<p>Los hermanos Milei, en el CongresoNatacha Pisarenko &#8211; AP<\/p>\n<p class=\"com-paragraph   --s\"><strong>Karina Milei<\/strong> les avis\u00f3 a todos los ministros que deb\u00edan estar el mi\u00e9rcoles en el Congreso una hora antes de la sesi\u00f3n. Su hermano le agreg\u00f3 \u00e9pica a lo que pod\u00eda ser angustioso. Grabaron un video en el que \u00e9l y todo el Gabinete posan con Adorni y lo subieron a las redes sociales con la canci\u00f3n \u201cEye of the Tiger\u201d, de la pel\u00edcula \u201cRocky\u201d. <strong>La l\u00f3gica, a la vista: iban a pelear, no a explicar. <\/strong><\/p>\n<p class=\"com-paragraph   --s\">El clip se public\u00f3 casi en crudo. Se puede ver al inicio la incomodidad de Karina Milei cuando la senadora <strong>Patricia Bullrich<\/strong> se quiso acomodar m\u00e1s cerca del Presidente. La hermana la corri\u00f3 con un gesto, pero \u00e9l la trajo otra vez a su lado. Delicias del cine libertario. \u00bfO fue un descuido del funcionario contratado para filmar a los Milei, <strong>Santiago Or\u00eda<\/strong>? <\/p>\n<p>Milei y el Gabinete respaldan a Adorni en el Congreso<\/p>\n<p class=\"com-paragraph   --s\">Los recelos de Karina con Bullrich son indisimulables. La senadora rompe de tanto en tanto la verticalidad libertaria y construye para s\u00ed misma, sin pedir permiso. En la Fundaci\u00f3n Libertad se abraz\u00f3 con <strong>Mauricio Macri<\/strong>, pese a que los ministros lo esquivaban como si fuera contagioso respirar el mismo aire que \u00e9l. <strong>\u201cLo est\u00e1n maltratando a Mauricio en un momento en que hay gente armando alternativas pol\u00edticas contra nosotros. Es un peligro que no deber\u00edamos correr\u201d<\/strong>, le dijo la senadora a un interlocutor que le pregunt\u00f3 por ese saludo. <\/p>\n<p class=\"com-paragraph   --s\">Bullrich public\u00f3 el viernes un video sugestivo, con todo de campa\u00f1a, como si fuera un lanzamiento no autorizado. <strong>\u201cQue cada uno lo interprete como quiera\u201d<\/strong>, dicen en su entorno. Lo musicaliz\u00f3 con la canci\u00f3n \u201cSuperestrella\u201d, de Aitana. \u201cHoy vas a ser mi pr\u00f3ximo error\u201d, canta la artista espa\u00f1ola. Que no la escuche Milei. <\/p>\n<p>El video de campa\u00f1a de Patricia Bullrich<\/p>\n<p class=\"com-paragraph   --s\">La sesi\u00f3n de Adorni fue un experimento controlado de siete horas. El jefe de Gabinete hizo los deberes que le encomendaron. Ley\u00f3 todo el tiempo y no se dej\u00f3 llevar nunca por el instinto de pronunciar frases ocurrentes. <\/p>\n<p class=\"com-paragraph   --s\">Milei lo sigui\u00f3 desde el palco principal como un emperador en el circo. Su forma de levantar el pulgar fue trenzarse a gritos con los opositores y animar a los diputados propios a que ovacionaran a Adorni como si, en lugar de un funcionario investigado por enriquecimiento il\u00edcito, fuera un <strong>h\u00e9roe de la libertad<\/strong>. Al irse, el Presidente encar\u00f3 con furia a los periodistas que quer\u00edan registrar su opini\u00f3n. <strong>\u201cChorros, corruptos\u201d<\/strong>, les grit\u00f3, con el rostro desencajado. Dentro del recinto, <strong>Mart\u00edn Menem<\/strong> le exig\u00eda decoro al diputado <strong>Pablo Juliano<\/strong> porque os\u00f3 tratar de \u201cvos\u201d a Adorni. Hay formas y formas. <\/p>\n<p>Pablo Juliano le entrega la constituci\u00f3n a Manuel AdorniSantiago Oroz &#8211; LA NACION<\/p>\n<p class=\"com-paragraph   --s\">Milei se hab\u00eda pasado una semana tratando de <strong>\u201cbasuras inmundas\u201d<\/strong> a todos aquellos comunicadores a quienes sus fieles se\u00f1alaban en las redes sociales. Se regode\u00f3 de cerrar la sala de prensa de la Casa Rosada y hasta fantase\u00f3 con meter presa a la periodista <strong>Luciana Geuna<\/strong>, a quien mand\u00f3 a denunciar por espionaje ilegal por un informe inocuo sobre el palacio presidencial. <\/p>\n<p class=\"com-paragraph   --s\">El influjo de los aduladores crece en un momento de mayor fragilidad. Milei celebr\u00f3 a quienes lo declararon ganador en su batalla con el fantasma de Keynes (para la que el martes us\u00f3 durante dos horas el auditorio del viejo Palacio del Correo); a los que elogian lo bien que le queda el <strong>disfraz de Saint-Exup\u00e9ry <\/strong>con el que se subi\u00f3 el jueves a un portaviones de Estados Unidos o a quienes lo seducen con banales teor\u00edas conspirativas sobre los medios. <\/p>\n<p>Javier Milei, junto al embajador Peter Lamelas, Karina Milei y Pablo Quirno en el portaaviones USS Nimitz<\/p>\n<p class=\"com-paragraph   --s\">Les escapa, en cambio, a quienes expresan matices, por mucho que sean de confianza. Karina se encarga de hacer el test de pureza. <strong>\u201cSomos un partido liberal con conducci\u00f3n sovi\u00e9tica\u201d<\/strong>, se resigna una fuente que sigue firme dentro del equipo libertario. <\/p>\n<p class=\"com-paragraph   --s\">La obediencia ciega que ordena \u201cel Jefe\u201d ten\u00eda paralizado al Gobierno. Funcionarios y legisladores se quejaban en sordina de que el caso Adorni era para ellos como tener un bozal. No pod\u00edan presentarse en un medio sin que les preguntaran cosas que el propio involucrado se negaba a discutir. Se les complicaba organizar sesiones en el Congreso ante el riesgo de que se convirtieran en un <strong>festival opositor<\/strong>: el kirchnerismo suele ser implacable para exigir transparencia cuando est\u00e1 fuera del poder. <\/p>\n<p class=\"com-paragraph   --s\">La presentaci\u00f3n del jefe de Gabinete en la C\u00e1mara de Diputados caus\u00f3 alivio entre los libertarios. <strong>No empeor\u00f3 su situaci\u00f3n personal y liber\u00f3 al resto para volver a sus oficios habituales<\/strong>. \u201cAdorni seguir\u00e1 con su tema a cuestas, pero ahora tenemos que dar vuelta la p\u00e1gina y a quien pregunte le diremos: \u2018\u00c9l ya dijo lo que ten\u00eda que decir\u2019. No podemos regalarnos m\u00e1s\u201d, resume una figura del oficialismo. <\/p>\n<p class=\"com-paragraph   --s\">El desahogo deriv\u00f3 en alguna sobreactuaci\u00f3n, como el festejo grupal al terminar la sesi\u00f3n. <strong>Adorni, sonriente en medio del recinto, rodeado de todos los diputados de LLA.<\/strong> Una celebraci\u00f3n extra\u00f1a para un grupo que lleg\u00f3 al poder en representaci\u00f3n de ciudadanos hartos con una \u201ccasta\u201d que disfrutaba de privilegios y viv\u00eda enfrascada en sus propios intereses. <\/p>\n<p>Manuel Adorni celebra con los diputados de LLA el final de la sesi\u00f3n de control Santiago Filipuzzi<\/p>\n<p class=\"com-paragraph   --s\">Adorni intenta naturalizar su continuidad sin que se note la negativa a dar explicaciones sobre sus bienes. Aval\u00f3 la reapertura de la sala de periodistas y piensa dar una conferencia el lunes o martes. Seguir\u00e1 empe\u00f1ado en responder que de sus \u201ctemas personales\u201d solo hablar\u00e1 ante la Justicia. <\/p>\n<p class=\"com-paragraph   --s\">Acaso sea un consuelo no ser el \u00fanico t\u00f3pico disponible. Nadie en el Gobierno aclar\u00f3 algo sobre los departamentos en Miami que ocult\u00f3 al fisco del director de ARCA, <strong>Andr\u00e9s V\u00e1zquez<\/strong>. Su valedor, Santiago Caputo, lo defendi\u00f3 sin fisuras y Milei no emiti\u00f3 palabra. Ser\u00e1 que no hay mejor recaudador que V\u00e1zquez para un presidente que pregona que todo impuesto es un robo. <\/p>\n<p class=\"com-paragraph   --s\">Por algo parecido \u2013no declarar propiedades en Miami\u2013 le pidieron la renuncia a <strong>Jorge Frugoni<\/strong>, que ten\u00eda a cargo el \u00e1rea de Infraestructura. Le aplicaron una vara distinta.<\/p>\n<p class=\"com-paragraph   --s\">La declamada tesis de \u201cla moral como pol\u00edtica de Estado\u201d choc\u00f3 con otro desliz institucional sobre el final de la semana: la revelaci\u00f3n de gastos en discotecas, free shops y chiringuitos de playa a cargo de las tarjetas corporativas de la empresa p\u00fablica <strong>Nucleoel\u00e9ctrica Argentina<\/strong>. <\/p>\n<p>Javier Milei y Demian ReidelX Demian Reidel<\/p>\n<p class=\"com-paragraph   --s\">Todo ocurri\u00f3 durante la gesti\u00f3n de <strong>Demian Reidel<\/strong>, aquel con el que Milei reescrib\u00eda la teor\u00eda econ\u00f3mica universal en busca de un Premio Nobel. <\/p>\n<p class=\"com-paragraph   --s\">Si sigue hablando con el Presidente, Reidel podr\u00eda ofrecerle consuelo a su fastidio por las crecientes demandas sociales al gobierno libertario. Ya lo dijo cuando todav\u00eda era funcionario: <strong>\u201cEl problema con este pa\u00eds es que est\u00e1 poblado de argentinos\u201d<\/strong>. <\/p>\n<p><a href=\"https:\/\/www.lanacion.com.ar\/politica\/la-bronca-de-un-presidente-deslomado-nid02052026\/\">Fuente de la nota <\/a><\/p>\n","protected":false},"excerpt":{"rendered":"<p>Una conjura de \u201cimb\u00e9ciles\u201d, \u201ccorruptos\u201d, \u201cseres despreciables\u201d, \u201cpsic\u00f3patas\u201d, \u201czurdos resentidos\u201d, \u201cbasuras inmundas\u201d y \u201cenvidiosos\u201d le niega a Javier Milei el reconocimiento de liderar el mejor gobierno de la historia. Tres horas y media de discursos dedic\u00f3 el Presidente la \u00faltima semana para hilvanar, entre insultos, autoelogios y estad\u00edsticas, un reproche de Estado a quienes expresan [&hellip;]<\/p>\n","protected":false},"author":5,"featured_media":47552,"comment_status":"closed","ping_status":"open","sticky":false,"template":"","format":"standard","meta":{"footnotes":""},"categories":[3],"tags":[],"class_list":{"0":"post-47551","1":"post","2":"type-post","3":"status-publish","4":"format-standard","5":"has-post-thumbnail","7":"category-politica"},"yoast_head":"<!-- This site is optimized with the Yoast SEO plugin v27.5 - https:\/\/yoast.com\/product\/yoast-seo-wordpress\/ -->\n<title>La bronca de un presidente deslomado - El Diario de Tucuman<\/title>\n<meta name=\"robots\" content=\"index, follow, max-snippet:-1, max-image-preview:large, max-video-preview:-1\" \/>\n<link rel=\"canonical\" href=\"https:\/\/www.eldiariodetucuman.com\/web\/la-bronca-de-un-presidente-deslomado\/\" \/>\n<meta property=\"og:locale\" content=\"es_ES\" \/>\n<meta property=\"og:type\" content=\"article\" \/>\n<meta property=\"og:title\" content=\"La bronca de un presidente deslomado - El Diario de Tucuman\" \/>\n<meta property=\"og:description\" content=\"Una conjura de \u201cimb\u00e9ciles\u201d, \u201ccorruptos\u201d, \u201cseres despreciables\u201d, \u201cpsic\u00f3patas\u201d, \u201czurdos resentidos\u201d, \u201cbasuras inmundas\u201d y \u201cenvidiosos\u201d le niega a Javier Milei el reconocimiento de liderar el mejor gobierno de la historia. Tres horas y media de discursos dedic\u00f3 el Presidente la \u00faltima semana para hilvanar, entre insultos, autoelogios y estad\u00edsticas, un reproche de Estado a quienes expresan [&hellip;]\" \/>\n<meta property=\"og:url\" content=\"https:\/\/www.eldiariodetucuman.com\/web\/la-bronca-de-un-presidente-deslomado\/\" \/>\n<meta property=\"og:site_name\" content=\"El Diario de Tucuman\" \/>\n<meta property=\"article:published_time\" content=\"2026-05-03T09:50:10+00:00\" \/>\n<meta property=\"article:modified_time\" content=\"2026-05-03T09:50:12+00:00\" \/>\n<meta property=\"og:image\" content=\"https:\/\/www.eldiariodetucuman.com\/web\/wp-content\/uploads\/2026\/05\/javier-milei-le-grita-chorros-a-un-grupo-de-TVEI273DA5GVXOTV2YQT4NEUBY.jpg\" \/>\n\t<meta property=\"og:image:width\" content=\"1200\" \/>\n\t<meta property=\"og:image:height\" content=\"800\" \/>\n\t<meta property=\"og:image:type\" content=\"image\/jpeg\" \/>\n<meta name=\"author\" content=\"Redactor Uno\" \/>\n<meta name=\"twitter:card\" content=\"summary_large_image\" \/>\n<meta name=\"twitter:label1\" content=\"Escrito por\" \/>\n\t<meta name=\"twitter:data1\" content=\"Redactor Uno\" \/>\n\t<meta name=\"twitter:label2\" content=\"Tiempo de lectura\" \/>\n\t<meta name=\"twitter:data2\" content=\"10 minutos\" \/>\n<script type=\"application\/ld+json\" class=\"yoast-schema-graph\">{\"@context\":\"https:\\\/\\\/schema.org\",\"@graph\":[{\"@type\":\"Article\",\"@id\":\"https:\\\/\\\/www.eldiariodetucuman.com\\\/web\\\/la-bronca-de-un-presidente-deslomado\\\/#article\",\"isPartOf\":{\"@id\":\"https:\\\/\\\/www.eldiariodetucuman.com\\\/web\\\/la-bronca-de-un-presidente-deslomado\\\/\"},\"author\":{\"name\":\"Redactor Uno\",\"@id\":\"https:\\\/\\\/www.eldiariodetucuman.com\\\/web\\\/#\\\/schema\\\/person\\\/7e6644a46e60888f6b868594407e08dd\"},\"headline\":\"La bronca de un presidente deslomado\",\"datePublished\":\"2026-05-03T09:50:10+00:00\",\"dateModified\":\"2026-05-03T09:50:12+00:00\",\"mainEntityOfPage\":{\"@id\":\"https:\\\/\\\/www.eldiariodetucuman.com\\\/web\\\/la-bronca-de-un-presidente-deslomado\\\/\"},\"wordCount\":2024,\"publisher\":{\"@id\":\"https:\\\/\\\/www.eldiariodetucuman.com\\\/web\\\/#organization\"},\"image\":{\"@id\":\"https:\\\/\\\/www.eldiariodetucuman.com\\\/web\\\/la-bronca-de-un-presidente-deslomado\\\/#primaryimage\"},\"thumbnailUrl\":\"https:\\\/\\\/www.eldiariodetucuman.com\\\/web\\\/wp-content\\\/uploads\\\/2026\\\/05\\\/javier-milei-le-grita-chorros-a-un-grupo-de-TVEI273DA5GVXOTV2YQT4NEUBY.jpg\",\"articleSection\":[\"Politica\"],\"inLanguage\":\"es\"},{\"@type\":\"WebPage\",\"@id\":\"https:\\\/\\\/www.eldiariodetucuman.com\\\/web\\\/la-bronca-de-un-presidente-deslomado\\\/\",\"url\":\"https:\\\/\\\/www.eldiariodetucuman.com\\\/web\\\/la-bronca-de-un-presidente-deslomado\\\/\",\"name\":\"La bronca de un presidente deslomado - El Diario de Tucuman\",\"isPartOf\":{\"@id\":\"https:\\\/\\\/www.eldiariodetucuman.com\\\/web\\\/#website\"},\"primaryImageOfPage\":{\"@id\":\"https:\\\/\\\/www.eldiariodetucuman.com\\\/web\\\/la-bronca-de-un-presidente-deslomado\\\/#primaryimage\"},\"image\":{\"@id\":\"https:\\\/\\\/www.eldiariodetucuman.com\\\/web\\\/la-bronca-de-un-presidente-deslomado\\\/#primaryimage\"},\"thumbnailUrl\":\"https:\\\/\\\/www.eldiariodetucuman.com\\\/web\\\/wp-content\\\/uploads\\\/2026\\\/05\\\/javier-milei-le-grita-chorros-a-un-grupo-de-TVEI273DA5GVXOTV2YQT4NEUBY.jpg\",\"datePublished\":\"2026-05-03T09:50:10+00:00\",\"dateModified\":\"2026-05-03T09:50:12+00:00\",\"breadcrumb\":{\"@id\":\"https:\\\/\\\/www.eldiariodetucuman.com\\\/web\\\/la-bronca-de-un-presidente-deslomado\\\/#breadcrumb\"},\"inLanguage\":\"es\",\"potentialAction\":[{\"@type\":\"ReadAction\",\"target\":[\"https:\\\/\\\/www.eldiariodetucuman.com\\\/web\\\/la-bronca-de-un-presidente-deslomado\\\/\"]}]},{\"@type\":\"ImageObject\",\"inLanguage\":\"es\",\"@id\":\"https:\\\/\\\/www.eldiariodetucuman.com\\\/web\\\/la-bronca-de-un-presidente-deslomado\\\/#primaryimage\",\"url\":\"https:\\\/\\\/www.eldiariodetucuman.com\\\/web\\\/wp-content\\\/uploads\\\/2026\\\/05\\\/javier-milei-le-grita-chorros-a-un-grupo-de-TVEI273DA5GVXOTV2YQT4NEUBY.jpg\",\"contentUrl\":\"https:\\\/\\\/www.eldiariodetucuman.com\\\/web\\\/wp-content\\\/uploads\\\/2026\\\/05\\\/javier-milei-le-grita-chorros-a-un-grupo-de-TVEI273DA5GVXOTV2YQT4NEUBY.jpg\",\"width\":1200,\"height\":800},{\"@type\":\"BreadcrumbList\",\"@id\":\"https:\\\/\\\/www.eldiariodetucuman.com\\\/web\\\/la-bronca-de-un-presidente-deslomado\\\/#breadcrumb\",\"itemListElement\":[{\"@type\":\"ListItem\",\"position\":1,\"name\":\"Portada\",\"item\":\"https:\\\/\\\/www.eldiariodetucuman.com\\\/web\\\/\"},{\"@type\":\"ListItem\",\"position\":2,\"name\":\"La bronca de un presidente deslomado\"}]},{\"@type\":\"WebSite\",\"@id\":\"https:\\\/\\\/www.eldiariodetucuman.com\\\/web\\\/#website\",\"url\":\"https:\\\/\\\/www.eldiariodetucuman.com\\\/web\\\/\",\"name\":\"El Diario de Tucuman\",\"description\":\"Diario Tucuman - Informaci\u00f3n y noticias\",\"publisher\":{\"@id\":\"https:\\\/\\\/www.eldiariodetucuman.com\\\/web\\\/#organization\"},\"potentialAction\":[{\"@type\":\"SearchAction\",\"target\":{\"@type\":\"EntryPoint\",\"urlTemplate\":\"https:\\\/\\\/www.eldiariodetucuman.com\\\/web\\\/?s={search_term_string}\"},\"query-input\":{\"@type\":\"PropertyValueSpecification\",\"valueRequired\":true,\"valueName\":\"search_term_string\"}}],\"inLanguage\":\"es\"},{\"@type\":\"Organization\",\"@id\":\"https:\\\/\\\/www.eldiariodetucuman.com\\\/web\\\/#organization\",\"name\":\"El Diario de Tucuman\",\"url\":\"https:\\\/\\\/www.eldiariodetucuman.com\\\/web\\\/\",\"logo\":{\"@type\":\"ImageObject\",\"inLanguage\":\"es\",\"@id\":\"https:\\\/\\\/www.eldiariodetucuman.com\\\/web\\\/#\\\/schema\\\/logo\\\/image\\\/\",\"url\":\"http:\\\/\\\/www.eldiariodetucuman.com\\\/web\\\/wp-content\\\/uploads\\\/2017\\\/12\\\/el-diario-de-tucuman.jpg\",\"contentUrl\":\"http:\\\/\\\/www.eldiariodetucuman.com\\\/web\\\/wp-content\\\/uploads\\\/2017\\\/12\\\/el-diario-de-tucuman.jpg\",\"width\":272,\"height\":92,\"caption\":\"El Diario de Tucuman\"},\"image\":{\"@id\":\"https:\\\/\\\/www.eldiariodetucuman.com\\\/web\\\/#\\\/schema\\\/logo\\\/image\\\/\"}},{\"@type\":\"Person\",\"@id\":\"https:\\\/\\\/www.eldiariodetucuman.com\\\/web\\\/#\\\/schema\\\/person\\\/7e6644a46e60888f6b868594407e08dd\",\"name\":\"Redactor Uno\",\"image\":{\"@type\":\"ImageObject\",\"inLanguage\":\"es\",\"@id\":\"https:\\\/\\\/secure.gravatar.com\\\/avatar\\\/0049b1bdf1bd548385c9ea6b9356431717930913089febd2ba904f0187d7d074?s=96&d=mm&r=g\",\"url\":\"https:\\\/\\\/secure.gravatar.com\\\/avatar\\\/0049b1bdf1bd548385c9ea6b9356431717930913089febd2ba904f0187d7d074?s=96&d=mm&r=g\",\"contentUrl\":\"https:\\\/\\\/secure.gravatar.com\\\/avatar\\\/0049b1bdf1bd548385c9ea6b9356431717930913089febd2ba904f0187d7d074?s=96&d=mm&r=g\",\"caption\":\"Redactor Uno\"},\"url\":\"https:\\\/\\\/www.eldiariodetucuman.com\\\/web\\\/author\\\/mramasco\\\/\"}]}<\/script>\n<!-- \/ Yoast SEO plugin. -->","yoast_head_json":{"title":"La bronca de un presidente deslomado - El Diario de Tucuman","robots":{"index":"index","follow":"follow","max-snippet":"max-snippet:-1","max-image-preview":"max-image-preview:large","max-video-preview":"max-video-preview:-1"},"canonical":"https:\/\/www.eldiariodetucuman.com\/web\/la-bronca-de-un-presidente-deslomado\/","og_locale":"es_ES","og_type":"article","og_title":"La bronca de un presidente deslomado - El Diario de Tucuman","og_description":"Una conjura de \u201cimb\u00e9ciles\u201d, \u201ccorruptos\u201d, \u201cseres despreciables\u201d, \u201cpsic\u00f3patas\u201d, \u201czurdos resentidos\u201d, \u201cbasuras inmundas\u201d y \u201cenvidiosos\u201d le niega a Javier Milei el reconocimiento de liderar el mejor gobierno de la historia. Tres horas y media de discursos dedic\u00f3 el Presidente la \u00faltima semana para hilvanar, entre insultos, autoelogios y estad\u00edsticas, un reproche de Estado a quienes expresan [&hellip;]","og_url":"https:\/\/www.eldiariodetucuman.com\/web\/la-bronca-de-un-presidente-deslomado\/","og_site_name":"El Diario de Tucuman","article_published_time":"2026-05-03T09:50:10+00:00","article_modified_time":"2026-05-03T09:50:12+00:00","og_image":[{"width":1200,"height":800,"url":"https:\/\/www.eldiariodetucuman.com\/web\/wp-content\/uploads\/2026\/05\/javier-milei-le-grita-chorros-a-un-grupo-de-TVEI273DA5GVXOTV2YQT4NEUBY.jpg","type":"image\/jpeg"}],"author":"Redactor Uno","twitter_card":"summary_large_image","twitter_misc":{"Escrito por":"Redactor Uno","Tiempo de lectura":"10 minutos"},"schema":{"@context":"https:\/\/schema.org","@graph":[{"@type":"Article","@id":"https:\/\/www.eldiariodetucuman.com\/web\/la-bronca-de-un-presidente-deslomado\/#article","isPartOf":{"@id":"https:\/\/www.eldiariodetucuman.com\/web\/la-bronca-de-un-presidente-deslomado\/"},"author":{"name":"Redactor Uno","@id":"https:\/\/www.eldiariodetucuman.com\/web\/#\/schema\/person\/7e6644a46e60888f6b868594407e08dd"},"headline":"La bronca de un presidente deslomado","datePublished":"2026-05-03T09:50:10+00:00","dateModified":"2026-05-03T09:50:12+00:00","mainEntityOfPage":{"@id":"https:\/\/www.eldiariodetucuman.com\/web\/la-bronca-de-un-presidente-deslomado\/"},"wordCount":2024,"publisher":{"@id":"https:\/\/www.eldiariodetucuman.com\/web\/#organization"},"image":{"@id":"https:\/\/www.eldiariodetucuman.com\/web\/la-bronca-de-un-presidente-deslomado\/#primaryimage"},"thumbnailUrl":"https:\/\/www.eldiariodetucuman.com\/web\/wp-content\/uploads\/2026\/05\/javier-milei-le-grita-chorros-a-un-grupo-de-TVEI273DA5GVXOTV2YQT4NEUBY.jpg","articleSection":["Politica"],"inLanguage":"es"},{"@type":"WebPage","@id":"https:\/\/www.eldiariodetucuman.com\/web\/la-bronca-de-un-presidente-deslomado\/","url":"https:\/\/www.eldiariodetucuman.com\/web\/la-bronca-de-un-presidente-deslomado\/","name":"La bronca de un presidente deslomado - El Diario de Tucuman","isPartOf":{"@id":"https:\/\/www.eldiariodetucuman.com\/web\/#website"},"primaryImageOfPage":{"@id":"https:\/\/www.eldiariodetucuman.com\/web\/la-bronca-de-un-presidente-deslomado\/#primaryimage"},"image":{"@id":"https:\/\/www.eldiariodetucuman.com\/web\/la-bronca-de-un-presidente-deslomado\/#primaryimage"},"thumbnailUrl":"https:\/\/www.eldiariodetucuman.com\/web\/wp-content\/uploads\/2026\/05\/javier-milei-le-grita-chorros-a-un-grupo-de-TVEI273DA5GVXOTV2YQT4NEUBY.jpg","datePublished":"2026-05-03T09:50:10+00:00","dateModified":"2026-05-03T09:50:12+00:00","breadcrumb":{"@id":"https:\/\/www.eldiariodetucuman.com\/web\/la-bronca-de-un-presidente-deslomado\/#breadcrumb"},"inLanguage":"es","potentialAction":[{"@type":"ReadAction","target":["https:\/\/www.eldiariodetucuman.com\/web\/la-bronca-de-un-presidente-deslomado\/"]}]},{"@type":"ImageObject","inLanguage":"es","@id":"https:\/\/www.eldiariodetucuman.com\/web\/la-bronca-de-un-presidente-deslomado\/#primaryimage","url":"https:\/\/www.eldiariodetucuman.com\/web\/wp-content\/uploads\/2026\/05\/javier-milei-le-grita-chorros-a-un-grupo-de-TVEI273DA5GVXOTV2YQT4NEUBY.jpg","contentUrl":"https:\/\/www.eldiariodetucuman.com\/web\/wp-content\/uploads\/2026\/05\/javier-milei-le-grita-chorros-a-un-grupo-de-TVEI273DA5GVXOTV2YQT4NEUBY.jpg","width":1200,"height":800},{"@type":"BreadcrumbList","@id":"https:\/\/www.eldiariodetucuman.com\/web\/la-bronca-de-un-presidente-deslomado\/#breadcrumb","itemListElement":[{"@type":"ListItem","position":1,"name":"Portada","item":"https:\/\/www.eldiariodetucuman.com\/web\/"},{"@type":"ListItem","position":2,"name":"La bronca de un presidente deslomado"}]},{"@type":"WebSite","@id":"https:\/\/www.eldiariodetucuman.com\/web\/#website","url":"https:\/\/www.eldiariodetucuman.com\/web\/","name":"El Diario de Tucuman","description":"Diario Tucuman - Informaci\u00f3n y noticias","publisher":{"@id":"https:\/\/www.eldiariodetucuman.com\/web\/#organization"},"potentialAction":[{"@type":"SearchAction","target":{"@type":"EntryPoint","urlTemplate":"https:\/\/www.eldiariodetucuman.com\/web\/?s={search_term_string}"},"query-input":{"@type":"PropertyValueSpecification","valueRequired":true,"valueName":"search_term_string"}}],"inLanguage":"es"},{"@type":"Organization","@id":"https:\/\/www.eldiariodetucuman.com\/web\/#organization","name":"El Diario de Tucuman","url":"https:\/\/www.eldiariodetucuman.com\/web\/","logo":{"@type":"ImageObject","inLanguage":"es","@id":"https:\/\/www.eldiariodetucuman.com\/web\/#\/schema\/logo\/image\/","url":"http:\/\/www.eldiariodetucuman.com\/web\/wp-content\/uploads\/2017\/12\/el-diario-de-tucuman.jpg","contentUrl":"http:\/\/www.eldiariodetucuman.com\/web\/wp-content\/uploads\/2017\/12\/el-diario-de-tucuman.jpg","width":272,"height":92,"caption":"El Diario de Tucuman"},"image":{"@id":"https:\/\/www.eldiariodetucuman.com\/web\/#\/schema\/logo\/image\/"}},{"@type":"Person","@id":"https:\/\/www.eldiariodetucuman.com\/web\/#\/schema\/person\/7e6644a46e60888f6b868594407e08dd","name":"Redactor Uno","image":{"@type":"ImageObject","inLanguage":"es","@id":"https:\/\/secure.gravatar.com\/avatar\/0049b1bdf1bd548385c9ea6b9356431717930913089febd2ba904f0187d7d074?s=96&d=mm&r=g","url":"https:\/\/secure.gravatar.com\/avatar\/0049b1bdf1bd548385c9ea6b9356431717930913089febd2ba904f0187d7d074?s=96&d=mm&r=g","contentUrl":"https:\/\/secure.gravatar.com\/avatar\/0049b1bdf1bd548385c9ea6b9356431717930913089febd2ba904f0187d7d074?s=96&d=mm&r=g","caption":"Redactor Uno"},"url":"https:\/\/www.eldiariodetucuman.com\/web\/author\/mramasco\/"}]}},"_links":{"self":[{"href":"https:\/\/www.eldiariodetucuman.com\/web\/wp-json\/wp\/v2\/posts\/47551","targetHints":{"allow":["GET"]}}],"collection":[{"href":"https:\/\/www.eldiariodetucuman.com\/web\/wp-json\/wp\/v2\/posts"}],"about":[{"href":"https:\/\/www.eldiariodetucuman.com\/web\/wp-json\/wp\/v2\/types\/post"}],"author":[{"embeddable":true,"href":"https:\/\/www.eldiariodetucuman.com\/web\/wp-json\/wp\/v2\/users\/5"}],"replies":[{"embeddable":true,"href":"https:\/\/www.eldiariodetucuman.com\/web\/wp-json\/wp\/v2\/comments?post=47551"}],"version-history":[{"count":1,"href":"https:\/\/www.eldiariodetucuman.com\/web\/wp-json\/wp\/v2\/posts\/47551\/revisions"}],"predecessor-version":[{"id":47553,"href":"https:\/\/www.eldiariodetucuman.com\/web\/wp-json\/wp\/v2\/posts\/47551\/revisions\/47553"}],"wp:featuredmedia":[{"embeddable":true,"href":"https:\/\/www.eldiariodetucuman.com\/web\/wp-json\/wp\/v2\/media\/47552"}],"wp:attachment":[{"href":"https:\/\/www.eldiariodetucuman.com\/web\/wp-json\/wp\/v2\/media?parent=47551"}],"wp:term":[{"taxonomy":"category","embeddable":true,"href":"https:\/\/www.eldiariodetucuman.com\/web\/wp-json\/wp\/v2\/categories?post=47551"},{"taxonomy":"post_tag","embeddable":true,"href":"https:\/\/www.eldiariodetucuman.com\/web\/wp-json\/wp\/v2\/tags?post=47551"}],"curies":[{"name":"wp","href":"https:\/\/api.w.org\/{rel}","templated":true}]}}