{"id":47542,"date":"2026-05-01T13:37:11","date_gmt":"2026-05-01T16:37:11","guid":{"rendered":"https:\/\/www.eldiariodetucuman.com\/web\/jaldo-destaco-el-funcionamiento-de-las-instituciones-tras-el-informe-del-jefe-de-gabinete-en-el-congreso\/"},"modified":"2026-05-01T13:37:11","modified_gmt":"2026-05-01T16:37:11","slug":"jaldo-destaco-el-funcionamiento-de-las-instituciones-tras-el-informe-del-jefe-de-gabinete-en-el-congreso","status":"publish","type":"post","link":"https:\/\/www.eldiariodetucuman.com\/web\/jaldo-destaco-el-funcionamiento-de-las-instituciones-tras-el-informe-del-jefe-de-gabinete-en-el-congreso\/","title":{"rendered":"Jaldo destac\u00f3 el funcionamiento de las instituciones tras el informe del jefe de Gabinete en el Congreso"},"content":{"rendered":"<p><\/p>\n<p>El gobernador <strong>Osvaldo Jaldo<\/strong> se refiri\u00f3 a la presentaci\u00f3n del jefe de Gabinete, <strong>Manuel Adorni<\/strong>, en el Congreso de la Naci\u00f3n Argentina, donde brind\u00f3 su informe de gesti\u00f3n este mi\u00e9rcoles. El mandatario provincial valor\u00f3 el acto institucional en el marco del funcionamiento de los poderes del Estado.<\/p>\n<p>En una rueda de prensa, el gobernador contextualiz\u00f3 la importancia del informe anual del jefe de Gabinete como un mecanismo de rendici\u00f3n de cuentas ante el Poder Legislativo y destac\u00f3 el rol de las instituciones en la vida democr\u00e1tica.<\/p>\n<p>En ese sentido, el mandatario subray\u00f3 el valor del equilibrio de poderes y expres\u00f3: \u201cLo primero que quiero destacar es que las instituciones est\u00e1n funcionando en la Rep\u00fablica Argentina. Hoy tenemos un Congreso Nacional, un Poder Ejecutivo y un Poder Judicial que est\u00e1n funcionando. Por eso somos rep\u00fablica\u201d.<\/p>\n<p>El gobernador remarc\u00f3 la relevancia del acto institucional de rendici\u00f3n de cuentas ante el Parlamento y se\u00f1al\u00f3: \u201cAyer se llev\u00f3 a cabo un acto institucional muy importante, que es donde el Poder Ejecutivo, a trav\u00e9s del jefe de Gabinete, rinde cuentas de la gesti\u00f3n durante todo el a\u00f1o. En ese sentido, el jefe de Gabinete fue\u201d.<\/p>\n<\/p>\n<p>Asimismo, el titular del Poder Ejecutivo provincial evit\u00f3 realizar valoraciones personales sobre los protagonistas de la jornada legislativa y afirm\u00f3: \u201cNo voy a calificar de manera personal ni al jefe de Gabinete ni a los diputados ni a los senadores que han estado ni a los integrantes del Poder Ejecutivo nacional que masivamente fueron al Congreso. Eso corre por cuenta de cada uno de ellos, la actitud, la decisi\u00f3n y el rol que tomaron el d\u00eda de ayer\u201d.<\/p>\n<p>Finalmente, Jaldo vincul\u00f3 el funcionamiento institucional con la fortaleza del sistema democr\u00e1tico y expres\u00f3: \u201cDestaco que en la Argentina todo esto hace fortalecer la democracia. Hoy est\u00e1n funcionando las instituciones al margen de los hombres y mujeres, que todos estamos de paso. En 2027 va a haber elecciones; capaz que muchos de los que estuvieron en el Congreso ya no van a estar, pero las instituciones quedan\u201d.<\/p>\n<p>Fuente: <a href=\"https:\/\/www.comunicaciontucuman.gob.ar\/noticia\/gobernacion\/240864\/jaldo-destaco-funcionamiento-instituciones-tras-informe-jefe-gabinete-congreso\"> Fuente de la nota <\/a><\/p>\n","protected":false},"excerpt":{"rendered":"<p>El gobernador Osvaldo Jaldo se refiri\u00f3 a la presentaci\u00f3n del jefe de Gabinete, Manuel Adorni, en el Congreso de la Naci\u00f3n Argentina, donde brind\u00f3 su informe de gesti\u00f3n este mi\u00e9rcoles. El mandatario provincial valor\u00f3 el acto institucional en el marco del funcionamiento de los poderes del Estado. En una rueda de prensa, el gobernador contextualiz\u00f3 [&hellip;]<\/p>\n","protected":false},"author":1,"featured_media":47543,"comment_status":"closed","ping_status":"open","sticky":false,"template":"","format":"standard","meta":{"footnotes":""},"categories":[3],"tags":[],"class_list":{"0":"post-47542","1":"post","2":"type-post","3":"status-publish","4":"format-standard","5":"has-post-thumbnail","7":"category-politica"},"yoast_head":"<!-- This site is optimized with the Yoast SEO plugin v27.5 - https:\/\/yoast.com\/product\/yoast-seo-wordpress\/ -->\n<title>Jaldo destac\u00f3 el funcionamiento de las instituciones tras el informe del jefe de Gabinete en el Congreso - El Diario de Tucuman<\/title>\n<meta name=\"robots\" content=\"index, follow, max-snippet:-1, max-image-preview:large, max-video-preview:-1\" \/>\n<link rel=\"canonical\" href=\"https:\/\/www.eldiariodetucuman.com\/web\/jaldo-destaco-el-funcionamiento-de-las-instituciones-tras-el-informe-del-jefe-de-gabinete-en-el-congreso\/\" \/>\n<meta property=\"og:locale\" content=\"es_ES\" \/>\n<meta property=\"og:type\" content=\"article\" \/>\n<meta property=\"og:title\" content=\"Jaldo destac\u00f3 el funcionamiento de las instituciones tras el informe del jefe de Gabinete en el Congreso - El Diario de Tucuman\" \/>\n<meta property=\"og:description\" content=\"El gobernador Osvaldo Jaldo se refiri\u00f3 a la presentaci\u00f3n del jefe de Gabinete, Manuel Adorni, en el Congreso de la Naci\u00f3n Argentina, donde brind\u00f3 su informe de gesti\u00f3n este mi\u00e9rcoles. El mandatario provincial valor\u00f3 el acto institucional en el marco del funcionamiento de los poderes del Estado. En una rueda de prensa, el gobernador contextualiz\u00f3 [&hellip;]\" \/>\n<meta property=\"og:url\" content=\"https:\/\/www.eldiariodetucuman.com\/web\/jaldo-destaco-el-funcionamiento-de-las-instituciones-tras-el-informe-del-jefe-de-gabinete-en-el-congreso\/\" \/>\n<meta property=\"og:site_name\" content=\"El Diario de Tucuman\" \/>\n<meta property=\"article:published_time\" content=\"2026-05-01T16:37:11+00:00\" \/>\n<meta name=\"author\" content=\"admin\" \/>\n<meta name=\"twitter:card\" content=\"summary_large_image\" \/>\n<meta name=\"twitter:label1\" content=\"Escrito por\" \/>\n\t<meta name=\"twitter:data1\" content=\"admin\" \/>\n\t<meta name=\"twitter:label2\" content=\"Tiempo de lectura\" \/>\n\t<meta name=\"twitter:data2\" content=\"2 minutos\" \/>\n<script type=\"application\/ld+json\" class=\"yoast-schema-graph\">{\"@context\":\"https:\\\/\\\/schema.org\",\"@graph\":[{\"@type\":\"Article\",\"@id\":\"https:\\\/\\\/www.eldiariodetucuman.com\\\/web\\\/jaldo-destaco-el-funcionamiento-de-las-instituciones-tras-el-informe-del-jefe-de-gabinete-en-el-congreso\\\/#article\",\"isPartOf\":{\"@id\":\"https:\\\/\\\/www.eldiariodetucuman.com\\\/web\\\/jaldo-destaco-el-funcionamiento-de-las-instituciones-tras-el-informe-del-jefe-de-gabinete-en-el-congreso\\\/\"},\"author\":{\"name\":\"admin\",\"@id\":\"https:\\\/\\\/www.eldiariodetucuman.com\\\/web\\\/#\\\/schema\\\/person\\\/9250197d75ab5483412e19678b121caa\"},\"headline\":\"Jaldo destac\u00f3 el funcionamiento de las instituciones tras el informe del jefe de Gabinete en el Congreso\",\"datePublished\":\"2026-05-01T16:37:11+00:00\",\"mainEntityOfPage\":{\"@id\":\"https:\\\/\\\/www.eldiariodetucuman.com\\\/web\\\/jaldo-destaco-el-funcionamiento-de-las-instituciones-tras-el-informe-del-jefe-de-gabinete-en-el-congreso\\\/\"},\"wordCount\":375,\"publisher\":{\"@id\":\"https:\\\/\\\/www.eldiariodetucuman.com\\\/web\\\/#organization\"},\"image\":{\"@id\":\"https:\\\/\\\/www.eldiariodetucuman.com\\\/web\\\/jaldo-destaco-el-funcionamiento-de-las-instituciones-tras-el-informe-del-jefe-de-gabinete-en-el-congreso\\\/#primaryimage\"},\"thumbnailUrl\":\"https:\\\/\\\/www.eldiariodetucuman.com\\\/web\\\/wp-content\\\/uploads\\\/2026\\\/05\\\/Jaldo-destaco-el-funcionamiento-de-las-instituciones-tras-el-informe.jpeg\",\"articleSection\":[\"Politica\"],\"inLanguage\":\"es\"},{\"@type\":\"WebPage\",\"@id\":\"https:\\\/\\\/www.eldiariodetucuman.com\\\/web\\\/jaldo-destaco-el-funcionamiento-de-las-instituciones-tras-el-informe-del-jefe-de-gabinete-en-el-congreso\\\/\",\"url\":\"https:\\\/\\\/www.eldiariodetucuman.com\\\/web\\\/jaldo-destaco-el-funcionamiento-de-las-instituciones-tras-el-informe-del-jefe-de-gabinete-en-el-congreso\\\/\",\"name\":\"Jaldo destac\u00f3 el funcionamiento de las instituciones tras el informe del jefe de Gabinete en el Congreso - El Diario de Tucuman\",\"isPartOf\":{\"@id\":\"https:\\\/\\\/www.eldiariodetucuman.com\\\/web\\\/#website\"},\"primaryImageOfPage\":{\"@id\":\"https:\\\/\\\/www.eldiariodetucuman.com\\\/web\\\/jaldo-destaco-el-funcionamiento-de-las-instituciones-tras-el-informe-del-jefe-de-gabinete-en-el-congreso\\\/#primaryimage\"},\"image\":{\"@id\":\"https:\\\/\\\/www.eldiariodetucuman.com\\\/web\\\/jaldo-destaco-el-funcionamiento-de-las-instituciones-tras-el-informe-del-jefe-de-gabinete-en-el-congreso\\\/#primaryimage\"},\"thumbnailUrl\":\"https:\\\/\\\/www.eldiariodetucuman.com\\\/web\\\/wp-content\\\/uploads\\\/2026\\\/05\\\/Jaldo-destaco-el-funcionamiento-de-las-instituciones-tras-el-informe.jpeg\",\"datePublished\":\"2026-05-01T16:37:11+00:00\",\"breadcrumb\":{\"@id\":\"https:\\\/\\\/www.eldiariodetucuman.com\\\/web\\\/jaldo-destaco-el-funcionamiento-de-las-instituciones-tras-el-informe-del-jefe-de-gabinete-en-el-congreso\\\/#breadcrumb\"},\"inLanguage\":\"es\",\"potentialAction\":[{\"@type\":\"ReadAction\",\"target\":[\"https:\\\/\\\/www.eldiariodetucuman.com\\\/web\\\/jaldo-destaco-el-funcionamiento-de-las-instituciones-tras-el-informe-del-jefe-de-gabinete-en-el-congreso\\\/\"]}]},{\"@type\":\"ImageObject\",\"inLanguage\":\"es\",\"@id\":\"https:\\\/\\\/www.eldiariodetucuman.com\\\/web\\\/jaldo-destaco-el-funcionamiento-de-las-instituciones-tras-el-informe-del-jefe-de-gabinete-en-el-congreso\\\/#primaryimage\",\"url\":\"https:\\\/\\\/www.eldiariodetucuman.com\\\/web\\\/wp-content\\\/uploads\\\/2026\\\/05\\\/Jaldo-destaco-el-funcionamiento-de-las-instituciones-tras-el-informe.jpeg\",\"contentUrl\":\"https:\\\/\\\/www.eldiariodetucuman.com\\\/web\\\/wp-content\\\/uploads\\\/2026\\\/05\\\/Jaldo-destaco-el-funcionamiento-de-las-instituciones-tras-el-informe.jpeg\",\"width\":818,\"height\":460},{\"@type\":\"BreadcrumbList\",\"@id\":\"https:\\\/\\\/www.eldiariodetucuman.com\\\/web\\\/jaldo-destaco-el-funcionamiento-de-las-instituciones-tras-el-informe-del-jefe-de-gabinete-en-el-congreso\\\/#breadcrumb\",\"itemListElement\":[{\"@type\":\"ListItem\",\"position\":1,\"name\":\"Portada\",\"item\":\"https:\\\/\\\/www.eldiariodetucuman.com\\\/web\\\/\"},{\"@type\":\"ListItem\",\"position\":2,\"name\":\"Jaldo destac\u00f3 el funcionamiento de las instituciones tras el informe del jefe de Gabinete en el Congreso\"}]},{\"@type\":\"WebSite\",\"@id\":\"https:\\\/\\\/www.eldiariodetucuman.com\\\/web\\\/#website\",\"url\":\"https:\\\/\\\/www.eldiariodetucuman.com\\\/web\\\/\",\"name\":\"El Diario de Tucuman\",\"description\":\"Diario Tucuman - Informaci\u00f3n y noticias\",\"publisher\":{\"@id\":\"https:\\\/\\\/www.eldiariodetucuman.com\\\/web\\\/#organization\"},\"potentialAction\":[{\"@type\":\"SearchAction\",\"target\":{\"@type\":\"EntryPoint\",\"urlTemplate\":\"https:\\\/\\\/www.eldiariodetucuman.com\\\/web\\\/?s={search_term_string}\"},\"query-input\":{\"@type\":\"PropertyValueSpecification\",\"valueRequired\":true,\"valueName\":\"search_term_string\"}}],\"inLanguage\":\"es\"},{\"@type\":\"Organization\",\"@id\":\"https:\\\/\\\/www.eldiariodetucuman.com\\\/web\\\/#organization\",\"name\":\"El Diario de Tucuman\",\"url\":\"https:\\\/\\\/www.eldiariodetucuman.com\\\/web\\\/\",\"logo\":{\"@type\":\"ImageObject\",\"inLanguage\":\"es\",\"@id\":\"https:\\\/\\\/www.eldiariodetucuman.com\\\/web\\\/#\\\/schema\\\/logo\\\/image\\\/\",\"url\":\"http:\\\/\\\/www.eldiariodetucuman.com\\\/web\\\/wp-content\\\/uploads\\\/2017\\\/12\\\/el-diario-de-tucuman.jpg\",\"contentUrl\":\"http:\\\/\\\/www.eldiariodetucuman.com\\\/web\\\/wp-content\\\/uploads\\\/2017\\\/12\\\/el-diario-de-tucuman.jpg\",\"width\":272,\"height\":92,\"caption\":\"El Diario de Tucuman\"},\"image\":{\"@id\":\"https:\\\/\\\/www.eldiariodetucuman.com\\\/web\\\/#\\\/schema\\\/logo\\\/image\\\/\"}},{\"@type\":\"Person\",\"@id\":\"https:\\\/\\\/www.eldiariodetucuman.com\\\/web\\\/#\\\/schema\\\/person\\\/9250197d75ab5483412e19678b121caa\",\"name\":\"admin\",\"image\":{\"@type\":\"ImageObject\",\"inLanguage\":\"es\",\"@id\":\"https:\\\/\\\/secure.gravatar.com\\\/avatar\\\/c44d117c2be811212c22cb481f6b8384b6873de103fbc49e7a03cc58d7dea4ac?s=96&d=mm&r=g\",\"url\":\"https:\\\/\\\/secure.gravatar.com\\\/avatar\\\/c44d117c2be811212c22cb481f6b8384b6873de103fbc49e7a03cc58d7dea4ac?s=96&d=mm&r=g\",\"contentUrl\":\"https:\\\/\\\/secure.gravatar.com\\\/avatar\\\/c44d117c2be811212c22cb481f6b8384b6873de103fbc49e7a03cc58d7dea4ac?s=96&d=mm&r=g\",\"caption\":\"admin\"},\"url\":\"https:\\\/\\\/www.eldiariodetucuman.com\\\/web\\\/author\\\/admin\\\/\"}]}<\/script>\n<!-- \/ Yoast SEO plugin. -->","yoast_head_json":{"title":"Jaldo destac\u00f3 el funcionamiento de las instituciones tras el informe del jefe de Gabinete en el Congreso - El Diario de Tucuman","robots":{"index":"index","follow":"follow","max-snippet":"max-snippet:-1","max-image-preview":"max-image-preview:large","max-video-preview":"max-video-preview:-1"},"canonical":"https:\/\/www.eldiariodetucuman.com\/web\/jaldo-destaco-el-funcionamiento-de-las-instituciones-tras-el-informe-del-jefe-de-gabinete-en-el-congreso\/","og_locale":"es_ES","og_type":"article","og_title":"Jaldo destac\u00f3 el funcionamiento de las instituciones tras el informe del jefe de Gabinete en el Congreso - El Diario de Tucuman","og_description":"El gobernador Osvaldo Jaldo se refiri\u00f3 a la presentaci\u00f3n del jefe de Gabinete, Manuel Adorni, en el Congreso de la Naci\u00f3n Argentina, donde brind\u00f3 su informe de gesti\u00f3n este mi\u00e9rcoles. El mandatario provincial valor\u00f3 el acto institucional en el marco del funcionamiento de los poderes del Estado. En una rueda de prensa, el gobernador contextualiz\u00f3 [&hellip;]","og_url":"https:\/\/www.eldiariodetucuman.com\/web\/jaldo-destaco-el-funcionamiento-de-las-instituciones-tras-el-informe-del-jefe-de-gabinete-en-el-congreso\/","og_site_name":"El Diario de Tucuman","article_published_time":"2026-05-01T16:37:11+00:00","author":"admin","twitter_card":"summary_large_image","twitter_misc":{"Escrito por":"admin","Tiempo de lectura":"2 minutos"},"schema":{"@context":"https:\/\/schema.org","@graph":[{"@type":"Article","@id":"https:\/\/www.eldiariodetucuman.com\/web\/jaldo-destaco-el-funcionamiento-de-las-instituciones-tras-el-informe-del-jefe-de-gabinete-en-el-congreso\/#article","isPartOf":{"@id":"https:\/\/www.eldiariodetucuman.com\/web\/jaldo-destaco-el-funcionamiento-de-las-instituciones-tras-el-informe-del-jefe-de-gabinete-en-el-congreso\/"},"author":{"name":"admin","@id":"https:\/\/www.eldiariodetucuman.com\/web\/#\/schema\/person\/9250197d75ab5483412e19678b121caa"},"headline":"Jaldo destac\u00f3 el funcionamiento de las instituciones tras el informe del jefe de Gabinete en el Congreso","datePublished":"2026-05-01T16:37:11+00:00","mainEntityOfPage":{"@id":"https:\/\/www.eldiariodetucuman.com\/web\/jaldo-destaco-el-funcionamiento-de-las-instituciones-tras-el-informe-del-jefe-de-gabinete-en-el-congreso\/"},"wordCount":375,"publisher":{"@id":"https:\/\/www.eldiariodetucuman.com\/web\/#organization"},"image":{"@id":"https:\/\/www.eldiariodetucuman.com\/web\/jaldo-destaco-el-funcionamiento-de-las-instituciones-tras-el-informe-del-jefe-de-gabinete-en-el-congreso\/#primaryimage"},"thumbnailUrl":"https:\/\/www.eldiariodetucuman.com\/web\/wp-content\/uploads\/2026\/05\/Jaldo-destaco-el-funcionamiento-de-las-instituciones-tras-el-informe.jpeg","articleSection":["Politica"],"inLanguage":"es"},{"@type":"WebPage","@id":"https:\/\/www.eldiariodetucuman.com\/web\/jaldo-destaco-el-funcionamiento-de-las-instituciones-tras-el-informe-del-jefe-de-gabinete-en-el-congreso\/","url":"https:\/\/www.eldiariodetucuman.com\/web\/jaldo-destaco-el-funcionamiento-de-las-instituciones-tras-el-informe-del-jefe-de-gabinete-en-el-congreso\/","name":"Jaldo destac\u00f3 el funcionamiento de las instituciones tras el informe del jefe de Gabinete en el Congreso - El Diario de Tucuman","isPartOf":{"@id":"https:\/\/www.eldiariodetucuman.com\/web\/#website"},"primaryImageOfPage":{"@id":"https:\/\/www.eldiariodetucuman.com\/web\/jaldo-destaco-el-funcionamiento-de-las-instituciones-tras-el-informe-del-jefe-de-gabinete-en-el-congreso\/#primaryimage"},"image":{"@id":"https:\/\/www.eldiariodetucuman.com\/web\/jaldo-destaco-el-funcionamiento-de-las-instituciones-tras-el-informe-del-jefe-de-gabinete-en-el-congreso\/#primaryimage"},"thumbnailUrl":"https:\/\/www.eldiariodetucuman.com\/web\/wp-content\/uploads\/2026\/05\/Jaldo-destaco-el-funcionamiento-de-las-instituciones-tras-el-informe.jpeg","datePublished":"2026-05-01T16:37:11+00:00","breadcrumb":{"@id":"https:\/\/www.eldiariodetucuman.com\/web\/jaldo-destaco-el-funcionamiento-de-las-instituciones-tras-el-informe-del-jefe-de-gabinete-en-el-congreso\/#breadcrumb"},"inLanguage":"es","potentialAction":[{"@type":"ReadAction","target":["https:\/\/www.eldiariodetucuman.com\/web\/jaldo-destaco-el-funcionamiento-de-las-instituciones-tras-el-informe-del-jefe-de-gabinete-en-el-congreso\/"]}]},{"@type":"ImageObject","inLanguage":"es","@id":"https:\/\/www.eldiariodetucuman.com\/web\/jaldo-destaco-el-funcionamiento-de-las-instituciones-tras-el-informe-del-jefe-de-gabinete-en-el-congreso\/#primaryimage","url":"https:\/\/www.eldiariodetucuman.com\/web\/wp-content\/uploads\/2026\/05\/Jaldo-destaco-el-funcionamiento-de-las-instituciones-tras-el-informe.jpeg","contentUrl":"https:\/\/www.eldiariodetucuman.com\/web\/wp-content\/uploads\/2026\/05\/Jaldo-destaco-el-funcionamiento-de-las-instituciones-tras-el-informe.jpeg","width":818,"height":460},{"@type":"BreadcrumbList","@id":"https:\/\/www.eldiariodetucuman.com\/web\/jaldo-destaco-el-funcionamiento-de-las-instituciones-tras-el-informe-del-jefe-de-gabinete-en-el-congreso\/#breadcrumb","itemListElement":[{"@type":"ListItem","position":1,"name":"Portada","item":"https:\/\/www.eldiariodetucuman.com\/web\/"},{"@type":"ListItem","position":2,"name":"Jaldo destac\u00f3 el funcionamiento de las instituciones tras el informe del jefe de Gabinete en el Congreso"}]},{"@type":"WebSite","@id":"https:\/\/www.eldiariodetucuman.com\/web\/#website","url":"https:\/\/www.eldiariodetucuman.com\/web\/","name":"El Diario de Tucuman","description":"Diario Tucuman - Informaci\u00f3n y noticias","publisher":{"@id":"https:\/\/www.eldiariodetucuman.com\/web\/#organization"},"potentialAction":[{"@type":"SearchAction","target":{"@type":"EntryPoint","urlTemplate":"https:\/\/www.eldiariodetucuman.com\/web\/?s={search_term_string}"},"query-input":{"@type":"PropertyValueSpecification","valueRequired":true,"valueName":"search_term_string"}}],"inLanguage":"es"},{"@type":"Organization","@id":"https:\/\/www.eldiariodetucuman.com\/web\/#organization","name":"El Diario de Tucuman","url":"https:\/\/www.eldiariodetucuman.com\/web\/","logo":{"@type":"ImageObject","inLanguage":"es","@id":"https:\/\/www.eldiariodetucuman.com\/web\/#\/schema\/logo\/image\/","url":"http:\/\/www.eldiariodetucuman.com\/web\/wp-content\/uploads\/2017\/12\/el-diario-de-tucuman.jpg","contentUrl":"http:\/\/www.eldiariodetucuman.com\/web\/wp-content\/uploads\/2017\/12\/el-diario-de-tucuman.jpg","width":272,"height":92,"caption":"El Diario de Tucuman"},"image":{"@id":"https:\/\/www.eldiariodetucuman.com\/web\/#\/schema\/logo\/image\/"}},{"@type":"Person","@id":"https:\/\/www.eldiariodetucuman.com\/web\/#\/schema\/person\/9250197d75ab5483412e19678b121caa","name":"admin","image":{"@type":"ImageObject","inLanguage":"es","@id":"https:\/\/secure.gravatar.com\/avatar\/c44d117c2be811212c22cb481f6b8384b6873de103fbc49e7a03cc58d7dea4ac?s=96&d=mm&r=g","url":"https:\/\/secure.gravatar.com\/avatar\/c44d117c2be811212c22cb481f6b8384b6873de103fbc49e7a03cc58d7dea4ac?s=96&d=mm&r=g","contentUrl":"https:\/\/secure.gravatar.com\/avatar\/c44d117c2be811212c22cb481f6b8384b6873de103fbc49e7a03cc58d7dea4ac?s=96&d=mm&r=g","caption":"admin"},"url":"https:\/\/www.eldiariodetucuman.com\/web\/author\/admin\/"}]}},"_links":{"self":[{"href":"https:\/\/www.eldiariodetucuman.com\/web\/wp-json\/wp\/v2\/posts\/47542","targetHints":{"allow":["GET"]}}],"collection":[{"href":"https:\/\/www.eldiariodetucuman.com\/web\/wp-json\/wp\/v2\/posts"}],"about":[{"href":"https:\/\/www.eldiariodetucuman.com\/web\/wp-json\/wp\/v2\/types\/post"}],"author":[{"embeddable":true,"href":"https:\/\/www.eldiariodetucuman.com\/web\/wp-json\/wp\/v2\/users\/1"}],"replies":[{"embeddable":true,"href":"https:\/\/www.eldiariodetucuman.com\/web\/wp-json\/wp\/v2\/comments?post=47542"}],"version-history":[{"count":0,"href":"https:\/\/www.eldiariodetucuman.com\/web\/wp-json\/wp\/v2\/posts\/47542\/revisions"}],"wp:featuredmedia":[{"embeddable":true,"href":"https:\/\/www.eldiariodetucuman.com\/web\/wp-json\/wp\/v2\/media\/47543"}],"wp:attachment":[{"href":"https:\/\/www.eldiariodetucuman.com\/web\/wp-json\/wp\/v2\/media?parent=47542"}],"wp:term":[{"taxonomy":"category","embeddable":true,"href":"https:\/\/www.eldiariodetucuman.com\/web\/wp-json\/wp\/v2\/categories?post=47542"},{"taxonomy":"post_tag","embeddable":true,"href":"https:\/\/www.eldiariodetucuman.com\/web\/wp-json\/wp\/v2\/tags?post=47542"}],"curies":[{"name":"wp","href":"https:\/\/api.w.org\/{rel}","templated":true}]}}