{"id":47540,"date":"2026-05-01T13:27:55","date_gmt":"2026-05-01T16:27:55","guid":{"rendered":"https:\/\/www.eldiariodetucuman.com\/web\/comienza-la-actividad-para-colapinto-en-el-gran-premio-de-miami\/"},"modified":"2026-05-01T13:27:55","modified_gmt":"2026-05-01T16:27:55","slug":"comienza-la-actividad-para-colapinto-en-el-gran-premio-de-miami","status":"publish","type":"post","link":"https:\/\/www.eldiariodetucuman.com\/web\/comienza-la-actividad-para-colapinto-en-el-gran-premio-de-miami\/","title":{"rendered":"Comienza la actividad para Colapinto en el Gran Premio de Miami"},"content":{"rendered":"<p>    <\/p>\n<p id=\"p-1777640782256-75197\">La actividad para Colapinto comenzar\u00e1 el <strong>viernes <\/strong>con la \u00fanica <strong>pr\u00e1ctica libre del fin de semana<\/strong>, que est\u00e1 <strong>programada para las 13<\/strong> (hora de Argentina), mientras que <strong>la clasificaci\u00f3n para la carrera sprint iniciar\u00e1 a las 17:30.<\/strong><\/p>\n<p id=\"p-1777640782256-18717\">Por otra parte, <strong>el s\u00e1bado a las 13 se disputar\u00e1 la carrera sprint<\/strong>, que entrega puntos a aquellos pilotos que terminen entre los ocho mejores. <strong>Solo cuatro horas despu\u00e9s comenzar\u00e1 la clasificaci\u00f3n<\/strong>, que determinar\u00e1 el orden de largada para la carrera principal.<\/p>\n<p id=\"p-1777640782256-33521\"><strong>La actividad en el GP de Miami concluir\u00e1 el domingo con la carrera que iniciar\u00e1 a las 17.<\/strong> All\u00ed Colapinto buscar\u00e1 sumar puntos nuevamente en este campeonato para as\u00ed repetir lo hecho en el GP de China, donde tuvo una de las mejores actuaciones desde que est\u00e1 en la F\u00f3rmula 1 y finaliz\u00f3 d\u00e9cimo.<\/p>\n<p id=\"p-1777640782256-82756\">Este Gran Premio se lleva a cabo en el <strong>Aut\u00f3dromo Internacional de Miami<\/strong>, que tiene una <strong>extensi\u00f3n de 5,410 kil\u00f3metros y cuenta con 19 curvas.<\/strong> El \u00faltimo ganador en este trazado fue el australiano Oscar Piastri (McLaren), mientras que el podio en aquella ocasi\u00f3n lo completaron los brit\u00e1nicos Lando Norris (McLaren) y George Russell (Mercedes).<\/p>\n<p id=\"p-1777640782256-82914\">En lo que respecta a la actual edici\u00f3n del <strong>campeonato de F\u00f3rmula 1, el l\u00edder es el italiano Andrea Kimi Antonelli, de Mercedes<\/strong>, quien viene de quedarse con el triunfo en los Grandes Premios de China y Jap\u00f3n para llegar a los 72 puntos. En la segunda posici\u00f3n se encuentra su compa\u00f1ero de equipo en Mercedes, Russell, con 63 unidades.<\/p>\n<p id=\"p-1777640782256-1811\">El GP de Miami marca el regreso de la F\u00f3rmula 1 luego de m\u00e1s de un mes, ya que se hab\u00edan suspendido las fechas en Bahr\u00e9in y Arabia Saudita por la guerra en Medio Oriente.<\/p>\n<p id=\"p-1777640782256-54064\">El cronograma y horarios del GP de Miami de F\u00f3rmula 1<\/p>\n<p id=\"p-1777640782256-35723\"><strong>Viernes 1\/5:<\/strong><\/p>\n<p>   Pr\u00e1ctica libre 1 a las 13 Clasificaci\u00f3n sprint a las 17:30  <\/p>\n<p id=\"p-1777640782257-93192\" title=\"__IP__\" data-ipspy=\"__IP__\"><strong> S\u00e1bado 2\/5:<\/strong><\/p>\n<p>   Sprint a las 13 Clasificaci\u00f3n a las 17  <\/p>\n<p id=\"p-1777640782257-24915\"><strong> Domingo 3\/5:<\/strong><\/p>\n<p>      <strong> FUENTE:<\/strong> NA<br \/>\n<br \/>Fuente: <a href=\"https:\/\/www.lv12.com.ar\/colapinto\/comienza-la-actividad-colapinto-el-gran-premio-miami-n197098\"> Fuente de la nota <\/a><\/p>\n","protected":false},"excerpt":{"rendered":"<p>La actividad para Colapinto comenzar\u00e1 el viernes con la \u00fanica pr\u00e1ctica libre del fin de semana, que est\u00e1 programada para las 13 (hora de Argentina), mientras que la clasificaci\u00f3n para la carrera sprint iniciar\u00e1 a las 17:30. Por otra parte, el s\u00e1bado a las 13 se disputar\u00e1 la carrera sprint, que entrega puntos a aquellos [&hellip;]<\/p>\n","protected":false},"author":1,"featured_media":47541,"comment_status":"closed","ping_status":"open","sticky":false,"template":"","format":"standard","meta":{"footnotes":""},"categories":[6],"tags":[],"class_list":{"0":"post-47540","1":"post","2":"type-post","3":"status-publish","4":"format-standard","5":"has-post-thumbnail","7":"category-deporte"},"yoast_head":"<!-- This site is optimized with the Yoast SEO plugin v27.5 - https:\/\/yoast.com\/product\/yoast-seo-wordpress\/ -->\n<title>Comienza la actividad para Colapinto en el Gran Premio de Miami - El Diario de Tucuman<\/title>\n<meta name=\"robots\" content=\"index, follow, max-snippet:-1, max-image-preview:large, max-video-preview:-1\" \/>\n<link rel=\"canonical\" href=\"https:\/\/www.eldiariodetucuman.com\/web\/comienza-la-actividad-para-colapinto-en-el-gran-premio-de-miami\/\" \/>\n<meta property=\"og:locale\" content=\"es_ES\" \/>\n<meta property=\"og:type\" content=\"article\" \/>\n<meta property=\"og:title\" content=\"Comienza la actividad para Colapinto en el Gran Premio de Miami - El Diario de Tucuman\" \/>\n<meta property=\"og:description\" content=\"La actividad para Colapinto comenzar\u00e1 el viernes con la \u00fanica pr\u00e1ctica libre del fin de semana, que est\u00e1 programada para las 13 (hora de Argentina), mientras que la clasificaci\u00f3n para la carrera sprint iniciar\u00e1 a las 17:30. Por otra parte, el s\u00e1bado a las 13 se disputar\u00e1 la carrera sprint, que entrega puntos a aquellos [&hellip;]\" \/>\n<meta property=\"og:url\" content=\"https:\/\/www.eldiariodetucuman.com\/web\/comienza-la-actividad-para-colapinto-en-el-gran-premio-de-miami\/\" \/>\n<meta property=\"og:site_name\" content=\"El Diario de Tucuman\" \/>\n<meta property=\"article:published_time\" content=\"2026-05-01T16:27:55+00:00\" \/>\n<meta name=\"author\" content=\"admin\" \/>\n<meta name=\"twitter:card\" content=\"summary_large_image\" \/>\n<meta name=\"twitter:label1\" content=\"Escrito por\" \/>\n\t<meta name=\"twitter:data1\" content=\"admin\" \/>\n\t<meta name=\"twitter:label2\" content=\"Tiempo de lectura\" \/>\n\t<meta name=\"twitter:data2\" content=\"2 minutos\" \/>\n<script type=\"application\/ld+json\" class=\"yoast-schema-graph\">{\"@context\":\"https:\\\/\\\/schema.org\",\"@graph\":[{\"@type\":\"Article\",\"@id\":\"https:\\\/\\\/www.eldiariodetucuman.com\\\/web\\\/comienza-la-actividad-para-colapinto-en-el-gran-premio-de-miami\\\/#article\",\"isPartOf\":{\"@id\":\"https:\\\/\\\/www.eldiariodetucuman.com\\\/web\\\/comienza-la-actividad-para-colapinto-en-el-gran-premio-de-miami\\\/\"},\"author\":{\"name\":\"admin\",\"@id\":\"https:\\\/\\\/www.eldiariodetucuman.com\\\/web\\\/#\\\/schema\\\/person\\\/9250197d75ab5483412e19678b121caa\"},\"headline\":\"Comienza la actividad para Colapinto en el Gran Premio de Miami\",\"datePublished\":\"2026-05-01T16:27:55+00:00\",\"mainEntityOfPage\":{\"@id\":\"https:\\\/\\\/www.eldiariodetucuman.com\\\/web\\\/comienza-la-actividad-para-colapinto-en-el-gran-premio-de-miami\\\/\"},\"wordCount\":344,\"publisher\":{\"@id\":\"https:\\\/\\\/www.eldiariodetucuman.com\\\/web\\\/#organization\"},\"image\":{\"@id\":\"https:\\\/\\\/www.eldiariodetucuman.com\\\/web\\\/comienza-la-actividad-para-colapinto-en-el-gran-premio-de-miami\\\/#primaryimage\"},\"thumbnailUrl\":\"https:\\\/\\\/www.eldiariodetucuman.com\\\/web\\\/wp-content\\\/uploads\\\/2026\\\/05\\\/Comienza-la-actividad-para-Colapinto-en-el-Gran-Premio-de.png\",\"articleSection\":[\"Deporte\"],\"inLanguage\":\"es\"},{\"@type\":\"WebPage\",\"@id\":\"https:\\\/\\\/www.eldiariodetucuman.com\\\/web\\\/comienza-la-actividad-para-colapinto-en-el-gran-premio-de-miami\\\/\",\"url\":\"https:\\\/\\\/www.eldiariodetucuman.com\\\/web\\\/comienza-la-actividad-para-colapinto-en-el-gran-premio-de-miami\\\/\",\"name\":\"Comienza la actividad para Colapinto en el Gran Premio de Miami - El Diario de Tucuman\",\"isPartOf\":{\"@id\":\"https:\\\/\\\/www.eldiariodetucuman.com\\\/web\\\/#website\"},\"primaryImageOfPage\":{\"@id\":\"https:\\\/\\\/www.eldiariodetucuman.com\\\/web\\\/comienza-la-actividad-para-colapinto-en-el-gran-premio-de-miami\\\/#primaryimage\"},\"image\":{\"@id\":\"https:\\\/\\\/www.eldiariodetucuman.com\\\/web\\\/comienza-la-actividad-para-colapinto-en-el-gran-premio-de-miami\\\/#primaryimage\"},\"thumbnailUrl\":\"https:\\\/\\\/www.eldiariodetucuman.com\\\/web\\\/wp-content\\\/uploads\\\/2026\\\/05\\\/Comienza-la-actividad-para-Colapinto-en-el-Gran-Premio-de.png\",\"datePublished\":\"2026-05-01T16:27:55+00:00\",\"breadcrumb\":{\"@id\":\"https:\\\/\\\/www.eldiariodetucuman.com\\\/web\\\/comienza-la-actividad-para-colapinto-en-el-gran-premio-de-miami\\\/#breadcrumb\"},\"inLanguage\":\"es\",\"potentialAction\":[{\"@type\":\"ReadAction\",\"target\":[\"https:\\\/\\\/www.eldiariodetucuman.com\\\/web\\\/comienza-la-actividad-para-colapinto-en-el-gran-premio-de-miami\\\/\"]}]},{\"@type\":\"ImageObject\",\"inLanguage\":\"es\",\"@id\":\"https:\\\/\\\/www.eldiariodetucuman.com\\\/web\\\/comienza-la-actividad-para-colapinto-en-el-gran-premio-de-miami\\\/#primaryimage\",\"url\":\"https:\\\/\\\/www.eldiariodetucuman.com\\\/web\\\/wp-content\\\/uploads\\\/2026\\\/05\\\/Comienza-la-actividad-para-Colapinto-en-el-Gran-Premio-de.png\",\"contentUrl\":\"https:\\\/\\\/www.eldiariodetucuman.com\\\/web\\\/wp-content\\\/uploads\\\/2026\\\/05\\\/Comienza-la-actividad-para-Colapinto-en-el-Gran-Premio-de.png\",\"width\":1200,\"height\":675},{\"@type\":\"BreadcrumbList\",\"@id\":\"https:\\\/\\\/www.eldiariodetucuman.com\\\/web\\\/comienza-la-actividad-para-colapinto-en-el-gran-premio-de-miami\\\/#breadcrumb\",\"itemListElement\":[{\"@type\":\"ListItem\",\"position\":1,\"name\":\"Portada\",\"item\":\"https:\\\/\\\/www.eldiariodetucuman.com\\\/web\\\/\"},{\"@type\":\"ListItem\",\"position\":2,\"name\":\"Comienza la actividad para Colapinto en el Gran Premio de Miami\"}]},{\"@type\":\"WebSite\",\"@id\":\"https:\\\/\\\/www.eldiariodetucuman.com\\\/web\\\/#website\",\"url\":\"https:\\\/\\\/www.eldiariodetucuman.com\\\/web\\\/\",\"name\":\"El Diario de Tucuman\",\"description\":\"Diario Tucuman - Informaci\u00f3n y noticias\",\"publisher\":{\"@id\":\"https:\\\/\\\/www.eldiariodetucuman.com\\\/web\\\/#organization\"},\"potentialAction\":[{\"@type\":\"SearchAction\",\"target\":{\"@type\":\"EntryPoint\",\"urlTemplate\":\"https:\\\/\\\/www.eldiariodetucuman.com\\\/web\\\/?s={search_term_string}\"},\"query-input\":{\"@type\":\"PropertyValueSpecification\",\"valueRequired\":true,\"valueName\":\"search_term_string\"}}],\"inLanguage\":\"es\"},{\"@type\":\"Organization\",\"@id\":\"https:\\\/\\\/www.eldiariodetucuman.com\\\/web\\\/#organization\",\"name\":\"El Diario de Tucuman\",\"url\":\"https:\\\/\\\/www.eldiariodetucuman.com\\\/web\\\/\",\"logo\":{\"@type\":\"ImageObject\",\"inLanguage\":\"es\",\"@id\":\"https:\\\/\\\/www.eldiariodetucuman.com\\\/web\\\/#\\\/schema\\\/logo\\\/image\\\/\",\"url\":\"http:\\\/\\\/www.eldiariodetucuman.com\\\/web\\\/wp-content\\\/uploads\\\/2017\\\/12\\\/el-diario-de-tucuman.jpg\",\"contentUrl\":\"http:\\\/\\\/www.eldiariodetucuman.com\\\/web\\\/wp-content\\\/uploads\\\/2017\\\/12\\\/el-diario-de-tucuman.jpg\",\"width\":272,\"height\":92,\"caption\":\"El Diario de Tucuman\"},\"image\":{\"@id\":\"https:\\\/\\\/www.eldiariodetucuman.com\\\/web\\\/#\\\/schema\\\/logo\\\/image\\\/\"}},{\"@type\":\"Person\",\"@id\":\"https:\\\/\\\/www.eldiariodetucuman.com\\\/web\\\/#\\\/schema\\\/person\\\/9250197d75ab5483412e19678b121caa\",\"name\":\"admin\",\"image\":{\"@type\":\"ImageObject\",\"inLanguage\":\"es\",\"@id\":\"https:\\\/\\\/secure.gravatar.com\\\/avatar\\\/c44d117c2be811212c22cb481f6b8384b6873de103fbc49e7a03cc58d7dea4ac?s=96&d=mm&r=g\",\"url\":\"https:\\\/\\\/secure.gravatar.com\\\/avatar\\\/c44d117c2be811212c22cb481f6b8384b6873de103fbc49e7a03cc58d7dea4ac?s=96&d=mm&r=g\",\"contentUrl\":\"https:\\\/\\\/secure.gravatar.com\\\/avatar\\\/c44d117c2be811212c22cb481f6b8384b6873de103fbc49e7a03cc58d7dea4ac?s=96&d=mm&r=g\",\"caption\":\"admin\"},\"url\":\"https:\\\/\\\/www.eldiariodetucuman.com\\\/web\\\/author\\\/admin\\\/\"}]}<\/script>\n<!-- \/ Yoast SEO plugin. -->","yoast_head_json":{"title":"Comienza la actividad para Colapinto en el Gran Premio de Miami - El Diario de Tucuman","robots":{"index":"index","follow":"follow","max-snippet":"max-snippet:-1","max-image-preview":"max-image-preview:large","max-video-preview":"max-video-preview:-1"},"canonical":"https:\/\/www.eldiariodetucuman.com\/web\/comienza-la-actividad-para-colapinto-en-el-gran-premio-de-miami\/","og_locale":"es_ES","og_type":"article","og_title":"Comienza la actividad para Colapinto en el Gran Premio de Miami - El Diario de Tucuman","og_description":"La actividad para Colapinto comenzar\u00e1 el viernes con la \u00fanica pr\u00e1ctica libre del fin de semana, que est\u00e1 programada para las 13 (hora de Argentina), mientras que la clasificaci\u00f3n para la carrera sprint iniciar\u00e1 a las 17:30. Por otra parte, el s\u00e1bado a las 13 se disputar\u00e1 la carrera sprint, que entrega puntos a aquellos [&hellip;]","og_url":"https:\/\/www.eldiariodetucuman.com\/web\/comienza-la-actividad-para-colapinto-en-el-gran-premio-de-miami\/","og_site_name":"El Diario de Tucuman","article_published_time":"2026-05-01T16:27:55+00:00","author":"admin","twitter_card":"summary_large_image","twitter_misc":{"Escrito por":"admin","Tiempo de lectura":"2 minutos"},"schema":{"@context":"https:\/\/schema.org","@graph":[{"@type":"Article","@id":"https:\/\/www.eldiariodetucuman.com\/web\/comienza-la-actividad-para-colapinto-en-el-gran-premio-de-miami\/#article","isPartOf":{"@id":"https:\/\/www.eldiariodetucuman.com\/web\/comienza-la-actividad-para-colapinto-en-el-gran-premio-de-miami\/"},"author":{"name":"admin","@id":"https:\/\/www.eldiariodetucuman.com\/web\/#\/schema\/person\/9250197d75ab5483412e19678b121caa"},"headline":"Comienza la actividad para Colapinto en el Gran Premio de Miami","datePublished":"2026-05-01T16:27:55+00:00","mainEntityOfPage":{"@id":"https:\/\/www.eldiariodetucuman.com\/web\/comienza-la-actividad-para-colapinto-en-el-gran-premio-de-miami\/"},"wordCount":344,"publisher":{"@id":"https:\/\/www.eldiariodetucuman.com\/web\/#organization"},"image":{"@id":"https:\/\/www.eldiariodetucuman.com\/web\/comienza-la-actividad-para-colapinto-en-el-gran-premio-de-miami\/#primaryimage"},"thumbnailUrl":"https:\/\/www.eldiariodetucuman.com\/web\/wp-content\/uploads\/2026\/05\/Comienza-la-actividad-para-Colapinto-en-el-Gran-Premio-de.png","articleSection":["Deporte"],"inLanguage":"es"},{"@type":"WebPage","@id":"https:\/\/www.eldiariodetucuman.com\/web\/comienza-la-actividad-para-colapinto-en-el-gran-premio-de-miami\/","url":"https:\/\/www.eldiariodetucuman.com\/web\/comienza-la-actividad-para-colapinto-en-el-gran-premio-de-miami\/","name":"Comienza la actividad para Colapinto en el Gran Premio de Miami - El Diario de Tucuman","isPartOf":{"@id":"https:\/\/www.eldiariodetucuman.com\/web\/#website"},"primaryImageOfPage":{"@id":"https:\/\/www.eldiariodetucuman.com\/web\/comienza-la-actividad-para-colapinto-en-el-gran-premio-de-miami\/#primaryimage"},"image":{"@id":"https:\/\/www.eldiariodetucuman.com\/web\/comienza-la-actividad-para-colapinto-en-el-gran-premio-de-miami\/#primaryimage"},"thumbnailUrl":"https:\/\/www.eldiariodetucuman.com\/web\/wp-content\/uploads\/2026\/05\/Comienza-la-actividad-para-Colapinto-en-el-Gran-Premio-de.png","datePublished":"2026-05-01T16:27:55+00:00","breadcrumb":{"@id":"https:\/\/www.eldiariodetucuman.com\/web\/comienza-la-actividad-para-colapinto-en-el-gran-premio-de-miami\/#breadcrumb"},"inLanguage":"es","potentialAction":[{"@type":"ReadAction","target":["https:\/\/www.eldiariodetucuman.com\/web\/comienza-la-actividad-para-colapinto-en-el-gran-premio-de-miami\/"]}]},{"@type":"ImageObject","inLanguage":"es","@id":"https:\/\/www.eldiariodetucuman.com\/web\/comienza-la-actividad-para-colapinto-en-el-gran-premio-de-miami\/#primaryimage","url":"https:\/\/www.eldiariodetucuman.com\/web\/wp-content\/uploads\/2026\/05\/Comienza-la-actividad-para-Colapinto-en-el-Gran-Premio-de.png","contentUrl":"https:\/\/www.eldiariodetucuman.com\/web\/wp-content\/uploads\/2026\/05\/Comienza-la-actividad-para-Colapinto-en-el-Gran-Premio-de.png","width":1200,"height":675},{"@type":"BreadcrumbList","@id":"https:\/\/www.eldiariodetucuman.com\/web\/comienza-la-actividad-para-colapinto-en-el-gran-premio-de-miami\/#breadcrumb","itemListElement":[{"@type":"ListItem","position":1,"name":"Portada","item":"https:\/\/www.eldiariodetucuman.com\/web\/"},{"@type":"ListItem","position":2,"name":"Comienza la actividad para Colapinto en el Gran Premio de Miami"}]},{"@type":"WebSite","@id":"https:\/\/www.eldiariodetucuman.com\/web\/#website","url":"https:\/\/www.eldiariodetucuman.com\/web\/","name":"El Diario de Tucuman","description":"Diario Tucuman - Informaci\u00f3n y noticias","publisher":{"@id":"https:\/\/www.eldiariodetucuman.com\/web\/#organization"},"potentialAction":[{"@type":"SearchAction","target":{"@type":"EntryPoint","urlTemplate":"https:\/\/www.eldiariodetucuman.com\/web\/?s={search_term_string}"},"query-input":{"@type":"PropertyValueSpecification","valueRequired":true,"valueName":"search_term_string"}}],"inLanguage":"es"},{"@type":"Organization","@id":"https:\/\/www.eldiariodetucuman.com\/web\/#organization","name":"El Diario de Tucuman","url":"https:\/\/www.eldiariodetucuman.com\/web\/","logo":{"@type":"ImageObject","inLanguage":"es","@id":"https:\/\/www.eldiariodetucuman.com\/web\/#\/schema\/logo\/image\/","url":"http:\/\/www.eldiariodetucuman.com\/web\/wp-content\/uploads\/2017\/12\/el-diario-de-tucuman.jpg","contentUrl":"http:\/\/www.eldiariodetucuman.com\/web\/wp-content\/uploads\/2017\/12\/el-diario-de-tucuman.jpg","width":272,"height":92,"caption":"El Diario de Tucuman"},"image":{"@id":"https:\/\/www.eldiariodetucuman.com\/web\/#\/schema\/logo\/image\/"}},{"@type":"Person","@id":"https:\/\/www.eldiariodetucuman.com\/web\/#\/schema\/person\/9250197d75ab5483412e19678b121caa","name":"admin","image":{"@type":"ImageObject","inLanguage":"es","@id":"https:\/\/secure.gravatar.com\/avatar\/c44d117c2be811212c22cb481f6b8384b6873de103fbc49e7a03cc58d7dea4ac?s=96&d=mm&r=g","url":"https:\/\/secure.gravatar.com\/avatar\/c44d117c2be811212c22cb481f6b8384b6873de103fbc49e7a03cc58d7dea4ac?s=96&d=mm&r=g","contentUrl":"https:\/\/secure.gravatar.com\/avatar\/c44d117c2be811212c22cb481f6b8384b6873de103fbc49e7a03cc58d7dea4ac?s=96&d=mm&r=g","caption":"admin"},"url":"https:\/\/www.eldiariodetucuman.com\/web\/author\/admin\/"}]}},"_links":{"self":[{"href":"https:\/\/www.eldiariodetucuman.com\/web\/wp-json\/wp\/v2\/posts\/47540","targetHints":{"allow":["GET"]}}],"collection":[{"href":"https:\/\/www.eldiariodetucuman.com\/web\/wp-json\/wp\/v2\/posts"}],"about":[{"href":"https:\/\/www.eldiariodetucuman.com\/web\/wp-json\/wp\/v2\/types\/post"}],"author":[{"embeddable":true,"href":"https:\/\/www.eldiariodetucuman.com\/web\/wp-json\/wp\/v2\/users\/1"}],"replies":[{"embeddable":true,"href":"https:\/\/www.eldiariodetucuman.com\/web\/wp-json\/wp\/v2\/comments?post=47540"}],"version-history":[{"count":0,"href":"https:\/\/www.eldiariodetucuman.com\/web\/wp-json\/wp\/v2\/posts\/47540\/revisions"}],"wp:featuredmedia":[{"embeddable":true,"href":"https:\/\/www.eldiariodetucuman.com\/web\/wp-json\/wp\/v2\/media\/47541"}],"wp:attachment":[{"href":"https:\/\/www.eldiariodetucuman.com\/web\/wp-json\/wp\/v2\/media?parent=47540"}],"wp:term":[{"taxonomy":"category","embeddable":true,"href":"https:\/\/www.eldiariodetucuman.com\/web\/wp-json\/wp\/v2\/categories?post=47540"},{"taxonomy":"post_tag","embeddable":true,"href":"https:\/\/www.eldiariodetucuman.com\/web\/wp-json\/wp\/v2\/tags?post=47540"}],"curies":[{"name":"wp","href":"https:\/\/api.w.org\/{rel}","templated":true}]}}