{"id":47537,"date":"2026-05-01T06:45:20","date_gmt":"2026-05-01T09:45:20","guid":{"rendered":"https:\/\/www.eldiariodetucuman.com\/web\/javier-milei-y-sus-medidas-en-vivo-el-gobierno-reabre-la-sala-de-periodistas-y-el-avanza-la-causa-andis\/"},"modified":"2026-05-01T06:45:22","modified_gmt":"2026-05-01T09:45:22","slug":"javier-milei-y-sus-medidas-en-vivo-el-gobierno-reabre-la-sala-de-periodistas-y-el-avanza-la-causa-andis","status":"publish","type":"post","link":"https:\/\/www.eldiariodetucuman.com\/web\/javier-milei-y-sus-medidas-en-vivo-el-gobierno-reabre-la-sala-de-periodistas-y-el-avanza-la-causa-andis\/","title":{"rendered":"Javier Milei y sus medidas, en vivo: el Gobierno reabre la sala de periodistas y el avanza la causa Andis"},"content":{"rendered":"<p><\/p>\n<p class=\"com-paragraph   --s\"><strong>\u201cEl ritmo de compras viene siendo consistente con el objetivo de acumulaci\u00f3n, y eso es clave para sostener la credibilidad del programa.<\/strong> Adem\u00e1s, el esquema financiero no depende \u00fanicamente del FMI: tambi\u00e9n incorpora financiamiento con garant\u00eda de organismos multilaterales, lo que le da mayor robustez al plan\u00bb, consider\u00f3 Emilio Botto, jefe de Estrategia de Mills Capital.<strong> En lo que va del a\u00f1o, el Central acumula un verde de US$7151 millones, <\/strong>cuando el Gobierno se propuso una meta de al menos US$10.000 millones para 2026.<\/p>\n<p class=\"com-paragraph   --s\">En ese contexto, el <strong>tipo de cambio oficial mayorista cerr\u00f3 a $1391,12, <\/strong>una ca\u00edda diaria de apenas $0,30 (-0,02%). Al ver el recorrido que tuvo esta cotizaci\u00f3n de punta a punta en el mes, acumul\u00f3 una suba de $10 (+0,7%). <strong>A pesar de que este mes se aceleraron las liquidaciones del agro, fue el primer mes del a\u00f1o donde las cotizaciones oficiales cerraron al alza.<\/strong><\/p>\n<p class=\"com-paragraph   --s\">En las pizarras del Banco Naci\u00f3n, el <strong>d\u00f3lar oficial minorista se mantuvo estable a $1415<\/strong> <strong>durante la rueda. <\/strong>En este caso, con diferentes subas y bajas a lo largo de abril, mostr\u00f3 un avance total de $5 (+0,3%). En tanto, el <strong>precio promedio en el resto de los bancos fue de $1415,79, <\/strong>de acuerdo con el relevamiento que realiza diariamente el Banco Central (BCRA).<\/p>\n<p><a href=\"https:\/\/www.lanacion.com.ar\/politica\/javier-milei-y-sus-medidas-en-vivo-el-gobierno-reabre-la-sala-de-periodistas-y-el-avanza-la-causa-nid01052026\/\">Fuente de la nota <\/a><\/p>\n","protected":false},"excerpt":{"rendered":"<p>\u201cEl ritmo de compras viene siendo consistente con el objetivo de acumulaci\u00f3n, y eso es clave para sostener la credibilidad del programa. Adem\u00e1s, el esquema financiero no depende \u00fanicamente del FMI: tambi\u00e9n incorpora financiamiento con garant\u00eda de organismos multilaterales, lo que le da mayor robustez al plan\u00bb, consider\u00f3 Emilio Botto, jefe de Estrategia de Mills [&hellip;]<\/p>\n","protected":false},"author":5,"featured_media":47538,"comment_status":"closed","ping_status":"open","sticky":false,"template":"","format":"standard","meta":{"footnotes":""},"categories":[3],"tags":[],"class_list":{"0":"post-47537","1":"post","2":"type-post","3":"status-publish","4":"format-standard","5":"has-post-thumbnail","7":"category-politica"},"yoast_head":"<!-- This site is optimized with the Yoast SEO plugin v27.5 - https:\/\/yoast.com\/product\/yoast-seo-wordpress\/ -->\n<title>Javier Milei y sus medidas, en vivo: el Gobierno reabre la sala de periodistas y el avanza la causa Andis - El Diario de Tucuman<\/title>\n<meta name=\"robots\" content=\"index, follow, max-snippet:-1, max-image-preview:large, max-video-preview:-1\" \/>\n<link rel=\"canonical\" href=\"https:\/\/www.eldiariodetucuman.com\/web\/javier-milei-y-sus-medidas-en-vivo-el-gobierno-reabre-la-sala-de-periodistas-y-el-avanza-la-causa-andis\/\" \/>\n<meta property=\"og:locale\" content=\"es_ES\" \/>\n<meta property=\"og:type\" content=\"article\" \/>\n<meta property=\"og:title\" content=\"Javier Milei y sus medidas, en vivo: el Gobierno reabre la sala de periodistas y el avanza la causa Andis - El Diario de Tucuman\" \/>\n<meta property=\"og:description\" content=\"\u201cEl ritmo de compras viene siendo consistente con el objetivo de acumulaci\u00f3n, y eso es clave para sostener la credibilidad del programa. Adem\u00e1s, el esquema financiero no depende \u00fanicamente del FMI: tambi\u00e9n incorpora financiamiento con garant\u00eda de organismos multilaterales, lo que le da mayor robustez al plan\u00bb, consider\u00f3 Emilio Botto, jefe de Estrategia de Mills [&hellip;]\" \/>\n<meta property=\"og:url\" content=\"https:\/\/www.eldiariodetucuman.com\/web\/javier-milei-y-sus-medidas-en-vivo-el-gobierno-reabre-la-sala-de-periodistas-y-el-avanza-la-causa-andis\/\" \/>\n<meta property=\"og:site_name\" content=\"El Diario de Tucuman\" \/>\n<meta property=\"article:published_time\" content=\"2026-05-01T09:45:20+00:00\" \/>\n<meta property=\"article:modified_time\" content=\"2026-05-01T09:45:22+00:00\" \/>\n<meta property=\"og:image\" content=\"https:\/\/www.eldiariodetucuman.com\/web\/wp-content\/uploads\/2026\/05\/el-presidente-javier-MAPNJGSQ3ZCTVGQ74SRPE2ZX6Q.JPG\" \/>\n\t<meta property=\"og:image:width\" content=\"1200\" \/>\n\t<meta property=\"og:image:height\" content=\"675\" \/>\n\t<meta property=\"og:image:type\" content=\"image\/jpeg\" \/>\n<meta name=\"author\" content=\"Redactor Uno\" \/>\n<meta name=\"twitter:card\" content=\"summary_large_image\" \/>\n<meta name=\"twitter:label1\" content=\"Escrito por\" \/>\n\t<meta name=\"twitter:data1\" content=\"Redactor Uno\" \/>\n\t<meta name=\"twitter:label2\" content=\"Tiempo de lectura\" \/>\n\t<meta name=\"twitter:data2\" content=\"1 minuto\" \/>\n<script type=\"application\/ld+json\" class=\"yoast-schema-graph\">{\"@context\":\"https:\\\/\\\/schema.org\",\"@graph\":[{\"@type\":\"Article\",\"@id\":\"https:\\\/\\\/www.eldiariodetucuman.com\\\/web\\\/javier-milei-y-sus-medidas-en-vivo-el-gobierno-reabre-la-sala-de-periodistas-y-el-avanza-la-causa-andis\\\/#article\",\"isPartOf\":{\"@id\":\"https:\\\/\\\/www.eldiariodetucuman.com\\\/web\\\/javier-milei-y-sus-medidas-en-vivo-el-gobierno-reabre-la-sala-de-periodistas-y-el-avanza-la-causa-andis\\\/\"},\"author\":{\"name\":\"Redactor Uno\",\"@id\":\"https:\\\/\\\/www.eldiariodetucuman.com\\\/web\\\/#\\\/schema\\\/person\\\/7e6644a46e60888f6b868594407e08dd\"},\"headline\":\"Javier Milei y sus medidas, en vivo: el Gobierno reabre la sala de periodistas y el avanza la causa Andis\",\"datePublished\":\"2026-05-01T09:45:20+00:00\",\"dateModified\":\"2026-05-01T09:45:22+00:00\",\"mainEntityOfPage\":{\"@id\":\"https:\\\/\\\/www.eldiariodetucuman.com\\\/web\\\/javier-milei-y-sus-medidas-en-vivo-el-gobierno-reabre-la-sala-de-periodistas-y-el-avanza-la-causa-andis\\\/\"},\"wordCount\":238,\"publisher\":{\"@id\":\"https:\\\/\\\/www.eldiariodetucuman.com\\\/web\\\/#organization\"},\"image\":{\"@id\":\"https:\\\/\\\/www.eldiariodetucuman.com\\\/web\\\/javier-milei-y-sus-medidas-en-vivo-el-gobierno-reabre-la-sala-de-periodistas-y-el-avanza-la-causa-andis\\\/#primaryimage\"},\"thumbnailUrl\":\"https:\\\/\\\/www.eldiariodetucuman.com\\\/web\\\/wp-content\\\/uploads\\\/2026\\\/05\\\/el-presidente-javier-MAPNJGSQ3ZCTVGQ74SRPE2ZX6Q.JPG\",\"articleSection\":[\"Politica\"],\"inLanguage\":\"es\"},{\"@type\":\"WebPage\",\"@id\":\"https:\\\/\\\/www.eldiariodetucuman.com\\\/web\\\/javier-milei-y-sus-medidas-en-vivo-el-gobierno-reabre-la-sala-de-periodistas-y-el-avanza-la-causa-andis\\\/\",\"url\":\"https:\\\/\\\/www.eldiariodetucuman.com\\\/web\\\/javier-milei-y-sus-medidas-en-vivo-el-gobierno-reabre-la-sala-de-periodistas-y-el-avanza-la-causa-andis\\\/\",\"name\":\"Javier Milei y sus medidas, en vivo: el Gobierno reabre la sala de periodistas y el avanza la causa Andis - El Diario de Tucuman\",\"isPartOf\":{\"@id\":\"https:\\\/\\\/www.eldiariodetucuman.com\\\/web\\\/#website\"},\"primaryImageOfPage\":{\"@id\":\"https:\\\/\\\/www.eldiariodetucuman.com\\\/web\\\/javier-milei-y-sus-medidas-en-vivo-el-gobierno-reabre-la-sala-de-periodistas-y-el-avanza-la-causa-andis\\\/#primaryimage\"},\"image\":{\"@id\":\"https:\\\/\\\/www.eldiariodetucuman.com\\\/web\\\/javier-milei-y-sus-medidas-en-vivo-el-gobierno-reabre-la-sala-de-periodistas-y-el-avanza-la-causa-andis\\\/#primaryimage\"},\"thumbnailUrl\":\"https:\\\/\\\/www.eldiariodetucuman.com\\\/web\\\/wp-content\\\/uploads\\\/2026\\\/05\\\/el-presidente-javier-MAPNJGSQ3ZCTVGQ74SRPE2ZX6Q.JPG\",\"datePublished\":\"2026-05-01T09:45:20+00:00\",\"dateModified\":\"2026-05-01T09:45:22+00:00\",\"breadcrumb\":{\"@id\":\"https:\\\/\\\/www.eldiariodetucuman.com\\\/web\\\/javier-milei-y-sus-medidas-en-vivo-el-gobierno-reabre-la-sala-de-periodistas-y-el-avanza-la-causa-andis\\\/#breadcrumb\"},\"inLanguage\":\"es\",\"potentialAction\":[{\"@type\":\"ReadAction\",\"target\":[\"https:\\\/\\\/www.eldiariodetucuman.com\\\/web\\\/javier-milei-y-sus-medidas-en-vivo-el-gobierno-reabre-la-sala-de-periodistas-y-el-avanza-la-causa-andis\\\/\"]}]},{\"@type\":\"ImageObject\",\"inLanguage\":\"es\",\"@id\":\"https:\\\/\\\/www.eldiariodetucuman.com\\\/web\\\/javier-milei-y-sus-medidas-en-vivo-el-gobierno-reabre-la-sala-de-periodistas-y-el-avanza-la-causa-andis\\\/#primaryimage\",\"url\":\"https:\\\/\\\/www.eldiariodetucuman.com\\\/web\\\/wp-content\\\/uploads\\\/2026\\\/05\\\/el-presidente-javier-MAPNJGSQ3ZCTVGQ74SRPE2ZX6Q.JPG\",\"contentUrl\":\"https:\\\/\\\/www.eldiariodetucuman.com\\\/web\\\/wp-content\\\/uploads\\\/2026\\\/05\\\/el-presidente-javier-MAPNJGSQ3ZCTVGQ74SRPE2ZX6Q.JPG\",\"width\":1200,\"height\":675},{\"@type\":\"BreadcrumbList\",\"@id\":\"https:\\\/\\\/www.eldiariodetucuman.com\\\/web\\\/javier-milei-y-sus-medidas-en-vivo-el-gobierno-reabre-la-sala-de-periodistas-y-el-avanza-la-causa-andis\\\/#breadcrumb\",\"itemListElement\":[{\"@type\":\"ListItem\",\"position\":1,\"name\":\"Portada\",\"item\":\"https:\\\/\\\/www.eldiariodetucuman.com\\\/web\\\/\"},{\"@type\":\"ListItem\",\"position\":2,\"name\":\"Javier Milei y sus medidas, en vivo: el Gobierno reabre la sala de periodistas y el avanza la causa Andis\"}]},{\"@type\":\"WebSite\",\"@id\":\"https:\\\/\\\/www.eldiariodetucuman.com\\\/web\\\/#website\",\"url\":\"https:\\\/\\\/www.eldiariodetucuman.com\\\/web\\\/\",\"name\":\"El Diario de Tucuman\",\"description\":\"Diario Tucuman - Informaci\u00f3n y noticias\",\"publisher\":{\"@id\":\"https:\\\/\\\/www.eldiariodetucuman.com\\\/web\\\/#organization\"},\"potentialAction\":[{\"@type\":\"SearchAction\",\"target\":{\"@type\":\"EntryPoint\",\"urlTemplate\":\"https:\\\/\\\/www.eldiariodetucuman.com\\\/web\\\/?s={search_term_string}\"},\"query-input\":{\"@type\":\"PropertyValueSpecification\",\"valueRequired\":true,\"valueName\":\"search_term_string\"}}],\"inLanguage\":\"es\"},{\"@type\":\"Organization\",\"@id\":\"https:\\\/\\\/www.eldiariodetucuman.com\\\/web\\\/#organization\",\"name\":\"El Diario de Tucuman\",\"url\":\"https:\\\/\\\/www.eldiariodetucuman.com\\\/web\\\/\",\"logo\":{\"@type\":\"ImageObject\",\"inLanguage\":\"es\",\"@id\":\"https:\\\/\\\/www.eldiariodetucuman.com\\\/web\\\/#\\\/schema\\\/logo\\\/image\\\/\",\"url\":\"http:\\\/\\\/www.eldiariodetucuman.com\\\/web\\\/wp-content\\\/uploads\\\/2017\\\/12\\\/el-diario-de-tucuman.jpg\",\"contentUrl\":\"http:\\\/\\\/www.eldiariodetucuman.com\\\/web\\\/wp-content\\\/uploads\\\/2017\\\/12\\\/el-diario-de-tucuman.jpg\",\"width\":272,\"height\":92,\"caption\":\"El Diario de Tucuman\"},\"image\":{\"@id\":\"https:\\\/\\\/www.eldiariodetucuman.com\\\/web\\\/#\\\/schema\\\/logo\\\/image\\\/\"}},{\"@type\":\"Person\",\"@id\":\"https:\\\/\\\/www.eldiariodetucuman.com\\\/web\\\/#\\\/schema\\\/person\\\/7e6644a46e60888f6b868594407e08dd\",\"name\":\"Redactor Uno\",\"image\":{\"@type\":\"ImageObject\",\"inLanguage\":\"es\",\"@id\":\"https:\\\/\\\/secure.gravatar.com\\\/avatar\\\/0049b1bdf1bd548385c9ea6b9356431717930913089febd2ba904f0187d7d074?s=96&d=mm&r=g\",\"url\":\"https:\\\/\\\/secure.gravatar.com\\\/avatar\\\/0049b1bdf1bd548385c9ea6b9356431717930913089febd2ba904f0187d7d074?s=96&d=mm&r=g\",\"contentUrl\":\"https:\\\/\\\/secure.gravatar.com\\\/avatar\\\/0049b1bdf1bd548385c9ea6b9356431717930913089febd2ba904f0187d7d074?s=96&d=mm&r=g\",\"caption\":\"Redactor Uno\"},\"url\":\"https:\\\/\\\/www.eldiariodetucuman.com\\\/web\\\/author\\\/mramasco\\\/\"}]}<\/script>\n<!-- \/ Yoast SEO plugin. -->","yoast_head_json":{"title":"Javier Milei y sus medidas, en vivo: el Gobierno reabre la sala de periodistas y el avanza la causa Andis - El Diario de Tucuman","robots":{"index":"index","follow":"follow","max-snippet":"max-snippet:-1","max-image-preview":"max-image-preview:large","max-video-preview":"max-video-preview:-1"},"canonical":"https:\/\/www.eldiariodetucuman.com\/web\/javier-milei-y-sus-medidas-en-vivo-el-gobierno-reabre-la-sala-de-periodistas-y-el-avanza-la-causa-andis\/","og_locale":"es_ES","og_type":"article","og_title":"Javier Milei y sus medidas, en vivo: el Gobierno reabre la sala de periodistas y el avanza la causa Andis - El Diario de Tucuman","og_description":"\u201cEl ritmo de compras viene siendo consistente con el objetivo de acumulaci\u00f3n, y eso es clave para sostener la credibilidad del programa. Adem\u00e1s, el esquema financiero no depende \u00fanicamente del FMI: tambi\u00e9n incorpora financiamiento con garant\u00eda de organismos multilaterales, lo que le da mayor robustez al plan\u00bb, consider\u00f3 Emilio Botto, jefe de Estrategia de Mills [&hellip;]","og_url":"https:\/\/www.eldiariodetucuman.com\/web\/javier-milei-y-sus-medidas-en-vivo-el-gobierno-reabre-la-sala-de-periodistas-y-el-avanza-la-causa-andis\/","og_site_name":"El Diario de Tucuman","article_published_time":"2026-05-01T09:45:20+00:00","article_modified_time":"2026-05-01T09:45:22+00:00","og_image":[{"width":1200,"height":675,"url":"https:\/\/www.eldiariodetucuman.com\/web\/wp-content\/uploads\/2026\/05\/el-presidente-javier-MAPNJGSQ3ZCTVGQ74SRPE2ZX6Q.JPG","type":"image\/jpeg"}],"author":"Redactor Uno","twitter_card":"summary_large_image","twitter_misc":{"Escrito por":"Redactor Uno","Tiempo de lectura":"1 minuto"},"schema":{"@context":"https:\/\/schema.org","@graph":[{"@type":"Article","@id":"https:\/\/www.eldiariodetucuman.com\/web\/javier-milei-y-sus-medidas-en-vivo-el-gobierno-reabre-la-sala-de-periodistas-y-el-avanza-la-causa-andis\/#article","isPartOf":{"@id":"https:\/\/www.eldiariodetucuman.com\/web\/javier-milei-y-sus-medidas-en-vivo-el-gobierno-reabre-la-sala-de-periodistas-y-el-avanza-la-causa-andis\/"},"author":{"name":"Redactor Uno","@id":"https:\/\/www.eldiariodetucuman.com\/web\/#\/schema\/person\/7e6644a46e60888f6b868594407e08dd"},"headline":"Javier Milei y sus medidas, en vivo: el Gobierno reabre la sala de periodistas y el avanza la causa Andis","datePublished":"2026-05-01T09:45:20+00:00","dateModified":"2026-05-01T09:45:22+00:00","mainEntityOfPage":{"@id":"https:\/\/www.eldiariodetucuman.com\/web\/javier-milei-y-sus-medidas-en-vivo-el-gobierno-reabre-la-sala-de-periodistas-y-el-avanza-la-causa-andis\/"},"wordCount":238,"publisher":{"@id":"https:\/\/www.eldiariodetucuman.com\/web\/#organization"},"image":{"@id":"https:\/\/www.eldiariodetucuman.com\/web\/javier-milei-y-sus-medidas-en-vivo-el-gobierno-reabre-la-sala-de-periodistas-y-el-avanza-la-causa-andis\/#primaryimage"},"thumbnailUrl":"https:\/\/www.eldiariodetucuman.com\/web\/wp-content\/uploads\/2026\/05\/el-presidente-javier-MAPNJGSQ3ZCTVGQ74SRPE2ZX6Q.JPG","articleSection":["Politica"],"inLanguage":"es"},{"@type":"WebPage","@id":"https:\/\/www.eldiariodetucuman.com\/web\/javier-milei-y-sus-medidas-en-vivo-el-gobierno-reabre-la-sala-de-periodistas-y-el-avanza-la-causa-andis\/","url":"https:\/\/www.eldiariodetucuman.com\/web\/javier-milei-y-sus-medidas-en-vivo-el-gobierno-reabre-la-sala-de-periodistas-y-el-avanza-la-causa-andis\/","name":"Javier Milei y sus medidas, en vivo: el Gobierno reabre la sala de periodistas y el avanza la causa Andis - El Diario de Tucuman","isPartOf":{"@id":"https:\/\/www.eldiariodetucuman.com\/web\/#website"},"primaryImageOfPage":{"@id":"https:\/\/www.eldiariodetucuman.com\/web\/javier-milei-y-sus-medidas-en-vivo-el-gobierno-reabre-la-sala-de-periodistas-y-el-avanza-la-causa-andis\/#primaryimage"},"image":{"@id":"https:\/\/www.eldiariodetucuman.com\/web\/javier-milei-y-sus-medidas-en-vivo-el-gobierno-reabre-la-sala-de-periodistas-y-el-avanza-la-causa-andis\/#primaryimage"},"thumbnailUrl":"https:\/\/www.eldiariodetucuman.com\/web\/wp-content\/uploads\/2026\/05\/el-presidente-javier-MAPNJGSQ3ZCTVGQ74SRPE2ZX6Q.JPG","datePublished":"2026-05-01T09:45:20+00:00","dateModified":"2026-05-01T09:45:22+00:00","breadcrumb":{"@id":"https:\/\/www.eldiariodetucuman.com\/web\/javier-milei-y-sus-medidas-en-vivo-el-gobierno-reabre-la-sala-de-periodistas-y-el-avanza-la-causa-andis\/#breadcrumb"},"inLanguage":"es","potentialAction":[{"@type":"ReadAction","target":["https:\/\/www.eldiariodetucuman.com\/web\/javier-milei-y-sus-medidas-en-vivo-el-gobierno-reabre-la-sala-de-periodistas-y-el-avanza-la-causa-andis\/"]}]},{"@type":"ImageObject","inLanguage":"es","@id":"https:\/\/www.eldiariodetucuman.com\/web\/javier-milei-y-sus-medidas-en-vivo-el-gobierno-reabre-la-sala-de-periodistas-y-el-avanza-la-causa-andis\/#primaryimage","url":"https:\/\/www.eldiariodetucuman.com\/web\/wp-content\/uploads\/2026\/05\/el-presidente-javier-MAPNJGSQ3ZCTVGQ74SRPE2ZX6Q.JPG","contentUrl":"https:\/\/www.eldiariodetucuman.com\/web\/wp-content\/uploads\/2026\/05\/el-presidente-javier-MAPNJGSQ3ZCTVGQ74SRPE2ZX6Q.JPG","width":1200,"height":675},{"@type":"BreadcrumbList","@id":"https:\/\/www.eldiariodetucuman.com\/web\/javier-milei-y-sus-medidas-en-vivo-el-gobierno-reabre-la-sala-de-periodistas-y-el-avanza-la-causa-andis\/#breadcrumb","itemListElement":[{"@type":"ListItem","position":1,"name":"Portada","item":"https:\/\/www.eldiariodetucuman.com\/web\/"},{"@type":"ListItem","position":2,"name":"Javier Milei y sus medidas, en vivo: el Gobierno reabre la sala de periodistas y el avanza la causa Andis"}]},{"@type":"WebSite","@id":"https:\/\/www.eldiariodetucuman.com\/web\/#website","url":"https:\/\/www.eldiariodetucuman.com\/web\/","name":"El Diario de Tucuman","description":"Diario Tucuman - Informaci\u00f3n y noticias","publisher":{"@id":"https:\/\/www.eldiariodetucuman.com\/web\/#organization"},"potentialAction":[{"@type":"SearchAction","target":{"@type":"EntryPoint","urlTemplate":"https:\/\/www.eldiariodetucuman.com\/web\/?s={search_term_string}"},"query-input":{"@type":"PropertyValueSpecification","valueRequired":true,"valueName":"search_term_string"}}],"inLanguage":"es"},{"@type":"Organization","@id":"https:\/\/www.eldiariodetucuman.com\/web\/#organization","name":"El Diario de Tucuman","url":"https:\/\/www.eldiariodetucuman.com\/web\/","logo":{"@type":"ImageObject","inLanguage":"es","@id":"https:\/\/www.eldiariodetucuman.com\/web\/#\/schema\/logo\/image\/","url":"http:\/\/www.eldiariodetucuman.com\/web\/wp-content\/uploads\/2017\/12\/el-diario-de-tucuman.jpg","contentUrl":"http:\/\/www.eldiariodetucuman.com\/web\/wp-content\/uploads\/2017\/12\/el-diario-de-tucuman.jpg","width":272,"height":92,"caption":"El Diario de Tucuman"},"image":{"@id":"https:\/\/www.eldiariodetucuman.com\/web\/#\/schema\/logo\/image\/"}},{"@type":"Person","@id":"https:\/\/www.eldiariodetucuman.com\/web\/#\/schema\/person\/7e6644a46e60888f6b868594407e08dd","name":"Redactor Uno","image":{"@type":"ImageObject","inLanguage":"es","@id":"https:\/\/secure.gravatar.com\/avatar\/0049b1bdf1bd548385c9ea6b9356431717930913089febd2ba904f0187d7d074?s=96&d=mm&r=g","url":"https:\/\/secure.gravatar.com\/avatar\/0049b1bdf1bd548385c9ea6b9356431717930913089febd2ba904f0187d7d074?s=96&d=mm&r=g","contentUrl":"https:\/\/secure.gravatar.com\/avatar\/0049b1bdf1bd548385c9ea6b9356431717930913089febd2ba904f0187d7d074?s=96&d=mm&r=g","caption":"Redactor Uno"},"url":"https:\/\/www.eldiariodetucuman.com\/web\/author\/mramasco\/"}]}},"_links":{"self":[{"href":"https:\/\/www.eldiariodetucuman.com\/web\/wp-json\/wp\/v2\/posts\/47537","targetHints":{"allow":["GET"]}}],"collection":[{"href":"https:\/\/www.eldiariodetucuman.com\/web\/wp-json\/wp\/v2\/posts"}],"about":[{"href":"https:\/\/www.eldiariodetucuman.com\/web\/wp-json\/wp\/v2\/types\/post"}],"author":[{"embeddable":true,"href":"https:\/\/www.eldiariodetucuman.com\/web\/wp-json\/wp\/v2\/users\/5"}],"replies":[{"embeddable":true,"href":"https:\/\/www.eldiariodetucuman.com\/web\/wp-json\/wp\/v2\/comments?post=47537"}],"version-history":[{"count":1,"href":"https:\/\/www.eldiariodetucuman.com\/web\/wp-json\/wp\/v2\/posts\/47537\/revisions"}],"predecessor-version":[{"id":47539,"href":"https:\/\/www.eldiariodetucuman.com\/web\/wp-json\/wp\/v2\/posts\/47537\/revisions\/47539"}],"wp:featuredmedia":[{"embeddable":true,"href":"https:\/\/www.eldiariodetucuman.com\/web\/wp-json\/wp\/v2\/media\/47538"}],"wp:attachment":[{"href":"https:\/\/www.eldiariodetucuman.com\/web\/wp-json\/wp\/v2\/media?parent=47537"}],"wp:term":[{"taxonomy":"category","embeddable":true,"href":"https:\/\/www.eldiariodetucuman.com\/web\/wp-json\/wp\/v2\/categories?post=47537"},{"taxonomy":"post_tag","embeddable":true,"href":"https:\/\/www.eldiariodetucuman.com\/web\/wp-json\/wp\/v2\/tags?post=47537"}],"curies":[{"name":"wp","href":"https:\/\/api.w.org\/{rel}","templated":true}]}}