{"id":47535,"date":"2026-04-30T13:34:29","date_gmt":"2026-04-30T16:34:29","guid":{"rendered":"https:\/\/www.eldiariodetucuman.com\/web\/jaldo-entrego-maquinaria-en-tafi-del-valle-con-una-inversion-de-mas-de-349-millones\/"},"modified":"2026-04-30T13:34:29","modified_gmt":"2026-04-30T16:34:29","slug":"jaldo-entrego-maquinaria-en-tafi-del-valle-con-una-inversion-de-mas-de-349-millones","status":"publish","type":"post","link":"https:\/\/www.eldiariodetucuman.com\/web\/jaldo-entrego-maquinaria-en-tafi-del-valle-con-una-inversion-de-mas-de-349-millones\/","title":{"rendered":"Jaldo entreg\u00f3 maquinaria en Taf\u00ed del Valle con una inversi\u00f3n de m\u00e1s de $349 millones"},"content":{"rendered":"<p><\/p>\n<p id=\"isPasted\">El gobernador<strong>, Osvaldo Jaldo,<\/strong> encabez\u00f3 en Taf\u00ed del Valle el acto de entrega de equipamiento vial y veh\u00edculos destinados a fortalecer el parque automotor municipal y optimizar los servicios para la comunidad.<strong\/><\/p>\n<p><strong>La incorporaci\u00f3n incluye una excavadora retro oruga y una camioneta 0 km, con una inversi\u00f3n total de $349.108.657.<\/strong> Estas unidades permitir\u00e1n mejorar tareas de mantenimiento, obras p\u00fablicas y acciones preventivas ante contingencias clim\u00e1ticas, especialmente en una zona de geograf\u00eda compleja como los Valles Calchaqu\u00edes.<\/p>\n<\/p>\n<p id=\"isPasted\">\u201cHemos comprado uno de los equipos m\u00e1s importantes en su tipolog\u00eda y lo trajimos para dejarlo definitivamente al servicio del municipio de Taf\u00ed del Valle\u201d, afirm\u00f3 el Gobernador.<\/p>\n<p>En ese sentido, subray\u00f3 que la maquinaria no solo beneficiar\u00e1 a la ciudad, sino tambi\u00e9n a localidades cercanas. \u201cEste equipo tambi\u00e9n va a colaborar con comunas vecinas como El Mollar, Amaicha y Colalao, cuando la poblaci\u00f3n lo necesite\u201d, remarc\u00f3.<\/p>\n<p>Respecto a la camioneta 0 km, Jaldo explic\u00f3 su rol en el \u00e1mbito social: \u201cSe pone a disposici\u00f3n para la acci\u00f3n social. Ojal\u00e1 no haya que usarla, pero es fundamental que est\u00e9 presente para brindar respuestas cuando se la necesite\u201d.<\/p>\n<p>El Gobernador resalt\u00f3 adem\u00e1s el impacto de las inversiones en los Valles Calchaqu\u00edes: \u201cHoy Taf\u00ed del Valle sigue creciendo, con m\u00e1s infraestructura como el alumbrado p\u00fablico que inauguramos recientemente, aunque sabemos que a\u00fan falta mucho por hacer\u201d.<\/p>\n<p>En su mensaje, tambi\u00e9n hizo hincapi\u00e9 en la presencia activa del Gobierno provincial en todo el territorio: \u201cEstamos recorriendo cada rinc\u00f3n de Tucum\u00e1n y nunca llegamos con las manos vac\u00edas; siempre llevamos soluciones concretas en obras, salud, educaci\u00f3n y seguridad\u201d.<\/p>\n<p>Finalmente, Jaldo valor\u00f3 los avances en materia de seguridad en la provincia y en particular en Taf\u00ed del Valle: \u201cHoy Tucum\u00e1n est\u00e1 entre las provincias que m\u00e1s han reducido el delito y los homicidios, y eso se logra con inversi\u00f3n, planificaci\u00f3n y presencia del Estado\u201d.<\/p>\n<p><strong><\/strong><\/p>\n<p>El Primer Mandatario estuvo compa\u00f1ado por el ministro de Interior, <strong id=\"isPasted\">Dar\u00edo Monteros<\/strong>; el ministro de Obras, Infraestructura y Transporte P\u00fablico, <strong>Marcelo Nazur<\/strong>; el titular del Instituto Provincial de la Vivienda (IPV),<strong>\u00a0Hugo Cabral;\u00a0<\/strong>el intendente de tafi del valle, <strong>Francisco Caliva;\u00a0<\/strong>el intendente de Famaill\u00e1, <strong>Enrique Orellana<\/strong>; la ntendenta de Lules, <strong>Marta Albarrac\u00edn;\u00a0<\/strong>la intendenta de Aguilares, <strong>Gimena Mansilla;<\/strong> el intendente de Alberdi, <strong>Bruno Romano<\/strong>; el intendente de Monteros,<strong>\u00a0Francisco Serra<\/strong>; el intendente de Simoca,<strong>\u00a0Elvio Salazar<\/strong>; el secretario de Grandes Comunas; <strong>Marcelo Santillan;\u00a0<\/strong>el presidente del Honorable Concejo Deliberante de Taf\u00ed del Valle, <strong>Gustavo Yapura;\u00a0<\/strong>el delegado comunal de Santa Ana, <strong>Hern\u00e1n Romano<\/strong> y el delegado comunal de Villa Quinteros, <strong>Gustavo Marcial.<\/strong><\/p>\n<p><strong\/>El acto tambi\u00e9n cont\u00f3 con la participaci\u00f3n de representantes de comunidades originarias y vecinos.<strong\/><\/p>\n<\/p>\n<p id=\"isPasted\">Por su parte, el ministro del Interior, Dar\u00edo Monteros, destac\u00f3 la conducci\u00f3n del gobermador Jaldo y el trabajo articulado con los municipios. \u201cHay un equipo que responde y un gobernador que, con recursos propios y una gesti\u00f3n ordenada, sigue acompa\u00f1ando el crecimiento del interior\u201d, afirm\u00f3.<\/p>\n<\/p>\n<p id=\"isPasted\">A su turno, el intendente Francisco Caliva celebr\u00f3 la concreci\u00f3n de este avance, gracias a la gestion del mandatario provincial para el municipio: \u201cEsto era un sue\u00f1o desde hace a\u00f1os y hoy es una realidad gracias al trabajo conjunto. Estas herramientas nos permitir\u00e1n mejorar los servicios y las obras para nuestros vecinos\u201d, sostuvo.<\/p>\n<\/p>\n<p>Fuente: <a href=\"https:\/\/www.comunicaciontucuman.gob.ar\/noticia\/gobernacion\/240863\/jaldo-entrego-maquinaria-tafi-valle-inversion-mas-349-millones\"> Fuente de la nota <\/a><\/p>\n","protected":false},"excerpt":{"rendered":"<p>El gobernador, Osvaldo Jaldo, encabez\u00f3 en Taf\u00ed del Valle el acto de entrega de equipamiento vial y veh\u00edculos destinados a fortalecer el parque automotor municipal y optimizar los servicios para la comunidad. La incorporaci\u00f3n incluye una excavadora retro oruga y una camioneta 0 km, con una inversi\u00f3n total de $349.108.657. Estas unidades permitir\u00e1n mejorar tareas [&hellip;]<\/p>\n","protected":false},"author":1,"featured_media":47536,"comment_status":"closed","ping_status":"open","sticky":false,"template":"","format":"standard","meta":{"footnotes":""},"categories":[3],"tags":[],"class_list":{"0":"post-47535","1":"post","2":"type-post","3":"status-publish","4":"format-standard","5":"has-post-thumbnail","7":"category-politica"},"yoast_head":"<!-- This site is optimized with the Yoast SEO plugin v27.5 - https:\/\/yoast.com\/product\/yoast-seo-wordpress\/ -->\n<title>Jaldo entreg\u00f3 maquinaria en Taf\u00ed del Valle con una inversi\u00f3n de m\u00e1s de $349 millones - El Diario de Tucuman<\/title>\n<meta name=\"robots\" content=\"index, follow, max-snippet:-1, max-image-preview:large, max-video-preview:-1\" \/>\n<link rel=\"canonical\" href=\"https:\/\/www.eldiariodetucuman.com\/web\/jaldo-entrego-maquinaria-en-tafi-del-valle-con-una-inversion-de-mas-de-349-millones\/\" \/>\n<meta property=\"og:locale\" content=\"es_ES\" \/>\n<meta property=\"og:type\" content=\"article\" \/>\n<meta property=\"og:title\" content=\"Jaldo entreg\u00f3 maquinaria en Taf\u00ed del Valle con una inversi\u00f3n de m\u00e1s de $349 millones - El Diario de Tucuman\" \/>\n<meta property=\"og:description\" content=\"El gobernador, Osvaldo Jaldo, encabez\u00f3 en Taf\u00ed del Valle el acto de entrega de equipamiento vial y veh\u00edculos destinados a fortalecer el parque automotor municipal y optimizar los servicios para la comunidad. La incorporaci\u00f3n incluye una excavadora retro oruga y una camioneta 0 km, con una inversi\u00f3n total de $349.108.657. Estas unidades permitir\u00e1n mejorar tareas [&hellip;]\" \/>\n<meta property=\"og:url\" content=\"https:\/\/www.eldiariodetucuman.com\/web\/jaldo-entrego-maquinaria-en-tafi-del-valle-con-una-inversion-de-mas-de-349-millones\/\" \/>\n<meta property=\"og:site_name\" content=\"El Diario de Tucuman\" \/>\n<meta property=\"article:published_time\" content=\"2026-04-30T16:34:29+00:00\" \/>\n<meta name=\"author\" content=\"admin\" \/>\n<meta name=\"twitter:card\" content=\"summary_large_image\" \/>\n<meta name=\"twitter:label1\" content=\"Escrito por\" \/>\n\t<meta name=\"twitter:data1\" content=\"admin\" \/>\n\t<meta name=\"twitter:label2\" content=\"Tiempo de lectura\" \/>\n\t<meta name=\"twitter:data2\" content=\"3 minutos\" \/>\n<script type=\"application\/ld+json\" class=\"yoast-schema-graph\">{\"@context\":\"https:\\\/\\\/schema.org\",\"@graph\":[{\"@type\":\"Article\",\"@id\":\"https:\\\/\\\/www.eldiariodetucuman.com\\\/web\\\/jaldo-entrego-maquinaria-en-tafi-del-valle-con-una-inversion-de-mas-de-349-millones\\\/#article\",\"isPartOf\":{\"@id\":\"https:\\\/\\\/www.eldiariodetucuman.com\\\/web\\\/jaldo-entrego-maquinaria-en-tafi-del-valle-con-una-inversion-de-mas-de-349-millones\\\/\"},\"author\":{\"name\":\"admin\",\"@id\":\"https:\\\/\\\/www.eldiariodetucuman.com\\\/web\\\/#\\\/schema\\\/person\\\/9250197d75ab5483412e19678b121caa\"},\"headline\":\"Jaldo entreg\u00f3 maquinaria en Taf\u00ed del Valle con una inversi\u00f3n de m\u00e1s de $349 millones\",\"datePublished\":\"2026-04-30T16:34:29+00:00\",\"mainEntityOfPage\":{\"@id\":\"https:\\\/\\\/www.eldiariodetucuman.com\\\/web\\\/jaldo-entrego-maquinaria-en-tafi-del-valle-con-una-inversion-de-mas-de-349-millones\\\/\"},\"wordCount\":592,\"publisher\":{\"@id\":\"https:\\\/\\\/www.eldiariodetucuman.com\\\/web\\\/#organization\"},\"image\":{\"@id\":\"https:\\\/\\\/www.eldiariodetucuman.com\\\/web\\\/jaldo-entrego-maquinaria-en-tafi-del-valle-con-una-inversion-de-mas-de-349-millones\\\/#primaryimage\"},\"thumbnailUrl\":\"https:\\\/\\\/www.eldiariodetucuman.com\\\/web\\\/wp-content\\\/uploads\\\/2026\\\/04\\\/Jaldo-entrego-maquinaria-en-Tafi-del-Valle-con-una-inversion.jpeg\",\"articleSection\":[\"Politica\"],\"inLanguage\":\"es\"},{\"@type\":\"WebPage\",\"@id\":\"https:\\\/\\\/www.eldiariodetucuman.com\\\/web\\\/jaldo-entrego-maquinaria-en-tafi-del-valle-con-una-inversion-de-mas-de-349-millones\\\/\",\"url\":\"https:\\\/\\\/www.eldiariodetucuman.com\\\/web\\\/jaldo-entrego-maquinaria-en-tafi-del-valle-con-una-inversion-de-mas-de-349-millones\\\/\",\"name\":\"Jaldo entreg\u00f3 maquinaria en Taf\u00ed del Valle con una inversi\u00f3n de m\u00e1s de $349 millones - El Diario de Tucuman\",\"isPartOf\":{\"@id\":\"https:\\\/\\\/www.eldiariodetucuman.com\\\/web\\\/#website\"},\"primaryImageOfPage\":{\"@id\":\"https:\\\/\\\/www.eldiariodetucuman.com\\\/web\\\/jaldo-entrego-maquinaria-en-tafi-del-valle-con-una-inversion-de-mas-de-349-millones\\\/#primaryimage\"},\"image\":{\"@id\":\"https:\\\/\\\/www.eldiariodetucuman.com\\\/web\\\/jaldo-entrego-maquinaria-en-tafi-del-valle-con-una-inversion-de-mas-de-349-millones\\\/#primaryimage\"},\"thumbnailUrl\":\"https:\\\/\\\/www.eldiariodetucuman.com\\\/web\\\/wp-content\\\/uploads\\\/2026\\\/04\\\/Jaldo-entrego-maquinaria-en-Tafi-del-Valle-con-una-inversion.jpeg\",\"datePublished\":\"2026-04-30T16:34:29+00:00\",\"breadcrumb\":{\"@id\":\"https:\\\/\\\/www.eldiariodetucuman.com\\\/web\\\/jaldo-entrego-maquinaria-en-tafi-del-valle-con-una-inversion-de-mas-de-349-millones\\\/#breadcrumb\"},\"inLanguage\":\"es\",\"potentialAction\":[{\"@type\":\"ReadAction\",\"target\":[\"https:\\\/\\\/www.eldiariodetucuman.com\\\/web\\\/jaldo-entrego-maquinaria-en-tafi-del-valle-con-una-inversion-de-mas-de-349-millones\\\/\"]}]},{\"@type\":\"ImageObject\",\"inLanguage\":\"es\",\"@id\":\"https:\\\/\\\/www.eldiariodetucuman.com\\\/web\\\/jaldo-entrego-maquinaria-en-tafi-del-valle-con-una-inversion-de-mas-de-349-millones\\\/#primaryimage\",\"url\":\"https:\\\/\\\/www.eldiariodetucuman.com\\\/web\\\/wp-content\\\/uploads\\\/2026\\\/04\\\/Jaldo-entrego-maquinaria-en-Tafi-del-Valle-con-una-inversion.jpeg\",\"contentUrl\":\"https:\\\/\\\/www.eldiariodetucuman.com\\\/web\\\/wp-content\\\/uploads\\\/2026\\\/04\\\/Jaldo-entrego-maquinaria-en-Tafi-del-Valle-con-una-inversion.jpeg\",\"width\":818,\"height\":460},{\"@type\":\"BreadcrumbList\",\"@id\":\"https:\\\/\\\/www.eldiariodetucuman.com\\\/web\\\/jaldo-entrego-maquinaria-en-tafi-del-valle-con-una-inversion-de-mas-de-349-millones\\\/#breadcrumb\",\"itemListElement\":[{\"@type\":\"ListItem\",\"position\":1,\"name\":\"Portada\",\"item\":\"https:\\\/\\\/www.eldiariodetucuman.com\\\/web\\\/\"},{\"@type\":\"ListItem\",\"position\":2,\"name\":\"Jaldo entreg\u00f3 maquinaria en Taf\u00ed del Valle con una inversi\u00f3n de m\u00e1s de $349 millones\"}]},{\"@type\":\"WebSite\",\"@id\":\"https:\\\/\\\/www.eldiariodetucuman.com\\\/web\\\/#website\",\"url\":\"https:\\\/\\\/www.eldiariodetucuman.com\\\/web\\\/\",\"name\":\"El Diario de Tucuman\",\"description\":\"Diario Tucuman - Informaci\u00f3n y noticias\",\"publisher\":{\"@id\":\"https:\\\/\\\/www.eldiariodetucuman.com\\\/web\\\/#organization\"},\"potentialAction\":[{\"@type\":\"SearchAction\",\"target\":{\"@type\":\"EntryPoint\",\"urlTemplate\":\"https:\\\/\\\/www.eldiariodetucuman.com\\\/web\\\/?s={search_term_string}\"},\"query-input\":{\"@type\":\"PropertyValueSpecification\",\"valueRequired\":true,\"valueName\":\"search_term_string\"}}],\"inLanguage\":\"es\"},{\"@type\":\"Organization\",\"@id\":\"https:\\\/\\\/www.eldiariodetucuman.com\\\/web\\\/#organization\",\"name\":\"El Diario de Tucuman\",\"url\":\"https:\\\/\\\/www.eldiariodetucuman.com\\\/web\\\/\",\"logo\":{\"@type\":\"ImageObject\",\"inLanguage\":\"es\",\"@id\":\"https:\\\/\\\/www.eldiariodetucuman.com\\\/web\\\/#\\\/schema\\\/logo\\\/image\\\/\",\"url\":\"http:\\\/\\\/www.eldiariodetucuman.com\\\/web\\\/wp-content\\\/uploads\\\/2017\\\/12\\\/el-diario-de-tucuman.jpg\",\"contentUrl\":\"http:\\\/\\\/www.eldiariodetucuman.com\\\/web\\\/wp-content\\\/uploads\\\/2017\\\/12\\\/el-diario-de-tucuman.jpg\",\"width\":272,\"height\":92,\"caption\":\"El Diario de Tucuman\"},\"image\":{\"@id\":\"https:\\\/\\\/www.eldiariodetucuman.com\\\/web\\\/#\\\/schema\\\/logo\\\/image\\\/\"}},{\"@type\":\"Person\",\"@id\":\"https:\\\/\\\/www.eldiariodetucuman.com\\\/web\\\/#\\\/schema\\\/person\\\/9250197d75ab5483412e19678b121caa\",\"name\":\"admin\",\"image\":{\"@type\":\"ImageObject\",\"inLanguage\":\"es\",\"@id\":\"https:\\\/\\\/secure.gravatar.com\\\/avatar\\\/c44d117c2be811212c22cb481f6b8384b6873de103fbc49e7a03cc58d7dea4ac?s=96&d=mm&r=g\",\"url\":\"https:\\\/\\\/secure.gravatar.com\\\/avatar\\\/c44d117c2be811212c22cb481f6b8384b6873de103fbc49e7a03cc58d7dea4ac?s=96&d=mm&r=g\",\"contentUrl\":\"https:\\\/\\\/secure.gravatar.com\\\/avatar\\\/c44d117c2be811212c22cb481f6b8384b6873de103fbc49e7a03cc58d7dea4ac?s=96&d=mm&r=g\",\"caption\":\"admin\"},\"url\":\"https:\\\/\\\/www.eldiariodetucuman.com\\\/web\\\/author\\\/admin\\\/\"}]}<\/script>\n<!-- \/ Yoast SEO plugin. -->","yoast_head_json":{"title":"Jaldo entreg\u00f3 maquinaria en Taf\u00ed del Valle con una inversi\u00f3n de m\u00e1s de $349 millones - El Diario de Tucuman","robots":{"index":"index","follow":"follow","max-snippet":"max-snippet:-1","max-image-preview":"max-image-preview:large","max-video-preview":"max-video-preview:-1"},"canonical":"https:\/\/www.eldiariodetucuman.com\/web\/jaldo-entrego-maquinaria-en-tafi-del-valle-con-una-inversion-de-mas-de-349-millones\/","og_locale":"es_ES","og_type":"article","og_title":"Jaldo entreg\u00f3 maquinaria en Taf\u00ed del Valle con una inversi\u00f3n de m\u00e1s de $349 millones - El Diario de Tucuman","og_description":"El gobernador, Osvaldo Jaldo, encabez\u00f3 en Taf\u00ed del Valle el acto de entrega de equipamiento vial y veh\u00edculos destinados a fortalecer el parque automotor municipal y optimizar los servicios para la comunidad. La incorporaci\u00f3n incluye una excavadora retro oruga y una camioneta 0 km, con una inversi\u00f3n total de $349.108.657. Estas unidades permitir\u00e1n mejorar tareas [&hellip;]","og_url":"https:\/\/www.eldiariodetucuman.com\/web\/jaldo-entrego-maquinaria-en-tafi-del-valle-con-una-inversion-de-mas-de-349-millones\/","og_site_name":"El Diario de Tucuman","article_published_time":"2026-04-30T16:34:29+00:00","author":"admin","twitter_card":"summary_large_image","twitter_misc":{"Escrito por":"admin","Tiempo de lectura":"3 minutos"},"schema":{"@context":"https:\/\/schema.org","@graph":[{"@type":"Article","@id":"https:\/\/www.eldiariodetucuman.com\/web\/jaldo-entrego-maquinaria-en-tafi-del-valle-con-una-inversion-de-mas-de-349-millones\/#article","isPartOf":{"@id":"https:\/\/www.eldiariodetucuman.com\/web\/jaldo-entrego-maquinaria-en-tafi-del-valle-con-una-inversion-de-mas-de-349-millones\/"},"author":{"name":"admin","@id":"https:\/\/www.eldiariodetucuman.com\/web\/#\/schema\/person\/9250197d75ab5483412e19678b121caa"},"headline":"Jaldo entreg\u00f3 maquinaria en Taf\u00ed del Valle con una inversi\u00f3n de m\u00e1s de $349 millones","datePublished":"2026-04-30T16:34:29+00:00","mainEntityOfPage":{"@id":"https:\/\/www.eldiariodetucuman.com\/web\/jaldo-entrego-maquinaria-en-tafi-del-valle-con-una-inversion-de-mas-de-349-millones\/"},"wordCount":592,"publisher":{"@id":"https:\/\/www.eldiariodetucuman.com\/web\/#organization"},"image":{"@id":"https:\/\/www.eldiariodetucuman.com\/web\/jaldo-entrego-maquinaria-en-tafi-del-valle-con-una-inversion-de-mas-de-349-millones\/#primaryimage"},"thumbnailUrl":"https:\/\/www.eldiariodetucuman.com\/web\/wp-content\/uploads\/2026\/04\/Jaldo-entrego-maquinaria-en-Tafi-del-Valle-con-una-inversion.jpeg","articleSection":["Politica"],"inLanguage":"es"},{"@type":"WebPage","@id":"https:\/\/www.eldiariodetucuman.com\/web\/jaldo-entrego-maquinaria-en-tafi-del-valle-con-una-inversion-de-mas-de-349-millones\/","url":"https:\/\/www.eldiariodetucuman.com\/web\/jaldo-entrego-maquinaria-en-tafi-del-valle-con-una-inversion-de-mas-de-349-millones\/","name":"Jaldo entreg\u00f3 maquinaria en Taf\u00ed del Valle con una inversi\u00f3n de m\u00e1s de $349 millones - El Diario de Tucuman","isPartOf":{"@id":"https:\/\/www.eldiariodetucuman.com\/web\/#website"},"primaryImageOfPage":{"@id":"https:\/\/www.eldiariodetucuman.com\/web\/jaldo-entrego-maquinaria-en-tafi-del-valle-con-una-inversion-de-mas-de-349-millones\/#primaryimage"},"image":{"@id":"https:\/\/www.eldiariodetucuman.com\/web\/jaldo-entrego-maquinaria-en-tafi-del-valle-con-una-inversion-de-mas-de-349-millones\/#primaryimage"},"thumbnailUrl":"https:\/\/www.eldiariodetucuman.com\/web\/wp-content\/uploads\/2026\/04\/Jaldo-entrego-maquinaria-en-Tafi-del-Valle-con-una-inversion.jpeg","datePublished":"2026-04-30T16:34:29+00:00","breadcrumb":{"@id":"https:\/\/www.eldiariodetucuman.com\/web\/jaldo-entrego-maquinaria-en-tafi-del-valle-con-una-inversion-de-mas-de-349-millones\/#breadcrumb"},"inLanguage":"es","potentialAction":[{"@type":"ReadAction","target":["https:\/\/www.eldiariodetucuman.com\/web\/jaldo-entrego-maquinaria-en-tafi-del-valle-con-una-inversion-de-mas-de-349-millones\/"]}]},{"@type":"ImageObject","inLanguage":"es","@id":"https:\/\/www.eldiariodetucuman.com\/web\/jaldo-entrego-maquinaria-en-tafi-del-valle-con-una-inversion-de-mas-de-349-millones\/#primaryimage","url":"https:\/\/www.eldiariodetucuman.com\/web\/wp-content\/uploads\/2026\/04\/Jaldo-entrego-maquinaria-en-Tafi-del-Valle-con-una-inversion.jpeg","contentUrl":"https:\/\/www.eldiariodetucuman.com\/web\/wp-content\/uploads\/2026\/04\/Jaldo-entrego-maquinaria-en-Tafi-del-Valle-con-una-inversion.jpeg","width":818,"height":460},{"@type":"BreadcrumbList","@id":"https:\/\/www.eldiariodetucuman.com\/web\/jaldo-entrego-maquinaria-en-tafi-del-valle-con-una-inversion-de-mas-de-349-millones\/#breadcrumb","itemListElement":[{"@type":"ListItem","position":1,"name":"Portada","item":"https:\/\/www.eldiariodetucuman.com\/web\/"},{"@type":"ListItem","position":2,"name":"Jaldo entreg\u00f3 maquinaria en Taf\u00ed del Valle con una inversi\u00f3n de m\u00e1s de $349 millones"}]},{"@type":"WebSite","@id":"https:\/\/www.eldiariodetucuman.com\/web\/#website","url":"https:\/\/www.eldiariodetucuman.com\/web\/","name":"El Diario de Tucuman","description":"Diario Tucuman - Informaci\u00f3n y noticias","publisher":{"@id":"https:\/\/www.eldiariodetucuman.com\/web\/#organization"},"potentialAction":[{"@type":"SearchAction","target":{"@type":"EntryPoint","urlTemplate":"https:\/\/www.eldiariodetucuman.com\/web\/?s={search_term_string}"},"query-input":{"@type":"PropertyValueSpecification","valueRequired":true,"valueName":"search_term_string"}}],"inLanguage":"es"},{"@type":"Organization","@id":"https:\/\/www.eldiariodetucuman.com\/web\/#organization","name":"El Diario de Tucuman","url":"https:\/\/www.eldiariodetucuman.com\/web\/","logo":{"@type":"ImageObject","inLanguage":"es","@id":"https:\/\/www.eldiariodetucuman.com\/web\/#\/schema\/logo\/image\/","url":"http:\/\/www.eldiariodetucuman.com\/web\/wp-content\/uploads\/2017\/12\/el-diario-de-tucuman.jpg","contentUrl":"http:\/\/www.eldiariodetucuman.com\/web\/wp-content\/uploads\/2017\/12\/el-diario-de-tucuman.jpg","width":272,"height":92,"caption":"El Diario de Tucuman"},"image":{"@id":"https:\/\/www.eldiariodetucuman.com\/web\/#\/schema\/logo\/image\/"}},{"@type":"Person","@id":"https:\/\/www.eldiariodetucuman.com\/web\/#\/schema\/person\/9250197d75ab5483412e19678b121caa","name":"admin","image":{"@type":"ImageObject","inLanguage":"es","@id":"https:\/\/secure.gravatar.com\/avatar\/c44d117c2be811212c22cb481f6b8384b6873de103fbc49e7a03cc58d7dea4ac?s=96&d=mm&r=g","url":"https:\/\/secure.gravatar.com\/avatar\/c44d117c2be811212c22cb481f6b8384b6873de103fbc49e7a03cc58d7dea4ac?s=96&d=mm&r=g","contentUrl":"https:\/\/secure.gravatar.com\/avatar\/c44d117c2be811212c22cb481f6b8384b6873de103fbc49e7a03cc58d7dea4ac?s=96&d=mm&r=g","caption":"admin"},"url":"https:\/\/www.eldiariodetucuman.com\/web\/author\/admin\/"}]}},"_links":{"self":[{"href":"https:\/\/www.eldiariodetucuman.com\/web\/wp-json\/wp\/v2\/posts\/47535","targetHints":{"allow":["GET"]}}],"collection":[{"href":"https:\/\/www.eldiariodetucuman.com\/web\/wp-json\/wp\/v2\/posts"}],"about":[{"href":"https:\/\/www.eldiariodetucuman.com\/web\/wp-json\/wp\/v2\/types\/post"}],"author":[{"embeddable":true,"href":"https:\/\/www.eldiariodetucuman.com\/web\/wp-json\/wp\/v2\/users\/1"}],"replies":[{"embeddable":true,"href":"https:\/\/www.eldiariodetucuman.com\/web\/wp-json\/wp\/v2\/comments?post=47535"}],"version-history":[{"count":0,"href":"https:\/\/www.eldiariodetucuman.com\/web\/wp-json\/wp\/v2\/posts\/47535\/revisions"}],"wp:featuredmedia":[{"embeddable":true,"href":"https:\/\/www.eldiariodetucuman.com\/web\/wp-json\/wp\/v2\/media\/47536"}],"wp:attachment":[{"href":"https:\/\/www.eldiariodetucuman.com\/web\/wp-json\/wp\/v2\/media?parent=47535"}],"wp:term":[{"taxonomy":"category","embeddable":true,"href":"https:\/\/www.eldiariodetucuman.com\/web\/wp-json\/wp\/v2\/categories?post=47535"},{"taxonomy":"post_tag","embeddable":true,"href":"https:\/\/www.eldiariodetucuman.com\/web\/wp-json\/wp\/v2\/tags?post=47535"}],"curies":[{"name":"wp","href":"https:\/\/api.w.org\/{rel}","templated":true}]}}