{"id":47530,"date":"2026-04-30T06:43:13","date_gmt":"2026-04-30T09:43:13","guid":{"rendered":"https:\/\/www.eldiariodetucuman.com\/web\/javier-milei-y-sus-medidas-en-vivo-las-repercusiones-de-la-visita-de-adorni-al-congreso-y-la-marcha-de-la-cgt\/"},"modified":"2026-04-30T06:43:14","modified_gmt":"2026-04-30T09:43:14","slug":"javier-milei-y-sus-medidas-en-vivo-las-repercusiones-de-la-visita-de-adorni-al-congreso-y-la-marcha-de-la-cgt","status":"publish","type":"post","link":"https:\/\/www.eldiariodetucuman.com\/web\/javier-milei-y-sus-medidas-en-vivo-las-repercusiones-de-la-visita-de-adorni-al-congreso-y-la-marcha-de-la-cgt\/","title":{"rendered":"Javier Milei y sus medidas, en vivo: las repercusiones de la visita de Adorni al Congreso y la marcha de la CGT"},"content":{"rendered":"<p><\/p>\n<p class=\"com-paragraph   --s\">La\u00a0<strong>esencia del liberalismo<\/strong>\u00a0es la sacralizaci\u00f3n de la autonom\u00eda personal. Ese respeto no es irrestricto porque los individuos deben ceder parte de su libertad con el prop\u00f3sito de construir una organizaci\u00f3n que gestione la vida en com\u00fan. Esa organizaci\u00f3n se llama\u00a0<strong>Estado<\/strong>. Para evitar que esa entidad se vuelva, avasallante, contra quienes le otorgan esa capacidad, se establecen dos instituciones que, para cumplir su misi\u00f3n, deben ser independientes.\u00a0<strong>La Justicia y la prensa<\/strong>.<\/p>\n<p>Santiago Caputo en la presentaci\u00f3n del informe de gesti\u00f3n de Manuel AdorniSantiago Oroz<\/p>\n<p class=\"com-paragraph   --s\">Esta es la raz\u00f3n por la cual todo intento de concentraci\u00f3n de poder en las manos de un caudillo est\u00e1 obligado a, tarde o temprano, entrar en conflicto con el\u00a0<strong>Poder Judicial<\/strong>\u00a0y con el\u00a0<strong>periodismo<\/strong>. Esa pulsi\u00f3n por romper los l\u00edmites est\u00e1 en la esencia del populismo. Si se trata, en lo econ\u00f3mico, de un populismo estatista o de un populismo privatista, es anecd\u00f3tico. Todas las variantes convergen en la misma tentaci\u00f3n autoritaria.<\/p>\n<p><a href=\"https:\/\/www.lanacion.com.ar\/politica\/javier-milei-y-sus-medidas-en-vivo-las-repercusiones-de-la-visita-de-adorni-al-congreso-y-la-marcha-nid30042026\/\">Fuente de la nota <\/a><\/p>\n","protected":false},"excerpt":{"rendered":"<p>La\u00a0esencia del liberalismo\u00a0es la sacralizaci\u00f3n de la autonom\u00eda personal. Ese respeto no es irrestricto porque los individuos deben ceder parte de su libertad con el prop\u00f3sito de construir una organizaci\u00f3n que gestione la vida en com\u00fan. Esa organizaci\u00f3n se llama\u00a0Estado. Para evitar que esa entidad se vuelva, avasallante, contra quienes le otorgan esa capacidad, se [&hellip;]<\/p>\n","protected":false},"author":5,"featured_media":47531,"comment_status":"closed","ping_status":"open","sticky":false,"template":"","format":"standard","meta":{"footnotes":""},"categories":[3],"tags":[],"class_list":{"0":"post-47530","1":"post","2":"type-post","3":"status-publish","4":"format-standard","5":"has-post-thumbnail","7":"category-politica"},"yoast_head":"<!-- This site is optimized with the Yoast SEO plugin v27.5 - https:\/\/yoast.com\/product\/yoast-seo-wordpress\/ -->\n<title>Javier Milei y sus medidas, en vivo: las repercusiones de la visita de Adorni al Congreso y la marcha de la CGT - El Diario de Tucuman<\/title>\n<meta name=\"robots\" content=\"index, follow, max-snippet:-1, max-image-preview:large, max-video-preview:-1\" \/>\n<link rel=\"canonical\" href=\"https:\/\/www.eldiariodetucuman.com\/web\/javier-milei-y-sus-medidas-en-vivo-las-repercusiones-de-la-visita-de-adorni-al-congreso-y-la-marcha-de-la-cgt\/\" \/>\n<meta property=\"og:locale\" content=\"es_ES\" \/>\n<meta property=\"og:type\" content=\"article\" \/>\n<meta property=\"og:title\" content=\"Javier Milei y sus medidas, en vivo: las repercusiones de la visita de Adorni al Congreso y la marcha de la CGT - El Diario de Tucuman\" \/>\n<meta property=\"og:description\" content=\"La\u00a0esencia del liberalismo\u00a0es la sacralizaci\u00f3n de la autonom\u00eda personal. Ese respeto no es irrestricto porque los individuos deben ceder parte de su libertad con el prop\u00f3sito de construir una organizaci\u00f3n que gestione la vida en com\u00fan. Esa organizaci\u00f3n se llama\u00a0Estado. Para evitar que esa entidad se vuelva, avasallante, contra quienes le otorgan esa capacidad, se [&hellip;]\" \/>\n<meta property=\"og:url\" content=\"https:\/\/www.eldiariodetucuman.com\/web\/javier-milei-y-sus-medidas-en-vivo-las-repercusiones-de-la-visita-de-adorni-al-congreso-y-la-marcha-de-la-cgt\/\" \/>\n<meta property=\"og:site_name\" content=\"El Diario de Tucuman\" \/>\n<meta property=\"article:published_time\" content=\"2026-04-30T09:43:13+00:00\" \/>\n<meta property=\"article:modified_time\" content=\"2026-04-30T09:43:14+00:00\" \/>\n<meta property=\"og:image\" content=\"https:\/\/www.eldiariodetucuman.com\/web\/wp-content\/uploads\/2026\/04\/el-primer-mandatario-volvio-a-tratar-de-corruptos-6XIO56VEIZEP5JHVDPL6DD33GY.jpg\" \/>\n\t<meta property=\"og:image:width\" content=\"1200\" \/>\n\t<meta property=\"og:image:height\" content=\"675\" \/>\n\t<meta property=\"og:image:type\" content=\"image\/jpeg\" \/>\n<meta name=\"author\" content=\"Redactor Uno\" \/>\n<meta name=\"twitter:card\" content=\"summary_large_image\" \/>\n<meta name=\"twitter:label1\" content=\"Escrito por\" \/>\n\t<meta name=\"twitter:data1\" content=\"Redactor Uno\" \/>\n\t<meta name=\"twitter:label2\" content=\"Tiempo de lectura\" \/>\n\t<meta name=\"twitter:data2\" content=\"1 minuto\" \/>\n<script type=\"application\/ld+json\" class=\"yoast-schema-graph\">{\"@context\":\"https:\\\/\\\/schema.org\",\"@graph\":[{\"@type\":\"Article\",\"@id\":\"https:\\\/\\\/www.eldiariodetucuman.com\\\/web\\\/javier-milei-y-sus-medidas-en-vivo-las-repercusiones-de-la-visita-de-adorni-al-congreso-y-la-marcha-de-la-cgt\\\/#article\",\"isPartOf\":{\"@id\":\"https:\\\/\\\/www.eldiariodetucuman.com\\\/web\\\/javier-milei-y-sus-medidas-en-vivo-las-repercusiones-de-la-visita-de-adorni-al-congreso-y-la-marcha-de-la-cgt\\\/\"},\"author\":{\"name\":\"Redactor Uno\",\"@id\":\"https:\\\/\\\/www.eldiariodetucuman.com\\\/web\\\/#\\\/schema\\\/person\\\/7e6644a46e60888f6b868594407e08dd\"},\"headline\":\"Javier Milei y sus medidas, en vivo: las repercusiones de la visita de Adorni al Congreso y la marcha de la CGT\",\"datePublished\":\"2026-04-30T09:43:13+00:00\",\"dateModified\":\"2026-04-30T09:43:14+00:00\",\"mainEntityOfPage\":{\"@id\":\"https:\\\/\\\/www.eldiariodetucuman.com\\\/web\\\/javier-milei-y-sus-medidas-en-vivo-las-repercusiones-de-la-visita-de-adorni-al-congreso-y-la-marcha-de-la-cgt\\\/\"},\"wordCount\":202,\"publisher\":{\"@id\":\"https:\\\/\\\/www.eldiariodetucuman.com\\\/web\\\/#organization\"},\"image\":{\"@id\":\"https:\\\/\\\/www.eldiariodetucuman.com\\\/web\\\/javier-milei-y-sus-medidas-en-vivo-las-repercusiones-de-la-visita-de-adorni-al-congreso-y-la-marcha-de-la-cgt\\\/#primaryimage\"},\"thumbnailUrl\":\"https:\\\/\\\/www.eldiariodetucuman.com\\\/web\\\/wp-content\\\/uploads\\\/2026\\\/04\\\/el-primer-mandatario-volvio-a-tratar-de-corruptos-6XIO56VEIZEP5JHVDPL6DD33GY.jpg\",\"articleSection\":[\"Politica\"],\"inLanguage\":\"es\"},{\"@type\":\"WebPage\",\"@id\":\"https:\\\/\\\/www.eldiariodetucuman.com\\\/web\\\/javier-milei-y-sus-medidas-en-vivo-las-repercusiones-de-la-visita-de-adorni-al-congreso-y-la-marcha-de-la-cgt\\\/\",\"url\":\"https:\\\/\\\/www.eldiariodetucuman.com\\\/web\\\/javier-milei-y-sus-medidas-en-vivo-las-repercusiones-de-la-visita-de-adorni-al-congreso-y-la-marcha-de-la-cgt\\\/\",\"name\":\"Javier Milei y sus medidas, en vivo: las repercusiones de la visita de Adorni al Congreso y la marcha de la CGT - El Diario de Tucuman\",\"isPartOf\":{\"@id\":\"https:\\\/\\\/www.eldiariodetucuman.com\\\/web\\\/#website\"},\"primaryImageOfPage\":{\"@id\":\"https:\\\/\\\/www.eldiariodetucuman.com\\\/web\\\/javier-milei-y-sus-medidas-en-vivo-las-repercusiones-de-la-visita-de-adorni-al-congreso-y-la-marcha-de-la-cgt\\\/#primaryimage\"},\"image\":{\"@id\":\"https:\\\/\\\/www.eldiariodetucuman.com\\\/web\\\/javier-milei-y-sus-medidas-en-vivo-las-repercusiones-de-la-visita-de-adorni-al-congreso-y-la-marcha-de-la-cgt\\\/#primaryimage\"},\"thumbnailUrl\":\"https:\\\/\\\/www.eldiariodetucuman.com\\\/web\\\/wp-content\\\/uploads\\\/2026\\\/04\\\/el-primer-mandatario-volvio-a-tratar-de-corruptos-6XIO56VEIZEP5JHVDPL6DD33GY.jpg\",\"datePublished\":\"2026-04-30T09:43:13+00:00\",\"dateModified\":\"2026-04-30T09:43:14+00:00\",\"breadcrumb\":{\"@id\":\"https:\\\/\\\/www.eldiariodetucuman.com\\\/web\\\/javier-milei-y-sus-medidas-en-vivo-las-repercusiones-de-la-visita-de-adorni-al-congreso-y-la-marcha-de-la-cgt\\\/#breadcrumb\"},\"inLanguage\":\"es\",\"potentialAction\":[{\"@type\":\"ReadAction\",\"target\":[\"https:\\\/\\\/www.eldiariodetucuman.com\\\/web\\\/javier-milei-y-sus-medidas-en-vivo-las-repercusiones-de-la-visita-de-adorni-al-congreso-y-la-marcha-de-la-cgt\\\/\"]}]},{\"@type\":\"ImageObject\",\"inLanguage\":\"es\",\"@id\":\"https:\\\/\\\/www.eldiariodetucuman.com\\\/web\\\/javier-milei-y-sus-medidas-en-vivo-las-repercusiones-de-la-visita-de-adorni-al-congreso-y-la-marcha-de-la-cgt\\\/#primaryimage\",\"url\":\"https:\\\/\\\/www.eldiariodetucuman.com\\\/web\\\/wp-content\\\/uploads\\\/2026\\\/04\\\/el-primer-mandatario-volvio-a-tratar-de-corruptos-6XIO56VEIZEP5JHVDPL6DD33GY.jpg\",\"contentUrl\":\"https:\\\/\\\/www.eldiariodetucuman.com\\\/web\\\/wp-content\\\/uploads\\\/2026\\\/04\\\/el-primer-mandatario-volvio-a-tratar-de-corruptos-6XIO56VEIZEP5JHVDPL6DD33GY.jpg\",\"width\":1200,\"height\":675},{\"@type\":\"BreadcrumbList\",\"@id\":\"https:\\\/\\\/www.eldiariodetucuman.com\\\/web\\\/javier-milei-y-sus-medidas-en-vivo-las-repercusiones-de-la-visita-de-adorni-al-congreso-y-la-marcha-de-la-cgt\\\/#breadcrumb\",\"itemListElement\":[{\"@type\":\"ListItem\",\"position\":1,\"name\":\"Portada\",\"item\":\"https:\\\/\\\/www.eldiariodetucuman.com\\\/web\\\/\"},{\"@type\":\"ListItem\",\"position\":2,\"name\":\"Javier Milei y sus medidas, en vivo: las repercusiones de la visita de Adorni al Congreso y la marcha de la CGT\"}]},{\"@type\":\"WebSite\",\"@id\":\"https:\\\/\\\/www.eldiariodetucuman.com\\\/web\\\/#website\",\"url\":\"https:\\\/\\\/www.eldiariodetucuman.com\\\/web\\\/\",\"name\":\"El Diario de Tucuman\",\"description\":\"Diario Tucuman - Informaci\u00f3n y noticias\",\"publisher\":{\"@id\":\"https:\\\/\\\/www.eldiariodetucuman.com\\\/web\\\/#organization\"},\"potentialAction\":[{\"@type\":\"SearchAction\",\"target\":{\"@type\":\"EntryPoint\",\"urlTemplate\":\"https:\\\/\\\/www.eldiariodetucuman.com\\\/web\\\/?s={search_term_string}\"},\"query-input\":{\"@type\":\"PropertyValueSpecification\",\"valueRequired\":true,\"valueName\":\"search_term_string\"}}],\"inLanguage\":\"es\"},{\"@type\":\"Organization\",\"@id\":\"https:\\\/\\\/www.eldiariodetucuman.com\\\/web\\\/#organization\",\"name\":\"El Diario de Tucuman\",\"url\":\"https:\\\/\\\/www.eldiariodetucuman.com\\\/web\\\/\",\"logo\":{\"@type\":\"ImageObject\",\"inLanguage\":\"es\",\"@id\":\"https:\\\/\\\/www.eldiariodetucuman.com\\\/web\\\/#\\\/schema\\\/logo\\\/image\\\/\",\"url\":\"http:\\\/\\\/www.eldiariodetucuman.com\\\/web\\\/wp-content\\\/uploads\\\/2017\\\/12\\\/el-diario-de-tucuman.jpg\",\"contentUrl\":\"http:\\\/\\\/www.eldiariodetucuman.com\\\/web\\\/wp-content\\\/uploads\\\/2017\\\/12\\\/el-diario-de-tucuman.jpg\",\"width\":272,\"height\":92,\"caption\":\"El Diario de Tucuman\"},\"image\":{\"@id\":\"https:\\\/\\\/www.eldiariodetucuman.com\\\/web\\\/#\\\/schema\\\/logo\\\/image\\\/\"}},{\"@type\":\"Person\",\"@id\":\"https:\\\/\\\/www.eldiariodetucuman.com\\\/web\\\/#\\\/schema\\\/person\\\/7e6644a46e60888f6b868594407e08dd\",\"name\":\"Redactor Uno\",\"image\":{\"@type\":\"ImageObject\",\"inLanguage\":\"es\",\"@id\":\"https:\\\/\\\/secure.gravatar.com\\\/avatar\\\/0049b1bdf1bd548385c9ea6b9356431717930913089febd2ba904f0187d7d074?s=96&d=mm&r=g\",\"url\":\"https:\\\/\\\/secure.gravatar.com\\\/avatar\\\/0049b1bdf1bd548385c9ea6b9356431717930913089febd2ba904f0187d7d074?s=96&d=mm&r=g\",\"contentUrl\":\"https:\\\/\\\/secure.gravatar.com\\\/avatar\\\/0049b1bdf1bd548385c9ea6b9356431717930913089febd2ba904f0187d7d074?s=96&d=mm&r=g\",\"caption\":\"Redactor Uno\"},\"url\":\"https:\\\/\\\/www.eldiariodetucuman.com\\\/web\\\/author\\\/mramasco\\\/\"}]}<\/script>\n<!-- \/ Yoast SEO plugin. -->","yoast_head_json":{"title":"Javier Milei y sus medidas, en vivo: las repercusiones de la visita de Adorni al Congreso y la marcha de la CGT - El Diario de Tucuman","robots":{"index":"index","follow":"follow","max-snippet":"max-snippet:-1","max-image-preview":"max-image-preview:large","max-video-preview":"max-video-preview:-1"},"canonical":"https:\/\/www.eldiariodetucuman.com\/web\/javier-milei-y-sus-medidas-en-vivo-las-repercusiones-de-la-visita-de-adorni-al-congreso-y-la-marcha-de-la-cgt\/","og_locale":"es_ES","og_type":"article","og_title":"Javier Milei y sus medidas, en vivo: las repercusiones de la visita de Adorni al Congreso y la marcha de la CGT - El Diario de Tucuman","og_description":"La\u00a0esencia del liberalismo\u00a0es la sacralizaci\u00f3n de la autonom\u00eda personal. Ese respeto no es irrestricto porque los individuos deben ceder parte de su libertad con el prop\u00f3sito de construir una organizaci\u00f3n que gestione la vida en com\u00fan. Esa organizaci\u00f3n se llama\u00a0Estado. Para evitar que esa entidad se vuelva, avasallante, contra quienes le otorgan esa capacidad, se [&hellip;]","og_url":"https:\/\/www.eldiariodetucuman.com\/web\/javier-milei-y-sus-medidas-en-vivo-las-repercusiones-de-la-visita-de-adorni-al-congreso-y-la-marcha-de-la-cgt\/","og_site_name":"El Diario de Tucuman","article_published_time":"2026-04-30T09:43:13+00:00","article_modified_time":"2026-04-30T09:43:14+00:00","og_image":[{"width":1200,"height":675,"url":"https:\/\/www.eldiariodetucuman.com\/web\/wp-content\/uploads\/2026\/04\/el-primer-mandatario-volvio-a-tratar-de-corruptos-6XIO56VEIZEP5JHVDPL6DD33GY.jpg","type":"image\/jpeg"}],"author":"Redactor Uno","twitter_card":"summary_large_image","twitter_misc":{"Escrito por":"Redactor Uno","Tiempo de lectura":"1 minuto"},"schema":{"@context":"https:\/\/schema.org","@graph":[{"@type":"Article","@id":"https:\/\/www.eldiariodetucuman.com\/web\/javier-milei-y-sus-medidas-en-vivo-las-repercusiones-de-la-visita-de-adorni-al-congreso-y-la-marcha-de-la-cgt\/#article","isPartOf":{"@id":"https:\/\/www.eldiariodetucuman.com\/web\/javier-milei-y-sus-medidas-en-vivo-las-repercusiones-de-la-visita-de-adorni-al-congreso-y-la-marcha-de-la-cgt\/"},"author":{"name":"Redactor Uno","@id":"https:\/\/www.eldiariodetucuman.com\/web\/#\/schema\/person\/7e6644a46e60888f6b868594407e08dd"},"headline":"Javier Milei y sus medidas, en vivo: las repercusiones de la visita de Adorni al Congreso y la marcha de la CGT","datePublished":"2026-04-30T09:43:13+00:00","dateModified":"2026-04-30T09:43:14+00:00","mainEntityOfPage":{"@id":"https:\/\/www.eldiariodetucuman.com\/web\/javier-milei-y-sus-medidas-en-vivo-las-repercusiones-de-la-visita-de-adorni-al-congreso-y-la-marcha-de-la-cgt\/"},"wordCount":202,"publisher":{"@id":"https:\/\/www.eldiariodetucuman.com\/web\/#organization"},"image":{"@id":"https:\/\/www.eldiariodetucuman.com\/web\/javier-milei-y-sus-medidas-en-vivo-las-repercusiones-de-la-visita-de-adorni-al-congreso-y-la-marcha-de-la-cgt\/#primaryimage"},"thumbnailUrl":"https:\/\/www.eldiariodetucuman.com\/web\/wp-content\/uploads\/2026\/04\/el-primer-mandatario-volvio-a-tratar-de-corruptos-6XIO56VEIZEP5JHVDPL6DD33GY.jpg","articleSection":["Politica"],"inLanguage":"es"},{"@type":"WebPage","@id":"https:\/\/www.eldiariodetucuman.com\/web\/javier-milei-y-sus-medidas-en-vivo-las-repercusiones-de-la-visita-de-adorni-al-congreso-y-la-marcha-de-la-cgt\/","url":"https:\/\/www.eldiariodetucuman.com\/web\/javier-milei-y-sus-medidas-en-vivo-las-repercusiones-de-la-visita-de-adorni-al-congreso-y-la-marcha-de-la-cgt\/","name":"Javier Milei y sus medidas, en vivo: las repercusiones de la visita de Adorni al Congreso y la marcha de la CGT - El Diario de Tucuman","isPartOf":{"@id":"https:\/\/www.eldiariodetucuman.com\/web\/#website"},"primaryImageOfPage":{"@id":"https:\/\/www.eldiariodetucuman.com\/web\/javier-milei-y-sus-medidas-en-vivo-las-repercusiones-de-la-visita-de-adorni-al-congreso-y-la-marcha-de-la-cgt\/#primaryimage"},"image":{"@id":"https:\/\/www.eldiariodetucuman.com\/web\/javier-milei-y-sus-medidas-en-vivo-las-repercusiones-de-la-visita-de-adorni-al-congreso-y-la-marcha-de-la-cgt\/#primaryimage"},"thumbnailUrl":"https:\/\/www.eldiariodetucuman.com\/web\/wp-content\/uploads\/2026\/04\/el-primer-mandatario-volvio-a-tratar-de-corruptos-6XIO56VEIZEP5JHVDPL6DD33GY.jpg","datePublished":"2026-04-30T09:43:13+00:00","dateModified":"2026-04-30T09:43:14+00:00","breadcrumb":{"@id":"https:\/\/www.eldiariodetucuman.com\/web\/javier-milei-y-sus-medidas-en-vivo-las-repercusiones-de-la-visita-de-adorni-al-congreso-y-la-marcha-de-la-cgt\/#breadcrumb"},"inLanguage":"es","potentialAction":[{"@type":"ReadAction","target":["https:\/\/www.eldiariodetucuman.com\/web\/javier-milei-y-sus-medidas-en-vivo-las-repercusiones-de-la-visita-de-adorni-al-congreso-y-la-marcha-de-la-cgt\/"]}]},{"@type":"ImageObject","inLanguage":"es","@id":"https:\/\/www.eldiariodetucuman.com\/web\/javier-milei-y-sus-medidas-en-vivo-las-repercusiones-de-la-visita-de-adorni-al-congreso-y-la-marcha-de-la-cgt\/#primaryimage","url":"https:\/\/www.eldiariodetucuman.com\/web\/wp-content\/uploads\/2026\/04\/el-primer-mandatario-volvio-a-tratar-de-corruptos-6XIO56VEIZEP5JHVDPL6DD33GY.jpg","contentUrl":"https:\/\/www.eldiariodetucuman.com\/web\/wp-content\/uploads\/2026\/04\/el-primer-mandatario-volvio-a-tratar-de-corruptos-6XIO56VEIZEP5JHVDPL6DD33GY.jpg","width":1200,"height":675},{"@type":"BreadcrumbList","@id":"https:\/\/www.eldiariodetucuman.com\/web\/javier-milei-y-sus-medidas-en-vivo-las-repercusiones-de-la-visita-de-adorni-al-congreso-y-la-marcha-de-la-cgt\/#breadcrumb","itemListElement":[{"@type":"ListItem","position":1,"name":"Portada","item":"https:\/\/www.eldiariodetucuman.com\/web\/"},{"@type":"ListItem","position":2,"name":"Javier Milei y sus medidas, en vivo: las repercusiones de la visita de Adorni al Congreso y la marcha de la CGT"}]},{"@type":"WebSite","@id":"https:\/\/www.eldiariodetucuman.com\/web\/#website","url":"https:\/\/www.eldiariodetucuman.com\/web\/","name":"El Diario de Tucuman","description":"Diario Tucuman - Informaci\u00f3n y noticias","publisher":{"@id":"https:\/\/www.eldiariodetucuman.com\/web\/#organization"},"potentialAction":[{"@type":"SearchAction","target":{"@type":"EntryPoint","urlTemplate":"https:\/\/www.eldiariodetucuman.com\/web\/?s={search_term_string}"},"query-input":{"@type":"PropertyValueSpecification","valueRequired":true,"valueName":"search_term_string"}}],"inLanguage":"es"},{"@type":"Organization","@id":"https:\/\/www.eldiariodetucuman.com\/web\/#organization","name":"El Diario de Tucuman","url":"https:\/\/www.eldiariodetucuman.com\/web\/","logo":{"@type":"ImageObject","inLanguage":"es","@id":"https:\/\/www.eldiariodetucuman.com\/web\/#\/schema\/logo\/image\/","url":"http:\/\/www.eldiariodetucuman.com\/web\/wp-content\/uploads\/2017\/12\/el-diario-de-tucuman.jpg","contentUrl":"http:\/\/www.eldiariodetucuman.com\/web\/wp-content\/uploads\/2017\/12\/el-diario-de-tucuman.jpg","width":272,"height":92,"caption":"El Diario de Tucuman"},"image":{"@id":"https:\/\/www.eldiariodetucuman.com\/web\/#\/schema\/logo\/image\/"}},{"@type":"Person","@id":"https:\/\/www.eldiariodetucuman.com\/web\/#\/schema\/person\/7e6644a46e60888f6b868594407e08dd","name":"Redactor Uno","image":{"@type":"ImageObject","inLanguage":"es","@id":"https:\/\/secure.gravatar.com\/avatar\/0049b1bdf1bd548385c9ea6b9356431717930913089febd2ba904f0187d7d074?s=96&d=mm&r=g","url":"https:\/\/secure.gravatar.com\/avatar\/0049b1bdf1bd548385c9ea6b9356431717930913089febd2ba904f0187d7d074?s=96&d=mm&r=g","contentUrl":"https:\/\/secure.gravatar.com\/avatar\/0049b1bdf1bd548385c9ea6b9356431717930913089febd2ba904f0187d7d074?s=96&d=mm&r=g","caption":"Redactor Uno"},"url":"https:\/\/www.eldiariodetucuman.com\/web\/author\/mramasco\/"}]}},"_links":{"self":[{"href":"https:\/\/www.eldiariodetucuman.com\/web\/wp-json\/wp\/v2\/posts\/47530","targetHints":{"allow":["GET"]}}],"collection":[{"href":"https:\/\/www.eldiariodetucuman.com\/web\/wp-json\/wp\/v2\/posts"}],"about":[{"href":"https:\/\/www.eldiariodetucuman.com\/web\/wp-json\/wp\/v2\/types\/post"}],"author":[{"embeddable":true,"href":"https:\/\/www.eldiariodetucuman.com\/web\/wp-json\/wp\/v2\/users\/5"}],"replies":[{"embeddable":true,"href":"https:\/\/www.eldiariodetucuman.com\/web\/wp-json\/wp\/v2\/comments?post=47530"}],"version-history":[{"count":1,"href":"https:\/\/www.eldiariodetucuman.com\/web\/wp-json\/wp\/v2\/posts\/47530\/revisions"}],"predecessor-version":[{"id":47532,"href":"https:\/\/www.eldiariodetucuman.com\/web\/wp-json\/wp\/v2\/posts\/47530\/revisions\/47532"}],"wp:featuredmedia":[{"embeddable":true,"href":"https:\/\/www.eldiariodetucuman.com\/web\/wp-json\/wp\/v2\/media\/47531"}],"wp:attachment":[{"href":"https:\/\/www.eldiariodetucuman.com\/web\/wp-json\/wp\/v2\/media?parent=47530"}],"wp:term":[{"taxonomy":"category","embeddable":true,"href":"https:\/\/www.eldiariodetucuman.com\/web\/wp-json\/wp\/v2\/categories?post=47530"},{"taxonomy":"post_tag","embeddable":true,"href":"https:\/\/www.eldiariodetucuman.com\/web\/wp-json\/wp\/v2\/tags?post=47530"}],"curies":[{"name":"wp","href":"https:\/\/api.w.org\/{rel}","templated":true}]}}