{"id":47526,"date":"2026-04-29T13:32:33","date_gmt":"2026-04-29T16:32:33","guid":{"rendered":"https:\/\/www.eldiariodetucuman.com\/web\/tucuman-fortalece-el-trabajo-emprendedor-con-una-inversion-de-mas-de-85-millones\/"},"modified":"2026-04-29T13:32:33","modified_gmt":"2026-04-29T16:32:33","slug":"tucuman-fortalece-el-trabajo-emprendedor-con-una-inversion-de-mas-de-85-millones","status":"publish","type":"post","link":"https:\/\/www.eldiariodetucuman.com\/web\/tucuman-fortalece-el-trabajo-emprendedor-con-una-inversion-de-mas-de-85-millones\/","title":{"rendered":"Tucum\u00e1n fortalece el trabajo emprendedor con una inversi\u00f3n de m\u00e1s de $85 millones"},"content":{"rendered":"<p><\/p>\n<p id=\"isPasted\">El gobernador <strong>Osvaldo Jaldo <\/strong>encabez\u00f3 este mi\u00e9rcoles un nuevo acto de entrega de herramientas y desembolso de microcr\u00e9ditos destinados a fortalecer el desarrollo productivo, comercial y de servicios en todo el territorio provincial. La iniciativa forma parte de una pol\u00edtica p\u00fablica orientada a acompa\u00f1ar a emprendedores y emprendedoras, promoviendo la inclusi\u00f3n y la generaci\u00f3n de empleo genuino.<\/p>\n<p><strong>En total, 118 emprendedores fueron beneficiados con microcr\u00e9ditos por un monto de $22 millones. Asimismo, 36 unidades productivas recibir\u00e1n equipamiento y herramientas mediante una inversi\u00f3n cercana a $63.320.000 alcanzando a 154 familias de 25 localidades de la provincia. En conjunto, la inversi\u00f3n total asciende a $85.320.000.<\/strong><strong\/><\/p>\n<p>En ese marco, la Provincia, a trav\u00e9s del Ministerio de Desarrollo Social reafirm\u00f3 la decisi\u00f3n de sostener estas iniciativas con fondos 100% provinciales, con el objetivo de equilibrar las condiciones de acceso al cr\u00e9dito y fortalecer a quienes impulsan la econom\u00eda en sus hogares.\u00a0<\/p>\n<\/p>\n<p>Durante el acto, Jaldo se refiri\u00f3 al contexto econ\u00f3mico actual y destac\u00f3 el rol clave de los emprendedores en tiempos de crisis. \u201cEstamos viviendo momentos complejos a nivel mundial y en una Argentina que tiene problemas, en la que todos los d\u00edas nos dan explicaciones de la macroeconom\u00eda que no termina de funcionar o que la inflaci\u00f3n va a bajar, que ya se va a reactivar el consumo. Mientras tanto, en el medio hay gente que sufre, que no tiene trabajo, que no tiene ingresos y que debe sostener a sus hijos\u201d, expres\u00f3.<\/p>\n<p>En esa l\u00ednea, el mandatario provincial valor\u00f3 el esfuerzo de quienes apuestan al trabajo independiente: \u201cYo los valoro a ustedes, los emprendedores, que seguro tienen problemas, pero que no se quedan en la casa de brazos cruzados, sino que salen a buscar una soluci\u00f3n. Eso es lo que hay que hacer en momentos dif\u00edciles: todos tenemos que empujar para el mismo lado\u201d.<\/p>\n<p>Finalmente, resalt\u00f3 el trabajo articulado con los gobiernos locales: \u201cTenemos un gran equipo de intendentes y comisionados comunales que nos ayudan a entender la problem\u00e1tica de la gente\u201d, concluy\u00f3.<\/p>\n<p>Estuvieron presentes en el sal\u00f3n Blanco, el ministro de Desarrollo Social, <strong>Federido Masso; <\/strong>el ministro de Gobierno y Justicia,<strong> Regino Amado<\/strong>; secretaria de Articulaci\u00f3n Territorial y Desarrollo Social,<strong> Josefina Z\u00e1rate<\/strong>; legilador<strong> Ernesto Gomez Rossi,<\/strong> los intendentes <strong>Gabriela Rodr\u00edguez<\/strong> (La Cocha), <strong>Antonio Moreno <\/strong>(Trancas), <strong>Marta Najar<\/strong> (Las Talitas), <strong>Gimena Mansilla <\/strong>(Aguilares),<strong> Graciela Guti\u00e9rrez<\/strong> (Alderetes)<strong>, Elvio Salazar <\/strong>(Simoca), secretarios y subsecretarios de Estado, comisionados comunales, el director de Econom\u00eda Social y Solidaria, <strong>Marcelo Romero;<\/strong> la subdirectora de Gesti\u00f3n de Microcr\u00e9ditos, <strong>Marisa Fern\u00e1ndez; <\/strong>y autoridades del Consorcio de Gesti\u00f3n para el Desarrollo Local, emprendedores.<\/p>\n<\/p>\n<p>El titular de la cartera Social expres\u00f3: \u201cMuy contento porque como lo hemos planteado junto al gobernador Osvaldo Jaldo, hoy m\u00e1s de 154 emprendedores reciban su cr\u00e9dito de microcr\u00e9dito y otros a trav\u00e9s del Banco de Herramientas, los insumos y maquinarias necesarias para seguir trabajando\u201d.<\/p>\n<p>El funcionario se\u00f1al\u00f3 que las medidas buscan sostener la actividad productiva en un contexto complejo: \u201cEn estos tiempos que corren, que son muy dif\u00edciles, que se habla mucho de la macroeconom\u00eda, pero que no impacta todav\u00eda en las grandes necesidades que tienen cientos de miles de tucumanos, hay un gobierno presente\u201d.<\/p>\n<p>En ese sentido, remarc\u00f3 el destino de los recursos p\u00fablicos: \u201cLos recursos del estado provincial van destinados a los sectores m\u00e1s postergados, porque qu\u00e9 mejor cuidar el trabajo de estos emprendedores que, sumado a miles que trabajan en distintos puntos de la provincia, nos posibilitan en un momento tan dif\u00edcil generar trabajo\u201d.<\/p>\n<p>El ministro destac\u00f3 adem\u00e1s el alcance territorial del programa a la totalidad de las localidades y ciudades de la provincia de Tucum\u00e1n.\u00a0<\/p>\n<p>Respecto al funcionamiento del sistema de microcr\u00e9ditos, subray\u00f3 el nivel de cumplimiento de los beneficiarios: \u201cContamos con un grupo de emprendedores que cumplen pr\u00e1cticamente en un 98% y eso nos permite poder seguir beneficiando a nuevos emprendedores\u201d.<\/p>\n<p><strong>Finalmente, Masso inform\u00f3 que quienes deseen acceder a estas herramientas pueden dirigirse los d\u00edas viernes a la Direcci\u00f3n de Econom\u00eda Social, ubicada en el Predio Ferial Norte, donde se brinda asesoramiento t\u00e9cnico sobre la viabilidad de los proyectos. Tambi\u00e9n anticip\u00f3 que en menos de 60 d\u00edas se concretar\u00e1 una segunda entrega correspondiente al a\u00f1o 2026.<\/strong><\/p>\n<p><strong><\/strong><\/p>\n<p>La intendenta de Aguilares, Gimena Mansilla, destac\u00f3 el impacto de la iniciativa en su comunidad, en un contexto econ\u00f3mico complejo y tras los efectos de las recientes inclemencias clim\u00e1ticas. \u201cLa verdad que una gesti\u00f3n muy importante para nuestro municipio y para los beneficiados que son de nuestro municipio porque genera una esperanza de mejorar su situaci\u00f3n econ\u00f3mica y su econom\u00eda familiar\u201d, expres\u00f3.<\/p>\n<p>En ese sentido, remarc\u00f3 que una de las beneficiarias de su ciudad atraves\u00f3 situaciones vinculadas a las inundaciones registradas en los \u00faltimos meses y valor\u00f3 la inclusi\u00f3n de vecinos en el programa. \u201cAguilares fue una de las ciudades que fue m\u00e1s afectadas por las condiciones clim\u00e1ticas, y que haya sido beneficiada alguien de nuestra ciudad que haya atravesado esa situaci\u00f3n, creo que es muy valorable\u201d, indic\u00f3.<\/p>\n<p>Asimismo, destac\u00f3 el rol del Estado provincial en la implementaci\u00f3n de estas pol\u00edticas. \u201cCelebramos que nuestro gobernador siga con estas iniciativas, celebramos que el Ministro de Desarrollo Social haya creado estos microcr\u00e9ditos que permiten mejorar la situaci\u00f3n y la calidad de vida de los vecinos\u201d, afirm\u00f3.<\/p>\n<p>Por \u00faltimo, la intendenta sostuvo la importancia de la continuidad de estas acciones: \u201cCelebramos, sobre todo, que nuestro gobernador tenga bien en claro que el estado tiene que estar presente. Esto es la muestra de eso, no tan solo de los microcr\u00e9ditos, sino tambi\u00e9n de los productos que son entregados a los vecinos de esta provincia\u201d.<\/p>\n<p>El intendente de Trancas, Antonio Moreno, por su parte, destac\u00f3 el mensaje institucional vinculado al acompa\u00f1amiento del Estado a los sectores productivos. \u201cEl mensaje que se da es que seguir apostando al trabajo, al microemprendimiento, es fundamental. Es una c\u00e9lula de trabajo fundamental para la salud de la producci\u00f3n de la provincia\u201d, expres\u00f3.<\/p>\n<p>En ese sentido, remarc\u00f3 la importancia de las pol\u00edticas p\u00fablicas orientadas al desarrollo de la econom\u00eda familiar. \u201cCuando en otros lugares te hablan de macroeconom\u00eda, nosotros ac\u00e1 estamos viendo por el individuo, por la familia, por la posibilidad de que las personas que son emprendedores, que siguen apostando al futuro de su provincia, tengan las herramientas, cuenten con los medios que el gobierno de la provincia le da para seguir generando trabajo, para seguir fortaleciendo la econom\u00eda o la microeconom\u00eda, y, por supuesto, apostando al futuro\u201d, sostuvo.<\/p>\n<p>Moreno subray\u00f3 adem\u00e1s el impacto de estas acciones en la comunidad y el valor del acompa\u00f1amiento estatal. \u201cTiene un impacto muy positivo, no tan solo en lo operativo, en lo pr\u00e1ctico, sino tambi\u00e9n en lo que se pretende transmitir desde el gobierno al lado de la gente, un gobierno presente\u201d, concluy\u00f3.<\/p>\n<p>A su turno, la secretaria de Articulaci\u00f3n Territorial y Desarrollo Social, Josefina Z\u00e1rate, destac\u00f3 la continuidad de estas pol\u00edticas p\u00fablicas y su impacto en el entramado productivo local. \u201cHoy estamos haciendo entrega de herramientas y microcr\u00e9ditos, una pol\u00edtica prioritaria que lleva adelante el Gobierno de la Provincia, impulsada por el gobernador Osvaldo Jaldo, acompa\u00f1ando a las familias emprendedoras de toda la provincia\u201d, afirm\u00f3.<\/p>\n<p>Asimismo, subray\u00f3 el origen de los fondos y el trabajo conjunto con los municipios y comunas: \u201cEs una inversi\u00f3n que se hace completamente con fondos provinciales. Esto lo hacemos en articulaci\u00f3n con gobiernos locales y reciben emprendedores de toda la provincia\u201d.<\/p>\n<p>Z\u00e1rate tambi\u00e9n puso en valor el acompa\u00f1amiento integral que se brinda a los beneficiarios: \u201cLa verdad que es muy importante la inversi\u00f3n que se hace, y no solo la entrega de herramientas y microcr\u00e9ditos, sino tambi\u00e9n el acompa\u00f1amiento que se hace a cada emprendedor desde el \u00e1rea de econom\u00eda social y desde microcr\u00e9dito, con capacitaciones y asesoramiento\u201d.<\/p>\n<p>Finalmente, remarc\u00f3 la importancia estrat\u00e9gica de este tipo de iniciativas: \u201cEs\u00a0fundamental esta pol\u00edtica p\u00fablica para incentivar el empleo y la producci\u00f3n en nuestra provincia\u201d.<\/p>\n<p><strong>Beneficiarios<\/strong><\/p>\n<p>El vecino de Amaicha, <strong>\u00c1lvaro Guzm\u00e1n\u00a0<\/strong>(34 a\u00f1os), due\u00f1o de Construcciones Guzm\u00e1n, cont\u00f3 que recibi\u00f3 una m\u00e1quina hormigonera y herramientas de alba\u00f1iler\u00eda. Cont\u00f3 que con esto podr\u00e1 mejorar sus servicios y que con su labor podr\u00e1 mejorar la calidad de vida de su familia.<\/p>\n<p><strong>Ivana<\/strong>, una joven que lleva adelante un negocio de pasteler\u00eda, declar\u00f3 que estos microcr\u00e9ditos son una gran oportunidad para desarrollar sus \u00a0emprendimientos con nuevo equipamiento. La joven de El Naranjo, Burruyac\u00fa, que est\u00e1 casada y tiene una hija, cont\u00f3 que este emprendimiento le asegur\u00f3 generar su propio empleo, gracias al apoyo de sus vecinos que son sus principales clientes.\u00a0<\/p>\n<p>Una emprendedora bande\u00f1a, que lleva adelante un negocio de comidas saludables, dijo que recibir\u00e1 un microcr\u00e9dito que le permitir\u00e1 comprar equipamiento e insumos a la vez que valor\u00f3 las capacitaciones: \u201chace 20 a\u00f1os que realizo esta labor que posibilita mejorar la salud de muchas personas con distintas afecciones de salud\u201d.\u00a0<\/p>\n<p>La vecina de Alderetes, mam\u00e1 soltera con cuatro hijos,<strong> Ver\u00f3nica Ram\u00edrez<\/strong>, de 36 a\u00f1os, emprendedora textil, dijo que recibir\u00e1 una m\u00e1quina de costura y otros insumos para mejorar el equipamiento de un taller que s\u00f3lo ten\u00eda dispositivos de uso hogare\u00f1o y que esto le permitir\u00e1 desarrollar prendas en cantidad para abastecer a escuelas cercanas a su vivienda.<\/p>\n<\/p>\n<p>Fuente: <a href=\"https:\/\/www.comunicaciontucuman.gob.ar\/noticia\/gobernacion\/240832\/tucuman-fortalece-trabajo-emprendedor-inversion-mas-85-millones\"> Fuente de la nota <\/a><\/p>\n","protected":false},"excerpt":{"rendered":"<p>El gobernador Osvaldo Jaldo encabez\u00f3 este mi\u00e9rcoles un nuevo acto de entrega de herramientas y desembolso de microcr\u00e9ditos destinados a fortalecer el desarrollo productivo, comercial y de servicios en todo el territorio provincial. La iniciativa forma parte de una pol\u00edtica p\u00fablica orientada a acompa\u00f1ar a emprendedores y emprendedoras, promoviendo la inclusi\u00f3n y la generaci\u00f3n de [&hellip;]<\/p>\n","protected":false},"author":1,"featured_media":47527,"comment_status":"closed","ping_status":"open","sticky":false,"template":"","format":"standard","meta":{"footnotes":""},"categories":[3],"tags":[],"class_list":{"0":"post-47526","1":"post","2":"type-post","3":"status-publish","4":"format-standard","5":"has-post-thumbnail","7":"category-politica"},"yoast_head":"<!-- This site is optimized with the Yoast SEO plugin v27.5 - https:\/\/yoast.com\/product\/yoast-seo-wordpress\/ -->\n<title>Tucum\u00e1n fortalece el trabajo emprendedor con una inversi\u00f3n de m\u00e1s de $85 millones - El Diario de Tucuman<\/title>\n<meta name=\"robots\" content=\"index, follow, max-snippet:-1, max-image-preview:large, max-video-preview:-1\" \/>\n<link rel=\"canonical\" href=\"https:\/\/www.eldiariodetucuman.com\/web\/tucuman-fortalece-el-trabajo-emprendedor-con-una-inversion-de-mas-de-85-millones\/\" \/>\n<meta property=\"og:locale\" content=\"es_ES\" \/>\n<meta property=\"og:type\" content=\"article\" \/>\n<meta property=\"og:title\" content=\"Tucum\u00e1n fortalece el trabajo emprendedor con una inversi\u00f3n de m\u00e1s de $85 millones - El Diario de Tucuman\" \/>\n<meta property=\"og:description\" content=\"El gobernador Osvaldo Jaldo encabez\u00f3 este mi\u00e9rcoles un nuevo acto de entrega de herramientas y desembolso de microcr\u00e9ditos destinados a fortalecer el desarrollo productivo, comercial y de servicios en todo el territorio provincial. La iniciativa forma parte de una pol\u00edtica p\u00fablica orientada a acompa\u00f1ar a emprendedores y emprendedoras, promoviendo la inclusi\u00f3n y la generaci\u00f3n de [&hellip;]\" \/>\n<meta property=\"og:url\" content=\"https:\/\/www.eldiariodetucuman.com\/web\/tucuman-fortalece-el-trabajo-emprendedor-con-una-inversion-de-mas-de-85-millones\/\" \/>\n<meta property=\"og:site_name\" content=\"El Diario de Tucuman\" \/>\n<meta property=\"article:published_time\" content=\"2026-04-29T16:32:33+00:00\" \/>\n<meta name=\"author\" content=\"admin\" \/>\n<meta name=\"twitter:card\" content=\"summary_large_image\" \/>\n<meta name=\"twitter:label1\" content=\"Escrito por\" \/>\n\t<meta name=\"twitter:data1\" content=\"admin\" \/>\n\t<meta name=\"twitter:label2\" content=\"Tiempo de lectura\" \/>\n\t<meta name=\"twitter:data2\" content=\"8 minutos\" \/>\n<script type=\"application\/ld+json\" class=\"yoast-schema-graph\">{\"@context\":\"https:\\\/\\\/schema.org\",\"@graph\":[{\"@type\":\"Article\",\"@id\":\"https:\\\/\\\/www.eldiariodetucuman.com\\\/web\\\/tucuman-fortalece-el-trabajo-emprendedor-con-una-inversion-de-mas-de-85-millones\\\/#article\",\"isPartOf\":{\"@id\":\"https:\\\/\\\/www.eldiariodetucuman.com\\\/web\\\/tucuman-fortalece-el-trabajo-emprendedor-con-una-inversion-de-mas-de-85-millones\\\/\"},\"author\":{\"name\":\"admin\",\"@id\":\"https:\\\/\\\/www.eldiariodetucuman.com\\\/web\\\/#\\\/schema\\\/person\\\/9250197d75ab5483412e19678b121caa\"},\"headline\":\"Tucum\u00e1n fortalece el trabajo emprendedor con una inversi\u00f3n de m\u00e1s de $85 millones\",\"datePublished\":\"2026-04-29T16:32:33+00:00\",\"mainEntityOfPage\":{\"@id\":\"https:\\\/\\\/www.eldiariodetucuman.com\\\/web\\\/tucuman-fortalece-el-trabajo-emprendedor-con-una-inversion-de-mas-de-85-millones\\\/\"},\"wordCount\":1632,\"publisher\":{\"@id\":\"https:\\\/\\\/www.eldiariodetucuman.com\\\/web\\\/#organization\"},\"image\":{\"@id\":\"https:\\\/\\\/www.eldiariodetucuman.com\\\/web\\\/tucuman-fortalece-el-trabajo-emprendedor-con-una-inversion-de-mas-de-85-millones\\\/#primaryimage\"},\"thumbnailUrl\":\"https:\\\/\\\/www.eldiariodetucuman.com\\\/web\\\/wp-content\\\/uploads\\\/2026\\\/04\\\/Tucuman-fortalece-el-trabajo-emprendedor-con-una-inversion-de-mas.jpeg\",\"articleSection\":[\"Politica\"],\"inLanguage\":\"es\"},{\"@type\":\"WebPage\",\"@id\":\"https:\\\/\\\/www.eldiariodetucuman.com\\\/web\\\/tucuman-fortalece-el-trabajo-emprendedor-con-una-inversion-de-mas-de-85-millones\\\/\",\"url\":\"https:\\\/\\\/www.eldiariodetucuman.com\\\/web\\\/tucuman-fortalece-el-trabajo-emprendedor-con-una-inversion-de-mas-de-85-millones\\\/\",\"name\":\"Tucum\u00e1n fortalece el trabajo emprendedor con una inversi\u00f3n de m\u00e1s de $85 millones - El Diario de Tucuman\",\"isPartOf\":{\"@id\":\"https:\\\/\\\/www.eldiariodetucuman.com\\\/web\\\/#website\"},\"primaryImageOfPage\":{\"@id\":\"https:\\\/\\\/www.eldiariodetucuman.com\\\/web\\\/tucuman-fortalece-el-trabajo-emprendedor-con-una-inversion-de-mas-de-85-millones\\\/#primaryimage\"},\"image\":{\"@id\":\"https:\\\/\\\/www.eldiariodetucuman.com\\\/web\\\/tucuman-fortalece-el-trabajo-emprendedor-con-una-inversion-de-mas-de-85-millones\\\/#primaryimage\"},\"thumbnailUrl\":\"https:\\\/\\\/www.eldiariodetucuman.com\\\/web\\\/wp-content\\\/uploads\\\/2026\\\/04\\\/Tucuman-fortalece-el-trabajo-emprendedor-con-una-inversion-de-mas.jpeg\",\"datePublished\":\"2026-04-29T16:32:33+00:00\",\"breadcrumb\":{\"@id\":\"https:\\\/\\\/www.eldiariodetucuman.com\\\/web\\\/tucuman-fortalece-el-trabajo-emprendedor-con-una-inversion-de-mas-de-85-millones\\\/#breadcrumb\"},\"inLanguage\":\"es\",\"potentialAction\":[{\"@type\":\"ReadAction\",\"target\":[\"https:\\\/\\\/www.eldiariodetucuman.com\\\/web\\\/tucuman-fortalece-el-trabajo-emprendedor-con-una-inversion-de-mas-de-85-millones\\\/\"]}]},{\"@type\":\"ImageObject\",\"inLanguage\":\"es\",\"@id\":\"https:\\\/\\\/www.eldiariodetucuman.com\\\/web\\\/tucuman-fortalece-el-trabajo-emprendedor-con-una-inversion-de-mas-de-85-millones\\\/#primaryimage\",\"url\":\"https:\\\/\\\/www.eldiariodetucuman.com\\\/web\\\/wp-content\\\/uploads\\\/2026\\\/04\\\/Tucuman-fortalece-el-trabajo-emprendedor-con-una-inversion-de-mas.jpeg\",\"contentUrl\":\"https:\\\/\\\/www.eldiariodetucuman.com\\\/web\\\/wp-content\\\/uploads\\\/2026\\\/04\\\/Tucuman-fortalece-el-trabajo-emprendedor-con-una-inversion-de-mas.jpeg\",\"width\":818,\"height\":460},{\"@type\":\"BreadcrumbList\",\"@id\":\"https:\\\/\\\/www.eldiariodetucuman.com\\\/web\\\/tucuman-fortalece-el-trabajo-emprendedor-con-una-inversion-de-mas-de-85-millones\\\/#breadcrumb\",\"itemListElement\":[{\"@type\":\"ListItem\",\"position\":1,\"name\":\"Portada\",\"item\":\"https:\\\/\\\/www.eldiariodetucuman.com\\\/web\\\/\"},{\"@type\":\"ListItem\",\"position\":2,\"name\":\"Tucum\u00e1n fortalece el trabajo emprendedor con una inversi\u00f3n de m\u00e1s de $85 millones\"}]},{\"@type\":\"WebSite\",\"@id\":\"https:\\\/\\\/www.eldiariodetucuman.com\\\/web\\\/#website\",\"url\":\"https:\\\/\\\/www.eldiariodetucuman.com\\\/web\\\/\",\"name\":\"El Diario de Tucuman\",\"description\":\"Diario Tucuman - Informaci\u00f3n y noticias\",\"publisher\":{\"@id\":\"https:\\\/\\\/www.eldiariodetucuman.com\\\/web\\\/#organization\"},\"potentialAction\":[{\"@type\":\"SearchAction\",\"target\":{\"@type\":\"EntryPoint\",\"urlTemplate\":\"https:\\\/\\\/www.eldiariodetucuman.com\\\/web\\\/?s={search_term_string}\"},\"query-input\":{\"@type\":\"PropertyValueSpecification\",\"valueRequired\":true,\"valueName\":\"search_term_string\"}}],\"inLanguage\":\"es\"},{\"@type\":\"Organization\",\"@id\":\"https:\\\/\\\/www.eldiariodetucuman.com\\\/web\\\/#organization\",\"name\":\"El Diario de Tucuman\",\"url\":\"https:\\\/\\\/www.eldiariodetucuman.com\\\/web\\\/\",\"logo\":{\"@type\":\"ImageObject\",\"inLanguage\":\"es\",\"@id\":\"https:\\\/\\\/www.eldiariodetucuman.com\\\/web\\\/#\\\/schema\\\/logo\\\/image\\\/\",\"url\":\"http:\\\/\\\/www.eldiariodetucuman.com\\\/web\\\/wp-content\\\/uploads\\\/2017\\\/12\\\/el-diario-de-tucuman.jpg\",\"contentUrl\":\"http:\\\/\\\/www.eldiariodetucuman.com\\\/web\\\/wp-content\\\/uploads\\\/2017\\\/12\\\/el-diario-de-tucuman.jpg\",\"width\":272,\"height\":92,\"caption\":\"El Diario de Tucuman\"},\"image\":{\"@id\":\"https:\\\/\\\/www.eldiariodetucuman.com\\\/web\\\/#\\\/schema\\\/logo\\\/image\\\/\"}},{\"@type\":\"Person\",\"@id\":\"https:\\\/\\\/www.eldiariodetucuman.com\\\/web\\\/#\\\/schema\\\/person\\\/9250197d75ab5483412e19678b121caa\",\"name\":\"admin\",\"image\":{\"@type\":\"ImageObject\",\"inLanguage\":\"es\",\"@id\":\"https:\\\/\\\/secure.gravatar.com\\\/avatar\\\/c44d117c2be811212c22cb481f6b8384b6873de103fbc49e7a03cc58d7dea4ac?s=96&d=mm&r=g\",\"url\":\"https:\\\/\\\/secure.gravatar.com\\\/avatar\\\/c44d117c2be811212c22cb481f6b8384b6873de103fbc49e7a03cc58d7dea4ac?s=96&d=mm&r=g\",\"contentUrl\":\"https:\\\/\\\/secure.gravatar.com\\\/avatar\\\/c44d117c2be811212c22cb481f6b8384b6873de103fbc49e7a03cc58d7dea4ac?s=96&d=mm&r=g\",\"caption\":\"admin\"},\"url\":\"https:\\\/\\\/www.eldiariodetucuman.com\\\/web\\\/author\\\/admin\\\/\"}]}<\/script>\n<!-- \/ Yoast SEO plugin. -->","yoast_head_json":{"title":"Tucum\u00e1n fortalece el trabajo emprendedor con una inversi\u00f3n de m\u00e1s de $85 millones - El Diario de Tucuman","robots":{"index":"index","follow":"follow","max-snippet":"max-snippet:-1","max-image-preview":"max-image-preview:large","max-video-preview":"max-video-preview:-1"},"canonical":"https:\/\/www.eldiariodetucuman.com\/web\/tucuman-fortalece-el-trabajo-emprendedor-con-una-inversion-de-mas-de-85-millones\/","og_locale":"es_ES","og_type":"article","og_title":"Tucum\u00e1n fortalece el trabajo emprendedor con una inversi\u00f3n de m\u00e1s de $85 millones - El Diario de Tucuman","og_description":"El gobernador Osvaldo Jaldo encabez\u00f3 este mi\u00e9rcoles un nuevo acto de entrega de herramientas y desembolso de microcr\u00e9ditos destinados a fortalecer el desarrollo productivo, comercial y de servicios en todo el territorio provincial. La iniciativa forma parte de una pol\u00edtica p\u00fablica orientada a acompa\u00f1ar a emprendedores y emprendedoras, promoviendo la inclusi\u00f3n y la generaci\u00f3n de [&hellip;]","og_url":"https:\/\/www.eldiariodetucuman.com\/web\/tucuman-fortalece-el-trabajo-emprendedor-con-una-inversion-de-mas-de-85-millones\/","og_site_name":"El Diario de Tucuman","article_published_time":"2026-04-29T16:32:33+00:00","author":"admin","twitter_card":"summary_large_image","twitter_misc":{"Escrito por":"admin","Tiempo de lectura":"8 minutos"},"schema":{"@context":"https:\/\/schema.org","@graph":[{"@type":"Article","@id":"https:\/\/www.eldiariodetucuman.com\/web\/tucuman-fortalece-el-trabajo-emprendedor-con-una-inversion-de-mas-de-85-millones\/#article","isPartOf":{"@id":"https:\/\/www.eldiariodetucuman.com\/web\/tucuman-fortalece-el-trabajo-emprendedor-con-una-inversion-de-mas-de-85-millones\/"},"author":{"name":"admin","@id":"https:\/\/www.eldiariodetucuman.com\/web\/#\/schema\/person\/9250197d75ab5483412e19678b121caa"},"headline":"Tucum\u00e1n fortalece el trabajo emprendedor con una inversi\u00f3n de m\u00e1s de $85 millones","datePublished":"2026-04-29T16:32:33+00:00","mainEntityOfPage":{"@id":"https:\/\/www.eldiariodetucuman.com\/web\/tucuman-fortalece-el-trabajo-emprendedor-con-una-inversion-de-mas-de-85-millones\/"},"wordCount":1632,"publisher":{"@id":"https:\/\/www.eldiariodetucuman.com\/web\/#organization"},"image":{"@id":"https:\/\/www.eldiariodetucuman.com\/web\/tucuman-fortalece-el-trabajo-emprendedor-con-una-inversion-de-mas-de-85-millones\/#primaryimage"},"thumbnailUrl":"https:\/\/www.eldiariodetucuman.com\/web\/wp-content\/uploads\/2026\/04\/Tucuman-fortalece-el-trabajo-emprendedor-con-una-inversion-de-mas.jpeg","articleSection":["Politica"],"inLanguage":"es"},{"@type":"WebPage","@id":"https:\/\/www.eldiariodetucuman.com\/web\/tucuman-fortalece-el-trabajo-emprendedor-con-una-inversion-de-mas-de-85-millones\/","url":"https:\/\/www.eldiariodetucuman.com\/web\/tucuman-fortalece-el-trabajo-emprendedor-con-una-inversion-de-mas-de-85-millones\/","name":"Tucum\u00e1n fortalece el trabajo emprendedor con una inversi\u00f3n de m\u00e1s de $85 millones - El Diario de Tucuman","isPartOf":{"@id":"https:\/\/www.eldiariodetucuman.com\/web\/#website"},"primaryImageOfPage":{"@id":"https:\/\/www.eldiariodetucuman.com\/web\/tucuman-fortalece-el-trabajo-emprendedor-con-una-inversion-de-mas-de-85-millones\/#primaryimage"},"image":{"@id":"https:\/\/www.eldiariodetucuman.com\/web\/tucuman-fortalece-el-trabajo-emprendedor-con-una-inversion-de-mas-de-85-millones\/#primaryimage"},"thumbnailUrl":"https:\/\/www.eldiariodetucuman.com\/web\/wp-content\/uploads\/2026\/04\/Tucuman-fortalece-el-trabajo-emprendedor-con-una-inversion-de-mas.jpeg","datePublished":"2026-04-29T16:32:33+00:00","breadcrumb":{"@id":"https:\/\/www.eldiariodetucuman.com\/web\/tucuman-fortalece-el-trabajo-emprendedor-con-una-inversion-de-mas-de-85-millones\/#breadcrumb"},"inLanguage":"es","potentialAction":[{"@type":"ReadAction","target":["https:\/\/www.eldiariodetucuman.com\/web\/tucuman-fortalece-el-trabajo-emprendedor-con-una-inversion-de-mas-de-85-millones\/"]}]},{"@type":"ImageObject","inLanguage":"es","@id":"https:\/\/www.eldiariodetucuman.com\/web\/tucuman-fortalece-el-trabajo-emprendedor-con-una-inversion-de-mas-de-85-millones\/#primaryimage","url":"https:\/\/www.eldiariodetucuman.com\/web\/wp-content\/uploads\/2026\/04\/Tucuman-fortalece-el-trabajo-emprendedor-con-una-inversion-de-mas.jpeg","contentUrl":"https:\/\/www.eldiariodetucuman.com\/web\/wp-content\/uploads\/2026\/04\/Tucuman-fortalece-el-trabajo-emprendedor-con-una-inversion-de-mas.jpeg","width":818,"height":460},{"@type":"BreadcrumbList","@id":"https:\/\/www.eldiariodetucuman.com\/web\/tucuman-fortalece-el-trabajo-emprendedor-con-una-inversion-de-mas-de-85-millones\/#breadcrumb","itemListElement":[{"@type":"ListItem","position":1,"name":"Portada","item":"https:\/\/www.eldiariodetucuman.com\/web\/"},{"@type":"ListItem","position":2,"name":"Tucum\u00e1n fortalece el trabajo emprendedor con una inversi\u00f3n de m\u00e1s de $85 millones"}]},{"@type":"WebSite","@id":"https:\/\/www.eldiariodetucuman.com\/web\/#website","url":"https:\/\/www.eldiariodetucuman.com\/web\/","name":"El Diario de Tucuman","description":"Diario Tucuman - Informaci\u00f3n y noticias","publisher":{"@id":"https:\/\/www.eldiariodetucuman.com\/web\/#organization"},"potentialAction":[{"@type":"SearchAction","target":{"@type":"EntryPoint","urlTemplate":"https:\/\/www.eldiariodetucuman.com\/web\/?s={search_term_string}"},"query-input":{"@type":"PropertyValueSpecification","valueRequired":true,"valueName":"search_term_string"}}],"inLanguage":"es"},{"@type":"Organization","@id":"https:\/\/www.eldiariodetucuman.com\/web\/#organization","name":"El Diario de Tucuman","url":"https:\/\/www.eldiariodetucuman.com\/web\/","logo":{"@type":"ImageObject","inLanguage":"es","@id":"https:\/\/www.eldiariodetucuman.com\/web\/#\/schema\/logo\/image\/","url":"http:\/\/www.eldiariodetucuman.com\/web\/wp-content\/uploads\/2017\/12\/el-diario-de-tucuman.jpg","contentUrl":"http:\/\/www.eldiariodetucuman.com\/web\/wp-content\/uploads\/2017\/12\/el-diario-de-tucuman.jpg","width":272,"height":92,"caption":"El Diario de Tucuman"},"image":{"@id":"https:\/\/www.eldiariodetucuman.com\/web\/#\/schema\/logo\/image\/"}},{"@type":"Person","@id":"https:\/\/www.eldiariodetucuman.com\/web\/#\/schema\/person\/9250197d75ab5483412e19678b121caa","name":"admin","image":{"@type":"ImageObject","inLanguage":"es","@id":"https:\/\/secure.gravatar.com\/avatar\/c44d117c2be811212c22cb481f6b8384b6873de103fbc49e7a03cc58d7dea4ac?s=96&d=mm&r=g","url":"https:\/\/secure.gravatar.com\/avatar\/c44d117c2be811212c22cb481f6b8384b6873de103fbc49e7a03cc58d7dea4ac?s=96&d=mm&r=g","contentUrl":"https:\/\/secure.gravatar.com\/avatar\/c44d117c2be811212c22cb481f6b8384b6873de103fbc49e7a03cc58d7dea4ac?s=96&d=mm&r=g","caption":"admin"},"url":"https:\/\/www.eldiariodetucuman.com\/web\/author\/admin\/"}]}},"_links":{"self":[{"href":"https:\/\/www.eldiariodetucuman.com\/web\/wp-json\/wp\/v2\/posts\/47526","targetHints":{"allow":["GET"]}}],"collection":[{"href":"https:\/\/www.eldiariodetucuman.com\/web\/wp-json\/wp\/v2\/posts"}],"about":[{"href":"https:\/\/www.eldiariodetucuman.com\/web\/wp-json\/wp\/v2\/types\/post"}],"author":[{"embeddable":true,"href":"https:\/\/www.eldiariodetucuman.com\/web\/wp-json\/wp\/v2\/users\/1"}],"replies":[{"embeddable":true,"href":"https:\/\/www.eldiariodetucuman.com\/web\/wp-json\/wp\/v2\/comments?post=47526"}],"version-history":[{"count":0,"href":"https:\/\/www.eldiariodetucuman.com\/web\/wp-json\/wp\/v2\/posts\/47526\/revisions"}],"wp:featuredmedia":[{"embeddable":true,"href":"https:\/\/www.eldiariodetucuman.com\/web\/wp-json\/wp\/v2\/media\/47527"}],"wp:attachment":[{"href":"https:\/\/www.eldiariodetucuman.com\/web\/wp-json\/wp\/v2\/media?parent=47526"}],"wp:term":[{"taxonomy":"category","embeddable":true,"href":"https:\/\/www.eldiariodetucuman.com\/web\/wp-json\/wp\/v2\/categories?post=47526"},{"taxonomy":"post_tag","embeddable":true,"href":"https:\/\/www.eldiariodetucuman.com\/web\/wp-json\/wp\/v2\/tags?post=47526"}],"curies":[{"name":"wp","href":"https:\/\/api.w.org\/{rel}","templated":true}]}}