{"id":47524,"date":"2026-04-29T13:24:42","date_gmt":"2026-04-29T16:24:42","guid":{"rendered":"https:\/\/www.eldiariodetucuman.com\/web\/todo-sobre-atletico-de-madrid-vs-arsenal\/"},"modified":"2026-04-29T13:24:42","modified_gmt":"2026-04-29T16:24:42","slug":"todo-sobre-atletico-de-madrid-vs-arsenal","status":"publish","type":"post","link":"https:\/\/www.eldiariodetucuman.com\/web\/todo-sobre-atletico-de-madrid-vs-arsenal\/","title":{"rendered":"todo sobre Atl\u00e9tico de Madrid vs. Arsenal"},"content":{"rendered":"<p>    <\/p>\n<p id=\"p-1777477510678-12624\"><strong>El ganador de la serie se medir\u00e1 ante el vencedor de PSG-Bayern M\u00fanich en la final.<\/strong><\/p>\n<p id=\"p-1777477026167-72971\"><strong> Atl\u00e9tico de Madrid <\/strong>viene de eliminar a Barcelona en una serie muy entretenida: la ida gan\u00f3 2-0 en el Camp Nou y la vuelta la perdi\u00f3 2-1 de local, pero el gol de Ademola Lookman en el Wanda Metropolitano le dio el pase a las semifinales, luego de 180 minutos apasionantes.<\/p>\n<p>Mientras que <strong>Arsenal<\/strong> ingl\u00e9s, pas\u00f3 a Sporting Lisboa en Portugal 1-0 con un gol de Kai Havertz sobre la hora, mientras que la vuelta fue un p\u00e1lido empate sin goles. El 1-0 global le permiti\u00f3 al Arsenal clasificarse a las semifinales.<\/p>\n<p> image   <\/p>\n<h2 id=\"p-1777477232674-80476\">La probable formaci\u00f3n de Atl\u00e9tico de Madrid<\/h2>\n<p id=\"p-1777477232674-22383\">Jan Oblak; Nahuel Molina, Marc Pubill, Robin Le Normand, Matteo Ruggeri; Giuliano Simeone, Marcos Llorente, Koke, \u00c1lex Baena; Antoine Griezmann, Juli\u00e1n \u00c1lvarez. DT: Diego <strong>Simeone<\/strong>.<\/p>\n<h2 id=\"p-1777477232674-73458\">El posible once inicial de Arsenal<\/h2>\n<p id=\"p-1777477232674-68105\">David Raya; Ben White, Gabriel, William Saliba, Piero Hincapi\u00e9; Declan Rice, Martin \u00d8degaard, Mart\u00edn Zubimendi; Bukayo Saka, Viktor Gy\u00f6keres, Gabriel Martinelli. DT: Mikel <strong>Arteta<\/strong><\/p>\n<p>    Hora: 16.00 TV: ESPN y Fox Sports \u00c1rbitro: Danny Makkelie (NED) VAR: Dennis Higler (NED) Estadio: Riyadh Air Metropolitano       <strong>FUENTE:<\/strong> LV12<br \/>\n<br \/>Fuente: <a href=\"https:\/\/www.lv12.com.ar\/champions-league\/champions-league-todo-atletico-madrid-vs-arsenal-n197018\"> Fuente de la nota <\/a><\/p>\n","protected":false},"excerpt":{"rendered":"<p>El ganador de la serie se medir\u00e1 ante el vencedor de PSG-Bayern M\u00fanich en la final. Atl\u00e9tico de Madrid viene de eliminar a Barcelona en una serie muy entretenida: la ida gan\u00f3 2-0 en el Camp Nou y la vuelta la perdi\u00f3 2-1 de local, pero el gol de Ademola Lookman en el Wanda Metropolitano [&hellip;]<\/p>\n","protected":false},"author":1,"featured_media":47525,"comment_status":"closed","ping_status":"open","sticky":false,"template":"","format":"standard","meta":{"footnotes":""},"categories":[6],"tags":[],"class_list":{"0":"post-47524","1":"post","2":"type-post","3":"status-publish","4":"format-standard","5":"has-post-thumbnail","7":"category-deporte"},"yoast_head":"<!-- This site is optimized with the Yoast SEO plugin v27.5 - https:\/\/yoast.com\/product\/yoast-seo-wordpress\/ -->\n<title>todo sobre Atl\u00e9tico de Madrid vs. Arsenal - El Diario de Tucuman<\/title>\n<meta name=\"robots\" content=\"index, follow, max-snippet:-1, max-image-preview:large, max-video-preview:-1\" \/>\n<link rel=\"canonical\" href=\"https:\/\/www.eldiariodetucuman.com\/web\/todo-sobre-atletico-de-madrid-vs-arsenal\/\" \/>\n<meta property=\"og:locale\" content=\"es_ES\" \/>\n<meta property=\"og:type\" content=\"article\" \/>\n<meta property=\"og:title\" content=\"todo sobre Atl\u00e9tico de Madrid vs. Arsenal - El Diario de Tucuman\" \/>\n<meta property=\"og:description\" content=\"El ganador de la serie se medir\u00e1 ante el vencedor de PSG-Bayern M\u00fanich en la final. Atl\u00e9tico de Madrid viene de eliminar a Barcelona en una serie muy entretenida: la ida gan\u00f3 2-0 en el Camp Nou y la vuelta la perdi\u00f3 2-1 de local, pero el gol de Ademola Lookman en el Wanda Metropolitano [&hellip;]\" \/>\n<meta property=\"og:url\" content=\"https:\/\/www.eldiariodetucuman.com\/web\/todo-sobre-atletico-de-madrid-vs-arsenal\/\" \/>\n<meta property=\"og:site_name\" content=\"El Diario de Tucuman\" \/>\n<meta property=\"article:published_time\" content=\"2026-04-29T16:24:42+00:00\" \/>\n<meta name=\"author\" content=\"admin\" \/>\n<meta name=\"twitter:card\" content=\"summary_large_image\" \/>\n<meta name=\"twitter:label1\" content=\"Escrito por\" \/>\n\t<meta name=\"twitter:data1\" content=\"admin\" \/>\n\t<meta name=\"twitter:label2\" content=\"Tiempo de lectura\" \/>\n\t<meta name=\"twitter:data2\" content=\"1 minuto\" \/>\n<script type=\"application\/ld+json\" class=\"yoast-schema-graph\">{\"@context\":\"https:\\\/\\\/schema.org\",\"@graph\":[{\"@type\":\"Article\",\"@id\":\"https:\\\/\\\/www.eldiariodetucuman.com\\\/web\\\/todo-sobre-atletico-de-madrid-vs-arsenal\\\/#article\",\"isPartOf\":{\"@id\":\"https:\\\/\\\/www.eldiariodetucuman.com\\\/web\\\/todo-sobre-atletico-de-madrid-vs-arsenal\\\/\"},\"author\":{\"name\":\"admin\",\"@id\":\"https:\\\/\\\/www.eldiariodetucuman.com\\\/web\\\/#\\\/schema\\\/person\\\/9250197d75ab5483412e19678b121caa\"},\"headline\":\"todo sobre Atl\u00e9tico de Madrid vs. Arsenal\",\"datePublished\":\"2026-04-29T16:24:42+00:00\",\"mainEntityOfPage\":{\"@id\":\"https:\\\/\\\/www.eldiariodetucuman.com\\\/web\\\/todo-sobre-atletico-de-madrid-vs-arsenal\\\/\"},\"wordCount\":212,\"publisher\":{\"@id\":\"https:\\\/\\\/www.eldiariodetucuman.com\\\/web\\\/#organization\"},\"image\":{\"@id\":\"https:\\\/\\\/www.eldiariodetucuman.com\\\/web\\\/todo-sobre-atletico-de-madrid-vs-arsenal\\\/#primaryimage\"},\"thumbnailUrl\":\"https:\\\/\\\/www.eldiariodetucuman.com\\\/web\\\/wp-content\\\/uploads\\\/2026\\\/04\\\/todo-sobre-Atletico-de-Madrid-vs-Arsenal.png\",\"articleSection\":[\"Deporte\"],\"inLanguage\":\"es\"},{\"@type\":\"WebPage\",\"@id\":\"https:\\\/\\\/www.eldiariodetucuman.com\\\/web\\\/todo-sobre-atletico-de-madrid-vs-arsenal\\\/\",\"url\":\"https:\\\/\\\/www.eldiariodetucuman.com\\\/web\\\/todo-sobre-atletico-de-madrid-vs-arsenal\\\/\",\"name\":\"todo sobre Atl\u00e9tico de Madrid vs. Arsenal - El Diario de Tucuman\",\"isPartOf\":{\"@id\":\"https:\\\/\\\/www.eldiariodetucuman.com\\\/web\\\/#website\"},\"primaryImageOfPage\":{\"@id\":\"https:\\\/\\\/www.eldiariodetucuman.com\\\/web\\\/todo-sobre-atletico-de-madrid-vs-arsenal\\\/#primaryimage\"},\"image\":{\"@id\":\"https:\\\/\\\/www.eldiariodetucuman.com\\\/web\\\/todo-sobre-atletico-de-madrid-vs-arsenal\\\/#primaryimage\"},\"thumbnailUrl\":\"https:\\\/\\\/www.eldiariodetucuman.com\\\/web\\\/wp-content\\\/uploads\\\/2026\\\/04\\\/todo-sobre-Atletico-de-Madrid-vs-Arsenal.png\",\"datePublished\":\"2026-04-29T16:24:42+00:00\",\"breadcrumb\":{\"@id\":\"https:\\\/\\\/www.eldiariodetucuman.com\\\/web\\\/todo-sobre-atletico-de-madrid-vs-arsenal\\\/#breadcrumb\"},\"inLanguage\":\"es\",\"potentialAction\":[{\"@type\":\"ReadAction\",\"target\":[\"https:\\\/\\\/www.eldiariodetucuman.com\\\/web\\\/todo-sobre-atletico-de-madrid-vs-arsenal\\\/\"]}]},{\"@type\":\"ImageObject\",\"inLanguage\":\"es\",\"@id\":\"https:\\\/\\\/www.eldiariodetucuman.com\\\/web\\\/todo-sobre-atletico-de-madrid-vs-arsenal\\\/#primaryimage\",\"url\":\"https:\\\/\\\/www.eldiariodetucuman.com\\\/web\\\/wp-content\\\/uploads\\\/2026\\\/04\\\/todo-sobre-Atletico-de-Madrid-vs-Arsenal.png\",\"contentUrl\":\"https:\\\/\\\/www.eldiariodetucuman.com\\\/web\\\/wp-content\\\/uploads\\\/2026\\\/04\\\/todo-sobre-Atletico-de-Madrid-vs-Arsenal.png\",\"width\":1200,\"height\":675},{\"@type\":\"BreadcrumbList\",\"@id\":\"https:\\\/\\\/www.eldiariodetucuman.com\\\/web\\\/todo-sobre-atletico-de-madrid-vs-arsenal\\\/#breadcrumb\",\"itemListElement\":[{\"@type\":\"ListItem\",\"position\":1,\"name\":\"Portada\",\"item\":\"https:\\\/\\\/www.eldiariodetucuman.com\\\/web\\\/\"},{\"@type\":\"ListItem\",\"position\":2,\"name\":\"todo sobre Atl\u00e9tico de Madrid vs. Arsenal\"}]},{\"@type\":\"WebSite\",\"@id\":\"https:\\\/\\\/www.eldiariodetucuman.com\\\/web\\\/#website\",\"url\":\"https:\\\/\\\/www.eldiariodetucuman.com\\\/web\\\/\",\"name\":\"El Diario de Tucuman\",\"description\":\"Diario Tucuman - Informaci\u00f3n y noticias\",\"publisher\":{\"@id\":\"https:\\\/\\\/www.eldiariodetucuman.com\\\/web\\\/#organization\"},\"potentialAction\":[{\"@type\":\"SearchAction\",\"target\":{\"@type\":\"EntryPoint\",\"urlTemplate\":\"https:\\\/\\\/www.eldiariodetucuman.com\\\/web\\\/?s={search_term_string}\"},\"query-input\":{\"@type\":\"PropertyValueSpecification\",\"valueRequired\":true,\"valueName\":\"search_term_string\"}}],\"inLanguage\":\"es\"},{\"@type\":\"Organization\",\"@id\":\"https:\\\/\\\/www.eldiariodetucuman.com\\\/web\\\/#organization\",\"name\":\"El Diario de Tucuman\",\"url\":\"https:\\\/\\\/www.eldiariodetucuman.com\\\/web\\\/\",\"logo\":{\"@type\":\"ImageObject\",\"inLanguage\":\"es\",\"@id\":\"https:\\\/\\\/www.eldiariodetucuman.com\\\/web\\\/#\\\/schema\\\/logo\\\/image\\\/\",\"url\":\"http:\\\/\\\/www.eldiariodetucuman.com\\\/web\\\/wp-content\\\/uploads\\\/2017\\\/12\\\/el-diario-de-tucuman.jpg\",\"contentUrl\":\"http:\\\/\\\/www.eldiariodetucuman.com\\\/web\\\/wp-content\\\/uploads\\\/2017\\\/12\\\/el-diario-de-tucuman.jpg\",\"width\":272,\"height\":92,\"caption\":\"El Diario de Tucuman\"},\"image\":{\"@id\":\"https:\\\/\\\/www.eldiariodetucuman.com\\\/web\\\/#\\\/schema\\\/logo\\\/image\\\/\"}},{\"@type\":\"Person\",\"@id\":\"https:\\\/\\\/www.eldiariodetucuman.com\\\/web\\\/#\\\/schema\\\/person\\\/9250197d75ab5483412e19678b121caa\",\"name\":\"admin\",\"image\":{\"@type\":\"ImageObject\",\"inLanguage\":\"es\",\"@id\":\"https:\\\/\\\/secure.gravatar.com\\\/avatar\\\/c44d117c2be811212c22cb481f6b8384b6873de103fbc49e7a03cc58d7dea4ac?s=96&d=mm&r=g\",\"url\":\"https:\\\/\\\/secure.gravatar.com\\\/avatar\\\/c44d117c2be811212c22cb481f6b8384b6873de103fbc49e7a03cc58d7dea4ac?s=96&d=mm&r=g\",\"contentUrl\":\"https:\\\/\\\/secure.gravatar.com\\\/avatar\\\/c44d117c2be811212c22cb481f6b8384b6873de103fbc49e7a03cc58d7dea4ac?s=96&d=mm&r=g\",\"caption\":\"admin\"},\"url\":\"https:\\\/\\\/www.eldiariodetucuman.com\\\/web\\\/author\\\/admin\\\/\"}]}<\/script>\n<!-- \/ Yoast SEO plugin. -->","yoast_head_json":{"title":"todo sobre Atl\u00e9tico de Madrid vs. Arsenal - El Diario de Tucuman","robots":{"index":"index","follow":"follow","max-snippet":"max-snippet:-1","max-image-preview":"max-image-preview:large","max-video-preview":"max-video-preview:-1"},"canonical":"https:\/\/www.eldiariodetucuman.com\/web\/todo-sobre-atletico-de-madrid-vs-arsenal\/","og_locale":"es_ES","og_type":"article","og_title":"todo sobre Atl\u00e9tico de Madrid vs. Arsenal - El Diario de Tucuman","og_description":"El ganador de la serie se medir\u00e1 ante el vencedor de PSG-Bayern M\u00fanich en la final. Atl\u00e9tico de Madrid viene de eliminar a Barcelona en una serie muy entretenida: la ida gan\u00f3 2-0 en el Camp Nou y la vuelta la perdi\u00f3 2-1 de local, pero el gol de Ademola Lookman en el Wanda Metropolitano [&hellip;]","og_url":"https:\/\/www.eldiariodetucuman.com\/web\/todo-sobre-atletico-de-madrid-vs-arsenal\/","og_site_name":"El Diario de Tucuman","article_published_time":"2026-04-29T16:24:42+00:00","author":"admin","twitter_card":"summary_large_image","twitter_misc":{"Escrito por":"admin","Tiempo de lectura":"1 minuto"},"schema":{"@context":"https:\/\/schema.org","@graph":[{"@type":"Article","@id":"https:\/\/www.eldiariodetucuman.com\/web\/todo-sobre-atletico-de-madrid-vs-arsenal\/#article","isPartOf":{"@id":"https:\/\/www.eldiariodetucuman.com\/web\/todo-sobre-atletico-de-madrid-vs-arsenal\/"},"author":{"name":"admin","@id":"https:\/\/www.eldiariodetucuman.com\/web\/#\/schema\/person\/9250197d75ab5483412e19678b121caa"},"headline":"todo sobre Atl\u00e9tico de Madrid vs. Arsenal","datePublished":"2026-04-29T16:24:42+00:00","mainEntityOfPage":{"@id":"https:\/\/www.eldiariodetucuman.com\/web\/todo-sobre-atletico-de-madrid-vs-arsenal\/"},"wordCount":212,"publisher":{"@id":"https:\/\/www.eldiariodetucuman.com\/web\/#organization"},"image":{"@id":"https:\/\/www.eldiariodetucuman.com\/web\/todo-sobre-atletico-de-madrid-vs-arsenal\/#primaryimage"},"thumbnailUrl":"https:\/\/www.eldiariodetucuman.com\/web\/wp-content\/uploads\/2026\/04\/todo-sobre-Atletico-de-Madrid-vs-Arsenal.png","articleSection":["Deporte"],"inLanguage":"es"},{"@type":"WebPage","@id":"https:\/\/www.eldiariodetucuman.com\/web\/todo-sobre-atletico-de-madrid-vs-arsenal\/","url":"https:\/\/www.eldiariodetucuman.com\/web\/todo-sobre-atletico-de-madrid-vs-arsenal\/","name":"todo sobre Atl\u00e9tico de Madrid vs. Arsenal - El Diario de Tucuman","isPartOf":{"@id":"https:\/\/www.eldiariodetucuman.com\/web\/#website"},"primaryImageOfPage":{"@id":"https:\/\/www.eldiariodetucuman.com\/web\/todo-sobre-atletico-de-madrid-vs-arsenal\/#primaryimage"},"image":{"@id":"https:\/\/www.eldiariodetucuman.com\/web\/todo-sobre-atletico-de-madrid-vs-arsenal\/#primaryimage"},"thumbnailUrl":"https:\/\/www.eldiariodetucuman.com\/web\/wp-content\/uploads\/2026\/04\/todo-sobre-Atletico-de-Madrid-vs-Arsenal.png","datePublished":"2026-04-29T16:24:42+00:00","breadcrumb":{"@id":"https:\/\/www.eldiariodetucuman.com\/web\/todo-sobre-atletico-de-madrid-vs-arsenal\/#breadcrumb"},"inLanguage":"es","potentialAction":[{"@type":"ReadAction","target":["https:\/\/www.eldiariodetucuman.com\/web\/todo-sobre-atletico-de-madrid-vs-arsenal\/"]}]},{"@type":"ImageObject","inLanguage":"es","@id":"https:\/\/www.eldiariodetucuman.com\/web\/todo-sobre-atletico-de-madrid-vs-arsenal\/#primaryimage","url":"https:\/\/www.eldiariodetucuman.com\/web\/wp-content\/uploads\/2026\/04\/todo-sobre-Atletico-de-Madrid-vs-Arsenal.png","contentUrl":"https:\/\/www.eldiariodetucuman.com\/web\/wp-content\/uploads\/2026\/04\/todo-sobre-Atletico-de-Madrid-vs-Arsenal.png","width":1200,"height":675},{"@type":"BreadcrumbList","@id":"https:\/\/www.eldiariodetucuman.com\/web\/todo-sobre-atletico-de-madrid-vs-arsenal\/#breadcrumb","itemListElement":[{"@type":"ListItem","position":1,"name":"Portada","item":"https:\/\/www.eldiariodetucuman.com\/web\/"},{"@type":"ListItem","position":2,"name":"todo sobre Atl\u00e9tico de Madrid vs. Arsenal"}]},{"@type":"WebSite","@id":"https:\/\/www.eldiariodetucuman.com\/web\/#website","url":"https:\/\/www.eldiariodetucuman.com\/web\/","name":"El Diario de Tucuman","description":"Diario Tucuman - Informaci\u00f3n y noticias","publisher":{"@id":"https:\/\/www.eldiariodetucuman.com\/web\/#organization"},"potentialAction":[{"@type":"SearchAction","target":{"@type":"EntryPoint","urlTemplate":"https:\/\/www.eldiariodetucuman.com\/web\/?s={search_term_string}"},"query-input":{"@type":"PropertyValueSpecification","valueRequired":true,"valueName":"search_term_string"}}],"inLanguage":"es"},{"@type":"Organization","@id":"https:\/\/www.eldiariodetucuman.com\/web\/#organization","name":"El Diario de Tucuman","url":"https:\/\/www.eldiariodetucuman.com\/web\/","logo":{"@type":"ImageObject","inLanguage":"es","@id":"https:\/\/www.eldiariodetucuman.com\/web\/#\/schema\/logo\/image\/","url":"http:\/\/www.eldiariodetucuman.com\/web\/wp-content\/uploads\/2017\/12\/el-diario-de-tucuman.jpg","contentUrl":"http:\/\/www.eldiariodetucuman.com\/web\/wp-content\/uploads\/2017\/12\/el-diario-de-tucuman.jpg","width":272,"height":92,"caption":"El Diario de Tucuman"},"image":{"@id":"https:\/\/www.eldiariodetucuman.com\/web\/#\/schema\/logo\/image\/"}},{"@type":"Person","@id":"https:\/\/www.eldiariodetucuman.com\/web\/#\/schema\/person\/9250197d75ab5483412e19678b121caa","name":"admin","image":{"@type":"ImageObject","inLanguage":"es","@id":"https:\/\/secure.gravatar.com\/avatar\/c44d117c2be811212c22cb481f6b8384b6873de103fbc49e7a03cc58d7dea4ac?s=96&d=mm&r=g","url":"https:\/\/secure.gravatar.com\/avatar\/c44d117c2be811212c22cb481f6b8384b6873de103fbc49e7a03cc58d7dea4ac?s=96&d=mm&r=g","contentUrl":"https:\/\/secure.gravatar.com\/avatar\/c44d117c2be811212c22cb481f6b8384b6873de103fbc49e7a03cc58d7dea4ac?s=96&d=mm&r=g","caption":"admin"},"url":"https:\/\/www.eldiariodetucuman.com\/web\/author\/admin\/"}]}},"_links":{"self":[{"href":"https:\/\/www.eldiariodetucuman.com\/web\/wp-json\/wp\/v2\/posts\/47524","targetHints":{"allow":["GET"]}}],"collection":[{"href":"https:\/\/www.eldiariodetucuman.com\/web\/wp-json\/wp\/v2\/posts"}],"about":[{"href":"https:\/\/www.eldiariodetucuman.com\/web\/wp-json\/wp\/v2\/types\/post"}],"author":[{"embeddable":true,"href":"https:\/\/www.eldiariodetucuman.com\/web\/wp-json\/wp\/v2\/users\/1"}],"replies":[{"embeddable":true,"href":"https:\/\/www.eldiariodetucuman.com\/web\/wp-json\/wp\/v2\/comments?post=47524"}],"version-history":[{"count":0,"href":"https:\/\/www.eldiariodetucuman.com\/web\/wp-json\/wp\/v2\/posts\/47524\/revisions"}],"wp:featuredmedia":[{"embeddable":true,"href":"https:\/\/www.eldiariodetucuman.com\/web\/wp-json\/wp\/v2\/media\/47525"}],"wp:attachment":[{"href":"https:\/\/www.eldiariodetucuman.com\/web\/wp-json\/wp\/v2\/media?parent=47524"}],"wp:term":[{"taxonomy":"category","embeddable":true,"href":"https:\/\/www.eldiariodetucuman.com\/web\/wp-json\/wp\/v2\/categories?post=47524"},{"taxonomy":"post_tag","embeddable":true,"href":"https:\/\/www.eldiariodetucuman.com\/web\/wp-json\/wp\/v2\/tags?post=47524"}],"curies":[{"name":"wp","href":"https:\/\/api.w.org\/{rel}","templated":true}]}}