{"id":47519,"date":"2026-04-28T13:30:45","date_gmt":"2026-04-28T16:30:45","guid":{"rendered":"https:\/\/www.eldiariodetucuman.com\/web\/el-gobierno-avalo-creditos-del-cfi-por-2-000-millones-para-impulsar-la-inversion-privada-y-el-empleo-en-tucuman\/"},"modified":"2026-04-28T13:30:45","modified_gmt":"2026-04-28T16:30:45","slug":"el-gobierno-avalo-creditos-del-cfi-por-2-000-millones-para-impulsar-la-inversion-privada-y-el-empleo-en-tucuman","status":"publish","type":"post","link":"https:\/\/www.eldiariodetucuman.com\/web\/el-gobierno-avalo-creditos-del-cfi-por-2-000-millones-para-impulsar-la-inversion-privada-y-el-empleo-en-tucuman\/","title":{"rendered":"El Gobierno aval\u00f3 cr\u00e9ditos del CFI por $2.000 millones para impulsar la inversi\u00f3n privada y el empleo en Tucum\u00e1n"},"content":{"rendered":"<p><\/p>\n<p>El gobernador <strong>Osvaldo Jaldo<\/strong> recibi\u00f3 en Casa de Gobierno a empresas que accedieron a financiamiento del Consejo Federal de Inversiones (CFI) y entreg\u00f3 el aval provincial que permiti\u00f3 culminar el tr\u00e1mite de los cr\u00e9ditos.<\/p>\n<p>El mandatario explic\u00f3 el criterio adoptado para la asignaci\u00f3n de los fondos y destac\u00f3 el v\u00ednculo permanente con el sector productivo: \u201cPermanentemente, con todos lo que producen, industrializan y comercializan, estamos teniendo un contacto directo por diferentes motivos. Como Gobierno de la Provincia, somos puente de soluciones a nivel nacional y tambi\u00e9n dentro de la jurisdicci\u00f3n provincial. Estos fondos del CFI siempre existieron, aunque en distintos gobiernos hubo criterios diferentes sobre su uso\u201d.<\/p>\n<p>En ese sentido, el gobernador fundament\u00f3 la decisi\u00f3n de orientar los recursos al sector privado y subray\u00f3 su rol en la econom\u00eda: <strong>\u201cHemos tomado la decisi\u00f3n de que estos recursos, que hoy son casi 2.000 millones de pesos, vayan directamente al sector privado que es el que genera recursos para dinamizar la econom\u00eda, mantener y hacer crecer el empleo\u201d.<\/strong><\/p>\n<p>Las empresas beneficiadas fueron <strong>Distribuidora Lamadrid, Vidrial SRL, Mauricio Moss\u00e9 SRL, Puerto Fr\u00edo SRL, Tucu Snack SRL, Costal Group SRL, Marta Eugenia Barros Sosa, Buchet Alejandro, Frutex SAS, Casal Jos\u00e9 Alfredo, BAC SRL, Agro Energ\u00eda SA, Agropecuaria San Nicol\u00e1s SRL, 4H SA <\/strong>y<strong> Buena Cosecha<\/strong>. Participaron del encuentro, adem\u00e1s, el ministro de Econom\u00eda y Producci\u00f3n, <strong>Daniel Abad; <\/strong>y\u00a0<strong\/>el representante del CFI en Tucum\u00e1n, Pedro Sandilli.\u00a0<\/p>\n<p>\u201cDesde que asumimos esta gesti\u00f3n la primera instrucci\u00f3n que nos dio el gobernador fue poner el Estado al servicio del sector privado, lo que significa que prioricemos la producci\u00f3n y el trabajo\u201d, sostuvo el ministro Abad.\u00a0<\/p>\n<p>En esa l\u00ednea, remarc\u00f3 que \u201ctodo lo que sea generar valor agregado para que se agranden las ganancias para la provincia, se genere trabajo y se sostengan las empresas, es uno de los objetivos principales que tenemos como Gobierno. <strong>Hoy ponemos el CFI al servicio de estas firmas<\/strong>, poniendo los avales para los cr\u00e9ditos que tramiten las empresas, con el fin de que puedan sostener el capital de trabajo y en algunos casos hacer inversiones\u201d.<\/p>\n<\/p>\n<p>Pedro Sandilli destac\u00f3 que se trata de la primera entrega de avales del 2026, tras un trabajo que comenz\u00f3 en diciembre de 2025 junto a las empresas beneficiadas. \u201cSon empresas que invierten en Tucum\u00e1n y esto no ser podr\u00eda dar sin el trabajo articulado entre el sector privado y la Provincia, gracias a la decisi\u00f3n del gobernador de ocupar la totalidad del fondo en el sector privado. Estamos en una etapa dura, pero vemos la importancia de que las empresas sigan apostando por la provincia\u201d, sostuvo el representante del CFI.\u00a0<\/p>\n<p>Desde el sector empresario, el representante de Tucu Snack SRL, <strong>Sebasti\u00e1n Cort\u00e9s<\/strong>, valor\u00f3 el acompa\u00f1amiento institucional y el acceso al financiamiento. \u201cPara nosotros es un apoyo enorme en lo que estamos buscando, que es el crecimiento. La empresa cumple 46 a\u00f1os apostando a la provincia y a la regi\u00f3n. Contar con el aval del Gobierno es un respaldo muy importante que confirma la pol\u00edtica de crecimiento que desarrollamos desde hace m\u00e1s de 10 a\u00f1os. El tr\u00e1mite fue accesible y el cr\u00e9dito ofrece plazos y tasas con ventajas competitivas frente al sistema bancario\u201d.<\/p>\n<p>Por su parte, el empresario <strong>Fernando Jacinto Habib<\/strong> destac\u00f3 el impacto del financiamiento en la actividad productiva. En ese marco, se\u00f1al\u00f3: \u201cSomos una empresa agroexportadora y estamos muy contentos de haber tenido este espacio y el apoyo con este cr\u00e9dito, que es un pr\u00e9stamo blando con muy buenas condiciones. Se reconoce la importancia del sector privado, que genera trabajo en una actividad clave como la citricultura\u201d.<\/p>\n<p>A su turno, <strong>Mauricio Moss\u00e9<\/strong> remarc\u00f3 el efecto del cr\u00e9dito en el fortalecimiento del sistema de salud. En ese sentido, afirm\u00f3: \u201cLas tasas bancarias son prohibitivas y este cr\u00e9dito es una muy buena palanca para invertir en equipos que se colocan en hospitales de la provincia para mejorar las prestaciones. La decisi\u00f3n de destinar los fondos al sector privado abre un camino para seguir invirtiendo y desarroll\u00e1ndonos\u201d.<\/p>\n<p>\u00a0La entrega de avales consolid\u00f3 una pol\u00edtica de financiamiento orientada a potenciar la producci\u00f3n, sostener el empleo y promover la inversi\u00f3n en sectores estrat\u00e9gicos de la provincia.<\/p>\n<\/p>\n<\/p>\n<p>Fuente: <a href=\"https:\/\/www.comunicaciontucuman.gob.ar\/noticia\/gobernacion\/240806\/gobierno-avalo-creditos-cfi-2000-millones-para-impulsar-inversion-privada-empleo-tucuman\"> Fuente de la nota <\/a><\/p>\n","protected":false},"excerpt":{"rendered":"<p>El gobernador Osvaldo Jaldo recibi\u00f3 en Casa de Gobierno a empresas que accedieron a financiamiento del Consejo Federal de Inversiones (CFI) y entreg\u00f3 el aval provincial que permiti\u00f3 culminar el tr\u00e1mite de los cr\u00e9ditos. El mandatario explic\u00f3 el criterio adoptado para la asignaci\u00f3n de los fondos y destac\u00f3 el v\u00ednculo permanente con el sector productivo: [&hellip;]<\/p>\n","protected":false},"author":1,"featured_media":47520,"comment_status":"closed","ping_status":"open","sticky":false,"template":"","format":"standard","meta":{"footnotes":""},"categories":[3],"tags":[],"class_list":{"0":"post-47519","1":"post","2":"type-post","3":"status-publish","4":"format-standard","5":"has-post-thumbnail","7":"category-politica"},"yoast_head":"<!-- This site is optimized with the Yoast SEO plugin v27.5 - https:\/\/yoast.com\/product\/yoast-seo-wordpress\/ -->\n<title>El Gobierno aval\u00f3 cr\u00e9ditos del CFI por $2.000 millones para impulsar la inversi\u00f3n privada y el empleo en Tucum\u00e1n - El Diario de Tucuman<\/title>\n<meta name=\"robots\" content=\"index, follow, max-snippet:-1, max-image-preview:large, max-video-preview:-1\" \/>\n<link rel=\"canonical\" href=\"https:\/\/www.eldiariodetucuman.com\/web\/el-gobierno-avalo-creditos-del-cfi-por-2-000-millones-para-impulsar-la-inversion-privada-y-el-empleo-en-tucuman\/\" \/>\n<meta property=\"og:locale\" content=\"es_ES\" \/>\n<meta property=\"og:type\" content=\"article\" \/>\n<meta property=\"og:title\" content=\"El Gobierno aval\u00f3 cr\u00e9ditos del CFI por $2.000 millones para impulsar la inversi\u00f3n privada y el empleo en Tucum\u00e1n - El Diario de Tucuman\" \/>\n<meta property=\"og:description\" content=\"El gobernador Osvaldo Jaldo recibi\u00f3 en Casa de Gobierno a empresas que accedieron a financiamiento del Consejo Federal de Inversiones (CFI) y entreg\u00f3 el aval provincial que permiti\u00f3 culminar el tr\u00e1mite de los cr\u00e9ditos. El mandatario explic\u00f3 el criterio adoptado para la asignaci\u00f3n de los fondos y destac\u00f3 el v\u00ednculo permanente con el sector productivo: [&hellip;]\" \/>\n<meta property=\"og:url\" content=\"https:\/\/www.eldiariodetucuman.com\/web\/el-gobierno-avalo-creditos-del-cfi-por-2-000-millones-para-impulsar-la-inversion-privada-y-el-empleo-en-tucuman\/\" \/>\n<meta property=\"og:site_name\" content=\"El Diario de Tucuman\" \/>\n<meta property=\"article:published_time\" content=\"2026-04-28T16:30:45+00:00\" \/>\n<meta name=\"author\" content=\"admin\" \/>\n<meta name=\"twitter:card\" content=\"summary_large_image\" \/>\n<meta name=\"twitter:label1\" content=\"Escrito por\" \/>\n\t<meta name=\"twitter:data1\" content=\"admin\" \/>\n\t<meta name=\"twitter:label2\" content=\"Tiempo de lectura\" \/>\n\t<meta name=\"twitter:data2\" content=\"4 minutos\" \/>\n<script type=\"application\/ld+json\" class=\"yoast-schema-graph\">{\"@context\":\"https:\\\/\\\/schema.org\",\"@graph\":[{\"@type\":\"Article\",\"@id\":\"https:\\\/\\\/www.eldiariodetucuman.com\\\/web\\\/el-gobierno-avalo-creditos-del-cfi-por-2-000-millones-para-impulsar-la-inversion-privada-y-el-empleo-en-tucuman\\\/#article\",\"isPartOf\":{\"@id\":\"https:\\\/\\\/www.eldiariodetucuman.com\\\/web\\\/el-gobierno-avalo-creditos-del-cfi-por-2-000-millones-para-impulsar-la-inversion-privada-y-el-empleo-en-tucuman\\\/\"},\"author\":{\"name\":\"admin\",\"@id\":\"https:\\\/\\\/www.eldiariodetucuman.com\\\/web\\\/#\\\/schema\\\/person\\\/9250197d75ab5483412e19678b121caa\"},\"headline\":\"El Gobierno aval\u00f3 cr\u00e9ditos del CFI por $2.000 millones para impulsar la inversi\u00f3n privada y el empleo en Tucum\u00e1n\",\"datePublished\":\"2026-04-28T16:30:45+00:00\",\"mainEntityOfPage\":{\"@id\":\"https:\\\/\\\/www.eldiariodetucuman.com\\\/web\\\/el-gobierno-avalo-creditos-del-cfi-por-2-000-millones-para-impulsar-la-inversion-privada-y-el-empleo-en-tucuman\\\/\"},\"wordCount\":752,\"publisher\":{\"@id\":\"https:\\\/\\\/www.eldiariodetucuman.com\\\/web\\\/#organization\"},\"image\":{\"@id\":\"https:\\\/\\\/www.eldiariodetucuman.com\\\/web\\\/el-gobierno-avalo-creditos-del-cfi-por-2-000-millones-para-impulsar-la-inversion-privada-y-el-empleo-en-tucuman\\\/#primaryimage\"},\"thumbnailUrl\":\"https:\\\/\\\/www.eldiariodetucuman.com\\\/web\\\/wp-content\\\/uploads\\\/2026\\\/04\\\/El-Gobierno-avalo-creditos-del-CFI-por-2000-millones-para.jpeg\",\"articleSection\":[\"Politica\"],\"inLanguage\":\"es\"},{\"@type\":\"WebPage\",\"@id\":\"https:\\\/\\\/www.eldiariodetucuman.com\\\/web\\\/el-gobierno-avalo-creditos-del-cfi-por-2-000-millones-para-impulsar-la-inversion-privada-y-el-empleo-en-tucuman\\\/\",\"url\":\"https:\\\/\\\/www.eldiariodetucuman.com\\\/web\\\/el-gobierno-avalo-creditos-del-cfi-por-2-000-millones-para-impulsar-la-inversion-privada-y-el-empleo-en-tucuman\\\/\",\"name\":\"El Gobierno aval\u00f3 cr\u00e9ditos del CFI por $2.000 millones para impulsar la inversi\u00f3n privada y el empleo en Tucum\u00e1n - El Diario de Tucuman\",\"isPartOf\":{\"@id\":\"https:\\\/\\\/www.eldiariodetucuman.com\\\/web\\\/#website\"},\"primaryImageOfPage\":{\"@id\":\"https:\\\/\\\/www.eldiariodetucuman.com\\\/web\\\/el-gobierno-avalo-creditos-del-cfi-por-2-000-millones-para-impulsar-la-inversion-privada-y-el-empleo-en-tucuman\\\/#primaryimage\"},\"image\":{\"@id\":\"https:\\\/\\\/www.eldiariodetucuman.com\\\/web\\\/el-gobierno-avalo-creditos-del-cfi-por-2-000-millones-para-impulsar-la-inversion-privada-y-el-empleo-en-tucuman\\\/#primaryimage\"},\"thumbnailUrl\":\"https:\\\/\\\/www.eldiariodetucuman.com\\\/web\\\/wp-content\\\/uploads\\\/2026\\\/04\\\/El-Gobierno-avalo-creditos-del-CFI-por-2000-millones-para.jpeg\",\"datePublished\":\"2026-04-28T16:30:45+00:00\",\"breadcrumb\":{\"@id\":\"https:\\\/\\\/www.eldiariodetucuman.com\\\/web\\\/el-gobierno-avalo-creditos-del-cfi-por-2-000-millones-para-impulsar-la-inversion-privada-y-el-empleo-en-tucuman\\\/#breadcrumb\"},\"inLanguage\":\"es\",\"potentialAction\":[{\"@type\":\"ReadAction\",\"target\":[\"https:\\\/\\\/www.eldiariodetucuman.com\\\/web\\\/el-gobierno-avalo-creditos-del-cfi-por-2-000-millones-para-impulsar-la-inversion-privada-y-el-empleo-en-tucuman\\\/\"]}]},{\"@type\":\"ImageObject\",\"inLanguage\":\"es\",\"@id\":\"https:\\\/\\\/www.eldiariodetucuman.com\\\/web\\\/el-gobierno-avalo-creditos-del-cfi-por-2-000-millones-para-impulsar-la-inversion-privada-y-el-empleo-en-tucuman\\\/#primaryimage\",\"url\":\"https:\\\/\\\/www.eldiariodetucuman.com\\\/web\\\/wp-content\\\/uploads\\\/2026\\\/04\\\/El-Gobierno-avalo-creditos-del-CFI-por-2000-millones-para.jpeg\",\"contentUrl\":\"https:\\\/\\\/www.eldiariodetucuman.com\\\/web\\\/wp-content\\\/uploads\\\/2026\\\/04\\\/El-Gobierno-avalo-creditos-del-CFI-por-2000-millones-para.jpeg\",\"width\":818,\"height\":460},{\"@type\":\"BreadcrumbList\",\"@id\":\"https:\\\/\\\/www.eldiariodetucuman.com\\\/web\\\/el-gobierno-avalo-creditos-del-cfi-por-2-000-millones-para-impulsar-la-inversion-privada-y-el-empleo-en-tucuman\\\/#breadcrumb\",\"itemListElement\":[{\"@type\":\"ListItem\",\"position\":1,\"name\":\"Portada\",\"item\":\"https:\\\/\\\/www.eldiariodetucuman.com\\\/web\\\/\"},{\"@type\":\"ListItem\",\"position\":2,\"name\":\"El Gobierno aval\u00f3 cr\u00e9ditos del CFI por $2.000 millones para impulsar la inversi\u00f3n privada y el empleo en Tucum\u00e1n\"}]},{\"@type\":\"WebSite\",\"@id\":\"https:\\\/\\\/www.eldiariodetucuman.com\\\/web\\\/#website\",\"url\":\"https:\\\/\\\/www.eldiariodetucuman.com\\\/web\\\/\",\"name\":\"El Diario de Tucuman\",\"description\":\"Diario Tucuman - Informaci\u00f3n y noticias\",\"publisher\":{\"@id\":\"https:\\\/\\\/www.eldiariodetucuman.com\\\/web\\\/#organization\"},\"potentialAction\":[{\"@type\":\"SearchAction\",\"target\":{\"@type\":\"EntryPoint\",\"urlTemplate\":\"https:\\\/\\\/www.eldiariodetucuman.com\\\/web\\\/?s={search_term_string}\"},\"query-input\":{\"@type\":\"PropertyValueSpecification\",\"valueRequired\":true,\"valueName\":\"search_term_string\"}}],\"inLanguage\":\"es\"},{\"@type\":\"Organization\",\"@id\":\"https:\\\/\\\/www.eldiariodetucuman.com\\\/web\\\/#organization\",\"name\":\"El Diario de Tucuman\",\"url\":\"https:\\\/\\\/www.eldiariodetucuman.com\\\/web\\\/\",\"logo\":{\"@type\":\"ImageObject\",\"inLanguage\":\"es\",\"@id\":\"https:\\\/\\\/www.eldiariodetucuman.com\\\/web\\\/#\\\/schema\\\/logo\\\/image\\\/\",\"url\":\"http:\\\/\\\/www.eldiariodetucuman.com\\\/web\\\/wp-content\\\/uploads\\\/2017\\\/12\\\/el-diario-de-tucuman.jpg\",\"contentUrl\":\"http:\\\/\\\/www.eldiariodetucuman.com\\\/web\\\/wp-content\\\/uploads\\\/2017\\\/12\\\/el-diario-de-tucuman.jpg\",\"width\":272,\"height\":92,\"caption\":\"El Diario de Tucuman\"},\"image\":{\"@id\":\"https:\\\/\\\/www.eldiariodetucuman.com\\\/web\\\/#\\\/schema\\\/logo\\\/image\\\/\"}},{\"@type\":\"Person\",\"@id\":\"https:\\\/\\\/www.eldiariodetucuman.com\\\/web\\\/#\\\/schema\\\/person\\\/9250197d75ab5483412e19678b121caa\",\"name\":\"admin\",\"image\":{\"@type\":\"ImageObject\",\"inLanguage\":\"es\",\"@id\":\"https:\\\/\\\/secure.gravatar.com\\\/avatar\\\/c44d117c2be811212c22cb481f6b8384b6873de103fbc49e7a03cc58d7dea4ac?s=96&d=mm&r=g\",\"url\":\"https:\\\/\\\/secure.gravatar.com\\\/avatar\\\/c44d117c2be811212c22cb481f6b8384b6873de103fbc49e7a03cc58d7dea4ac?s=96&d=mm&r=g\",\"contentUrl\":\"https:\\\/\\\/secure.gravatar.com\\\/avatar\\\/c44d117c2be811212c22cb481f6b8384b6873de103fbc49e7a03cc58d7dea4ac?s=96&d=mm&r=g\",\"caption\":\"admin\"},\"url\":\"https:\\\/\\\/www.eldiariodetucuman.com\\\/web\\\/author\\\/admin\\\/\"}]}<\/script>\n<!-- \/ Yoast SEO plugin. -->","yoast_head_json":{"title":"El Gobierno aval\u00f3 cr\u00e9ditos del CFI por $2.000 millones para impulsar la inversi\u00f3n privada y el empleo en Tucum\u00e1n - El Diario de Tucuman","robots":{"index":"index","follow":"follow","max-snippet":"max-snippet:-1","max-image-preview":"max-image-preview:large","max-video-preview":"max-video-preview:-1"},"canonical":"https:\/\/www.eldiariodetucuman.com\/web\/el-gobierno-avalo-creditos-del-cfi-por-2-000-millones-para-impulsar-la-inversion-privada-y-el-empleo-en-tucuman\/","og_locale":"es_ES","og_type":"article","og_title":"El Gobierno aval\u00f3 cr\u00e9ditos del CFI por $2.000 millones para impulsar la inversi\u00f3n privada y el empleo en Tucum\u00e1n - El Diario de Tucuman","og_description":"El gobernador Osvaldo Jaldo recibi\u00f3 en Casa de Gobierno a empresas que accedieron a financiamiento del Consejo Federal de Inversiones (CFI) y entreg\u00f3 el aval provincial que permiti\u00f3 culminar el tr\u00e1mite de los cr\u00e9ditos. El mandatario explic\u00f3 el criterio adoptado para la asignaci\u00f3n de los fondos y destac\u00f3 el v\u00ednculo permanente con el sector productivo: [&hellip;]","og_url":"https:\/\/www.eldiariodetucuman.com\/web\/el-gobierno-avalo-creditos-del-cfi-por-2-000-millones-para-impulsar-la-inversion-privada-y-el-empleo-en-tucuman\/","og_site_name":"El Diario de Tucuman","article_published_time":"2026-04-28T16:30:45+00:00","author":"admin","twitter_card":"summary_large_image","twitter_misc":{"Escrito por":"admin","Tiempo de lectura":"4 minutos"},"schema":{"@context":"https:\/\/schema.org","@graph":[{"@type":"Article","@id":"https:\/\/www.eldiariodetucuman.com\/web\/el-gobierno-avalo-creditos-del-cfi-por-2-000-millones-para-impulsar-la-inversion-privada-y-el-empleo-en-tucuman\/#article","isPartOf":{"@id":"https:\/\/www.eldiariodetucuman.com\/web\/el-gobierno-avalo-creditos-del-cfi-por-2-000-millones-para-impulsar-la-inversion-privada-y-el-empleo-en-tucuman\/"},"author":{"name":"admin","@id":"https:\/\/www.eldiariodetucuman.com\/web\/#\/schema\/person\/9250197d75ab5483412e19678b121caa"},"headline":"El Gobierno aval\u00f3 cr\u00e9ditos del CFI por $2.000 millones para impulsar la inversi\u00f3n privada y el empleo en Tucum\u00e1n","datePublished":"2026-04-28T16:30:45+00:00","mainEntityOfPage":{"@id":"https:\/\/www.eldiariodetucuman.com\/web\/el-gobierno-avalo-creditos-del-cfi-por-2-000-millones-para-impulsar-la-inversion-privada-y-el-empleo-en-tucuman\/"},"wordCount":752,"publisher":{"@id":"https:\/\/www.eldiariodetucuman.com\/web\/#organization"},"image":{"@id":"https:\/\/www.eldiariodetucuman.com\/web\/el-gobierno-avalo-creditos-del-cfi-por-2-000-millones-para-impulsar-la-inversion-privada-y-el-empleo-en-tucuman\/#primaryimage"},"thumbnailUrl":"https:\/\/www.eldiariodetucuman.com\/web\/wp-content\/uploads\/2026\/04\/El-Gobierno-avalo-creditos-del-CFI-por-2000-millones-para.jpeg","articleSection":["Politica"],"inLanguage":"es"},{"@type":"WebPage","@id":"https:\/\/www.eldiariodetucuman.com\/web\/el-gobierno-avalo-creditos-del-cfi-por-2-000-millones-para-impulsar-la-inversion-privada-y-el-empleo-en-tucuman\/","url":"https:\/\/www.eldiariodetucuman.com\/web\/el-gobierno-avalo-creditos-del-cfi-por-2-000-millones-para-impulsar-la-inversion-privada-y-el-empleo-en-tucuman\/","name":"El Gobierno aval\u00f3 cr\u00e9ditos del CFI por $2.000 millones para impulsar la inversi\u00f3n privada y el empleo en Tucum\u00e1n - El Diario de Tucuman","isPartOf":{"@id":"https:\/\/www.eldiariodetucuman.com\/web\/#website"},"primaryImageOfPage":{"@id":"https:\/\/www.eldiariodetucuman.com\/web\/el-gobierno-avalo-creditos-del-cfi-por-2-000-millones-para-impulsar-la-inversion-privada-y-el-empleo-en-tucuman\/#primaryimage"},"image":{"@id":"https:\/\/www.eldiariodetucuman.com\/web\/el-gobierno-avalo-creditos-del-cfi-por-2-000-millones-para-impulsar-la-inversion-privada-y-el-empleo-en-tucuman\/#primaryimage"},"thumbnailUrl":"https:\/\/www.eldiariodetucuman.com\/web\/wp-content\/uploads\/2026\/04\/El-Gobierno-avalo-creditos-del-CFI-por-2000-millones-para.jpeg","datePublished":"2026-04-28T16:30:45+00:00","breadcrumb":{"@id":"https:\/\/www.eldiariodetucuman.com\/web\/el-gobierno-avalo-creditos-del-cfi-por-2-000-millones-para-impulsar-la-inversion-privada-y-el-empleo-en-tucuman\/#breadcrumb"},"inLanguage":"es","potentialAction":[{"@type":"ReadAction","target":["https:\/\/www.eldiariodetucuman.com\/web\/el-gobierno-avalo-creditos-del-cfi-por-2-000-millones-para-impulsar-la-inversion-privada-y-el-empleo-en-tucuman\/"]}]},{"@type":"ImageObject","inLanguage":"es","@id":"https:\/\/www.eldiariodetucuman.com\/web\/el-gobierno-avalo-creditos-del-cfi-por-2-000-millones-para-impulsar-la-inversion-privada-y-el-empleo-en-tucuman\/#primaryimage","url":"https:\/\/www.eldiariodetucuman.com\/web\/wp-content\/uploads\/2026\/04\/El-Gobierno-avalo-creditos-del-CFI-por-2000-millones-para.jpeg","contentUrl":"https:\/\/www.eldiariodetucuman.com\/web\/wp-content\/uploads\/2026\/04\/El-Gobierno-avalo-creditos-del-CFI-por-2000-millones-para.jpeg","width":818,"height":460},{"@type":"BreadcrumbList","@id":"https:\/\/www.eldiariodetucuman.com\/web\/el-gobierno-avalo-creditos-del-cfi-por-2-000-millones-para-impulsar-la-inversion-privada-y-el-empleo-en-tucuman\/#breadcrumb","itemListElement":[{"@type":"ListItem","position":1,"name":"Portada","item":"https:\/\/www.eldiariodetucuman.com\/web\/"},{"@type":"ListItem","position":2,"name":"El Gobierno aval\u00f3 cr\u00e9ditos del CFI por $2.000 millones para impulsar la inversi\u00f3n privada y el empleo en Tucum\u00e1n"}]},{"@type":"WebSite","@id":"https:\/\/www.eldiariodetucuman.com\/web\/#website","url":"https:\/\/www.eldiariodetucuman.com\/web\/","name":"El Diario de Tucuman","description":"Diario Tucuman - Informaci\u00f3n y noticias","publisher":{"@id":"https:\/\/www.eldiariodetucuman.com\/web\/#organization"},"potentialAction":[{"@type":"SearchAction","target":{"@type":"EntryPoint","urlTemplate":"https:\/\/www.eldiariodetucuman.com\/web\/?s={search_term_string}"},"query-input":{"@type":"PropertyValueSpecification","valueRequired":true,"valueName":"search_term_string"}}],"inLanguage":"es"},{"@type":"Organization","@id":"https:\/\/www.eldiariodetucuman.com\/web\/#organization","name":"El Diario de Tucuman","url":"https:\/\/www.eldiariodetucuman.com\/web\/","logo":{"@type":"ImageObject","inLanguage":"es","@id":"https:\/\/www.eldiariodetucuman.com\/web\/#\/schema\/logo\/image\/","url":"http:\/\/www.eldiariodetucuman.com\/web\/wp-content\/uploads\/2017\/12\/el-diario-de-tucuman.jpg","contentUrl":"http:\/\/www.eldiariodetucuman.com\/web\/wp-content\/uploads\/2017\/12\/el-diario-de-tucuman.jpg","width":272,"height":92,"caption":"El Diario de Tucuman"},"image":{"@id":"https:\/\/www.eldiariodetucuman.com\/web\/#\/schema\/logo\/image\/"}},{"@type":"Person","@id":"https:\/\/www.eldiariodetucuman.com\/web\/#\/schema\/person\/9250197d75ab5483412e19678b121caa","name":"admin","image":{"@type":"ImageObject","inLanguage":"es","@id":"https:\/\/secure.gravatar.com\/avatar\/c44d117c2be811212c22cb481f6b8384b6873de103fbc49e7a03cc58d7dea4ac?s=96&d=mm&r=g","url":"https:\/\/secure.gravatar.com\/avatar\/c44d117c2be811212c22cb481f6b8384b6873de103fbc49e7a03cc58d7dea4ac?s=96&d=mm&r=g","contentUrl":"https:\/\/secure.gravatar.com\/avatar\/c44d117c2be811212c22cb481f6b8384b6873de103fbc49e7a03cc58d7dea4ac?s=96&d=mm&r=g","caption":"admin"},"url":"https:\/\/www.eldiariodetucuman.com\/web\/author\/admin\/"}]}},"_links":{"self":[{"href":"https:\/\/www.eldiariodetucuman.com\/web\/wp-json\/wp\/v2\/posts\/47519","targetHints":{"allow":["GET"]}}],"collection":[{"href":"https:\/\/www.eldiariodetucuman.com\/web\/wp-json\/wp\/v2\/posts"}],"about":[{"href":"https:\/\/www.eldiariodetucuman.com\/web\/wp-json\/wp\/v2\/types\/post"}],"author":[{"embeddable":true,"href":"https:\/\/www.eldiariodetucuman.com\/web\/wp-json\/wp\/v2\/users\/1"}],"replies":[{"embeddable":true,"href":"https:\/\/www.eldiariodetucuman.com\/web\/wp-json\/wp\/v2\/comments?post=47519"}],"version-history":[{"count":0,"href":"https:\/\/www.eldiariodetucuman.com\/web\/wp-json\/wp\/v2\/posts\/47519\/revisions"}],"wp:featuredmedia":[{"embeddable":true,"href":"https:\/\/www.eldiariodetucuman.com\/web\/wp-json\/wp\/v2\/media\/47520"}],"wp:attachment":[{"href":"https:\/\/www.eldiariodetucuman.com\/web\/wp-json\/wp\/v2\/media?parent=47519"}],"wp:term":[{"taxonomy":"category","embeddable":true,"href":"https:\/\/www.eldiariodetucuman.com\/web\/wp-json\/wp\/v2\/categories?post=47519"},{"taxonomy":"post_tag","embeddable":true,"href":"https:\/\/www.eldiariodetucuman.com\/web\/wp-json\/wp\/v2\/tags?post=47519"}],"curies":[{"name":"wp","href":"https:\/\/api.w.org\/{rel}","templated":true}]}}