{"id":47517,"date":"2026-04-28T13:23:14","date_gmt":"2026-04-28T16:23:14","guid":{"rendered":"https:\/\/www.eldiariodetucuman.com\/web\/la-afa-confirmo-el-cronograma-de-la-fecha-9\/"},"modified":"2026-04-28T13:23:14","modified_gmt":"2026-04-28T16:23:14","slug":"la-afa-confirmo-el-cronograma-de-la-fecha-9","status":"publish","type":"post","link":"https:\/\/www.eldiariodetucuman.com\/web\/la-afa-confirmo-el-cronograma-de-la-fecha-9\/","title":{"rendered":"La AFA confirm\u00f3 el cronograma de la fecha 9"},"content":{"rendered":"<p>    <\/p>\n<p id=\"p-1777379672743-9586\">El viernes 1\u00b0 de mayo no habr\u00e1 encuentros por el D\u00eda del Trabajador y la actividad se desarrollar\u00e1 entre s\u00e1bado y martes.<\/p>\n<p id=\"p-1777379672743-8174\">San Lorenzo e Independiente protagonizar\u00e1n uno de los partidos m\u00e1s destacados del fin de semana, el s\u00e1bado a las 18:45; mientras que Racing tambi\u00e9n se jugar\u00e1 su \u00faltima chance de acceder a la fase final del torneo. La Academia jugar\u00e1 un duelo caliente ante Hurac\u00e1n, el domingo a las 16:00.<\/p>\n<p id=\"p-1777379672743-71756\">La fecha 9 del Torneo Apertura no se jug\u00f3 en marzo debido a que el Comit\u00e9 Ejecutivo de la AFA resolvi\u00f3 llamar a un paro de actividades durante ese fin de semana. La medida fue adoptada por los clubes debido a las investigaciones judiciales que avanzan sobre Claudio \u201cChiqui\u201d Tapia y el tesorero Pablo Toviggino por una presunta evasi\u00f3n fiscal.<\/p>\n<p id=\"p-1777379672743-76587\"><strong>El cronograma completo de la fecha 9 del Torneo Apertura<\/strong><\/p>\n<p id=\"p-1777379672743-29531\"><strong> S\u00e1bado 2 de mayo<\/strong><\/p>\n<p id=\"p-1777379672743-82567\">14:00 | Barracas Central vs. Banfield (Zona B)<\/p>\n<p id=\"p-1777379672743-74551\">14:30 | Lan\u00fas vs. Deportivo Riestra (Zona A)<\/p>\n<p id=\"p-1777379672743-1186\">16:15 | Central C\u00f3rdoba vs. Boca (Zona A)<\/p>\n<p id=\"p-1777379672743-57486\">18:45 | San Lorenzo vs. Independiente (Zona A)<\/p>\n<p id=\"p-1777379672743-66554\">18:45 | Uni\u00f3n vs. Talleres (Zona A)<\/p>\n<p id=\"p-1777379672743-78956\">21:15 | Platense vs. Estudiantes (Zona A)<\/p>\n<p id=\"p-1777379672743-73981\"><strong>Domingo 3 de mayo<\/strong><\/p>\n<p id=\"p-1777379672743-90757\">13:30 | Aldosivi vs. Ind. Rivadavia (Mza.) (Zona B)<\/p>\n<p id=\"p-1777379672743-86038\">16:00 | Rosario Central vs. Tigre (Zona B)<\/p>\n<p id=\"p-1777379672743-65367\">16:00 | Racing vs. Hurac\u00e1n (Zona B)<\/p>\n<p id=\"p-1777379672743-44508\">16:00 | Gimnasia vs. Argentinos (Zona B)<\/p>\n<p id=\"p-1777379672743-82378\">16:00 | Belgrano vs. Sarmiento (Zona B)<\/p>\n<p id=\"p-1777379672743-82588\"><strong>18:30 | River vs. Atl\u00e9tico Tucum\u00e1n (Zona B)<\/strong><\/p>\n<p id=\"p-1777379672743-38050\"><strong> Lunes 4 de mayo<\/strong><\/p>\n<p id=\"p-1777379672743-94910\">17:00 | Gimnasia (Mza.) vs. Defensa y Justicia (Zona A)<\/p>\n<p id=\"p-1777379672743-4444\">19:15 | V\u00e9lez vs. Newell\u2019s (Zona A)<\/p>\n<p id=\"p-1777379672743-51173\">21:30 | Estudiantes (RC) vs. Instituto (Interzonal)<\/p>\n<p>     <strong>FUENTE:<\/strong> TN<br \/>\n<br \/>Fuente: <a href=\"https:\/\/www.lv12.com.ar\/afa\/la-afa-confirmo-el-cronograma-la-fecha-9-n196933\"> Fuente de la nota <\/a><\/p>\n","protected":false},"excerpt":{"rendered":"<p>El viernes 1\u00b0 de mayo no habr\u00e1 encuentros por el D\u00eda del Trabajador y la actividad se desarrollar\u00e1 entre s\u00e1bado y martes. San Lorenzo e Independiente protagonizar\u00e1n uno de los partidos m\u00e1s destacados del fin de semana, el s\u00e1bado a las 18:45; mientras que Racing tambi\u00e9n se jugar\u00e1 su \u00faltima chance de acceder a la [&hellip;]<\/p>\n","protected":false},"author":1,"featured_media":47518,"comment_status":"closed","ping_status":"open","sticky":false,"template":"","format":"standard","meta":{"footnotes":""},"categories":[6],"tags":[],"class_list":{"0":"post-47517","1":"post","2":"type-post","3":"status-publish","4":"format-standard","5":"has-post-thumbnail","7":"category-deporte"},"yoast_head":"<!-- This site is optimized with the Yoast SEO plugin v27.5 - https:\/\/yoast.com\/product\/yoast-seo-wordpress\/ -->\n<title>La AFA confirm\u00f3 el cronograma de la fecha 9 - El Diario de Tucuman<\/title>\n<meta name=\"robots\" content=\"index, follow, max-snippet:-1, max-image-preview:large, max-video-preview:-1\" \/>\n<link rel=\"canonical\" href=\"https:\/\/www.eldiariodetucuman.com\/web\/la-afa-confirmo-el-cronograma-de-la-fecha-9\/\" \/>\n<meta property=\"og:locale\" content=\"es_ES\" \/>\n<meta property=\"og:type\" content=\"article\" \/>\n<meta property=\"og:title\" content=\"La AFA confirm\u00f3 el cronograma de la fecha 9 - El Diario de Tucuman\" \/>\n<meta property=\"og:description\" content=\"El viernes 1\u00b0 de mayo no habr\u00e1 encuentros por el D\u00eda del Trabajador y la actividad se desarrollar\u00e1 entre s\u00e1bado y martes. San Lorenzo e Independiente protagonizar\u00e1n uno de los partidos m\u00e1s destacados del fin de semana, el s\u00e1bado a las 18:45; mientras que Racing tambi\u00e9n se jugar\u00e1 su \u00faltima chance de acceder a la [&hellip;]\" \/>\n<meta property=\"og:url\" content=\"https:\/\/www.eldiariodetucuman.com\/web\/la-afa-confirmo-el-cronograma-de-la-fecha-9\/\" \/>\n<meta property=\"og:site_name\" content=\"El Diario de Tucuman\" \/>\n<meta property=\"article:published_time\" content=\"2026-04-28T16:23:14+00:00\" \/>\n<meta name=\"author\" content=\"admin\" \/>\n<meta name=\"twitter:card\" content=\"summary_large_image\" \/>\n<meta name=\"twitter:label1\" content=\"Escrito por\" \/>\n\t<meta name=\"twitter:data1\" content=\"admin\" \/>\n\t<meta name=\"twitter:label2\" content=\"Tiempo de lectura\" \/>\n\t<meta name=\"twitter:data2\" content=\"1 minuto\" \/>\n<script type=\"application\/ld+json\" class=\"yoast-schema-graph\">{\"@context\":\"https:\\\/\\\/schema.org\",\"@graph\":[{\"@type\":\"Article\",\"@id\":\"https:\\\/\\\/www.eldiariodetucuman.com\\\/web\\\/la-afa-confirmo-el-cronograma-de-la-fecha-9\\\/#article\",\"isPartOf\":{\"@id\":\"https:\\\/\\\/www.eldiariodetucuman.com\\\/web\\\/la-afa-confirmo-el-cronograma-de-la-fecha-9\\\/\"},\"author\":{\"name\":\"admin\",\"@id\":\"https:\\\/\\\/www.eldiariodetucuman.com\\\/web\\\/#\\\/schema\\\/person\\\/9250197d75ab5483412e19678b121caa\"},\"headline\":\"La AFA confirm\u00f3 el cronograma de la fecha 9\",\"datePublished\":\"2026-04-28T16:23:14+00:00\",\"mainEntityOfPage\":{\"@id\":\"https:\\\/\\\/www.eldiariodetucuman.com\\\/web\\\/la-afa-confirmo-el-cronograma-de-la-fecha-9\\\/\"},\"wordCount\":264,\"publisher\":{\"@id\":\"https:\\\/\\\/www.eldiariodetucuman.com\\\/web\\\/#organization\"},\"image\":{\"@id\":\"https:\\\/\\\/www.eldiariodetucuman.com\\\/web\\\/la-afa-confirmo-el-cronograma-de-la-fecha-9\\\/#primaryimage\"},\"thumbnailUrl\":\"https:\\\/\\\/www.eldiariodetucuman.com\\\/web\\\/wp-content\\\/uploads\\\/2026\\\/04\\\/La-AFA-confirmo-el-cronograma-de-la-fecha-9.jpg\",\"articleSection\":[\"Deporte\"],\"inLanguage\":\"es\"},{\"@type\":\"WebPage\",\"@id\":\"https:\\\/\\\/www.eldiariodetucuman.com\\\/web\\\/la-afa-confirmo-el-cronograma-de-la-fecha-9\\\/\",\"url\":\"https:\\\/\\\/www.eldiariodetucuman.com\\\/web\\\/la-afa-confirmo-el-cronograma-de-la-fecha-9\\\/\",\"name\":\"La AFA confirm\u00f3 el cronograma de la fecha 9 - El Diario de Tucuman\",\"isPartOf\":{\"@id\":\"https:\\\/\\\/www.eldiariodetucuman.com\\\/web\\\/#website\"},\"primaryImageOfPage\":{\"@id\":\"https:\\\/\\\/www.eldiariodetucuman.com\\\/web\\\/la-afa-confirmo-el-cronograma-de-la-fecha-9\\\/#primaryimage\"},\"image\":{\"@id\":\"https:\\\/\\\/www.eldiariodetucuman.com\\\/web\\\/la-afa-confirmo-el-cronograma-de-la-fecha-9\\\/#primaryimage\"},\"thumbnailUrl\":\"https:\\\/\\\/www.eldiariodetucuman.com\\\/web\\\/wp-content\\\/uploads\\\/2026\\\/04\\\/La-AFA-confirmo-el-cronograma-de-la-fecha-9.jpg\",\"datePublished\":\"2026-04-28T16:23:14+00:00\",\"breadcrumb\":{\"@id\":\"https:\\\/\\\/www.eldiariodetucuman.com\\\/web\\\/la-afa-confirmo-el-cronograma-de-la-fecha-9\\\/#breadcrumb\"},\"inLanguage\":\"es\",\"potentialAction\":[{\"@type\":\"ReadAction\",\"target\":[\"https:\\\/\\\/www.eldiariodetucuman.com\\\/web\\\/la-afa-confirmo-el-cronograma-de-la-fecha-9\\\/\"]}]},{\"@type\":\"ImageObject\",\"inLanguage\":\"es\",\"@id\":\"https:\\\/\\\/www.eldiariodetucuman.com\\\/web\\\/la-afa-confirmo-el-cronograma-de-la-fecha-9\\\/#primaryimage\",\"url\":\"https:\\\/\\\/www.eldiariodetucuman.com\\\/web\\\/wp-content\\\/uploads\\\/2026\\\/04\\\/La-AFA-confirmo-el-cronograma-de-la-fecha-9.jpg\",\"contentUrl\":\"https:\\\/\\\/www.eldiariodetucuman.com\\\/web\\\/wp-content\\\/uploads\\\/2026\\\/04\\\/La-AFA-confirmo-el-cronograma-de-la-fecha-9.jpg\",\"width\":1200,\"height\":675},{\"@type\":\"BreadcrumbList\",\"@id\":\"https:\\\/\\\/www.eldiariodetucuman.com\\\/web\\\/la-afa-confirmo-el-cronograma-de-la-fecha-9\\\/#breadcrumb\",\"itemListElement\":[{\"@type\":\"ListItem\",\"position\":1,\"name\":\"Portada\",\"item\":\"https:\\\/\\\/www.eldiariodetucuman.com\\\/web\\\/\"},{\"@type\":\"ListItem\",\"position\":2,\"name\":\"La AFA confirm\u00f3 el cronograma de la fecha 9\"}]},{\"@type\":\"WebSite\",\"@id\":\"https:\\\/\\\/www.eldiariodetucuman.com\\\/web\\\/#website\",\"url\":\"https:\\\/\\\/www.eldiariodetucuman.com\\\/web\\\/\",\"name\":\"El Diario de Tucuman\",\"description\":\"Diario Tucuman - Informaci\u00f3n y noticias\",\"publisher\":{\"@id\":\"https:\\\/\\\/www.eldiariodetucuman.com\\\/web\\\/#organization\"},\"potentialAction\":[{\"@type\":\"SearchAction\",\"target\":{\"@type\":\"EntryPoint\",\"urlTemplate\":\"https:\\\/\\\/www.eldiariodetucuman.com\\\/web\\\/?s={search_term_string}\"},\"query-input\":{\"@type\":\"PropertyValueSpecification\",\"valueRequired\":true,\"valueName\":\"search_term_string\"}}],\"inLanguage\":\"es\"},{\"@type\":\"Organization\",\"@id\":\"https:\\\/\\\/www.eldiariodetucuman.com\\\/web\\\/#organization\",\"name\":\"El Diario de Tucuman\",\"url\":\"https:\\\/\\\/www.eldiariodetucuman.com\\\/web\\\/\",\"logo\":{\"@type\":\"ImageObject\",\"inLanguage\":\"es\",\"@id\":\"https:\\\/\\\/www.eldiariodetucuman.com\\\/web\\\/#\\\/schema\\\/logo\\\/image\\\/\",\"url\":\"http:\\\/\\\/www.eldiariodetucuman.com\\\/web\\\/wp-content\\\/uploads\\\/2017\\\/12\\\/el-diario-de-tucuman.jpg\",\"contentUrl\":\"http:\\\/\\\/www.eldiariodetucuman.com\\\/web\\\/wp-content\\\/uploads\\\/2017\\\/12\\\/el-diario-de-tucuman.jpg\",\"width\":272,\"height\":92,\"caption\":\"El Diario de Tucuman\"},\"image\":{\"@id\":\"https:\\\/\\\/www.eldiariodetucuman.com\\\/web\\\/#\\\/schema\\\/logo\\\/image\\\/\"}},{\"@type\":\"Person\",\"@id\":\"https:\\\/\\\/www.eldiariodetucuman.com\\\/web\\\/#\\\/schema\\\/person\\\/9250197d75ab5483412e19678b121caa\",\"name\":\"admin\",\"image\":{\"@type\":\"ImageObject\",\"inLanguage\":\"es\",\"@id\":\"https:\\\/\\\/secure.gravatar.com\\\/avatar\\\/c44d117c2be811212c22cb481f6b8384b6873de103fbc49e7a03cc58d7dea4ac?s=96&d=mm&r=g\",\"url\":\"https:\\\/\\\/secure.gravatar.com\\\/avatar\\\/c44d117c2be811212c22cb481f6b8384b6873de103fbc49e7a03cc58d7dea4ac?s=96&d=mm&r=g\",\"contentUrl\":\"https:\\\/\\\/secure.gravatar.com\\\/avatar\\\/c44d117c2be811212c22cb481f6b8384b6873de103fbc49e7a03cc58d7dea4ac?s=96&d=mm&r=g\",\"caption\":\"admin\"},\"url\":\"https:\\\/\\\/www.eldiariodetucuman.com\\\/web\\\/author\\\/admin\\\/\"}]}<\/script>\n<!-- \/ Yoast SEO plugin. -->","yoast_head_json":{"title":"La AFA confirm\u00f3 el cronograma de la fecha 9 - El Diario de Tucuman","robots":{"index":"index","follow":"follow","max-snippet":"max-snippet:-1","max-image-preview":"max-image-preview:large","max-video-preview":"max-video-preview:-1"},"canonical":"https:\/\/www.eldiariodetucuman.com\/web\/la-afa-confirmo-el-cronograma-de-la-fecha-9\/","og_locale":"es_ES","og_type":"article","og_title":"La AFA confirm\u00f3 el cronograma de la fecha 9 - El Diario de Tucuman","og_description":"El viernes 1\u00b0 de mayo no habr\u00e1 encuentros por el D\u00eda del Trabajador y la actividad se desarrollar\u00e1 entre s\u00e1bado y martes. San Lorenzo e Independiente protagonizar\u00e1n uno de los partidos m\u00e1s destacados del fin de semana, el s\u00e1bado a las 18:45; mientras que Racing tambi\u00e9n se jugar\u00e1 su \u00faltima chance de acceder a la [&hellip;]","og_url":"https:\/\/www.eldiariodetucuman.com\/web\/la-afa-confirmo-el-cronograma-de-la-fecha-9\/","og_site_name":"El Diario de Tucuman","article_published_time":"2026-04-28T16:23:14+00:00","author":"admin","twitter_card":"summary_large_image","twitter_misc":{"Escrito por":"admin","Tiempo de lectura":"1 minuto"},"schema":{"@context":"https:\/\/schema.org","@graph":[{"@type":"Article","@id":"https:\/\/www.eldiariodetucuman.com\/web\/la-afa-confirmo-el-cronograma-de-la-fecha-9\/#article","isPartOf":{"@id":"https:\/\/www.eldiariodetucuman.com\/web\/la-afa-confirmo-el-cronograma-de-la-fecha-9\/"},"author":{"name":"admin","@id":"https:\/\/www.eldiariodetucuman.com\/web\/#\/schema\/person\/9250197d75ab5483412e19678b121caa"},"headline":"La AFA confirm\u00f3 el cronograma de la fecha 9","datePublished":"2026-04-28T16:23:14+00:00","mainEntityOfPage":{"@id":"https:\/\/www.eldiariodetucuman.com\/web\/la-afa-confirmo-el-cronograma-de-la-fecha-9\/"},"wordCount":264,"publisher":{"@id":"https:\/\/www.eldiariodetucuman.com\/web\/#organization"},"image":{"@id":"https:\/\/www.eldiariodetucuman.com\/web\/la-afa-confirmo-el-cronograma-de-la-fecha-9\/#primaryimage"},"thumbnailUrl":"https:\/\/www.eldiariodetucuman.com\/web\/wp-content\/uploads\/2026\/04\/La-AFA-confirmo-el-cronograma-de-la-fecha-9.jpg","articleSection":["Deporte"],"inLanguage":"es"},{"@type":"WebPage","@id":"https:\/\/www.eldiariodetucuman.com\/web\/la-afa-confirmo-el-cronograma-de-la-fecha-9\/","url":"https:\/\/www.eldiariodetucuman.com\/web\/la-afa-confirmo-el-cronograma-de-la-fecha-9\/","name":"La AFA confirm\u00f3 el cronograma de la fecha 9 - El Diario de Tucuman","isPartOf":{"@id":"https:\/\/www.eldiariodetucuman.com\/web\/#website"},"primaryImageOfPage":{"@id":"https:\/\/www.eldiariodetucuman.com\/web\/la-afa-confirmo-el-cronograma-de-la-fecha-9\/#primaryimage"},"image":{"@id":"https:\/\/www.eldiariodetucuman.com\/web\/la-afa-confirmo-el-cronograma-de-la-fecha-9\/#primaryimage"},"thumbnailUrl":"https:\/\/www.eldiariodetucuman.com\/web\/wp-content\/uploads\/2026\/04\/La-AFA-confirmo-el-cronograma-de-la-fecha-9.jpg","datePublished":"2026-04-28T16:23:14+00:00","breadcrumb":{"@id":"https:\/\/www.eldiariodetucuman.com\/web\/la-afa-confirmo-el-cronograma-de-la-fecha-9\/#breadcrumb"},"inLanguage":"es","potentialAction":[{"@type":"ReadAction","target":["https:\/\/www.eldiariodetucuman.com\/web\/la-afa-confirmo-el-cronograma-de-la-fecha-9\/"]}]},{"@type":"ImageObject","inLanguage":"es","@id":"https:\/\/www.eldiariodetucuman.com\/web\/la-afa-confirmo-el-cronograma-de-la-fecha-9\/#primaryimage","url":"https:\/\/www.eldiariodetucuman.com\/web\/wp-content\/uploads\/2026\/04\/La-AFA-confirmo-el-cronograma-de-la-fecha-9.jpg","contentUrl":"https:\/\/www.eldiariodetucuman.com\/web\/wp-content\/uploads\/2026\/04\/La-AFA-confirmo-el-cronograma-de-la-fecha-9.jpg","width":1200,"height":675},{"@type":"BreadcrumbList","@id":"https:\/\/www.eldiariodetucuman.com\/web\/la-afa-confirmo-el-cronograma-de-la-fecha-9\/#breadcrumb","itemListElement":[{"@type":"ListItem","position":1,"name":"Portada","item":"https:\/\/www.eldiariodetucuman.com\/web\/"},{"@type":"ListItem","position":2,"name":"La AFA confirm\u00f3 el cronograma de la fecha 9"}]},{"@type":"WebSite","@id":"https:\/\/www.eldiariodetucuman.com\/web\/#website","url":"https:\/\/www.eldiariodetucuman.com\/web\/","name":"El Diario de Tucuman","description":"Diario Tucuman - Informaci\u00f3n y noticias","publisher":{"@id":"https:\/\/www.eldiariodetucuman.com\/web\/#organization"},"potentialAction":[{"@type":"SearchAction","target":{"@type":"EntryPoint","urlTemplate":"https:\/\/www.eldiariodetucuman.com\/web\/?s={search_term_string}"},"query-input":{"@type":"PropertyValueSpecification","valueRequired":true,"valueName":"search_term_string"}}],"inLanguage":"es"},{"@type":"Organization","@id":"https:\/\/www.eldiariodetucuman.com\/web\/#organization","name":"El Diario de Tucuman","url":"https:\/\/www.eldiariodetucuman.com\/web\/","logo":{"@type":"ImageObject","inLanguage":"es","@id":"https:\/\/www.eldiariodetucuman.com\/web\/#\/schema\/logo\/image\/","url":"http:\/\/www.eldiariodetucuman.com\/web\/wp-content\/uploads\/2017\/12\/el-diario-de-tucuman.jpg","contentUrl":"http:\/\/www.eldiariodetucuman.com\/web\/wp-content\/uploads\/2017\/12\/el-diario-de-tucuman.jpg","width":272,"height":92,"caption":"El Diario de Tucuman"},"image":{"@id":"https:\/\/www.eldiariodetucuman.com\/web\/#\/schema\/logo\/image\/"}},{"@type":"Person","@id":"https:\/\/www.eldiariodetucuman.com\/web\/#\/schema\/person\/9250197d75ab5483412e19678b121caa","name":"admin","image":{"@type":"ImageObject","inLanguage":"es","@id":"https:\/\/secure.gravatar.com\/avatar\/c44d117c2be811212c22cb481f6b8384b6873de103fbc49e7a03cc58d7dea4ac?s=96&d=mm&r=g","url":"https:\/\/secure.gravatar.com\/avatar\/c44d117c2be811212c22cb481f6b8384b6873de103fbc49e7a03cc58d7dea4ac?s=96&d=mm&r=g","contentUrl":"https:\/\/secure.gravatar.com\/avatar\/c44d117c2be811212c22cb481f6b8384b6873de103fbc49e7a03cc58d7dea4ac?s=96&d=mm&r=g","caption":"admin"},"url":"https:\/\/www.eldiariodetucuman.com\/web\/author\/admin\/"}]}},"_links":{"self":[{"href":"https:\/\/www.eldiariodetucuman.com\/web\/wp-json\/wp\/v2\/posts\/47517","targetHints":{"allow":["GET"]}}],"collection":[{"href":"https:\/\/www.eldiariodetucuman.com\/web\/wp-json\/wp\/v2\/posts"}],"about":[{"href":"https:\/\/www.eldiariodetucuman.com\/web\/wp-json\/wp\/v2\/types\/post"}],"author":[{"embeddable":true,"href":"https:\/\/www.eldiariodetucuman.com\/web\/wp-json\/wp\/v2\/users\/1"}],"replies":[{"embeddable":true,"href":"https:\/\/www.eldiariodetucuman.com\/web\/wp-json\/wp\/v2\/comments?post=47517"}],"version-history":[{"count":0,"href":"https:\/\/www.eldiariodetucuman.com\/web\/wp-json\/wp\/v2\/posts\/47517\/revisions"}],"wp:featuredmedia":[{"embeddable":true,"href":"https:\/\/www.eldiariodetucuman.com\/web\/wp-json\/wp\/v2\/media\/47518"}],"wp:attachment":[{"href":"https:\/\/www.eldiariodetucuman.com\/web\/wp-json\/wp\/v2\/media?parent=47517"}],"wp:term":[{"taxonomy":"category","embeddable":true,"href":"https:\/\/www.eldiariodetucuman.com\/web\/wp-json\/wp\/v2\/categories?post=47517"},{"taxonomy":"post_tag","embeddable":true,"href":"https:\/\/www.eldiariodetucuman.com\/web\/wp-json\/wp\/v2\/tags?post=47517"}],"curies":[{"name":"wp","href":"https:\/\/api.w.org\/{rel}","templated":true}]}}