{"id":47512,"date":"2026-04-27T20:10:05","date_gmt":"2026-04-27T23:10:05","guid":{"rendered":"https:\/\/www.eldiariodetucuman.com\/web\/aprehendieron-a-un-conductor-que-circulaba-con-un-revolver\/"},"modified":"2026-04-27T20:10:05","modified_gmt":"2026-04-27T23:10:05","slug":"aprehendieron-a-un-conductor-que-circulaba-con-un-revolver","status":"publish","type":"post","link":"https:\/\/www.eldiariodetucuman.com\/web\/aprehendieron-a-un-conductor-que-circulaba-con-un-revolver\/","title":{"rendered":"aprehendieron a un conductor que circulaba con un rev\u00f3lver"},"content":{"rendered":"<p>    <\/p>\n<p>Como resultado del procedimiento, que se concret\u00f3 en el puesto fronterizo El Mirador del Clavillo \u201cLa Banderita\u201d, secuestraron una camioneta marca Toyota, un rev\u00f3lver, cartuchos, documentaci\u00f3n y m\u00e1s de 8 millones de pesos.<\/p>\n<p>Al intervenir, las autoridades de la Unidad Fiscal de Homicidios del Centro Judicial Concepci\u00f3n avalaron los secuestros en el marco de una causa abierta por infracci\u00f3n al art\u00edculo 189 Bis por tenencia de un arma de fuego de manera ilegal. Adem\u00e1s, ordenaron la liberaci\u00f3n del conductor, de 37 a\u00f1os, luego de consultar sus antecedentes y corroborar si no tiene causas pendientes con la Justicia a trav\u00e9s del Sistema Federal de Comunicaciones Policiales (SIFCOP).<\/p>\n<p>El accionar policial fue supervisado por el director General de Drogas Peligrosas (Digedrop), Comisario General Jorge Nacusse.<\/p>\n<p>Fuente: <a href=\"https:\/\/www.lv12.com.ar\/conductor\/ruta-65-aprehendieron-un-conductor-que-circulaba-un-revolver-n196869\"> Fuente de la nota <\/a><\/p>\n","protected":false},"excerpt":{"rendered":"<p>Como resultado del procedimiento, que se concret\u00f3 en el puesto fronterizo El Mirador del Clavillo \u201cLa Banderita\u201d, secuestraron una camioneta marca Toyota, un rev\u00f3lver, cartuchos, documentaci\u00f3n y m\u00e1s de 8 millones de pesos. Al intervenir, las autoridades de la Unidad Fiscal de Homicidios del Centro Judicial Concepci\u00f3n avalaron los secuestros en el marco de una [&hellip;]<\/p>\n","protected":false},"author":1,"featured_media":47513,"comment_status":"closed","ping_status":"open","sticky":false,"template":"","format":"standard","meta":{"footnotes":""},"categories":[927],"tags":[],"class_list":{"0":"post-47512","1":"post","2":"type-post","3":"status-publish","4":"format-standard","5":"has-post-thumbnail","7":"category-policiales"},"yoast_head":"<!-- This site is optimized with the Yoast SEO plugin v27.4 - https:\/\/yoast.com\/product\/yoast-seo-wordpress\/ -->\n<title>aprehendieron a un conductor que circulaba con un rev\u00f3lver - El Diario de Tucuman<\/title>\n<meta name=\"robots\" content=\"index, follow, max-snippet:-1, max-image-preview:large, max-video-preview:-1\" \/>\n<link rel=\"canonical\" href=\"https:\/\/www.eldiariodetucuman.com\/web\/aprehendieron-a-un-conductor-que-circulaba-con-un-revolver\/\" \/>\n<meta property=\"og:locale\" content=\"es_ES\" \/>\n<meta property=\"og:type\" content=\"article\" \/>\n<meta property=\"og:title\" content=\"aprehendieron a un conductor que circulaba con un rev\u00f3lver - El Diario de Tucuman\" \/>\n<meta property=\"og:description\" content=\"Como resultado del procedimiento, que se concret\u00f3 en el puesto fronterizo El Mirador del Clavillo \u201cLa Banderita\u201d, secuestraron una camioneta marca Toyota, un rev\u00f3lver, cartuchos, documentaci\u00f3n y m\u00e1s de 8 millones de pesos. Al intervenir, las autoridades de la Unidad Fiscal de Homicidios del Centro Judicial Concepci\u00f3n avalaron los secuestros en el marco de una [&hellip;]\" \/>\n<meta property=\"og:url\" content=\"https:\/\/www.eldiariodetucuman.com\/web\/aprehendieron-a-un-conductor-que-circulaba-con-un-revolver\/\" \/>\n<meta property=\"og:site_name\" content=\"El Diario de Tucuman\" \/>\n<meta property=\"article:published_time\" content=\"2026-04-27T23:10:05+00:00\" \/>\n<meta name=\"author\" content=\"admin\" \/>\n<meta name=\"twitter:card\" content=\"summary_large_image\" \/>\n<meta name=\"twitter:label1\" content=\"Escrito por\" \/>\n\t<meta name=\"twitter:data1\" content=\"admin\" \/>\n\t<meta name=\"twitter:label2\" content=\"Tiempo de lectura\" \/>\n\t<meta name=\"twitter:data2\" content=\"1 minuto\" \/>\n<script type=\"application\/ld+json\" class=\"yoast-schema-graph\">{\"@context\":\"https:\\\/\\\/schema.org\",\"@graph\":[{\"@type\":\"Article\",\"@id\":\"https:\\\/\\\/www.eldiariodetucuman.com\\\/web\\\/aprehendieron-a-un-conductor-que-circulaba-con-un-revolver\\\/#article\",\"isPartOf\":{\"@id\":\"https:\\\/\\\/www.eldiariodetucuman.com\\\/web\\\/aprehendieron-a-un-conductor-que-circulaba-con-un-revolver\\\/\"},\"author\":{\"name\":\"admin\",\"@id\":\"https:\\\/\\\/www.eldiariodetucuman.com\\\/web\\\/#\\\/schema\\\/person\\\/9250197d75ab5483412e19678b121caa\"},\"headline\":\"aprehendieron a un conductor que circulaba con un rev\u00f3lver\",\"datePublished\":\"2026-04-27T23:10:05+00:00\",\"mainEntityOfPage\":{\"@id\":\"https:\\\/\\\/www.eldiariodetucuman.com\\\/web\\\/aprehendieron-a-un-conductor-que-circulaba-con-un-revolver\\\/\"},\"wordCount\":145,\"publisher\":{\"@id\":\"https:\\\/\\\/www.eldiariodetucuman.com\\\/web\\\/#organization\"},\"image\":{\"@id\":\"https:\\\/\\\/www.eldiariodetucuman.com\\\/web\\\/aprehendieron-a-un-conductor-que-circulaba-con-un-revolver\\\/#primaryimage\"},\"thumbnailUrl\":\"https:\\\/\\\/www.eldiariodetucuman.com\\\/web\\\/wp-content\\\/uploads\\\/2026\\\/04\\\/aprehendieron-a-un-conductor-que-circulaba-con-un-revolver.png\",\"articleSection\":[\"Policiales\"],\"inLanguage\":\"es\"},{\"@type\":\"WebPage\",\"@id\":\"https:\\\/\\\/www.eldiariodetucuman.com\\\/web\\\/aprehendieron-a-un-conductor-que-circulaba-con-un-revolver\\\/\",\"url\":\"https:\\\/\\\/www.eldiariodetucuman.com\\\/web\\\/aprehendieron-a-un-conductor-que-circulaba-con-un-revolver\\\/\",\"name\":\"aprehendieron a un conductor que circulaba con un rev\u00f3lver - El Diario de Tucuman\",\"isPartOf\":{\"@id\":\"https:\\\/\\\/www.eldiariodetucuman.com\\\/web\\\/#website\"},\"primaryImageOfPage\":{\"@id\":\"https:\\\/\\\/www.eldiariodetucuman.com\\\/web\\\/aprehendieron-a-un-conductor-que-circulaba-con-un-revolver\\\/#primaryimage\"},\"image\":{\"@id\":\"https:\\\/\\\/www.eldiariodetucuman.com\\\/web\\\/aprehendieron-a-un-conductor-que-circulaba-con-un-revolver\\\/#primaryimage\"},\"thumbnailUrl\":\"https:\\\/\\\/www.eldiariodetucuman.com\\\/web\\\/wp-content\\\/uploads\\\/2026\\\/04\\\/aprehendieron-a-un-conductor-que-circulaba-con-un-revolver.png\",\"datePublished\":\"2026-04-27T23:10:05+00:00\",\"breadcrumb\":{\"@id\":\"https:\\\/\\\/www.eldiariodetucuman.com\\\/web\\\/aprehendieron-a-un-conductor-que-circulaba-con-un-revolver\\\/#breadcrumb\"},\"inLanguage\":\"es\",\"potentialAction\":[{\"@type\":\"ReadAction\",\"target\":[\"https:\\\/\\\/www.eldiariodetucuman.com\\\/web\\\/aprehendieron-a-un-conductor-que-circulaba-con-un-revolver\\\/\"]}]},{\"@type\":\"ImageObject\",\"inLanguage\":\"es\",\"@id\":\"https:\\\/\\\/www.eldiariodetucuman.com\\\/web\\\/aprehendieron-a-un-conductor-que-circulaba-con-un-revolver\\\/#primaryimage\",\"url\":\"https:\\\/\\\/www.eldiariodetucuman.com\\\/web\\\/wp-content\\\/uploads\\\/2026\\\/04\\\/aprehendieron-a-un-conductor-que-circulaba-con-un-revolver.png\",\"contentUrl\":\"https:\\\/\\\/www.eldiariodetucuman.com\\\/web\\\/wp-content\\\/uploads\\\/2026\\\/04\\\/aprehendieron-a-un-conductor-que-circulaba-con-un-revolver.png\",\"width\":1200,\"height\":675},{\"@type\":\"BreadcrumbList\",\"@id\":\"https:\\\/\\\/www.eldiariodetucuman.com\\\/web\\\/aprehendieron-a-un-conductor-que-circulaba-con-un-revolver\\\/#breadcrumb\",\"itemListElement\":[{\"@type\":\"ListItem\",\"position\":1,\"name\":\"Portada\",\"item\":\"https:\\\/\\\/www.eldiariodetucuman.com\\\/web\\\/\"},{\"@type\":\"ListItem\",\"position\":2,\"name\":\"aprehendieron a un conductor que circulaba con un rev\u00f3lver\"}]},{\"@type\":\"WebSite\",\"@id\":\"https:\\\/\\\/www.eldiariodetucuman.com\\\/web\\\/#website\",\"url\":\"https:\\\/\\\/www.eldiariodetucuman.com\\\/web\\\/\",\"name\":\"El Diario de Tucuman\",\"description\":\"Diario Tucuman - Informaci\u00f3n y noticias\",\"publisher\":{\"@id\":\"https:\\\/\\\/www.eldiariodetucuman.com\\\/web\\\/#organization\"},\"potentialAction\":[{\"@type\":\"SearchAction\",\"target\":{\"@type\":\"EntryPoint\",\"urlTemplate\":\"https:\\\/\\\/www.eldiariodetucuman.com\\\/web\\\/?s={search_term_string}\"},\"query-input\":{\"@type\":\"PropertyValueSpecification\",\"valueRequired\":true,\"valueName\":\"search_term_string\"}}],\"inLanguage\":\"es\"},{\"@type\":\"Organization\",\"@id\":\"https:\\\/\\\/www.eldiariodetucuman.com\\\/web\\\/#organization\",\"name\":\"El Diario de Tucuman\",\"url\":\"https:\\\/\\\/www.eldiariodetucuman.com\\\/web\\\/\",\"logo\":{\"@type\":\"ImageObject\",\"inLanguage\":\"es\",\"@id\":\"https:\\\/\\\/www.eldiariodetucuman.com\\\/web\\\/#\\\/schema\\\/logo\\\/image\\\/\",\"url\":\"http:\\\/\\\/www.eldiariodetucuman.com\\\/web\\\/wp-content\\\/uploads\\\/2017\\\/12\\\/el-diario-de-tucuman.jpg\",\"contentUrl\":\"http:\\\/\\\/www.eldiariodetucuman.com\\\/web\\\/wp-content\\\/uploads\\\/2017\\\/12\\\/el-diario-de-tucuman.jpg\",\"width\":272,\"height\":92,\"caption\":\"El Diario de Tucuman\"},\"image\":{\"@id\":\"https:\\\/\\\/www.eldiariodetucuman.com\\\/web\\\/#\\\/schema\\\/logo\\\/image\\\/\"}},{\"@type\":\"Person\",\"@id\":\"https:\\\/\\\/www.eldiariodetucuman.com\\\/web\\\/#\\\/schema\\\/person\\\/9250197d75ab5483412e19678b121caa\",\"name\":\"admin\",\"image\":{\"@type\":\"ImageObject\",\"inLanguage\":\"es\",\"@id\":\"https:\\\/\\\/secure.gravatar.com\\\/avatar\\\/c44d117c2be811212c22cb481f6b8384b6873de103fbc49e7a03cc58d7dea4ac?s=96&d=mm&r=g\",\"url\":\"https:\\\/\\\/secure.gravatar.com\\\/avatar\\\/c44d117c2be811212c22cb481f6b8384b6873de103fbc49e7a03cc58d7dea4ac?s=96&d=mm&r=g\",\"contentUrl\":\"https:\\\/\\\/secure.gravatar.com\\\/avatar\\\/c44d117c2be811212c22cb481f6b8384b6873de103fbc49e7a03cc58d7dea4ac?s=96&d=mm&r=g\",\"caption\":\"admin\"},\"url\":\"https:\\\/\\\/www.eldiariodetucuman.com\\\/web\\\/author\\\/admin\\\/\"}]}<\/script>\n<!-- \/ Yoast SEO plugin. -->","yoast_head_json":{"title":"aprehendieron a un conductor que circulaba con un rev\u00f3lver - El Diario de Tucuman","robots":{"index":"index","follow":"follow","max-snippet":"max-snippet:-1","max-image-preview":"max-image-preview:large","max-video-preview":"max-video-preview:-1"},"canonical":"https:\/\/www.eldiariodetucuman.com\/web\/aprehendieron-a-un-conductor-que-circulaba-con-un-revolver\/","og_locale":"es_ES","og_type":"article","og_title":"aprehendieron a un conductor que circulaba con un rev\u00f3lver - El Diario de Tucuman","og_description":"Como resultado del procedimiento, que se concret\u00f3 en el puesto fronterizo El Mirador del Clavillo \u201cLa Banderita\u201d, secuestraron una camioneta marca Toyota, un rev\u00f3lver, cartuchos, documentaci\u00f3n y m\u00e1s de 8 millones de pesos. Al intervenir, las autoridades de la Unidad Fiscal de Homicidios del Centro Judicial Concepci\u00f3n avalaron los secuestros en el marco de una [&hellip;]","og_url":"https:\/\/www.eldiariodetucuman.com\/web\/aprehendieron-a-un-conductor-que-circulaba-con-un-revolver\/","og_site_name":"El Diario de Tucuman","article_published_time":"2026-04-27T23:10:05+00:00","author":"admin","twitter_card":"summary_large_image","twitter_misc":{"Escrito por":"admin","Tiempo de lectura":"1 minuto"},"schema":{"@context":"https:\/\/schema.org","@graph":[{"@type":"Article","@id":"https:\/\/www.eldiariodetucuman.com\/web\/aprehendieron-a-un-conductor-que-circulaba-con-un-revolver\/#article","isPartOf":{"@id":"https:\/\/www.eldiariodetucuman.com\/web\/aprehendieron-a-un-conductor-que-circulaba-con-un-revolver\/"},"author":{"name":"admin","@id":"https:\/\/www.eldiariodetucuman.com\/web\/#\/schema\/person\/9250197d75ab5483412e19678b121caa"},"headline":"aprehendieron a un conductor que circulaba con un rev\u00f3lver","datePublished":"2026-04-27T23:10:05+00:00","mainEntityOfPage":{"@id":"https:\/\/www.eldiariodetucuman.com\/web\/aprehendieron-a-un-conductor-que-circulaba-con-un-revolver\/"},"wordCount":145,"publisher":{"@id":"https:\/\/www.eldiariodetucuman.com\/web\/#organization"},"image":{"@id":"https:\/\/www.eldiariodetucuman.com\/web\/aprehendieron-a-un-conductor-que-circulaba-con-un-revolver\/#primaryimage"},"thumbnailUrl":"https:\/\/www.eldiariodetucuman.com\/web\/wp-content\/uploads\/2026\/04\/aprehendieron-a-un-conductor-que-circulaba-con-un-revolver.png","articleSection":["Policiales"],"inLanguage":"es"},{"@type":"WebPage","@id":"https:\/\/www.eldiariodetucuman.com\/web\/aprehendieron-a-un-conductor-que-circulaba-con-un-revolver\/","url":"https:\/\/www.eldiariodetucuman.com\/web\/aprehendieron-a-un-conductor-que-circulaba-con-un-revolver\/","name":"aprehendieron a un conductor que circulaba con un rev\u00f3lver - El Diario de Tucuman","isPartOf":{"@id":"https:\/\/www.eldiariodetucuman.com\/web\/#website"},"primaryImageOfPage":{"@id":"https:\/\/www.eldiariodetucuman.com\/web\/aprehendieron-a-un-conductor-que-circulaba-con-un-revolver\/#primaryimage"},"image":{"@id":"https:\/\/www.eldiariodetucuman.com\/web\/aprehendieron-a-un-conductor-que-circulaba-con-un-revolver\/#primaryimage"},"thumbnailUrl":"https:\/\/www.eldiariodetucuman.com\/web\/wp-content\/uploads\/2026\/04\/aprehendieron-a-un-conductor-que-circulaba-con-un-revolver.png","datePublished":"2026-04-27T23:10:05+00:00","breadcrumb":{"@id":"https:\/\/www.eldiariodetucuman.com\/web\/aprehendieron-a-un-conductor-que-circulaba-con-un-revolver\/#breadcrumb"},"inLanguage":"es","potentialAction":[{"@type":"ReadAction","target":["https:\/\/www.eldiariodetucuman.com\/web\/aprehendieron-a-un-conductor-que-circulaba-con-un-revolver\/"]}]},{"@type":"ImageObject","inLanguage":"es","@id":"https:\/\/www.eldiariodetucuman.com\/web\/aprehendieron-a-un-conductor-que-circulaba-con-un-revolver\/#primaryimage","url":"https:\/\/www.eldiariodetucuman.com\/web\/wp-content\/uploads\/2026\/04\/aprehendieron-a-un-conductor-que-circulaba-con-un-revolver.png","contentUrl":"https:\/\/www.eldiariodetucuman.com\/web\/wp-content\/uploads\/2026\/04\/aprehendieron-a-un-conductor-que-circulaba-con-un-revolver.png","width":1200,"height":675},{"@type":"BreadcrumbList","@id":"https:\/\/www.eldiariodetucuman.com\/web\/aprehendieron-a-un-conductor-que-circulaba-con-un-revolver\/#breadcrumb","itemListElement":[{"@type":"ListItem","position":1,"name":"Portada","item":"https:\/\/www.eldiariodetucuman.com\/web\/"},{"@type":"ListItem","position":2,"name":"aprehendieron a un conductor que circulaba con un rev\u00f3lver"}]},{"@type":"WebSite","@id":"https:\/\/www.eldiariodetucuman.com\/web\/#website","url":"https:\/\/www.eldiariodetucuman.com\/web\/","name":"El Diario de Tucuman","description":"Diario Tucuman - Informaci\u00f3n y noticias","publisher":{"@id":"https:\/\/www.eldiariodetucuman.com\/web\/#organization"},"potentialAction":[{"@type":"SearchAction","target":{"@type":"EntryPoint","urlTemplate":"https:\/\/www.eldiariodetucuman.com\/web\/?s={search_term_string}"},"query-input":{"@type":"PropertyValueSpecification","valueRequired":true,"valueName":"search_term_string"}}],"inLanguage":"es"},{"@type":"Organization","@id":"https:\/\/www.eldiariodetucuman.com\/web\/#organization","name":"El Diario de Tucuman","url":"https:\/\/www.eldiariodetucuman.com\/web\/","logo":{"@type":"ImageObject","inLanguage":"es","@id":"https:\/\/www.eldiariodetucuman.com\/web\/#\/schema\/logo\/image\/","url":"http:\/\/www.eldiariodetucuman.com\/web\/wp-content\/uploads\/2017\/12\/el-diario-de-tucuman.jpg","contentUrl":"http:\/\/www.eldiariodetucuman.com\/web\/wp-content\/uploads\/2017\/12\/el-diario-de-tucuman.jpg","width":272,"height":92,"caption":"El Diario de Tucuman"},"image":{"@id":"https:\/\/www.eldiariodetucuman.com\/web\/#\/schema\/logo\/image\/"}},{"@type":"Person","@id":"https:\/\/www.eldiariodetucuman.com\/web\/#\/schema\/person\/9250197d75ab5483412e19678b121caa","name":"admin","image":{"@type":"ImageObject","inLanguage":"es","@id":"https:\/\/secure.gravatar.com\/avatar\/c44d117c2be811212c22cb481f6b8384b6873de103fbc49e7a03cc58d7dea4ac?s=96&d=mm&r=g","url":"https:\/\/secure.gravatar.com\/avatar\/c44d117c2be811212c22cb481f6b8384b6873de103fbc49e7a03cc58d7dea4ac?s=96&d=mm&r=g","contentUrl":"https:\/\/secure.gravatar.com\/avatar\/c44d117c2be811212c22cb481f6b8384b6873de103fbc49e7a03cc58d7dea4ac?s=96&d=mm&r=g","caption":"admin"},"url":"https:\/\/www.eldiariodetucuman.com\/web\/author\/admin\/"}]}},"_links":{"self":[{"href":"https:\/\/www.eldiariodetucuman.com\/web\/wp-json\/wp\/v2\/posts\/47512","targetHints":{"allow":["GET"]}}],"collection":[{"href":"https:\/\/www.eldiariodetucuman.com\/web\/wp-json\/wp\/v2\/posts"}],"about":[{"href":"https:\/\/www.eldiariodetucuman.com\/web\/wp-json\/wp\/v2\/types\/post"}],"author":[{"embeddable":true,"href":"https:\/\/www.eldiariodetucuman.com\/web\/wp-json\/wp\/v2\/users\/1"}],"replies":[{"embeddable":true,"href":"https:\/\/www.eldiariodetucuman.com\/web\/wp-json\/wp\/v2\/comments?post=47512"}],"version-history":[{"count":0,"href":"https:\/\/www.eldiariodetucuman.com\/web\/wp-json\/wp\/v2\/posts\/47512\/revisions"}],"wp:featuredmedia":[{"embeddable":true,"href":"https:\/\/www.eldiariodetucuman.com\/web\/wp-json\/wp\/v2\/media\/47513"}],"wp:attachment":[{"href":"https:\/\/www.eldiariodetucuman.com\/web\/wp-json\/wp\/v2\/media?parent=47512"}],"wp:term":[{"taxonomy":"category","embeddable":true,"href":"https:\/\/www.eldiariodetucuman.com\/web\/wp-json\/wp\/v2\/categories?post=47512"},{"taxonomy":"post_tag","embeddable":true,"href":"https:\/\/www.eldiariodetucuman.com\/web\/wp-json\/wp\/v2\/tags?post=47512"}],"curies":[{"name":"wp","href":"https:\/\/api.w.org\/{rel}","templated":true}]}}