{"id":47482,"date":"2026-04-23T20:06:01","date_gmt":"2026-04-23T23:06:01","guid":{"rendered":"https:\/\/www.eldiariodetucuman.com\/web\/investigan-una-seguidilla-de-amenazas-de-tiroteo-en-escuelas-de-tucuman\/"},"modified":"2026-04-23T20:06:01","modified_gmt":"2026-04-23T23:06:01","slug":"investigan-una-seguidilla-de-amenazas-de-tiroteo-en-escuelas-de-tucuman","status":"publish","type":"post","link":"https:\/\/www.eldiariodetucuman.com\/web\/investigan-una-seguidilla-de-amenazas-de-tiroteo-en-escuelas-de-tucuman\/","title":{"rendered":"Investigan una seguidilla de amenazas de tiroteo en escuelas de Tucum\u00e1n"},"content":{"rendered":"<p>    <\/p>\n<p id=\"p-1776979753085-7892\">Uno de los casos se report\u00f3 a trav\u00e9s de un llamado al Sistema de Emergencias 911. La directora de la Escuela Rep\u00fablica de Paraguay inform\u00f3 que se detect\u00f3 una inscripci\u00f3n realizada con felpa en uno de los ba\u00f1os que advert\u00eda sobre un tiroteo. Seg\u00fan indic\u00f3, el marcador hab\u00eda sido arrojado dentro del inodoro, pero logr\u00f3 recuperarlo. De inmediato solicit\u00f3 la presencia policial.<\/p>\n<p id=\"p-1776979753085-78607\">En La Cocha, la directora de la Escuela Secundaria Justo Jos\u00e9 de Urquiza alert\u00f3 sobre una situaci\u00f3n similar. De acuerdo con su testimonio, la preceptora a cargo de un curso de cuarto a\u00f1o le inform\u00f3 sobre un mensaje en el ba\u00f1o de varones que dec\u00eda \u201cma\u00f1ana hay tiroteo\u201d.<\/p>\n<p>image   <\/p>\n<p id=\"p-1776979753085-73681\">Minutos m\u00e1s tarde, personal policial se present\u00f3 en la Escuela Dr. Tiburcio Padilla, en Banda del R\u00edo Sal\u00ed, tras un llamado de la instituci\u00f3n por una situaci\u00f3n similar: los alumnos hab\u00edan encontrado en el ba\u00f1o de varones una inscripci\u00f3n realizada con corrector que dec\u00eda \u201ctiro ma\u00f1ana a la salida\u201d.<\/p>\n<p id=\"p-1776979753085-3210\">En otro hecho vinculado, una mujer se present\u00f3 en una dependencia policial para denunciar que una madre le mostr\u00f3 una publicaci\u00f3n en Facebook. En ella, un usuario bajo el nombre \u201cUnforgettableJaguar7682\u201d convocaba a reunirse frente a la Escuela Ram\u00f3n Paz Posse para reclamar seguridad ante un supuesto tiroteo previsto para el d\u00eda siguiente, a las 14.<\/p>\n<p id=\"p-1776979753085-55037\">Otro episodio se report\u00f3 en Arcadia. A las 12, la directora de la Escuela 186 Provincia de Tucum\u00e1n, solicit\u00f3 presencia policial luego de que una menor escribiera con corrector en el ba\u00f1o de mujeres la frase \u201cma\u00f1ana hay un tiroteo\u201d. En el lugar se identific\u00f3 a la madre de la alumna.<\/p>\n<p>image   <\/p>\n<p id=\"p-1776979753085-18501\">A estos hechos se sum\u00f3 una advertencia en la Escuela Media Virgen de la Merced, ubicada sobre avenida Br\u00edgido Ter\u00e1n. Seg\u00fan inform\u00f3 la directora, se encontr\u00f3 en el ba\u00f1o de mujeres un anuncio de tiroteo convocado para el viernes 24 de abril.<\/p>\n<p id=\"p-1776979753085-91823\">Todos los casos fueron encuadrados como intimidaci\u00f3n p\u00fablica y quedaron bajo investigaci\u00f3n. Las autoridades avanzan en la identificaci\u00f3n de los responsables y en la evaluaci\u00f3n de las medidas de seguridad para resguardar a la comunidad educativa, en medio de la preocupaci\u00f3n que generaron las reiteradas amenazas.<\/p>\n<p>     <strong>FUENTE:<\/strong> La Gaceta<br \/>\n<br \/>Fuente: <a href=\"https:\/\/www.lv12.com.ar\/tiroteo\/investigan-una-seguidilla-amenazas-tiroteo-escuelas-tucuman-n196715\"> Fuente de la nota <\/a><\/p>\n","protected":false},"excerpt":{"rendered":"<p>Uno de los casos se report\u00f3 a trav\u00e9s de un llamado al Sistema de Emergencias 911. La directora de la Escuela Rep\u00fablica de Paraguay inform\u00f3 que se detect\u00f3 una inscripci\u00f3n realizada con felpa en uno de los ba\u00f1os que advert\u00eda sobre un tiroteo. Seg\u00fan indic\u00f3, el marcador hab\u00eda sido arrojado dentro del inodoro, pero logr\u00f3 [&hellip;]<\/p>\n","protected":false},"author":1,"featured_media":47483,"comment_status":"closed","ping_status":"open","sticky":false,"template":"","format":"standard","meta":{"footnotes":""},"categories":[927],"tags":[],"class_list":{"0":"post-47482","1":"post","2":"type-post","3":"status-publish","4":"format-standard","5":"has-post-thumbnail","7":"category-policiales"},"yoast_head":"<!-- This site is optimized with the Yoast SEO plugin v27.4 - https:\/\/yoast.com\/product\/yoast-seo-wordpress\/ -->\n<title>Investigan una seguidilla de amenazas de tiroteo en escuelas de Tucum\u00e1n - El Diario de Tucuman<\/title>\n<meta name=\"robots\" content=\"index, follow, max-snippet:-1, max-image-preview:large, max-video-preview:-1\" \/>\n<link rel=\"canonical\" href=\"https:\/\/www.eldiariodetucuman.com\/web\/investigan-una-seguidilla-de-amenazas-de-tiroteo-en-escuelas-de-tucuman\/\" \/>\n<meta property=\"og:locale\" content=\"es_ES\" \/>\n<meta property=\"og:type\" content=\"article\" \/>\n<meta property=\"og:title\" content=\"Investigan una seguidilla de amenazas de tiroteo en escuelas de Tucum\u00e1n - El Diario de Tucuman\" \/>\n<meta property=\"og:description\" content=\"Uno de los casos se report\u00f3 a trav\u00e9s de un llamado al Sistema de Emergencias 911. La directora de la Escuela Rep\u00fablica de Paraguay inform\u00f3 que se detect\u00f3 una inscripci\u00f3n realizada con felpa en uno de los ba\u00f1os que advert\u00eda sobre un tiroteo. Seg\u00fan indic\u00f3, el marcador hab\u00eda sido arrojado dentro del inodoro, pero logr\u00f3 [&hellip;]\" \/>\n<meta property=\"og:url\" content=\"https:\/\/www.eldiariodetucuman.com\/web\/investigan-una-seguidilla-de-amenazas-de-tiroteo-en-escuelas-de-tucuman\/\" \/>\n<meta property=\"og:site_name\" content=\"El Diario de Tucuman\" \/>\n<meta property=\"article:published_time\" content=\"2026-04-23T23:06:01+00:00\" \/>\n<meta name=\"author\" content=\"admin\" \/>\n<meta name=\"twitter:card\" content=\"summary_large_image\" \/>\n<meta name=\"twitter:label1\" content=\"Escrito por\" \/>\n\t<meta name=\"twitter:data1\" content=\"admin\" \/>\n\t<meta name=\"twitter:label2\" content=\"Tiempo de lectura\" \/>\n\t<meta name=\"twitter:data2\" content=\"2 minutos\" \/>\n<script type=\"application\/ld+json\" class=\"yoast-schema-graph\">{\"@context\":\"https:\\\/\\\/schema.org\",\"@graph\":[{\"@type\":\"Article\",\"@id\":\"https:\\\/\\\/www.eldiariodetucuman.com\\\/web\\\/investigan-una-seguidilla-de-amenazas-de-tiroteo-en-escuelas-de-tucuman\\\/#article\",\"isPartOf\":{\"@id\":\"https:\\\/\\\/www.eldiariodetucuman.com\\\/web\\\/investigan-una-seguidilla-de-amenazas-de-tiroteo-en-escuelas-de-tucuman\\\/\"},\"author\":{\"name\":\"admin\",\"@id\":\"https:\\\/\\\/www.eldiariodetucuman.com\\\/web\\\/#\\\/schema\\\/person\\\/9250197d75ab5483412e19678b121caa\"},\"headline\":\"Investigan una seguidilla de amenazas de tiroteo en escuelas de Tucum\u00e1n\",\"datePublished\":\"2026-04-23T23:06:01+00:00\",\"mainEntityOfPage\":{\"@id\":\"https:\\\/\\\/www.eldiariodetucuman.com\\\/web\\\/investigan-una-seguidilla-de-amenazas-de-tiroteo-en-escuelas-de-tucuman\\\/\"},\"wordCount\":408,\"publisher\":{\"@id\":\"https:\\\/\\\/www.eldiariodetucuman.com\\\/web\\\/#organization\"},\"image\":{\"@id\":\"https:\\\/\\\/www.eldiariodetucuman.com\\\/web\\\/investigan-una-seguidilla-de-amenazas-de-tiroteo-en-escuelas-de-tucuman\\\/#primaryimage\"},\"thumbnailUrl\":\"https:\\\/\\\/www.eldiariodetucuman.com\\\/web\\\/wp-content\\\/uploads\\\/2026\\\/04\\\/Investigan-una-seguidilla-de-amenazas-de-tiroteo-en-escuelas-de.jpg\",\"articleSection\":[\"Policiales\"],\"inLanguage\":\"es\"},{\"@type\":\"WebPage\",\"@id\":\"https:\\\/\\\/www.eldiariodetucuman.com\\\/web\\\/investigan-una-seguidilla-de-amenazas-de-tiroteo-en-escuelas-de-tucuman\\\/\",\"url\":\"https:\\\/\\\/www.eldiariodetucuman.com\\\/web\\\/investigan-una-seguidilla-de-amenazas-de-tiroteo-en-escuelas-de-tucuman\\\/\",\"name\":\"Investigan una seguidilla de amenazas de tiroteo en escuelas de Tucum\u00e1n - El Diario de Tucuman\",\"isPartOf\":{\"@id\":\"https:\\\/\\\/www.eldiariodetucuman.com\\\/web\\\/#website\"},\"primaryImageOfPage\":{\"@id\":\"https:\\\/\\\/www.eldiariodetucuman.com\\\/web\\\/investigan-una-seguidilla-de-amenazas-de-tiroteo-en-escuelas-de-tucuman\\\/#primaryimage\"},\"image\":{\"@id\":\"https:\\\/\\\/www.eldiariodetucuman.com\\\/web\\\/investigan-una-seguidilla-de-amenazas-de-tiroteo-en-escuelas-de-tucuman\\\/#primaryimage\"},\"thumbnailUrl\":\"https:\\\/\\\/www.eldiariodetucuman.com\\\/web\\\/wp-content\\\/uploads\\\/2026\\\/04\\\/Investigan-una-seguidilla-de-amenazas-de-tiroteo-en-escuelas-de.jpg\",\"datePublished\":\"2026-04-23T23:06:01+00:00\",\"breadcrumb\":{\"@id\":\"https:\\\/\\\/www.eldiariodetucuman.com\\\/web\\\/investigan-una-seguidilla-de-amenazas-de-tiroteo-en-escuelas-de-tucuman\\\/#breadcrumb\"},\"inLanguage\":\"es\",\"potentialAction\":[{\"@type\":\"ReadAction\",\"target\":[\"https:\\\/\\\/www.eldiariodetucuman.com\\\/web\\\/investigan-una-seguidilla-de-amenazas-de-tiroteo-en-escuelas-de-tucuman\\\/\"]}]},{\"@type\":\"ImageObject\",\"inLanguage\":\"es\",\"@id\":\"https:\\\/\\\/www.eldiariodetucuman.com\\\/web\\\/investigan-una-seguidilla-de-amenazas-de-tiroteo-en-escuelas-de-tucuman\\\/#primaryimage\",\"url\":\"https:\\\/\\\/www.eldiariodetucuman.com\\\/web\\\/wp-content\\\/uploads\\\/2026\\\/04\\\/Investigan-una-seguidilla-de-amenazas-de-tiroteo-en-escuelas-de.jpg\",\"contentUrl\":\"https:\\\/\\\/www.eldiariodetucuman.com\\\/web\\\/wp-content\\\/uploads\\\/2026\\\/04\\\/Investigan-una-seguidilla-de-amenazas-de-tiroteo-en-escuelas-de.jpg\",\"width\":1200,\"height\":675},{\"@type\":\"BreadcrumbList\",\"@id\":\"https:\\\/\\\/www.eldiariodetucuman.com\\\/web\\\/investigan-una-seguidilla-de-amenazas-de-tiroteo-en-escuelas-de-tucuman\\\/#breadcrumb\",\"itemListElement\":[{\"@type\":\"ListItem\",\"position\":1,\"name\":\"Portada\",\"item\":\"https:\\\/\\\/www.eldiariodetucuman.com\\\/web\\\/\"},{\"@type\":\"ListItem\",\"position\":2,\"name\":\"Investigan una seguidilla de amenazas de tiroteo en escuelas de Tucum\u00e1n\"}]},{\"@type\":\"WebSite\",\"@id\":\"https:\\\/\\\/www.eldiariodetucuman.com\\\/web\\\/#website\",\"url\":\"https:\\\/\\\/www.eldiariodetucuman.com\\\/web\\\/\",\"name\":\"El Diario de Tucuman\",\"description\":\"Diario Tucuman - Informaci\u00f3n y noticias\",\"publisher\":{\"@id\":\"https:\\\/\\\/www.eldiariodetucuman.com\\\/web\\\/#organization\"},\"potentialAction\":[{\"@type\":\"SearchAction\",\"target\":{\"@type\":\"EntryPoint\",\"urlTemplate\":\"https:\\\/\\\/www.eldiariodetucuman.com\\\/web\\\/?s={search_term_string}\"},\"query-input\":{\"@type\":\"PropertyValueSpecification\",\"valueRequired\":true,\"valueName\":\"search_term_string\"}}],\"inLanguage\":\"es\"},{\"@type\":\"Organization\",\"@id\":\"https:\\\/\\\/www.eldiariodetucuman.com\\\/web\\\/#organization\",\"name\":\"El Diario de Tucuman\",\"url\":\"https:\\\/\\\/www.eldiariodetucuman.com\\\/web\\\/\",\"logo\":{\"@type\":\"ImageObject\",\"inLanguage\":\"es\",\"@id\":\"https:\\\/\\\/www.eldiariodetucuman.com\\\/web\\\/#\\\/schema\\\/logo\\\/image\\\/\",\"url\":\"http:\\\/\\\/www.eldiariodetucuman.com\\\/web\\\/wp-content\\\/uploads\\\/2017\\\/12\\\/el-diario-de-tucuman.jpg\",\"contentUrl\":\"http:\\\/\\\/www.eldiariodetucuman.com\\\/web\\\/wp-content\\\/uploads\\\/2017\\\/12\\\/el-diario-de-tucuman.jpg\",\"width\":272,\"height\":92,\"caption\":\"El Diario de Tucuman\"},\"image\":{\"@id\":\"https:\\\/\\\/www.eldiariodetucuman.com\\\/web\\\/#\\\/schema\\\/logo\\\/image\\\/\"}},{\"@type\":\"Person\",\"@id\":\"https:\\\/\\\/www.eldiariodetucuman.com\\\/web\\\/#\\\/schema\\\/person\\\/9250197d75ab5483412e19678b121caa\",\"name\":\"admin\",\"image\":{\"@type\":\"ImageObject\",\"inLanguage\":\"es\",\"@id\":\"https:\\\/\\\/secure.gravatar.com\\\/avatar\\\/c44d117c2be811212c22cb481f6b8384b6873de103fbc49e7a03cc58d7dea4ac?s=96&d=mm&r=g\",\"url\":\"https:\\\/\\\/secure.gravatar.com\\\/avatar\\\/c44d117c2be811212c22cb481f6b8384b6873de103fbc49e7a03cc58d7dea4ac?s=96&d=mm&r=g\",\"contentUrl\":\"https:\\\/\\\/secure.gravatar.com\\\/avatar\\\/c44d117c2be811212c22cb481f6b8384b6873de103fbc49e7a03cc58d7dea4ac?s=96&d=mm&r=g\",\"caption\":\"admin\"},\"url\":\"https:\\\/\\\/www.eldiariodetucuman.com\\\/web\\\/author\\\/admin\\\/\"}]}<\/script>\n<!-- \/ Yoast SEO plugin. -->","yoast_head_json":{"title":"Investigan una seguidilla de amenazas de tiroteo en escuelas de Tucum\u00e1n - El Diario de Tucuman","robots":{"index":"index","follow":"follow","max-snippet":"max-snippet:-1","max-image-preview":"max-image-preview:large","max-video-preview":"max-video-preview:-1"},"canonical":"https:\/\/www.eldiariodetucuman.com\/web\/investigan-una-seguidilla-de-amenazas-de-tiroteo-en-escuelas-de-tucuman\/","og_locale":"es_ES","og_type":"article","og_title":"Investigan una seguidilla de amenazas de tiroteo en escuelas de Tucum\u00e1n - El Diario de Tucuman","og_description":"Uno de los casos se report\u00f3 a trav\u00e9s de un llamado al Sistema de Emergencias 911. La directora de la Escuela Rep\u00fablica de Paraguay inform\u00f3 que se detect\u00f3 una inscripci\u00f3n realizada con felpa en uno de los ba\u00f1os que advert\u00eda sobre un tiroteo. Seg\u00fan indic\u00f3, el marcador hab\u00eda sido arrojado dentro del inodoro, pero logr\u00f3 [&hellip;]","og_url":"https:\/\/www.eldiariodetucuman.com\/web\/investigan-una-seguidilla-de-amenazas-de-tiroteo-en-escuelas-de-tucuman\/","og_site_name":"El Diario de Tucuman","article_published_time":"2026-04-23T23:06:01+00:00","author":"admin","twitter_card":"summary_large_image","twitter_misc":{"Escrito por":"admin","Tiempo de lectura":"2 minutos"},"schema":{"@context":"https:\/\/schema.org","@graph":[{"@type":"Article","@id":"https:\/\/www.eldiariodetucuman.com\/web\/investigan-una-seguidilla-de-amenazas-de-tiroteo-en-escuelas-de-tucuman\/#article","isPartOf":{"@id":"https:\/\/www.eldiariodetucuman.com\/web\/investigan-una-seguidilla-de-amenazas-de-tiroteo-en-escuelas-de-tucuman\/"},"author":{"name":"admin","@id":"https:\/\/www.eldiariodetucuman.com\/web\/#\/schema\/person\/9250197d75ab5483412e19678b121caa"},"headline":"Investigan una seguidilla de amenazas de tiroteo en escuelas de Tucum\u00e1n","datePublished":"2026-04-23T23:06:01+00:00","mainEntityOfPage":{"@id":"https:\/\/www.eldiariodetucuman.com\/web\/investigan-una-seguidilla-de-amenazas-de-tiroteo-en-escuelas-de-tucuman\/"},"wordCount":408,"publisher":{"@id":"https:\/\/www.eldiariodetucuman.com\/web\/#organization"},"image":{"@id":"https:\/\/www.eldiariodetucuman.com\/web\/investigan-una-seguidilla-de-amenazas-de-tiroteo-en-escuelas-de-tucuman\/#primaryimage"},"thumbnailUrl":"https:\/\/www.eldiariodetucuman.com\/web\/wp-content\/uploads\/2026\/04\/Investigan-una-seguidilla-de-amenazas-de-tiroteo-en-escuelas-de.jpg","articleSection":["Policiales"],"inLanguage":"es"},{"@type":"WebPage","@id":"https:\/\/www.eldiariodetucuman.com\/web\/investigan-una-seguidilla-de-amenazas-de-tiroteo-en-escuelas-de-tucuman\/","url":"https:\/\/www.eldiariodetucuman.com\/web\/investigan-una-seguidilla-de-amenazas-de-tiroteo-en-escuelas-de-tucuman\/","name":"Investigan una seguidilla de amenazas de tiroteo en escuelas de Tucum\u00e1n - El Diario de Tucuman","isPartOf":{"@id":"https:\/\/www.eldiariodetucuman.com\/web\/#website"},"primaryImageOfPage":{"@id":"https:\/\/www.eldiariodetucuman.com\/web\/investigan-una-seguidilla-de-amenazas-de-tiroteo-en-escuelas-de-tucuman\/#primaryimage"},"image":{"@id":"https:\/\/www.eldiariodetucuman.com\/web\/investigan-una-seguidilla-de-amenazas-de-tiroteo-en-escuelas-de-tucuman\/#primaryimage"},"thumbnailUrl":"https:\/\/www.eldiariodetucuman.com\/web\/wp-content\/uploads\/2026\/04\/Investigan-una-seguidilla-de-amenazas-de-tiroteo-en-escuelas-de.jpg","datePublished":"2026-04-23T23:06:01+00:00","breadcrumb":{"@id":"https:\/\/www.eldiariodetucuman.com\/web\/investigan-una-seguidilla-de-amenazas-de-tiroteo-en-escuelas-de-tucuman\/#breadcrumb"},"inLanguage":"es","potentialAction":[{"@type":"ReadAction","target":["https:\/\/www.eldiariodetucuman.com\/web\/investigan-una-seguidilla-de-amenazas-de-tiroteo-en-escuelas-de-tucuman\/"]}]},{"@type":"ImageObject","inLanguage":"es","@id":"https:\/\/www.eldiariodetucuman.com\/web\/investigan-una-seguidilla-de-amenazas-de-tiroteo-en-escuelas-de-tucuman\/#primaryimage","url":"https:\/\/www.eldiariodetucuman.com\/web\/wp-content\/uploads\/2026\/04\/Investigan-una-seguidilla-de-amenazas-de-tiroteo-en-escuelas-de.jpg","contentUrl":"https:\/\/www.eldiariodetucuman.com\/web\/wp-content\/uploads\/2026\/04\/Investigan-una-seguidilla-de-amenazas-de-tiroteo-en-escuelas-de.jpg","width":1200,"height":675},{"@type":"BreadcrumbList","@id":"https:\/\/www.eldiariodetucuman.com\/web\/investigan-una-seguidilla-de-amenazas-de-tiroteo-en-escuelas-de-tucuman\/#breadcrumb","itemListElement":[{"@type":"ListItem","position":1,"name":"Portada","item":"https:\/\/www.eldiariodetucuman.com\/web\/"},{"@type":"ListItem","position":2,"name":"Investigan una seguidilla de amenazas de tiroteo en escuelas de Tucum\u00e1n"}]},{"@type":"WebSite","@id":"https:\/\/www.eldiariodetucuman.com\/web\/#website","url":"https:\/\/www.eldiariodetucuman.com\/web\/","name":"El Diario de Tucuman","description":"Diario Tucuman - Informaci\u00f3n y noticias","publisher":{"@id":"https:\/\/www.eldiariodetucuman.com\/web\/#organization"},"potentialAction":[{"@type":"SearchAction","target":{"@type":"EntryPoint","urlTemplate":"https:\/\/www.eldiariodetucuman.com\/web\/?s={search_term_string}"},"query-input":{"@type":"PropertyValueSpecification","valueRequired":true,"valueName":"search_term_string"}}],"inLanguage":"es"},{"@type":"Organization","@id":"https:\/\/www.eldiariodetucuman.com\/web\/#organization","name":"El Diario de Tucuman","url":"https:\/\/www.eldiariodetucuman.com\/web\/","logo":{"@type":"ImageObject","inLanguage":"es","@id":"https:\/\/www.eldiariodetucuman.com\/web\/#\/schema\/logo\/image\/","url":"http:\/\/www.eldiariodetucuman.com\/web\/wp-content\/uploads\/2017\/12\/el-diario-de-tucuman.jpg","contentUrl":"http:\/\/www.eldiariodetucuman.com\/web\/wp-content\/uploads\/2017\/12\/el-diario-de-tucuman.jpg","width":272,"height":92,"caption":"El Diario de Tucuman"},"image":{"@id":"https:\/\/www.eldiariodetucuman.com\/web\/#\/schema\/logo\/image\/"}},{"@type":"Person","@id":"https:\/\/www.eldiariodetucuman.com\/web\/#\/schema\/person\/9250197d75ab5483412e19678b121caa","name":"admin","image":{"@type":"ImageObject","inLanguage":"es","@id":"https:\/\/secure.gravatar.com\/avatar\/c44d117c2be811212c22cb481f6b8384b6873de103fbc49e7a03cc58d7dea4ac?s=96&d=mm&r=g","url":"https:\/\/secure.gravatar.com\/avatar\/c44d117c2be811212c22cb481f6b8384b6873de103fbc49e7a03cc58d7dea4ac?s=96&d=mm&r=g","contentUrl":"https:\/\/secure.gravatar.com\/avatar\/c44d117c2be811212c22cb481f6b8384b6873de103fbc49e7a03cc58d7dea4ac?s=96&d=mm&r=g","caption":"admin"},"url":"https:\/\/www.eldiariodetucuman.com\/web\/author\/admin\/"}]}},"_links":{"self":[{"href":"https:\/\/www.eldiariodetucuman.com\/web\/wp-json\/wp\/v2\/posts\/47482","targetHints":{"allow":["GET"]}}],"collection":[{"href":"https:\/\/www.eldiariodetucuman.com\/web\/wp-json\/wp\/v2\/posts"}],"about":[{"href":"https:\/\/www.eldiariodetucuman.com\/web\/wp-json\/wp\/v2\/types\/post"}],"author":[{"embeddable":true,"href":"https:\/\/www.eldiariodetucuman.com\/web\/wp-json\/wp\/v2\/users\/1"}],"replies":[{"embeddable":true,"href":"https:\/\/www.eldiariodetucuman.com\/web\/wp-json\/wp\/v2\/comments?post=47482"}],"version-history":[{"count":0,"href":"https:\/\/www.eldiariodetucuman.com\/web\/wp-json\/wp\/v2\/posts\/47482\/revisions"}],"wp:featuredmedia":[{"embeddable":true,"href":"https:\/\/www.eldiariodetucuman.com\/web\/wp-json\/wp\/v2\/media\/47483"}],"wp:attachment":[{"href":"https:\/\/www.eldiariodetucuman.com\/web\/wp-json\/wp\/v2\/media?parent=47482"}],"wp:term":[{"taxonomy":"category","embeddable":true,"href":"https:\/\/www.eldiariodetucuman.com\/web\/wp-json\/wp\/v2\/categories?post=47482"},{"taxonomy":"post_tag","embeddable":true,"href":"https:\/\/www.eldiariodetucuman.com\/web\/wp-json\/wp\/v2\/tags?post=47482"}],"curies":[{"name":"wp","href":"https:\/\/api.w.org\/{rel}","templated":true}]}}