{"id":47480,"date":"2026-04-23T13:20:27","date_gmt":"2026-04-23T16:20:27","guid":{"rendered":"https:\/\/www.eldiariodetucuman.com\/web\/jaldo-se-reunio-con-representantes-de-trabajadores-del-ersept\/"},"modified":"2026-04-23T13:20:27","modified_gmt":"2026-04-23T16:20:27","slug":"jaldo-se-reunio-con-representantes-de-trabajadores-del-ersept","status":"publish","type":"post","link":"https:\/\/www.eldiariodetucuman.com\/web\/jaldo-se-reunio-con-representantes-de-trabajadores-del-ersept\/","title":{"rendered":"Jaldo se reuni\u00f3 con representantes de trabajadores del Ersept"},"content":{"rendered":"<p><\/p>\n<p id=\"isPasted\">El gobernador de la provincia, <strong>Osvaldo Jaldo<\/strong>, mantuvo una reuni\u00f3n en Casa de Gobierno con el representante de la Asociaci\u00f3n de Trabajadores del Ente Regulador de Energ\u00eda de Tucum\u00e1n (ATERET), <strong>Fabi\u00e1n Fr\u00edas<\/strong>.<\/p>\n<p>Tras el encuentro, Fr\u00edas expres\u00f3: \u201ctuvimos reuni\u00f3n con el gobernador que muy amablemente hoy nos convoc\u00f3 para interesarse por nuestra labor en la repartici\u00f3n\u201d.<\/p>\n<p>El dirigente sindical detall\u00f3 que durante el encuentro se convers\u00f3 sobre temas relacionados con la din\u00e1mica interna del organismo y la necesidad de garantizar respuestas a la ciudadan\u00eda. \u00a0<\/p>\n<\/p>\n<p>Asimismo, indic\u00f3 que el sector se puso a disposici\u00f3n del Poder Ejecutivo para colaborar en la atenci\u00f3n de demandas sociales: \u201cnosotros nos ponemos a disposici\u00f3n del gobernador como trabajadores y como representante del gremio para estar a la par de la gente en momentos donde las lluvias afectaron el interior y se necesita hoy que toda la repartici\u00f3n est\u00e9 trabajando en la calle\u201d.\u00a0<\/p>\n<p>Finalmente, el representante sindical destac\u00f3 el resultado del encuentro y la respuesta del mandatario provincial. \u201cSiempre est\u00e1 el gobernador a la par de los dirigentes sindicales. Nos vamos conformes con la reuni\u00f3n y eso significa darle tranquilidad tambi\u00e9n a todos los compa\u00f1eros\u201d.<\/p>\n<p>Fuente: <a href=\"https:\/\/www.comunicaciontucuman.gob.ar\/noticia\/gobernacion\/240717\/jaldo-se-reunio-representantes-trabajadores-ersept\"> Fuente de la nota <\/a><\/p>\n","protected":false},"excerpt":{"rendered":"<p>El gobernador de la provincia, Osvaldo Jaldo, mantuvo una reuni\u00f3n en Casa de Gobierno con el representante de la Asociaci\u00f3n de Trabajadores del Ente Regulador de Energ\u00eda de Tucum\u00e1n (ATERET), Fabi\u00e1n Fr\u00edas. Tras el encuentro, Fr\u00edas expres\u00f3: \u201ctuvimos reuni\u00f3n con el gobernador que muy amablemente hoy nos convoc\u00f3 para interesarse por nuestra labor en la [&hellip;]<\/p>\n","protected":false},"author":1,"featured_media":47481,"comment_status":"closed","ping_status":"open","sticky":false,"template":"","format":"standard","meta":{"footnotes":""},"categories":[3],"tags":[],"class_list":{"0":"post-47480","1":"post","2":"type-post","3":"status-publish","4":"format-standard","5":"has-post-thumbnail","7":"category-politica"},"yoast_head":"<!-- This site is optimized with the Yoast SEO plugin v27.4 - https:\/\/yoast.com\/product\/yoast-seo-wordpress\/ -->\n<title>Jaldo se reuni\u00f3 con representantes de trabajadores del Ersept - El Diario de Tucuman<\/title>\n<meta name=\"robots\" content=\"index, follow, max-snippet:-1, max-image-preview:large, max-video-preview:-1\" \/>\n<link rel=\"canonical\" href=\"https:\/\/www.eldiariodetucuman.com\/web\/jaldo-se-reunio-con-representantes-de-trabajadores-del-ersept\/\" \/>\n<meta property=\"og:locale\" content=\"es_ES\" \/>\n<meta property=\"og:type\" content=\"article\" \/>\n<meta property=\"og:title\" content=\"Jaldo se reuni\u00f3 con representantes de trabajadores del Ersept - El Diario de Tucuman\" \/>\n<meta property=\"og:description\" content=\"El gobernador de la provincia, Osvaldo Jaldo, mantuvo una reuni\u00f3n en Casa de Gobierno con el representante de la Asociaci\u00f3n de Trabajadores del Ente Regulador de Energ\u00eda de Tucum\u00e1n (ATERET), Fabi\u00e1n Fr\u00edas. Tras el encuentro, Fr\u00edas expres\u00f3: \u201ctuvimos reuni\u00f3n con el gobernador que muy amablemente hoy nos convoc\u00f3 para interesarse por nuestra labor en la [&hellip;]\" \/>\n<meta property=\"og:url\" content=\"https:\/\/www.eldiariodetucuman.com\/web\/jaldo-se-reunio-con-representantes-de-trabajadores-del-ersept\/\" \/>\n<meta property=\"og:site_name\" content=\"El Diario de Tucuman\" \/>\n<meta property=\"article:published_time\" content=\"2026-04-23T16:20:27+00:00\" \/>\n<meta name=\"author\" content=\"admin\" \/>\n<meta name=\"twitter:card\" content=\"summary_large_image\" \/>\n<meta name=\"twitter:label1\" content=\"Escrito por\" \/>\n\t<meta name=\"twitter:data1\" content=\"admin\" \/>\n\t<meta name=\"twitter:label2\" content=\"Tiempo de lectura\" \/>\n\t<meta name=\"twitter:data2\" content=\"1 minuto\" \/>\n<script type=\"application\/ld+json\" class=\"yoast-schema-graph\">{\"@context\":\"https:\\\/\\\/schema.org\",\"@graph\":[{\"@type\":\"Article\",\"@id\":\"https:\\\/\\\/www.eldiariodetucuman.com\\\/web\\\/jaldo-se-reunio-con-representantes-de-trabajadores-del-ersept\\\/#article\",\"isPartOf\":{\"@id\":\"https:\\\/\\\/www.eldiariodetucuman.com\\\/web\\\/jaldo-se-reunio-con-representantes-de-trabajadores-del-ersept\\\/\"},\"author\":{\"name\":\"admin\",\"@id\":\"https:\\\/\\\/www.eldiariodetucuman.com\\\/web\\\/#\\\/schema\\\/person\\\/9250197d75ab5483412e19678b121caa\"},\"headline\":\"Jaldo se reuni\u00f3 con representantes de trabajadores del Ersept\",\"datePublished\":\"2026-04-23T16:20:27+00:00\",\"mainEntityOfPage\":{\"@id\":\"https:\\\/\\\/www.eldiariodetucuman.com\\\/web\\\/jaldo-se-reunio-con-representantes-de-trabajadores-del-ersept\\\/\"},\"wordCount\":221,\"publisher\":{\"@id\":\"https:\\\/\\\/www.eldiariodetucuman.com\\\/web\\\/#organization\"},\"image\":{\"@id\":\"https:\\\/\\\/www.eldiariodetucuman.com\\\/web\\\/jaldo-se-reunio-con-representantes-de-trabajadores-del-ersept\\\/#primaryimage\"},\"thumbnailUrl\":\"https:\\\/\\\/www.eldiariodetucuman.com\\\/web\\\/wp-content\\\/uploads\\\/2026\\\/04\\\/Jaldo-se-reunio-con-representantes-de-trabajadores-del-Ersept.jpg\",\"articleSection\":[\"Politica\"],\"inLanguage\":\"es\"},{\"@type\":\"WebPage\",\"@id\":\"https:\\\/\\\/www.eldiariodetucuman.com\\\/web\\\/jaldo-se-reunio-con-representantes-de-trabajadores-del-ersept\\\/\",\"url\":\"https:\\\/\\\/www.eldiariodetucuman.com\\\/web\\\/jaldo-se-reunio-con-representantes-de-trabajadores-del-ersept\\\/\",\"name\":\"Jaldo se reuni\u00f3 con representantes de trabajadores del Ersept - El Diario de Tucuman\",\"isPartOf\":{\"@id\":\"https:\\\/\\\/www.eldiariodetucuman.com\\\/web\\\/#website\"},\"primaryImageOfPage\":{\"@id\":\"https:\\\/\\\/www.eldiariodetucuman.com\\\/web\\\/jaldo-se-reunio-con-representantes-de-trabajadores-del-ersept\\\/#primaryimage\"},\"image\":{\"@id\":\"https:\\\/\\\/www.eldiariodetucuman.com\\\/web\\\/jaldo-se-reunio-con-representantes-de-trabajadores-del-ersept\\\/#primaryimage\"},\"thumbnailUrl\":\"https:\\\/\\\/www.eldiariodetucuman.com\\\/web\\\/wp-content\\\/uploads\\\/2026\\\/04\\\/Jaldo-se-reunio-con-representantes-de-trabajadores-del-Ersept.jpg\",\"datePublished\":\"2026-04-23T16:20:27+00:00\",\"breadcrumb\":{\"@id\":\"https:\\\/\\\/www.eldiariodetucuman.com\\\/web\\\/jaldo-se-reunio-con-representantes-de-trabajadores-del-ersept\\\/#breadcrumb\"},\"inLanguage\":\"es\",\"potentialAction\":[{\"@type\":\"ReadAction\",\"target\":[\"https:\\\/\\\/www.eldiariodetucuman.com\\\/web\\\/jaldo-se-reunio-con-representantes-de-trabajadores-del-ersept\\\/\"]}]},{\"@type\":\"ImageObject\",\"inLanguage\":\"es\",\"@id\":\"https:\\\/\\\/www.eldiariodetucuman.com\\\/web\\\/jaldo-se-reunio-con-representantes-de-trabajadores-del-ersept\\\/#primaryimage\",\"url\":\"https:\\\/\\\/www.eldiariodetucuman.com\\\/web\\\/wp-content\\\/uploads\\\/2026\\\/04\\\/Jaldo-se-reunio-con-representantes-de-trabajadores-del-Ersept.jpg\",\"contentUrl\":\"https:\\\/\\\/www.eldiariodetucuman.com\\\/web\\\/wp-content\\\/uploads\\\/2026\\\/04\\\/Jaldo-se-reunio-con-representantes-de-trabajadores-del-Ersept.jpg\",\"width\":818,\"height\":460},{\"@type\":\"BreadcrumbList\",\"@id\":\"https:\\\/\\\/www.eldiariodetucuman.com\\\/web\\\/jaldo-se-reunio-con-representantes-de-trabajadores-del-ersept\\\/#breadcrumb\",\"itemListElement\":[{\"@type\":\"ListItem\",\"position\":1,\"name\":\"Portada\",\"item\":\"https:\\\/\\\/www.eldiariodetucuman.com\\\/web\\\/\"},{\"@type\":\"ListItem\",\"position\":2,\"name\":\"Jaldo se reuni\u00f3 con representantes de trabajadores del Ersept\"}]},{\"@type\":\"WebSite\",\"@id\":\"https:\\\/\\\/www.eldiariodetucuman.com\\\/web\\\/#website\",\"url\":\"https:\\\/\\\/www.eldiariodetucuman.com\\\/web\\\/\",\"name\":\"El Diario de Tucuman\",\"description\":\"Diario Tucuman - Informaci\u00f3n y noticias\",\"publisher\":{\"@id\":\"https:\\\/\\\/www.eldiariodetucuman.com\\\/web\\\/#organization\"},\"potentialAction\":[{\"@type\":\"SearchAction\",\"target\":{\"@type\":\"EntryPoint\",\"urlTemplate\":\"https:\\\/\\\/www.eldiariodetucuman.com\\\/web\\\/?s={search_term_string}\"},\"query-input\":{\"@type\":\"PropertyValueSpecification\",\"valueRequired\":true,\"valueName\":\"search_term_string\"}}],\"inLanguage\":\"es\"},{\"@type\":\"Organization\",\"@id\":\"https:\\\/\\\/www.eldiariodetucuman.com\\\/web\\\/#organization\",\"name\":\"El Diario de Tucuman\",\"url\":\"https:\\\/\\\/www.eldiariodetucuman.com\\\/web\\\/\",\"logo\":{\"@type\":\"ImageObject\",\"inLanguage\":\"es\",\"@id\":\"https:\\\/\\\/www.eldiariodetucuman.com\\\/web\\\/#\\\/schema\\\/logo\\\/image\\\/\",\"url\":\"http:\\\/\\\/www.eldiariodetucuman.com\\\/web\\\/wp-content\\\/uploads\\\/2017\\\/12\\\/el-diario-de-tucuman.jpg\",\"contentUrl\":\"http:\\\/\\\/www.eldiariodetucuman.com\\\/web\\\/wp-content\\\/uploads\\\/2017\\\/12\\\/el-diario-de-tucuman.jpg\",\"width\":272,\"height\":92,\"caption\":\"El Diario de Tucuman\"},\"image\":{\"@id\":\"https:\\\/\\\/www.eldiariodetucuman.com\\\/web\\\/#\\\/schema\\\/logo\\\/image\\\/\"}},{\"@type\":\"Person\",\"@id\":\"https:\\\/\\\/www.eldiariodetucuman.com\\\/web\\\/#\\\/schema\\\/person\\\/9250197d75ab5483412e19678b121caa\",\"name\":\"admin\",\"image\":{\"@type\":\"ImageObject\",\"inLanguage\":\"es\",\"@id\":\"https:\\\/\\\/secure.gravatar.com\\\/avatar\\\/c44d117c2be811212c22cb481f6b8384b6873de103fbc49e7a03cc58d7dea4ac?s=96&d=mm&r=g\",\"url\":\"https:\\\/\\\/secure.gravatar.com\\\/avatar\\\/c44d117c2be811212c22cb481f6b8384b6873de103fbc49e7a03cc58d7dea4ac?s=96&d=mm&r=g\",\"contentUrl\":\"https:\\\/\\\/secure.gravatar.com\\\/avatar\\\/c44d117c2be811212c22cb481f6b8384b6873de103fbc49e7a03cc58d7dea4ac?s=96&d=mm&r=g\",\"caption\":\"admin\"},\"url\":\"https:\\\/\\\/www.eldiariodetucuman.com\\\/web\\\/author\\\/admin\\\/\"}]}<\/script>\n<!-- \/ Yoast SEO plugin. -->","yoast_head_json":{"title":"Jaldo se reuni\u00f3 con representantes de trabajadores del Ersept - El Diario de Tucuman","robots":{"index":"index","follow":"follow","max-snippet":"max-snippet:-1","max-image-preview":"max-image-preview:large","max-video-preview":"max-video-preview:-1"},"canonical":"https:\/\/www.eldiariodetucuman.com\/web\/jaldo-se-reunio-con-representantes-de-trabajadores-del-ersept\/","og_locale":"es_ES","og_type":"article","og_title":"Jaldo se reuni\u00f3 con representantes de trabajadores del Ersept - El Diario de Tucuman","og_description":"El gobernador de la provincia, Osvaldo Jaldo, mantuvo una reuni\u00f3n en Casa de Gobierno con el representante de la Asociaci\u00f3n de Trabajadores del Ente Regulador de Energ\u00eda de Tucum\u00e1n (ATERET), Fabi\u00e1n Fr\u00edas. Tras el encuentro, Fr\u00edas expres\u00f3: \u201ctuvimos reuni\u00f3n con el gobernador que muy amablemente hoy nos convoc\u00f3 para interesarse por nuestra labor en la [&hellip;]","og_url":"https:\/\/www.eldiariodetucuman.com\/web\/jaldo-se-reunio-con-representantes-de-trabajadores-del-ersept\/","og_site_name":"El Diario de Tucuman","article_published_time":"2026-04-23T16:20:27+00:00","author":"admin","twitter_card":"summary_large_image","twitter_misc":{"Escrito por":"admin","Tiempo de lectura":"1 minuto"},"schema":{"@context":"https:\/\/schema.org","@graph":[{"@type":"Article","@id":"https:\/\/www.eldiariodetucuman.com\/web\/jaldo-se-reunio-con-representantes-de-trabajadores-del-ersept\/#article","isPartOf":{"@id":"https:\/\/www.eldiariodetucuman.com\/web\/jaldo-se-reunio-con-representantes-de-trabajadores-del-ersept\/"},"author":{"name":"admin","@id":"https:\/\/www.eldiariodetucuman.com\/web\/#\/schema\/person\/9250197d75ab5483412e19678b121caa"},"headline":"Jaldo se reuni\u00f3 con representantes de trabajadores del Ersept","datePublished":"2026-04-23T16:20:27+00:00","mainEntityOfPage":{"@id":"https:\/\/www.eldiariodetucuman.com\/web\/jaldo-se-reunio-con-representantes-de-trabajadores-del-ersept\/"},"wordCount":221,"publisher":{"@id":"https:\/\/www.eldiariodetucuman.com\/web\/#organization"},"image":{"@id":"https:\/\/www.eldiariodetucuman.com\/web\/jaldo-se-reunio-con-representantes-de-trabajadores-del-ersept\/#primaryimage"},"thumbnailUrl":"https:\/\/www.eldiariodetucuman.com\/web\/wp-content\/uploads\/2026\/04\/Jaldo-se-reunio-con-representantes-de-trabajadores-del-Ersept.jpg","articleSection":["Politica"],"inLanguage":"es"},{"@type":"WebPage","@id":"https:\/\/www.eldiariodetucuman.com\/web\/jaldo-se-reunio-con-representantes-de-trabajadores-del-ersept\/","url":"https:\/\/www.eldiariodetucuman.com\/web\/jaldo-se-reunio-con-representantes-de-trabajadores-del-ersept\/","name":"Jaldo se reuni\u00f3 con representantes de trabajadores del Ersept - El Diario de Tucuman","isPartOf":{"@id":"https:\/\/www.eldiariodetucuman.com\/web\/#website"},"primaryImageOfPage":{"@id":"https:\/\/www.eldiariodetucuman.com\/web\/jaldo-se-reunio-con-representantes-de-trabajadores-del-ersept\/#primaryimage"},"image":{"@id":"https:\/\/www.eldiariodetucuman.com\/web\/jaldo-se-reunio-con-representantes-de-trabajadores-del-ersept\/#primaryimage"},"thumbnailUrl":"https:\/\/www.eldiariodetucuman.com\/web\/wp-content\/uploads\/2026\/04\/Jaldo-se-reunio-con-representantes-de-trabajadores-del-Ersept.jpg","datePublished":"2026-04-23T16:20:27+00:00","breadcrumb":{"@id":"https:\/\/www.eldiariodetucuman.com\/web\/jaldo-se-reunio-con-representantes-de-trabajadores-del-ersept\/#breadcrumb"},"inLanguage":"es","potentialAction":[{"@type":"ReadAction","target":["https:\/\/www.eldiariodetucuman.com\/web\/jaldo-se-reunio-con-representantes-de-trabajadores-del-ersept\/"]}]},{"@type":"ImageObject","inLanguage":"es","@id":"https:\/\/www.eldiariodetucuman.com\/web\/jaldo-se-reunio-con-representantes-de-trabajadores-del-ersept\/#primaryimage","url":"https:\/\/www.eldiariodetucuman.com\/web\/wp-content\/uploads\/2026\/04\/Jaldo-se-reunio-con-representantes-de-trabajadores-del-Ersept.jpg","contentUrl":"https:\/\/www.eldiariodetucuman.com\/web\/wp-content\/uploads\/2026\/04\/Jaldo-se-reunio-con-representantes-de-trabajadores-del-Ersept.jpg","width":818,"height":460},{"@type":"BreadcrumbList","@id":"https:\/\/www.eldiariodetucuman.com\/web\/jaldo-se-reunio-con-representantes-de-trabajadores-del-ersept\/#breadcrumb","itemListElement":[{"@type":"ListItem","position":1,"name":"Portada","item":"https:\/\/www.eldiariodetucuman.com\/web\/"},{"@type":"ListItem","position":2,"name":"Jaldo se reuni\u00f3 con representantes de trabajadores del Ersept"}]},{"@type":"WebSite","@id":"https:\/\/www.eldiariodetucuman.com\/web\/#website","url":"https:\/\/www.eldiariodetucuman.com\/web\/","name":"El Diario de Tucuman","description":"Diario Tucuman - Informaci\u00f3n y noticias","publisher":{"@id":"https:\/\/www.eldiariodetucuman.com\/web\/#organization"},"potentialAction":[{"@type":"SearchAction","target":{"@type":"EntryPoint","urlTemplate":"https:\/\/www.eldiariodetucuman.com\/web\/?s={search_term_string}"},"query-input":{"@type":"PropertyValueSpecification","valueRequired":true,"valueName":"search_term_string"}}],"inLanguage":"es"},{"@type":"Organization","@id":"https:\/\/www.eldiariodetucuman.com\/web\/#organization","name":"El Diario de Tucuman","url":"https:\/\/www.eldiariodetucuman.com\/web\/","logo":{"@type":"ImageObject","inLanguage":"es","@id":"https:\/\/www.eldiariodetucuman.com\/web\/#\/schema\/logo\/image\/","url":"http:\/\/www.eldiariodetucuman.com\/web\/wp-content\/uploads\/2017\/12\/el-diario-de-tucuman.jpg","contentUrl":"http:\/\/www.eldiariodetucuman.com\/web\/wp-content\/uploads\/2017\/12\/el-diario-de-tucuman.jpg","width":272,"height":92,"caption":"El Diario de Tucuman"},"image":{"@id":"https:\/\/www.eldiariodetucuman.com\/web\/#\/schema\/logo\/image\/"}},{"@type":"Person","@id":"https:\/\/www.eldiariodetucuman.com\/web\/#\/schema\/person\/9250197d75ab5483412e19678b121caa","name":"admin","image":{"@type":"ImageObject","inLanguage":"es","@id":"https:\/\/secure.gravatar.com\/avatar\/c44d117c2be811212c22cb481f6b8384b6873de103fbc49e7a03cc58d7dea4ac?s=96&d=mm&r=g","url":"https:\/\/secure.gravatar.com\/avatar\/c44d117c2be811212c22cb481f6b8384b6873de103fbc49e7a03cc58d7dea4ac?s=96&d=mm&r=g","contentUrl":"https:\/\/secure.gravatar.com\/avatar\/c44d117c2be811212c22cb481f6b8384b6873de103fbc49e7a03cc58d7dea4ac?s=96&d=mm&r=g","caption":"admin"},"url":"https:\/\/www.eldiariodetucuman.com\/web\/author\/admin\/"}]}},"_links":{"self":[{"href":"https:\/\/www.eldiariodetucuman.com\/web\/wp-json\/wp\/v2\/posts\/47480","targetHints":{"allow":["GET"]}}],"collection":[{"href":"https:\/\/www.eldiariodetucuman.com\/web\/wp-json\/wp\/v2\/posts"}],"about":[{"href":"https:\/\/www.eldiariodetucuman.com\/web\/wp-json\/wp\/v2\/types\/post"}],"author":[{"embeddable":true,"href":"https:\/\/www.eldiariodetucuman.com\/web\/wp-json\/wp\/v2\/users\/1"}],"replies":[{"embeddable":true,"href":"https:\/\/www.eldiariodetucuman.com\/web\/wp-json\/wp\/v2\/comments?post=47480"}],"version-history":[{"count":0,"href":"https:\/\/www.eldiariodetucuman.com\/web\/wp-json\/wp\/v2\/posts\/47480\/revisions"}],"wp:featuredmedia":[{"embeddable":true,"href":"https:\/\/www.eldiariodetucuman.com\/web\/wp-json\/wp\/v2\/media\/47481"}],"wp:attachment":[{"href":"https:\/\/www.eldiariodetucuman.com\/web\/wp-json\/wp\/v2\/media?parent=47480"}],"wp:term":[{"taxonomy":"category","embeddable":true,"href":"https:\/\/www.eldiariodetucuman.com\/web\/wp-json\/wp\/v2\/categories?post=47480"},{"taxonomy":"post_tag","embeddable":true,"href":"https:\/\/www.eldiariodetucuman.com\/web\/wp-json\/wp\/v2\/tags?post=47480"}],"curies":[{"name":"wp","href":"https:\/\/api.w.org\/{rel}","templated":true}]}}