{"id":47459,"date":"2026-04-21T01:15:11","date_gmt":"2026-04-21T04:15:11","guid":{"rendered":"https:\/\/www.eldiariodetucuman.com\/web\/jaldo-pidio-la-detencion-y-la-expulsion-de-los-alumnos-que-cometen-delitos-hay-que-ir-a-fondo\/"},"modified":"2026-04-21T01:15:11","modified_gmt":"2026-04-21T04:15:11","slug":"jaldo-pidio-la-detencion-y-la-expulsion-de-los-alumnos-que-cometen-delitos-hay-que-ir-a-fondo","status":"publish","type":"post","link":"https:\/\/www.eldiariodetucuman.com\/web\/jaldo-pidio-la-detencion-y-la-expulsion-de-los-alumnos-que-cometen-delitos-hay-que-ir-a-fondo\/","title":{"rendered":"Jaldo pidi\u00f3 la detenci\u00f3n y la expulsi\u00f3n de los alumnos que cometen delitos: \u201cHay que ir a fondo\u201d"},"content":{"rendered":"<p><\/p>\n<p id=\"isPasted\">El gobernador <strong>Osvaldo Jaldo<\/strong> reclam\u00f3 a la Justicia y a las instituciones educativas que act\u00faen con m\u00e1s firmeza y severidad con los alumnos que sean hallados responsables de las amenazas de tiroteos y quienes lleven armas blancas o de fuego a las aulas.<\/p>\n<p>\u00a0\u201cHay que ir a fondo con las medidas. Estos chicos que de alguna manera cometen delitos pintando paredes o llevando armas blancas y armas de fuego tienen que ser detenidos. Tienen que hacerlos responsables penal y civilmente a sus padres de manera inmediata. No tomemos estas medidas cuando haya heridos o las discutamos sobre un f\u00e9retro\u201d, declar\u00f3 al diario La Gaceta.<\/p>\n<p>El tenor de las declaraciones del mandatario evidencian el malestar que hay en la Casa de Gobierno por las escasas o nulas consecuencias que se est\u00e1n aplicando en casos que encienden las alarmas en el \u00e1mbito educativo. <\/p>\n<p>&#13;<br \/>\n&#13;<\/p>\n<p>\u201cEl que comete un delito o un intento de delito tiene que quedar detenido y ser expulsado de la instituci\u00f3n. A esto hay que darle un corte de cuajo, no da para m\u00e1s. No esperemos que ocurra un hecho lamentable que nadie quiere. No hay margen de ser ben\u00e9volos, flexibles o mirar para otro lado, porque si esto se agrava y sucede lo que no queremos que suceda, seguramente va a rayar a las autoridades de turno\u201d, lanz\u00f3 el Gobernador a La Gaceta.<\/p>\n<p>&#13;<\/p>\n<p>El titular del Poder Ejecutivo (PE) se expres\u00f3 en esos t\u00e9rminos luego de que se informara que en Tucum\u00e1n se registraron cerca de 90 denuncias por amenazas de tiroteo en los \u00faltimos d\u00edas y que hay alumnos que reconocieron ser responsables de las pintadas.<\/p>\n<p>Adem\u00e1s, recientemente se conoci\u00f3 que un estudiante llev\u00f3 una navaja a la Escuela de Comercio N\u00b01 (aunque afirm\u00f3 que fue un error) y que una jueza revoc\u00f3 la prisi\u00f3n preventiva que le hab\u00edan dictado a un adolescentes de 17 a\u00f1os por llevar a la escuela un rev\u00f3lver calibre 38 sin que se produjeran incidentes.\u00a0<\/p>\n<p>\u201cEl accionar de la Polic\u00eda est\u00e1 a pleno. La Justicia tiene que endurecer las medidas. El que comete un delito debe ser detenido y enviado a Benjam\u00edn Paz (donde funciona el instituto para menores Padre Brochero). Darle all\u00ed todo el acompa\u00f1amiento, pero no puede poner en riesgo a un colegio\u201d, arremeti\u00f3 el gobernador.<\/p>\n<p id=\"isPasted\">En ese sentido, Jaldo record\u00f3 que apenas se conocieron las primeras amenazas el PE public\u00f3 el Decreto N\u00b0 772\/7, con el fin de intensificar acciones preventivas y de disuasi\u00f3n, as\u00ed como endurecer las consecuencias para los responsables. El instrumento autoriza la expulsi\u00f3n y aprehensi\u00f3n de los alumnos que participen de los actos de inconductas, con traslado a Padre Brochero. Adem\u00e1s, estableci\u00f3 que los padres y tutores ser\u00e1n responsables de las conductas de los menores, y advirti\u00f3 que los establecimientos educativos pueden perder los subsidios del Estado si no se hacen cargo del cuidado de los estudiantes.<\/p>\n<p>\u201cEl PE ha redactado un decreto para que todas las medidas que se tomen en los establecimientos educativos se puedan profundizar e ir a fondo. Ya tenemos el caso de un ni\u00f1o que llev\u00f3 un rev\u00f3lver, y lo mandaron a la casa. Hay otro que llev\u00f3 una cortapluma, y lo mandaron a la casa, como si nada estuviera pasando. Me parece que de una vez por todas hay que ir a fondo con las medidas. Si lleva un rev\u00f3lver o un cortapluma al colegio es un riesgo cierto para los compa\u00f1eros y una preocupaci\u00f3n seria para todos los padres. Hay que ir a fondo\u201d, insisti\u00f3 Jaldo.<\/p>\n<\/p>\n<p>Fuente: <a href=\"https:\/\/www.comunicaciontucuman.gob.ar\/noticia\/gobernacion\/240645\/jaldo-pidio-detencion-expulsion-alumnos-cometen-delitos-hay-ir-fondo\"> Fuente de la nota <\/a><\/p>\n","protected":false},"excerpt":{"rendered":"<p>El gobernador Osvaldo Jaldo reclam\u00f3 a la Justicia y a las instituciones educativas que act\u00faen con m\u00e1s firmeza y severidad con los alumnos que sean hallados responsables de las amenazas de tiroteos y quienes lleven armas blancas o de fuego a las aulas. \u00a0\u201cHay que ir a fondo con las medidas. Estos chicos que de [&hellip;]<\/p>\n","protected":false},"author":1,"featured_media":47460,"comment_status":"closed","ping_status":"open","sticky":false,"template":"","format":"standard","meta":{"footnotes":""},"categories":[3],"tags":[],"class_list":{"0":"post-47459","1":"post","2":"type-post","3":"status-publish","4":"format-standard","5":"has-post-thumbnail","7":"category-politica"},"yoast_head":"<!-- This site is optimized with the Yoast SEO plugin v27.4 - https:\/\/yoast.com\/product\/yoast-seo-wordpress\/ -->\n<title>Jaldo pidi\u00f3 la detenci\u00f3n y la expulsi\u00f3n de los alumnos que cometen delitos: \u201cHay que ir a fondo\u201d - El Diario de Tucuman<\/title>\n<meta name=\"robots\" content=\"index, follow, max-snippet:-1, max-image-preview:large, max-video-preview:-1\" \/>\n<link rel=\"canonical\" href=\"https:\/\/www.eldiariodetucuman.com\/web\/jaldo-pidio-la-detencion-y-la-expulsion-de-los-alumnos-que-cometen-delitos-hay-que-ir-a-fondo\/\" \/>\n<meta property=\"og:locale\" content=\"es_ES\" \/>\n<meta property=\"og:type\" content=\"article\" \/>\n<meta property=\"og:title\" content=\"Jaldo pidi\u00f3 la detenci\u00f3n y la expulsi\u00f3n de los alumnos que cometen delitos: \u201cHay que ir a fondo\u201d - El Diario de Tucuman\" \/>\n<meta property=\"og:description\" content=\"El gobernador Osvaldo Jaldo reclam\u00f3 a la Justicia y a las instituciones educativas que act\u00faen con m\u00e1s firmeza y severidad con los alumnos que sean hallados responsables de las amenazas de tiroteos y quienes lleven armas blancas o de fuego a las aulas. \u00a0\u201cHay que ir a fondo con las medidas. Estos chicos que de [&hellip;]\" \/>\n<meta property=\"og:url\" content=\"https:\/\/www.eldiariodetucuman.com\/web\/jaldo-pidio-la-detencion-y-la-expulsion-de-los-alumnos-que-cometen-delitos-hay-que-ir-a-fondo\/\" \/>\n<meta property=\"og:site_name\" content=\"El Diario de Tucuman\" \/>\n<meta property=\"article:published_time\" content=\"2026-04-21T04:15:11+00:00\" \/>\n<meta name=\"author\" content=\"admin\" \/>\n<meta name=\"twitter:card\" content=\"summary_large_image\" \/>\n<meta name=\"twitter:label1\" content=\"Escrito por\" \/>\n\t<meta name=\"twitter:data1\" content=\"admin\" \/>\n\t<meta name=\"twitter:label2\" content=\"Tiempo de lectura\" \/>\n\t<meta name=\"twitter:data2\" content=\"3 minutos\" \/>\n<script type=\"application\/ld+json\" class=\"yoast-schema-graph\">{\"@context\":\"https:\\\/\\\/schema.org\",\"@graph\":[{\"@type\":\"Article\",\"@id\":\"https:\\\/\\\/www.eldiariodetucuman.com\\\/web\\\/jaldo-pidio-la-detencion-y-la-expulsion-de-los-alumnos-que-cometen-delitos-hay-que-ir-a-fondo\\\/#article\",\"isPartOf\":{\"@id\":\"https:\\\/\\\/www.eldiariodetucuman.com\\\/web\\\/jaldo-pidio-la-detencion-y-la-expulsion-de-los-alumnos-que-cometen-delitos-hay-que-ir-a-fondo\\\/\"},\"author\":{\"name\":\"admin\",\"@id\":\"https:\\\/\\\/www.eldiariodetucuman.com\\\/web\\\/#\\\/schema\\\/person\\\/9250197d75ab5483412e19678b121caa\"},\"headline\":\"Jaldo pidi\u00f3 la detenci\u00f3n y la expulsi\u00f3n de los alumnos que cometen delitos: \u201cHay que ir a fondo\u201d\",\"datePublished\":\"2026-04-21T04:15:11+00:00\",\"mainEntityOfPage\":{\"@id\":\"https:\\\/\\\/www.eldiariodetucuman.com\\\/web\\\/jaldo-pidio-la-detencion-y-la-expulsion-de-los-alumnos-que-cometen-delitos-hay-que-ir-a-fondo\\\/\"},\"wordCount\":626,\"publisher\":{\"@id\":\"https:\\\/\\\/www.eldiariodetucuman.com\\\/web\\\/#organization\"},\"image\":{\"@id\":\"https:\\\/\\\/www.eldiariodetucuman.com\\\/web\\\/jaldo-pidio-la-detencion-y-la-expulsion-de-los-alumnos-que-cometen-delitos-hay-que-ir-a-fondo\\\/#primaryimage\"},\"thumbnailUrl\":\"https:\\\/\\\/www.eldiariodetucuman.com\\\/web\\\/wp-content\\\/uploads\\\/2026\\\/04\\\/Jaldo-pidio-la-detencion-y-la-expulsion-de-los-alumnos.jpeg\",\"articleSection\":[\"Politica\"],\"inLanguage\":\"es\"},{\"@type\":\"WebPage\",\"@id\":\"https:\\\/\\\/www.eldiariodetucuman.com\\\/web\\\/jaldo-pidio-la-detencion-y-la-expulsion-de-los-alumnos-que-cometen-delitos-hay-que-ir-a-fondo\\\/\",\"url\":\"https:\\\/\\\/www.eldiariodetucuman.com\\\/web\\\/jaldo-pidio-la-detencion-y-la-expulsion-de-los-alumnos-que-cometen-delitos-hay-que-ir-a-fondo\\\/\",\"name\":\"Jaldo pidi\u00f3 la detenci\u00f3n y la expulsi\u00f3n de los alumnos que cometen delitos: \u201cHay que ir a fondo\u201d - El Diario de Tucuman\",\"isPartOf\":{\"@id\":\"https:\\\/\\\/www.eldiariodetucuman.com\\\/web\\\/#website\"},\"primaryImageOfPage\":{\"@id\":\"https:\\\/\\\/www.eldiariodetucuman.com\\\/web\\\/jaldo-pidio-la-detencion-y-la-expulsion-de-los-alumnos-que-cometen-delitos-hay-que-ir-a-fondo\\\/#primaryimage\"},\"image\":{\"@id\":\"https:\\\/\\\/www.eldiariodetucuman.com\\\/web\\\/jaldo-pidio-la-detencion-y-la-expulsion-de-los-alumnos-que-cometen-delitos-hay-que-ir-a-fondo\\\/#primaryimage\"},\"thumbnailUrl\":\"https:\\\/\\\/www.eldiariodetucuman.com\\\/web\\\/wp-content\\\/uploads\\\/2026\\\/04\\\/Jaldo-pidio-la-detencion-y-la-expulsion-de-los-alumnos.jpeg\",\"datePublished\":\"2026-04-21T04:15:11+00:00\",\"breadcrumb\":{\"@id\":\"https:\\\/\\\/www.eldiariodetucuman.com\\\/web\\\/jaldo-pidio-la-detencion-y-la-expulsion-de-los-alumnos-que-cometen-delitos-hay-que-ir-a-fondo\\\/#breadcrumb\"},\"inLanguage\":\"es\",\"potentialAction\":[{\"@type\":\"ReadAction\",\"target\":[\"https:\\\/\\\/www.eldiariodetucuman.com\\\/web\\\/jaldo-pidio-la-detencion-y-la-expulsion-de-los-alumnos-que-cometen-delitos-hay-que-ir-a-fondo\\\/\"]}]},{\"@type\":\"ImageObject\",\"inLanguage\":\"es\",\"@id\":\"https:\\\/\\\/www.eldiariodetucuman.com\\\/web\\\/jaldo-pidio-la-detencion-y-la-expulsion-de-los-alumnos-que-cometen-delitos-hay-que-ir-a-fondo\\\/#primaryimage\",\"url\":\"https:\\\/\\\/www.eldiariodetucuman.com\\\/web\\\/wp-content\\\/uploads\\\/2026\\\/04\\\/Jaldo-pidio-la-detencion-y-la-expulsion-de-los-alumnos.jpeg\",\"contentUrl\":\"https:\\\/\\\/www.eldiariodetucuman.com\\\/web\\\/wp-content\\\/uploads\\\/2026\\\/04\\\/Jaldo-pidio-la-detencion-y-la-expulsion-de-los-alumnos.jpeg\",\"width\":818,\"height\":460},{\"@type\":\"BreadcrumbList\",\"@id\":\"https:\\\/\\\/www.eldiariodetucuman.com\\\/web\\\/jaldo-pidio-la-detencion-y-la-expulsion-de-los-alumnos-que-cometen-delitos-hay-que-ir-a-fondo\\\/#breadcrumb\",\"itemListElement\":[{\"@type\":\"ListItem\",\"position\":1,\"name\":\"Portada\",\"item\":\"https:\\\/\\\/www.eldiariodetucuman.com\\\/web\\\/\"},{\"@type\":\"ListItem\",\"position\":2,\"name\":\"Jaldo pidi\u00f3 la detenci\u00f3n y la expulsi\u00f3n de los alumnos que cometen delitos: \u201cHay que ir a fondo\u201d\"}]},{\"@type\":\"WebSite\",\"@id\":\"https:\\\/\\\/www.eldiariodetucuman.com\\\/web\\\/#website\",\"url\":\"https:\\\/\\\/www.eldiariodetucuman.com\\\/web\\\/\",\"name\":\"El Diario de Tucuman\",\"description\":\"Diario Tucuman - Informaci\u00f3n y noticias\",\"publisher\":{\"@id\":\"https:\\\/\\\/www.eldiariodetucuman.com\\\/web\\\/#organization\"},\"potentialAction\":[{\"@type\":\"SearchAction\",\"target\":{\"@type\":\"EntryPoint\",\"urlTemplate\":\"https:\\\/\\\/www.eldiariodetucuman.com\\\/web\\\/?s={search_term_string}\"},\"query-input\":{\"@type\":\"PropertyValueSpecification\",\"valueRequired\":true,\"valueName\":\"search_term_string\"}}],\"inLanguage\":\"es\"},{\"@type\":\"Organization\",\"@id\":\"https:\\\/\\\/www.eldiariodetucuman.com\\\/web\\\/#organization\",\"name\":\"El Diario de Tucuman\",\"url\":\"https:\\\/\\\/www.eldiariodetucuman.com\\\/web\\\/\",\"logo\":{\"@type\":\"ImageObject\",\"inLanguage\":\"es\",\"@id\":\"https:\\\/\\\/www.eldiariodetucuman.com\\\/web\\\/#\\\/schema\\\/logo\\\/image\\\/\",\"url\":\"http:\\\/\\\/www.eldiariodetucuman.com\\\/web\\\/wp-content\\\/uploads\\\/2017\\\/12\\\/el-diario-de-tucuman.jpg\",\"contentUrl\":\"http:\\\/\\\/www.eldiariodetucuman.com\\\/web\\\/wp-content\\\/uploads\\\/2017\\\/12\\\/el-diario-de-tucuman.jpg\",\"width\":272,\"height\":92,\"caption\":\"El Diario de Tucuman\"},\"image\":{\"@id\":\"https:\\\/\\\/www.eldiariodetucuman.com\\\/web\\\/#\\\/schema\\\/logo\\\/image\\\/\"}},{\"@type\":\"Person\",\"@id\":\"https:\\\/\\\/www.eldiariodetucuman.com\\\/web\\\/#\\\/schema\\\/person\\\/9250197d75ab5483412e19678b121caa\",\"name\":\"admin\",\"image\":{\"@type\":\"ImageObject\",\"inLanguage\":\"es\",\"@id\":\"https:\\\/\\\/secure.gravatar.com\\\/avatar\\\/c44d117c2be811212c22cb481f6b8384b6873de103fbc49e7a03cc58d7dea4ac?s=96&d=mm&r=g\",\"url\":\"https:\\\/\\\/secure.gravatar.com\\\/avatar\\\/c44d117c2be811212c22cb481f6b8384b6873de103fbc49e7a03cc58d7dea4ac?s=96&d=mm&r=g\",\"contentUrl\":\"https:\\\/\\\/secure.gravatar.com\\\/avatar\\\/c44d117c2be811212c22cb481f6b8384b6873de103fbc49e7a03cc58d7dea4ac?s=96&d=mm&r=g\",\"caption\":\"admin\"},\"url\":\"https:\\\/\\\/www.eldiariodetucuman.com\\\/web\\\/author\\\/admin\\\/\"}]}<\/script>\n<!-- \/ Yoast SEO plugin. -->","yoast_head_json":{"title":"Jaldo pidi\u00f3 la detenci\u00f3n y la expulsi\u00f3n de los alumnos que cometen delitos: \u201cHay que ir a fondo\u201d - El Diario de Tucuman","robots":{"index":"index","follow":"follow","max-snippet":"max-snippet:-1","max-image-preview":"max-image-preview:large","max-video-preview":"max-video-preview:-1"},"canonical":"https:\/\/www.eldiariodetucuman.com\/web\/jaldo-pidio-la-detencion-y-la-expulsion-de-los-alumnos-que-cometen-delitos-hay-que-ir-a-fondo\/","og_locale":"es_ES","og_type":"article","og_title":"Jaldo pidi\u00f3 la detenci\u00f3n y la expulsi\u00f3n de los alumnos que cometen delitos: \u201cHay que ir a fondo\u201d - El Diario de Tucuman","og_description":"El gobernador Osvaldo Jaldo reclam\u00f3 a la Justicia y a las instituciones educativas que act\u00faen con m\u00e1s firmeza y severidad con los alumnos que sean hallados responsables de las amenazas de tiroteos y quienes lleven armas blancas o de fuego a las aulas. \u00a0\u201cHay que ir a fondo con las medidas. Estos chicos que de [&hellip;]","og_url":"https:\/\/www.eldiariodetucuman.com\/web\/jaldo-pidio-la-detencion-y-la-expulsion-de-los-alumnos-que-cometen-delitos-hay-que-ir-a-fondo\/","og_site_name":"El Diario de Tucuman","article_published_time":"2026-04-21T04:15:11+00:00","author":"admin","twitter_card":"summary_large_image","twitter_misc":{"Escrito por":"admin","Tiempo de lectura":"3 minutos"},"schema":{"@context":"https:\/\/schema.org","@graph":[{"@type":"Article","@id":"https:\/\/www.eldiariodetucuman.com\/web\/jaldo-pidio-la-detencion-y-la-expulsion-de-los-alumnos-que-cometen-delitos-hay-que-ir-a-fondo\/#article","isPartOf":{"@id":"https:\/\/www.eldiariodetucuman.com\/web\/jaldo-pidio-la-detencion-y-la-expulsion-de-los-alumnos-que-cometen-delitos-hay-que-ir-a-fondo\/"},"author":{"name":"admin","@id":"https:\/\/www.eldiariodetucuman.com\/web\/#\/schema\/person\/9250197d75ab5483412e19678b121caa"},"headline":"Jaldo pidi\u00f3 la detenci\u00f3n y la expulsi\u00f3n de los alumnos que cometen delitos: \u201cHay que ir a fondo\u201d","datePublished":"2026-04-21T04:15:11+00:00","mainEntityOfPage":{"@id":"https:\/\/www.eldiariodetucuman.com\/web\/jaldo-pidio-la-detencion-y-la-expulsion-de-los-alumnos-que-cometen-delitos-hay-que-ir-a-fondo\/"},"wordCount":626,"publisher":{"@id":"https:\/\/www.eldiariodetucuman.com\/web\/#organization"},"image":{"@id":"https:\/\/www.eldiariodetucuman.com\/web\/jaldo-pidio-la-detencion-y-la-expulsion-de-los-alumnos-que-cometen-delitos-hay-que-ir-a-fondo\/#primaryimage"},"thumbnailUrl":"https:\/\/www.eldiariodetucuman.com\/web\/wp-content\/uploads\/2026\/04\/Jaldo-pidio-la-detencion-y-la-expulsion-de-los-alumnos.jpeg","articleSection":["Politica"],"inLanguage":"es"},{"@type":"WebPage","@id":"https:\/\/www.eldiariodetucuman.com\/web\/jaldo-pidio-la-detencion-y-la-expulsion-de-los-alumnos-que-cometen-delitos-hay-que-ir-a-fondo\/","url":"https:\/\/www.eldiariodetucuman.com\/web\/jaldo-pidio-la-detencion-y-la-expulsion-de-los-alumnos-que-cometen-delitos-hay-que-ir-a-fondo\/","name":"Jaldo pidi\u00f3 la detenci\u00f3n y la expulsi\u00f3n de los alumnos que cometen delitos: \u201cHay que ir a fondo\u201d - El Diario de Tucuman","isPartOf":{"@id":"https:\/\/www.eldiariodetucuman.com\/web\/#website"},"primaryImageOfPage":{"@id":"https:\/\/www.eldiariodetucuman.com\/web\/jaldo-pidio-la-detencion-y-la-expulsion-de-los-alumnos-que-cometen-delitos-hay-que-ir-a-fondo\/#primaryimage"},"image":{"@id":"https:\/\/www.eldiariodetucuman.com\/web\/jaldo-pidio-la-detencion-y-la-expulsion-de-los-alumnos-que-cometen-delitos-hay-que-ir-a-fondo\/#primaryimage"},"thumbnailUrl":"https:\/\/www.eldiariodetucuman.com\/web\/wp-content\/uploads\/2026\/04\/Jaldo-pidio-la-detencion-y-la-expulsion-de-los-alumnos.jpeg","datePublished":"2026-04-21T04:15:11+00:00","breadcrumb":{"@id":"https:\/\/www.eldiariodetucuman.com\/web\/jaldo-pidio-la-detencion-y-la-expulsion-de-los-alumnos-que-cometen-delitos-hay-que-ir-a-fondo\/#breadcrumb"},"inLanguage":"es","potentialAction":[{"@type":"ReadAction","target":["https:\/\/www.eldiariodetucuman.com\/web\/jaldo-pidio-la-detencion-y-la-expulsion-de-los-alumnos-que-cometen-delitos-hay-que-ir-a-fondo\/"]}]},{"@type":"ImageObject","inLanguage":"es","@id":"https:\/\/www.eldiariodetucuman.com\/web\/jaldo-pidio-la-detencion-y-la-expulsion-de-los-alumnos-que-cometen-delitos-hay-que-ir-a-fondo\/#primaryimage","url":"https:\/\/www.eldiariodetucuman.com\/web\/wp-content\/uploads\/2026\/04\/Jaldo-pidio-la-detencion-y-la-expulsion-de-los-alumnos.jpeg","contentUrl":"https:\/\/www.eldiariodetucuman.com\/web\/wp-content\/uploads\/2026\/04\/Jaldo-pidio-la-detencion-y-la-expulsion-de-los-alumnos.jpeg","width":818,"height":460},{"@type":"BreadcrumbList","@id":"https:\/\/www.eldiariodetucuman.com\/web\/jaldo-pidio-la-detencion-y-la-expulsion-de-los-alumnos-que-cometen-delitos-hay-que-ir-a-fondo\/#breadcrumb","itemListElement":[{"@type":"ListItem","position":1,"name":"Portada","item":"https:\/\/www.eldiariodetucuman.com\/web\/"},{"@type":"ListItem","position":2,"name":"Jaldo pidi\u00f3 la detenci\u00f3n y la expulsi\u00f3n de los alumnos que cometen delitos: \u201cHay que ir a fondo\u201d"}]},{"@type":"WebSite","@id":"https:\/\/www.eldiariodetucuman.com\/web\/#website","url":"https:\/\/www.eldiariodetucuman.com\/web\/","name":"El Diario de Tucuman","description":"Diario Tucuman - Informaci\u00f3n y noticias","publisher":{"@id":"https:\/\/www.eldiariodetucuman.com\/web\/#organization"},"potentialAction":[{"@type":"SearchAction","target":{"@type":"EntryPoint","urlTemplate":"https:\/\/www.eldiariodetucuman.com\/web\/?s={search_term_string}"},"query-input":{"@type":"PropertyValueSpecification","valueRequired":true,"valueName":"search_term_string"}}],"inLanguage":"es"},{"@type":"Organization","@id":"https:\/\/www.eldiariodetucuman.com\/web\/#organization","name":"El Diario de Tucuman","url":"https:\/\/www.eldiariodetucuman.com\/web\/","logo":{"@type":"ImageObject","inLanguage":"es","@id":"https:\/\/www.eldiariodetucuman.com\/web\/#\/schema\/logo\/image\/","url":"http:\/\/www.eldiariodetucuman.com\/web\/wp-content\/uploads\/2017\/12\/el-diario-de-tucuman.jpg","contentUrl":"http:\/\/www.eldiariodetucuman.com\/web\/wp-content\/uploads\/2017\/12\/el-diario-de-tucuman.jpg","width":272,"height":92,"caption":"El Diario de Tucuman"},"image":{"@id":"https:\/\/www.eldiariodetucuman.com\/web\/#\/schema\/logo\/image\/"}},{"@type":"Person","@id":"https:\/\/www.eldiariodetucuman.com\/web\/#\/schema\/person\/9250197d75ab5483412e19678b121caa","name":"admin","image":{"@type":"ImageObject","inLanguage":"es","@id":"https:\/\/secure.gravatar.com\/avatar\/c44d117c2be811212c22cb481f6b8384b6873de103fbc49e7a03cc58d7dea4ac?s=96&d=mm&r=g","url":"https:\/\/secure.gravatar.com\/avatar\/c44d117c2be811212c22cb481f6b8384b6873de103fbc49e7a03cc58d7dea4ac?s=96&d=mm&r=g","contentUrl":"https:\/\/secure.gravatar.com\/avatar\/c44d117c2be811212c22cb481f6b8384b6873de103fbc49e7a03cc58d7dea4ac?s=96&d=mm&r=g","caption":"admin"},"url":"https:\/\/www.eldiariodetucuman.com\/web\/author\/admin\/"}]}},"_links":{"self":[{"href":"https:\/\/www.eldiariodetucuman.com\/web\/wp-json\/wp\/v2\/posts\/47459","targetHints":{"allow":["GET"]}}],"collection":[{"href":"https:\/\/www.eldiariodetucuman.com\/web\/wp-json\/wp\/v2\/posts"}],"about":[{"href":"https:\/\/www.eldiariodetucuman.com\/web\/wp-json\/wp\/v2\/types\/post"}],"author":[{"embeddable":true,"href":"https:\/\/www.eldiariodetucuman.com\/web\/wp-json\/wp\/v2\/users\/1"}],"replies":[{"embeddable":true,"href":"https:\/\/www.eldiariodetucuman.com\/web\/wp-json\/wp\/v2\/comments?post=47459"}],"version-history":[{"count":0,"href":"https:\/\/www.eldiariodetucuman.com\/web\/wp-json\/wp\/v2\/posts\/47459\/revisions"}],"wp:featuredmedia":[{"embeddable":true,"href":"https:\/\/www.eldiariodetucuman.com\/web\/wp-json\/wp\/v2\/media\/47460"}],"wp:attachment":[{"href":"https:\/\/www.eldiariodetucuman.com\/web\/wp-json\/wp\/v2\/media?parent=47459"}],"wp:term":[{"taxonomy":"category","embeddable":true,"href":"https:\/\/www.eldiariodetucuman.com\/web\/wp-json\/wp\/v2\/categories?post=47459"},{"taxonomy":"post_tag","embeddable":true,"href":"https:\/\/www.eldiariodetucuman.com\/web\/wp-json\/wp\/v2\/tags?post=47459"}],"curies":[{"name":"wp","href":"https:\/\/api.w.org\/{rel}","templated":true}]}}