{"id":47384,"date":"2026-04-11T12:53:17","date_gmt":"2026-04-11T15:53:17","guid":{"rendered":"https:\/\/www.eldiariodetucuman.com\/web\/jaldo-inauguro-un-pozo-de-agua-en-el-liceo-militar-y-garantizo-el-abastecimiento-a-barrios-vecinos\/"},"modified":"2026-04-11T12:53:17","modified_gmt":"2026-04-11T15:53:17","slug":"jaldo-inauguro-un-pozo-de-agua-en-el-liceo-militar-y-garantizo-el-abastecimiento-a-barrios-vecinos","status":"publish","type":"post","link":"https:\/\/www.eldiariodetucuman.com\/web\/jaldo-inauguro-un-pozo-de-agua-en-el-liceo-militar-y-garantizo-el-abastecimiento-a-barrios-vecinos\/","title":{"rendered":"Jaldo inaugur\u00f3 un pozo de agua en el Liceo Militar y garantiz\u00f3 el abastecimiento a barrios vecinos"},"content":{"rendered":"<p><\/p>\n<p>El gobernador <strong>Osvaldo Jaldo<\/strong> dej\u00f3 inaugurado un pozo de agua potable en el Liceo Militar Gregoria Ar\u00e1oz de Lamadrid (Italia al 2.500) y la obra resolvi\u00f3 un problema hist\u00f3rico de suministro que afect\u00f3 a la instituci\u00f3n militar educativa durante m\u00e1s de tres d\u00e9cadas y benefici\u00f3 adem\u00e1s a barrios aleda\u00f1os.<\/p>\n<p>Lo acompa\u00f1aron los ministros de Seguridad, <strong>Eugenio Ag\u00fcero Gamboa, de Salud, Luis Medina Ruiz, el director del Liceo, coronel Jos\u00e9 Mar\u00eda Santill\u00e1n, la senadora del bloque Independencia, Beatriz \u00c1vila, el ex intendente capitalino, Germ\u00e1n Alfaro, los legisladores Ger\u00f3nimo Vargas Aignasse, Tulio Caponio y Carlos Najar, el titular de la Sociedad Aguas del Tucum\u00e1n (SAT), Marcelo Caponio, el secretario de Gobierno y Relaciones Institucionales, Ra\u00fal Albarrac\u00edn, el Administrador General del Ente de Infraestructura Armando Cortalezzi, el Jefe de Polic\u00eda, Joaqu\u00edn Girvau y el subjefe, Roque Y\u00f1igo<\/strong>, entre otros.<\/p>\n<p data-start=\"0\" data-end=\"104\">\u00a0Durante el acto, el mandatario provincial explic\u00f3 el alcance de la intervenci\u00f3n y el impacto directo en la comunidad educativa. En ese marco, Jaldo sostuvo: \u201cHoy hemos venido a dejar inaugurado oficialmente algo que hemos trabajado junto con el liceo militar, que era una sentida necesidad conjuntamente con la Sociedad Aguas del Tucum\u00e1n (SAT), que es el gobierno de la provincia, porque el liceo militar no ten\u00eda agua potable. Todos los d\u00edas ten\u00edan que venir camiones cisternas para cargar los tanques de agua. Imag\u00ednense los mil alumnos, los docentes y el personal que presta servicio sin agua potable todos los d\u00edas en este Liceo Militar Gregorio Ar\u00e1oz de Lamadrid, en la provincia de Tucum\u00e1n\u201d.<\/p>\n<p data-start=\"1135\" data-end=\"1746\">\n<p data-start=\"1135\" data-end=\"1746\">Luego, el gobernador detall\u00f3 las caracter\u00edsticas t\u00e9cnicas de la obra y el trabajo conjunto con la instituci\u00f3n. En ese sentido, afirm\u00f3: \u201cUn pozo totalmente moderno, con una capacidad de casi ciento cincuenta mil litros por hora, con tableros de prevenci\u00f3n y de funcionamiento. El Ej\u00e9rcito y el liceo militar hicieron un gran esfuerzo para recuperar el tanque de agua y reparar las ca\u00f1er\u00edas internas del predio. Hoy el pozo queda oficialmente funcionando, la SAT cumpli\u00f3 en tiempo y forma, y el liceo ya no tendr\u00e1 que recibir camiones cisterna para abastecerse\u201d.<\/p>\n<h3 data-section-id=\"13i66dd\" data-start=\"1748\" data-end=\"1782\">Impacto en los barrios cercanos<\/h3>\n<p data-start=\"1784\" data-end=\"2218\">El titular del Ejecutivo provincial tambi\u00e9n remarc\u00f3 que la obra no solo resolvi\u00f3 la situaci\u00f3n del establecimiento educativo, sino que mejor\u00f3 el servicio en la zona. En ese marco, expres\u00f3: \u201cEste pozo sirve al liceo, pero beneficia tambi\u00e9n a muchos barrios y vecinos de esta jurisdicci\u00f3n. En los barrios colindantes, como el barrio Jard\u00edn y otros, los vecinos ya notan mayor presi\u00f3n de agua, donde antes hab\u00eda baja presi\u00f3n o escasez\u201d.<\/p>\n<p data-start=\"1784\" data-end=\"2218\">\n<h3 data-section-id=\"1bii9rm\" data-start=\"2220\" data-end=\"2268\">Inversi\u00f3n y planificaci\u00f3n del sistema h\u00eddrico<\/h3>\n<p data-start=\"2270\" data-end=\"2805\">Por su parte Caponio destac\u00f3 la decisi\u00f3n pol\u00edtica que permiti\u00f3 concretar la obra. En ese sentido, indic\u00f3: \u201cHoy inauguramos un pozo de agua para esta instituci\u00f3n tan prestigiosa de la provincia de Tucum\u00e1n, que es el Liceo General Gregorio Ar\u00e1oz de Lamadrid. Desde que asumimos ten\u00eda un grave problema que ven\u00eda desde hace treinta a\u00f1os, que era la provisi\u00f3n de agua potable. Hubo una decisi\u00f3n pol\u00edtica del gobernador Osvaldo Jaldo y perforamos el pozo en la instituci\u00f3n\u201d.<\/p>\n<p data-start=\"2807\" data-end=\"3262\">A continuaci\u00f3n, Caponio precis\u00f3 los detalles t\u00e9cnicos y el alcance regional del proyecto. En ese marco, afirm\u00f3: \u201cEl pozo se perfor\u00f3 a trescientos metros de profundidad y garantiza un caudal de m\u00e1s de cien metros c\u00fabicos de agua potable por hora. Esto asegura no solamente la provisi\u00f3n de agua para el liceo, sino tambi\u00e9n para todos los barrios de los alrededores. Con este pozo es el cuarto en la zona y garantizamos el servicio para cien mil personas\u201d.<\/p>\n<h3 data-section-id=\"1n1b38t\" data-start=\"3264\" data-end=\"3304\">Financiamiento y continuidad de obras<\/h3>\n<p data-start=\"3306\" data-end=\"3886\">Finalmente, el funcionario explic\u00f3 el esquema de inversi\u00f3n y el avance del plan de perforaciones en la provincia. En ese sentido, se\u00f1al\u00f3: \u201cLa inversi\u00f3n es de m\u00e1s de cuatrocientos millones de pesos entre la perforaci\u00f3n, la obra civil y el montaje electromec\u00e1nico. Este es el pozo n\u00famero cincuenta y tres que viene perforando la SAT en dos a\u00f1os. Todo se realiza con fondos de la provincia de Tucum\u00e1n y fondos propios de la empresa. En este caso, la provincia garantiz\u00f3 la perforaci\u00f3n y la empresa aport\u00f3 casi el cincuenta por ciento en el montaje electromec\u00e1nico y la obra civil\u201d.<\/p>\n<p data-start=\"3306\" data-end=\"3886\">\n<p data-start=\"3888\" data-end=\"4113\" data-is-last-node=\"\" data-is-only-node=\"\">&#13;<br \/>\n&#13;\n<\/p>\n<p>Fuente: <a href=\"https:\/\/www.comunicaciontucuman.gob.ar\/noticia\/gobernacion\/240423\/jaldo-inauguro-pozo-agua-liceo-militar-garantizo-abastecimiento-barrios-vecinos\"> Fuente de la nota <\/a><\/p>\n","protected":false},"excerpt":{"rendered":"<p>El gobernador Osvaldo Jaldo dej\u00f3 inaugurado un pozo de agua potable en el Liceo Militar Gregoria Ar\u00e1oz de Lamadrid (Italia al 2.500) y la obra resolvi\u00f3 un problema hist\u00f3rico de suministro que afect\u00f3 a la instituci\u00f3n militar educativa durante m\u00e1s de tres d\u00e9cadas y benefici\u00f3 adem\u00e1s a barrios aleda\u00f1os. Lo acompa\u00f1aron los ministros de Seguridad, [&hellip;]<\/p>\n","protected":false},"author":1,"featured_media":47385,"comment_status":"closed","ping_status":"open","sticky":false,"template":"","format":"standard","meta":{"footnotes":""},"categories":[3],"tags":[],"class_list":{"0":"post-47384","1":"post","2":"type-post","3":"status-publish","4":"format-standard","5":"has-post-thumbnail","7":"category-politica"},"yoast_head":"<!-- This site is optimized with the Yoast SEO plugin v27.4 - https:\/\/yoast.com\/product\/yoast-seo-wordpress\/ -->\n<title>Jaldo inaugur\u00f3 un pozo de agua en el Liceo Militar y garantiz\u00f3 el abastecimiento a barrios vecinos - El Diario de Tucuman<\/title>\n<meta name=\"robots\" content=\"index, follow, max-snippet:-1, max-image-preview:large, max-video-preview:-1\" \/>\n<link rel=\"canonical\" href=\"https:\/\/www.eldiariodetucuman.com\/web\/jaldo-inauguro-un-pozo-de-agua-en-el-liceo-militar-y-garantizo-el-abastecimiento-a-barrios-vecinos\/\" \/>\n<meta property=\"og:locale\" content=\"es_ES\" \/>\n<meta property=\"og:type\" content=\"article\" \/>\n<meta property=\"og:title\" content=\"Jaldo inaugur\u00f3 un pozo de agua en el Liceo Militar y garantiz\u00f3 el abastecimiento a barrios vecinos - El Diario de Tucuman\" \/>\n<meta property=\"og:description\" content=\"El gobernador Osvaldo Jaldo dej\u00f3 inaugurado un pozo de agua potable en el Liceo Militar Gregoria Ar\u00e1oz de Lamadrid (Italia al 2.500) y la obra resolvi\u00f3 un problema hist\u00f3rico de suministro que afect\u00f3 a la instituci\u00f3n militar educativa durante m\u00e1s de tres d\u00e9cadas y benefici\u00f3 adem\u00e1s a barrios aleda\u00f1os. Lo acompa\u00f1aron los ministros de Seguridad, [&hellip;]\" \/>\n<meta property=\"og:url\" content=\"https:\/\/www.eldiariodetucuman.com\/web\/jaldo-inauguro-un-pozo-de-agua-en-el-liceo-militar-y-garantizo-el-abastecimiento-a-barrios-vecinos\/\" \/>\n<meta property=\"og:site_name\" content=\"El Diario de Tucuman\" \/>\n<meta property=\"article:published_time\" content=\"2026-04-11T15:53:17+00:00\" \/>\n<meta name=\"author\" content=\"admin\" \/>\n<meta name=\"twitter:card\" content=\"summary_large_image\" \/>\n<meta name=\"twitter:label1\" content=\"Escrito por\" \/>\n\t<meta name=\"twitter:data1\" content=\"admin\" \/>\n\t<meta name=\"twitter:label2\" content=\"Tiempo de lectura\" \/>\n\t<meta name=\"twitter:data2\" content=\"4 minutos\" \/>\n<script type=\"application\/ld+json\" class=\"yoast-schema-graph\">{\"@context\":\"https:\\\/\\\/schema.org\",\"@graph\":[{\"@type\":\"Article\",\"@id\":\"https:\\\/\\\/www.eldiariodetucuman.com\\\/web\\\/jaldo-inauguro-un-pozo-de-agua-en-el-liceo-militar-y-garantizo-el-abastecimiento-a-barrios-vecinos\\\/#article\",\"isPartOf\":{\"@id\":\"https:\\\/\\\/www.eldiariodetucuman.com\\\/web\\\/jaldo-inauguro-un-pozo-de-agua-en-el-liceo-militar-y-garantizo-el-abastecimiento-a-barrios-vecinos\\\/\"},\"author\":{\"name\":\"admin\",\"@id\":\"https:\\\/\\\/www.eldiariodetucuman.com\\\/web\\\/#\\\/schema\\\/person\\\/9250197d75ab5483412e19678b121caa\"},\"headline\":\"Jaldo inaugur\u00f3 un pozo de agua en el Liceo Militar y garantiz\u00f3 el abastecimiento a barrios vecinos\",\"datePublished\":\"2026-04-11T15:53:17+00:00\",\"mainEntityOfPage\":{\"@id\":\"https:\\\/\\\/www.eldiariodetucuman.com\\\/web\\\/jaldo-inauguro-un-pozo-de-agua-en-el-liceo-militar-y-garantizo-el-abastecimiento-a-barrios-vecinos\\\/\"},\"wordCount\":778,\"publisher\":{\"@id\":\"https:\\\/\\\/www.eldiariodetucuman.com\\\/web\\\/#organization\"},\"image\":{\"@id\":\"https:\\\/\\\/www.eldiariodetucuman.com\\\/web\\\/jaldo-inauguro-un-pozo-de-agua-en-el-liceo-militar-y-garantizo-el-abastecimiento-a-barrios-vecinos\\\/#primaryimage\"},\"thumbnailUrl\":\"https:\\\/\\\/www.eldiariodetucuman.com\\\/web\\\/wp-content\\\/uploads\\\/2026\\\/04\\\/Jaldo-inauguro-un-pozo-de-agua-en-el-Liceo-Militar.jpeg\",\"articleSection\":[\"Politica\"],\"inLanguage\":\"es\"},{\"@type\":\"WebPage\",\"@id\":\"https:\\\/\\\/www.eldiariodetucuman.com\\\/web\\\/jaldo-inauguro-un-pozo-de-agua-en-el-liceo-militar-y-garantizo-el-abastecimiento-a-barrios-vecinos\\\/\",\"url\":\"https:\\\/\\\/www.eldiariodetucuman.com\\\/web\\\/jaldo-inauguro-un-pozo-de-agua-en-el-liceo-militar-y-garantizo-el-abastecimiento-a-barrios-vecinos\\\/\",\"name\":\"Jaldo inaugur\u00f3 un pozo de agua en el Liceo Militar y garantiz\u00f3 el abastecimiento a barrios vecinos - El Diario de Tucuman\",\"isPartOf\":{\"@id\":\"https:\\\/\\\/www.eldiariodetucuman.com\\\/web\\\/#website\"},\"primaryImageOfPage\":{\"@id\":\"https:\\\/\\\/www.eldiariodetucuman.com\\\/web\\\/jaldo-inauguro-un-pozo-de-agua-en-el-liceo-militar-y-garantizo-el-abastecimiento-a-barrios-vecinos\\\/#primaryimage\"},\"image\":{\"@id\":\"https:\\\/\\\/www.eldiariodetucuman.com\\\/web\\\/jaldo-inauguro-un-pozo-de-agua-en-el-liceo-militar-y-garantizo-el-abastecimiento-a-barrios-vecinos\\\/#primaryimage\"},\"thumbnailUrl\":\"https:\\\/\\\/www.eldiariodetucuman.com\\\/web\\\/wp-content\\\/uploads\\\/2026\\\/04\\\/Jaldo-inauguro-un-pozo-de-agua-en-el-Liceo-Militar.jpeg\",\"datePublished\":\"2026-04-11T15:53:17+00:00\",\"breadcrumb\":{\"@id\":\"https:\\\/\\\/www.eldiariodetucuman.com\\\/web\\\/jaldo-inauguro-un-pozo-de-agua-en-el-liceo-militar-y-garantizo-el-abastecimiento-a-barrios-vecinos\\\/#breadcrumb\"},\"inLanguage\":\"es\",\"potentialAction\":[{\"@type\":\"ReadAction\",\"target\":[\"https:\\\/\\\/www.eldiariodetucuman.com\\\/web\\\/jaldo-inauguro-un-pozo-de-agua-en-el-liceo-militar-y-garantizo-el-abastecimiento-a-barrios-vecinos\\\/\"]}]},{\"@type\":\"ImageObject\",\"inLanguage\":\"es\",\"@id\":\"https:\\\/\\\/www.eldiariodetucuman.com\\\/web\\\/jaldo-inauguro-un-pozo-de-agua-en-el-liceo-militar-y-garantizo-el-abastecimiento-a-barrios-vecinos\\\/#primaryimage\",\"url\":\"https:\\\/\\\/www.eldiariodetucuman.com\\\/web\\\/wp-content\\\/uploads\\\/2026\\\/04\\\/Jaldo-inauguro-un-pozo-de-agua-en-el-Liceo-Militar.jpeg\",\"contentUrl\":\"https:\\\/\\\/www.eldiariodetucuman.com\\\/web\\\/wp-content\\\/uploads\\\/2026\\\/04\\\/Jaldo-inauguro-un-pozo-de-agua-en-el-Liceo-Militar.jpeg\",\"width\":818,\"height\":460},{\"@type\":\"BreadcrumbList\",\"@id\":\"https:\\\/\\\/www.eldiariodetucuman.com\\\/web\\\/jaldo-inauguro-un-pozo-de-agua-en-el-liceo-militar-y-garantizo-el-abastecimiento-a-barrios-vecinos\\\/#breadcrumb\",\"itemListElement\":[{\"@type\":\"ListItem\",\"position\":1,\"name\":\"Portada\",\"item\":\"https:\\\/\\\/www.eldiariodetucuman.com\\\/web\\\/\"},{\"@type\":\"ListItem\",\"position\":2,\"name\":\"Jaldo inaugur\u00f3 un pozo de agua en el Liceo Militar y garantiz\u00f3 el abastecimiento a barrios vecinos\"}]},{\"@type\":\"WebSite\",\"@id\":\"https:\\\/\\\/www.eldiariodetucuman.com\\\/web\\\/#website\",\"url\":\"https:\\\/\\\/www.eldiariodetucuman.com\\\/web\\\/\",\"name\":\"El Diario de Tucuman\",\"description\":\"Diario Tucuman - Informaci\u00f3n y noticias\",\"publisher\":{\"@id\":\"https:\\\/\\\/www.eldiariodetucuman.com\\\/web\\\/#organization\"},\"potentialAction\":[{\"@type\":\"SearchAction\",\"target\":{\"@type\":\"EntryPoint\",\"urlTemplate\":\"https:\\\/\\\/www.eldiariodetucuman.com\\\/web\\\/?s={search_term_string}\"},\"query-input\":{\"@type\":\"PropertyValueSpecification\",\"valueRequired\":true,\"valueName\":\"search_term_string\"}}],\"inLanguage\":\"es\"},{\"@type\":\"Organization\",\"@id\":\"https:\\\/\\\/www.eldiariodetucuman.com\\\/web\\\/#organization\",\"name\":\"El Diario de Tucuman\",\"url\":\"https:\\\/\\\/www.eldiariodetucuman.com\\\/web\\\/\",\"logo\":{\"@type\":\"ImageObject\",\"inLanguage\":\"es\",\"@id\":\"https:\\\/\\\/www.eldiariodetucuman.com\\\/web\\\/#\\\/schema\\\/logo\\\/image\\\/\",\"url\":\"http:\\\/\\\/www.eldiariodetucuman.com\\\/web\\\/wp-content\\\/uploads\\\/2017\\\/12\\\/el-diario-de-tucuman.jpg\",\"contentUrl\":\"http:\\\/\\\/www.eldiariodetucuman.com\\\/web\\\/wp-content\\\/uploads\\\/2017\\\/12\\\/el-diario-de-tucuman.jpg\",\"width\":272,\"height\":92,\"caption\":\"El Diario de Tucuman\"},\"image\":{\"@id\":\"https:\\\/\\\/www.eldiariodetucuman.com\\\/web\\\/#\\\/schema\\\/logo\\\/image\\\/\"}},{\"@type\":\"Person\",\"@id\":\"https:\\\/\\\/www.eldiariodetucuman.com\\\/web\\\/#\\\/schema\\\/person\\\/9250197d75ab5483412e19678b121caa\",\"name\":\"admin\",\"image\":{\"@type\":\"ImageObject\",\"inLanguage\":\"es\",\"@id\":\"https:\\\/\\\/secure.gravatar.com\\\/avatar\\\/c44d117c2be811212c22cb481f6b8384b6873de103fbc49e7a03cc58d7dea4ac?s=96&d=mm&r=g\",\"url\":\"https:\\\/\\\/secure.gravatar.com\\\/avatar\\\/c44d117c2be811212c22cb481f6b8384b6873de103fbc49e7a03cc58d7dea4ac?s=96&d=mm&r=g\",\"contentUrl\":\"https:\\\/\\\/secure.gravatar.com\\\/avatar\\\/c44d117c2be811212c22cb481f6b8384b6873de103fbc49e7a03cc58d7dea4ac?s=96&d=mm&r=g\",\"caption\":\"admin\"},\"url\":\"https:\\\/\\\/www.eldiariodetucuman.com\\\/web\\\/author\\\/admin\\\/\"}]}<\/script>\n<!-- \/ Yoast SEO plugin. -->","yoast_head_json":{"title":"Jaldo inaugur\u00f3 un pozo de agua en el Liceo Militar y garantiz\u00f3 el abastecimiento a barrios vecinos - El Diario de Tucuman","robots":{"index":"index","follow":"follow","max-snippet":"max-snippet:-1","max-image-preview":"max-image-preview:large","max-video-preview":"max-video-preview:-1"},"canonical":"https:\/\/www.eldiariodetucuman.com\/web\/jaldo-inauguro-un-pozo-de-agua-en-el-liceo-militar-y-garantizo-el-abastecimiento-a-barrios-vecinos\/","og_locale":"es_ES","og_type":"article","og_title":"Jaldo inaugur\u00f3 un pozo de agua en el Liceo Militar y garantiz\u00f3 el abastecimiento a barrios vecinos - El Diario de Tucuman","og_description":"El gobernador Osvaldo Jaldo dej\u00f3 inaugurado un pozo de agua potable en el Liceo Militar Gregoria Ar\u00e1oz de Lamadrid (Italia al 2.500) y la obra resolvi\u00f3 un problema hist\u00f3rico de suministro que afect\u00f3 a la instituci\u00f3n militar educativa durante m\u00e1s de tres d\u00e9cadas y benefici\u00f3 adem\u00e1s a barrios aleda\u00f1os. Lo acompa\u00f1aron los ministros de Seguridad, [&hellip;]","og_url":"https:\/\/www.eldiariodetucuman.com\/web\/jaldo-inauguro-un-pozo-de-agua-en-el-liceo-militar-y-garantizo-el-abastecimiento-a-barrios-vecinos\/","og_site_name":"El Diario de Tucuman","article_published_time":"2026-04-11T15:53:17+00:00","author":"admin","twitter_card":"summary_large_image","twitter_misc":{"Escrito por":"admin","Tiempo de lectura":"4 minutos"},"schema":{"@context":"https:\/\/schema.org","@graph":[{"@type":"Article","@id":"https:\/\/www.eldiariodetucuman.com\/web\/jaldo-inauguro-un-pozo-de-agua-en-el-liceo-militar-y-garantizo-el-abastecimiento-a-barrios-vecinos\/#article","isPartOf":{"@id":"https:\/\/www.eldiariodetucuman.com\/web\/jaldo-inauguro-un-pozo-de-agua-en-el-liceo-militar-y-garantizo-el-abastecimiento-a-barrios-vecinos\/"},"author":{"name":"admin","@id":"https:\/\/www.eldiariodetucuman.com\/web\/#\/schema\/person\/9250197d75ab5483412e19678b121caa"},"headline":"Jaldo inaugur\u00f3 un pozo de agua en el Liceo Militar y garantiz\u00f3 el abastecimiento a barrios vecinos","datePublished":"2026-04-11T15:53:17+00:00","mainEntityOfPage":{"@id":"https:\/\/www.eldiariodetucuman.com\/web\/jaldo-inauguro-un-pozo-de-agua-en-el-liceo-militar-y-garantizo-el-abastecimiento-a-barrios-vecinos\/"},"wordCount":778,"publisher":{"@id":"https:\/\/www.eldiariodetucuman.com\/web\/#organization"},"image":{"@id":"https:\/\/www.eldiariodetucuman.com\/web\/jaldo-inauguro-un-pozo-de-agua-en-el-liceo-militar-y-garantizo-el-abastecimiento-a-barrios-vecinos\/#primaryimage"},"thumbnailUrl":"https:\/\/www.eldiariodetucuman.com\/web\/wp-content\/uploads\/2026\/04\/Jaldo-inauguro-un-pozo-de-agua-en-el-Liceo-Militar.jpeg","articleSection":["Politica"],"inLanguage":"es"},{"@type":"WebPage","@id":"https:\/\/www.eldiariodetucuman.com\/web\/jaldo-inauguro-un-pozo-de-agua-en-el-liceo-militar-y-garantizo-el-abastecimiento-a-barrios-vecinos\/","url":"https:\/\/www.eldiariodetucuman.com\/web\/jaldo-inauguro-un-pozo-de-agua-en-el-liceo-militar-y-garantizo-el-abastecimiento-a-barrios-vecinos\/","name":"Jaldo inaugur\u00f3 un pozo de agua en el Liceo Militar y garantiz\u00f3 el abastecimiento a barrios vecinos - El Diario de Tucuman","isPartOf":{"@id":"https:\/\/www.eldiariodetucuman.com\/web\/#website"},"primaryImageOfPage":{"@id":"https:\/\/www.eldiariodetucuman.com\/web\/jaldo-inauguro-un-pozo-de-agua-en-el-liceo-militar-y-garantizo-el-abastecimiento-a-barrios-vecinos\/#primaryimage"},"image":{"@id":"https:\/\/www.eldiariodetucuman.com\/web\/jaldo-inauguro-un-pozo-de-agua-en-el-liceo-militar-y-garantizo-el-abastecimiento-a-barrios-vecinos\/#primaryimage"},"thumbnailUrl":"https:\/\/www.eldiariodetucuman.com\/web\/wp-content\/uploads\/2026\/04\/Jaldo-inauguro-un-pozo-de-agua-en-el-Liceo-Militar.jpeg","datePublished":"2026-04-11T15:53:17+00:00","breadcrumb":{"@id":"https:\/\/www.eldiariodetucuman.com\/web\/jaldo-inauguro-un-pozo-de-agua-en-el-liceo-militar-y-garantizo-el-abastecimiento-a-barrios-vecinos\/#breadcrumb"},"inLanguage":"es","potentialAction":[{"@type":"ReadAction","target":["https:\/\/www.eldiariodetucuman.com\/web\/jaldo-inauguro-un-pozo-de-agua-en-el-liceo-militar-y-garantizo-el-abastecimiento-a-barrios-vecinos\/"]}]},{"@type":"ImageObject","inLanguage":"es","@id":"https:\/\/www.eldiariodetucuman.com\/web\/jaldo-inauguro-un-pozo-de-agua-en-el-liceo-militar-y-garantizo-el-abastecimiento-a-barrios-vecinos\/#primaryimage","url":"https:\/\/www.eldiariodetucuman.com\/web\/wp-content\/uploads\/2026\/04\/Jaldo-inauguro-un-pozo-de-agua-en-el-Liceo-Militar.jpeg","contentUrl":"https:\/\/www.eldiariodetucuman.com\/web\/wp-content\/uploads\/2026\/04\/Jaldo-inauguro-un-pozo-de-agua-en-el-Liceo-Militar.jpeg","width":818,"height":460},{"@type":"BreadcrumbList","@id":"https:\/\/www.eldiariodetucuman.com\/web\/jaldo-inauguro-un-pozo-de-agua-en-el-liceo-militar-y-garantizo-el-abastecimiento-a-barrios-vecinos\/#breadcrumb","itemListElement":[{"@type":"ListItem","position":1,"name":"Portada","item":"https:\/\/www.eldiariodetucuman.com\/web\/"},{"@type":"ListItem","position":2,"name":"Jaldo inaugur\u00f3 un pozo de agua en el Liceo Militar y garantiz\u00f3 el abastecimiento a barrios vecinos"}]},{"@type":"WebSite","@id":"https:\/\/www.eldiariodetucuman.com\/web\/#website","url":"https:\/\/www.eldiariodetucuman.com\/web\/","name":"El Diario de Tucuman","description":"Diario Tucuman - Informaci\u00f3n y noticias","publisher":{"@id":"https:\/\/www.eldiariodetucuman.com\/web\/#organization"},"potentialAction":[{"@type":"SearchAction","target":{"@type":"EntryPoint","urlTemplate":"https:\/\/www.eldiariodetucuman.com\/web\/?s={search_term_string}"},"query-input":{"@type":"PropertyValueSpecification","valueRequired":true,"valueName":"search_term_string"}}],"inLanguage":"es"},{"@type":"Organization","@id":"https:\/\/www.eldiariodetucuman.com\/web\/#organization","name":"El Diario de Tucuman","url":"https:\/\/www.eldiariodetucuman.com\/web\/","logo":{"@type":"ImageObject","inLanguage":"es","@id":"https:\/\/www.eldiariodetucuman.com\/web\/#\/schema\/logo\/image\/","url":"http:\/\/www.eldiariodetucuman.com\/web\/wp-content\/uploads\/2017\/12\/el-diario-de-tucuman.jpg","contentUrl":"http:\/\/www.eldiariodetucuman.com\/web\/wp-content\/uploads\/2017\/12\/el-diario-de-tucuman.jpg","width":272,"height":92,"caption":"El Diario de Tucuman"},"image":{"@id":"https:\/\/www.eldiariodetucuman.com\/web\/#\/schema\/logo\/image\/"}},{"@type":"Person","@id":"https:\/\/www.eldiariodetucuman.com\/web\/#\/schema\/person\/9250197d75ab5483412e19678b121caa","name":"admin","image":{"@type":"ImageObject","inLanguage":"es","@id":"https:\/\/secure.gravatar.com\/avatar\/c44d117c2be811212c22cb481f6b8384b6873de103fbc49e7a03cc58d7dea4ac?s=96&d=mm&r=g","url":"https:\/\/secure.gravatar.com\/avatar\/c44d117c2be811212c22cb481f6b8384b6873de103fbc49e7a03cc58d7dea4ac?s=96&d=mm&r=g","contentUrl":"https:\/\/secure.gravatar.com\/avatar\/c44d117c2be811212c22cb481f6b8384b6873de103fbc49e7a03cc58d7dea4ac?s=96&d=mm&r=g","caption":"admin"},"url":"https:\/\/www.eldiariodetucuman.com\/web\/author\/admin\/"}]}},"_links":{"self":[{"href":"https:\/\/www.eldiariodetucuman.com\/web\/wp-json\/wp\/v2\/posts\/47384","targetHints":{"allow":["GET"]}}],"collection":[{"href":"https:\/\/www.eldiariodetucuman.com\/web\/wp-json\/wp\/v2\/posts"}],"about":[{"href":"https:\/\/www.eldiariodetucuman.com\/web\/wp-json\/wp\/v2\/types\/post"}],"author":[{"embeddable":true,"href":"https:\/\/www.eldiariodetucuman.com\/web\/wp-json\/wp\/v2\/users\/1"}],"replies":[{"embeddable":true,"href":"https:\/\/www.eldiariodetucuman.com\/web\/wp-json\/wp\/v2\/comments?post=47384"}],"version-history":[{"count":0,"href":"https:\/\/www.eldiariodetucuman.com\/web\/wp-json\/wp\/v2\/posts\/47384\/revisions"}],"wp:featuredmedia":[{"embeddable":true,"href":"https:\/\/www.eldiariodetucuman.com\/web\/wp-json\/wp\/v2\/media\/47385"}],"wp:attachment":[{"href":"https:\/\/www.eldiariodetucuman.com\/web\/wp-json\/wp\/v2\/media?parent=47384"}],"wp:term":[{"taxonomy":"category","embeddable":true,"href":"https:\/\/www.eldiariodetucuman.com\/web\/wp-json\/wp\/v2\/categories?post=47384"},{"taxonomy":"post_tag","embeddable":true,"href":"https:\/\/www.eldiariodetucuman.com\/web\/wp-json\/wp\/v2\/tags?post=47384"}],"curies":[{"name":"wp","href":"https:\/\/api.w.org\/{rel}","templated":true}]}}