{"id":47026,"date":"2026-02-24T19:02:16","date_gmt":"2026-02-24T22:02:16","guid":{"rendered":"https:\/\/www.eldiariodetucuman.com\/web\/un-tucumano-llevaba-38-kilos-de-cocaina-en-cajas-de-carton-y-lo-detuvieron\/"},"modified":"2026-02-24T19:02:16","modified_gmt":"2026-02-24T22:02:16","slug":"un-tucumano-llevaba-38-kilos-de-cocaina-en-cajas-de-carton-y-lo-detuvieron","status":"publish","type":"post","link":"https:\/\/www.eldiariodetucuman.com\/web\/un-tucumano-llevaba-38-kilos-de-cocaina-en-cajas-de-carton-y-lo-detuvieron\/","title":{"rendered":"Un tucumano llevaba 38 kilos de coca\u00edna en cajas de cart\u00f3n y lo detuvieron"},"content":{"rendered":"<p>  <\/p>\n<p><strong>El sospechoso, oriundo de Tucum\u00e1n, fue detenido el s\u00e1bado por la noche en la ciudad de Or\u00e1n cuando transportaba m\u00e1s de 38 kilos de coca\u00edna en dos cajas de cart\u00f3n.<\/strong> El procedimiento fue realizado por efectivos de la Subdirecci\u00f3n de Drogas Peligrosas junto a la Brigada de Investigaciones de la Unidad Regional 2, durante un patrullaje preventivo.<\/p>\n<p>El operativo se concret\u00f3 alrededor de las 22.15 en la intersecci\u00f3n de calles Espa\u00f1a y Laprida. All\u00ed, los uniformados advirtieron la actitud sospechosa de un hombre que caminaba con dos cajas en sus manos, mirando de manera constante hacia distintos puntos, como si intentara detectar movimientos a su alrededor.<\/p>\n<p>Al notar la presencia policial, el individuo, identificado como F. T.A, de 24 a\u00f1os, aceler\u00f3 el paso e intent\u00f3 darse a la fuga. En su maniobra descart\u00f3 las cajas en plena calle, pero fue interceptado a pocos metros por el m\u00f3vil policial y reducido r\u00e1pidamente.<\/p>\n<p>Tras la demora, se realiz\u00f3 la consulta con la Fiscal\u00eda Penal de Or\u00e1n, que dispuso la actuaci\u00f3n de personal de la Subdirecci\u00f3n General de Drogas Peligrosas, y la presencia de un can antinarc\u00f3ticos. El perro \u00abBlack\u00bb, entrenado para la detecci\u00f3n de estupefacientes, marc\u00f3 de inmediato las cajas como positivas para sustancias ilegales.<\/p>\n<p>Con autorizaci\u00f3n judicial, se procedi\u00f3 a la apertura de los bultos. En su interior se hallaron 38 paquetes rectangulares de color amarillo que conten\u00edan una sustancia blanquecina. La prueba de orientaci\u00f3n confirm\u00f3 que se trataba de coca\u00edna, con un peso total de 38 kilos con 55 gramos.<\/p>\n<p>Adem\u00e1s de la droga, los investigadores secuestraron un tel\u00e9fono celular marca Samsung, dinero en efectivo \u2014billetes de 100 d\u00f3lares y 58.000 pesos argentinos\u2014 y una licencia de conducir que no pertenec\u00eda al detenido.<\/p>\n<p>Posteriormente, el personal se dirigi\u00f3 al hospedaje donde el acusado se encontraba alojado, ubicado en calle Espa\u00f1a al 350, donde se dispuso una consigna policial preventiva a la espera de nuevas directivas judiciales.<\/p>\n<p>El procedimiento concluy\u00f3 con el traslado del sospechoso a la base operativa, donde se realiz\u00f3 el pesaje formal y la prueba de campo en presencia de testigos. La sustancia qued\u00f3 bajo estricta cadena de custodia.<\/p>\n<p>La Justicia federal orden\u00f3 la detenci\u00f3n del joven y el secuestro de todos los elementos vinculados a la causa. Su imputaci\u00f3n era inminente. Investigan el origen de la droga, a qui\u00e9n iba destinada y por qu\u00e9 el hombre la transportaba en cajas, con tan poca seguridad, algo poco usual.<\/p>\n<p>Fuente: <a href=\"https:\/\/www.lv12.com.ar\/cocaina\/un-tucumano-llevaba-38-kilos-cocaina-cajas-carton-y-lo-detuvieron-n193568\"> Fuente de la nota <\/a><\/p>\n","protected":false},"excerpt":{"rendered":"<p>El sospechoso, oriundo de Tucum\u00e1n, fue detenido el s\u00e1bado por la noche en la ciudad de Or\u00e1n cuando transportaba m\u00e1s de 38 kilos de coca\u00edna en dos cajas de cart\u00f3n. El procedimiento fue realizado por efectivos de la Subdirecci\u00f3n de Drogas Peligrosas junto a la Brigada de Investigaciones de la Unidad Regional 2, durante un [&hellip;]<\/p>\n","protected":false},"author":1,"featured_media":47027,"comment_status":"closed","ping_status":"open","sticky":false,"template":"","format":"standard","meta":{"footnotes":""},"categories":[927],"tags":[],"class_list":{"0":"post-47026","1":"post","2":"type-post","3":"status-publish","4":"format-standard","5":"has-post-thumbnail","7":"category-policiales"},"yoast_head":"<!-- This site is optimized with the Yoast SEO plugin v27.4 - https:\/\/yoast.com\/product\/yoast-seo-wordpress\/ -->\n<title>Un tucumano llevaba 38 kilos de coca\u00edna en cajas de cart\u00f3n y lo detuvieron - El Diario de Tucuman<\/title>\n<meta name=\"robots\" content=\"index, follow, max-snippet:-1, max-image-preview:large, max-video-preview:-1\" \/>\n<link rel=\"canonical\" href=\"https:\/\/www.eldiariodetucuman.com\/web\/un-tucumano-llevaba-38-kilos-de-cocaina-en-cajas-de-carton-y-lo-detuvieron\/\" \/>\n<meta property=\"og:locale\" content=\"es_ES\" \/>\n<meta property=\"og:type\" content=\"article\" \/>\n<meta property=\"og:title\" content=\"Un tucumano llevaba 38 kilos de coca\u00edna en cajas de cart\u00f3n y lo detuvieron - El Diario de Tucuman\" \/>\n<meta property=\"og:description\" content=\"El sospechoso, oriundo de Tucum\u00e1n, fue detenido el s\u00e1bado por la noche en la ciudad de Or\u00e1n cuando transportaba m\u00e1s de 38 kilos de coca\u00edna en dos cajas de cart\u00f3n. El procedimiento fue realizado por efectivos de la Subdirecci\u00f3n de Drogas Peligrosas junto a la Brigada de Investigaciones de la Unidad Regional 2, durante un [&hellip;]\" \/>\n<meta property=\"og:url\" content=\"https:\/\/www.eldiariodetucuman.com\/web\/un-tucumano-llevaba-38-kilos-de-cocaina-en-cajas-de-carton-y-lo-detuvieron\/\" \/>\n<meta property=\"og:site_name\" content=\"El Diario de Tucuman\" \/>\n<meta property=\"article:published_time\" content=\"2026-02-24T22:02:16+00:00\" \/>\n<meta name=\"author\" content=\"admin\" \/>\n<meta name=\"twitter:card\" content=\"summary_large_image\" \/>\n<meta name=\"twitter:label1\" content=\"Escrito por\" \/>\n\t<meta name=\"twitter:data1\" content=\"admin\" \/>\n\t<meta name=\"twitter:label2\" content=\"Tiempo de lectura\" \/>\n\t<meta name=\"twitter:data2\" content=\"2 minutos\" \/>\n<script type=\"application\/ld+json\" class=\"yoast-schema-graph\">{\"@context\":\"https:\\\/\\\/schema.org\",\"@graph\":[{\"@type\":\"Article\",\"@id\":\"https:\\\/\\\/www.eldiariodetucuman.com\\\/web\\\/un-tucumano-llevaba-38-kilos-de-cocaina-en-cajas-de-carton-y-lo-detuvieron\\\/#article\",\"isPartOf\":{\"@id\":\"https:\\\/\\\/www.eldiariodetucuman.com\\\/web\\\/un-tucumano-llevaba-38-kilos-de-cocaina-en-cajas-de-carton-y-lo-detuvieron\\\/\"},\"author\":{\"name\":\"admin\",\"@id\":\"https:\\\/\\\/www.eldiariodetucuman.com\\\/web\\\/#\\\/schema\\\/person\\\/9250197d75ab5483412e19678b121caa\"},\"headline\":\"Un tucumano llevaba 38 kilos de coca\u00edna en cajas de cart\u00f3n y lo detuvieron\",\"datePublished\":\"2026-02-24T22:02:16+00:00\",\"mainEntityOfPage\":{\"@id\":\"https:\\\/\\\/www.eldiariodetucuman.com\\\/web\\\/un-tucumano-llevaba-38-kilos-de-cocaina-en-cajas-de-carton-y-lo-detuvieron\\\/\"},\"wordCount\":441,\"publisher\":{\"@id\":\"https:\\\/\\\/www.eldiariodetucuman.com\\\/web\\\/#organization\"},\"image\":{\"@id\":\"https:\\\/\\\/www.eldiariodetucuman.com\\\/web\\\/un-tucumano-llevaba-38-kilos-de-cocaina-en-cajas-de-carton-y-lo-detuvieron\\\/#primaryimage\"},\"thumbnailUrl\":\"https:\\\/\\\/www.eldiariodetucuman.com\\\/web\\\/wp-content\\\/uploads\\\/2026\\\/02\\\/Un-tucumano-llevaba-38-kilos-de-cocaina-en-cajas-de.png\",\"articleSection\":[\"Policiales\"],\"inLanguage\":\"es\"},{\"@type\":\"WebPage\",\"@id\":\"https:\\\/\\\/www.eldiariodetucuman.com\\\/web\\\/un-tucumano-llevaba-38-kilos-de-cocaina-en-cajas-de-carton-y-lo-detuvieron\\\/\",\"url\":\"https:\\\/\\\/www.eldiariodetucuman.com\\\/web\\\/un-tucumano-llevaba-38-kilos-de-cocaina-en-cajas-de-carton-y-lo-detuvieron\\\/\",\"name\":\"Un tucumano llevaba 38 kilos de coca\u00edna en cajas de cart\u00f3n y lo detuvieron - El Diario de Tucuman\",\"isPartOf\":{\"@id\":\"https:\\\/\\\/www.eldiariodetucuman.com\\\/web\\\/#website\"},\"primaryImageOfPage\":{\"@id\":\"https:\\\/\\\/www.eldiariodetucuman.com\\\/web\\\/un-tucumano-llevaba-38-kilos-de-cocaina-en-cajas-de-carton-y-lo-detuvieron\\\/#primaryimage\"},\"image\":{\"@id\":\"https:\\\/\\\/www.eldiariodetucuman.com\\\/web\\\/un-tucumano-llevaba-38-kilos-de-cocaina-en-cajas-de-carton-y-lo-detuvieron\\\/#primaryimage\"},\"thumbnailUrl\":\"https:\\\/\\\/www.eldiariodetucuman.com\\\/web\\\/wp-content\\\/uploads\\\/2026\\\/02\\\/Un-tucumano-llevaba-38-kilos-de-cocaina-en-cajas-de.png\",\"datePublished\":\"2026-02-24T22:02:16+00:00\",\"breadcrumb\":{\"@id\":\"https:\\\/\\\/www.eldiariodetucuman.com\\\/web\\\/un-tucumano-llevaba-38-kilos-de-cocaina-en-cajas-de-carton-y-lo-detuvieron\\\/#breadcrumb\"},\"inLanguage\":\"es\",\"potentialAction\":[{\"@type\":\"ReadAction\",\"target\":[\"https:\\\/\\\/www.eldiariodetucuman.com\\\/web\\\/un-tucumano-llevaba-38-kilos-de-cocaina-en-cajas-de-carton-y-lo-detuvieron\\\/\"]}]},{\"@type\":\"ImageObject\",\"inLanguage\":\"es\",\"@id\":\"https:\\\/\\\/www.eldiariodetucuman.com\\\/web\\\/un-tucumano-llevaba-38-kilos-de-cocaina-en-cajas-de-carton-y-lo-detuvieron\\\/#primaryimage\",\"url\":\"https:\\\/\\\/www.eldiariodetucuman.com\\\/web\\\/wp-content\\\/uploads\\\/2026\\\/02\\\/Un-tucumano-llevaba-38-kilos-de-cocaina-en-cajas-de.png\",\"contentUrl\":\"https:\\\/\\\/www.eldiariodetucuman.com\\\/web\\\/wp-content\\\/uploads\\\/2026\\\/02\\\/Un-tucumano-llevaba-38-kilos-de-cocaina-en-cajas-de.png\",\"width\":1200,\"height\":675},{\"@type\":\"BreadcrumbList\",\"@id\":\"https:\\\/\\\/www.eldiariodetucuman.com\\\/web\\\/un-tucumano-llevaba-38-kilos-de-cocaina-en-cajas-de-carton-y-lo-detuvieron\\\/#breadcrumb\",\"itemListElement\":[{\"@type\":\"ListItem\",\"position\":1,\"name\":\"Portada\",\"item\":\"https:\\\/\\\/www.eldiariodetucuman.com\\\/web\\\/\"},{\"@type\":\"ListItem\",\"position\":2,\"name\":\"Un tucumano llevaba 38 kilos de coca\u00edna en cajas de cart\u00f3n y lo detuvieron\"}]},{\"@type\":\"WebSite\",\"@id\":\"https:\\\/\\\/www.eldiariodetucuman.com\\\/web\\\/#website\",\"url\":\"https:\\\/\\\/www.eldiariodetucuman.com\\\/web\\\/\",\"name\":\"El Diario de Tucuman\",\"description\":\"Diario Tucuman - Informaci\u00f3n y noticias\",\"publisher\":{\"@id\":\"https:\\\/\\\/www.eldiariodetucuman.com\\\/web\\\/#organization\"},\"potentialAction\":[{\"@type\":\"SearchAction\",\"target\":{\"@type\":\"EntryPoint\",\"urlTemplate\":\"https:\\\/\\\/www.eldiariodetucuman.com\\\/web\\\/?s={search_term_string}\"},\"query-input\":{\"@type\":\"PropertyValueSpecification\",\"valueRequired\":true,\"valueName\":\"search_term_string\"}}],\"inLanguage\":\"es\"},{\"@type\":\"Organization\",\"@id\":\"https:\\\/\\\/www.eldiariodetucuman.com\\\/web\\\/#organization\",\"name\":\"El Diario de Tucuman\",\"url\":\"https:\\\/\\\/www.eldiariodetucuman.com\\\/web\\\/\",\"logo\":{\"@type\":\"ImageObject\",\"inLanguage\":\"es\",\"@id\":\"https:\\\/\\\/www.eldiariodetucuman.com\\\/web\\\/#\\\/schema\\\/logo\\\/image\\\/\",\"url\":\"http:\\\/\\\/www.eldiariodetucuman.com\\\/web\\\/wp-content\\\/uploads\\\/2017\\\/12\\\/el-diario-de-tucuman.jpg\",\"contentUrl\":\"http:\\\/\\\/www.eldiariodetucuman.com\\\/web\\\/wp-content\\\/uploads\\\/2017\\\/12\\\/el-diario-de-tucuman.jpg\",\"width\":272,\"height\":92,\"caption\":\"El Diario de Tucuman\"},\"image\":{\"@id\":\"https:\\\/\\\/www.eldiariodetucuman.com\\\/web\\\/#\\\/schema\\\/logo\\\/image\\\/\"}},{\"@type\":\"Person\",\"@id\":\"https:\\\/\\\/www.eldiariodetucuman.com\\\/web\\\/#\\\/schema\\\/person\\\/9250197d75ab5483412e19678b121caa\",\"name\":\"admin\",\"image\":{\"@type\":\"ImageObject\",\"inLanguage\":\"es\",\"@id\":\"https:\\\/\\\/secure.gravatar.com\\\/avatar\\\/c44d117c2be811212c22cb481f6b8384b6873de103fbc49e7a03cc58d7dea4ac?s=96&d=mm&r=g\",\"url\":\"https:\\\/\\\/secure.gravatar.com\\\/avatar\\\/c44d117c2be811212c22cb481f6b8384b6873de103fbc49e7a03cc58d7dea4ac?s=96&d=mm&r=g\",\"contentUrl\":\"https:\\\/\\\/secure.gravatar.com\\\/avatar\\\/c44d117c2be811212c22cb481f6b8384b6873de103fbc49e7a03cc58d7dea4ac?s=96&d=mm&r=g\",\"caption\":\"admin\"},\"url\":\"https:\\\/\\\/www.eldiariodetucuman.com\\\/web\\\/author\\\/admin\\\/\"}]}<\/script>\n<!-- \/ Yoast SEO plugin. -->","yoast_head_json":{"title":"Un tucumano llevaba 38 kilos de coca\u00edna en cajas de cart\u00f3n y lo detuvieron - El Diario de Tucuman","robots":{"index":"index","follow":"follow","max-snippet":"max-snippet:-1","max-image-preview":"max-image-preview:large","max-video-preview":"max-video-preview:-1"},"canonical":"https:\/\/www.eldiariodetucuman.com\/web\/un-tucumano-llevaba-38-kilos-de-cocaina-en-cajas-de-carton-y-lo-detuvieron\/","og_locale":"es_ES","og_type":"article","og_title":"Un tucumano llevaba 38 kilos de coca\u00edna en cajas de cart\u00f3n y lo detuvieron - El Diario de Tucuman","og_description":"El sospechoso, oriundo de Tucum\u00e1n, fue detenido el s\u00e1bado por la noche en la ciudad de Or\u00e1n cuando transportaba m\u00e1s de 38 kilos de coca\u00edna en dos cajas de cart\u00f3n. El procedimiento fue realizado por efectivos de la Subdirecci\u00f3n de Drogas Peligrosas junto a la Brigada de Investigaciones de la Unidad Regional 2, durante un [&hellip;]","og_url":"https:\/\/www.eldiariodetucuman.com\/web\/un-tucumano-llevaba-38-kilos-de-cocaina-en-cajas-de-carton-y-lo-detuvieron\/","og_site_name":"El Diario de Tucuman","article_published_time":"2026-02-24T22:02:16+00:00","author":"admin","twitter_card":"summary_large_image","twitter_misc":{"Escrito por":"admin","Tiempo de lectura":"2 minutos"},"schema":{"@context":"https:\/\/schema.org","@graph":[{"@type":"Article","@id":"https:\/\/www.eldiariodetucuman.com\/web\/un-tucumano-llevaba-38-kilos-de-cocaina-en-cajas-de-carton-y-lo-detuvieron\/#article","isPartOf":{"@id":"https:\/\/www.eldiariodetucuman.com\/web\/un-tucumano-llevaba-38-kilos-de-cocaina-en-cajas-de-carton-y-lo-detuvieron\/"},"author":{"name":"admin","@id":"https:\/\/www.eldiariodetucuman.com\/web\/#\/schema\/person\/9250197d75ab5483412e19678b121caa"},"headline":"Un tucumano llevaba 38 kilos de coca\u00edna en cajas de cart\u00f3n y lo detuvieron","datePublished":"2026-02-24T22:02:16+00:00","mainEntityOfPage":{"@id":"https:\/\/www.eldiariodetucuman.com\/web\/un-tucumano-llevaba-38-kilos-de-cocaina-en-cajas-de-carton-y-lo-detuvieron\/"},"wordCount":441,"publisher":{"@id":"https:\/\/www.eldiariodetucuman.com\/web\/#organization"},"image":{"@id":"https:\/\/www.eldiariodetucuman.com\/web\/un-tucumano-llevaba-38-kilos-de-cocaina-en-cajas-de-carton-y-lo-detuvieron\/#primaryimage"},"thumbnailUrl":"https:\/\/www.eldiariodetucuman.com\/web\/wp-content\/uploads\/2026\/02\/Un-tucumano-llevaba-38-kilos-de-cocaina-en-cajas-de.png","articleSection":["Policiales"],"inLanguage":"es"},{"@type":"WebPage","@id":"https:\/\/www.eldiariodetucuman.com\/web\/un-tucumano-llevaba-38-kilos-de-cocaina-en-cajas-de-carton-y-lo-detuvieron\/","url":"https:\/\/www.eldiariodetucuman.com\/web\/un-tucumano-llevaba-38-kilos-de-cocaina-en-cajas-de-carton-y-lo-detuvieron\/","name":"Un tucumano llevaba 38 kilos de coca\u00edna en cajas de cart\u00f3n y lo detuvieron - El Diario de Tucuman","isPartOf":{"@id":"https:\/\/www.eldiariodetucuman.com\/web\/#website"},"primaryImageOfPage":{"@id":"https:\/\/www.eldiariodetucuman.com\/web\/un-tucumano-llevaba-38-kilos-de-cocaina-en-cajas-de-carton-y-lo-detuvieron\/#primaryimage"},"image":{"@id":"https:\/\/www.eldiariodetucuman.com\/web\/un-tucumano-llevaba-38-kilos-de-cocaina-en-cajas-de-carton-y-lo-detuvieron\/#primaryimage"},"thumbnailUrl":"https:\/\/www.eldiariodetucuman.com\/web\/wp-content\/uploads\/2026\/02\/Un-tucumano-llevaba-38-kilos-de-cocaina-en-cajas-de.png","datePublished":"2026-02-24T22:02:16+00:00","breadcrumb":{"@id":"https:\/\/www.eldiariodetucuman.com\/web\/un-tucumano-llevaba-38-kilos-de-cocaina-en-cajas-de-carton-y-lo-detuvieron\/#breadcrumb"},"inLanguage":"es","potentialAction":[{"@type":"ReadAction","target":["https:\/\/www.eldiariodetucuman.com\/web\/un-tucumano-llevaba-38-kilos-de-cocaina-en-cajas-de-carton-y-lo-detuvieron\/"]}]},{"@type":"ImageObject","inLanguage":"es","@id":"https:\/\/www.eldiariodetucuman.com\/web\/un-tucumano-llevaba-38-kilos-de-cocaina-en-cajas-de-carton-y-lo-detuvieron\/#primaryimage","url":"https:\/\/www.eldiariodetucuman.com\/web\/wp-content\/uploads\/2026\/02\/Un-tucumano-llevaba-38-kilos-de-cocaina-en-cajas-de.png","contentUrl":"https:\/\/www.eldiariodetucuman.com\/web\/wp-content\/uploads\/2026\/02\/Un-tucumano-llevaba-38-kilos-de-cocaina-en-cajas-de.png","width":1200,"height":675},{"@type":"BreadcrumbList","@id":"https:\/\/www.eldiariodetucuman.com\/web\/un-tucumano-llevaba-38-kilos-de-cocaina-en-cajas-de-carton-y-lo-detuvieron\/#breadcrumb","itemListElement":[{"@type":"ListItem","position":1,"name":"Portada","item":"https:\/\/www.eldiariodetucuman.com\/web\/"},{"@type":"ListItem","position":2,"name":"Un tucumano llevaba 38 kilos de coca\u00edna en cajas de cart\u00f3n y lo detuvieron"}]},{"@type":"WebSite","@id":"https:\/\/www.eldiariodetucuman.com\/web\/#website","url":"https:\/\/www.eldiariodetucuman.com\/web\/","name":"El Diario de Tucuman","description":"Diario Tucuman - Informaci\u00f3n y noticias","publisher":{"@id":"https:\/\/www.eldiariodetucuman.com\/web\/#organization"},"potentialAction":[{"@type":"SearchAction","target":{"@type":"EntryPoint","urlTemplate":"https:\/\/www.eldiariodetucuman.com\/web\/?s={search_term_string}"},"query-input":{"@type":"PropertyValueSpecification","valueRequired":true,"valueName":"search_term_string"}}],"inLanguage":"es"},{"@type":"Organization","@id":"https:\/\/www.eldiariodetucuman.com\/web\/#organization","name":"El Diario de Tucuman","url":"https:\/\/www.eldiariodetucuman.com\/web\/","logo":{"@type":"ImageObject","inLanguage":"es","@id":"https:\/\/www.eldiariodetucuman.com\/web\/#\/schema\/logo\/image\/","url":"http:\/\/www.eldiariodetucuman.com\/web\/wp-content\/uploads\/2017\/12\/el-diario-de-tucuman.jpg","contentUrl":"http:\/\/www.eldiariodetucuman.com\/web\/wp-content\/uploads\/2017\/12\/el-diario-de-tucuman.jpg","width":272,"height":92,"caption":"El Diario de Tucuman"},"image":{"@id":"https:\/\/www.eldiariodetucuman.com\/web\/#\/schema\/logo\/image\/"}},{"@type":"Person","@id":"https:\/\/www.eldiariodetucuman.com\/web\/#\/schema\/person\/9250197d75ab5483412e19678b121caa","name":"admin","image":{"@type":"ImageObject","inLanguage":"es","@id":"https:\/\/secure.gravatar.com\/avatar\/c44d117c2be811212c22cb481f6b8384b6873de103fbc49e7a03cc58d7dea4ac?s=96&d=mm&r=g","url":"https:\/\/secure.gravatar.com\/avatar\/c44d117c2be811212c22cb481f6b8384b6873de103fbc49e7a03cc58d7dea4ac?s=96&d=mm&r=g","contentUrl":"https:\/\/secure.gravatar.com\/avatar\/c44d117c2be811212c22cb481f6b8384b6873de103fbc49e7a03cc58d7dea4ac?s=96&d=mm&r=g","caption":"admin"},"url":"https:\/\/www.eldiariodetucuman.com\/web\/author\/admin\/"}]}},"_links":{"self":[{"href":"https:\/\/www.eldiariodetucuman.com\/web\/wp-json\/wp\/v2\/posts\/47026","targetHints":{"allow":["GET"]}}],"collection":[{"href":"https:\/\/www.eldiariodetucuman.com\/web\/wp-json\/wp\/v2\/posts"}],"about":[{"href":"https:\/\/www.eldiariodetucuman.com\/web\/wp-json\/wp\/v2\/types\/post"}],"author":[{"embeddable":true,"href":"https:\/\/www.eldiariodetucuman.com\/web\/wp-json\/wp\/v2\/users\/1"}],"replies":[{"embeddable":true,"href":"https:\/\/www.eldiariodetucuman.com\/web\/wp-json\/wp\/v2\/comments?post=47026"}],"version-history":[{"count":0,"href":"https:\/\/www.eldiariodetucuman.com\/web\/wp-json\/wp\/v2\/posts\/47026\/revisions"}],"wp:featuredmedia":[{"embeddable":true,"href":"https:\/\/www.eldiariodetucuman.com\/web\/wp-json\/wp\/v2\/media\/47027"}],"wp:attachment":[{"href":"https:\/\/www.eldiariodetucuman.com\/web\/wp-json\/wp\/v2\/media?parent=47026"}],"wp:term":[{"taxonomy":"category","embeddable":true,"href":"https:\/\/www.eldiariodetucuman.com\/web\/wp-json\/wp\/v2\/categories?post=47026"},{"taxonomy":"post_tag","embeddable":true,"href":"https:\/\/www.eldiariodetucuman.com\/web\/wp-json\/wp\/v2\/tags?post=47026"}],"curies":[{"name":"wp","href":"https:\/\/api.w.org\/{rel}","templated":true}]}}