{"id":47012,"date":"2026-02-22T19:00:26","date_gmt":"2026-02-22T22:00:26","guid":{"rendered":"https:\/\/www.eldiariodetucuman.com\/web\/hallaron-a-un-bebe-recien-nacido-abandonado-en-un-descampado\/"},"modified":"2026-02-22T19:00:26","modified_gmt":"2026-02-22T22:00:26","slug":"hallaron-a-un-bebe-recien-nacido-abandonado-en-un-descampado","status":"publish","type":"post","link":"https:\/\/www.eldiariodetucuman.com\/web\/hallaron-a-un-bebe-recien-nacido-abandonado-en-un-descampado\/","title":{"rendered":"hallaron a un beb\u00e9 reci\u00e9n nacido abandonado en un descampado"},"content":{"rendered":"<p>  <\/p>\n<p> El hombre descendi\u00f3 de su veh\u00edculo por cuestiones personales y comenz\u00f3 a escuchar llantos de un beb\u00e9, por lo que pidi\u00f3 ayuda a la mujer que circulaba en una motocicleta junto a su pareja y ella decidi\u00f3 bajar. Ambas personas encontraron al beb\u00e9 a 5 metros aproximadamente de la calzada, en los pastizales, debajo de ramas y pastos. El ni\u00f1o ten\u00eda el cord\u00f3n umbilical visible. Es por ello que tomaron la decisi\u00f3n de auxiliarlo y arroparlo r\u00e1pidamente, traslad\u00e1ndolo hacia el Hospital Eva Per\u00f3n en el veh\u00edculo particular del hombre.<\/p>\n<p>Personal de la comisar\u00eda de Delf\u00edn Gallo junto a efectivos de la Divisi\u00f3n Patrulla Motorizada se dirigieron hasta el hospital donde ya se encontraba el personal de comisar\u00eda de Banda del Rio Sal\u00ed. Al entrevistarse con los m\u00e9dicos, los profesionales le brindaron el parte m\u00e9dico del beb\u00e9 informando que se encontraba con buenos signos vitales ya que lograron controlar su sistema respiratorio. Agregaron que presentaba hipotermia, hematomas y lesiones en su cuerpo, y que el beb\u00e9 permanecer\u00e1 en el sector de Neonatolog\u00eda del Hospital Eva Per\u00f3n. <\/p>\n<p> image   <\/p>\n<p>Personal policial se puso a trabajar a los fines de dar con testigos, c\u00e1maras de seguridad o alguna informaci\u00f3n \u00fatil para el esclarecimiento de la causa y poder identificar y el paradero del\/los causantes.<\/p>\n<p>Se comunic\u00f3 lo sucedido a la Unidad Fiscal Criminal II del Centro Judicial Capital quien dispuso que se labre un acta de intervenci\u00f3n, se tome entrevista a las personas que auxiliaron al ni\u00f1o, y que se le de intervenci\u00f3n a la Direcci\u00f3n de Ni\u00f1ez Adolescencia y Familia y a la Defensor\u00eda de Menores.<\/p>\n<p>Fuente: <a href=\"https:\/\/www.lv12.com.ar\/bebe\/delfin-gallo-hallaron-un-bebe-recien-nacido-abandonado-un-descampado-n193440\"> Fuente de la nota <\/a><\/p>\n","protected":false},"excerpt":{"rendered":"<p>El hombre descendi\u00f3 de su veh\u00edculo por cuestiones personales y comenz\u00f3 a escuchar llantos de un beb\u00e9, por lo que pidi\u00f3 ayuda a la mujer que circulaba en una motocicleta junto a su pareja y ella decidi\u00f3 bajar. Ambas personas encontraron al beb\u00e9 a 5 metros aproximadamente de la calzada, en los pastizales, debajo de [&hellip;]<\/p>\n","protected":false},"author":1,"featured_media":47013,"comment_status":"closed","ping_status":"open","sticky":false,"template":"","format":"standard","meta":{"footnotes":""},"categories":[927],"tags":[],"class_list":{"0":"post-47012","1":"post","2":"type-post","3":"status-publish","4":"format-standard","5":"has-post-thumbnail","7":"category-policiales"},"yoast_head":"<!-- This site is optimized with the Yoast SEO plugin v27.4 - https:\/\/yoast.com\/product\/yoast-seo-wordpress\/ -->\n<title>hallaron a un beb\u00e9 reci\u00e9n nacido abandonado en un descampado - El Diario de Tucuman<\/title>\n<meta name=\"robots\" content=\"index, follow, max-snippet:-1, max-image-preview:large, max-video-preview:-1\" \/>\n<link rel=\"canonical\" href=\"https:\/\/www.eldiariodetucuman.com\/web\/hallaron-a-un-bebe-recien-nacido-abandonado-en-un-descampado\/\" \/>\n<meta property=\"og:locale\" content=\"es_ES\" \/>\n<meta property=\"og:type\" content=\"article\" \/>\n<meta property=\"og:title\" content=\"hallaron a un beb\u00e9 reci\u00e9n nacido abandonado en un descampado - El Diario de Tucuman\" \/>\n<meta property=\"og:description\" content=\"El hombre descendi\u00f3 de su veh\u00edculo por cuestiones personales y comenz\u00f3 a escuchar llantos de un beb\u00e9, por lo que pidi\u00f3 ayuda a la mujer que circulaba en una motocicleta junto a su pareja y ella decidi\u00f3 bajar. Ambas personas encontraron al beb\u00e9 a 5 metros aproximadamente de la calzada, en los pastizales, debajo de [&hellip;]\" \/>\n<meta property=\"og:url\" content=\"https:\/\/www.eldiariodetucuman.com\/web\/hallaron-a-un-bebe-recien-nacido-abandonado-en-un-descampado\/\" \/>\n<meta property=\"og:site_name\" content=\"El Diario de Tucuman\" \/>\n<meta property=\"article:published_time\" content=\"2026-02-22T22:00:26+00:00\" \/>\n<meta name=\"author\" content=\"admin\" \/>\n<meta name=\"twitter:card\" content=\"summary_large_image\" \/>\n<meta name=\"twitter:label1\" content=\"Escrito por\" \/>\n\t<meta name=\"twitter:data1\" content=\"admin\" \/>\n\t<meta name=\"twitter:label2\" content=\"Tiempo de lectura\" \/>\n\t<meta name=\"twitter:data2\" content=\"1 minuto\" \/>\n<script type=\"application\/ld+json\" class=\"yoast-schema-graph\">{\"@context\":\"https:\\\/\\\/schema.org\",\"@graph\":[{\"@type\":\"Article\",\"@id\":\"https:\\\/\\\/www.eldiariodetucuman.com\\\/web\\\/hallaron-a-un-bebe-recien-nacido-abandonado-en-un-descampado\\\/#article\",\"isPartOf\":{\"@id\":\"https:\\\/\\\/www.eldiariodetucuman.com\\\/web\\\/hallaron-a-un-bebe-recien-nacido-abandonado-en-un-descampado\\\/\"},\"author\":{\"name\":\"admin\",\"@id\":\"https:\\\/\\\/www.eldiariodetucuman.com\\\/web\\\/#\\\/schema\\\/person\\\/9250197d75ab5483412e19678b121caa\"},\"headline\":\"hallaron a un beb\u00e9 reci\u00e9n nacido abandonado en un descampado\",\"datePublished\":\"2026-02-22T22:00:26+00:00\",\"mainEntityOfPage\":{\"@id\":\"https:\\\/\\\/www.eldiariodetucuman.com\\\/web\\\/hallaron-a-un-bebe-recien-nacido-abandonado-en-un-descampado\\\/\"},\"wordCount\":304,\"publisher\":{\"@id\":\"https:\\\/\\\/www.eldiariodetucuman.com\\\/web\\\/#organization\"},\"image\":{\"@id\":\"https:\\\/\\\/www.eldiariodetucuman.com\\\/web\\\/hallaron-a-un-bebe-recien-nacido-abandonado-en-un-descampado\\\/#primaryimage\"},\"thumbnailUrl\":\"https:\\\/\\\/www.eldiariodetucuman.com\\\/web\\\/wp-content\\\/uploads\\\/2026\\\/02\\\/hallaron-a-un-bebe-recien-nacido-abandonado-en-un-descampado.png\",\"articleSection\":[\"Policiales\"],\"inLanguage\":\"es\"},{\"@type\":\"WebPage\",\"@id\":\"https:\\\/\\\/www.eldiariodetucuman.com\\\/web\\\/hallaron-a-un-bebe-recien-nacido-abandonado-en-un-descampado\\\/\",\"url\":\"https:\\\/\\\/www.eldiariodetucuman.com\\\/web\\\/hallaron-a-un-bebe-recien-nacido-abandonado-en-un-descampado\\\/\",\"name\":\"hallaron a un beb\u00e9 reci\u00e9n nacido abandonado en un descampado - El Diario de Tucuman\",\"isPartOf\":{\"@id\":\"https:\\\/\\\/www.eldiariodetucuman.com\\\/web\\\/#website\"},\"primaryImageOfPage\":{\"@id\":\"https:\\\/\\\/www.eldiariodetucuman.com\\\/web\\\/hallaron-a-un-bebe-recien-nacido-abandonado-en-un-descampado\\\/#primaryimage\"},\"image\":{\"@id\":\"https:\\\/\\\/www.eldiariodetucuman.com\\\/web\\\/hallaron-a-un-bebe-recien-nacido-abandonado-en-un-descampado\\\/#primaryimage\"},\"thumbnailUrl\":\"https:\\\/\\\/www.eldiariodetucuman.com\\\/web\\\/wp-content\\\/uploads\\\/2026\\\/02\\\/hallaron-a-un-bebe-recien-nacido-abandonado-en-un-descampado.png\",\"datePublished\":\"2026-02-22T22:00:26+00:00\",\"breadcrumb\":{\"@id\":\"https:\\\/\\\/www.eldiariodetucuman.com\\\/web\\\/hallaron-a-un-bebe-recien-nacido-abandonado-en-un-descampado\\\/#breadcrumb\"},\"inLanguage\":\"es\",\"potentialAction\":[{\"@type\":\"ReadAction\",\"target\":[\"https:\\\/\\\/www.eldiariodetucuman.com\\\/web\\\/hallaron-a-un-bebe-recien-nacido-abandonado-en-un-descampado\\\/\"]}]},{\"@type\":\"ImageObject\",\"inLanguage\":\"es\",\"@id\":\"https:\\\/\\\/www.eldiariodetucuman.com\\\/web\\\/hallaron-a-un-bebe-recien-nacido-abandonado-en-un-descampado\\\/#primaryimage\",\"url\":\"https:\\\/\\\/www.eldiariodetucuman.com\\\/web\\\/wp-content\\\/uploads\\\/2026\\\/02\\\/hallaron-a-un-bebe-recien-nacido-abandonado-en-un-descampado.png\",\"contentUrl\":\"https:\\\/\\\/www.eldiariodetucuman.com\\\/web\\\/wp-content\\\/uploads\\\/2026\\\/02\\\/hallaron-a-un-bebe-recien-nacido-abandonado-en-un-descampado.png\",\"width\":1200,\"height\":675},{\"@type\":\"BreadcrumbList\",\"@id\":\"https:\\\/\\\/www.eldiariodetucuman.com\\\/web\\\/hallaron-a-un-bebe-recien-nacido-abandonado-en-un-descampado\\\/#breadcrumb\",\"itemListElement\":[{\"@type\":\"ListItem\",\"position\":1,\"name\":\"Portada\",\"item\":\"https:\\\/\\\/www.eldiariodetucuman.com\\\/web\\\/\"},{\"@type\":\"ListItem\",\"position\":2,\"name\":\"hallaron a un beb\u00e9 reci\u00e9n nacido abandonado en un descampado\"}]},{\"@type\":\"WebSite\",\"@id\":\"https:\\\/\\\/www.eldiariodetucuman.com\\\/web\\\/#website\",\"url\":\"https:\\\/\\\/www.eldiariodetucuman.com\\\/web\\\/\",\"name\":\"El Diario de Tucuman\",\"description\":\"Diario Tucuman - Informaci\u00f3n y noticias\",\"publisher\":{\"@id\":\"https:\\\/\\\/www.eldiariodetucuman.com\\\/web\\\/#organization\"},\"potentialAction\":[{\"@type\":\"SearchAction\",\"target\":{\"@type\":\"EntryPoint\",\"urlTemplate\":\"https:\\\/\\\/www.eldiariodetucuman.com\\\/web\\\/?s={search_term_string}\"},\"query-input\":{\"@type\":\"PropertyValueSpecification\",\"valueRequired\":true,\"valueName\":\"search_term_string\"}}],\"inLanguage\":\"es\"},{\"@type\":\"Organization\",\"@id\":\"https:\\\/\\\/www.eldiariodetucuman.com\\\/web\\\/#organization\",\"name\":\"El Diario de Tucuman\",\"url\":\"https:\\\/\\\/www.eldiariodetucuman.com\\\/web\\\/\",\"logo\":{\"@type\":\"ImageObject\",\"inLanguage\":\"es\",\"@id\":\"https:\\\/\\\/www.eldiariodetucuman.com\\\/web\\\/#\\\/schema\\\/logo\\\/image\\\/\",\"url\":\"http:\\\/\\\/www.eldiariodetucuman.com\\\/web\\\/wp-content\\\/uploads\\\/2017\\\/12\\\/el-diario-de-tucuman.jpg\",\"contentUrl\":\"http:\\\/\\\/www.eldiariodetucuman.com\\\/web\\\/wp-content\\\/uploads\\\/2017\\\/12\\\/el-diario-de-tucuman.jpg\",\"width\":272,\"height\":92,\"caption\":\"El Diario de Tucuman\"},\"image\":{\"@id\":\"https:\\\/\\\/www.eldiariodetucuman.com\\\/web\\\/#\\\/schema\\\/logo\\\/image\\\/\"}},{\"@type\":\"Person\",\"@id\":\"https:\\\/\\\/www.eldiariodetucuman.com\\\/web\\\/#\\\/schema\\\/person\\\/9250197d75ab5483412e19678b121caa\",\"name\":\"admin\",\"image\":{\"@type\":\"ImageObject\",\"inLanguage\":\"es\",\"@id\":\"https:\\\/\\\/secure.gravatar.com\\\/avatar\\\/c44d117c2be811212c22cb481f6b8384b6873de103fbc49e7a03cc58d7dea4ac?s=96&d=mm&r=g\",\"url\":\"https:\\\/\\\/secure.gravatar.com\\\/avatar\\\/c44d117c2be811212c22cb481f6b8384b6873de103fbc49e7a03cc58d7dea4ac?s=96&d=mm&r=g\",\"contentUrl\":\"https:\\\/\\\/secure.gravatar.com\\\/avatar\\\/c44d117c2be811212c22cb481f6b8384b6873de103fbc49e7a03cc58d7dea4ac?s=96&d=mm&r=g\",\"caption\":\"admin\"},\"url\":\"https:\\\/\\\/www.eldiariodetucuman.com\\\/web\\\/author\\\/admin\\\/\"}]}<\/script>\n<!-- \/ Yoast SEO plugin. -->","yoast_head_json":{"title":"hallaron a un beb\u00e9 reci\u00e9n nacido abandonado en un descampado - El Diario de Tucuman","robots":{"index":"index","follow":"follow","max-snippet":"max-snippet:-1","max-image-preview":"max-image-preview:large","max-video-preview":"max-video-preview:-1"},"canonical":"https:\/\/www.eldiariodetucuman.com\/web\/hallaron-a-un-bebe-recien-nacido-abandonado-en-un-descampado\/","og_locale":"es_ES","og_type":"article","og_title":"hallaron a un beb\u00e9 reci\u00e9n nacido abandonado en un descampado - El Diario de Tucuman","og_description":"El hombre descendi\u00f3 de su veh\u00edculo por cuestiones personales y comenz\u00f3 a escuchar llantos de un beb\u00e9, por lo que pidi\u00f3 ayuda a la mujer que circulaba en una motocicleta junto a su pareja y ella decidi\u00f3 bajar. Ambas personas encontraron al beb\u00e9 a 5 metros aproximadamente de la calzada, en los pastizales, debajo de [&hellip;]","og_url":"https:\/\/www.eldiariodetucuman.com\/web\/hallaron-a-un-bebe-recien-nacido-abandonado-en-un-descampado\/","og_site_name":"El Diario de Tucuman","article_published_time":"2026-02-22T22:00:26+00:00","author":"admin","twitter_card":"summary_large_image","twitter_misc":{"Escrito por":"admin","Tiempo de lectura":"1 minuto"},"schema":{"@context":"https:\/\/schema.org","@graph":[{"@type":"Article","@id":"https:\/\/www.eldiariodetucuman.com\/web\/hallaron-a-un-bebe-recien-nacido-abandonado-en-un-descampado\/#article","isPartOf":{"@id":"https:\/\/www.eldiariodetucuman.com\/web\/hallaron-a-un-bebe-recien-nacido-abandonado-en-un-descampado\/"},"author":{"name":"admin","@id":"https:\/\/www.eldiariodetucuman.com\/web\/#\/schema\/person\/9250197d75ab5483412e19678b121caa"},"headline":"hallaron a un beb\u00e9 reci\u00e9n nacido abandonado en un descampado","datePublished":"2026-02-22T22:00:26+00:00","mainEntityOfPage":{"@id":"https:\/\/www.eldiariodetucuman.com\/web\/hallaron-a-un-bebe-recien-nacido-abandonado-en-un-descampado\/"},"wordCount":304,"publisher":{"@id":"https:\/\/www.eldiariodetucuman.com\/web\/#organization"},"image":{"@id":"https:\/\/www.eldiariodetucuman.com\/web\/hallaron-a-un-bebe-recien-nacido-abandonado-en-un-descampado\/#primaryimage"},"thumbnailUrl":"https:\/\/www.eldiariodetucuman.com\/web\/wp-content\/uploads\/2026\/02\/hallaron-a-un-bebe-recien-nacido-abandonado-en-un-descampado.png","articleSection":["Policiales"],"inLanguage":"es"},{"@type":"WebPage","@id":"https:\/\/www.eldiariodetucuman.com\/web\/hallaron-a-un-bebe-recien-nacido-abandonado-en-un-descampado\/","url":"https:\/\/www.eldiariodetucuman.com\/web\/hallaron-a-un-bebe-recien-nacido-abandonado-en-un-descampado\/","name":"hallaron a un beb\u00e9 reci\u00e9n nacido abandonado en un descampado - El Diario de Tucuman","isPartOf":{"@id":"https:\/\/www.eldiariodetucuman.com\/web\/#website"},"primaryImageOfPage":{"@id":"https:\/\/www.eldiariodetucuman.com\/web\/hallaron-a-un-bebe-recien-nacido-abandonado-en-un-descampado\/#primaryimage"},"image":{"@id":"https:\/\/www.eldiariodetucuman.com\/web\/hallaron-a-un-bebe-recien-nacido-abandonado-en-un-descampado\/#primaryimage"},"thumbnailUrl":"https:\/\/www.eldiariodetucuman.com\/web\/wp-content\/uploads\/2026\/02\/hallaron-a-un-bebe-recien-nacido-abandonado-en-un-descampado.png","datePublished":"2026-02-22T22:00:26+00:00","breadcrumb":{"@id":"https:\/\/www.eldiariodetucuman.com\/web\/hallaron-a-un-bebe-recien-nacido-abandonado-en-un-descampado\/#breadcrumb"},"inLanguage":"es","potentialAction":[{"@type":"ReadAction","target":["https:\/\/www.eldiariodetucuman.com\/web\/hallaron-a-un-bebe-recien-nacido-abandonado-en-un-descampado\/"]}]},{"@type":"ImageObject","inLanguage":"es","@id":"https:\/\/www.eldiariodetucuman.com\/web\/hallaron-a-un-bebe-recien-nacido-abandonado-en-un-descampado\/#primaryimage","url":"https:\/\/www.eldiariodetucuman.com\/web\/wp-content\/uploads\/2026\/02\/hallaron-a-un-bebe-recien-nacido-abandonado-en-un-descampado.png","contentUrl":"https:\/\/www.eldiariodetucuman.com\/web\/wp-content\/uploads\/2026\/02\/hallaron-a-un-bebe-recien-nacido-abandonado-en-un-descampado.png","width":1200,"height":675},{"@type":"BreadcrumbList","@id":"https:\/\/www.eldiariodetucuman.com\/web\/hallaron-a-un-bebe-recien-nacido-abandonado-en-un-descampado\/#breadcrumb","itemListElement":[{"@type":"ListItem","position":1,"name":"Portada","item":"https:\/\/www.eldiariodetucuman.com\/web\/"},{"@type":"ListItem","position":2,"name":"hallaron a un beb\u00e9 reci\u00e9n nacido abandonado en un descampado"}]},{"@type":"WebSite","@id":"https:\/\/www.eldiariodetucuman.com\/web\/#website","url":"https:\/\/www.eldiariodetucuman.com\/web\/","name":"El Diario de Tucuman","description":"Diario Tucuman - Informaci\u00f3n y noticias","publisher":{"@id":"https:\/\/www.eldiariodetucuman.com\/web\/#organization"},"potentialAction":[{"@type":"SearchAction","target":{"@type":"EntryPoint","urlTemplate":"https:\/\/www.eldiariodetucuman.com\/web\/?s={search_term_string}"},"query-input":{"@type":"PropertyValueSpecification","valueRequired":true,"valueName":"search_term_string"}}],"inLanguage":"es"},{"@type":"Organization","@id":"https:\/\/www.eldiariodetucuman.com\/web\/#organization","name":"El Diario de Tucuman","url":"https:\/\/www.eldiariodetucuman.com\/web\/","logo":{"@type":"ImageObject","inLanguage":"es","@id":"https:\/\/www.eldiariodetucuman.com\/web\/#\/schema\/logo\/image\/","url":"http:\/\/www.eldiariodetucuman.com\/web\/wp-content\/uploads\/2017\/12\/el-diario-de-tucuman.jpg","contentUrl":"http:\/\/www.eldiariodetucuman.com\/web\/wp-content\/uploads\/2017\/12\/el-diario-de-tucuman.jpg","width":272,"height":92,"caption":"El Diario de Tucuman"},"image":{"@id":"https:\/\/www.eldiariodetucuman.com\/web\/#\/schema\/logo\/image\/"}},{"@type":"Person","@id":"https:\/\/www.eldiariodetucuman.com\/web\/#\/schema\/person\/9250197d75ab5483412e19678b121caa","name":"admin","image":{"@type":"ImageObject","inLanguage":"es","@id":"https:\/\/secure.gravatar.com\/avatar\/c44d117c2be811212c22cb481f6b8384b6873de103fbc49e7a03cc58d7dea4ac?s=96&d=mm&r=g","url":"https:\/\/secure.gravatar.com\/avatar\/c44d117c2be811212c22cb481f6b8384b6873de103fbc49e7a03cc58d7dea4ac?s=96&d=mm&r=g","contentUrl":"https:\/\/secure.gravatar.com\/avatar\/c44d117c2be811212c22cb481f6b8384b6873de103fbc49e7a03cc58d7dea4ac?s=96&d=mm&r=g","caption":"admin"},"url":"https:\/\/www.eldiariodetucuman.com\/web\/author\/admin\/"}]}},"_links":{"self":[{"href":"https:\/\/www.eldiariodetucuman.com\/web\/wp-json\/wp\/v2\/posts\/47012","targetHints":{"allow":["GET"]}}],"collection":[{"href":"https:\/\/www.eldiariodetucuman.com\/web\/wp-json\/wp\/v2\/posts"}],"about":[{"href":"https:\/\/www.eldiariodetucuman.com\/web\/wp-json\/wp\/v2\/types\/post"}],"author":[{"embeddable":true,"href":"https:\/\/www.eldiariodetucuman.com\/web\/wp-json\/wp\/v2\/users\/1"}],"replies":[{"embeddable":true,"href":"https:\/\/www.eldiariodetucuman.com\/web\/wp-json\/wp\/v2\/comments?post=47012"}],"version-history":[{"count":0,"href":"https:\/\/www.eldiariodetucuman.com\/web\/wp-json\/wp\/v2\/posts\/47012\/revisions"}],"wp:featuredmedia":[{"embeddable":true,"href":"https:\/\/www.eldiariodetucuman.com\/web\/wp-json\/wp\/v2\/media\/47013"}],"wp:attachment":[{"href":"https:\/\/www.eldiariodetucuman.com\/web\/wp-json\/wp\/v2\/media?parent=47012"}],"wp:term":[{"taxonomy":"category","embeddable":true,"href":"https:\/\/www.eldiariodetucuman.com\/web\/wp-json\/wp\/v2\/categories?post=47012"},{"taxonomy":"post_tag","embeddable":true,"href":"https:\/\/www.eldiariodetucuman.com\/web\/wp-json\/wp\/v2\/tags?post=47012"}],"curies":[{"name":"wp","href":"https:\/\/api.w.org\/{rel}","templated":true}]}}