{"id":47002,"date":"2026-02-21T11:07:17","date_gmt":"2026-02-21T14:07:17","guid":{"rendered":"https:\/\/www.eldiariodetucuman.com\/web\/en-busca-de-su-primera-victoria-san-martin-visita-a-almagro\/"},"modified":"2026-02-21T11:07:17","modified_gmt":"2026-02-21T14:07:17","slug":"en-busca-de-su-primera-victoria-san-martin-visita-a-almagro","status":"publish","type":"post","link":"https:\/\/www.eldiariodetucuman.com\/web\/en-busca-de-su-primera-victoria-san-martin-visita-a-almagro\/","title":{"rendered":"En busca de su primera victoria, San Mart\u00edn visita a Almagro"},"content":{"rendered":"<p>  <\/p>\n<p>El partido entre el <strong>Ciruja <\/strong> y el <strong> Tricolor <\/strong> est\u00e1 programado para las 17 horas y el \u00e1rbitro del encuentro ser\u00e1 <strong>Juan Cruz Robledo<\/strong>. El encuentro se podr\u00e1 ver por la <strong>plataforma LPF Play<\/strong>.<\/p>\n<p>El <strong>Santo <\/strong> debut\u00f3 en el campeonato con un empate en cero contra <strong>Patronato de Paran\u00e1<\/strong> la semana pasada en el estadio de <strong>La Ciudadela<\/strong>, partido que debi\u00f3 suspenderse a poco del final por un corte de energ\u00eda el\u00e9ctrica. <\/p>\n<h2><strong>C\u00f3mo se puede ver el partido de San Mart\u00edn?<\/strong><\/h2>\n<p> Embed &#8211; https:\/\/publish.x.com\/oembed?url=https:\/\/x.com\/CASMOficial\/status\/2021973902889537966?s=20&amp;partner=&amp;hide_thread=false  <\/p>\n<p dir=\"ltr\" lang=\"es\"> #PrimeraNacionalNuevo a\u00f1o, nueva televisaci\u00f3n Desde AFA confirmaron que la temporada 2026 ser\u00e1 transmitida en su totalidad por la plataforma LPF Play.Compartimos toda la informaci\u00f3n necesaria para que pod\u00e1s acompa\u00f1ar al Santo en este campeonato.\u2026 pic.twitter.com\/vBzVSqJIku<\/p>\n<p> \u2014 Club Atl\u00e9tico San Mart\u00edn (@CASMOficial) February 12, 2026         <\/p>\n<h2><strong> Los convocados por Andr\u00e9s Yllana<\/strong><\/h2>\n<p> image    <\/p>\n<p>         <script async src=\"https:\/\/platform.twitter.com\/widgets.js\" charset=\"utf-8\"><\/script><br \/>\n<br \/>Fuente: <a href=\"https:\/\/www.lv12.com.ar\/san-martin\/en-busca-su-primera-victoria-san-martin-visita-almagro-n193429\"> Fuente de la nota <\/a><\/p>\n","protected":false},"excerpt":{"rendered":"<p>El partido entre el Ciruja y el Tricolor est\u00e1 programado para las 17 horas y el \u00e1rbitro del encuentro ser\u00e1 Juan Cruz Robledo. El encuentro se podr\u00e1 ver por la plataforma LPF Play. El Santo debut\u00f3 en el campeonato con un empate en cero contra Patronato de Paran\u00e1 la semana pasada en el estadio de [&hellip;]<\/p>\n","protected":false},"author":1,"featured_media":47003,"comment_status":"closed","ping_status":"open","sticky":false,"template":"","format":"standard","meta":{"footnotes":""},"categories":[6],"tags":[],"class_list":{"0":"post-47002","1":"post","2":"type-post","3":"status-publish","4":"format-standard","5":"has-post-thumbnail","7":"category-deporte"},"yoast_head":"<!-- This site is optimized with the Yoast SEO plugin v27.4 - https:\/\/yoast.com\/product\/yoast-seo-wordpress\/ -->\n<title>En busca de su primera victoria, San Mart\u00edn visita a Almagro - El Diario de Tucuman<\/title>\n<meta name=\"robots\" content=\"index, follow, max-snippet:-1, max-image-preview:large, max-video-preview:-1\" \/>\n<link rel=\"canonical\" href=\"https:\/\/www.eldiariodetucuman.com\/web\/en-busca-de-su-primera-victoria-san-martin-visita-a-almagro\/\" \/>\n<meta property=\"og:locale\" content=\"es_ES\" \/>\n<meta property=\"og:type\" content=\"article\" \/>\n<meta property=\"og:title\" content=\"En busca de su primera victoria, San Mart\u00edn visita a Almagro - El Diario de Tucuman\" \/>\n<meta property=\"og:description\" content=\"El partido entre el Ciruja y el Tricolor est\u00e1 programado para las 17 horas y el \u00e1rbitro del encuentro ser\u00e1 Juan Cruz Robledo. El encuentro se podr\u00e1 ver por la plataforma LPF Play. El Santo debut\u00f3 en el campeonato con un empate en cero contra Patronato de Paran\u00e1 la semana pasada en el estadio de [&hellip;]\" \/>\n<meta property=\"og:url\" content=\"https:\/\/www.eldiariodetucuman.com\/web\/en-busca-de-su-primera-victoria-san-martin-visita-a-almagro\/\" \/>\n<meta property=\"og:site_name\" content=\"El Diario de Tucuman\" \/>\n<meta property=\"article:published_time\" content=\"2026-02-21T14:07:17+00:00\" \/>\n<meta name=\"author\" content=\"admin\" \/>\n<meta name=\"twitter:card\" content=\"summary_large_image\" \/>\n<meta name=\"twitter:label1\" content=\"Escrito por\" \/>\n\t<meta name=\"twitter:data1\" content=\"admin\" \/>\n\t<meta name=\"twitter:label2\" content=\"Tiempo de lectura\" \/>\n\t<meta name=\"twitter:data2\" content=\"1 minuto\" \/>\n<script type=\"application\/ld+json\" class=\"yoast-schema-graph\">{\"@context\":\"https:\\\/\\\/schema.org\",\"@graph\":[{\"@type\":\"Article\",\"@id\":\"https:\\\/\\\/www.eldiariodetucuman.com\\\/web\\\/en-busca-de-su-primera-victoria-san-martin-visita-a-almagro\\\/#article\",\"isPartOf\":{\"@id\":\"https:\\\/\\\/www.eldiariodetucuman.com\\\/web\\\/en-busca-de-su-primera-victoria-san-martin-visita-a-almagro\\\/\"},\"author\":{\"name\":\"admin\",\"@id\":\"https:\\\/\\\/www.eldiariodetucuman.com\\\/web\\\/#\\\/schema\\\/person\\\/9250197d75ab5483412e19678b121caa\"},\"headline\":\"En busca de su primera victoria, San Mart\u00edn visita a Almagro\",\"datePublished\":\"2026-02-21T14:07:17+00:00\",\"mainEntityOfPage\":{\"@id\":\"https:\\\/\\\/www.eldiariodetucuman.com\\\/web\\\/en-busca-de-su-primera-victoria-san-martin-visita-a-almagro\\\/\"},\"wordCount\":178,\"publisher\":{\"@id\":\"https:\\\/\\\/www.eldiariodetucuman.com\\\/web\\\/#organization\"},\"image\":{\"@id\":\"https:\\\/\\\/www.eldiariodetucuman.com\\\/web\\\/en-busca-de-su-primera-victoria-san-martin-visita-a-almagro\\\/#primaryimage\"},\"thumbnailUrl\":\"https:\\\/\\\/www.eldiariodetucuman.com\\\/web\\\/wp-content\\\/uploads\\\/2026\\\/02\\\/En-busca-de-su-primera-victoria-San-Martin-visita-a.png\",\"articleSection\":[\"Deporte\"],\"inLanguage\":\"es\"},{\"@type\":\"WebPage\",\"@id\":\"https:\\\/\\\/www.eldiariodetucuman.com\\\/web\\\/en-busca-de-su-primera-victoria-san-martin-visita-a-almagro\\\/\",\"url\":\"https:\\\/\\\/www.eldiariodetucuman.com\\\/web\\\/en-busca-de-su-primera-victoria-san-martin-visita-a-almagro\\\/\",\"name\":\"En busca de su primera victoria, San Mart\u00edn visita a Almagro - El Diario de Tucuman\",\"isPartOf\":{\"@id\":\"https:\\\/\\\/www.eldiariodetucuman.com\\\/web\\\/#website\"},\"primaryImageOfPage\":{\"@id\":\"https:\\\/\\\/www.eldiariodetucuman.com\\\/web\\\/en-busca-de-su-primera-victoria-san-martin-visita-a-almagro\\\/#primaryimage\"},\"image\":{\"@id\":\"https:\\\/\\\/www.eldiariodetucuman.com\\\/web\\\/en-busca-de-su-primera-victoria-san-martin-visita-a-almagro\\\/#primaryimage\"},\"thumbnailUrl\":\"https:\\\/\\\/www.eldiariodetucuman.com\\\/web\\\/wp-content\\\/uploads\\\/2026\\\/02\\\/En-busca-de-su-primera-victoria-San-Martin-visita-a.png\",\"datePublished\":\"2026-02-21T14:07:17+00:00\",\"breadcrumb\":{\"@id\":\"https:\\\/\\\/www.eldiariodetucuman.com\\\/web\\\/en-busca-de-su-primera-victoria-san-martin-visita-a-almagro\\\/#breadcrumb\"},\"inLanguage\":\"es\",\"potentialAction\":[{\"@type\":\"ReadAction\",\"target\":[\"https:\\\/\\\/www.eldiariodetucuman.com\\\/web\\\/en-busca-de-su-primera-victoria-san-martin-visita-a-almagro\\\/\"]}]},{\"@type\":\"ImageObject\",\"inLanguage\":\"es\",\"@id\":\"https:\\\/\\\/www.eldiariodetucuman.com\\\/web\\\/en-busca-de-su-primera-victoria-san-martin-visita-a-almagro\\\/#primaryimage\",\"url\":\"https:\\\/\\\/www.eldiariodetucuman.com\\\/web\\\/wp-content\\\/uploads\\\/2026\\\/02\\\/En-busca-de-su-primera-victoria-San-Martin-visita-a.png\",\"contentUrl\":\"https:\\\/\\\/www.eldiariodetucuman.com\\\/web\\\/wp-content\\\/uploads\\\/2026\\\/02\\\/En-busca-de-su-primera-victoria-San-Martin-visita-a.png\",\"width\":1200,\"height\":675},{\"@type\":\"BreadcrumbList\",\"@id\":\"https:\\\/\\\/www.eldiariodetucuman.com\\\/web\\\/en-busca-de-su-primera-victoria-san-martin-visita-a-almagro\\\/#breadcrumb\",\"itemListElement\":[{\"@type\":\"ListItem\",\"position\":1,\"name\":\"Portada\",\"item\":\"https:\\\/\\\/www.eldiariodetucuman.com\\\/web\\\/\"},{\"@type\":\"ListItem\",\"position\":2,\"name\":\"En busca de su primera victoria, San Mart\u00edn visita a Almagro\"}]},{\"@type\":\"WebSite\",\"@id\":\"https:\\\/\\\/www.eldiariodetucuman.com\\\/web\\\/#website\",\"url\":\"https:\\\/\\\/www.eldiariodetucuman.com\\\/web\\\/\",\"name\":\"El Diario de Tucuman\",\"description\":\"Diario Tucuman - Informaci\u00f3n y noticias\",\"publisher\":{\"@id\":\"https:\\\/\\\/www.eldiariodetucuman.com\\\/web\\\/#organization\"},\"potentialAction\":[{\"@type\":\"SearchAction\",\"target\":{\"@type\":\"EntryPoint\",\"urlTemplate\":\"https:\\\/\\\/www.eldiariodetucuman.com\\\/web\\\/?s={search_term_string}\"},\"query-input\":{\"@type\":\"PropertyValueSpecification\",\"valueRequired\":true,\"valueName\":\"search_term_string\"}}],\"inLanguage\":\"es\"},{\"@type\":\"Organization\",\"@id\":\"https:\\\/\\\/www.eldiariodetucuman.com\\\/web\\\/#organization\",\"name\":\"El Diario de Tucuman\",\"url\":\"https:\\\/\\\/www.eldiariodetucuman.com\\\/web\\\/\",\"logo\":{\"@type\":\"ImageObject\",\"inLanguage\":\"es\",\"@id\":\"https:\\\/\\\/www.eldiariodetucuman.com\\\/web\\\/#\\\/schema\\\/logo\\\/image\\\/\",\"url\":\"http:\\\/\\\/www.eldiariodetucuman.com\\\/web\\\/wp-content\\\/uploads\\\/2017\\\/12\\\/el-diario-de-tucuman.jpg\",\"contentUrl\":\"http:\\\/\\\/www.eldiariodetucuman.com\\\/web\\\/wp-content\\\/uploads\\\/2017\\\/12\\\/el-diario-de-tucuman.jpg\",\"width\":272,\"height\":92,\"caption\":\"El Diario de Tucuman\"},\"image\":{\"@id\":\"https:\\\/\\\/www.eldiariodetucuman.com\\\/web\\\/#\\\/schema\\\/logo\\\/image\\\/\"}},{\"@type\":\"Person\",\"@id\":\"https:\\\/\\\/www.eldiariodetucuman.com\\\/web\\\/#\\\/schema\\\/person\\\/9250197d75ab5483412e19678b121caa\",\"name\":\"admin\",\"image\":{\"@type\":\"ImageObject\",\"inLanguage\":\"es\",\"@id\":\"https:\\\/\\\/secure.gravatar.com\\\/avatar\\\/c44d117c2be811212c22cb481f6b8384b6873de103fbc49e7a03cc58d7dea4ac?s=96&d=mm&r=g\",\"url\":\"https:\\\/\\\/secure.gravatar.com\\\/avatar\\\/c44d117c2be811212c22cb481f6b8384b6873de103fbc49e7a03cc58d7dea4ac?s=96&d=mm&r=g\",\"contentUrl\":\"https:\\\/\\\/secure.gravatar.com\\\/avatar\\\/c44d117c2be811212c22cb481f6b8384b6873de103fbc49e7a03cc58d7dea4ac?s=96&d=mm&r=g\",\"caption\":\"admin\"},\"url\":\"https:\\\/\\\/www.eldiariodetucuman.com\\\/web\\\/author\\\/admin\\\/\"}]}<\/script>\n<!-- \/ Yoast SEO plugin. -->","yoast_head_json":{"title":"En busca de su primera victoria, San Mart\u00edn visita a Almagro - El Diario de Tucuman","robots":{"index":"index","follow":"follow","max-snippet":"max-snippet:-1","max-image-preview":"max-image-preview:large","max-video-preview":"max-video-preview:-1"},"canonical":"https:\/\/www.eldiariodetucuman.com\/web\/en-busca-de-su-primera-victoria-san-martin-visita-a-almagro\/","og_locale":"es_ES","og_type":"article","og_title":"En busca de su primera victoria, San Mart\u00edn visita a Almagro - El Diario de Tucuman","og_description":"El partido entre el Ciruja y el Tricolor est\u00e1 programado para las 17 horas y el \u00e1rbitro del encuentro ser\u00e1 Juan Cruz Robledo. El encuentro se podr\u00e1 ver por la plataforma LPF Play. El Santo debut\u00f3 en el campeonato con un empate en cero contra Patronato de Paran\u00e1 la semana pasada en el estadio de [&hellip;]","og_url":"https:\/\/www.eldiariodetucuman.com\/web\/en-busca-de-su-primera-victoria-san-martin-visita-a-almagro\/","og_site_name":"El Diario de Tucuman","article_published_time":"2026-02-21T14:07:17+00:00","author":"admin","twitter_card":"summary_large_image","twitter_misc":{"Escrito por":"admin","Tiempo de lectura":"1 minuto"},"schema":{"@context":"https:\/\/schema.org","@graph":[{"@type":"Article","@id":"https:\/\/www.eldiariodetucuman.com\/web\/en-busca-de-su-primera-victoria-san-martin-visita-a-almagro\/#article","isPartOf":{"@id":"https:\/\/www.eldiariodetucuman.com\/web\/en-busca-de-su-primera-victoria-san-martin-visita-a-almagro\/"},"author":{"name":"admin","@id":"https:\/\/www.eldiariodetucuman.com\/web\/#\/schema\/person\/9250197d75ab5483412e19678b121caa"},"headline":"En busca de su primera victoria, San Mart\u00edn visita a Almagro","datePublished":"2026-02-21T14:07:17+00:00","mainEntityOfPage":{"@id":"https:\/\/www.eldiariodetucuman.com\/web\/en-busca-de-su-primera-victoria-san-martin-visita-a-almagro\/"},"wordCount":178,"publisher":{"@id":"https:\/\/www.eldiariodetucuman.com\/web\/#organization"},"image":{"@id":"https:\/\/www.eldiariodetucuman.com\/web\/en-busca-de-su-primera-victoria-san-martin-visita-a-almagro\/#primaryimage"},"thumbnailUrl":"https:\/\/www.eldiariodetucuman.com\/web\/wp-content\/uploads\/2026\/02\/En-busca-de-su-primera-victoria-San-Martin-visita-a.png","articleSection":["Deporte"],"inLanguage":"es"},{"@type":"WebPage","@id":"https:\/\/www.eldiariodetucuman.com\/web\/en-busca-de-su-primera-victoria-san-martin-visita-a-almagro\/","url":"https:\/\/www.eldiariodetucuman.com\/web\/en-busca-de-su-primera-victoria-san-martin-visita-a-almagro\/","name":"En busca de su primera victoria, San Mart\u00edn visita a Almagro - El Diario de Tucuman","isPartOf":{"@id":"https:\/\/www.eldiariodetucuman.com\/web\/#website"},"primaryImageOfPage":{"@id":"https:\/\/www.eldiariodetucuman.com\/web\/en-busca-de-su-primera-victoria-san-martin-visita-a-almagro\/#primaryimage"},"image":{"@id":"https:\/\/www.eldiariodetucuman.com\/web\/en-busca-de-su-primera-victoria-san-martin-visita-a-almagro\/#primaryimage"},"thumbnailUrl":"https:\/\/www.eldiariodetucuman.com\/web\/wp-content\/uploads\/2026\/02\/En-busca-de-su-primera-victoria-San-Martin-visita-a.png","datePublished":"2026-02-21T14:07:17+00:00","breadcrumb":{"@id":"https:\/\/www.eldiariodetucuman.com\/web\/en-busca-de-su-primera-victoria-san-martin-visita-a-almagro\/#breadcrumb"},"inLanguage":"es","potentialAction":[{"@type":"ReadAction","target":["https:\/\/www.eldiariodetucuman.com\/web\/en-busca-de-su-primera-victoria-san-martin-visita-a-almagro\/"]}]},{"@type":"ImageObject","inLanguage":"es","@id":"https:\/\/www.eldiariodetucuman.com\/web\/en-busca-de-su-primera-victoria-san-martin-visita-a-almagro\/#primaryimage","url":"https:\/\/www.eldiariodetucuman.com\/web\/wp-content\/uploads\/2026\/02\/En-busca-de-su-primera-victoria-San-Martin-visita-a.png","contentUrl":"https:\/\/www.eldiariodetucuman.com\/web\/wp-content\/uploads\/2026\/02\/En-busca-de-su-primera-victoria-San-Martin-visita-a.png","width":1200,"height":675},{"@type":"BreadcrumbList","@id":"https:\/\/www.eldiariodetucuman.com\/web\/en-busca-de-su-primera-victoria-san-martin-visita-a-almagro\/#breadcrumb","itemListElement":[{"@type":"ListItem","position":1,"name":"Portada","item":"https:\/\/www.eldiariodetucuman.com\/web\/"},{"@type":"ListItem","position":2,"name":"En busca de su primera victoria, San Mart\u00edn visita a Almagro"}]},{"@type":"WebSite","@id":"https:\/\/www.eldiariodetucuman.com\/web\/#website","url":"https:\/\/www.eldiariodetucuman.com\/web\/","name":"El Diario de Tucuman","description":"Diario Tucuman - Informaci\u00f3n y noticias","publisher":{"@id":"https:\/\/www.eldiariodetucuman.com\/web\/#organization"},"potentialAction":[{"@type":"SearchAction","target":{"@type":"EntryPoint","urlTemplate":"https:\/\/www.eldiariodetucuman.com\/web\/?s={search_term_string}"},"query-input":{"@type":"PropertyValueSpecification","valueRequired":true,"valueName":"search_term_string"}}],"inLanguage":"es"},{"@type":"Organization","@id":"https:\/\/www.eldiariodetucuman.com\/web\/#organization","name":"El Diario de Tucuman","url":"https:\/\/www.eldiariodetucuman.com\/web\/","logo":{"@type":"ImageObject","inLanguage":"es","@id":"https:\/\/www.eldiariodetucuman.com\/web\/#\/schema\/logo\/image\/","url":"http:\/\/www.eldiariodetucuman.com\/web\/wp-content\/uploads\/2017\/12\/el-diario-de-tucuman.jpg","contentUrl":"http:\/\/www.eldiariodetucuman.com\/web\/wp-content\/uploads\/2017\/12\/el-diario-de-tucuman.jpg","width":272,"height":92,"caption":"El Diario de Tucuman"},"image":{"@id":"https:\/\/www.eldiariodetucuman.com\/web\/#\/schema\/logo\/image\/"}},{"@type":"Person","@id":"https:\/\/www.eldiariodetucuman.com\/web\/#\/schema\/person\/9250197d75ab5483412e19678b121caa","name":"admin","image":{"@type":"ImageObject","inLanguage":"es","@id":"https:\/\/secure.gravatar.com\/avatar\/c44d117c2be811212c22cb481f6b8384b6873de103fbc49e7a03cc58d7dea4ac?s=96&d=mm&r=g","url":"https:\/\/secure.gravatar.com\/avatar\/c44d117c2be811212c22cb481f6b8384b6873de103fbc49e7a03cc58d7dea4ac?s=96&d=mm&r=g","contentUrl":"https:\/\/secure.gravatar.com\/avatar\/c44d117c2be811212c22cb481f6b8384b6873de103fbc49e7a03cc58d7dea4ac?s=96&d=mm&r=g","caption":"admin"},"url":"https:\/\/www.eldiariodetucuman.com\/web\/author\/admin\/"}]}},"_links":{"self":[{"href":"https:\/\/www.eldiariodetucuman.com\/web\/wp-json\/wp\/v2\/posts\/47002","targetHints":{"allow":["GET"]}}],"collection":[{"href":"https:\/\/www.eldiariodetucuman.com\/web\/wp-json\/wp\/v2\/posts"}],"about":[{"href":"https:\/\/www.eldiariodetucuman.com\/web\/wp-json\/wp\/v2\/types\/post"}],"author":[{"embeddable":true,"href":"https:\/\/www.eldiariodetucuman.com\/web\/wp-json\/wp\/v2\/users\/1"}],"replies":[{"embeddable":true,"href":"https:\/\/www.eldiariodetucuman.com\/web\/wp-json\/wp\/v2\/comments?post=47002"}],"version-history":[{"count":0,"href":"https:\/\/www.eldiariodetucuman.com\/web\/wp-json\/wp\/v2\/posts\/47002\/revisions"}],"wp:featuredmedia":[{"embeddable":true,"href":"https:\/\/www.eldiariodetucuman.com\/web\/wp-json\/wp\/v2\/media\/47003"}],"wp:attachment":[{"href":"https:\/\/www.eldiariodetucuman.com\/web\/wp-json\/wp\/v2\/media?parent=47002"}],"wp:term":[{"taxonomy":"category","embeddable":true,"href":"https:\/\/www.eldiariodetucuman.com\/web\/wp-json\/wp\/v2\/categories?post=47002"},{"taxonomy":"post_tag","embeddable":true,"href":"https:\/\/www.eldiariodetucuman.com\/web\/wp-json\/wp\/v2\/tags?post=47002"}],"curies":[{"name":"wp","href":"https:\/\/api.w.org\/{rel}","templated":true}]}}