{"id":46997,"date":"2026-02-20T16:18:18","date_gmt":"2026-02-20T19:18:18","guid":{"rendered":"https:\/\/www.eldiariodetucuman.com\/web\/dura-critica-de-villarruel-al-modelo-economico-de-milei-sin-industria-se-pasa-a-depender-de-china\/"},"modified":"2026-02-20T16:18:19","modified_gmt":"2026-02-20T19:18:19","slug":"dura-critica-de-villarruel-al-modelo-economico-de-milei-sin-industria-se-pasa-a-depender-de-china","status":"publish","type":"post","link":"https:\/\/www.eldiariodetucuman.com\/web\/dura-critica-de-villarruel-al-modelo-economico-de-milei-sin-industria-se-pasa-a-depender-de-china\/","title":{"rendered":"Dura cr\u00edtica de Villarruel al modelo econ\u00f3mico de Milei: \u201cSin industria, se pasa a depender de China\u201d"},"content":{"rendered":"<p><\/p>\n<p class=\"com-paragraph  --capital --s\">La vicepresidenta <strong>Victoria Villarruel<\/strong> volvi\u00f3 a tomar distancia de <strong>Javier Milei<\/strong>. Despu\u00e9s de que el Gobierno consiguiera avanzar con el proyecto de reforma laboral en el Congreso, Villarruel sali\u00f3 criticar con dureza el modelo de apertura econ\u00f3mica indiscriminada que aplica La Libertad Avanza y que ya provoca un impacto en la industria nacional. <\/p>\n<p class=\"com-paragraph   --s\">La excompa\u00f1era de f\u00f3rmula de Milei se hizo eco de la decisi\u00f3n de la Corte Suprema de Justicia de los Estados Unidos de anular los aranceles impuestos por Donald Trump a las importaciones. <\/p>\n<p class=\"com-paragraph   --s\">Para Villarruel, esa decisi\u00f3n \u201cimplica un golpe a las pol\u00edticas de producci\u00f3n y establecimiento de empresas en Estados Unidos\u201d. <\/p>\n<p class=\"com-paragraph   --s\">En otro cap\u00edtulo de la ruptura entre el Presidente y su vice, la titular del Senado fij\u00f3 su posici\u00f3n en medio de la pelea de Milei contra <strong>Paolo Rocca<\/strong>, CEO de Techint,<strong> Javier Madanes Quintanilla<\/strong>, due\u00f1o de Fate y de Aluar; o los empresarios textiles, por las consecuencias de la apertura comercial.<\/p>\n<p class=\"com-paragraph   --s\">Dicho de otro modo: Villarruel sugiri\u00f3 que Milei deber\u00eda atender los reclamos de los representantes del sector industrial. <\/p>\n<p class=\"com-paragraph   --s\">\u201cSin empleo nacional y sin producci\u00f3n nacional no hay pol\u00edticas reales de gobierno. Sin industria, se pasa a depender hasta en lo m\u00e1s m\u00ednimo de China, un pa\u00eds comunista. Para Trump primero est\u00e1 Estados Unidos, para m\u00ed, primero est\u00e1 la Argentina\u201d, escribi\u00f3 Villarruel en su cuenta de la red social \u201cX\u201d.<\/p>\n<p class=\"com-paragraph   --s\">En su mensaje, Villarruel advirti\u00f3 que \u201cla apertura total y libre de las importaciones solo favorece la dependencia de China y profundiza las emergencias econ\u00f3micas y sociales\u201d.<\/p>\n<p class=\"com-paragraph   --s\">\u201cTenemos todo para ser una potencia mundial. No debemos conformarnos con ser un pa\u00eds de servicios. En definitiva estamos hablando de nacionalismo o globalismo\u201d, concluy\u00f3. <\/p>\n<p class=\"com-paragraph   --s\">De la misma manera que decidi\u00f3 subirse a la pelea con <strong> Rocca<\/strong>, por la compra de tubos de acero a una firma de origen indio para ser usados en el proyecto de exportaci\u00f3n de gas de Vaca Muerta, Milei volvi\u00f3 a confrontar esta semana con uno de los empresarios m\u00e1s importantes del pa\u00eds para defender su modelo econ\u00f3mico. <\/p>\n<p class=\"com-paragraph   --s\">En las redes, respald\u00f3 los tuits de militantes libertarios que acusaba a Madanesm un peso pesado en el denominado \u201cc\u00edrculo rojo\u201d, de haber sido un \u201cfan\u201d de <strong>Guillermo Moreno<\/strong>, exsecretario de Comercio interior, \u201cun amante de los gobiernos kirchneristas\u201d y un \u201cdefensor del cepo cambiario ad infinitum\u201d. <\/p>\n<p class=\"com-paragraph   --s\">La mayor\u00eda de los tuiteros libertarios apel\u00f3 al mismo argumento para criticar a Madanes por el cierre de la f\u00e1brica de Fate en San Fernando: a un argumento similar: la \u201ccasta\u201d empresarial no est\u00e1 dispuesta a competir y presiona al Gobierno para mantener la ayuda o \u201cprebendas\u201d del Estado.<\/p>\n<p class=\"com-paragraph   --s\">En la Casa Rosada niegan que haya una crisis industrial y machacan con que los empresarios deben bajar los costos y competir. No obstante, en los \u00faltimos meses, al menos 10 empresas anunciaron el cierre total o parcial de sus plantas industriales, seg\u00fan consign\u00f3 LA NACION. <\/p>\n<p><a href=\"https:\/\/www.lanacion.com.ar\/politica\/dura-critica-de-villarruel-al-modelo-economico-de-milei-sin-industria-se-pasa-a-depender-hasta-en-lo-nid20022026\/\">Fuente de la nota <\/a><\/p>\n","protected":false},"excerpt":{"rendered":"<p>La vicepresidenta Victoria Villarruel volvi\u00f3 a tomar distancia de Javier Milei. Despu\u00e9s de que el Gobierno consiguiera avanzar con el proyecto de reforma laboral en el Congreso, Villarruel sali\u00f3 criticar con dureza el modelo de apertura econ\u00f3mica indiscriminada que aplica La Libertad Avanza y que ya provoca un impacto en la industria nacional. La excompa\u00f1era [&hellip;]<\/p>\n","protected":false},"author":5,"featured_media":46998,"comment_status":"closed","ping_status":"open","sticky":false,"template":"","format":"standard","meta":{"footnotes":""},"categories":[3],"tags":[],"class_list":{"0":"post-46997","1":"post","2":"type-post","3":"status-publish","4":"format-standard","5":"has-post-thumbnail","7":"category-politica"},"yoast_head":"<!-- This site is optimized with the Yoast SEO plugin v27.4 - https:\/\/yoast.com\/product\/yoast-seo-wordpress\/ -->\n<title>Dura cr\u00edtica de Villarruel al modelo econ\u00f3mico de Milei: \u201cSin industria, se pasa a depender de China\u201d - El Diario de Tucuman<\/title>\n<meta name=\"robots\" content=\"index, follow, max-snippet:-1, max-image-preview:large, max-video-preview:-1\" \/>\n<link rel=\"canonical\" href=\"https:\/\/www.eldiariodetucuman.com\/web\/dura-critica-de-villarruel-al-modelo-economico-de-milei-sin-industria-se-pasa-a-depender-de-china\/\" \/>\n<meta property=\"og:locale\" content=\"es_ES\" \/>\n<meta property=\"og:type\" content=\"article\" \/>\n<meta property=\"og:title\" content=\"Dura cr\u00edtica de Villarruel al modelo econ\u00f3mico de Milei: \u201cSin industria, se pasa a depender de China\u201d - El Diario de Tucuman\" \/>\n<meta property=\"og:description\" content=\"La vicepresidenta Victoria Villarruel volvi\u00f3 a tomar distancia de Javier Milei. Despu\u00e9s de que el Gobierno consiguiera avanzar con el proyecto de reforma laboral en el Congreso, Villarruel sali\u00f3 criticar con dureza el modelo de apertura econ\u00f3mica indiscriminada que aplica La Libertad Avanza y que ya provoca un impacto en la industria nacional. La excompa\u00f1era [&hellip;]\" \/>\n<meta property=\"og:url\" content=\"https:\/\/www.eldiariodetucuman.com\/web\/dura-critica-de-villarruel-al-modelo-economico-de-milei-sin-industria-se-pasa-a-depender-de-china\/\" \/>\n<meta property=\"og:site_name\" content=\"El Diario de Tucuman\" \/>\n<meta property=\"article:published_time\" content=\"2026-02-20T19:18:18+00:00\" \/>\n<meta property=\"article:modified_time\" content=\"2026-02-20T19:18:19+00:00\" \/>\n<meta property=\"og:image\" content=\"https:\/\/www.eldiariodetucuman.com\/web\/wp-content\/uploads\/2026\/02\/villarruel-volvio-a-tomar-distancia-de-6EDLEDQJ7RAF3KWRKQF557RA64.jpg\" \/>\n\t<meta property=\"og:image:width\" content=\"1200\" \/>\n\t<meta property=\"og:image:height\" content=\"800\" \/>\n\t<meta property=\"og:image:type\" content=\"image\/jpeg\" \/>\n<meta name=\"author\" content=\"Redactor Uno\" \/>\n<meta name=\"twitter:card\" content=\"summary_large_image\" \/>\n<meta name=\"twitter:label1\" content=\"Escrito por\" \/>\n\t<meta name=\"twitter:data1\" content=\"Redactor Uno\" \/>\n\t<meta name=\"twitter:label2\" content=\"Tiempo de lectura\" \/>\n\t<meta name=\"twitter:data2\" content=\"3 minutos\" \/>\n<script type=\"application\/ld+json\" class=\"yoast-schema-graph\">{\"@context\":\"https:\\\/\\\/schema.org\",\"@graph\":[{\"@type\":\"Article\",\"@id\":\"https:\\\/\\\/www.eldiariodetucuman.com\\\/web\\\/dura-critica-de-villarruel-al-modelo-economico-de-milei-sin-industria-se-pasa-a-depender-de-china\\\/#article\",\"isPartOf\":{\"@id\":\"https:\\\/\\\/www.eldiariodetucuman.com\\\/web\\\/dura-critica-de-villarruel-al-modelo-economico-de-milei-sin-industria-se-pasa-a-depender-de-china\\\/\"},\"author\":{\"name\":\"Redactor Uno\",\"@id\":\"https:\\\/\\\/www.eldiariodetucuman.com\\\/web\\\/#\\\/schema\\\/person\\\/7e6644a46e60888f6b868594407e08dd\"},\"headline\":\"Dura cr\u00edtica de Villarruel al modelo econ\u00f3mico de Milei: \u201cSin industria, se pasa a depender de China\u201d\",\"datePublished\":\"2026-02-20T19:18:18+00:00\",\"dateModified\":\"2026-02-20T19:18:19+00:00\",\"mainEntityOfPage\":{\"@id\":\"https:\\\/\\\/www.eldiariodetucuman.com\\\/web\\\/dura-critica-de-villarruel-al-modelo-economico-de-milei-sin-industria-se-pasa-a-depender-de-china\\\/\"},\"wordCount\":527,\"publisher\":{\"@id\":\"https:\\\/\\\/www.eldiariodetucuman.com\\\/web\\\/#organization\"},\"image\":{\"@id\":\"https:\\\/\\\/www.eldiariodetucuman.com\\\/web\\\/dura-critica-de-villarruel-al-modelo-economico-de-milei-sin-industria-se-pasa-a-depender-de-china\\\/#primaryimage\"},\"thumbnailUrl\":\"https:\\\/\\\/www.eldiariodetucuman.com\\\/web\\\/wp-content\\\/uploads\\\/2026\\\/02\\\/villarruel-volvio-a-tomar-distancia-de-6EDLEDQJ7RAF3KWRKQF557RA64.jpg\",\"articleSection\":[\"Politica\"],\"inLanguage\":\"es\"},{\"@type\":\"WebPage\",\"@id\":\"https:\\\/\\\/www.eldiariodetucuman.com\\\/web\\\/dura-critica-de-villarruel-al-modelo-economico-de-milei-sin-industria-se-pasa-a-depender-de-china\\\/\",\"url\":\"https:\\\/\\\/www.eldiariodetucuman.com\\\/web\\\/dura-critica-de-villarruel-al-modelo-economico-de-milei-sin-industria-se-pasa-a-depender-de-china\\\/\",\"name\":\"Dura cr\u00edtica de Villarruel al modelo econ\u00f3mico de Milei: \u201cSin industria, se pasa a depender de China\u201d - El Diario de Tucuman\",\"isPartOf\":{\"@id\":\"https:\\\/\\\/www.eldiariodetucuman.com\\\/web\\\/#website\"},\"primaryImageOfPage\":{\"@id\":\"https:\\\/\\\/www.eldiariodetucuman.com\\\/web\\\/dura-critica-de-villarruel-al-modelo-economico-de-milei-sin-industria-se-pasa-a-depender-de-china\\\/#primaryimage\"},\"image\":{\"@id\":\"https:\\\/\\\/www.eldiariodetucuman.com\\\/web\\\/dura-critica-de-villarruel-al-modelo-economico-de-milei-sin-industria-se-pasa-a-depender-de-china\\\/#primaryimage\"},\"thumbnailUrl\":\"https:\\\/\\\/www.eldiariodetucuman.com\\\/web\\\/wp-content\\\/uploads\\\/2026\\\/02\\\/villarruel-volvio-a-tomar-distancia-de-6EDLEDQJ7RAF3KWRKQF557RA64.jpg\",\"datePublished\":\"2026-02-20T19:18:18+00:00\",\"dateModified\":\"2026-02-20T19:18:19+00:00\",\"breadcrumb\":{\"@id\":\"https:\\\/\\\/www.eldiariodetucuman.com\\\/web\\\/dura-critica-de-villarruel-al-modelo-economico-de-milei-sin-industria-se-pasa-a-depender-de-china\\\/#breadcrumb\"},\"inLanguage\":\"es\",\"potentialAction\":[{\"@type\":\"ReadAction\",\"target\":[\"https:\\\/\\\/www.eldiariodetucuman.com\\\/web\\\/dura-critica-de-villarruel-al-modelo-economico-de-milei-sin-industria-se-pasa-a-depender-de-china\\\/\"]}]},{\"@type\":\"ImageObject\",\"inLanguage\":\"es\",\"@id\":\"https:\\\/\\\/www.eldiariodetucuman.com\\\/web\\\/dura-critica-de-villarruel-al-modelo-economico-de-milei-sin-industria-se-pasa-a-depender-de-china\\\/#primaryimage\",\"url\":\"https:\\\/\\\/www.eldiariodetucuman.com\\\/web\\\/wp-content\\\/uploads\\\/2026\\\/02\\\/villarruel-volvio-a-tomar-distancia-de-6EDLEDQJ7RAF3KWRKQF557RA64.jpg\",\"contentUrl\":\"https:\\\/\\\/www.eldiariodetucuman.com\\\/web\\\/wp-content\\\/uploads\\\/2026\\\/02\\\/villarruel-volvio-a-tomar-distancia-de-6EDLEDQJ7RAF3KWRKQF557RA64.jpg\",\"width\":1200,\"height\":800},{\"@type\":\"BreadcrumbList\",\"@id\":\"https:\\\/\\\/www.eldiariodetucuman.com\\\/web\\\/dura-critica-de-villarruel-al-modelo-economico-de-milei-sin-industria-se-pasa-a-depender-de-china\\\/#breadcrumb\",\"itemListElement\":[{\"@type\":\"ListItem\",\"position\":1,\"name\":\"Portada\",\"item\":\"https:\\\/\\\/www.eldiariodetucuman.com\\\/web\\\/\"},{\"@type\":\"ListItem\",\"position\":2,\"name\":\"Dura cr\u00edtica de Villarruel al modelo econ\u00f3mico de Milei: \u201cSin industria, se pasa a depender de China\u201d\"}]},{\"@type\":\"WebSite\",\"@id\":\"https:\\\/\\\/www.eldiariodetucuman.com\\\/web\\\/#website\",\"url\":\"https:\\\/\\\/www.eldiariodetucuman.com\\\/web\\\/\",\"name\":\"El Diario de Tucuman\",\"description\":\"Diario Tucuman - Informaci\u00f3n y noticias\",\"publisher\":{\"@id\":\"https:\\\/\\\/www.eldiariodetucuman.com\\\/web\\\/#organization\"},\"potentialAction\":[{\"@type\":\"SearchAction\",\"target\":{\"@type\":\"EntryPoint\",\"urlTemplate\":\"https:\\\/\\\/www.eldiariodetucuman.com\\\/web\\\/?s={search_term_string}\"},\"query-input\":{\"@type\":\"PropertyValueSpecification\",\"valueRequired\":true,\"valueName\":\"search_term_string\"}}],\"inLanguage\":\"es\"},{\"@type\":\"Organization\",\"@id\":\"https:\\\/\\\/www.eldiariodetucuman.com\\\/web\\\/#organization\",\"name\":\"El Diario de Tucuman\",\"url\":\"https:\\\/\\\/www.eldiariodetucuman.com\\\/web\\\/\",\"logo\":{\"@type\":\"ImageObject\",\"inLanguage\":\"es\",\"@id\":\"https:\\\/\\\/www.eldiariodetucuman.com\\\/web\\\/#\\\/schema\\\/logo\\\/image\\\/\",\"url\":\"http:\\\/\\\/www.eldiariodetucuman.com\\\/web\\\/wp-content\\\/uploads\\\/2017\\\/12\\\/el-diario-de-tucuman.jpg\",\"contentUrl\":\"http:\\\/\\\/www.eldiariodetucuman.com\\\/web\\\/wp-content\\\/uploads\\\/2017\\\/12\\\/el-diario-de-tucuman.jpg\",\"width\":272,\"height\":92,\"caption\":\"El Diario de Tucuman\"},\"image\":{\"@id\":\"https:\\\/\\\/www.eldiariodetucuman.com\\\/web\\\/#\\\/schema\\\/logo\\\/image\\\/\"}},{\"@type\":\"Person\",\"@id\":\"https:\\\/\\\/www.eldiariodetucuman.com\\\/web\\\/#\\\/schema\\\/person\\\/7e6644a46e60888f6b868594407e08dd\",\"name\":\"Redactor Uno\",\"image\":{\"@type\":\"ImageObject\",\"inLanguage\":\"es\",\"@id\":\"https:\\\/\\\/secure.gravatar.com\\\/avatar\\\/0049b1bdf1bd548385c9ea6b9356431717930913089febd2ba904f0187d7d074?s=96&d=mm&r=g\",\"url\":\"https:\\\/\\\/secure.gravatar.com\\\/avatar\\\/0049b1bdf1bd548385c9ea6b9356431717930913089febd2ba904f0187d7d074?s=96&d=mm&r=g\",\"contentUrl\":\"https:\\\/\\\/secure.gravatar.com\\\/avatar\\\/0049b1bdf1bd548385c9ea6b9356431717930913089febd2ba904f0187d7d074?s=96&d=mm&r=g\",\"caption\":\"Redactor Uno\"},\"url\":\"https:\\\/\\\/www.eldiariodetucuman.com\\\/web\\\/author\\\/mramasco\\\/\"}]}<\/script>\n<!-- \/ Yoast SEO plugin. -->","yoast_head_json":{"title":"Dura cr\u00edtica de Villarruel al modelo econ\u00f3mico de Milei: \u201cSin industria, se pasa a depender de China\u201d - El Diario de Tucuman","robots":{"index":"index","follow":"follow","max-snippet":"max-snippet:-1","max-image-preview":"max-image-preview:large","max-video-preview":"max-video-preview:-1"},"canonical":"https:\/\/www.eldiariodetucuman.com\/web\/dura-critica-de-villarruel-al-modelo-economico-de-milei-sin-industria-se-pasa-a-depender-de-china\/","og_locale":"es_ES","og_type":"article","og_title":"Dura cr\u00edtica de Villarruel al modelo econ\u00f3mico de Milei: \u201cSin industria, se pasa a depender de China\u201d - El Diario de Tucuman","og_description":"La vicepresidenta Victoria Villarruel volvi\u00f3 a tomar distancia de Javier Milei. Despu\u00e9s de que el Gobierno consiguiera avanzar con el proyecto de reforma laboral en el Congreso, Villarruel sali\u00f3 criticar con dureza el modelo de apertura econ\u00f3mica indiscriminada que aplica La Libertad Avanza y que ya provoca un impacto en la industria nacional. La excompa\u00f1era [&hellip;]","og_url":"https:\/\/www.eldiariodetucuman.com\/web\/dura-critica-de-villarruel-al-modelo-economico-de-milei-sin-industria-se-pasa-a-depender-de-china\/","og_site_name":"El Diario de Tucuman","article_published_time":"2026-02-20T19:18:18+00:00","article_modified_time":"2026-02-20T19:18:19+00:00","og_image":[{"width":1200,"height":800,"url":"https:\/\/www.eldiariodetucuman.com\/web\/wp-content\/uploads\/2026\/02\/villarruel-volvio-a-tomar-distancia-de-6EDLEDQJ7RAF3KWRKQF557RA64.jpg","type":"image\/jpeg"}],"author":"Redactor Uno","twitter_card":"summary_large_image","twitter_misc":{"Escrito por":"Redactor Uno","Tiempo de lectura":"3 minutos"},"schema":{"@context":"https:\/\/schema.org","@graph":[{"@type":"Article","@id":"https:\/\/www.eldiariodetucuman.com\/web\/dura-critica-de-villarruel-al-modelo-economico-de-milei-sin-industria-se-pasa-a-depender-de-china\/#article","isPartOf":{"@id":"https:\/\/www.eldiariodetucuman.com\/web\/dura-critica-de-villarruel-al-modelo-economico-de-milei-sin-industria-se-pasa-a-depender-de-china\/"},"author":{"name":"Redactor Uno","@id":"https:\/\/www.eldiariodetucuman.com\/web\/#\/schema\/person\/7e6644a46e60888f6b868594407e08dd"},"headline":"Dura cr\u00edtica de Villarruel al modelo econ\u00f3mico de Milei: \u201cSin industria, se pasa a depender de China\u201d","datePublished":"2026-02-20T19:18:18+00:00","dateModified":"2026-02-20T19:18:19+00:00","mainEntityOfPage":{"@id":"https:\/\/www.eldiariodetucuman.com\/web\/dura-critica-de-villarruel-al-modelo-economico-de-milei-sin-industria-se-pasa-a-depender-de-china\/"},"wordCount":527,"publisher":{"@id":"https:\/\/www.eldiariodetucuman.com\/web\/#organization"},"image":{"@id":"https:\/\/www.eldiariodetucuman.com\/web\/dura-critica-de-villarruel-al-modelo-economico-de-milei-sin-industria-se-pasa-a-depender-de-china\/#primaryimage"},"thumbnailUrl":"https:\/\/www.eldiariodetucuman.com\/web\/wp-content\/uploads\/2026\/02\/villarruel-volvio-a-tomar-distancia-de-6EDLEDQJ7RAF3KWRKQF557RA64.jpg","articleSection":["Politica"],"inLanguage":"es"},{"@type":"WebPage","@id":"https:\/\/www.eldiariodetucuman.com\/web\/dura-critica-de-villarruel-al-modelo-economico-de-milei-sin-industria-se-pasa-a-depender-de-china\/","url":"https:\/\/www.eldiariodetucuman.com\/web\/dura-critica-de-villarruel-al-modelo-economico-de-milei-sin-industria-se-pasa-a-depender-de-china\/","name":"Dura cr\u00edtica de Villarruel al modelo econ\u00f3mico de Milei: \u201cSin industria, se pasa a depender de China\u201d - El Diario de Tucuman","isPartOf":{"@id":"https:\/\/www.eldiariodetucuman.com\/web\/#website"},"primaryImageOfPage":{"@id":"https:\/\/www.eldiariodetucuman.com\/web\/dura-critica-de-villarruel-al-modelo-economico-de-milei-sin-industria-se-pasa-a-depender-de-china\/#primaryimage"},"image":{"@id":"https:\/\/www.eldiariodetucuman.com\/web\/dura-critica-de-villarruel-al-modelo-economico-de-milei-sin-industria-se-pasa-a-depender-de-china\/#primaryimage"},"thumbnailUrl":"https:\/\/www.eldiariodetucuman.com\/web\/wp-content\/uploads\/2026\/02\/villarruel-volvio-a-tomar-distancia-de-6EDLEDQJ7RAF3KWRKQF557RA64.jpg","datePublished":"2026-02-20T19:18:18+00:00","dateModified":"2026-02-20T19:18:19+00:00","breadcrumb":{"@id":"https:\/\/www.eldiariodetucuman.com\/web\/dura-critica-de-villarruel-al-modelo-economico-de-milei-sin-industria-se-pasa-a-depender-de-china\/#breadcrumb"},"inLanguage":"es","potentialAction":[{"@type":"ReadAction","target":["https:\/\/www.eldiariodetucuman.com\/web\/dura-critica-de-villarruel-al-modelo-economico-de-milei-sin-industria-se-pasa-a-depender-de-china\/"]}]},{"@type":"ImageObject","inLanguage":"es","@id":"https:\/\/www.eldiariodetucuman.com\/web\/dura-critica-de-villarruel-al-modelo-economico-de-milei-sin-industria-se-pasa-a-depender-de-china\/#primaryimage","url":"https:\/\/www.eldiariodetucuman.com\/web\/wp-content\/uploads\/2026\/02\/villarruel-volvio-a-tomar-distancia-de-6EDLEDQJ7RAF3KWRKQF557RA64.jpg","contentUrl":"https:\/\/www.eldiariodetucuman.com\/web\/wp-content\/uploads\/2026\/02\/villarruel-volvio-a-tomar-distancia-de-6EDLEDQJ7RAF3KWRKQF557RA64.jpg","width":1200,"height":800},{"@type":"BreadcrumbList","@id":"https:\/\/www.eldiariodetucuman.com\/web\/dura-critica-de-villarruel-al-modelo-economico-de-milei-sin-industria-se-pasa-a-depender-de-china\/#breadcrumb","itemListElement":[{"@type":"ListItem","position":1,"name":"Portada","item":"https:\/\/www.eldiariodetucuman.com\/web\/"},{"@type":"ListItem","position":2,"name":"Dura cr\u00edtica de Villarruel al modelo econ\u00f3mico de Milei: \u201cSin industria, se pasa a depender de China\u201d"}]},{"@type":"WebSite","@id":"https:\/\/www.eldiariodetucuman.com\/web\/#website","url":"https:\/\/www.eldiariodetucuman.com\/web\/","name":"El Diario de Tucuman","description":"Diario Tucuman - Informaci\u00f3n y noticias","publisher":{"@id":"https:\/\/www.eldiariodetucuman.com\/web\/#organization"},"potentialAction":[{"@type":"SearchAction","target":{"@type":"EntryPoint","urlTemplate":"https:\/\/www.eldiariodetucuman.com\/web\/?s={search_term_string}"},"query-input":{"@type":"PropertyValueSpecification","valueRequired":true,"valueName":"search_term_string"}}],"inLanguage":"es"},{"@type":"Organization","@id":"https:\/\/www.eldiariodetucuman.com\/web\/#organization","name":"El Diario de Tucuman","url":"https:\/\/www.eldiariodetucuman.com\/web\/","logo":{"@type":"ImageObject","inLanguage":"es","@id":"https:\/\/www.eldiariodetucuman.com\/web\/#\/schema\/logo\/image\/","url":"http:\/\/www.eldiariodetucuman.com\/web\/wp-content\/uploads\/2017\/12\/el-diario-de-tucuman.jpg","contentUrl":"http:\/\/www.eldiariodetucuman.com\/web\/wp-content\/uploads\/2017\/12\/el-diario-de-tucuman.jpg","width":272,"height":92,"caption":"El Diario de Tucuman"},"image":{"@id":"https:\/\/www.eldiariodetucuman.com\/web\/#\/schema\/logo\/image\/"}},{"@type":"Person","@id":"https:\/\/www.eldiariodetucuman.com\/web\/#\/schema\/person\/7e6644a46e60888f6b868594407e08dd","name":"Redactor Uno","image":{"@type":"ImageObject","inLanguage":"es","@id":"https:\/\/secure.gravatar.com\/avatar\/0049b1bdf1bd548385c9ea6b9356431717930913089febd2ba904f0187d7d074?s=96&d=mm&r=g","url":"https:\/\/secure.gravatar.com\/avatar\/0049b1bdf1bd548385c9ea6b9356431717930913089febd2ba904f0187d7d074?s=96&d=mm&r=g","contentUrl":"https:\/\/secure.gravatar.com\/avatar\/0049b1bdf1bd548385c9ea6b9356431717930913089febd2ba904f0187d7d074?s=96&d=mm&r=g","caption":"Redactor Uno"},"url":"https:\/\/www.eldiariodetucuman.com\/web\/author\/mramasco\/"}]}},"_links":{"self":[{"href":"https:\/\/www.eldiariodetucuman.com\/web\/wp-json\/wp\/v2\/posts\/46997","targetHints":{"allow":["GET"]}}],"collection":[{"href":"https:\/\/www.eldiariodetucuman.com\/web\/wp-json\/wp\/v2\/posts"}],"about":[{"href":"https:\/\/www.eldiariodetucuman.com\/web\/wp-json\/wp\/v2\/types\/post"}],"author":[{"embeddable":true,"href":"https:\/\/www.eldiariodetucuman.com\/web\/wp-json\/wp\/v2\/users\/5"}],"replies":[{"embeddable":true,"href":"https:\/\/www.eldiariodetucuman.com\/web\/wp-json\/wp\/v2\/comments?post=46997"}],"version-history":[{"count":1,"href":"https:\/\/www.eldiariodetucuman.com\/web\/wp-json\/wp\/v2\/posts\/46997\/revisions"}],"predecessor-version":[{"id":46999,"href":"https:\/\/www.eldiariodetucuman.com\/web\/wp-json\/wp\/v2\/posts\/46997\/revisions\/46999"}],"wp:featuredmedia":[{"embeddable":true,"href":"https:\/\/www.eldiariodetucuman.com\/web\/wp-json\/wp\/v2\/media\/46998"}],"wp:attachment":[{"href":"https:\/\/www.eldiariodetucuman.com\/web\/wp-json\/wp\/v2\/media?parent=46997"}],"wp:term":[{"taxonomy":"category","embeddable":true,"href":"https:\/\/www.eldiariodetucuman.com\/web\/wp-json\/wp\/v2\/categories?post=46997"},{"taxonomy":"post_tag","embeddable":true,"href":"https:\/\/www.eldiariodetucuman.com\/web\/wp-json\/wp\/v2\/tags?post=46997"}],"curies":[{"name":"wp","href":"https:\/\/api.w.org\/{rel}","templated":true}]}}