{"id":46420,"date":"2025-12-07T16:30:25","date_gmt":"2025-12-07T19:30:25","guid":{"rendered":"https:\/\/www.eldiariodetucuman.com\/web\/el-gobierno-les-quito-los-subsidios-a-las-tarifas-a-mas-de-2800-usuarios-y-avanza-en-el-cambio-de-esquema\/"},"modified":"2025-12-07T16:30:25","modified_gmt":"2025-12-07T19:30:25","slug":"el-gobierno-les-quito-los-subsidios-a-las-tarifas-a-mas-de-2800-usuarios-y-avanza-en-el-cambio-de-esquema","status":"publish","type":"post","link":"https:\/\/www.eldiariodetucuman.com\/web\/el-gobierno-les-quito-los-subsidios-a-las-tarifas-a-mas-de-2800-usuarios-y-avanza-en-el-cambio-de-esquema\/","title":{"rendered":"El Gobierno les quit\u00f3 los subsidios a las tarifas a m\u00e1s de 2800 usuarios y avanza en el cambio de esquema"},"content":{"rendered":"<p><\/p>\n<h2>La medida alcanz\u00f3 a residentes de zonas de alto poder adquisitivo en C\u00f3rdoba. El Gobierno explic\u00f3 que, junto con los recategorizados en el AMBA, ahorrar\u00e1 m\u00e1s de $3500 millones en subvenciones.<\/h2>\n<p>El Gobierno anunci\u00f3 que\u00a0<strong>2854<\/strong>\u00a0usuarios de alto poder adquisitivo fueron\u00a0<strong>excluidos\u00a0<\/strong>del\u00a0<strong>r\u00e9gimen de\u00a0subsidios energ\u00e9ticos<\/strong>.\u00a0Se trata residentes en countries y barrios de alto poder adquisitivo de la provincia de<strong>\u00a0C\u00f3rdoba<\/strong>. La medida se da a semanas de que entre en vigencia el\u00a0nuevo esquema de asistencia estatal a las tarifas de luz y gas,\u00a0llamado\u00a0<strong>SEF<\/strong>.<\/p>\n<p>La Secretar\u00eda de Energ\u00eda aplic\u00f3 un proceso de\u00a0<strong>recategorizaci\u00f3n por geolocalizaci\u00f3n\u00a0<\/strong>y detect\u00f3 miles de hogares cordobeses categorizados como N2 y N3 (de bajos y medios ingresos) \u201cdentro de \u00e1reas que exhiben manifiesta capacidad contributiva, lo que implica un claro<strong>\u00a0error de inclusi\u00f3n<\/strong>\u201d.<\/p>\n<p>Ahora, estos usuarios ser\u00e1n recategorizados a N1 para garantizar una distribuci\u00f3n equitativa de los subsidios. El Gobierno indic\u00f3 que podr\u00e1n solicitar una revisi\u00f3n de la medida a trav\u00e9s de la plataforma Tr\u00e1mite a Distancia (TAD).<\/p>\n<p>El Gobierno les quit\u00f3 los subsidios a las tarifas a m\u00e1s de 2800 usuarios (Foto: Ilustrativa\/Freepik)<\/p>\n<p>La exclusi\u00f3n del r\u00e9gimen de subsidios energ\u00e9ticos a casi 3000 hogares de C\u00f3rdoba se suman a los 15.518 usuarios que fueron apartados meses atr\u00e1s del esquema en el AMBA, principalmente, en las zonas de Puerto Madero y countries de la zona norte del conurbano bonaerense.<\/p>\n<p>\u201cEn conjunto,<strong>\u00a0ambas recategorizaciones representan un ahorro fiscal estimado de $3560 millones<\/strong>, reforzando as\u00ed la eficiencia y sostenibilidad del sistema de subsidios\u201d, indicaron desde Energ\u00eda.<\/p>\n<p>El Gobierno adelant\u00f3 que continuar\u00e1n\u00a0<strong>los controles en todo el pa\u00eds<\/strong>, para consolidar un esquema sostenible y equitativo.<\/p>\n<h2>Cambian los subsidios a la luz y el gas: qu\u00e9 implica el nuevo esquema desde 2026<\/h2>\n<p>El Gobierno dejar\u00e1 atr\u00e1s el actual\u00a0<strong>esquema de subsidios\u00a0<\/strong>a las\u00a0<strong>tarifas de luz\u00a0<\/strong>y<strong>\u00a0gas<\/strong>\u00a0desde\u00a0<strong>enero\u00a0<\/strong>de 2026. Se implementar\u00e1 un nuevo r\u00e9gimen de\u00a0<strong>Subsidios Energ\u00e9ticos Focalizados (SEF)<\/strong>. El esquema se dividir\u00e1 en dos tipos de hogares:<\/p>\n<p>Los\u00a0<strong>usuarios sin subsidios<\/strong>\u00a0ser\u00e1n los que tengan ingresos familiares equivalentes a\u00a0<strong>m\u00e1s de<\/strong>\u00a0<strong>3<\/strong>\u00a0canastas b\u00e1sicas totales (<strong>CBT)<\/strong>. En la actualidad, equivale a\u00a0<strong>$ 3.641.397 mensuales<\/strong>.Los\u00a0<strong>usuarios con subsidios<\/strong>: estar\u00e1n incluidos aquellos hogares con ingresos\u00a0<strong>menores a tres CBT<\/strong>.<\/p>\n<p>Cambian los subsidios a la luz y el gas: qu\u00e9 implica el nuevo esquema desde 2026 (Foto: ENRE)<\/p>\n<p>En cuanto a los bloques de consumo y las bonificaciones, el nuevo r\u00e9gimen establece que:<\/p>\n<p>Los hogares con subsidios (hoy repartidos en N2 y N3) pasar\u00e1n a tener una\u00a0<strong>bonificaci\u00f3n del 50%<\/strong>\u00a0en las boletas de\u00a0<strong>energ\u00eda el\u00e9ctrica<\/strong>. Se aplicar\u00e1 en un\u00a0<strong>bloque de 300 kWh mensuales<\/strong>\u00a0en\u00a0<strong>verano e invierno<\/strong>. Y para los meses de oto\u00f1o y primavera, el tope ser\u00e1\u00a0<strong>150 kWh por mes<\/strong>.Para las\u00a0<strong>tarifas de gas<\/strong>, la bonificaci\u00f3n tambi\u00e9n\u00a0<strong>ser\u00e1 del 50%<\/strong>\u00a0para los meses de mayor consumo (entre abril y septiembre). En los meses de bajo consumo, no habr\u00e1 subsidios.El Gobierno dispuso adem\u00e1s que el\u00a0<strong>precio del gas para los hogares se mantenga estable\u00a0<\/strong>durante todo el a\u00f1o.<\/p>\n<p>TN<\/p>\n<p>Fuente: <a href=\"https:\/\/tucuman24.com\/nota\/198149\/el-gobierno-les-quito-los-subsidios-a-las-tarifas-a-mas-de-2800-usuarios-y-avanza-en-el-cambio-de-esquema.html\"> Fuente de la nota <\/a><\/p>\n","protected":false},"excerpt":{"rendered":"<p>La medida alcanz\u00f3 a residentes de zonas de alto poder adquisitivo en C\u00f3rdoba. El Gobierno explic\u00f3 que, junto con los recategorizados en el AMBA, ahorrar\u00e1 m\u00e1s de $3500 millones en subvenciones. El Gobierno anunci\u00f3 que\u00a02854\u00a0usuarios de alto poder adquisitivo fueron\u00a0excluidos\u00a0del\u00a0r\u00e9gimen de\u00a0subsidios energ\u00e9ticos.\u00a0Se trata residentes en countries y barrios de alto poder adquisitivo de la provincia [&hellip;]<\/p>\n","protected":false},"author":1,"featured_media":46421,"comment_status":"closed","ping_status":"open","sticky":false,"template":"","format":"standard","meta":{"footnotes":""},"categories":[2],"tags":[],"class_list":{"0":"post-46420","1":"post","2":"type-post","3":"status-publish","4":"format-standard","5":"has-post-thumbnail","7":"category-actualidad"},"yoast_head":"<!-- This site is optimized with the Yoast SEO plugin v27.5 - https:\/\/yoast.com\/product\/yoast-seo-wordpress\/ -->\n<title>El Gobierno les quit\u00f3 los subsidios a las tarifas a m\u00e1s de 2800 usuarios y avanza en el cambio de esquema - El Diario de Tucuman<\/title>\n<meta name=\"robots\" content=\"index, follow, max-snippet:-1, max-image-preview:large, max-video-preview:-1\" \/>\n<link rel=\"canonical\" href=\"https:\/\/www.eldiariodetucuman.com\/web\/el-gobierno-les-quito-los-subsidios-a-las-tarifas-a-mas-de-2800-usuarios-y-avanza-en-el-cambio-de-esquema\/\" \/>\n<meta property=\"og:locale\" content=\"es_ES\" \/>\n<meta property=\"og:type\" content=\"article\" \/>\n<meta property=\"og:title\" content=\"El Gobierno les quit\u00f3 los subsidios a las tarifas a m\u00e1s de 2800 usuarios y avanza en el cambio de esquema - El Diario de Tucuman\" \/>\n<meta property=\"og:description\" content=\"La medida alcanz\u00f3 a residentes de zonas de alto poder adquisitivo en C\u00f3rdoba. El Gobierno explic\u00f3 que, junto con los recategorizados en el AMBA, ahorrar\u00e1 m\u00e1s de $3500 millones en subvenciones. El Gobierno anunci\u00f3 que\u00a02854\u00a0usuarios de alto poder adquisitivo fueron\u00a0excluidos\u00a0del\u00a0r\u00e9gimen de\u00a0subsidios energ\u00e9ticos.\u00a0Se trata residentes en countries y barrios de alto poder adquisitivo de la provincia [&hellip;]\" \/>\n<meta property=\"og:url\" content=\"https:\/\/www.eldiariodetucuman.com\/web\/el-gobierno-les-quito-los-subsidios-a-las-tarifas-a-mas-de-2800-usuarios-y-avanza-en-el-cambio-de-esquema\/\" \/>\n<meta property=\"og:site_name\" content=\"El Diario de Tucuman\" \/>\n<meta property=\"article:published_time\" content=\"2025-12-07T19:30:25+00:00\" \/>\n<meta name=\"author\" content=\"admin\" \/>\n<meta name=\"twitter:card\" content=\"summary_large_image\" \/>\n<meta name=\"twitter:label1\" content=\"Escrito por\" \/>\n\t<meta name=\"twitter:data1\" content=\"admin\" \/>\n\t<meta name=\"twitter:label2\" content=\"Tiempo de lectura\" \/>\n\t<meta name=\"twitter:data2\" content=\"3 minutos\" \/>\n<script type=\"application\/ld+json\" class=\"yoast-schema-graph\">{\"@context\":\"https:\\\/\\\/schema.org\",\"@graph\":[{\"@type\":\"Article\",\"@id\":\"https:\\\/\\\/www.eldiariodetucuman.com\\\/web\\\/el-gobierno-les-quito-los-subsidios-a-las-tarifas-a-mas-de-2800-usuarios-y-avanza-en-el-cambio-de-esquema\\\/#article\",\"isPartOf\":{\"@id\":\"https:\\\/\\\/www.eldiariodetucuman.com\\\/web\\\/el-gobierno-les-quito-los-subsidios-a-las-tarifas-a-mas-de-2800-usuarios-y-avanza-en-el-cambio-de-esquema\\\/\"},\"author\":{\"name\":\"admin\",\"@id\":\"https:\\\/\\\/www.eldiariodetucuman.com\\\/web\\\/#\\\/schema\\\/person\\\/9250197d75ab5483412e19678b121caa\"},\"headline\":\"El Gobierno les quit\u00f3 los subsidios a las tarifas a m\u00e1s de 2800 usuarios y avanza en el cambio de esquema\",\"datePublished\":\"2025-12-07T19:30:25+00:00\",\"mainEntityOfPage\":{\"@id\":\"https:\\\/\\\/www.eldiariodetucuman.com\\\/web\\\/el-gobierno-les-quito-los-subsidios-a-las-tarifas-a-mas-de-2800-usuarios-y-avanza-en-el-cambio-de-esquema\\\/\"},\"wordCount\":555,\"publisher\":{\"@id\":\"https:\\\/\\\/www.eldiariodetucuman.com\\\/web\\\/#organization\"},\"image\":{\"@id\":\"https:\\\/\\\/www.eldiariodetucuman.com\\\/web\\\/el-gobierno-les-quito-los-subsidios-a-las-tarifas-a-mas-de-2800-usuarios-y-avanza-en-el-cambio-de-esquema\\\/#primaryimage\"},\"thumbnailUrl\":\"https:\\\/\\\/www.eldiariodetucuman.com\\\/web\\\/wp-content\\\/uploads\\\/2025\\\/12\\\/El-Gobierno-les-quito-los-subsidios-a-las-tarifas-a.png\",\"articleSection\":[\"Actualidad\"],\"inLanguage\":\"es\"},{\"@type\":\"WebPage\",\"@id\":\"https:\\\/\\\/www.eldiariodetucuman.com\\\/web\\\/el-gobierno-les-quito-los-subsidios-a-las-tarifas-a-mas-de-2800-usuarios-y-avanza-en-el-cambio-de-esquema\\\/\",\"url\":\"https:\\\/\\\/www.eldiariodetucuman.com\\\/web\\\/el-gobierno-les-quito-los-subsidios-a-las-tarifas-a-mas-de-2800-usuarios-y-avanza-en-el-cambio-de-esquema\\\/\",\"name\":\"El Gobierno les quit\u00f3 los subsidios a las tarifas a m\u00e1s de 2800 usuarios y avanza en el cambio de esquema - El Diario de Tucuman\",\"isPartOf\":{\"@id\":\"https:\\\/\\\/www.eldiariodetucuman.com\\\/web\\\/#website\"},\"primaryImageOfPage\":{\"@id\":\"https:\\\/\\\/www.eldiariodetucuman.com\\\/web\\\/el-gobierno-les-quito-los-subsidios-a-las-tarifas-a-mas-de-2800-usuarios-y-avanza-en-el-cambio-de-esquema\\\/#primaryimage\"},\"image\":{\"@id\":\"https:\\\/\\\/www.eldiariodetucuman.com\\\/web\\\/el-gobierno-les-quito-los-subsidios-a-las-tarifas-a-mas-de-2800-usuarios-y-avanza-en-el-cambio-de-esquema\\\/#primaryimage\"},\"thumbnailUrl\":\"https:\\\/\\\/www.eldiariodetucuman.com\\\/web\\\/wp-content\\\/uploads\\\/2025\\\/12\\\/El-Gobierno-les-quito-los-subsidios-a-las-tarifas-a.png\",\"datePublished\":\"2025-12-07T19:30:25+00:00\",\"breadcrumb\":{\"@id\":\"https:\\\/\\\/www.eldiariodetucuman.com\\\/web\\\/el-gobierno-les-quito-los-subsidios-a-las-tarifas-a-mas-de-2800-usuarios-y-avanza-en-el-cambio-de-esquema\\\/#breadcrumb\"},\"inLanguage\":\"es\",\"potentialAction\":[{\"@type\":\"ReadAction\",\"target\":[\"https:\\\/\\\/www.eldiariodetucuman.com\\\/web\\\/el-gobierno-les-quito-los-subsidios-a-las-tarifas-a-mas-de-2800-usuarios-y-avanza-en-el-cambio-de-esquema\\\/\"]}]},{\"@type\":\"ImageObject\",\"inLanguage\":\"es\",\"@id\":\"https:\\\/\\\/www.eldiariodetucuman.com\\\/web\\\/el-gobierno-les-quito-los-subsidios-a-las-tarifas-a-mas-de-2800-usuarios-y-avanza-en-el-cambio-de-esquema\\\/#primaryimage\",\"url\":\"https:\\\/\\\/www.eldiariodetucuman.com\\\/web\\\/wp-content\\\/uploads\\\/2025\\\/12\\\/El-Gobierno-les-quito-los-subsidios-a-las-tarifas-a.png\",\"contentUrl\":\"https:\\\/\\\/www.eldiariodetucuman.com\\\/web\\\/wp-content\\\/uploads\\\/2025\\\/12\\\/El-Gobierno-les-quito-los-subsidios-a-las-tarifas-a.png\",\"width\":1152,\"height\":644},{\"@type\":\"BreadcrumbList\",\"@id\":\"https:\\\/\\\/www.eldiariodetucuman.com\\\/web\\\/el-gobierno-les-quito-los-subsidios-a-las-tarifas-a-mas-de-2800-usuarios-y-avanza-en-el-cambio-de-esquema\\\/#breadcrumb\",\"itemListElement\":[{\"@type\":\"ListItem\",\"position\":1,\"name\":\"Portada\",\"item\":\"https:\\\/\\\/www.eldiariodetucuman.com\\\/web\\\/\"},{\"@type\":\"ListItem\",\"position\":2,\"name\":\"El Gobierno les quit\u00f3 los subsidios a las tarifas a m\u00e1s de 2800 usuarios y avanza en el cambio de esquema\"}]},{\"@type\":\"WebSite\",\"@id\":\"https:\\\/\\\/www.eldiariodetucuman.com\\\/web\\\/#website\",\"url\":\"https:\\\/\\\/www.eldiariodetucuman.com\\\/web\\\/\",\"name\":\"El Diario de Tucuman\",\"description\":\"Diario Tucuman - Informaci\u00f3n y noticias\",\"publisher\":{\"@id\":\"https:\\\/\\\/www.eldiariodetucuman.com\\\/web\\\/#organization\"},\"potentialAction\":[{\"@type\":\"SearchAction\",\"target\":{\"@type\":\"EntryPoint\",\"urlTemplate\":\"https:\\\/\\\/www.eldiariodetucuman.com\\\/web\\\/?s={search_term_string}\"},\"query-input\":{\"@type\":\"PropertyValueSpecification\",\"valueRequired\":true,\"valueName\":\"search_term_string\"}}],\"inLanguage\":\"es\"},{\"@type\":\"Organization\",\"@id\":\"https:\\\/\\\/www.eldiariodetucuman.com\\\/web\\\/#organization\",\"name\":\"El Diario de Tucuman\",\"url\":\"https:\\\/\\\/www.eldiariodetucuman.com\\\/web\\\/\",\"logo\":{\"@type\":\"ImageObject\",\"inLanguage\":\"es\",\"@id\":\"https:\\\/\\\/www.eldiariodetucuman.com\\\/web\\\/#\\\/schema\\\/logo\\\/image\\\/\",\"url\":\"http:\\\/\\\/www.eldiariodetucuman.com\\\/web\\\/wp-content\\\/uploads\\\/2017\\\/12\\\/el-diario-de-tucuman.jpg\",\"contentUrl\":\"http:\\\/\\\/www.eldiariodetucuman.com\\\/web\\\/wp-content\\\/uploads\\\/2017\\\/12\\\/el-diario-de-tucuman.jpg\",\"width\":272,\"height\":92,\"caption\":\"El Diario de Tucuman\"},\"image\":{\"@id\":\"https:\\\/\\\/www.eldiariodetucuman.com\\\/web\\\/#\\\/schema\\\/logo\\\/image\\\/\"}},{\"@type\":\"Person\",\"@id\":\"https:\\\/\\\/www.eldiariodetucuman.com\\\/web\\\/#\\\/schema\\\/person\\\/9250197d75ab5483412e19678b121caa\",\"name\":\"admin\",\"image\":{\"@type\":\"ImageObject\",\"inLanguage\":\"es\",\"@id\":\"https:\\\/\\\/secure.gravatar.com\\\/avatar\\\/c44d117c2be811212c22cb481f6b8384b6873de103fbc49e7a03cc58d7dea4ac?s=96&d=mm&r=g\",\"url\":\"https:\\\/\\\/secure.gravatar.com\\\/avatar\\\/c44d117c2be811212c22cb481f6b8384b6873de103fbc49e7a03cc58d7dea4ac?s=96&d=mm&r=g\",\"contentUrl\":\"https:\\\/\\\/secure.gravatar.com\\\/avatar\\\/c44d117c2be811212c22cb481f6b8384b6873de103fbc49e7a03cc58d7dea4ac?s=96&d=mm&r=g\",\"caption\":\"admin\"},\"url\":\"https:\\\/\\\/www.eldiariodetucuman.com\\\/web\\\/author\\\/admin\\\/\"}]}<\/script>\n<!-- \/ Yoast SEO plugin. -->","yoast_head_json":{"title":"El Gobierno les quit\u00f3 los subsidios a las tarifas a m\u00e1s de 2800 usuarios y avanza en el cambio de esquema - El Diario de Tucuman","robots":{"index":"index","follow":"follow","max-snippet":"max-snippet:-1","max-image-preview":"max-image-preview:large","max-video-preview":"max-video-preview:-1"},"canonical":"https:\/\/www.eldiariodetucuman.com\/web\/el-gobierno-les-quito-los-subsidios-a-las-tarifas-a-mas-de-2800-usuarios-y-avanza-en-el-cambio-de-esquema\/","og_locale":"es_ES","og_type":"article","og_title":"El Gobierno les quit\u00f3 los subsidios a las tarifas a m\u00e1s de 2800 usuarios y avanza en el cambio de esquema - El Diario de Tucuman","og_description":"La medida alcanz\u00f3 a residentes de zonas de alto poder adquisitivo en C\u00f3rdoba. El Gobierno explic\u00f3 que, junto con los recategorizados en el AMBA, ahorrar\u00e1 m\u00e1s de $3500 millones en subvenciones. El Gobierno anunci\u00f3 que\u00a02854\u00a0usuarios de alto poder adquisitivo fueron\u00a0excluidos\u00a0del\u00a0r\u00e9gimen de\u00a0subsidios energ\u00e9ticos.\u00a0Se trata residentes en countries y barrios de alto poder adquisitivo de la provincia [&hellip;]","og_url":"https:\/\/www.eldiariodetucuman.com\/web\/el-gobierno-les-quito-los-subsidios-a-las-tarifas-a-mas-de-2800-usuarios-y-avanza-en-el-cambio-de-esquema\/","og_site_name":"El Diario de Tucuman","article_published_time":"2025-12-07T19:30:25+00:00","author":"admin","twitter_card":"summary_large_image","twitter_misc":{"Escrito por":"admin","Tiempo de lectura":"3 minutos"},"schema":{"@context":"https:\/\/schema.org","@graph":[{"@type":"Article","@id":"https:\/\/www.eldiariodetucuman.com\/web\/el-gobierno-les-quito-los-subsidios-a-las-tarifas-a-mas-de-2800-usuarios-y-avanza-en-el-cambio-de-esquema\/#article","isPartOf":{"@id":"https:\/\/www.eldiariodetucuman.com\/web\/el-gobierno-les-quito-los-subsidios-a-las-tarifas-a-mas-de-2800-usuarios-y-avanza-en-el-cambio-de-esquema\/"},"author":{"name":"admin","@id":"https:\/\/www.eldiariodetucuman.com\/web\/#\/schema\/person\/9250197d75ab5483412e19678b121caa"},"headline":"El Gobierno les quit\u00f3 los subsidios a las tarifas a m\u00e1s de 2800 usuarios y avanza en el cambio de esquema","datePublished":"2025-12-07T19:30:25+00:00","mainEntityOfPage":{"@id":"https:\/\/www.eldiariodetucuman.com\/web\/el-gobierno-les-quito-los-subsidios-a-las-tarifas-a-mas-de-2800-usuarios-y-avanza-en-el-cambio-de-esquema\/"},"wordCount":555,"publisher":{"@id":"https:\/\/www.eldiariodetucuman.com\/web\/#organization"},"image":{"@id":"https:\/\/www.eldiariodetucuman.com\/web\/el-gobierno-les-quito-los-subsidios-a-las-tarifas-a-mas-de-2800-usuarios-y-avanza-en-el-cambio-de-esquema\/#primaryimage"},"thumbnailUrl":"https:\/\/www.eldiariodetucuman.com\/web\/wp-content\/uploads\/2025\/12\/El-Gobierno-les-quito-los-subsidios-a-las-tarifas-a.png","articleSection":["Actualidad"],"inLanguage":"es"},{"@type":"WebPage","@id":"https:\/\/www.eldiariodetucuman.com\/web\/el-gobierno-les-quito-los-subsidios-a-las-tarifas-a-mas-de-2800-usuarios-y-avanza-en-el-cambio-de-esquema\/","url":"https:\/\/www.eldiariodetucuman.com\/web\/el-gobierno-les-quito-los-subsidios-a-las-tarifas-a-mas-de-2800-usuarios-y-avanza-en-el-cambio-de-esquema\/","name":"El Gobierno les quit\u00f3 los subsidios a las tarifas a m\u00e1s de 2800 usuarios y avanza en el cambio de esquema - El Diario de Tucuman","isPartOf":{"@id":"https:\/\/www.eldiariodetucuman.com\/web\/#website"},"primaryImageOfPage":{"@id":"https:\/\/www.eldiariodetucuman.com\/web\/el-gobierno-les-quito-los-subsidios-a-las-tarifas-a-mas-de-2800-usuarios-y-avanza-en-el-cambio-de-esquema\/#primaryimage"},"image":{"@id":"https:\/\/www.eldiariodetucuman.com\/web\/el-gobierno-les-quito-los-subsidios-a-las-tarifas-a-mas-de-2800-usuarios-y-avanza-en-el-cambio-de-esquema\/#primaryimage"},"thumbnailUrl":"https:\/\/www.eldiariodetucuman.com\/web\/wp-content\/uploads\/2025\/12\/El-Gobierno-les-quito-los-subsidios-a-las-tarifas-a.png","datePublished":"2025-12-07T19:30:25+00:00","breadcrumb":{"@id":"https:\/\/www.eldiariodetucuman.com\/web\/el-gobierno-les-quito-los-subsidios-a-las-tarifas-a-mas-de-2800-usuarios-y-avanza-en-el-cambio-de-esquema\/#breadcrumb"},"inLanguage":"es","potentialAction":[{"@type":"ReadAction","target":["https:\/\/www.eldiariodetucuman.com\/web\/el-gobierno-les-quito-los-subsidios-a-las-tarifas-a-mas-de-2800-usuarios-y-avanza-en-el-cambio-de-esquema\/"]}]},{"@type":"ImageObject","inLanguage":"es","@id":"https:\/\/www.eldiariodetucuman.com\/web\/el-gobierno-les-quito-los-subsidios-a-las-tarifas-a-mas-de-2800-usuarios-y-avanza-en-el-cambio-de-esquema\/#primaryimage","url":"https:\/\/www.eldiariodetucuman.com\/web\/wp-content\/uploads\/2025\/12\/El-Gobierno-les-quito-los-subsidios-a-las-tarifas-a.png","contentUrl":"https:\/\/www.eldiariodetucuman.com\/web\/wp-content\/uploads\/2025\/12\/El-Gobierno-les-quito-los-subsidios-a-las-tarifas-a.png","width":1152,"height":644},{"@type":"BreadcrumbList","@id":"https:\/\/www.eldiariodetucuman.com\/web\/el-gobierno-les-quito-los-subsidios-a-las-tarifas-a-mas-de-2800-usuarios-y-avanza-en-el-cambio-de-esquema\/#breadcrumb","itemListElement":[{"@type":"ListItem","position":1,"name":"Portada","item":"https:\/\/www.eldiariodetucuman.com\/web\/"},{"@type":"ListItem","position":2,"name":"El Gobierno les quit\u00f3 los subsidios a las tarifas a m\u00e1s de 2800 usuarios y avanza en el cambio de esquema"}]},{"@type":"WebSite","@id":"https:\/\/www.eldiariodetucuman.com\/web\/#website","url":"https:\/\/www.eldiariodetucuman.com\/web\/","name":"El Diario de Tucuman","description":"Diario Tucuman - Informaci\u00f3n y noticias","publisher":{"@id":"https:\/\/www.eldiariodetucuman.com\/web\/#organization"},"potentialAction":[{"@type":"SearchAction","target":{"@type":"EntryPoint","urlTemplate":"https:\/\/www.eldiariodetucuman.com\/web\/?s={search_term_string}"},"query-input":{"@type":"PropertyValueSpecification","valueRequired":true,"valueName":"search_term_string"}}],"inLanguage":"es"},{"@type":"Organization","@id":"https:\/\/www.eldiariodetucuman.com\/web\/#organization","name":"El Diario de Tucuman","url":"https:\/\/www.eldiariodetucuman.com\/web\/","logo":{"@type":"ImageObject","inLanguage":"es","@id":"https:\/\/www.eldiariodetucuman.com\/web\/#\/schema\/logo\/image\/","url":"http:\/\/www.eldiariodetucuman.com\/web\/wp-content\/uploads\/2017\/12\/el-diario-de-tucuman.jpg","contentUrl":"http:\/\/www.eldiariodetucuman.com\/web\/wp-content\/uploads\/2017\/12\/el-diario-de-tucuman.jpg","width":272,"height":92,"caption":"El Diario de Tucuman"},"image":{"@id":"https:\/\/www.eldiariodetucuman.com\/web\/#\/schema\/logo\/image\/"}},{"@type":"Person","@id":"https:\/\/www.eldiariodetucuman.com\/web\/#\/schema\/person\/9250197d75ab5483412e19678b121caa","name":"admin","image":{"@type":"ImageObject","inLanguage":"es","@id":"https:\/\/secure.gravatar.com\/avatar\/c44d117c2be811212c22cb481f6b8384b6873de103fbc49e7a03cc58d7dea4ac?s=96&d=mm&r=g","url":"https:\/\/secure.gravatar.com\/avatar\/c44d117c2be811212c22cb481f6b8384b6873de103fbc49e7a03cc58d7dea4ac?s=96&d=mm&r=g","contentUrl":"https:\/\/secure.gravatar.com\/avatar\/c44d117c2be811212c22cb481f6b8384b6873de103fbc49e7a03cc58d7dea4ac?s=96&d=mm&r=g","caption":"admin"},"url":"https:\/\/www.eldiariodetucuman.com\/web\/author\/admin\/"}]}},"_links":{"self":[{"href":"https:\/\/www.eldiariodetucuman.com\/web\/wp-json\/wp\/v2\/posts\/46420","targetHints":{"allow":["GET"]}}],"collection":[{"href":"https:\/\/www.eldiariodetucuman.com\/web\/wp-json\/wp\/v2\/posts"}],"about":[{"href":"https:\/\/www.eldiariodetucuman.com\/web\/wp-json\/wp\/v2\/types\/post"}],"author":[{"embeddable":true,"href":"https:\/\/www.eldiariodetucuman.com\/web\/wp-json\/wp\/v2\/users\/1"}],"replies":[{"embeddable":true,"href":"https:\/\/www.eldiariodetucuman.com\/web\/wp-json\/wp\/v2\/comments?post=46420"}],"version-history":[{"count":0,"href":"https:\/\/www.eldiariodetucuman.com\/web\/wp-json\/wp\/v2\/posts\/46420\/revisions"}],"wp:featuredmedia":[{"embeddable":true,"href":"https:\/\/www.eldiariodetucuman.com\/web\/wp-json\/wp\/v2\/media\/46421"}],"wp:attachment":[{"href":"https:\/\/www.eldiariodetucuman.com\/web\/wp-json\/wp\/v2\/media?parent=46420"}],"wp:term":[{"taxonomy":"category","embeddable":true,"href":"https:\/\/www.eldiariodetucuman.com\/web\/wp-json\/wp\/v2\/categories?post=46420"},{"taxonomy":"post_tag","embeddable":true,"href":"https:\/\/www.eldiariodetucuman.com\/web\/wp-json\/wp\/v2\/tags?post=46420"}],"curies":[{"name":"wp","href":"https:\/\/api.w.org\/{rel}","templated":true}]}}