{"id":46417,"date":"2025-12-07T13:39:29","date_gmt":"2025-12-07T16:39:29","guid":{"rendered":"https:\/\/www.eldiariodetucuman.com\/web\/patricia-bullrich-revelo-algunos-aspectos-del-proyecto-de-reforma-laboral\/"},"modified":"2025-12-07T13:39:30","modified_gmt":"2025-12-07T16:39:30","slug":"patricia-bullrich-revelo-algunos-aspectos-del-proyecto-de-reforma-laboral","status":"publish","type":"post","link":"https:\/\/www.eldiariodetucuman.com\/web\/patricia-bullrich-revelo-algunos-aspectos-del-proyecto-de-reforma-laboral\/","title":{"rendered":"Patricia Bullrich revel\u00f3 algunos aspectos del proyecto de reforma laboral"},"content":{"rendered":"<p><\/p>\n<p class=\"com-paragraph  --capital --s\">Antes de asumir como senadora el pr\u00f3ximo 10 de diciembre, <strong>Patricia Bullrich <\/strong>dio detalles sobre c\u00f3mo ser\u00e1 el <strong>proyecto de reforma laboral<\/strong> que presentar\u00e1 el Gobierno. La hasta ahora ministra de Seguridad asegur\u00f3 que el borrador incluye una ley que \u201c<strong>moderniza y genera certezas<\/strong> para trabajadores y empresarios\u201d.<\/p>\n<p class=\"com-paragraph   --s\">\u201cEs una ley <strong>ecu\u00e1nime, moderada<\/strong>, que no se va a viejos proyectos que son de flexibilizaci\u00f3n laboral. Se logr\u00f3 algo importante y estamos realmente contentos\u201d, dijo este domingo en di\u00e1logo con El Observador. <\/p>\n<p class=\"com-paragraph   --s\">Y a\u00f1adi\u00f3: \u201cEl mercado laboral hace muchos a\u00f1os que est\u00e1 con problemas de falta de certezas para ambos. Tambi\u00e9n da <strong>moratoria para aquellos que est\u00e1n en la informalidad<\/strong> y<strong> genera institutos nuevos<\/strong>, como el Instituto de Fondo Laboral que permite tener contingencias que puedan surgir en juicios laborales y despidos\u201d. <\/p>\n<p>Bullrich en la jura de los diputados nacionales.Soledad Aznarez<\/p>\n<p class=\"com-paragraph   --s\">Entre los principales puntos del borrador del proyecto que pudo conocer <strong>LA NACION<\/strong>,<strong> <\/strong>tambi\u00e9n surgen como puntos centrales la flexibilizaci\u00f3n de las \u201ccondiciones y modalidades de trabajo\u201d; la posibilidad de acordar contratos a tiempo parcial; pactar salarios en pesos u otra moneda extranjera, pero tambi\u00e9n a cambio de alimentos y especias, como tambi\u00e9n fijarlos por productividad. Adem\u00e1s, en la iniciativa figura la creaci\u00f3n de un <strong>banco de horas <\/strong>y la implementaci\u00f3n de un <strong>fondo de cese laboral <\/strong>en reemplazo de la indemnizaci\u00f3n, pero s\u00f3lo en los casos que se acuerde mediante convenio entre las partes.<\/p>\n<p class=\"com-paragraph   --s\">Este viernes, el presidente Javier Milei firm\u00f3 el decreto de <strong>convocatoria a sesiones extraordinarias<\/strong> en el Congreso de la Naci\u00f3n que se extender\u00e1 entre el <strong>10 y el 31 de diciembre<\/strong>. En ese per\u00edodo, el Gobierno buscar\u00e1 tratar reformas centrales entre las que se incluyen la reforma laboral y tributaria, el Presupuesto 2026 y la actualizaci\u00f3n del C\u00f3digo Penal.<\/p>\n<p class=\"com-paragraph   --s\">Respecto a cu\u00e1ndo podr\u00edan aprobarse los cambios en el r\u00e9gimen laboral, Bullrich consider\u00f3 que se espera tener al menos media sanci\u00f3n <strong>para dentro de un a\u00f1o<\/strong>. \u201cEs una ley bastante clara: habla de temas que todos conocemos y hace a\u00f1os que se discuten. Nuestra intenci\u00f3n es, ni bien tengamos los votos y aclaremos las dudas de los senadores: <strong>adelante, no hay mucho que esperar<\/strong>\u201c, sentenci\u00f3.<\/p>\n<p class=\"com-paragraph   --s\">\u201cEstamos estableciendo un di\u00e1logo fuerte con el radicalismo, con el Pro, con una serie de grupos de senadores que pertenecen a provincias independientes y que no est\u00e1n con el bloque kirchnerista\u201d, adelant\u00f3 al respecto y cuestion\u00f3: \u201cCon eso estamos para reunir un grupo que no nos diga a todo que no. <strong>El kirchnerismo te dice que no sin leer los proyectos<\/strong>, no hay posibilidad de di\u00e1logo\u201d.<\/p>\n<p>Senado una sesi\u00f3n p\u00fablica especial, en la que se llevar\u00e1 a cabo la jura de 23 de los 24 senadores electos en los comicios del 26 de octubre, aunque asumiran sus bancas el 10 de DiciembrePilar Camacho<\/p>\n<p class=\"com-paragraph   --s\">En otro tramo de la entrevista de este domingo, la exministra de Seguridad se refiri\u00f3 al cruce que tuvo con la vicepresidenta Victoria Villarruel durante la sesi\u00f3n de jura de los nuevos senadores la semana pasada. Durante la ceremonia, <strong>la presidenta de la C\u00e1mara alta no le dio la palabra a Bullrich<\/strong>, quien quer\u00eda quejarse porque una senadora kirchnerista hab\u00eda entrado al recinto con nueve acompa\u00f1antes mientras que a los oficialistas se los hab\u00eda limitado a tan solo tres invitados.<\/p>\n<p class=\"com-paragraph   --s\">Bullrich explic\u00f3 c\u00f3mo se dio la situaci\u00f3n: \u201cM\u00e1s que tensi\u00f3n fue poner en orden de entrada y las pautas para todos. Los kirchneristas entraron con 20 personas y a nosotros nos dijeron tres y nada m\u00e1s. <strong>Entonces fui y me quej\u00e9 para decir que empecemos bien<\/strong>: reglas iguales para todos\u00bb. \u201cMi objetivo no es pelearme con Villarruel, mi objetivo es sacar leyes. <strong>No voy con marketing pol\u00edtico, voy con un objetivo de efectividad concreta<\/strong>\u201c, afirm\u00f3.<\/p>\n<p class=\"com-paragraph   --s\">Para cerrar, hizo un balance de sus casi dos a\u00f1os al frente del Ministerio de Seguridad y asegur\u00f3 que los resultados fueron \u201cpositivos\u201d. \u201cTodos los n\u00fameros mejoraron: la cifra de homicidios, hay menos robos, la lucha contra el crimen organizado, mejor\u00f3 Rosario&#8230; <strong>Todos los problemas que parec\u00edan imposibles los mejoramos<\/strong>, lo veo en la sociedad. La gente me dec\u00eda que quer\u00eda que me quedara en Seguridad\u00bb, concluy\u00f3.<\/p>\n<p><a href=\"https:\/\/www.lanacion.com.ar\/politica\/patricia-bullrich-revelo-algunos-aspectos-del-proyecto-de-reforma-laboral-nid07122025\/\">Fuente de la nota <\/a><\/p>\n","protected":false},"excerpt":{"rendered":"<p>Antes de asumir como senadora el pr\u00f3ximo 10 de diciembre, Patricia Bullrich dio detalles sobre c\u00f3mo ser\u00e1 el proyecto de reforma laboral que presentar\u00e1 el Gobierno. La hasta ahora ministra de Seguridad asegur\u00f3 que el borrador incluye una ley que \u201cmoderniza y genera certezas para trabajadores y empresarios\u201d. \u201cEs una ley ecu\u00e1nime, moderada, que no [&hellip;]<\/p>\n","protected":false},"author":5,"featured_media":46418,"comment_status":"closed","ping_status":"open","sticky":false,"template":"","format":"standard","meta":{"footnotes":""},"categories":[3],"tags":[],"class_list":{"0":"post-46417","1":"post","2":"type-post","3":"status-publish","4":"format-standard","5":"has-post-thumbnail","7":"category-politica"},"yoast_head":"<!-- This site is optimized with the Yoast SEO plugin v27.5 - https:\/\/yoast.com\/product\/yoast-seo-wordpress\/ -->\n<title>Patricia Bullrich revel\u00f3 algunos aspectos del proyecto de reforma laboral - El Diario de Tucuman<\/title>\n<meta name=\"robots\" content=\"index, follow, max-snippet:-1, max-image-preview:large, max-video-preview:-1\" \/>\n<link rel=\"canonical\" href=\"https:\/\/www.eldiariodetucuman.com\/web\/patricia-bullrich-revelo-algunos-aspectos-del-proyecto-de-reforma-laboral\/\" \/>\n<meta property=\"og:locale\" content=\"es_ES\" \/>\n<meta property=\"og:type\" content=\"article\" \/>\n<meta property=\"og:title\" content=\"Patricia Bullrich revel\u00f3 algunos aspectos del proyecto de reforma laboral - El Diario de Tucuman\" \/>\n<meta property=\"og:description\" content=\"Antes de asumir como senadora el pr\u00f3ximo 10 de diciembre, Patricia Bullrich dio detalles sobre c\u00f3mo ser\u00e1 el proyecto de reforma laboral que presentar\u00e1 el Gobierno. La hasta ahora ministra de Seguridad asegur\u00f3 que el borrador incluye una ley que \u201cmoderniza y genera certezas para trabajadores y empresarios\u201d. \u201cEs una ley ecu\u00e1nime, moderada, que no [&hellip;]\" \/>\n<meta property=\"og:url\" content=\"https:\/\/www.eldiariodetucuman.com\/web\/patricia-bullrich-revelo-algunos-aspectos-del-proyecto-de-reforma-laboral\/\" \/>\n<meta property=\"og:site_name\" content=\"El Diario de Tucuman\" \/>\n<meta property=\"article:published_time\" content=\"2025-12-07T16:39:29+00:00\" \/>\n<meta property=\"article:modified_time\" content=\"2025-12-07T16:39:30+00:00\" \/>\n<meta property=\"og:image\" content=\"https:\/\/www.eldiariodetucuman.com\/web\/wp-content\/uploads\/2025\/12\/patricia-bullrich-hablo-sobre-la-reforma-YYZ5TMCTDNCXXMSCLRR54OP44Y.jpeg\" \/>\n\t<meta property=\"og:image:width\" content=\"1200\" \/>\n\t<meta property=\"og:image:height\" content=\"800\" \/>\n\t<meta property=\"og:image:type\" content=\"image\/jpeg\" \/>\n<meta name=\"author\" content=\"Redactor Uno\" \/>\n<meta name=\"twitter:card\" content=\"summary_large_image\" \/>\n<meta name=\"twitter:label1\" content=\"Escrito por\" \/>\n\t<meta name=\"twitter:data1\" content=\"Redactor Uno\" \/>\n\t<meta name=\"twitter:label2\" content=\"Tiempo de lectura\" \/>\n\t<meta name=\"twitter:data2\" content=\"4 minutos\" \/>\n<script type=\"application\/ld+json\" class=\"yoast-schema-graph\">{\"@context\":\"https:\\\/\\\/schema.org\",\"@graph\":[{\"@type\":\"Article\",\"@id\":\"https:\\\/\\\/www.eldiariodetucuman.com\\\/web\\\/patricia-bullrich-revelo-algunos-aspectos-del-proyecto-de-reforma-laboral\\\/#article\",\"isPartOf\":{\"@id\":\"https:\\\/\\\/www.eldiariodetucuman.com\\\/web\\\/patricia-bullrich-revelo-algunos-aspectos-del-proyecto-de-reforma-laboral\\\/\"},\"author\":{\"name\":\"Redactor Uno\",\"@id\":\"https:\\\/\\\/www.eldiariodetucuman.com\\\/web\\\/#\\\/schema\\\/person\\\/7e6644a46e60888f6b868594407e08dd\"},\"headline\":\"Patricia Bullrich revel\u00f3 algunos aspectos del proyecto de reforma laboral\",\"datePublished\":\"2025-12-07T16:39:29+00:00\",\"dateModified\":\"2025-12-07T16:39:30+00:00\",\"mainEntityOfPage\":{\"@id\":\"https:\\\/\\\/www.eldiariodetucuman.com\\\/web\\\/patricia-bullrich-revelo-algunos-aspectos-del-proyecto-de-reforma-laboral\\\/\"},\"wordCount\":739,\"publisher\":{\"@id\":\"https:\\\/\\\/www.eldiariodetucuman.com\\\/web\\\/#organization\"},\"image\":{\"@id\":\"https:\\\/\\\/www.eldiariodetucuman.com\\\/web\\\/patricia-bullrich-revelo-algunos-aspectos-del-proyecto-de-reforma-laboral\\\/#primaryimage\"},\"thumbnailUrl\":\"https:\\\/\\\/www.eldiariodetucuman.com\\\/web\\\/wp-content\\\/uploads\\\/2025\\\/12\\\/patricia-bullrich-hablo-sobre-la-reforma-YYZ5TMCTDNCXXMSCLRR54OP44Y.jpeg\",\"articleSection\":[\"Politica\"],\"inLanguage\":\"es\"},{\"@type\":\"WebPage\",\"@id\":\"https:\\\/\\\/www.eldiariodetucuman.com\\\/web\\\/patricia-bullrich-revelo-algunos-aspectos-del-proyecto-de-reforma-laboral\\\/\",\"url\":\"https:\\\/\\\/www.eldiariodetucuman.com\\\/web\\\/patricia-bullrich-revelo-algunos-aspectos-del-proyecto-de-reforma-laboral\\\/\",\"name\":\"Patricia Bullrich revel\u00f3 algunos aspectos del proyecto de reforma laboral - El Diario de Tucuman\",\"isPartOf\":{\"@id\":\"https:\\\/\\\/www.eldiariodetucuman.com\\\/web\\\/#website\"},\"primaryImageOfPage\":{\"@id\":\"https:\\\/\\\/www.eldiariodetucuman.com\\\/web\\\/patricia-bullrich-revelo-algunos-aspectos-del-proyecto-de-reforma-laboral\\\/#primaryimage\"},\"image\":{\"@id\":\"https:\\\/\\\/www.eldiariodetucuman.com\\\/web\\\/patricia-bullrich-revelo-algunos-aspectos-del-proyecto-de-reforma-laboral\\\/#primaryimage\"},\"thumbnailUrl\":\"https:\\\/\\\/www.eldiariodetucuman.com\\\/web\\\/wp-content\\\/uploads\\\/2025\\\/12\\\/patricia-bullrich-hablo-sobre-la-reforma-YYZ5TMCTDNCXXMSCLRR54OP44Y.jpeg\",\"datePublished\":\"2025-12-07T16:39:29+00:00\",\"dateModified\":\"2025-12-07T16:39:30+00:00\",\"breadcrumb\":{\"@id\":\"https:\\\/\\\/www.eldiariodetucuman.com\\\/web\\\/patricia-bullrich-revelo-algunos-aspectos-del-proyecto-de-reforma-laboral\\\/#breadcrumb\"},\"inLanguage\":\"es\",\"potentialAction\":[{\"@type\":\"ReadAction\",\"target\":[\"https:\\\/\\\/www.eldiariodetucuman.com\\\/web\\\/patricia-bullrich-revelo-algunos-aspectos-del-proyecto-de-reforma-laboral\\\/\"]}]},{\"@type\":\"ImageObject\",\"inLanguage\":\"es\",\"@id\":\"https:\\\/\\\/www.eldiariodetucuman.com\\\/web\\\/patricia-bullrich-revelo-algunos-aspectos-del-proyecto-de-reforma-laboral\\\/#primaryimage\",\"url\":\"https:\\\/\\\/www.eldiariodetucuman.com\\\/web\\\/wp-content\\\/uploads\\\/2025\\\/12\\\/patricia-bullrich-hablo-sobre-la-reforma-YYZ5TMCTDNCXXMSCLRR54OP44Y.jpeg\",\"contentUrl\":\"https:\\\/\\\/www.eldiariodetucuman.com\\\/web\\\/wp-content\\\/uploads\\\/2025\\\/12\\\/patricia-bullrich-hablo-sobre-la-reforma-YYZ5TMCTDNCXXMSCLRR54OP44Y.jpeg\",\"width\":1200,\"height\":800},{\"@type\":\"BreadcrumbList\",\"@id\":\"https:\\\/\\\/www.eldiariodetucuman.com\\\/web\\\/patricia-bullrich-revelo-algunos-aspectos-del-proyecto-de-reforma-laboral\\\/#breadcrumb\",\"itemListElement\":[{\"@type\":\"ListItem\",\"position\":1,\"name\":\"Portada\",\"item\":\"https:\\\/\\\/www.eldiariodetucuman.com\\\/web\\\/\"},{\"@type\":\"ListItem\",\"position\":2,\"name\":\"Patricia Bullrich revel\u00f3 algunos aspectos del proyecto de reforma laboral\"}]},{\"@type\":\"WebSite\",\"@id\":\"https:\\\/\\\/www.eldiariodetucuman.com\\\/web\\\/#website\",\"url\":\"https:\\\/\\\/www.eldiariodetucuman.com\\\/web\\\/\",\"name\":\"El Diario de Tucuman\",\"description\":\"Diario Tucuman - Informaci\u00f3n y noticias\",\"publisher\":{\"@id\":\"https:\\\/\\\/www.eldiariodetucuman.com\\\/web\\\/#organization\"},\"potentialAction\":[{\"@type\":\"SearchAction\",\"target\":{\"@type\":\"EntryPoint\",\"urlTemplate\":\"https:\\\/\\\/www.eldiariodetucuman.com\\\/web\\\/?s={search_term_string}\"},\"query-input\":{\"@type\":\"PropertyValueSpecification\",\"valueRequired\":true,\"valueName\":\"search_term_string\"}}],\"inLanguage\":\"es\"},{\"@type\":\"Organization\",\"@id\":\"https:\\\/\\\/www.eldiariodetucuman.com\\\/web\\\/#organization\",\"name\":\"El Diario de Tucuman\",\"url\":\"https:\\\/\\\/www.eldiariodetucuman.com\\\/web\\\/\",\"logo\":{\"@type\":\"ImageObject\",\"inLanguage\":\"es\",\"@id\":\"https:\\\/\\\/www.eldiariodetucuman.com\\\/web\\\/#\\\/schema\\\/logo\\\/image\\\/\",\"url\":\"http:\\\/\\\/www.eldiariodetucuman.com\\\/web\\\/wp-content\\\/uploads\\\/2017\\\/12\\\/el-diario-de-tucuman.jpg\",\"contentUrl\":\"http:\\\/\\\/www.eldiariodetucuman.com\\\/web\\\/wp-content\\\/uploads\\\/2017\\\/12\\\/el-diario-de-tucuman.jpg\",\"width\":272,\"height\":92,\"caption\":\"El Diario de Tucuman\"},\"image\":{\"@id\":\"https:\\\/\\\/www.eldiariodetucuman.com\\\/web\\\/#\\\/schema\\\/logo\\\/image\\\/\"}},{\"@type\":\"Person\",\"@id\":\"https:\\\/\\\/www.eldiariodetucuman.com\\\/web\\\/#\\\/schema\\\/person\\\/7e6644a46e60888f6b868594407e08dd\",\"name\":\"Redactor Uno\",\"image\":{\"@type\":\"ImageObject\",\"inLanguage\":\"es\",\"@id\":\"https:\\\/\\\/secure.gravatar.com\\\/avatar\\\/0049b1bdf1bd548385c9ea6b9356431717930913089febd2ba904f0187d7d074?s=96&d=mm&r=g\",\"url\":\"https:\\\/\\\/secure.gravatar.com\\\/avatar\\\/0049b1bdf1bd548385c9ea6b9356431717930913089febd2ba904f0187d7d074?s=96&d=mm&r=g\",\"contentUrl\":\"https:\\\/\\\/secure.gravatar.com\\\/avatar\\\/0049b1bdf1bd548385c9ea6b9356431717930913089febd2ba904f0187d7d074?s=96&d=mm&r=g\",\"caption\":\"Redactor Uno\"},\"url\":\"https:\\\/\\\/www.eldiariodetucuman.com\\\/web\\\/author\\\/mramasco\\\/\"}]}<\/script>\n<!-- \/ Yoast SEO plugin. -->","yoast_head_json":{"title":"Patricia Bullrich revel\u00f3 algunos aspectos del proyecto de reforma laboral - El Diario de Tucuman","robots":{"index":"index","follow":"follow","max-snippet":"max-snippet:-1","max-image-preview":"max-image-preview:large","max-video-preview":"max-video-preview:-1"},"canonical":"https:\/\/www.eldiariodetucuman.com\/web\/patricia-bullrich-revelo-algunos-aspectos-del-proyecto-de-reforma-laboral\/","og_locale":"es_ES","og_type":"article","og_title":"Patricia Bullrich revel\u00f3 algunos aspectos del proyecto de reforma laboral - El Diario de Tucuman","og_description":"Antes de asumir como senadora el pr\u00f3ximo 10 de diciembre, Patricia Bullrich dio detalles sobre c\u00f3mo ser\u00e1 el proyecto de reforma laboral que presentar\u00e1 el Gobierno. La hasta ahora ministra de Seguridad asegur\u00f3 que el borrador incluye una ley que \u201cmoderniza y genera certezas para trabajadores y empresarios\u201d. \u201cEs una ley ecu\u00e1nime, moderada, que no [&hellip;]","og_url":"https:\/\/www.eldiariodetucuman.com\/web\/patricia-bullrich-revelo-algunos-aspectos-del-proyecto-de-reforma-laboral\/","og_site_name":"El Diario de Tucuman","article_published_time":"2025-12-07T16:39:29+00:00","article_modified_time":"2025-12-07T16:39:30+00:00","og_image":[{"width":1200,"height":800,"url":"https:\/\/www.eldiariodetucuman.com\/web\/wp-content\/uploads\/2025\/12\/patricia-bullrich-hablo-sobre-la-reforma-YYZ5TMCTDNCXXMSCLRR54OP44Y.jpeg","type":"image\/jpeg"}],"author":"Redactor Uno","twitter_card":"summary_large_image","twitter_misc":{"Escrito por":"Redactor Uno","Tiempo de lectura":"4 minutos"},"schema":{"@context":"https:\/\/schema.org","@graph":[{"@type":"Article","@id":"https:\/\/www.eldiariodetucuman.com\/web\/patricia-bullrich-revelo-algunos-aspectos-del-proyecto-de-reforma-laboral\/#article","isPartOf":{"@id":"https:\/\/www.eldiariodetucuman.com\/web\/patricia-bullrich-revelo-algunos-aspectos-del-proyecto-de-reforma-laboral\/"},"author":{"name":"Redactor Uno","@id":"https:\/\/www.eldiariodetucuman.com\/web\/#\/schema\/person\/7e6644a46e60888f6b868594407e08dd"},"headline":"Patricia Bullrich revel\u00f3 algunos aspectos del proyecto de reforma laboral","datePublished":"2025-12-07T16:39:29+00:00","dateModified":"2025-12-07T16:39:30+00:00","mainEntityOfPage":{"@id":"https:\/\/www.eldiariodetucuman.com\/web\/patricia-bullrich-revelo-algunos-aspectos-del-proyecto-de-reforma-laboral\/"},"wordCount":739,"publisher":{"@id":"https:\/\/www.eldiariodetucuman.com\/web\/#organization"},"image":{"@id":"https:\/\/www.eldiariodetucuman.com\/web\/patricia-bullrich-revelo-algunos-aspectos-del-proyecto-de-reforma-laboral\/#primaryimage"},"thumbnailUrl":"https:\/\/www.eldiariodetucuman.com\/web\/wp-content\/uploads\/2025\/12\/patricia-bullrich-hablo-sobre-la-reforma-YYZ5TMCTDNCXXMSCLRR54OP44Y.jpeg","articleSection":["Politica"],"inLanguage":"es"},{"@type":"WebPage","@id":"https:\/\/www.eldiariodetucuman.com\/web\/patricia-bullrich-revelo-algunos-aspectos-del-proyecto-de-reforma-laboral\/","url":"https:\/\/www.eldiariodetucuman.com\/web\/patricia-bullrich-revelo-algunos-aspectos-del-proyecto-de-reforma-laboral\/","name":"Patricia Bullrich revel\u00f3 algunos aspectos del proyecto de reforma laboral - El Diario de Tucuman","isPartOf":{"@id":"https:\/\/www.eldiariodetucuman.com\/web\/#website"},"primaryImageOfPage":{"@id":"https:\/\/www.eldiariodetucuman.com\/web\/patricia-bullrich-revelo-algunos-aspectos-del-proyecto-de-reforma-laboral\/#primaryimage"},"image":{"@id":"https:\/\/www.eldiariodetucuman.com\/web\/patricia-bullrich-revelo-algunos-aspectos-del-proyecto-de-reforma-laboral\/#primaryimage"},"thumbnailUrl":"https:\/\/www.eldiariodetucuman.com\/web\/wp-content\/uploads\/2025\/12\/patricia-bullrich-hablo-sobre-la-reforma-YYZ5TMCTDNCXXMSCLRR54OP44Y.jpeg","datePublished":"2025-12-07T16:39:29+00:00","dateModified":"2025-12-07T16:39:30+00:00","breadcrumb":{"@id":"https:\/\/www.eldiariodetucuman.com\/web\/patricia-bullrich-revelo-algunos-aspectos-del-proyecto-de-reforma-laboral\/#breadcrumb"},"inLanguage":"es","potentialAction":[{"@type":"ReadAction","target":["https:\/\/www.eldiariodetucuman.com\/web\/patricia-bullrich-revelo-algunos-aspectos-del-proyecto-de-reforma-laboral\/"]}]},{"@type":"ImageObject","inLanguage":"es","@id":"https:\/\/www.eldiariodetucuman.com\/web\/patricia-bullrich-revelo-algunos-aspectos-del-proyecto-de-reforma-laboral\/#primaryimage","url":"https:\/\/www.eldiariodetucuman.com\/web\/wp-content\/uploads\/2025\/12\/patricia-bullrich-hablo-sobre-la-reforma-YYZ5TMCTDNCXXMSCLRR54OP44Y.jpeg","contentUrl":"https:\/\/www.eldiariodetucuman.com\/web\/wp-content\/uploads\/2025\/12\/patricia-bullrich-hablo-sobre-la-reforma-YYZ5TMCTDNCXXMSCLRR54OP44Y.jpeg","width":1200,"height":800},{"@type":"BreadcrumbList","@id":"https:\/\/www.eldiariodetucuman.com\/web\/patricia-bullrich-revelo-algunos-aspectos-del-proyecto-de-reforma-laboral\/#breadcrumb","itemListElement":[{"@type":"ListItem","position":1,"name":"Portada","item":"https:\/\/www.eldiariodetucuman.com\/web\/"},{"@type":"ListItem","position":2,"name":"Patricia Bullrich revel\u00f3 algunos aspectos del proyecto de reforma laboral"}]},{"@type":"WebSite","@id":"https:\/\/www.eldiariodetucuman.com\/web\/#website","url":"https:\/\/www.eldiariodetucuman.com\/web\/","name":"El Diario de Tucuman","description":"Diario Tucuman - Informaci\u00f3n y noticias","publisher":{"@id":"https:\/\/www.eldiariodetucuman.com\/web\/#organization"},"potentialAction":[{"@type":"SearchAction","target":{"@type":"EntryPoint","urlTemplate":"https:\/\/www.eldiariodetucuman.com\/web\/?s={search_term_string}"},"query-input":{"@type":"PropertyValueSpecification","valueRequired":true,"valueName":"search_term_string"}}],"inLanguage":"es"},{"@type":"Organization","@id":"https:\/\/www.eldiariodetucuman.com\/web\/#organization","name":"El Diario de Tucuman","url":"https:\/\/www.eldiariodetucuman.com\/web\/","logo":{"@type":"ImageObject","inLanguage":"es","@id":"https:\/\/www.eldiariodetucuman.com\/web\/#\/schema\/logo\/image\/","url":"http:\/\/www.eldiariodetucuman.com\/web\/wp-content\/uploads\/2017\/12\/el-diario-de-tucuman.jpg","contentUrl":"http:\/\/www.eldiariodetucuman.com\/web\/wp-content\/uploads\/2017\/12\/el-diario-de-tucuman.jpg","width":272,"height":92,"caption":"El Diario de Tucuman"},"image":{"@id":"https:\/\/www.eldiariodetucuman.com\/web\/#\/schema\/logo\/image\/"}},{"@type":"Person","@id":"https:\/\/www.eldiariodetucuman.com\/web\/#\/schema\/person\/7e6644a46e60888f6b868594407e08dd","name":"Redactor Uno","image":{"@type":"ImageObject","inLanguage":"es","@id":"https:\/\/secure.gravatar.com\/avatar\/0049b1bdf1bd548385c9ea6b9356431717930913089febd2ba904f0187d7d074?s=96&d=mm&r=g","url":"https:\/\/secure.gravatar.com\/avatar\/0049b1bdf1bd548385c9ea6b9356431717930913089febd2ba904f0187d7d074?s=96&d=mm&r=g","contentUrl":"https:\/\/secure.gravatar.com\/avatar\/0049b1bdf1bd548385c9ea6b9356431717930913089febd2ba904f0187d7d074?s=96&d=mm&r=g","caption":"Redactor Uno"},"url":"https:\/\/www.eldiariodetucuman.com\/web\/author\/mramasco\/"}]}},"_links":{"self":[{"href":"https:\/\/www.eldiariodetucuman.com\/web\/wp-json\/wp\/v2\/posts\/46417","targetHints":{"allow":["GET"]}}],"collection":[{"href":"https:\/\/www.eldiariodetucuman.com\/web\/wp-json\/wp\/v2\/posts"}],"about":[{"href":"https:\/\/www.eldiariodetucuman.com\/web\/wp-json\/wp\/v2\/types\/post"}],"author":[{"embeddable":true,"href":"https:\/\/www.eldiariodetucuman.com\/web\/wp-json\/wp\/v2\/users\/5"}],"replies":[{"embeddable":true,"href":"https:\/\/www.eldiariodetucuman.com\/web\/wp-json\/wp\/v2\/comments?post=46417"}],"version-history":[{"count":1,"href":"https:\/\/www.eldiariodetucuman.com\/web\/wp-json\/wp\/v2\/posts\/46417\/revisions"}],"predecessor-version":[{"id":46419,"href":"https:\/\/www.eldiariodetucuman.com\/web\/wp-json\/wp\/v2\/posts\/46417\/revisions\/46419"}],"wp:featuredmedia":[{"embeddable":true,"href":"https:\/\/www.eldiariodetucuman.com\/web\/wp-json\/wp\/v2\/media\/46418"}],"wp:attachment":[{"href":"https:\/\/www.eldiariodetucuman.com\/web\/wp-json\/wp\/v2\/media?parent=46417"}],"wp:term":[{"taxonomy":"category","embeddable":true,"href":"https:\/\/www.eldiariodetucuman.com\/web\/wp-json\/wp\/v2\/categories?post=46417"},{"taxonomy":"post_tag","embeddable":true,"href":"https:\/\/www.eldiariodetucuman.com\/web\/wp-json\/wp\/v2\/tags?post=46417"}],"curies":[{"name":"wp","href":"https:\/\/api.w.org\/{rel}","templated":true}]}}