{"id":46413,"date":"2025-12-06T20:11:31","date_gmt":"2025-12-06T23:11:31","guid":{"rendered":"https:\/\/www.eldiariodetucuman.com\/web\/los-pumas-7s-se-metieron-en-semifinales-pese-a-caer-ante-espana\/"},"modified":"2025-12-06T20:11:31","modified_gmt":"2025-12-06T23:11:31","slug":"los-pumas-7s-se-metieron-en-semifinales-pese-a-caer-ante-espana","status":"publish","type":"post","link":"https:\/\/www.eldiariodetucuman.com\/web\/los-pumas-7s-se-metieron-en-semifinales-pese-a-caer-ante-espana\/","title":{"rendered":"Los Pumas 7S se metieron en semifinales pese a caer ante Espa\u00f1a"},"content":{"rendered":"<p>    <\/p>\n<p>Argentina jugar\u00e1 una de las semis este domingo a las 7.44 de Buenos Aires ante Islas Fiji, el segundo del grupo A. La otra semi ser\u00e1 Sud\u00e1frica-Francia.<\/p>\n<p>Los tantos albicelestes fueron obra de los tries de Vera Feld, Luciano Gonz\u00e1lez (2) y Martiniano Arrieta, m\u00e1s conversiones de Vera Feld y Arrieta. <\/p>\n<p>A \u00faltima hora, el equipo argentino perdi\u00f3 con Espa\u00f1a, que termin\u00f3 tercero en el grupo B. Las anotaciones de Los Pumas &#8216;7 recayeron en tries de Luciano Gonz\u00e1lez (2), Moneta y Eliseo Morales, m\u00e1s conversiones a los palos del propio Gonz\u00e1lez, Pedro de Haro y Mare.<\/p>\n<p>Otros resultados: Nueva Zelanda 29-Gran Breta\u00f1a 12; Islas Fiji 21-Sud\u00e1frica 24; Islas Fiji 21-Gran Breta\u00f1a 17; Sud\u00e1frica 19-Nueva Zelanda 14; Islas Fiji 35-Nueva Zelanda 5; Gran Breta\u00f1a 7-Sud\u00e1frica 41 (zona A).<\/p>\n<p>Argentina marcha en la octava posici\u00f3n del circuito, con 6 puntos, lejos de la l\u00ednea que impone Nueva Zelanda, que re\u00fane 20, luego de haberse alzado con el t\u00edtulo en Dubai.<\/p>\n<p>  <strong> FUENTE:<\/strong> DeporTV<br \/>\n<br \/>Fuente: <a href=\"https:\/\/www.lv12.com.ar\/los-pumas-7s\/los-pumas-7s-se-metieron-semifinales-pese-caer-espana-n190224\"> Fuente de la nota <\/a><\/p>\n","protected":false},"excerpt":{"rendered":"<p>Argentina jugar\u00e1 una de las semis este domingo a las 7.44 de Buenos Aires ante Islas Fiji, el segundo del grupo A. La otra semi ser\u00e1 Sud\u00e1frica-Francia. Los tantos albicelestes fueron obra de los tries de Vera Feld, Luciano Gonz\u00e1lez (2) y Martiniano Arrieta, m\u00e1s conversiones de Vera Feld y Arrieta. A \u00faltima hora, el [&hellip;]<\/p>\n","protected":false},"author":1,"featured_media":46414,"comment_status":"closed","ping_status":"open","sticky":false,"template":"","format":"standard","meta":{"footnotes":""},"categories":[6],"tags":[],"class_list":{"0":"post-46413","1":"post","2":"type-post","3":"status-publish","4":"format-standard","5":"has-post-thumbnail","7":"category-deporte"},"yoast_head":"<!-- This site is optimized with the Yoast SEO plugin v27.5 - https:\/\/yoast.com\/product\/yoast-seo-wordpress\/ -->\n<title>Los Pumas 7S se metieron en semifinales pese a caer ante Espa\u00f1a - El Diario de Tucuman<\/title>\n<meta name=\"robots\" content=\"index, follow, max-snippet:-1, max-image-preview:large, max-video-preview:-1\" \/>\n<link rel=\"canonical\" href=\"https:\/\/www.eldiariodetucuman.com\/web\/los-pumas-7s-se-metieron-en-semifinales-pese-a-caer-ante-espana\/\" \/>\n<meta property=\"og:locale\" content=\"es_ES\" \/>\n<meta property=\"og:type\" content=\"article\" \/>\n<meta property=\"og:title\" content=\"Los Pumas 7S se metieron en semifinales pese a caer ante Espa\u00f1a - El Diario de Tucuman\" \/>\n<meta property=\"og:description\" content=\"Argentina jugar\u00e1 una de las semis este domingo a las 7.44 de Buenos Aires ante Islas Fiji, el segundo del grupo A. La otra semi ser\u00e1 Sud\u00e1frica-Francia. Los tantos albicelestes fueron obra de los tries de Vera Feld, Luciano Gonz\u00e1lez (2) y Martiniano Arrieta, m\u00e1s conversiones de Vera Feld y Arrieta. A \u00faltima hora, el [&hellip;]\" \/>\n<meta property=\"og:url\" content=\"https:\/\/www.eldiariodetucuman.com\/web\/los-pumas-7s-se-metieron-en-semifinales-pese-a-caer-ante-espana\/\" \/>\n<meta property=\"og:site_name\" content=\"El Diario de Tucuman\" \/>\n<meta property=\"article:published_time\" content=\"2025-12-06T23:11:31+00:00\" \/>\n<meta name=\"author\" content=\"admin\" \/>\n<meta name=\"twitter:card\" content=\"summary_large_image\" \/>\n<meta name=\"twitter:label1\" content=\"Escrito por\" \/>\n\t<meta name=\"twitter:data1\" content=\"admin\" \/>\n\t<meta name=\"twitter:label2\" content=\"Tiempo de lectura\" \/>\n\t<meta name=\"twitter:data2\" content=\"1 minuto\" \/>\n<script type=\"application\/ld+json\" class=\"yoast-schema-graph\">{\"@context\":\"https:\\\/\\\/schema.org\",\"@graph\":[{\"@type\":\"Article\",\"@id\":\"https:\\\/\\\/www.eldiariodetucuman.com\\\/web\\\/los-pumas-7s-se-metieron-en-semifinales-pese-a-caer-ante-espana\\\/#article\",\"isPartOf\":{\"@id\":\"https:\\\/\\\/www.eldiariodetucuman.com\\\/web\\\/los-pumas-7s-se-metieron-en-semifinales-pese-a-caer-ante-espana\\\/\"},\"author\":{\"name\":\"admin\",\"@id\":\"https:\\\/\\\/www.eldiariodetucuman.com\\\/web\\\/#\\\/schema\\\/person\\\/9250197d75ab5483412e19678b121caa\"},\"headline\":\"Los Pumas 7S se metieron en semifinales pese a caer ante Espa\u00f1a\",\"datePublished\":\"2025-12-06T23:11:31+00:00\",\"mainEntityOfPage\":{\"@id\":\"https:\\\/\\\/www.eldiariodetucuman.com\\\/web\\\/los-pumas-7s-se-metieron-en-semifinales-pese-a-caer-ante-espana\\\/\"},\"wordCount\":185,\"publisher\":{\"@id\":\"https:\\\/\\\/www.eldiariodetucuman.com\\\/web\\\/#organization\"},\"image\":{\"@id\":\"https:\\\/\\\/www.eldiariodetucuman.com\\\/web\\\/los-pumas-7s-se-metieron-en-semifinales-pese-a-caer-ante-espana\\\/#primaryimage\"},\"thumbnailUrl\":\"https:\\\/\\\/www.eldiariodetucuman.com\\\/web\\\/wp-content\\\/uploads\\\/2025\\\/12\\\/Los-Pumas-7S-se-metieron-en-semifinales-pese-a-caer.jpg\",\"articleSection\":[\"Deporte\"],\"inLanguage\":\"es\"},{\"@type\":\"WebPage\",\"@id\":\"https:\\\/\\\/www.eldiariodetucuman.com\\\/web\\\/los-pumas-7s-se-metieron-en-semifinales-pese-a-caer-ante-espana\\\/\",\"url\":\"https:\\\/\\\/www.eldiariodetucuman.com\\\/web\\\/los-pumas-7s-se-metieron-en-semifinales-pese-a-caer-ante-espana\\\/\",\"name\":\"Los Pumas 7S se metieron en semifinales pese a caer ante Espa\u00f1a - El Diario de Tucuman\",\"isPartOf\":{\"@id\":\"https:\\\/\\\/www.eldiariodetucuman.com\\\/web\\\/#website\"},\"primaryImageOfPage\":{\"@id\":\"https:\\\/\\\/www.eldiariodetucuman.com\\\/web\\\/los-pumas-7s-se-metieron-en-semifinales-pese-a-caer-ante-espana\\\/#primaryimage\"},\"image\":{\"@id\":\"https:\\\/\\\/www.eldiariodetucuman.com\\\/web\\\/los-pumas-7s-se-metieron-en-semifinales-pese-a-caer-ante-espana\\\/#primaryimage\"},\"thumbnailUrl\":\"https:\\\/\\\/www.eldiariodetucuman.com\\\/web\\\/wp-content\\\/uploads\\\/2025\\\/12\\\/Los-Pumas-7S-se-metieron-en-semifinales-pese-a-caer.jpg\",\"datePublished\":\"2025-12-06T23:11:31+00:00\",\"breadcrumb\":{\"@id\":\"https:\\\/\\\/www.eldiariodetucuman.com\\\/web\\\/los-pumas-7s-se-metieron-en-semifinales-pese-a-caer-ante-espana\\\/#breadcrumb\"},\"inLanguage\":\"es\",\"potentialAction\":[{\"@type\":\"ReadAction\",\"target\":[\"https:\\\/\\\/www.eldiariodetucuman.com\\\/web\\\/los-pumas-7s-se-metieron-en-semifinales-pese-a-caer-ante-espana\\\/\"]}]},{\"@type\":\"ImageObject\",\"inLanguage\":\"es\",\"@id\":\"https:\\\/\\\/www.eldiariodetucuman.com\\\/web\\\/los-pumas-7s-se-metieron-en-semifinales-pese-a-caer-ante-espana\\\/#primaryimage\",\"url\":\"https:\\\/\\\/www.eldiariodetucuman.com\\\/web\\\/wp-content\\\/uploads\\\/2025\\\/12\\\/Los-Pumas-7S-se-metieron-en-semifinales-pese-a-caer.jpg\",\"contentUrl\":\"https:\\\/\\\/www.eldiariodetucuman.com\\\/web\\\/wp-content\\\/uploads\\\/2025\\\/12\\\/Los-Pumas-7S-se-metieron-en-semifinales-pese-a-caer.jpg\",\"width\":1200,\"height\":675},{\"@type\":\"BreadcrumbList\",\"@id\":\"https:\\\/\\\/www.eldiariodetucuman.com\\\/web\\\/los-pumas-7s-se-metieron-en-semifinales-pese-a-caer-ante-espana\\\/#breadcrumb\",\"itemListElement\":[{\"@type\":\"ListItem\",\"position\":1,\"name\":\"Portada\",\"item\":\"https:\\\/\\\/www.eldiariodetucuman.com\\\/web\\\/\"},{\"@type\":\"ListItem\",\"position\":2,\"name\":\"Los Pumas 7S se metieron en semifinales pese a caer ante Espa\u00f1a\"}]},{\"@type\":\"WebSite\",\"@id\":\"https:\\\/\\\/www.eldiariodetucuman.com\\\/web\\\/#website\",\"url\":\"https:\\\/\\\/www.eldiariodetucuman.com\\\/web\\\/\",\"name\":\"El Diario de Tucuman\",\"description\":\"Diario Tucuman - Informaci\u00f3n y noticias\",\"publisher\":{\"@id\":\"https:\\\/\\\/www.eldiariodetucuman.com\\\/web\\\/#organization\"},\"potentialAction\":[{\"@type\":\"SearchAction\",\"target\":{\"@type\":\"EntryPoint\",\"urlTemplate\":\"https:\\\/\\\/www.eldiariodetucuman.com\\\/web\\\/?s={search_term_string}\"},\"query-input\":{\"@type\":\"PropertyValueSpecification\",\"valueRequired\":true,\"valueName\":\"search_term_string\"}}],\"inLanguage\":\"es\"},{\"@type\":\"Organization\",\"@id\":\"https:\\\/\\\/www.eldiariodetucuman.com\\\/web\\\/#organization\",\"name\":\"El Diario de Tucuman\",\"url\":\"https:\\\/\\\/www.eldiariodetucuman.com\\\/web\\\/\",\"logo\":{\"@type\":\"ImageObject\",\"inLanguage\":\"es\",\"@id\":\"https:\\\/\\\/www.eldiariodetucuman.com\\\/web\\\/#\\\/schema\\\/logo\\\/image\\\/\",\"url\":\"http:\\\/\\\/www.eldiariodetucuman.com\\\/web\\\/wp-content\\\/uploads\\\/2017\\\/12\\\/el-diario-de-tucuman.jpg\",\"contentUrl\":\"http:\\\/\\\/www.eldiariodetucuman.com\\\/web\\\/wp-content\\\/uploads\\\/2017\\\/12\\\/el-diario-de-tucuman.jpg\",\"width\":272,\"height\":92,\"caption\":\"El Diario de Tucuman\"},\"image\":{\"@id\":\"https:\\\/\\\/www.eldiariodetucuman.com\\\/web\\\/#\\\/schema\\\/logo\\\/image\\\/\"}},{\"@type\":\"Person\",\"@id\":\"https:\\\/\\\/www.eldiariodetucuman.com\\\/web\\\/#\\\/schema\\\/person\\\/9250197d75ab5483412e19678b121caa\",\"name\":\"admin\",\"image\":{\"@type\":\"ImageObject\",\"inLanguage\":\"es\",\"@id\":\"https:\\\/\\\/secure.gravatar.com\\\/avatar\\\/c44d117c2be811212c22cb481f6b8384b6873de103fbc49e7a03cc58d7dea4ac?s=96&d=mm&r=g\",\"url\":\"https:\\\/\\\/secure.gravatar.com\\\/avatar\\\/c44d117c2be811212c22cb481f6b8384b6873de103fbc49e7a03cc58d7dea4ac?s=96&d=mm&r=g\",\"contentUrl\":\"https:\\\/\\\/secure.gravatar.com\\\/avatar\\\/c44d117c2be811212c22cb481f6b8384b6873de103fbc49e7a03cc58d7dea4ac?s=96&d=mm&r=g\",\"caption\":\"admin\"},\"url\":\"https:\\\/\\\/www.eldiariodetucuman.com\\\/web\\\/author\\\/admin\\\/\"}]}<\/script>\n<!-- \/ Yoast SEO plugin. -->","yoast_head_json":{"title":"Los Pumas 7S se metieron en semifinales pese a caer ante Espa\u00f1a - El Diario de Tucuman","robots":{"index":"index","follow":"follow","max-snippet":"max-snippet:-1","max-image-preview":"max-image-preview:large","max-video-preview":"max-video-preview:-1"},"canonical":"https:\/\/www.eldiariodetucuman.com\/web\/los-pumas-7s-se-metieron-en-semifinales-pese-a-caer-ante-espana\/","og_locale":"es_ES","og_type":"article","og_title":"Los Pumas 7S se metieron en semifinales pese a caer ante Espa\u00f1a - El Diario de Tucuman","og_description":"Argentina jugar\u00e1 una de las semis este domingo a las 7.44 de Buenos Aires ante Islas Fiji, el segundo del grupo A. La otra semi ser\u00e1 Sud\u00e1frica-Francia. Los tantos albicelestes fueron obra de los tries de Vera Feld, Luciano Gonz\u00e1lez (2) y Martiniano Arrieta, m\u00e1s conversiones de Vera Feld y Arrieta. A \u00faltima hora, el [&hellip;]","og_url":"https:\/\/www.eldiariodetucuman.com\/web\/los-pumas-7s-se-metieron-en-semifinales-pese-a-caer-ante-espana\/","og_site_name":"El Diario de Tucuman","article_published_time":"2025-12-06T23:11:31+00:00","author":"admin","twitter_card":"summary_large_image","twitter_misc":{"Escrito por":"admin","Tiempo de lectura":"1 minuto"},"schema":{"@context":"https:\/\/schema.org","@graph":[{"@type":"Article","@id":"https:\/\/www.eldiariodetucuman.com\/web\/los-pumas-7s-se-metieron-en-semifinales-pese-a-caer-ante-espana\/#article","isPartOf":{"@id":"https:\/\/www.eldiariodetucuman.com\/web\/los-pumas-7s-se-metieron-en-semifinales-pese-a-caer-ante-espana\/"},"author":{"name":"admin","@id":"https:\/\/www.eldiariodetucuman.com\/web\/#\/schema\/person\/9250197d75ab5483412e19678b121caa"},"headline":"Los Pumas 7S se metieron en semifinales pese a caer ante Espa\u00f1a","datePublished":"2025-12-06T23:11:31+00:00","mainEntityOfPage":{"@id":"https:\/\/www.eldiariodetucuman.com\/web\/los-pumas-7s-se-metieron-en-semifinales-pese-a-caer-ante-espana\/"},"wordCount":185,"publisher":{"@id":"https:\/\/www.eldiariodetucuman.com\/web\/#organization"},"image":{"@id":"https:\/\/www.eldiariodetucuman.com\/web\/los-pumas-7s-se-metieron-en-semifinales-pese-a-caer-ante-espana\/#primaryimage"},"thumbnailUrl":"https:\/\/www.eldiariodetucuman.com\/web\/wp-content\/uploads\/2025\/12\/Los-Pumas-7S-se-metieron-en-semifinales-pese-a-caer.jpg","articleSection":["Deporte"],"inLanguage":"es"},{"@type":"WebPage","@id":"https:\/\/www.eldiariodetucuman.com\/web\/los-pumas-7s-se-metieron-en-semifinales-pese-a-caer-ante-espana\/","url":"https:\/\/www.eldiariodetucuman.com\/web\/los-pumas-7s-se-metieron-en-semifinales-pese-a-caer-ante-espana\/","name":"Los Pumas 7S se metieron en semifinales pese a caer ante Espa\u00f1a - El Diario de Tucuman","isPartOf":{"@id":"https:\/\/www.eldiariodetucuman.com\/web\/#website"},"primaryImageOfPage":{"@id":"https:\/\/www.eldiariodetucuman.com\/web\/los-pumas-7s-se-metieron-en-semifinales-pese-a-caer-ante-espana\/#primaryimage"},"image":{"@id":"https:\/\/www.eldiariodetucuman.com\/web\/los-pumas-7s-se-metieron-en-semifinales-pese-a-caer-ante-espana\/#primaryimage"},"thumbnailUrl":"https:\/\/www.eldiariodetucuman.com\/web\/wp-content\/uploads\/2025\/12\/Los-Pumas-7S-se-metieron-en-semifinales-pese-a-caer.jpg","datePublished":"2025-12-06T23:11:31+00:00","breadcrumb":{"@id":"https:\/\/www.eldiariodetucuman.com\/web\/los-pumas-7s-se-metieron-en-semifinales-pese-a-caer-ante-espana\/#breadcrumb"},"inLanguage":"es","potentialAction":[{"@type":"ReadAction","target":["https:\/\/www.eldiariodetucuman.com\/web\/los-pumas-7s-se-metieron-en-semifinales-pese-a-caer-ante-espana\/"]}]},{"@type":"ImageObject","inLanguage":"es","@id":"https:\/\/www.eldiariodetucuman.com\/web\/los-pumas-7s-se-metieron-en-semifinales-pese-a-caer-ante-espana\/#primaryimage","url":"https:\/\/www.eldiariodetucuman.com\/web\/wp-content\/uploads\/2025\/12\/Los-Pumas-7S-se-metieron-en-semifinales-pese-a-caer.jpg","contentUrl":"https:\/\/www.eldiariodetucuman.com\/web\/wp-content\/uploads\/2025\/12\/Los-Pumas-7S-se-metieron-en-semifinales-pese-a-caer.jpg","width":1200,"height":675},{"@type":"BreadcrumbList","@id":"https:\/\/www.eldiariodetucuman.com\/web\/los-pumas-7s-se-metieron-en-semifinales-pese-a-caer-ante-espana\/#breadcrumb","itemListElement":[{"@type":"ListItem","position":1,"name":"Portada","item":"https:\/\/www.eldiariodetucuman.com\/web\/"},{"@type":"ListItem","position":2,"name":"Los Pumas 7S se metieron en semifinales pese a caer ante Espa\u00f1a"}]},{"@type":"WebSite","@id":"https:\/\/www.eldiariodetucuman.com\/web\/#website","url":"https:\/\/www.eldiariodetucuman.com\/web\/","name":"El Diario de Tucuman","description":"Diario Tucuman - Informaci\u00f3n y noticias","publisher":{"@id":"https:\/\/www.eldiariodetucuman.com\/web\/#organization"},"potentialAction":[{"@type":"SearchAction","target":{"@type":"EntryPoint","urlTemplate":"https:\/\/www.eldiariodetucuman.com\/web\/?s={search_term_string}"},"query-input":{"@type":"PropertyValueSpecification","valueRequired":true,"valueName":"search_term_string"}}],"inLanguage":"es"},{"@type":"Organization","@id":"https:\/\/www.eldiariodetucuman.com\/web\/#organization","name":"El Diario de Tucuman","url":"https:\/\/www.eldiariodetucuman.com\/web\/","logo":{"@type":"ImageObject","inLanguage":"es","@id":"https:\/\/www.eldiariodetucuman.com\/web\/#\/schema\/logo\/image\/","url":"http:\/\/www.eldiariodetucuman.com\/web\/wp-content\/uploads\/2017\/12\/el-diario-de-tucuman.jpg","contentUrl":"http:\/\/www.eldiariodetucuman.com\/web\/wp-content\/uploads\/2017\/12\/el-diario-de-tucuman.jpg","width":272,"height":92,"caption":"El Diario de Tucuman"},"image":{"@id":"https:\/\/www.eldiariodetucuman.com\/web\/#\/schema\/logo\/image\/"}},{"@type":"Person","@id":"https:\/\/www.eldiariodetucuman.com\/web\/#\/schema\/person\/9250197d75ab5483412e19678b121caa","name":"admin","image":{"@type":"ImageObject","inLanguage":"es","@id":"https:\/\/secure.gravatar.com\/avatar\/c44d117c2be811212c22cb481f6b8384b6873de103fbc49e7a03cc58d7dea4ac?s=96&d=mm&r=g","url":"https:\/\/secure.gravatar.com\/avatar\/c44d117c2be811212c22cb481f6b8384b6873de103fbc49e7a03cc58d7dea4ac?s=96&d=mm&r=g","contentUrl":"https:\/\/secure.gravatar.com\/avatar\/c44d117c2be811212c22cb481f6b8384b6873de103fbc49e7a03cc58d7dea4ac?s=96&d=mm&r=g","caption":"admin"},"url":"https:\/\/www.eldiariodetucuman.com\/web\/author\/admin\/"}]}},"_links":{"self":[{"href":"https:\/\/www.eldiariodetucuman.com\/web\/wp-json\/wp\/v2\/posts\/46413","targetHints":{"allow":["GET"]}}],"collection":[{"href":"https:\/\/www.eldiariodetucuman.com\/web\/wp-json\/wp\/v2\/posts"}],"about":[{"href":"https:\/\/www.eldiariodetucuman.com\/web\/wp-json\/wp\/v2\/types\/post"}],"author":[{"embeddable":true,"href":"https:\/\/www.eldiariodetucuman.com\/web\/wp-json\/wp\/v2\/users\/1"}],"replies":[{"embeddable":true,"href":"https:\/\/www.eldiariodetucuman.com\/web\/wp-json\/wp\/v2\/comments?post=46413"}],"version-history":[{"count":0,"href":"https:\/\/www.eldiariodetucuman.com\/web\/wp-json\/wp\/v2\/posts\/46413\/revisions"}],"wp:featuredmedia":[{"embeddable":true,"href":"https:\/\/www.eldiariodetucuman.com\/web\/wp-json\/wp\/v2\/media\/46414"}],"wp:attachment":[{"href":"https:\/\/www.eldiariodetucuman.com\/web\/wp-json\/wp\/v2\/media?parent=46413"}],"wp:term":[{"taxonomy":"category","embeddable":true,"href":"https:\/\/www.eldiariodetucuman.com\/web\/wp-json\/wp\/v2\/categories?post=46413"},{"taxonomy":"post_tag","embeddable":true,"href":"https:\/\/www.eldiariodetucuman.com\/web\/wp-json\/wp\/v2\/tags?post=46413"}],"curies":[{"name":"wp","href":"https:\/\/api.w.org\/{rel}","templated":true}]}}