{"id":46411,"date":"2025-12-06T17:35:39","date_gmt":"2025-12-06T20:35:39","guid":{"rendered":"https:\/\/www.eldiariodetucuman.com\/web\/dictan-prision-preventiva-a-un-acusado-de-un-robo\/"},"modified":"2025-12-06T17:35:39","modified_gmt":"2025-12-06T20:35:39","slug":"dictan-prision-preventiva-a-un-acusado-de-un-robo","status":"publish","type":"post","link":"https:\/\/www.eldiariodetucuman.com\/web\/dictan-prision-preventiva-a-un-acusado-de-un-robo\/","title":{"rendered":"Dictan prisi\u00f3n preventiva a un acusado de un robo"},"content":{"rendered":"<p>    <\/p>\n<p>Un sujeto de 29 a\u00f1os permanecer\u00e1 detenido luego de que se hiciera lugar a la solicitud de prisi\u00f3n preventiva presentada por la Unidad Especializada de Robos y Hurtos II del Ministerio P\u00fablico Fiscal. La medida se dict\u00f3 en el marco de la investigaci\u00f3n por un robo ocurrido en la madrugada del 5 de diciembre, cuando la v\u00edctima fue sorprendida por dos asaltantes mientras aguardaba la llegada de un veh\u00edculo de la aplicaci\u00f3n Uber.<\/p>\n<p>Durante la audiencia, el auxiliar de fiscal Miguel Fern\u00e1ndez, actuando en representaci\u00f3n de la titular de la unidad, Susana Cordisco, formul\u00f3 cargos contra el malviviente, a quien se le atribuye el delito de robo agravado por el uso de armas, en calidad de coautor.<\/p>\n<p>Seg\u00fan la acusaci\u00f3n fiscal, a las 2:00 de la madrugada del 5 de diciembre, un  joven esperaba un viaje sobre la vereda de avenida Roca 1100, cuando fue abordado por el imputado y otro sujeto a\u00fan no identificado. El acusado extrajo de entre sus ropas un cuchillo tipo sierrita que coloc\u00f3 en la zona del abdomen de la v\u00edctima para intimidarla, mientras que su c\u00f3mplice le sustrajo $21.000 pesos y tarjetas de  cr\u00e9dito y d\u00e9bito, para luego ambos darse a la fuga.<\/p>\n<p><strong>La resoluci\u00f3n <\/strong><\/p>\n<p>Al solicitar la medida cautelar, la Fiscal\u00eda argument\u00f3 la existencia de riesgos procesales y la necesidad de avanzar con diligencias en la investigaci\u00f3n todav\u00eda pendientes como ruedas de reconocimiento e identificar al consorte de causa. \u201cEl hecho ocurri\u00f3 con violencia y en la nocturnidad, donde la v\u00edctima ten\u00eda pocas posibilidades de defenderse\u201d, se\u00f1al\u00f3 el representante del MPF a la hora de requerir la medida de coerci\u00f3n de m\u00e1xima intensidad. El pedido fue por 20 d\u00edas, sin embargo el juez interviniente resolvi\u00f3 otorgar la medida por 16 d\u00edas, hasta el pr\u00f3ximo 22 de diciembre.<\/p>\n<p>Fuente: <a href=\"https:\/\/www.lv12.com.ar\/robo\/dictan-prision-preventiva-un-acusado-un-robo-n190218\"> Fuente de la nota <\/a><\/p>\n","protected":false},"excerpt":{"rendered":"<p>Un sujeto de 29 a\u00f1os permanecer\u00e1 detenido luego de que se hiciera lugar a la solicitud de prisi\u00f3n preventiva presentada por la Unidad Especializada de Robos y Hurtos II del Ministerio P\u00fablico Fiscal. La medida se dict\u00f3 en el marco de la investigaci\u00f3n por un robo ocurrido en la madrugada del 5 de diciembre, cuando [&hellip;]<\/p>\n","protected":false},"author":1,"featured_media":46412,"comment_status":"closed","ping_status":"open","sticky":false,"template":"","format":"standard","meta":{"footnotes":""},"categories":[927],"tags":[],"class_list":{"0":"post-46411","1":"post","2":"type-post","3":"status-publish","4":"format-standard","5":"has-post-thumbnail","7":"category-policiales"},"yoast_head":"<!-- This site is optimized with the Yoast SEO plugin v27.5 - https:\/\/yoast.com\/product\/yoast-seo-wordpress\/ -->\n<title>Dictan prisi\u00f3n preventiva a un acusado de un robo - El Diario de Tucuman<\/title>\n<meta name=\"robots\" content=\"index, follow, max-snippet:-1, max-image-preview:large, max-video-preview:-1\" \/>\n<link rel=\"canonical\" href=\"https:\/\/www.eldiariodetucuman.com\/web\/dictan-prision-preventiva-a-un-acusado-de-un-robo\/\" \/>\n<meta property=\"og:locale\" content=\"es_ES\" \/>\n<meta property=\"og:type\" content=\"article\" \/>\n<meta property=\"og:title\" content=\"Dictan prisi\u00f3n preventiva a un acusado de un robo - El Diario de Tucuman\" \/>\n<meta property=\"og:description\" content=\"Un sujeto de 29 a\u00f1os permanecer\u00e1 detenido luego de que se hiciera lugar a la solicitud de prisi\u00f3n preventiva presentada por la Unidad Especializada de Robos y Hurtos II del Ministerio P\u00fablico Fiscal. La medida se dict\u00f3 en el marco de la investigaci\u00f3n por un robo ocurrido en la madrugada del 5 de diciembre, cuando [&hellip;]\" \/>\n<meta property=\"og:url\" content=\"https:\/\/www.eldiariodetucuman.com\/web\/dictan-prision-preventiva-a-un-acusado-de-un-robo\/\" \/>\n<meta property=\"og:site_name\" content=\"El Diario de Tucuman\" \/>\n<meta property=\"article:published_time\" content=\"2025-12-06T20:35:39+00:00\" \/>\n<meta name=\"author\" content=\"admin\" \/>\n<meta name=\"twitter:card\" content=\"summary_large_image\" \/>\n<meta name=\"twitter:label1\" content=\"Escrito por\" \/>\n\t<meta name=\"twitter:data1\" content=\"admin\" \/>\n\t<meta name=\"twitter:label2\" content=\"Tiempo de lectura\" \/>\n\t<meta name=\"twitter:data2\" content=\"2 minutos\" \/>\n<script type=\"application\/ld+json\" class=\"yoast-schema-graph\">{\"@context\":\"https:\\\/\\\/schema.org\",\"@graph\":[{\"@type\":\"Article\",\"@id\":\"https:\\\/\\\/www.eldiariodetucuman.com\\\/web\\\/dictan-prision-preventiva-a-un-acusado-de-un-robo\\\/#article\",\"isPartOf\":{\"@id\":\"https:\\\/\\\/www.eldiariodetucuman.com\\\/web\\\/dictan-prision-preventiva-a-un-acusado-de-un-robo\\\/\"},\"author\":{\"name\":\"admin\",\"@id\":\"https:\\\/\\\/www.eldiariodetucuman.com\\\/web\\\/#\\\/schema\\\/person\\\/9250197d75ab5483412e19678b121caa\"},\"headline\":\"Dictan prisi\u00f3n preventiva a un acusado de un robo\",\"datePublished\":\"2025-12-06T20:35:39+00:00\",\"mainEntityOfPage\":{\"@id\":\"https:\\\/\\\/www.eldiariodetucuman.com\\\/web\\\/dictan-prision-preventiva-a-un-acusado-de-un-robo\\\/\"},\"wordCount\":328,\"publisher\":{\"@id\":\"https:\\\/\\\/www.eldiariodetucuman.com\\\/web\\\/#organization\"},\"image\":{\"@id\":\"https:\\\/\\\/www.eldiariodetucuman.com\\\/web\\\/dictan-prision-preventiva-a-un-acusado-de-un-robo\\\/#primaryimage\"},\"thumbnailUrl\":\"https:\\\/\\\/www.eldiariodetucuman.com\\\/web\\\/wp-content\\\/uploads\\\/2025\\\/12\\\/Dictan-prision-preventiva-a-un-acusado-de-un-robo.jpg\",\"articleSection\":[\"Policiales\"],\"inLanguage\":\"es\"},{\"@type\":\"WebPage\",\"@id\":\"https:\\\/\\\/www.eldiariodetucuman.com\\\/web\\\/dictan-prision-preventiva-a-un-acusado-de-un-robo\\\/\",\"url\":\"https:\\\/\\\/www.eldiariodetucuman.com\\\/web\\\/dictan-prision-preventiva-a-un-acusado-de-un-robo\\\/\",\"name\":\"Dictan prisi\u00f3n preventiva a un acusado de un robo - El Diario de Tucuman\",\"isPartOf\":{\"@id\":\"https:\\\/\\\/www.eldiariodetucuman.com\\\/web\\\/#website\"},\"primaryImageOfPage\":{\"@id\":\"https:\\\/\\\/www.eldiariodetucuman.com\\\/web\\\/dictan-prision-preventiva-a-un-acusado-de-un-robo\\\/#primaryimage\"},\"image\":{\"@id\":\"https:\\\/\\\/www.eldiariodetucuman.com\\\/web\\\/dictan-prision-preventiva-a-un-acusado-de-un-robo\\\/#primaryimage\"},\"thumbnailUrl\":\"https:\\\/\\\/www.eldiariodetucuman.com\\\/web\\\/wp-content\\\/uploads\\\/2025\\\/12\\\/Dictan-prision-preventiva-a-un-acusado-de-un-robo.jpg\",\"datePublished\":\"2025-12-06T20:35:39+00:00\",\"breadcrumb\":{\"@id\":\"https:\\\/\\\/www.eldiariodetucuman.com\\\/web\\\/dictan-prision-preventiva-a-un-acusado-de-un-robo\\\/#breadcrumb\"},\"inLanguage\":\"es\",\"potentialAction\":[{\"@type\":\"ReadAction\",\"target\":[\"https:\\\/\\\/www.eldiariodetucuman.com\\\/web\\\/dictan-prision-preventiva-a-un-acusado-de-un-robo\\\/\"]}]},{\"@type\":\"ImageObject\",\"inLanguage\":\"es\",\"@id\":\"https:\\\/\\\/www.eldiariodetucuman.com\\\/web\\\/dictan-prision-preventiva-a-un-acusado-de-un-robo\\\/#primaryimage\",\"url\":\"https:\\\/\\\/www.eldiariodetucuman.com\\\/web\\\/wp-content\\\/uploads\\\/2025\\\/12\\\/Dictan-prision-preventiva-a-un-acusado-de-un-robo.jpg\",\"contentUrl\":\"https:\\\/\\\/www.eldiariodetucuman.com\\\/web\\\/wp-content\\\/uploads\\\/2025\\\/12\\\/Dictan-prision-preventiva-a-un-acusado-de-un-robo.jpg\",\"width\":1200,\"height\":675},{\"@type\":\"BreadcrumbList\",\"@id\":\"https:\\\/\\\/www.eldiariodetucuman.com\\\/web\\\/dictan-prision-preventiva-a-un-acusado-de-un-robo\\\/#breadcrumb\",\"itemListElement\":[{\"@type\":\"ListItem\",\"position\":1,\"name\":\"Portada\",\"item\":\"https:\\\/\\\/www.eldiariodetucuman.com\\\/web\\\/\"},{\"@type\":\"ListItem\",\"position\":2,\"name\":\"Dictan prisi\u00f3n preventiva a un acusado de un robo\"}]},{\"@type\":\"WebSite\",\"@id\":\"https:\\\/\\\/www.eldiariodetucuman.com\\\/web\\\/#website\",\"url\":\"https:\\\/\\\/www.eldiariodetucuman.com\\\/web\\\/\",\"name\":\"El Diario de Tucuman\",\"description\":\"Diario Tucuman - Informaci\u00f3n y noticias\",\"publisher\":{\"@id\":\"https:\\\/\\\/www.eldiariodetucuman.com\\\/web\\\/#organization\"},\"potentialAction\":[{\"@type\":\"SearchAction\",\"target\":{\"@type\":\"EntryPoint\",\"urlTemplate\":\"https:\\\/\\\/www.eldiariodetucuman.com\\\/web\\\/?s={search_term_string}\"},\"query-input\":{\"@type\":\"PropertyValueSpecification\",\"valueRequired\":true,\"valueName\":\"search_term_string\"}}],\"inLanguage\":\"es\"},{\"@type\":\"Organization\",\"@id\":\"https:\\\/\\\/www.eldiariodetucuman.com\\\/web\\\/#organization\",\"name\":\"El Diario de Tucuman\",\"url\":\"https:\\\/\\\/www.eldiariodetucuman.com\\\/web\\\/\",\"logo\":{\"@type\":\"ImageObject\",\"inLanguage\":\"es\",\"@id\":\"https:\\\/\\\/www.eldiariodetucuman.com\\\/web\\\/#\\\/schema\\\/logo\\\/image\\\/\",\"url\":\"http:\\\/\\\/www.eldiariodetucuman.com\\\/web\\\/wp-content\\\/uploads\\\/2017\\\/12\\\/el-diario-de-tucuman.jpg\",\"contentUrl\":\"http:\\\/\\\/www.eldiariodetucuman.com\\\/web\\\/wp-content\\\/uploads\\\/2017\\\/12\\\/el-diario-de-tucuman.jpg\",\"width\":272,\"height\":92,\"caption\":\"El Diario de Tucuman\"},\"image\":{\"@id\":\"https:\\\/\\\/www.eldiariodetucuman.com\\\/web\\\/#\\\/schema\\\/logo\\\/image\\\/\"}},{\"@type\":\"Person\",\"@id\":\"https:\\\/\\\/www.eldiariodetucuman.com\\\/web\\\/#\\\/schema\\\/person\\\/9250197d75ab5483412e19678b121caa\",\"name\":\"admin\",\"image\":{\"@type\":\"ImageObject\",\"inLanguage\":\"es\",\"@id\":\"https:\\\/\\\/secure.gravatar.com\\\/avatar\\\/c44d117c2be811212c22cb481f6b8384b6873de103fbc49e7a03cc58d7dea4ac?s=96&d=mm&r=g\",\"url\":\"https:\\\/\\\/secure.gravatar.com\\\/avatar\\\/c44d117c2be811212c22cb481f6b8384b6873de103fbc49e7a03cc58d7dea4ac?s=96&d=mm&r=g\",\"contentUrl\":\"https:\\\/\\\/secure.gravatar.com\\\/avatar\\\/c44d117c2be811212c22cb481f6b8384b6873de103fbc49e7a03cc58d7dea4ac?s=96&d=mm&r=g\",\"caption\":\"admin\"},\"url\":\"https:\\\/\\\/www.eldiariodetucuman.com\\\/web\\\/author\\\/admin\\\/\"}]}<\/script>\n<!-- \/ Yoast SEO plugin. -->","yoast_head_json":{"title":"Dictan prisi\u00f3n preventiva a un acusado de un robo - El Diario de Tucuman","robots":{"index":"index","follow":"follow","max-snippet":"max-snippet:-1","max-image-preview":"max-image-preview:large","max-video-preview":"max-video-preview:-1"},"canonical":"https:\/\/www.eldiariodetucuman.com\/web\/dictan-prision-preventiva-a-un-acusado-de-un-robo\/","og_locale":"es_ES","og_type":"article","og_title":"Dictan prisi\u00f3n preventiva a un acusado de un robo - El Diario de Tucuman","og_description":"Un sujeto de 29 a\u00f1os permanecer\u00e1 detenido luego de que se hiciera lugar a la solicitud de prisi\u00f3n preventiva presentada por la Unidad Especializada de Robos y Hurtos II del Ministerio P\u00fablico Fiscal. La medida se dict\u00f3 en el marco de la investigaci\u00f3n por un robo ocurrido en la madrugada del 5 de diciembre, cuando [&hellip;]","og_url":"https:\/\/www.eldiariodetucuman.com\/web\/dictan-prision-preventiva-a-un-acusado-de-un-robo\/","og_site_name":"El Diario de Tucuman","article_published_time":"2025-12-06T20:35:39+00:00","author":"admin","twitter_card":"summary_large_image","twitter_misc":{"Escrito por":"admin","Tiempo de lectura":"2 minutos"},"schema":{"@context":"https:\/\/schema.org","@graph":[{"@type":"Article","@id":"https:\/\/www.eldiariodetucuman.com\/web\/dictan-prision-preventiva-a-un-acusado-de-un-robo\/#article","isPartOf":{"@id":"https:\/\/www.eldiariodetucuman.com\/web\/dictan-prision-preventiva-a-un-acusado-de-un-robo\/"},"author":{"name":"admin","@id":"https:\/\/www.eldiariodetucuman.com\/web\/#\/schema\/person\/9250197d75ab5483412e19678b121caa"},"headline":"Dictan prisi\u00f3n preventiva a un acusado de un robo","datePublished":"2025-12-06T20:35:39+00:00","mainEntityOfPage":{"@id":"https:\/\/www.eldiariodetucuman.com\/web\/dictan-prision-preventiva-a-un-acusado-de-un-robo\/"},"wordCount":328,"publisher":{"@id":"https:\/\/www.eldiariodetucuman.com\/web\/#organization"},"image":{"@id":"https:\/\/www.eldiariodetucuman.com\/web\/dictan-prision-preventiva-a-un-acusado-de-un-robo\/#primaryimage"},"thumbnailUrl":"https:\/\/www.eldiariodetucuman.com\/web\/wp-content\/uploads\/2025\/12\/Dictan-prision-preventiva-a-un-acusado-de-un-robo.jpg","articleSection":["Policiales"],"inLanguage":"es"},{"@type":"WebPage","@id":"https:\/\/www.eldiariodetucuman.com\/web\/dictan-prision-preventiva-a-un-acusado-de-un-robo\/","url":"https:\/\/www.eldiariodetucuman.com\/web\/dictan-prision-preventiva-a-un-acusado-de-un-robo\/","name":"Dictan prisi\u00f3n preventiva a un acusado de un robo - El Diario de Tucuman","isPartOf":{"@id":"https:\/\/www.eldiariodetucuman.com\/web\/#website"},"primaryImageOfPage":{"@id":"https:\/\/www.eldiariodetucuman.com\/web\/dictan-prision-preventiva-a-un-acusado-de-un-robo\/#primaryimage"},"image":{"@id":"https:\/\/www.eldiariodetucuman.com\/web\/dictan-prision-preventiva-a-un-acusado-de-un-robo\/#primaryimage"},"thumbnailUrl":"https:\/\/www.eldiariodetucuman.com\/web\/wp-content\/uploads\/2025\/12\/Dictan-prision-preventiva-a-un-acusado-de-un-robo.jpg","datePublished":"2025-12-06T20:35:39+00:00","breadcrumb":{"@id":"https:\/\/www.eldiariodetucuman.com\/web\/dictan-prision-preventiva-a-un-acusado-de-un-robo\/#breadcrumb"},"inLanguage":"es","potentialAction":[{"@type":"ReadAction","target":["https:\/\/www.eldiariodetucuman.com\/web\/dictan-prision-preventiva-a-un-acusado-de-un-robo\/"]}]},{"@type":"ImageObject","inLanguage":"es","@id":"https:\/\/www.eldiariodetucuman.com\/web\/dictan-prision-preventiva-a-un-acusado-de-un-robo\/#primaryimage","url":"https:\/\/www.eldiariodetucuman.com\/web\/wp-content\/uploads\/2025\/12\/Dictan-prision-preventiva-a-un-acusado-de-un-robo.jpg","contentUrl":"https:\/\/www.eldiariodetucuman.com\/web\/wp-content\/uploads\/2025\/12\/Dictan-prision-preventiva-a-un-acusado-de-un-robo.jpg","width":1200,"height":675},{"@type":"BreadcrumbList","@id":"https:\/\/www.eldiariodetucuman.com\/web\/dictan-prision-preventiva-a-un-acusado-de-un-robo\/#breadcrumb","itemListElement":[{"@type":"ListItem","position":1,"name":"Portada","item":"https:\/\/www.eldiariodetucuman.com\/web\/"},{"@type":"ListItem","position":2,"name":"Dictan prisi\u00f3n preventiva a un acusado de un robo"}]},{"@type":"WebSite","@id":"https:\/\/www.eldiariodetucuman.com\/web\/#website","url":"https:\/\/www.eldiariodetucuman.com\/web\/","name":"El Diario de Tucuman","description":"Diario Tucuman - Informaci\u00f3n y noticias","publisher":{"@id":"https:\/\/www.eldiariodetucuman.com\/web\/#organization"},"potentialAction":[{"@type":"SearchAction","target":{"@type":"EntryPoint","urlTemplate":"https:\/\/www.eldiariodetucuman.com\/web\/?s={search_term_string}"},"query-input":{"@type":"PropertyValueSpecification","valueRequired":true,"valueName":"search_term_string"}}],"inLanguage":"es"},{"@type":"Organization","@id":"https:\/\/www.eldiariodetucuman.com\/web\/#organization","name":"El Diario de Tucuman","url":"https:\/\/www.eldiariodetucuman.com\/web\/","logo":{"@type":"ImageObject","inLanguage":"es","@id":"https:\/\/www.eldiariodetucuman.com\/web\/#\/schema\/logo\/image\/","url":"http:\/\/www.eldiariodetucuman.com\/web\/wp-content\/uploads\/2017\/12\/el-diario-de-tucuman.jpg","contentUrl":"http:\/\/www.eldiariodetucuman.com\/web\/wp-content\/uploads\/2017\/12\/el-diario-de-tucuman.jpg","width":272,"height":92,"caption":"El Diario de Tucuman"},"image":{"@id":"https:\/\/www.eldiariodetucuman.com\/web\/#\/schema\/logo\/image\/"}},{"@type":"Person","@id":"https:\/\/www.eldiariodetucuman.com\/web\/#\/schema\/person\/9250197d75ab5483412e19678b121caa","name":"admin","image":{"@type":"ImageObject","inLanguage":"es","@id":"https:\/\/secure.gravatar.com\/avatar\/c44d117c2be811212c22cb481f6b8384b6873de103fbc49e7a03cc58d7dea4ac?s=96&d=mm&r=g","url":"https:\/\/secure.gravatar.com\/avatar\/c44d117c2be811212c22cb481f6b8384b6873de103fbc49e7a03cc58d7dea4ac?s=96&d=mm&r=g","contentUrl":"https:\/\/secure.gravatar.com\/avatar\/c44d117c2be811212c22cb481f6b8384b6873de103fbc49e7a03cc58d7dea4ac?s=96&d=mm&r=g","caption":"admin"},"url":"https:\/\/www.eldiariodetucuman.com\/web\/author\/admin\/"}]}},"_links":{"self":[{"href":"https:\/\/www.eldiariodetucuman.com\/web\/wp-json\/wp\/v2\/posts\/46411","targetHints":{"allow":["GET"]}}],"collection":[{"href":"https:\/\/www.eldiariodetucuman.com\/web\/wp-json\/wp\/v2\/posts"}],"about":[{"href":"https:\/\/www.eldiariodetucuman.com\/web\/wp-json\/wp\/v2\/types\/post"}],"author":[{"embeddable":true,"href":"https:\/\/www.eldiariodetucuman.com\/web\/wp-json\/wp\/v2\/users\/1"}],"replies":[{"embeddable":true,"href":"https:\/\/www.eldiariodetucuman.com\/web\/wp-json\/wp\/v2\/comments?post=46411"}],"version-history":[{"count":0,"href":"https:\/\/www.eldiariodetucuman.com\/web\/wp-json\/wp\/v2\/posts\/46411\/revisions"}],"wp:featuredmedia":[{"embeddable":true,"href":"https:\/\/www.eldiariodetucuman.com\/web\/wp-json\/wp\/v2\/media\/46412"}],"wp:attachment":[{"href":"https:\/\/www.eldiariodetucuman.com\/web\/wp-json\/wp\/v2\/media?parent=46411"}],"wp:term":[{"taxonomy":"category","embeddable":true,"href":"https:\/\/www.eldiariodetucuman.com\/web\/wp-json\/wp\/v2\/categories?post=46411"},{"taxonomy":"post_tag","embeddable":true,"href":"https:\/\/www.eldiariodetucuman.com\/web\/wp-json\/wp\/v2\/tags?post=46411"}],"curies":[{"name":"wp","href":"https:\/\/api.w.org\/{rel}","templated":true}]}}