{"id":46408,"date":"2025-12-06T13:37:47","date_gmt":"2025-12-06T16:37:47","guid":{"rendered":"https:\/\/www.eldiariodetucuman.com\/web\/maria-corina-machado-confirmo-que-ira-a-recibir-el-nobel-y-milei-viajara-a-la-ceremonia\/"},"modified":"2025-12-06T13:37:49","modified_gmt":"2025-12-06T16:37:49","slug":"maria-corina-machado-confirmo-que-ira-a-recibir-el-nobel-y-milei-viajara-a-la-ceremonia","status":"publish","type":"post","link":"https:\/\/www.eldiariodetucuman.com\/web\/maria-corina-machado-confirmo-que-ira-a-recibir-el-nobel-y-milei-viajara-a-la-ceremonia\/","title":{"rendered":"Mar\u00eda Corina Machado confirm\u00f3 que ir\u00e1 a recibir el Nobel y Milei viajar\u00e1 a la ceremonia"},"content":{"rendered":"<p><\/p>\n<p class=\"com-paragraph  --capital --s\">El presidente <strong>Javier Milei<\/strong> acompa\u00f1ar\u00e1 a la l\u00edder opositora venezolana <strong>Mar\u00eda Corina Machado<\/strong> en la ceremonia del <strong>Premio Nobel de la Paz<\/strong> en <strong>Noruega<\/strong>. La pol\u00edtica de 58 a\u00f1os le confirm\u00f3 su asistencia al Instituto Nobel este s\u00e1bado.<\/p>\n<p class=\"com-paragraph   --s\">La ceremonia se llevar\u00e1 adelante el 10 de diciembre en Oslo. El evento coincide con el D\u00eda Internacional de los Derechos Humanos. \u201cEstuve en contacto con la se\u00f1ora Machado esta noche y <strong>me confirm\u00f3 que estar\u00e1 en Oslo para la ceremonia<\/strong>. Dada <strong>la situaci\u00f3n de seguridad<\/strong>, no podemos dar m\u00e1s detalles sobre la fecha y la forma en que vendr\u00e1\u201d, afirm\u00f3 Kristian Berg Harpviken, del Instituto Nobel.<\/p>\n<p class=\"com-paragraph   --s\">Tal como public\u00f3 LA NACION, Corina Machado gan\u00f3 el Premio Nobel de la Paz por mantener \u201c<strong>viva la llama de la democracia<\/strong> en medio de una creciente oscuridad\u201d, un en\u00e9rgico mensaje para el r\u00e9gimen de Nicol\u00e1s Maduro justo en momentos en que tambi\u00e9n enfrenta una fuerte presi\u00f3n desde Estados Unidos.<\/p>\n<p>Maria Corina Machado con la bandera de Venezuela JUAN BARRETO &#8211; AFP<\/p>\n<p class=\"com-paragraph   --s\">La oposici\u00f3n venezolana convoc\u00f3 para este s\u00e1bado marchas en varias ciudades del mundo con el objetivo de \u201c<strong>acompa\u00f1ar el reconocimiento hasta la valent\u00eda de cada venezolano<\/strong>, porque el Nobel es de todos y la esperanza tambi\u00e9n\u201d, seg\u00fan una convocatoria en redes sociales. <\/p>\n<p class=\"com-paragraph   --s\">Machado us\u00f3 sus redes sociales para agradecer el apoyo y <strong>la presencia de Milei en la ceremonia<\/strong>. \u201c\u00a1Gracias, Argentina, por acompa\u00f1ar la libertad! Nuestro profundo agradecimiento al presidente Javier Milei (@JMilei) por confirmar su asistencia a la ceremonia del Premio Nobel de la Paz en Oslo, acompa\u00f1ando a la l\u00edder de Venezuela @MariaCorinaYA\u00bb, public\u00f3 en X.<\/p>\n<p class=\"com-paragraph   --s\">Y sum\u00f3: \u201cSu presencia en Noruega <strong>es un gesto de hermandad continental que reafirma el compromiso de Argentina con la democracia y la defensa de los derechos humanos<\/strong> del pueblo venezolano\u201d.<\/p>\n<p class=\"com-paragraph   --s\">Adem\u00e1s de Milei, Machado estar\u00e1 acompa\u00f1ado de los presidentes de Paraguay, <strong>Santiago Pe\u00f1a<\/strong>; de Ecuador, <strong>Daniel Noboa<\/strong>; de Panam\u00e1, <strong>Jos\u00e9 Ra\u00fal Mulino<\/strong>; y el l\u00edder opositor venezolano, <strong>Edmundo Gonz\u00e1lez<\/strong>.<\/p>\n<p class=\"com-paragraph   --s\">El comit\u00e9 Noruego del Nobel premi\u00f3 a Machado por <strong>su promoci\u00f3n de los derechos democr\u00e1ticos y su b\u00fasqueda de una transici\u00f3n pac\u00edfica en el pa\u00eds<\/strong>, donde se encuentra radicada <strong>en un lugar secreto<\/strong>. Es la primera vez que se mostrar\u00e1 en un evento p\u00fablicamente por fuera de Venezuela desde las elecciones presidenciales, donde Nicol\u00e1s Maduro se coron\u00f3 presidente a pesar de <strong>las denuncias de fraude de la oposici\u00f3n<\/strong>. A Machado se le hab\u00eda impedido presentarse. <\/p>\n<p class=\"com-paragraph   --s\">Milei se ha mostrado como <strong>un ferviente aliado de Machado<\/strong> desde los comicios, que la gesti\u00f3n libertaria tambi\u00e9n clasific\u00f3 como fraudulentos. El a\u00f1o pasado, a dos d\u00edas de las elecciones en el pa\u00eds, Machado tuvo una grata conversaci\u00f3n telef\u00f3nica con el mandatario, al cual le agradeci\u00f3 su apoyo y compromiso durante los meses previos. En ese entonces, Milei le hab\u00eda reafirmado su apoyo a la causa, a los valores democr\u00e1ticos y a la libertad.<\/p>\n<p>Nicol\u00e1s MaduroPedro MATTEY  &#8211; XinHua <\/p>\n<p class=\"com-paragraph   --s\">El fiscal general de Venezuela declar\u00f3 que si Machado abandonaba el pa\u00eds para recibir el premio, ser\u00e1 considerada \u201cfugitiva\u201d. <\/p>\n<p class=\"com-paragraph   --s\">La entrega del Nobel coincidir\u00e1 con <strong>el despliegue militar de Estados Unidos<\/strong><strong> en el Caribe y el Pac\u00edfico<\/strong>, donde ya se contabilizan 87 muertos por los ataques de Washington. Aunque Estados Unidos afirma que los ataques son <strong>parte de operaciones contra el narcotr\u00e1fico<\/strong>, expertos cuestionaron la legalidad de los ataques. Maduro, en tanto, asegura que tienen <strong>el objetivo de derrocarlo<\/strong> y apoderarse de las riquezas del pa\u00eds.<\/p>\n<p class=\"com-paragraph   --s\">Al recibir el premio, Machado le agradeci\u00f3 al presidente <strong>Donald Trump<\/strong> por su ayuda para garantizar la transici\u00f3n democr\u00e1tica en el pa\u00eds. \u201c\u00a1Dedico este premio al sufrido pueblo de Venezuela y al presidente Trump <strong>por su decidido apoyo a nuestra causa<\/strong>!\u201d, escribi\u00f3 en X, tras recibir el galard\u00f3n.<\/p>\n<p class=\"com-paragraph   --s\"><strong>Con informaci\u00f3n de AFP<\/strong><\/p>\n<p><a href=\"https:\/\/www.lanacion.com.ar\/politica\/milei-viajara-a-noruega-para-acompanar-a-corina-machado-a-la-ceremonia-del-premio-nobel-de-la-paz-nid06122025\/\">Fuente de la nota <\/a><\/p>\n","protected":false},"excerpt":{"rendered":"<p>El presidente Javier Milei acompa\u00f1ar\u00e1 a la l\u00edder opositora venezolana Mar\u00eda Corina Machado en la ceremonia del Premio Nobel de la Paz en Noruega. La pol\u00edtica de 58 a\u00f1os le confirm\u00f3 su asistencia al Instituto Nobel este s\u00e1bado. La ceremonia se llevar\u00e1 adelante el 10 de diciembre en Oslo. El evento coincide con el D\u00eda [&hellip;]<\/p>\n","protected":false},"author":5,"featured_media":46409,"comment_status":"closed","ping_status":"open","sticky":false,"template":"","format":"standard","meta":{"footnotes":""},"categories":[3],"tags":[],"class_list":{"0":"post-46408","1":"post","2":"type-post","3":"status-publish","4":"format-standard","5":"has-post-thumbnail","7":"category-politica"},"yoast_head":"<!-- This site is optimized with the Yoast SEO plugin v27.5 - https:\/\/yoast.com\/product\/yoast-seo-wordpress\/ -->\n<title>Mar\u00eda Corina Machado confirm\u00f3 que ir\u00e1 a recibir el Nobel y Milei viajar\u00e1 a la ceremonia - El Diario de Tucuman<\/title>\n<meta name=\"robots\" content=\"index, follow, max-snippet:-1, max-image-preview:large, max-video-preview:-1\" \/>\n<link rel=\"canonical\" href=\"https:\/\/www.eldiariodetucuman.com\/web\/maria-corina-machado-confirmo-que-ira-a-recibir-el-nobel-y-milei-viajara-a-la-ceremonia\/\" \/>\n<meta property=\"og:locale\" content=\"es_ES\" \/>\n<meta property=\"og:type\" content=\"article\" \/>\n<meta property=\"og:title\" content=\"Mar\u00eda Corina Machado confirm\u00f3 que ir\u00e1 a recibir el Nobel y Milei viajar\u00e1 a la ceremonia - El Diario de Tucuman\" \/>\n<meta property=\"og:description\" content=\"El presidente Javier Milei acompa\u00f1ar\u00e1 a la l\u00edder opositora venezolana Mar\u00eda Corina Machado en la ceremonia del Premio Nobel de la Paz en Noruega. La pol\u00edtica de 58 a\u00f1os le confirm\u00f3 su asistencia al Instituto Nobel este s\u00e1bado. La ceremonia se llevar\u00e1 adelante el 10 de diciembre en Oslo. El evento coincide con el D\u00eda [&hellip;]\" \/>\n<meta property=\"og:url\" content=\"https:\/\/www.eldiariodetucuman.com\/web\/maria-corina-machado-confirmo-que-ira-a-recibir-el-nobel-y-milei-viajara-a-la-ceremonia\/\" \/>\n<meta property=\"og:site_name\" content=\"El Diario de Tucuman\" \/>\n<meta property=\"article:published_time\" content=\"2025-12-06T16:37:47+00:00\" \/>\n<meta property=\"article:modified_time\" content=\"2025-12-06T16:37:49+00:00\" \/>\n<meta property=\"og:image\" content=\"https:\/\/www.eldiariodetucuman.com\/web\/wp-content\/uploads\/2025\/12\/corina-machado-y-javier-42QDYAVGXZANXGRMTRHOCDDCN4.jpg\" \/>\n\t<meta property=\"og:image:width\" content=\"1200\" \/>\n\t<meta property=\"og:image:height\" content=\"803\" \/>\n\t<meta property=\"og:image:type\" content=\"image\/jpeg\" \/>\n<meta name=\"author\" content=\"Redactor Uno\" \/>\n<meta name=\"twitter:card\" content=\"summary_large_image\" \/>\n<meta name=\"twitter:label1\" content=\"Escrito por\" \/>\n\t<meta name=\"twitter:data1\" content=\"Redactor Uno\" \/>\n\t<meta name=\"twitter:label2\" content=\"Tiempo de lectura\" \/>\n\t<meta name=\"twitter:data2\" content=\"3 minutos\" \/>\n<script type=\"application\/ld+json\" class=\"yoast-schema-graph\">{\"@context\":\"https:\\\/\\\/schema.org\",\"@graph\":[{\"@type\":\"Article\",\"@id\":\"https:\\\/\\\/www.eldiariodetucuman.com\\\/web\\\/maria-corina-machado-confirmo-que-ira-a-recibir-el-nobel-y-milei-viajara-a-la-ceremonia\\\/#article\",\"isPartOf\":{\"@id\":\"https:\\\/\\\/www.eldiariodetucuman.com\\\/web\\\/maria-corina-machado-confirmo-que-ira-a-recibir-el-nobel-y-milei-viajara-a-la-ceremonia\\\/\"},\"author\":{\"name\":\"Redactor Uno\",\"@id\":\"https:\\\/\\\/www.eldiariodetucuman.com\\\/web\\\/#\\\/schema\\\/person\\\/7e6644a46e60888f6b868594407e08dd\"},\"headline\":\"Mar\u00eda Corina Machado confirm\u00f3 que ir\u00e1 a recibir el Nobel y Milei viajar\u00e1 a la ceremonia\",\"datePublished\":\"2025-12-06T16:37:47+00:00\",\"dateModified\":\"2025-12-06T16:37:49+00:00\",\"mainEntityOfPage\":{\"@id\":\"https:\\\/\\\/www.eldiariodetucuman.com\\\/web\\\/maria-corina-machado-confirmo-que-ira-a-recibir-el-nobel-y-milei-viajara-a-la-ceremonia\\\/\"},\"wordCount\":693,\"publisher\":{\"@id\":\"https:\\\/\\\/www.eldiariodetucuman.com\\\/web\\\/#organization\"},\"image\":{\"@id\":\"https:\\\/\\\/www.eldiariodetucuman.com\\\/web\\\/maria-corina-machado-confirmo-que-ira-a-recibir-el-nobel-y-milei-viajara-a-la-ceremonia\\\/#primaryimage\"},\"thumbnailUrl\":\"https:\\\/\\\/www.eldiariodetucuman.com\\\/web\\\/wp-content\\\/uploads\\\/2025\\\/12\\\/corina-machado-y-javier-42QDYAVGXZANXGRMTRHOCDDCN4.jpg\",\"articleSection\":[\"Politica\"],\"inLanguage\":\"es\"},{\"@type\":\"WebPage\",\"@id\":\"https:\\\/\\\/www.eldiariodetucuman.com\\\/web\\\/maria-corina-machado-confirmo-que-ira-a-recibir-el-nobel-y-milei-viajara-a-la-ceremonia\\\/\",\"url\":\"https:\\\/\\\/www.eldiariodetucuman.com\\\/web\\\/maria-corina-machado-confirmo-que-ira-a-recibir-el-nobel-y-milei-viajara-a-la-ceremonia\\\/\",\"name\":\"Mar\u00eda Corina Machado confirm\u00f3 que ir\u00e1 a recibir el Nobel y Milei viajar\u00e1 a la ceremonia - El Diario de Tucuman\",\"isPartOf\":{\"@id\":\"https:\\\/\\\/www.eldiariodetucuman.com\\\/web\\\/#website\"},\"primaryImageOfPage\":{\"@id\":\"https:\\\/\\\/www.eldiariodetucuman.com\\\/web\\\/maria-corina-machado-confirmo-que-ira-a-recibir-el-nobel-y-milei-viajara-a-la-ceremonia\\\/#primaryimage\"},\"image\":{\"@id\":\"https:\\\/\\\/www.eldiariodetucuman.com\\\/web\\\/maria-corina-machado-confirmo-que-ira-a-recibir-el-nobel-y-milei-viajara-a-la-ceremonia\\\/#primaryimage\"},\"thumbnailUrl\":\"https:\\\/\\\/www.eldiariodetucuman.com\\\/web\\\/wp-content\\\/uploads\\\/2025\\\/12\\\/corina-machado-y-javier-42QDYAVGXZANXGRMTRHOCDDCN4.jpg\",\"datePublished\":\"2025-12-06T16:37:47+00:00\",\"dateModified\":\"2025-12-06T16:37:49+00:00\",\"breadcrumb\":{\"@id\":\"https:\\\/\\\/www.eldiariodetucuman.com\\\/web\\\/maria-corina-machado-confirmo-que-ira-a-recibir-el-nobel-y-milei-viajara-a-la-ceremonia\\\/#breadcrumb\"},\"inLanguage\":\"es\",\"potentialAction\":[{\"@type\":\"ReadAction\",\"target\":[\"https:\\\/\\\/www.eldiariodetucuman.com\\\/web\\\/maria-corina-machado-confirmo-que-ira-a-recibir-el-nobel-y-milei-viajara-a-la-ceremonia\\\/\"]}]},{\"@type\":\"ImageObject\",\"inLanguage\":\"es\",\"@id\":\"https:\\\/\\\/www.eldiariodetucuman.com\\\/web\\\/maria-corina-machado-confirmo-que-ira-a-recibir-el-nobel-y-milei-viajara-a-la-ceremonia\\\/#primaryimage\",\"url\":\"https:\\\/\\\/www.eldiariodetucuman.com\\\/web\\\/wp-content\\\/uploads\\\/2025\\\/12\\\/corina-machado-y-javier-42QDYAVGXZANXGRMTRHOCDDCN4.jpg\",\"contentUrl\":\"https:\\\/\\\/www.eldiariodetucuman.com\\\/web\\\/wp-content\\\/uploads\\\/2025\\\/12\\\/corina-machado-y-javier-42QDYAVGXZANXGRMTRHOCDDCN4.jpg\",\"width\":1200,\"height\":803},{\"@type\":\"BreadcrumbList\",\"@id\":\"https:\\\/\\\/www.eldiariodetucuman.com\\\/web\\\/maria-corina-machado-confirmo-que-ira-a-recibir-el-nobel-y-milei-viajara-a-la-ceremonia\\\/#breadcrumb\",\"itemListElement\":[{\"@type\":\"ListItem\",\"position\":1,\"name\":\"Portada\",\"item\":\"https:\\\/\\\/www.eldiariodetucuman.com\\\/web\\\/\"},{\"@type\":\"ListItem\",\"position\":2,\"name\":\"Mar\u00eda Corina Machado confirm\u00f3 que ir\u00e1 a recibir el Nobel y Milei viajar\u00e1 a la ceremonia\"}]},{\"@type\":\"WebSite\",\"@id\":\"https:\\\/\\\/www.eldiariodetucuman.com\\\/web\\\/#website\",\"url\":\"https:\\\/\\\/www.eldiariodetucuman.com\\\/web\\\/\",\"name\":\"El Diario de Tucuman\",\"description\":\"Diario Tucuman - Informaci\u00f3n y noticias\",\"publisher\":{\"@id\":\"https:\\\/\\\/www.eldiariodetucuman.com\\\/web\\\/#organization\"},\"potentialAction\":[{\"@type\":\"SearchAction\",\"target\":{\"@type\":\"EntryPoint\",\"urlTemplate\":\"https:\\\/\\\/www.eldiariodetucuman.com\\\/web\\\/?s={search_term_string}\"},\"query-input\":{\"@type\":\"PropertyValueSpecification\",\"valueRequired\":true,\"valueName\":\"search_term_string\"}}],\"inLanguage\":\"es\"},{\"@type\":\"Organization\",\"@id\":\"https:\\\/\\\/www.eldiariodetucuman.com\\\/web\\\/#organization\",\"name\":\"El Diario de Tucuman\",\"url\":\"https:\\\/\\\/www.eldiariodetucuman.com\\\/web\\\/\",\"logo\":{\"@type\":\"ImageObject\",\"inLanguage\":\"es\",\"@id\":\"https:\\\/\\\/www.eldiariodetucuman.com\\\/web\\\/#\\\/schema\\\/logo\\\/image\\\/\",\"url\":\"http:\\\/\\\/www.eldiariodetucuman.com\\\/web\\\/wp-content\\\/uploads\\\/2017\\\/12\\\/el-diario-de-tucuman.jpg\",\"contentUrl\":\"http:\\\/\\\/www.eldiariodetucuman.com\\\/web\\\/wp-content\\\/uploads\\\/2017\\\/12\\\/el-diario-de-tucuman.jpg\",\"width\":272,\"height\":92,\"caption\":\"El Diario de Tucuman\"},\"image\":{\"@id\":\"https:\\\/\\\/www.eldiariodetucuman.com\\\/web\\\/#\\\/schema\\\/logo\\\/image\\\/\"}},{\"@type\":\"Person\",\"@id\":\"https:\\\/\\\/www.eldiariodetucuman.com\\\/web\\\/#\\\/schema\\\/person\\\/7e6644a46e60888f6b868594407e08dd\",\"name\":\"Redactor Uno\",\"image\":{\"@type\":\"ImageObject\",\"inLanguage\":\"es\",\"@id\":\"https:\\\/\\\/secure.gravatar.com\\\/avatar\\\/0049b1bdf1bd548385c9ea6b9356431717930913089febd2ba904f0187d7d074?s=96&d=mm&r=g\",\"url\":\"https:\\\/\\\/secure.gravatar.com\\\/avatar\\\/0049b1bdf1bd548385c9ea6b9356431717930913089febd2ba904f0187d7d074?s=96&d=mm&r=g\",\"contentUrl\":\"https:\\\/\\\/secure.gravatar.com\\\/avatar\\\/0049b1bdf1bd548385c9ea6b9356431717930913089febd2ba904f0187d7d074?s=96&d=mm&r=g\",\"caption\":\"Redactor Uno\"},\"url\":\"https:\\\/\\\/www.eldiariodetucuman.com\\\/web\\\/author\\\/mramasco\\\/\"}]}<\/script>\n<!-- \/ Yoast SEO plugin. -->","yoast_head_json":{"title":"Mar\u00eda Corina Machado confirm\u00f3 que ir\u00e1 a recibir el Nobel y Milei viajar\u00e1 a la ceremonia - El Diario de Tucuman","robots":{"index":"index","follow":"follow","max-snippet":"max-snippet:-1","max-image-preview":"max-image-preview:large","max-video-preview":"max-video-preview:-1"},"canonical":"https:\/\/www.eldiariodetucuman.com\/web\/maria-corina-machado-confirmo-que-ira-a-recibir-el-nobel-y-milei-viajara-a-la-ceremonia\/","og_locale":"es_ES","og_type":"article","og_title":"Mar\u00eda Corina Machado confirm\u00f3 que ir\u00e1 a recibir el Nobel y Milei viajar\u00e1 a la ceremonia - El Diario de Tucuman","og_description":"El presidente Javier Milei acompa\u00f1ar\u00e1 a la l\u00edder opositora venezolana Mar\u00eda Corina Machado en la ceremonia del Premio Nobel de la Paz en Noruega. La pol\u00edtica de 58 a\u00f1os le confirm\u00f3 su asistencia al Instituto Nobel este s\u00e1bado. La ceremonia se llevar\u00e1 adelante el 10 de diciembre en Oslo. El evento coincide con el D\u00eda [&hellip;]","og_url":"https:\/\/www.eldiariodetucuman.com\/web\/maria-corina-machado-confirmo-que-ira-a-recibir-el-nobel-y-milei-viajara-a-la-ceremonia\/","og_site_name":"El Diario de Tucuman","article_published_time":"2025-12-06T16:37:47+00:00","article_modified_time":"2025-12-06T16:37:49+00:00","og_image":[{"width":1200,"height":803,"url":"https:\/\/www.eldiariodetucuman.com\/web\/wp-content\/uploads\/2025\/12\/corina-machado-y-javier-42QDYAVGXZANXGRMTRHOCDDCN4.jpg","type":"image\/jpeg"}],"author":"Redactor Uno","twitter_card":"summary_large_image","twitter_misc":{"Escrito por":"Redactor Uno","Tiempo de lectura":"3 minutos"},"schema":{"@context":"https:\/\/schema.org","@graph":[{"@type":"Article","@id":"https:\/\/www.eldiariodetucuman.com\/web\/maria-corina-machado-confirmo-que-ira-a-recibir-el-nobel-y-milei-viajara-a-la-ceremonia\/#article","isPartOf":{"@id":"https:\/\/www.eldiariodetucuman.com\/web\/maria-corina-machado-confirmo-que-ira-a-recibir-el-nobel-y-milei-viajara-a-la-ceremonia\/"},"author":{"name":"Redactor Uno","@id":"https:\/\/www.eldiariodetucuman.com\/web\/#\/schema\/person\/7e6644a46e60888f6b868594407e08dd"},"headline":"Mar\u00eda Corina Machado confirm\u00f3 que ir\u00e1 a recibir el Nobel y Milei viajar\u00e1 a la ceremonia","datePublished":"2025-12-06T16:37:47+00:00","dateModified":"2025-12-06T16:37:49+00:00","mainEntityOfPage":{"@id":"https:\/\/www.eldiariodetucuman.com\/web\/maria-corina-machado-confirmo-que-ira-a-recibir-el-nobel-y-milei-viajara-a-la-ceremonia\/"},"wordCount":693,"publisher":{"@id":"https:\/\/www.eldiariodetucuman.com\/web\/#organization"},"image":{"@id":"https:\/\/www.eldiariodetucuman.com\/web\/maria-corina-machado-confirmo-que-ira-a-recibir-el-nobel-y-milei-viajara-a-la-ceremonia\/#primaryimage"},"thumbnailUrl":"https:\/\/www.eldiariodetucuman.com\/web\/wp-content\/uploads\/2025\/12\/corina-machado-y-javier-42QDYAVGXZANXGRMTRHOCDDCN4.jpg","articleSection":["Politica"],"inLanguage":"es"},{"@type":"WebPage","@id":"https:\/\/www.eldiariodetucuman.com\/web\/maria-corina-machado-confirmo-que-ira-a-recibir-el-nobel-y-milei-viajara-a-la-ceremonia\/","url":"https:\/\/www.eldiariodetucuman.com\/web\/maria-corina-machado-confirmo-que-ira-a-recibir-el-nobel-y-milei-viajara-a-la-ceremonia\/","name":"Mar\u00eda Corina Machado confirm\u00f3 que ir\u00e1 a recibir el Nobel y Milei viajar\u00e1 a la ceremonia - El Diario de Tucuman","isPartOf":{"@id":"https:\/\/www.eldiariodetucuman.com\/web\/#website"},"primaryImageOfPage":{"@id":"https:\/\/www.eldiariodetucuman.com\/web\/maria-corina-machado-confirmo-que-ira-a-recibir-el-nobel-y-milei-viajara-a-la-ceremonia\/#primaryimage"},"image":{"@id":"https:\/\/www.eldiariodetucuman.com\/web\/maria-corina-machado-confirmo-que-ira-a-recibir-el-nobel-y-milei-viajara-a-la-ceremonia\/#primaryimage"},"thumbnailUrl":"https:\/\/www.eldiariodetucuman.com\/web\/wp-content\/uploads\/2025\/12\/corina-machado-y-javier-42QDYAVGXZANXGRMTRHOCDDCN4.jpg","datePublished":"2025-12-06T16:37:47+00:00","dateModified":"2025-12-06T16:37:49+00:00","breadcrumb":{"@id":"https:\/\/www.eldiariodetucuman.com\/web\/maria-corina-machado-confirmo-que-ira-a-recibir-el-nobel-y-milei-viajara-a-la-ceremonia\/#breadcrumb"},"inLanguage":"es","potentialAction":[{"@type":"ReadAction","target":["https:\/\/www.eldiariodetucuman.com\/web\/maria-corina-machado-confirmo-que-ira-a-recibir-el-nobel-y-milei-viajara-a-la-ceremonia\/"]}]},{"@type":"ImageObject","inLanguage":"es","@id":"https:\/\/www.eldiariodetucuman.com\/web\/maria-corina-machado-confirmo-que-ira-a-recibir-el-nobel-y-milei-viajara-a-la-ceremonia\/#primaryimage","url":"https:\/\/www.eldiariodetucuman.com\/web\/wp-content\/uploads\/2025\/12\/corina-machado-y-javier-42QDYAVGXZANXGRMTRHOCDDCN4.jpg","contentUrl":"https:\/\/www.eldiariodetucuman.com\/web\/wp-content\/uploads\/2025\/12\/corina-machado-y-javier-42QDYAVGXZANXGRMTRHOCDDCN4.jpg","width":1200,"height":803},{"@type":"BreadcrumbList","@id":"https:\/\/www.eldiariodetucuman.com\/web\/maria-corina-machado-confirmo-que-ira-a-recibir-el-nobel-y-milei-viajara-a-la-ceremonia\/#breadcrumb","itemListElement":[{"@type":"ListItem","position":1,"name":"Portada","item":"https:\/\/www.eldiariodetucuman.com\/web\/"},{"@type":"ListItem","position":2,"name":"Mar\u00eda Corina Machado confirm\u00f3 que ir\u00e1 a recibir el Nobel y Milei viajar\u00e1 a la ceremonia"}]},{"@type":"WebSite","@id":"https:\/\/www.eldiariodetucuman.com\/web\/#website","url":"https:\/\/www.eldiariodetucuman.com\/web\/","name":"El Diario de Tucuman","description":"Diario Tucuman - Informaci\u00f3n y noticias","publisher":{"@id":"https:\/\/www.eldiariodetucuman.com\/web\/#organization"},"potentialAction":[{"@type":"SearchAction","target":{"@type":"EntryPoint","urlTemplate":"https:\/\/www.eldiariodetucuman.com\/web\/?s={search_term_string}"},"query-input":{"@type":"PropertyValueSpecification","valueRequired":true,"valueName":"search_term_string"}}],"inLanguage":"es"},{"@type":"Organization","@id":"https:\/\/www.eldiariodetucuman.com\/web\/#organization","name":"El Diario de Tucuman","url":"https:\/\/www.eldiariodetucuman.com\/web\/","logo":{"@type":"ImageObject","inLanguage":"es","@id":"https:\/\/www.eldiariodetucuman.com\/web\/#\/schema\/logo\/image\/","url":"http:\/\/www.eldiariodetucuman.com\/web\/wp-content\/uploads\/2017\/12\/el-diario-de-tucuman.jpg","contentUrl":"http:\/\/www.eldiariodetucuman.com\/web\/wp-content\/uploads\/2017\/12\/el-diario-de-tucuman.jpg","width":272,"height":92,"caption":"El Diario de Tucuman"},"image":{"@id":"https:\/\/www.eldiariodetucuman.com\/web\/#\/schema\/logo\/image\/"}},{"@type":"Person","@id":"https:\/\/www.eldiariodetucuman.com\/web\/#\/schema\/person\/7e6644a46e60888f6b868594407e08dd","name":"Redactor Uno","image":{"@type":"ImageObject","inLanguage":"es","@id":"https:\/\/secure.gravatar.com\/avatar\/0049b1bdf1bd548385c9ea6b9356431717930913089febd2ba904f0187d7d074?s=96&d=mm&r=g","url":"https:\/\/secure.gravatar.com\/avatar\/0049b1bdf1bd548385c9ea6b9356431717930913089febd2ba904f0187d7d074?s=96&d=mm&r=g","contentUrl":"https:\/\/secure.gravatar.com\/avatar\/0049b1bdf1bd548385c9ea6b9356431717930913089febd2ba904f0187d7d074?s=96&d=mm&r=g","caption":"Redactor Uno"},"url":"https:\/\/www.eldiariodetucuman.com\/web\/author\/mramasco\/"}]}},"_links":{"self":[{"href":"https:\/\/www.eldiariodetucuman.com\/web\/wp-json\/wp\/v2\/posts\/46408","targetHints":{"allow":["GET"]}}],"collection":[{"href":"https:\/\/www.eldiariodetucuman.com\/web\/wp-json\/wp\/v2\/posts"}],"about":[{"href":"https:\/\/www.eldiariodetucuman.com\/web\/wp-json\/wp\/v2\/types\/post"}],"author":[{"embeddable":true,"href":"https:\/\/www.eldiariodetucuman.com\/web\/wp-json\/wp\/v2\/users\/5"}],"replies":[{"embeddable":true,"href":"https:\/\/www.eldiariodetucuman.com\/web\/wp-json\/wp\/v2\/comments?post=46408"}],"version-history":[{"count":1,"href":"https:\/\/www.eldiariodetucuman.com\/web\/wp-json\/wp\/v2\/posts\/46408\/revisions"}],"predecessor-version":[{"id":46410,"href":"https:\/\/www.eldiariodetucuman.com\/web\/wp-json\/wp\/v2\/posts\/46408\/revisions\/46410"}],"wp:featuredmedia":[{"embeddable":true,"href":"https:\/\/www.eldiariodetucuman.com\/web\/wp-json\/wp\/v2\/media\/46409"}],"wp:attachment":[{"href":"https:\/\/www.eldiariodetucuman.com\/web\/wp-json\/wp\/v2\/media?parent=46408"}],"wp:term":[{"taxonomy":"category","embeddable":true,"href":"https:\/\/www.eldiariodetucuman.com\/web\/wp-json\/wp\/v2\/categories?post=46408"},{"taxonomy":"post_tag","embeddable":true,"href":"https:\/\/www.eldiariodetucuman.com\/web\/wp-json\/wp\/v2\/tags?post=46408"}],"curies":[{"name":"wp","href":"https:\/\/api.w.org\/{rel}","templated":true}]}}