{"id":46406,"date":"2025-12-05T20:13:40","date_gmt":"2025-12-05T23:13:40","guid":{"rendered":"https:\/\/www.eldiariodetucuman.com\/web\/ofrecen-una-recompensa-de-10-millones-por-informacion-sobre-pelain-nacif\/"},"modified":"2025-12-05T20:13:40","modified_gmt":"2025-12-05T23:13:40","slug":"ofrecen-una-recompensa-de-10-millones-por-informacion-sobre-pelain-nacif","status":"publish","type":"post","link":"https:\/\/www.eldiariodetucuman.com\/web\/ofrecen-una-recompensa-de-10-millones-por-informacion-sobre-pelain-nacif\/","title":{"rendered":"Ofrecen una recompensa de $10 millones por informaci\u00f3n sobre \u201cPela\u00edn\u201d Nacif"},"content":{"rendered":"<p><\/p>\n<p>El ministro de Seguridad, <strong>Eugenio Ag\u00fcero Gamboa<\/strong>, inform\u00f3 esta ma\u00f1ana, en una rueda de prensa junto al gobernador, <strong>Osvaldo Jaldo<\/strong>, que \u201chay una persona que se dedica al narcotr\u00e1fico, que comercia muerte y que tiene una orden de detenci\u00f3n\u201d. Por eso, el s\u00e1bado la Didrop de Tucum\u00e1n realiz\u00f3 el allanamiento en el domicilio de Nacif donde no fue hallado. <strong>\u201cPor orden del Gobernador y siguiendo la pol\u00edtica de luchar contra el narcotr\u00e1fico y contra todo aquel que comercie sustancias, el Gobernador ha dispuesto una recompensa para quien aporte datos para la captura de Alejandro Nacif, alias \u2018Pela\u00edn\u2019, de $10 millones\u201d.<\/strong><\/p>\n<p>El objetivo del pedido de informaci\u00f3n \u201cbusca colaborar con la detenci\u00f3n y evitar la fuga\u201d de Nacif, indic\u00f3 Ag\u00fcero Gamboa.\u00a0<\/p>\n<\/p>\n<p>Por \u00faltimo, Jaldo sostuvo: \u201cTodo el trabajo que venimos haciendo en la lucha contra el narcotr\u00e1fico y el narcomenudeo con las autoridades federales, y en lo que es narcomenudeo con la justicia provincial y la polic\u00eda de la provincia de Tucum\u00e1n, est\u00e1 produciendo resultados. No vamos a claudicar bajo ning\u00fan punto de vista en esta lucha incansable contra todos aquellos delincuentes que comercializan drogas en la provincia\u201d.\u00a0<\/p>\n<p>\u201cMuchos que antes ten\u00edan impunidad y que caminaban libremente por la provincia de Tucum\u00e1n hoy est\u00e1n en la c\u00e1rcel de Benjam\u00edn Paz o en Villa Urquiza. No tengo duda de que este narco que hoy est\u00e1 suelto va a ir a Benjam\u00edn Paz en muy cortito tiempo\u201d, cerr\u00f3 Jaldo.<\/p>\n<p>Fuente: <a href=\"https:\/\/www.comunicaciontucuman.gob.ar\/noticia\/gobernacion\/238487\/ofrecen-recompensa-10-millones-informacion-sobre-pelain-nacif\"> Fuente de la nota <\/a><\/p>\n","protected":false},"excerpt":{"rendered":"<p>El ministro de Seguridad, Eugenio Ag\u00fcero Gamboa, inform\u00f3 esta ma\u00f1ana, en una rueda de prensa junto al gobernador, Osvaldo Jaldo, que \u201chay una persona que se dedica al narcotr\u00e1fico, que comercia muerte y que tiene una orden de detenci\u00f3n\u201d. Por eso, el s\u00e1bado la Didrop de Tucum\u00e1n realiz\u00f3 el allanamiento en el domicilio de Nacif [&hellip;]<\/p>\n","protected":false},"author":1,"featured_media":46407,"comment_status":"closed","ping_status":"open","sticky":false,"template":"","format":"standard","meta":{"footnotes":""},"categories":[3],"tags":[],"class_list":{"0":"post-46406","1":"post","2":"type-post","3":"status-publish","4":"format-standard","5":"has-post-thumbnail","7":"category-politica"},"yoast_head":"<!-- This site is optimized with the Yoast SEO plugin v27.5 - https:\/\/yoast.com\/product\/yoast-seo-wordpress\/ -->\n<title>Ofrecen una recompensa de $10 millones por informaci\u00f3n sobre \u201cPela\u00edn\u201d Nacif - El Diario de Tucuman<\/title>\n<meta name=\"robots\" content=\"index, follow, max-snippet:-1, max-image-preview:large, max-video-preview:-1\" \/>\n<link rel=\"canonical\" href=\"https:\/\/www.eldiariodetucuman.com\/web\/ofrecen-una-recompensa-de-10-millones-por-informacion-sobre-pelain-nacif\/\" \/>\n<meta property=\"og:locale\" content=\"es_ES\" \/>\n<meta property=\"og:type\" content=\"article\" \/>\n<meta property=\"og:title\" content=\"Ofrecen una recompensa de $10 millones por informaci\u00f3n sobre \u201cPela\u00edn\u201d Nacif - El Diario de Tucuman\" \/>\n<meta property=\"og:description\" content=\"El ministro de Seguridad, Eugenio Ag\u00fcero Gamboa, inform\u00f3 esta ma\u00f1ana, en una rueda de prensa junto al gobernador, Osvaldo Jaldo, que \u201chay una persona que se dedica al narcotr\u00e1fico, que comercia muerte y que tiene una orden de detenci\u00f3n\u201d. Por eso, el s\u00e1bado la Didrop de Tucum\u00e1n realiz\u00f3 el allanamiento en el domicilio de Nacif [&hellip;]\" \/>\n<meta property=\"og:url\" content=\"https:\/\/www.eldiariodetucuman.com\/web\/ofrecen-una-recompensa-de-10-millones-por-informacion-sobre-pelain-nacif\/\" \/>\n<meta property=\"og:site_name\" content=\"El Diario de Tucuman\" \/>\n<meta property=\"article:published_time\" content=\"2025-12-05T23:13:40+00:00\" \/>\n<meta name=\"author\" content=\"admin\" \/>\n<meta name=\"twitter:card\" content=\"summary_large_image\" \/>\n<meta name=\"twitter:label1\" content=\"Escrito por\" \/>\n\t<meta name=\"twitter:data1\" content=\"admin\" \/>\n\t<meta name=\"twitter:label2\" content=\"Tiempo de lectura\" \/>\n\t<meta name=\"twitter:data2\" content=\"1 minuto\" \/>\n<script type=\"application\/ld+json\" class=\"yoast-schema-graph\">{\"@context\":\"https:\\\/\\\/schema.org\",\"@graph\":[{\"@type\":\"Article\",\"@id\":\"https:\\\/\\\/www.eldiariodetucuman.com\\\/web\\\/ofrecen-una-recompensa-de-10-millones-por-informacion-sobre-pelain-nacif\\\/#article\",\"isPartOf\":{\"@id\":\"https:\\\/\\\/www.eldiariodetucuman.com\\\/web\\\/ofrecen-una-recompensa-de-10-millones-por-informacion-sobre-pelain-nacif\\\/\"},\"author\":{\"name\":\"admin\",\"@id\":\"https:\\\/\\\/www.eldiariodetucuman.com\\\/web\\\/#\\\/schema\\\/person\\\/9250197d75ab5483412e19678b121caa\"},\"headline\":\"Ofrecen una recompensa de $10 millones por informaci\u00f3n sobre \u201cPela\u00edn\u201d Nacif\",\"datePublished\":\"2025-12-05T23:13:40+00:00\",\"mainEntityOfPage\":{\"@id\":\"https:\\\/\\\/www.eldiariodetucuman.com\\\/web\\\/ofrecen-una-recompensa-de-10-millones-por-informacion-sobre-pelain-nacif\\\/\"},\"wordCount\":274,\"publisher\":{\"@id\":\"https:\\\/\\\/www.eldiariodetucuman.com\\\/web\\\/#organization\"},\"image\":{\"@id\":\"https:\\\/\\\/www.eldiariodetucuman.com\\\/web\\\/ofrecen-una-recompensa-de-10-millones-por-informacion-sobre-pelain-nacif\\\/#primaryimage\"},\"thumbnailUrl\":\"https:\\\/\\\/www.eldiariodetucuman.com\\\/web\\\/wp-content\\\/uploads\\\/2025\\\/12\\\/Ofrecen-una-recompensa-de-10-millones-por-informacion-sobre-Pelain.jpeg\",\"articleSection\":[\"Politica\"],\"inLanguage\":\"es\"},{\"@type\":\"WebPage\",\"@id\":\"https:\\\/\\\/www.eldiariodetucuman.com\\\/web\\\/ofrecen-una-recompensa-de-10-millones-por-informacion-sobre-pelain-nacif\\\/\",\"url\":\"https:\\\/\\\/www.eldiariodetucuman.com\\\/web\\\/ofrecen-una-recompensa-de-10-millones-por-informacion-sobre-pelain-nacif\\\/\",\"name\":\"Ofrecen una recompensa de $10 millones por informaci\u00f3n sobre \u201cPela\u00edn\u201d Nacif - El Diario de Tucuman\",\"isPartOf\":{\"@id\":\"https:\\\/\\\/www.eldiariodetucuman.com\\\/web\\\/#website\"},\"primaryImageOfPage\":{\"@id\":\"https:\\\/\\\/www.eldiariodetucuman.com\\\/web\\\/ofrecen-una-recompensa-de-10-millones-por-informacion-sobre-pelain-nacif\\\/#primaryimage\"},\"image\":{\"@id\":\"https:\\\/\\\/www.eldiariodetucuman.com\\\/web\\\/ofrecen-una-recompensa-de-10-millones-por-informacion-sobre-pelain-nacif\\\/#primaryimage\"},\"thumbnailUrl\":\"https:\\\/\\\/www.eldiariodetucuman.com\\\/web\\\/wp-content\\\/uploads\\\/2025\\\/12\\\/Ofrecen-una-recompensa-de-10-millones-por-informacion-sobre-Pelain.jpeg\",\"datePublished\":\"2025-12-05T23:13:40+00:00\",\"breadcrumb\":{\"@id\":\"https:\\\/\\\/www.eldiariodetucuman.com\\\/web\\\/ofrecen-una-recompensa-de-10-millones-por-informacion-sobre-pelain-nacif\\\/#breadcrumb\"},\"inLanguage\":\"es\",\"potentialAction\":[{\"@type\":\"ReadAction\",\"target\":[\"https:\\\/\\\/www.eldiariodetucuman.com\\\/web\\\/ofrecen-una-recompensa-de-10-millones-por-informacion-sobre-pelain-nacif\\\/\"]}]},{\"@type\":\"ImageObject\",\"inLanguage\":\"es\",\"@id\":\"https:\\\/\\\/www.eldiariodetucuman.com\\\/web\\\/ofrecen-una-recompensa-de-10-millones-por-informacion-sobre-pelain-nacif\\\/#primaryimage\",\"url\":\"https:\\\/\\\/www.eldiariodetucuman.com\\\/web\\\/wp-content\\\/uploads\\\/2025\\\/12\\\/Ofrecen-una-recompensa-de-10-millones-por-informacion-sobre-Pelain.jpeg\",\"contentUrl\":\"https:\\\/\\\/www.eldiariodetucuman.com\\\/web\\\/wp-content\\\/uploads\\\/2025\\\/12\\\/Ofrecen-una-recompensa-de-10-millones-por-informacion-sobre-Pelain.jpeg\",\"width\":818,\"height\":460},{\"@type\":\"BreadcrumbList\",\"@id\":\"https:\\\/\\\/www.eldiariodetucuman.com\\\/web\\\/ofrecen-una-recompensa-de-10-millones-por-informacion-sobre-pelain-nacif\\\/#breadcrumb\",\"itemListElement\":[{\"@type\":\"ListItem\",\"position\":1,\"name\":\"Portada\",\"item\":\"https:\\\/\\\/www.eldiariodetucuman.com\\\/web\\\/\"},{\"@type\":\"ListItem\",\"position\":2,\"name\":\"Ofrecen una recompensa de $10 millones por informaci\u00f3n sobre \u201cPela\u00edn\u201d Nacif\"}]},{\"@type\":\"WebSite\",\"@id\":\"https:\\\/\\\/www.eldiariodetucuman.com\\\/web\\\/#website\",\"url\":\"https:\\\/\\\/www.eldiariodetucuman.com\\\/web\\\/\",\"name\":\"El Diario de Tucuman\",\"description\":\"Diario Tucuman - Informaci\u00f3n y noticias\",\"publisher\":{\"@id\":\"https:\\\/\\\/www.eldiariodetucuman.com\\\/web\\\/#organization\"},\"potentialAction\":[{\"@type\":\"SearchAction\",\"target\":{\"@type\":\"EntryPoint\",\"urlTemplate\":\"https:\\\/\\\/www.eldiariodetucuman.com\\\/web\\\/?s={search_term_string}\"},\"query-input\":{\"@type\":\"PropertyValueSpecification\",\"valueRequired\":true,\"valueName\":\"search_term_string\"}}],\"inLanguage\":\"es\"},{\"@type\":\"Organization\",\"@id\":\"https:\\\/\\\/www.eldiariodetucuman.com\\\/web\\\/#organization\",\"name\":\"El Diario de Tucuman\",\"url\":\"https:\\\/\\\/www.eldiariodetucuman.com\\\/web\\\/\",\"logo\":{\"@type\":\"ImageObject\",\"inLanguage\":\"es\",\"@id\":\"https:\\\/\\\/www.eldiariodetucuman.com\\\/web\\\/#\\\/schema\\\/logo\\\/image\\\/\",\"url\":\"http:\\\/\\\/www.eldiariodetucuman.com\\\/web\\\/wp-content\\\/uploads\\\/2017\\\/12\\\/el-diario-de-tucuman.jpg\",\"contentUrl\":\"http:\\\/\\\/www.eldiariodetucuman.com\\\/web\\\/wp-content\\\/uploads\\\/2017\\\/12\\\/el-diario-de-tucuman.jpg\",\"width\":272,\"height\":92,\"caption\":\"El Diario de Tucuman\"},\"image\":{\"@id\":\"https:\\\/\\\/www.eldiariodetucuman.com\\\/web\\\/#\\\/schema\\\/logo\\\/image\\\/\"}},{\"@type\":\"Person\",\"@id\":\"https:\\\/\\\/www.eldiariodetucuman.com\\\/web\\\/#\\\/schema\\\/person\\\/9250197d75ab5483412e19678b121caa\",\"name\":\"admin\",\"image\":{\"@type\":\"ImageObject\",\"inLanguage\":\"es\",\"@id\":\"https:\\\/\\\/secure.gravatar.com\\\/avatar\\\/c44d117c2be811212c22cb481f6b8384b6873de103fbc49e7a03cc58d7dea4ac?s=96&d=mm&r=g\",\"url\":\"https:\\\/\\\/secure.gravatar.com\\\/avatar\\\/c44d117c2be811212c22cb481f6b8384b6873de103fbc49e7a03cc58d7dea4ac?s=96&d=mm&r=g\",\"contentUrl\":\"https:\\\/\\\/secure.gravatar.com\\\/avatar\\\/c44d117c2be811212c22cb481f6b8384b6873de103fbc49e7a03cc58d7dea4ac?s=96&d=mm&r=g\",\"caption\":\"admin\"},\"url\":\"https:\\\/\\\/www.eldiariodetucuman.com\\\/web\\\/author\\\/admin\\\/\"}]}<\/script>\n<!-- \/ Yoast SEO plugin. -->","yoast_head_json":{"title":"Ofrecen una recompensa de $10 millones por informaci\u00f3n sobre \u201cPela\u00edn\u201d Nacif - El Diario de Tucuman","robots":{"index":"index","follow":"follow","max-snippet":"max-snippet:-1","max-image-preview":"max-image-preview:large","max-video-preview":"max-video-preview:-1"},"canonical":"https:\/\/www.eldiariodetucuman.com\/web\/ofrecen-una-recompensa-de-10-millones-por-informacion-sobre-pelain-nacif\/","og_locale":"es_ES","og_type":"article","og_title":"Ofrecen una recompensa de $10 millones por informaci\u00f3n sobre \u201cPela\u00edn\u201d Nacif - El Diario de Tucuman","og_description":"El ministro de Seguridad, Eugenio Ag\u00fcero Gamboa, inform\u00f3 esta ma\u00f1ana, en una rueda de prensa junto al gobernador, Osvaldo Jaldo, que \u201chay una persona que se dedica al narcotr\u00e1fico, que comercia muerte y que tiene una orden de detenci\u00f3n\u201d. Por eso, el s\u00e1bado la Didrop de Tucum\u00e1n realiz\u00f3 el allanamiento en el domicilio de Nacif [&hellip;]","og_url":"https:\/\/www.eldiariodetucuman.com\/web\/ofrecen-una-recompensa-de-10-millones-por-informacion-sobre-pelain-nacif\/","og_site_name":"El Diario de Tucuman","article_published_time":"2025-12-05T23:13:40+00:00","author":"admin","twitter_card":"summary_large_image","twitter_misc":{"Escrito por":"admin","Tiempo de lectura":"1 minuto"},"schema":{"@context":"https:\/\/schema.org","@graph":[{"@type":"Article","@id":"https:\/\/www.eldiariodetucuman.com\/web\/ofrecen-una-recompensa-de-10-millones-por-informacion-sobre-pelain-nacif\/#article","isPartOf":{"@id":"https:\/\/www.eldiariodetucuman.com\/web\/ofrecen-una-recompensa-de-10-millones-por-informacion-sobre-pelain-nacif\/"},"author":{"name":"admin","@id":"https:\/\/www.eldiariodetucuman.com\/web\/#\/schema\/person\/9250197d75ab5483412e19678b121caa"},"headline":"Ofrecen una recompensa de $10 millones por informaci\u00f3n sobre \u201cPela\u00edn\u201d Nacif","datePublished":"2025-12-05T23:13:40+00:00","mainEntityOfPage":{"@id":"https:\/\/www.eldiariodetucuman.com\/web\/ofrecen-una-recompensa-de-10-millones-por-informacion-sobre-pelain-nacif\/"},"wordCount":274,"publisher":{"@id":"https:\/\/www.eldiariodetucuman.com\/web\/#organization"},"image":{"@id":"https:\/\/www.eldiariodetucuman.com\/web\/ofrecen-una-recompensa-de-10-millones-por-informacion-sobre-pelain-nacif\/#primaryimage"},"thumbnailUrl":"https:\/\/www.eldiariodetucuman.com\/web\/wp-content\/uploads\/2025\/12\/Ofrecen-una-recompensa-de-10-millones-por-informacion-sobre-Pelain.jpeg","articleSection":["Politica"],"inLanguage":"es"},{"@type":"WebPage","@id":"https:\/\/www.eldiariodetucuman.com\/web\/ofrecen-una-recompensa-de-10-millones-por-informacion-sobre-pelain-nacif\/","url":"https:\/\/www.eldiariodetucuman.com\/web\/ofrecen-una-recompensa-de-10-millones-por-informacion-sobre-pelain-nacif\/","name":"Ofrecen una recompensa de $10 millones por informaci\u00f3n sobre \u201cPela\u00edn\u201d Nacif - El Diario de Tucuman","isPartOf":{"@id":"https:\/\/www.eldiariodetucuman.com\/web\/#website"},"primaryImageOfPage":{"@id":"https:\/\/www.eldiariodetucuman.com\/web\/ofrecen-una-recompensa-de-10-millones-por-informacion-sobre-pelain-nacif\/#primaryimage"},"image":{"@id":"https:\/\/www.eldiariodetucuman.com\/web\/ofrecen-una-recompensa-de-10-millones-por-informacion-sobre-pelain-nacif\/#primaryimage"},"thumbnailUrl":"https:\/\/www.eldiariodetucuman.com\/web\/wp-content\/uploads\/2025\/12\/Ofrecen-una-recompensa-de-10-millones-por-informacion-sobre-Pelain.jpeg","datePublished":"2025-12-05T23:13:40+00:00","breadcrumb":{"@id":"https:\/\/www.eldiariodetucuman.com\/web\/ofrecen-una-recompensa-de-10-millones-por-informacion-sobre-pelain-nacif\/#breadcrumb"},"inLanguage":"es","potentialAction":[{"@type":"ReadAction","target":["https:\/\/www.eldiariodetucuman.com\/web\/ofrecen-una-recompensa-de-10-millones-por-informacion-sobre-pelain-nacif\/"]}]},{"@type":"ImageObject","inLanguage":"es","@id":"https:\/\/www.eldiariodetucuman.com\/web\/ofrecen-una-recompensa-de-10-millones-por-informacion-sobre-pelain-nacif\/#primaryimage","url":"https:\/\/www.eldiariodetucuman.com\/web\/wp-content\/uploads\/2025\/12\/Ofrecen-una-recompensa-de-10-millones-por-informacion-sobre-Pelain.jpeg","contentUrl":"https:\/\/www.eldiariodetucuman.com\/web\/wp-content\/uploads\/2025\/12\/Ofrecen-una-recompensa-de-10-millones-por-informacion-sobre-Pelain.jpeg","width":818,"height":460},{"@type":"BreadcrumbList","@id":"https:\/\/www.eldiariodetucuman.com\/web\/ofrecen-una-recompensa-de-10-millones-por-informacion-sobre-pelain-nacif\/#breadcrumb","itemListElement":[{"@type":"ListItem","position":1,"name":"Portada","item":"https:\/\/www.eldiariodetucuman.com\/web\/"},{"@type":"ListItem","position":2,"name":"Ofrecen una recompensa de $10 millones por informaci\u00f3n sobre \u201cPela\u00edn\u201d Nacif"}]},{"@type":"WebSite","@id":"https:\/\/www.eldiariodetucuman.com\/web\/#website","url":"https:\/\/www.eldiariodetucuman.com\/web\/","name":"El Diario de Tucuman","description":"Diario Tucuman - Informaci\u00f3n y noticias","publisher":{"@id":"https:\/\/www.eldiariodetucuman.com\/web\/#organization"},"potentialAction":[{"@type":"SearchAction","target":{"@type":"EntryPoint","urlTemplate":"https:\/\/www.eldiariodetucuman.com\/web\/?s={search_term_string}"},"query-input":{"@type":"PropertyValueSpecification","valueRequired":true,"valueName":"search_term_string"}}],"inLanguage":"es"},{"@type":"Organization","@id":"https:\/\/www.eldiariodetucuman.com\/web\/#organization","name":"El Diario de Tucuman","url":"https:\/\/www.eldiariodetucuman.com\/web\/","logo":{"@type":"ImageObject","inLanguage":"es","@id":"https:\/\/www.eldiariodetucuman.com\/web\/#\/schema\/logo\/image\/","url":"http:\/\/www.eldiariodetucuman.com\/web\/wp-content\/uploads\/2017\/12\/el-diario-de-tucuman.jpg","contentUrl":"http:\/\/www.eldiariodetucuman.com\/web\/wp-content\/uploads\/2017\/12\/el-diario-de-tucuman.jpg","width":272,"height":92,"caption":"El Diario de Tucuman"},"image":{"@id":"https:\/\/www.eldiariodetucuman.com\/web\/#\/schema\/logo\/image\/"}},{"@type":"Person","@id":"https:\/\/www.eldiariodetucuman.com\/web\/#\/schema\/person\/9250197d75ab5483412e19678b121caa","name":"admin","image":{"@type":"ImageObject","inLanguage":"es","@id":"https:\/\/secure.gravatar.com\/avatar\/c44d117c2be811212c22cb481f6b8384b6873de103fbc49e7a03cc58d7dea4ac?s=96&d=mm&r=g","url":"https:\/\/secure.gravatar.com\/avatar\/c44d117c2be811212c22cb481f6b8384b6873de103fbc49e7a03cc58d7dea4ac?s=96&d=mm&r=g","contentUrl":"https:\/\/secure.gravatar.com\/avatar\/c44d117c2be811212c22cb481f6b8384b6873de103fbc49e7a03cc58d7dea4ac?s=96&d=mm&r=g","caption":"admin"},"url":"https:\/\/www.eldiariodetucuman.com\/web\/author\/admin\/"}]}},"_links":{"self":[{"href":"https:\/\/www.eldiariodetucuman.com\/web\/wp-json\/wp\/v2\/posts\/46406","targetHints":{"allow":["GET"]}}],"collection":[{"href":"https:\/\/www.eldiariodetucuman.com\/web\/wp-json\/wp\/v2\/posts"}],"about":[{"href":"https:\/\/www.eldiariodetucuman.com\/web\/wp-json\/wp\/v2\/types\/post"}],"author":[{"embeddable":true,"href":"https:\/\/www.eldiariodetucuman.com\/web\/wp-json\/wp\/v2\/users\/1"}],"replies":[{"embeddable":true,"href":"https:\/\/www.eldiariodetucuman.com\/web\/wp-json\/wp\/v2\/comments?post=46406"}],"version-history":[{"count":0,"href":"https:\/\/www.eldiariodetucuman.com\/web\/wp-json\/wp\/v2\/posts\/46406\/revisions"}],"wp:featuredmedia":[{"embeddable":true,"href":"https:\/\/www.eldiariodetucuman.com\/web\/wp-json\/wp\/v2\/media\/46407"}],"wp:attachment":[{"href":"https:\/\/www.eldiariodetucuman.com\/web\/wp-json\/wp\/v2\/media?parent=46406"}],"wp:term":[{"taxonomy":"category","embeddable":true,"href":"https:\/\/www.eldiariodetucuman.com\/web\/wp-json\/wp\/v2\/categories?post=46406"},{"taxonomy":"post_tag","embeddable":true,"href":"https:\/\/www.eldiariodetucuman.com\/web\/wp-json\/wp\/v2\/tags?post=46406"}],"curies":[{"name":"wp","href":"https:\/\/api.w.org\/{rel}","templated":true}]}}