{"id":46404,"date":"2025-12-05T20:09:31","date_gmt":"2025-12-05T23:09:31","guid":{"rendered":"https:\/\/www.eldiariodetucuman.com\/web\/reunion-de-dirigentes-de-atletico-y-san-martinhabra-clasico-de-verano\/"},"modified":"2025-12-05T20:09:31","modified_gmt":"2025-12-05T23:09:31","slug":"reunion-de-dirigentes-de-atletico-y-san-martinhabra-clasico-de-verano","status":"publish","type":"post","link":"https:\/\/www.eldiariodetucuman.com\/web\/reunion-de-dirigentes-de-atletico-y-san-martinhabra-clasico-de-verano\/","title":{"rendered":"Reuni\u00f3n de dirigentes de Atl\u00e9tico y San Mart\u00edn:\u00bfhabr\u00e1 cl\u00e1sico de verano?"},"content":{"rendered":"<p>    <\/p>\n<p>Durante la charla, se destac\u00f3 el rol fundamental que cumplen los dos clubes m\u00e1s importantes de la provincia, no solo en el plano deportivo, sino tambi\u00e9n en su impacto social, cultural y tur\u00edstico, siendo motores esenciales del desarrollo local y referentes a nivel nacional.<\/p>\n<p> 20251205_194233   <\/p>\n<p>Uno de los temas abordados fue la posibilidad de reactivar los cl\u00e1sicos de verano en Tucum\u00e1n, una propuesta que despierta gran expectativa y entusiasmo entre los hinchas de ambas parcialidades.<\/p>\n<p>Tambi\u00e9n participaron del encuentro directivos de ambas instituciones. La reuni\u00f3n refleja la voluntad compartida de trabajar en conjunto y fortalecer los v\u00ednculos entre San Mart\u00edn y Atl\u00e9tico Tucum\u00e1n, promoviendo el crecimiento del f\u00fatbol tucumano<\/p>\n<p>Fuente: <a href=\"https:\/\/www.lv12.com.ar\/atletico-tucuman\/reunion-dirigentes-atletico-y-san-martinhabra-clasico-verano-n190201\"> Fuente de la nota <\/a><\/p>\n","protected":false},"excerpt":{"rendered":"<p>Durante la charla, se destac\u00f3 el rol fundamental que cumplen los dos clubes m\u00e1s importantes de la provincia, no solo en el plano deportivo, sino tambi\u00e9n en su impacto social, cultural y tur\u00edstico, siendo motores esenciales del desarrollo local y referentes a nivel nacional. 20251205_194233 Uno de los temas abordados fue la posibilidad de reactivar [&hellip;]<\/p>\n","protected":false},"author":1,"featured_media":46405,"comment_status":"closed","ping_status":"open","sticky":false,"template":"","format":"standard","meta":{"footnotes":""},"categories":[6],"tags":[],"class_list":{"0":"post-46404","1":"post","2":"type-post","3":"status-publish","4":"format-standard","5":"has-post-thumbnail","7":"category-deporte"},"yoast_head":"<!-- This site is optimized with the Yoast SEO plugin v27.5 - https:\/\/yoast.com\/product\/yoast-seo-wordpress\/ -->\n<title>Reuni\u00f3n de dirigentes de Atl\u00e9tico y San Mart\u00edn:\u00bfhabr\u00e1 cl\u00e1sico de verano? - El Diario de Tucuman<\/title>\n<meta name=\"robots\" content=\"index, follow, max-snippet:-1, max-image-preview:large, max-video-preview:-1\" \/>\n<link rel=\"canonical\" href=\"https:\/\/www.eldiariodetucuman.com\/web\/reunion-de-dirigentes-de-atletico-y-san-martinhabra-clasico-de-verano\/\" \/>\n<meta property=\"og:locale\" content=\"es_ES\" \/>\n<meta property=\"og:type\" content=\"article\" \/>\n<meta property=\"og:title\" content=\"Reuni\u00f3n de dirigentes de Atl\u00e9tico y San Mart\u00edn:\u00bfhabr\u00e1 cl\u00e1sico de verano? - El Diario de Tucuman\" \/>\n<meta property=\"og:description\" content=\"Durante la charla, se destac\u00f3 el rol fundamental que cumplen los dos clubes m\u00e1s importantes de la provincia, no solo en el plano deportivo, sino tambi\u00e9n en su impacto social, cultural y tur\u00edstico, siendo motores esenciales del desarrollo local y referentes a nivel nacional. 20251205_194233 Uno de los temas abordados fue la posibilidad de reactivar [&hellip;]\" \/>\n<meta property=\"og:url\" content=\"https:\/\/www.eldiariodetucuman.com\/web\/reunion-de-dirigentes-de-atletico-y-san-martinhabra-clasico-de-verano\/\" \/>\n<meta property=\"og:site_name\" content=\"El Diario de Tucuman\" \/>\n<meta property=\"article:published_time\" content=\"2025-12-05T23:09:31+00:00\" \/>\n<meta name=\"author\" content=\"admin\" \/>\n<meta name=\"twitter:card\" content=\"summary_large_image\" \/>\n<meta name=\"twitter:label1\" content=\"Escrito por\" \/>\n\t<meta name=\"twitter:data1\" content=\"admin\" \/>\n\t<meta name=\"twitter:label2\" content=\"Tiempo de lectura\" \/>\n\t<meta name=\"twitter:data2\" content=\"1 minuto\" \/>\n<script type=\"application\/ld+json\" class=\"yoast-schema-graph\">{\"@context\":\"https:\\\/\\\/schema.org\",\"@graph\":[{\"@type\":\"Article\",\"@id\":\"https:\\\/\\\/www.eldiariodetucuman.com\\\/web\\\/reunion-de-dirigentes-de-atletico-y-san-martinhabra-clasico-de-verano\\\/#article\",\"isPartOf\":{\"@id\":\"https:\\\/\\\/www.eldiariodetucuman.com\\\/web\\\/reunion-de-dirigentes-de-atletico-y-san-martinhabra-clasico-de-verano\\\/\"},\"author\":{\"name\":\"admin\",\"@id\":\"https:\\\/\\\/www.eldiariodetucuman.com\\\/web\\\/#\\\/schema\\\/person\\\/9250197d75ab5483412e19678b121caa\"},\"headline\":\"Reuni\u00f3n de dirigentes de Atl\u00e9tico y San Mart\u00edn:\u00bfhabr\u00e1 cl\u00e1sico de verano?\",\"datePublished\":\"2025-12-05T23:09:31+00:00\",\"mainEntityOfPage\":{\"@id\":\"https:\\\/\\\/www.eldiariodetucuman.com\\\/web\\\/reunion-de-dirigentes-de-atletico-y-san-martinhabra-clasico-de-verano\\\/\"},\"wordCount\":141,\"publisher\":{\"@id\":\"https:\\\/\\\/www.eldiariodetucuman.com\\\/web\\\/#organization\"},\"image\":{\"@id\":\"https:\\\/\\\/www.eldiariodetucuman.com\\\/web\\\/reunion-de-dirigentes-de-atletico-y-san-martinhabra-clasico-de-verano\\\/#primaryimage\"},\"thumbnailUrl\":\"https:\\\/\\\/www.eldiariodetucuman.com\\\/web\\\/wp-content\\\/uploads\\\/2025\\\/12\\\/Reunion-de-dirigentes-de-Atletico-y-San-Martin\u00bfhabra-clasico-de.jpg\",\"articleSection\":[\"Deporte\"],\"inLanguage\":\"es\"},{\"@type\":\"WebPage\",\"@id\":\"https:\\\/\\\/www.eldiariodetucuman.com\\\/web\\\/reunion-de-dirigentes-de-atletico-y-san-martinhabra-clasico-de-verano\\\/\",\"url\":\"https:\\\/\\\/www.eldiariodetucuman.com\\\/web\\\/reunion-de-dirigentes-de-atletico-y-san-martinhabra-clasico-de-verano\\\/\",\"name\":\"Reuni\u00f3n de dirigentes de Atl\u00e9tico y San Mart\u00edn:\u00bfhabr\u00e1 cl\u00e1sico de verano? - El Diario de Tucuman\",\"isPartOf\":{\"@id\":\"https:\\\/\\\/www.eldiariodetucuman.com\\\/web\\\/#website\"},\"primaryImageOfPage\":{\"@id\":\"https:\\\/\\\/www.eldiariodetucuman.com\\\/web\\\/reunion-de-dirigentes-de-atletico-y-san-martinhabra-clasico-de-verano\\\/#primaryimage\"},\"image\":{\"@id\":\"https:\\\/\\\/www.eldiariodetucuman.com\\\/web\\\/reunion-de-dirigentes-de-atletico-y-san-martinhabra-clasico-de-verano\\\/#primaryimage\"},\"thumbnailUrl\":\"https:\\\/\\\/www.eldiariodetucuman.com\\\/web\\\/wp-content\\\/uploads\\\/2025\\\/12\\\/Reunion-de-dirigentes-de-Atletico-y-San-Martin\u00bfhabra-clasico-de.jpg\",\"datePublished\":\"2025-12-05T23:09:31+00:00\",\"breadcrumb\":{\"@id\":\"https:\\\/\\\/www.eldiariodetucuman.com\\\/web\\\/reunion-de-dirigentes-de-atletico-y-san-martinhabra-clasico-de-verano\\\/#breadcrumb\"},\"inLanguage\":\"es\",\"potentialAction\":[{\"@type\":\"ReadAction\",\"target\":[\"https:\\\/\\\/www.eldiariodetucuman.com\\\/web\\\/reunion-de-dirigentes-de-atletico-y-san-martinhabra-clasico-de-verano\\\/\"]}]},{\"@type\":\"ImageObject\",\"inLanguage\":\"es\",\"@id\":\"https:\\\/\\\/www.eldiariodetucuman.com\\\/web\\\/reunion-de-dirigentes-de-atletico-y-san-martinhabra-clasico-de-verano\\\/#primaryimage\",\"url\":\"https:\\\/\\\/www.eldiariodetucuman.com\\\/web\\\/wp-content\\\/uploads\\\/2025\\\/12\\\/Reunion-de-dirigentes-de-Atletico-y-San-Martin\u00bfhabra-clasico-de.jpg\",\"contentUrl\":\"https:\\\/\\\/www.eldiariodetucuman.com\\\/web\\\/wp-content\\\/uploads\\\/2025\\\/12\\\/Reunion-de-dirigentes-de-Atletico-y-San-Martin\u00bfhabra-clasico-de.jpg\",\"width\":1200,\"height\":675},{\"@type\":\"BreadcrumbList\",\"@id\":\"https:\\\/\\\/www.eldiariodetucuman.com\\\/web\\\/reunion-de-dirigentes-de-atletico-y-san-martinhabra-clasico-de-verano\\\/#breadcrumb\",\"itemListElement\":[{\"@type\":\"ListItem\",\"position\":1,\"name\":\"Portada\",\"item\":\"https:\\\/\\\/www.eldiariodetucuman.com\\\/web\\\/\"},{\"@type\":\"ListItem\",\"position\":2,\"name\":\"Reuni\u00f3n de dirigentes de Atl\u00e9tico y San Mart\u00edn:\u00bfhabr\u00e1 cl\u00e1sico de verano?\"}]},{\"@type\":\"WebSite\",\"@id\":\"https:\\\/\\\/www.eldiariodetucuman.com\\\/web\\\/#website\",\"url\":\"https:\\\/\\\/www.eldiariodetucuman.com\\\/web\\\/\",\"name\":\"El Diario de Tucuman\",\"description\":\"Diario Tucuman - Informaci\u00f3n y noticias\",\"publisher\":{\"@id\":\"https:\\\/\\\/www.eldiariodetucuman.com\\\/web\\\/#organization\"},\"potentialAction\":[{\"@type\":\"SearchAction\",\"target\":{\"@type\":\"EntryPoint\",\"urlTemplate\":\"https:\\\/\\\/www.eldiariodetucuman.com\\\/web\\\/?s={search_term_string}\"},\"query-input\":{\"@type\":\"PropertyValueSpecification\",\"valueRequired\":true,\"valueName\":\"search_term_string\"}}],\"inLanguage\":\"es\"},{\"@type\":\"Organization\",\"@id\":\"https:\\\/\\\/www.eldiariodetucuman.com\\\/web\\\/#organization\",\"name\":\"El Diario de Tucuman\",\"url\":\"https:\\\/\\\/www.eldiariodetucuman.com\\\/web\\\/\",\"logo\":{\"@type\":\"ImageObject\",\"inLanguage\":\"es\",\"@id\":\"https:\\\/\\\/www.eldiariodetucuman.com\\\/web\\\/#\\\/schema\\\/logo\\\/image\\\/\",\"url\":\"http:\\\/\\\/www.eldiariodetucuman.com\\\/web\\\/wp-content\\\/uploads\\\/2017\\\/12\\\/el-diario-de-tucuman.jpg\",\"contentUrl\":\"http:\\\/\\\/www.eldiariodetucuman.com\\\/web\\\/wp-content\\\/uploads\\\/2017\\\/12\\\/el-diario-de-tucuman.jpg\",\"width\":272,\"height\":92,\"caption\":\"El Diario de Tucuman\"},\"image\":{\"@id\":\"https:\\\/\\\/www.eldiariodetucuman.com\\\/web\\\/#\\\/schema\\\/logo\\\/image\\\/\"}},{\"@type\":\"Person\",\"@id\":\"https:\\\/\\\/www.eldiariodetucuman.com\\\/web\\\/#\\\/schema\\\/person\\\/9250197d75ab5483412e19678b121caa\",\"name\":\"admin\",\"image\":{\"@type\":\"ImageObject\",\"inLanguage\":\"es\",\"@id\":\"https:\\\/\\\/secure.gravatar.com\\\/avatar\\\/c44d117c2be811212c22cb481f6b8384b6873de103fbc49e7a03cc58d7dea4ac?s=96&d=mm&r=g\",\"url\":\"https:\\\/\\\/secure.gravatar.com\\\/avatar\\\/c44d117c2be811212c22cb481f6b8384b6873de103fbc49e7a03cc58d7dea4ac?s=96&d=mm&r=g\",\"contentUrl\":\"https:\\\/\\\/secure.gravatar.com\\\/avatar\\\/c44d117c2be811212c22cb481f6b8384b6873de103fbc49e7a03cc58d7dea4ac?s=96&d=mm&r=g\",\"caption\":\"admin\"},\"url\":\"https:\\\/\\\/www.eldiariodetucuman.com\\\/web\\\/author\\\/admin\\\/\"}]}<\/script>\n<!-- \/ Yoast SEO plugin. -->","yoast_head_json":{"title":"Reuni\u00f3n de dirigentes de Atl\u00e9tico y San Mart\u00edn:\u00bfhabr\u00e1 cl\u00e1sico de verano? - El Diario de Tucuman","robots":{"index":"index","follow":"follow","max-snippet":"max-snippet:-1","max-image-preview":"max-image-preview:large","max-video-preview":"max-video-preview:-1"},"canonical":"https:\/\/www.eldiariodetucuman.com\/web\/reunion-de-dirigentes-de-atletico-y-san-martinhabra-clasico-de-verano\/","og_locale":"es_ES","og_type":"article","og_title":"Reuni\u00f3n de dirigentes de Atl\u00e9tico y San Mart\u00edn:\u00bfhabr\u00e1 cl\u00e1sico de verano? - El Diario de Tucuman","og_description":"Durante la charla, se destac\u00f3 el rol fundamental que cumplen los dos clubes m\u00e1s importantes de la provincia, no solo en el plano deportivo, sino tambi\u00e9n en su impacto social, cultural y tur\u00edstico, siendo motores esenciales del desarrollo local y referentes a nivel nacional. 20251205_194233 Uno de los temas abordados fue la posibilidad de reactivar [&hellip;]","og_url":"https:\/\/www.eldiariodetucuman.com\/web\/reunion-de-dirigentes-de-atletico-y-san-martinhabra-clasico-de-verano\/","og_site_name":"El Diario de Tucuman","article_published_time":"2025-12-05T23:09:31+00:00","author":"admin","twitter_card":"summary_large_image","twitter_misc":{"Escrito por":"admin","Tiempo de lectura":"1 minuto"},"schema":{"@context":"https:\/\/schema.org","@graph":[{"@type":"Article","@id":"https:\/\/www.eldiariodetucuman.com\/web\/reunion-de-dirigentes-de-atletico-y-san-martinhabra-clasico-de-verano\/#article","isPartOf":{"@id":"https:\/\/www.eldiariodetucuman.com\/web\/reunion-de-dirigentes-de-atletico-y-san-martinhabra-clasico-de-verano\/"},"author":{"name":"admin","@id":"https:\/\/www.eldiariodetucuman.com\/web\/#\/schema\/person\/9250197d75ab5483412e19678b121caa"},"headline":"Reuni\u00f3n de dirigentes de Atl\u00e9tico y San Mart\u00edn:\u00bfhabr\u00e1 cl\u00e1sico de verano?","datePublished":"2025-12-05T23:09:31+00:00","mainEntityOfPage":{"@id":"https:\/\/www.eldiariodetucuman.com\/web\/reunion-de-dirigentes-de-atletico-y-san-martinhabra-clasico-de-verano\/"},"wordCount":141,"publisher":{"@id":"https:\/\/www.eldiariodetucuman.com\/web\/#organization"},"image":{"@id":"https:\/\/www.eldiariodetucuman.com\/web\/reunion-de-dirigentes-de-atletico-y-san-martinhabra-clasico-de-verano\/#primaryimage"},"thumbnailUrl":"https:\/\/www.eldiariodetucuman.com\/web\/wp-content\/uploads\/2025\/12\/Reunion-de-dirigentes-de-Atletico-y-San-Martin\u00bfhabra-clasico-de.jpg","articleSection":["Deporte"],"inLanguage":"es"},{"@type":"WebPage","@id":"https:\/\/www.eldiariodetucuman.com\/web\/reunion-de-dirigentes-de-atletico-y-san-martinhabra-clasico-de-verano\/","url":"https:\/\/www.eldiariodetucuman.com\/web\/reunion-de-dirigentes-de-atletico-y-san-martinhabra-clasico-de-verano\/","name":"Reuni\u00f3n de dirigentes de Atl\u00e9tico y San Mart\u00edn:\u00bfhabr\u00e1 cl\u00e1sico de verano? - El Diario de Tucuman","isPartOf":{"@id":"https:\/\/www.eldiariodetucuman.com\/web\/#website"},"primaryImageOfPage":{"@id":"https:\/\/www.eldiariodetucuman.com\/web\/reunion-de-dirigentes-de-atletico-y-san-martinhabra-clasico-de-verano\/#primaryimage"},"image":{"@id":"https:\/\/www.eldiariodetucuman.com\/web\/reunion-de-dirigentes-de-atletico-y-san-martinhabra-clasico-de-verano\/#primaryimage"},"thumbnailUrl":"https:\/\/www.eldiariodetucuman.com\/web\/wp-content\/uploads\/2025\/12\/Reunion-de-dirigentes-de-Atletico-y-San-Martin\u00bfhabra-clasico-de.jpg","datePublished":"2025-12-05T23:09:31+00:00","breadcrumb":{"@id":"https:\/\/www.eldiariodetucuman.com\/web\/reunion-de-dirigentes-de-atletico-y-san-martinhabra-clasico-de-verano\/#breadcrumb"},"inLanguage":"es","potentialAction":[{"@type":"ReadAction","target":["https:\/\/www.eldiariodetucuman.com\/web\/reunion-de-dirigentes-de-atletico-y-san-martinhabra-clasico-de-verano\/"]}]},{"@type":"ImageObject","inLanguage":"es","@id":"https:\/\/www.eldiariodetucuman.com\/web\/reunion-de-dirigentes-de-atletico-y-san-martinhabra-clasico-de-verano\/#primaryimage","url":"https:\/\/www.eldiariodetucuman.com\/web\/wp-content\/uploads\/2025\/12\/Reunion-de-dirigentes-de-Atletico-y-San-Martin\u00bfhabra-clasico-de.jpg","contentUrl":"https:\/\/www.eldiariodetucuman.com\/web\/wp-content\/uploads\/2025\/12\/Reunion-de-dirigentes-de-Atletico-y-San-Martin\u00bfhabra-clasico-de.jpg","width":1200,"height":675},{"@type":"BreadcrumbList","@id":"https:\/\/www.eldiariodetucuman.com\/web\/reunion-de-dirigentes-de-atletico-y-san-martinhabra-clasico-de-verano\/#breadcrumb","itemListElement":[{"@type":"ListItem","position":1,"name":"Portada","item":"https:\/\/www.eldiariodetucuman.com\/web\/"},{"@type":"ListItem","position":2,"name":"Reuni\u00f3n de dirigentes de Atl\u00e9tico y San Mart\u00edn:\u00bfhabr\u00e1 cl\u00e1sico de verano?"}]},{"@type":"WebSite","@id":"https:\/\/www.eldiariodetucuman.com\/web\/#website","url":"https:\/\/www.eldiariodetucuman.com\/web\/","name":"El Diario de Tucuman","description":"Diario Tucuman - Informaci\u00f3n y noticias","publisher":{"@id":"https:\/\/www.eldiariodetucuman.com\/web\/#organization"},"potentialAction":[{"@type":"SearchAction","target":{"@type":"EntryPoint","urlTemplate":"https:\/\/www.eldiariodetucuman.com\/web\/?s={search_term_string}"},"query-input":{"@type":"PropertyValueSpecification","valueRequired":true,"valueName":"search_term_string"}}],"inLanguage":"es"},{"@type":"Organization","@id":"https:\/\/www.eldiariodetucuman.com\/web\/#organization","name":"El Diario de Tucuman","url":"https:\/\/www.eldiariodetucuman.com\/web\/","logo":{"@type":"ImageObject","inLanguage":"es","@id":"https:\/\/www.eldiariodetucuman.com\/web\/#\/schema\/logo\/image\/","url":"http:\/\/www.eldiariodetucuman.com\/web\/wp-content\/uploads\/2017\/12\/el-diario-de-tucuman.jpg","contentUrl":"http:\/\/www.eldiariodetucuman.com\/web\/wp-content\/uploads\/2017\/12\/el-diario-de-tucuman.jpg","width":272,"height":92,"caption":"El Diario de Tucuman"},"image":{"@id":"https:\/\/www.eldiariodetucuman.com\/web\/#\/schema\/logo\/image\/"}},{"@type":"Person","@id":"https:\/\/www.eldiariodetucuman.com\/web\/#\/schema\/person\/9250197d75ab5483412e19678b121caa","name":"admin","image":{"@type":"ImageObject","inLanguage":"es","@id":"https:\/\/secure.gravatar.com\/avatar\/c44d117c2be811212c22cb481f6b8384b6873de103fbc49e7a03cc58d7dea4ac?s=96&d=mm&r=g","url":"https:\/\/secure.gravatar.com\/avatar\/c44d117c2be811212c22cb481f6b8384b6873de103fbc49e7a03cc58d7dea4ac?s=96&d=mm&r=g","contentUrl":"https:\/\/secure.gravatar.com\/avatar\/c44d117c2be811212c22cb481f6b8384b6873de103fbc49e7a03cc58d7dea4ac?s=96&d=mm&r=g","caption":"admin"},"url":"https:\/\/www.eldiariodetucuman.com\/web\/author\/admin\/"}]}},"_links":{"self":[{"href":"https:\/\/www.eldiariodetucuman.com\/web\/wp-json\/wp\/v2\/posts\/46404","targetHints":{"allow":["GET"]}}],"collection":[{"href":"https:\/\/www.eldiariodetucuman.com\/web\/wp-json\/wp\/v2\/posts"}],"about":[{"href":"https:\/\/www.eldiariodetucuman.com\/web\/wp-json\/wp\/v2\/types\/post"}],"author":[{"embeddable":true,"href":"https:\/\/www.eldiariodetucuman.com\/web\/wp-json\/wp\/v2\/users\/1"}],"replies":[{"embeddable":true,"href":"https:\/\/www.eldiariodetucuman.com\/web\/wp-json\/wp\/v2\/comments?post=46404"}],"version-history":[{"count":0,"href":"https:\/\/www.eldiariodetucuman.com\/web\/wp-json\/wp\/v2\/posts\/46404\/revisions"}],"wp:featuredmedia":[{"embeddable":true,"href":"https:\/\/www.eldiariodetucuman.com\/web\/wp-json\/wp\/v2\/media\/46405"}],"wp:attachment":[{"href":"https:\/\/www.eldiariodetucuman.com\/web\/wp-json\/wp\/v2\/media?parent=46404"}],"wp:term":[{"taxonomy":"category","embeddable":true,"href":"https:\/\/www.eldiariodetucuman.com\/web\/wp-json\/wp\/v2\/categories?post=46404"},{"taxonomy":"post_tag","embeddable":true,"href":"https:\/\/www.eldiariodetucuman.com\/web\/wp-json\/wp\/v2\/tags?post=46404"}],"curies":[{"name":"wp","href":"https:\/\/api.w.org\/{rel}","templated":true}]}}