{"id":46216,"date":"2025-11-14T19:26:17","date_gmt":"2025-11-14T22:26:17","guid":{"rendered":"https:\/\/www.eldiariodetucuman.com\/web\/el-liceo-rugby-club-vivira-una-nueva-edicion-del-seven-joaquin-quintana\/"},"modified":"2025-11-14T19:26:17","modified_gmt":"2025-11-14T22:26:17","slug":"el-liceo-rugby-club-vivira-una-nueva-edicion-del-seven-joaquin-quintana","status":"publish","type":"post","link":"https:\/\/www.eldiariodetucuman.com\/web\/el-liceo-rugby-club-vivira-una-nueva-edicion-del-seven-joaquin-quintana\/","title":{"rendered":"El Liceo Rugby Club vivir\u00e1 una nueva edici\u00f3n del Seven Joaqu\u00edn Quintana"},"content":{"rendered":"<p>  <\/p>\n<p>El encuentro, organizado por la Fundaci\u00f3n Joaqu\u00edn Quintana y el Liceo Rugby Club Tucum\u00e1n, se disputar\u00e1 desde las 10:00 en las instalaciones del club, ubicadas en avenida Solano Vera y ruta provincial 338 (San Pablo). El torneo fue autorizado por el Honorable Consejo Directivo de la Uni\u00f3n de Rugby de Tucum\u00e1n y cuenta con el apoyo de instituciones p\u00fablicas y empresas privadas.<\/p>\n<p>Las actividades de la jornada se anunciaron este mediod\u00eda en el Ente Tucum\u00e1n Turismo en una emotiva conferencia de prensa encabezada por la vicepresidenta del organismo, In\u00e9s Fr\u00edas Silva; el secretario de Relaciones Institucionales, Ra\u00fal Albarrac\u00edn; el presidente de la Uni\u00f3n de Rugby de Tucum\u00e1n, Javier Budeguer; el delegado comunal de San Pablo, Miguel Gonz\u00e1lez; el presidente del Liceo Rugby Club, Roberto G\u00f3mez y el organizador del torneo, Hugo Quintana.<\/p>\n<p>\u201cEs un evento que trae historia, que transmite valores, que une lo humano con lo deportivo, lo tur\u00edstico y lo social; ha sido una presentaci\u00f3n emocionante y como Ente de Turismo estamos orgullosos de acompa\u00f1ar a estos luchadores de la vida que nos dejan una lecci\u00f3n que trasciende la cancha y llega al alma\u201d, dijo Fr\u00edas Silva. <\/p>\n<p>\u201cNo es un solo un torneo, no es solo un seven, es una causa\u201d, resumi\u00f3 Albarrac\u00edn, quien destac\u00f3 el trabajo aunado entre organismos p\u00fablicos y privados para darle continuidad a una cita que \u201csiembra vida, siembra luz y esperanza para muchas personas\u201d. <\/p>\n<p>Hugo Quintana confes\u00f3 sentirse algo sorprendido por \u201cla r\u00e1pida evoluci\u00f3n de un evento que naci\u00f3 de golpe, sin que lo pens\u00e1ramos mucho m\u00e1s all\u00e1 del legado de Joaqu\u00edn. Hoy podemos decir que es un encuentro de jerarqu\u00eda deportiva que deja un mensaje muy claro para toda la sociedad tucumana: donar \u00f3rganos salva vidas\u201d. <\/p>\n<p>La competencia, que contar\u00e1 con equipos de la Uni\u00f3n de Rugby de Tucum\u00e1n, tanto de Primera como de Desarrollo, reunir\u00e1 a representantes de Alberdi, Aguilares, Monteros, Famaill\u00e1, San Pablo, Yerba Buena y San Miguel de Tucum\u00e1n, adem\u00e1s de clubes de uniones vecinas y del Seleccionado Tucumano de Seven.<\/p>\n<p>\u201cNuestra temporada de seven inicia justamente con el de Joaqu\u00edn Quintana lo que asegura una presencia s\u00f3lida de la Uni\u00f3n para todos los a\u00f1os venideros con este evento: nos sentimos orgullosos de ir a la par\u201d, dijo Budeguer. <\/p>\n<h3>Profundo significado<\/h3>\n<p>El Seven \u201cJoaqu\u00edn Quintana\u201d se ha consolidado como una cita ineludible del rugby provincial, no solo por su nivel competitivo sino por el profundo esp\u00edritu de compa\u00f1erismo y homenaje que lo inspira. Nacido en 2016 en memoria de Joaqu\u00edn Quintana, joven jugador del club, el certamen se transform\u00f3 con el tiempo en el \u201cSeven del Coraz\u00f3n\u201d, un encuentro donde el deporte y la emoci\u00f3n se entrelazan en un clima de celebraci\u00f3n y respeto.<\/p>\n<p>La jornada contar\u00e1 con la presencia de autoridades deportivas y provinciales, dirigentes de la Uni\u00f3n de Rugby de Tucum\u00e1n, representantes del Ente Tucum\u00e1n Turismo y p\u00fablico en general, que a\u00f1o tras a\u00f1o acompa\u00f1an este homenaje que une deporte, comunidad y valores. <\/p>\n<p>Donar \u00f3rganos salva vidas, hoy y siempre. <\/p>\n<p>Fuente: <a href=\"https:\/\/www.lv12.com.ar\/seven\/el-liceo-rugby-club-vivira-una-nueva-edicion-del-seven-joaquin-quintana-n189071\"> Fuente de la nota <\/a><\/p>\n","protected":false},"excerpt":{"rendered":"<p>El encuentro, organizado por la Fundaci\u00f3n Joaqu\u00edn Quintana y el Liceo Rugby Club Tucum\u00e1n, se disputar\u00e1 desde las 10:00 en las instalaciones del club, ubicadas en avenida Solano Vera y ruta provincial 338 (San Pablo). El torneo fue autorizado por el Honorable Consejo Directivo de la Uni\u00f3n de Rugby de Tucum\u00e1n y cuenta con el [&hellip;]<\/p>\n","protected":false},"author":1,"featured_media":46217,"comment_status":"closed","ping_status":"open","sticky":false,"template":"","format":"standard","meta":{"footnotes":""},"categories":[6],"tags":[],"class_list":{"0":"post-46216","1":"post","2":"type-post","3":"status-publish","4":"format-standard","5":"has-post-thumbnail","7":"category-deporte"},"yoast_head":"<!-- This site is optimized with the Yoast SEO plugin v27.4 - https:\/\/yoast.com\/product\/yoast-seo-wordpress\/ -->\n<title>El Liceo Rugby Club vivir\u00e1 una nueva edici\u00f3n del Seven Joaqu\u00edn Quintana - El Diario de Tucuman<\/title>\n<meta name=\"robots\" content=\"index, follow, max-snippet:-1, max-image-preview:large, max-video-preview:-1\" \/>\n<link rel=\"canonical\" href=\"https:\/\/www.eldiariodetucuman.com\/web\/el-liceo-rugby-club-vivira-una-nueva-edicion-del-seven-joaquin-quintana\/\" \/>\n<meta property=\"og:locale\" content=\"es_ES\" \/>\n<meta property=\"og:type\" content=\"article\" \/>\n<meta property=\"og:title\" content=\"El Liceo Rugby Club vivir\u00e1 una nueva edici\u00f3n del Seven Joaqu\u00edn Quintana - El Diario de Tucuman\" \/>\n<meta property=\"og:description\" content=\"El encuentro, organizado por la Fundaci\u00f3n Joaqu\u00edn Quintana y el Liceo Rugby Club Tucum\u00e1n, se disputar\u00e1 desde las 10:00 en las instalaciones del club, ubicadas en avenida Solano Vera y ruta provincial 338 (San Pablo). El torneo fue autorizado por el Honorable Consejo Directivo de la Uni\u00f3n de Rugby de Tucum\u00e1n y cuenta con el [&hellip;]\" \/>\n<meta property=\"og:url\" content=\"https:\/\/www.eldiariodetucuman.com\/web\/el-liceo-rugby-club-vivira-una-nueva-edicion-del-seven-joaquin-quintana\/\" \/>\n<meta property=\"og:site_name\" content=\"El Diario de Tucuman\" \/>\n<meta property=\"article:published_time\" content=\"2025-11-14T22:26:17+00:00\" \/>\n<meta name=\"author\" content=\"admin\" \/>\n<meta name=\"twitter:card\" content=\"summary_large_image\" \/>\n<meta name=\"twitter:label1\" content=\"Escrito por\" \/>\n\t<meta name=\"twitter:data1\" content=\"admin\" \/>\n\t<meta name=\"twitter:label2\" content=\"Tiempo de lectura\" \/>\n\t<meta name=\"twitter:data2\" content=\"3 minutos\" \/>\n<script type=\"application\/ld+json\" class=\"yoast-schema-graph\">{\"@context\":\"https:\\\/\\\/schema.org\",\"@graph\":[{\"@type\":\"Article\",\"@id\":\"https:\\\/\\\/www.eldiariodetucuman.com\\\/web\\\/el-liceo-rugby-club-vivira-una-nueva-edicion-del-seven-joaquin-quintana\\\/#article\",\"isPartOf\":{\"@id\":\"https:\\\/\\\/www.eldiariodetucuman.com\\\/web\\\/el-liceo-rugby-club-vivira-una-nueva-edicion-del-seven-joaquin-quintana\\\/\"},\"author\":{\"name\":\"admin\",\"@id\":\"https:\\\/\\\/www.eldiariodetucuman.com\\\/web\\\/#\\\/schema\\\/person\\\/9250197d75ab5483412e19678b121caa\"},\"headline\":\"El Liceo Rugby Club vivir\u00e1 una nueva edici\u00f3n del Seven Joaqu\u00edn Quintana\",\"datePublished\":\"2025-11-14T22:26:17+00:00\",\"mainEntityOfPage\":{\"@id\":\"https:\\\/\\\/www.eldiariodetucuman.com\\\/web\\\/el-liceo-rugby-club-vivira-una-nueva-edicion-del-seven-joaquin-quintana\\\/\"},\"wordCount\":560,\"publisher\":{\"@id\":\"https:\\\/\\\/www.eldiariodetucuman.com\\\/web\\\/#organization\"},\"image\":{\"@id\":\"https:\\\/\\\/www.eldiariodetucuman.com\\\/web\\\/el-liceo-rugby-club-vivira-una-nueva-edicion-del-seven-joaquin-quintana\\\/#primaryimage\"},\"thumbnailUrl\":\"https:\\\/\\\/www.eldiariodetucuman.com\\\/web\\\/wp-content\\\/uploads\\\/2025\\\/11\\\/El-Liceo-Rugby-Club-vivira-una-nueva-edicion-del-Seven.jpeg\",\"articleSection\":[\"Deporte\"],\"inLanguage\":\"es\"},{\"@type\":\"WebPage\",\"@id\":\"https:\\\/\\\/www.eldiariodetucuman.com\\\/web\\\/el-liceo-rugby-club-vivira-una-nueva-edicion-del-seven-joaquin-quintana\\\/\",\"url\":\"https:\\\/\\\/www.eldiariodetucuman.com\\\/web\\\/el-liceo-rugby-club-vivira-una-nueva-edicion-del-seven-joaquin-quintana\\\/\",\"name\":\"El Liceo Rugby Club vivir\u00e1 una nueva edici\u00f3n del Seven Joaqu\u00edn Quintana - El Diario de Tucuman\",\"isPartOf\":{\"@id\":\"https:\\\/\\\/www.eldiariodetucuman.com\\\/web\\\/#website\"},\"primaryImageOfPage\":{\"@id\":\"https:\\\/\\\/www.eldiariodetucuman.com\\\/web\\\/el-liceo-rugby-club-vivira-una-nueva-edicion-del-seven-joaquin-quintana\\\/#primaryimage\"},\"image\":{\"@id\":\"https:\\\/\\\/www.eldiariodetucuman.com\\\/web\\\/el-liceo-rugby-club-vivira-una-nueva-edicion-del-seven-joaquin-quintana\\\/#primaryimage\"},\"thumbnailUrl\":\"https:\\\/\\\/www.eldiariodetucuman.com\\\/web\\\/wp-content\\\/uploads\\\/2025\\\/11\\\/El-Liceo-Rugby-Club-vivira-una-nueva-edicion-del-Seven.jpeg\",\"datePublished\":\"2025-11-14T22:26:17+00:00\",\"breadcrumb\":{\"@id\":\"https:\\\/\\\/www.eldiariodetucuman.com\\\/web\\\/el-liceo-rugby-club-vivira-una-nueva-edicion-del-seven-joaquin-quintana\\\/#breadcrumb\"},\"inLanguage\":\"es\",\"potentialAction\":[{\"@type\":\"ReadAction\",\"target\":[\"https:\\\/\\\/www.eldiariodetucuman.com\\\/web\\\/el-liceo-rugby-club-vivira-una-nueva-edicion-del-seven-joaquin-quintana\\\/\"]}]},{\"@type\":\"ImageObject\",\"inLanguage\":\"es\",\"@id\":\"https:\\\/\\\/www.eldiariodetucuman.com\\\/web\\\/el-liceo-rugby-club-vivira-una-nueva-edicion-del-seven-joaquin-quintana\\\/#primaryimage\",\"url\":\"https:\\\/\\\/www.eldiariodetucuman.com\\\/web\\\/wp-content\\\/uploads\\\/2025\\\/11\\\/El-Liceo-Rugby-Club-vivira-una-nueva-edicion-del-Seven.jpeg\",\"contentUrl\":\"https:\\\/\\\/www.eldiariodetucuman.com\\\/web\\\/wp-content\\\/uploads\\\/2025\\\/11\\\/El-Liceo-Rugby-Club-vivira-una-nueva-edicion-del-Seven.jpeg\",\"width\":1200,\"height\":675},{\"@type\":\"BreadcrumbList\",\"@id\":\"https:\\\/\\\/www.eldiariodetucuman.com\\\/web\\\/el-liceo-rugby-club-vivira-una-nueva-edicion-del-seven-joaquin-quintana\\\/#breadcrumb\",\"itemListElement\":[{\"@type\":\"ListItem\",\"position\":1,\"name\":\"Portada\",\"item\":\"https:\\\/\\\/www.eldiariodetucuman.com\\\/web\\\/\"},{\"@type\":\"ListItem\",\"position\":2,\"name\":\"El Liceo Rugby Club vivir\u00e1 una nueva edici\u00f3n del Seven Joaqu\u00edn Quintana\"}]},{\"@type\":\"WebSite\",\"@id\":\"https:\\\/\\\/www.eldiariodetucuman.com\\\/web\\\/#website\",\"url\":\"https:\\\/\\\/www.eldiariodetucuman.com\\\/web\\\/\",\"name\":\"El Diario de Tucuman\",\"description\":\"Diario Tucuman - Informaci\u00f3n y noticias\",\"publisher\":{\"@id\":\"https:\\\/\\\/www.eldiariodetucuman.com\\\/web\\\/#organization\"},\"potentialAction\":[{\"@type\":\"SearchAction\",\"target\":{\"@type\":\"EntryPoint\",\"urlTemplate\":\"https:\\\/\\\/www.eldiariodetucuman.com\\\/web\\\/?s={search_term_string}\"},\"query-input\":{\"@type\":\"PropertyValueSpecification\",\"valueRequired\":true,\"valueName\":\"search_term_string\"}}],\"inLanguage\":\"es\"},{\"@type\":\"Organization\",\"@id\":\"https:\\\/\\\/www.eldiariodetucuman.com\\\/web\\\/#organization\",\"name\":\"El Diario de Tucuman\",\"url\":\"https:\\\/\\\/www.eldiariodetucuman.com\\\/web\\\/\",\"logo\":{\"@type\":\"ImageObject\",\"inLanguage\":\"es\",\"@id\":\"https:\\\/\\\/www.eldiariodetucuman.com\\\/web\\\/#\\\/schema\\\/logo\\\/image\\\/\",\"url\":\"http:\\\/\\\/www.eldiariodetucuman.com\\\/web\\\/wp-content\\\/uploads\\\/2017\\\/12\\\/el-diario-de-tucuman.jpg\",\"contentUrl\":\"http:\\\/\\\/www.eldiariodetucuman.com\\\/web\\\/wp-content\\\/uploads\\\/2017\\\/12\\\/el-diario-de-tucuman.jpg\",\"width\":272,\"height\":92,\"caption\":\"El Diario de Tucuman\"},\"image\":{\"@id\":\"https:\\\/\\\/www.eldiariodetucuman.com\\\/web\\\/#\\\/schema\\\/logo\\\/image\\\/\"}},{\"@type\":\"Person\",\"@id\":\"https:\\\/\\\/www.eldiariodetucuman.com\\\/web\\\/#\\\/schema\\\/person\\\/9250197d75ab5483412e19678b121caa\",\"name\":\"admin\",\"image\":{\"@type\":\"ImageObject\",\"inLanguage\":\"es\",\"@id\":\"https:\\\/\\\/secure.gravatar.com\\\/avatar\\\/c44d117c2be811212c22cb481f6b8384b6873de103fbc49e7a03cc58d7dea4ac?s=96&d=mm&r=g\",\"url\":\"https:\\\/\\\/secure.gravatar.com\\\/avatar\\\/c44d117c2be811212c22cb481f6b8384b6873de103fbc49e7a03cc58d7dea4ac?s=96&d=mm&r=g\",\"contentUrl\":\"https:\\\/\\\/secure.gravatar.com\\\/avatar\\\/c44d117c2be811212c22cb481f6b8384b6873de103fbc49e7a03cc58d7dea4ac?s=96&d=mm&r=g\",\"caption\":\"admin\"},\"url\":\"https:\\\/\\\/www.eldiariodetucuman.com\\\/web\\\/author\\\/admin\\\/\"}]}<\/script>\n<!-- \/ Yoast SEO plugin. -->","yoast_head_json":{"title":"El Liceo Rugby Club vivir\u00e1 una nueva edici\u00f3n del Seven Joaqu\u00edn Quintana - El Diario de Tucuman","robots":{"index":"index","follow":"follow","max-snippet":"max-snippet:-1","max-image-preview":"max-image-preview:large","max-video-preview":"max-video-preview:-1"},"canonical":"https:\/\/www.eldiariodetucuman.com\/web\/el-liceo-rugby-club-vivira-una-nueva-edicion-del-seven-joaquin-quintana\/","og_locale":"es_ES","og_type":"article","og_title":"El Liceo Rugby Club vivir\u00e1 una nueva edici\u00f3n del Seven Joaqu\u00edn Quintana - El Diario de Tucuman","og_description":"El encuentro, organizado por la Fundaci\u00f3n Joaqu\u00edn Quintana y el Liceo Rugby Club Tucum\u00e1n, se disputar\u00e1 desde las 10:00 en las instalaciones del club, ubicadas en avenida Solano Vera y ruta provincial 338 (San Pablo). El torneo fue autorizado por el Honorable Consejo Directivo de la Uni\u00f3n de Rugby de Tucum\u00e1n y cuenta con el [&hellip;]","og_url":"https:\/\/www.eldiariodetucuman.com\/web\/el-liceo-rugby-club-vivira-una-nueva-edicion-del-seven-joaquin-quintana\/","og_site_name":"El Diario de Tucuman","article_published_time":"2025-11-14T22:26:17+00:00","author":"admin","twitter_card":"summary_large_image","twitter_misc":{"Escrito por":"admin","Tiempo de lectura":"3 minutos"},"schema":{"@context":"https:\/\/schema.org","@graph":[{"@type":"Article","@id":"https:\/\/www.eldiariodetucuman.com\/web\/el-liceo-rugby-club-vivira-una-nueva-edicion-del-seven-joaquin-quintana\/#article","isPartOf":{"@id":"https:\/\/www.eldiariodetucuman.com\/web\/el-liceo-rugby-club-vivira-una-nueva-edicion-del-seven-joaquin-quintana\/"},"author":{"name":"admin","@id":"https:\/\/www.eldiariodetucuman.com\/web\/#\/schema\/person\/9250197d75ab5483412e19678b121caa"},"headline":"El Liceo Rugby Club vivir\u00e1 una nueva edici\u00f3n del Seven Joaqu\u00edn Quintana","datePublished":"2025-11-14T22:26:17+00:00","mainEntityOfPage":{"@id":"https:\/\/www.eldiariodetucuman.com\/web\/el-liceo-rugby-club-vivira-una-nueva-edicion-del-seven-joaquin-quintana\/"},"wordCount":560,"publisher":{"@id":"https:\/\/www.eldiariodetucuman.com\/web\/#organization"},"image":{"@id":"https:\/\/www.eldiariodetucuman.com\/web\/el-liceo-rugby-club-vivira-una-nueva-edicion-del-seven-joaquin-quintana\/#primaryimage"},"thumbnailUrl":"https:\/\/www.eldiariodetucuman.com\/web\/wp-content\/uploads\/2025\/11\/El-Liceo-Rugby-Club-vivira-una-nueva-edicion-del-Seven.jpeg","articleSection":["Deporte"],"inLanguage":"es"},{"@type":"WebPage","@id":"https:\/\/www.eldiariodetucuman.com\/web\/el-liceo-rugby-club-vivira-una-nueva-edicion-del-seven-joaquin-quintana\/","url":"https:\/\/www.eldiariodetucuman.com\/web\/el-liceo-rugby-club-vivira-una-nueva-edicion-del-seven-joaquin-quintana\/","name":"El Liceo Rugby Club vivir\u00e1 una nueva edici\u00f3n del Seven Joaqu\u00edn Quintana - El Diario de Tucuman","isPartOf":{"@id":"https:\/\/www.eldiariodetucuman.com\/web\/#website"},"primaryImageOfPage":{"@id":"https:\/\/www.eldiariodetucuman.com\/web\/el-liceo-rugby-club-vivira-una-nueva-edicion-del-seven-joaquin-quintana\/#primaryimage"},"image":{"@id":"https:\/\/www.eldiariodetucuman.com\/web\/el-liceo-rugby-club-vivira-una-nueva-edicion-del-seven-joaquin-quintana\/#primaryimage"},"thumbnailUrl":"https:\/\/www.eldiariodetucuman.com\/web\/wp-content\/uploads\/2025\/11\/El-Liceo-Rugby-Club-vivira-una-nueva-edicion-del-Seven.jpeg","datePublished":"2025-11-14T22:26:17+00:00","breadcrumb":{"@id":"https:\/\/www.eldiariodetucuman.com\/web\/el-liceo-rugby-club-vivira-una-nueva-edicion-del-seven-joaquin-quintana\/#breadcrumb"},"inLanguage":"es","potentialAction":[{"@type":"ReadAction","target":["https:\/\/www.eldiariodetucuman.com\/web\/el-liceo-rugby-club-vivira-una-nueva-edicion-del-seven-joaquin-quintana\/"]}]},{"@type":"ImageObject","inLanguage":"es","@id":"https:\/\/www.eldiariodetucuman.com\/web\/el-liceo-rugby-club-vivira-una-nueva-edicion-del-seven-joaquin-quintana\/#primaryimage","url":"https:\/\/www.eldiariodetucuman.com\/web\/wp-content\/uploads\/2025\/11\/El-Liceo-Rugby-Club-vivira-una-nueva-edicion-del-Seven.jpeg","contentUrl":"https:\/\/www.eldiariodetucuman.com\/web\/wp-content\/uploads\/2025\/11\/El-Liceo-Rugby-Club-vivira-una-nueva-edicion-del-Seven.jpeg","width":1200,"height":675},{"@type":"BreadcrumbList","@id":"https:\/\/www.eldiariodetucuman.com\/web\/el-liceo-rugby-club-vivira-una-nueva-edicion-del-seven-joaquin-quintana\/#breadcrumb","itemListElement":[{"@type":"ListItem","position":1,"name":"Portada","item":"https:\/\/www.eldiariodetucuman.com\/web\/"},{"@type":"ListItem","position":2,"name":"El Liceo Rugby Club vivir\u00e1 una nueva edici\u00f3n del Seven Joaqu\u00edn Quintana"}]},{"@type":"WebSite","@id":"https:\/\/www.eldiariodetucuman.com\/web\/#website","url":"https:\/\/www.eldiariodetucuman.com\/web\/","name":"El Diario de Tucuman","description":"Diario Tucuman - Informaci\u00f3n y noticias","publisher":{"@id":"https:\/\/www.eldiariodetucuman.com\/web\/#organization"},"potentialAction":[{"@type":"SearchAction","target":{"@type":"EntryPoint","urlTemplate":"https:\/\/www.eldiariodetucuman.com\/web\/?s={search_term_string}"},"query-input":{"@type":"PropertyValueSpecification","valueRequired":true,"valueName":"search_term_string"}}],"inLanguage":"es"},{"@type":"Organization","@id":"https:\/\/www.eldiariodetucuman.com\/web\/#organization","name":"El Diario de Tucuman","url":"https:\/\/www.eldiariodetucuman.com\/web\/","logo":{"@type":"ImageObject","inLanguage":"es","@id":"https:\/\/www.eldiariodetucuman.com\/web\/#\/schema\/logo\/image\/","url":"http:\/\/www.eldiariodetucuman.com\/web\/wp-content\/uploads\/2017\/12\/el-diario-de-tucuman.jpg","contentUrl":"http:\/\/www.eldiariodetucuman.com\/web\/wp-content\/uploads\/2017\/12\/el-diario-de-tucuman.jpg","width":272,"height":92,"caption":"El Diario de Tucuman"},"image":{"@id":"https:\/\/www.eldiariodetucuman.com\/web\/#\/schema\/logo\/image\/"}},{"@type":"Person","@id":"https:\/\/www.eldiariodetucuman.com\/web\/#\/schema\/person\/9250197d75ab5483412e19678b121caa","name":"admin","image":{"@type":"ImageObject","inLanguage":"es","@id":"https:\/\/secure.gravatar.com\/avatar\/c44d117c2be811212c22cb481f6b8384b6873de103fbc49e7a03cc58d7dea4ac?s=96&d=mm&r=g","url":"https:\/\/secure.gravatar.com\/avatar\/c44d117c2be811212c22cb481f6b8384b6873de103fbc49e7a03cc58d7dea4ac?s=96&d=mm&r=g","contentUrl":"https:\/\/secure.gravatar.com\/avatar\/c44d117c2be811212c22cb481f6b8384b6873de103fbc49e7a03cc58d7dea4ac?s=96&d=mm&r=g","caption":"admin"},"url":"https:\/\/www.eldiariodetucuman.com\/web\/author\/admin\/"}]}},"_links":{"self":[{"href":"https:\/\/www.eldiariodetucuman.com\/web\/wp-json\/wp\/v2\/posts\/46216","targetHints":{"allow":["GET"]}}],"collection":[{"href":"https:\/\/www.eldiariodetucuman.com\/web\/wp-json\/wp\/v2\/posts"}],"about":[{"href":"https:\/\/www.eldiariodetucuman.com\/web\/wp-json\/wp\/v2\/types\/post"}],"author":[{"embeddable":true,"href":"https:\/\/www.eldiariodetucuman.com\/web\/wp-json\/wp\/v2\/users\/1"}],"replies":[{"embeddable":true,"href":"https:\/\/www.eldiariodetucuman.com\/web\/wp-json\/wp\/v2\/comments?post=46216"}],"version-history":[{"count":0,"href":"https:\/\/www.eldiariodetucuman.com\/web\/wp-json\/wp\/v2\/posts\/46216\/revisions"}],"wp:featuredmedia":[{"embeddable":true,"href":"https:\/\/www.eldiariodetucuman.com\/web\/wp-json\/wp\/v2\/media\/46217"}],"wp:attachment":[{"href":"https:\/\/www.eldiariodetucuman.com\/web\/wp-json\/wp\/v2\/media?parent=46216"}],"wp:term":[{"taxonomy":"category","embeddable":true,"href":"https:\/\/www.eldiariodetucuman.com\/web\/wp-json\/wp\/v2\/categories?post=46216"},{"taxonomy":"post_tag","embeddable":true,"href":"https:\/\/www.eldiariodetucuman.com\/web\/wp-json\/wp\/v2\/tags?post=46216"}],"curies":[{"name":"wp","href":"https:\/\/api.w.org\/{rel}","templated":true}]}}