{"id":46214,"date":"2025-11-14T17:11:17","date_gmt":"2025-11-14T20:11:17","guid":{"rendered":"https:\/\/www.eldiariodetucuman.com\/web\/investigan-el-hallazgo-de-un-cuerpo-en-la-localidad-de-los-aguirre\/"},"modified":"2025-11-14T17:11:17","modified_gmt":"2025-11-14T20:11:17","slug":"investigan-el-hallazgo-de-un-cuerpo-en-la-localidad-de-los-aguirre","status":"publish","type":"post","link":"https:\/\/www.eldiariodetucuman.com\/web\/investigan-el-hallazgo-de-un-cuerpo-en-la-localidad-de-los-aguirre\/","title":{"rendered":"Investigan el hallazgo de un cuerpo en la localidad de Los Aguirre"},"content":{"rendered":"<p>    <\/p>\n<p>Los primeros indicios sugieren que podr\u00eda tratarse del joven desaparecido; en consecuencia, familiares se hicieron presentes en el sitio.<\/p>\n<p>Por el momento, se inform\u00f3 que la causa fue puesta en conocimiento de la Unidad Fiscal de Homicidios, a cargo de la <strong>Dra. Natalia Fern\u00e1ndez<\/strong>, que continuar\u00e1 con las diligencias correspondientes y coordinar\u00e1 las pericias necesarias para la identificaci\u00f3n y el esclarecimiento del hecho.<\/p>\n<p>La madre del joven de 29 a\u00f1os, relat\u00f3 con inquietud que su hijo desapareci\u00f3 del barrio San Miguel hac\u00eda cinco d\u00edas, indicando que la \u00faltima vez que fue visto se encontraba en una chancher\u00eda donde le dieron de comer; desde ese momento no tuvieron m\u00e1s noticias sobre su paradero, lo que acrecienta la preocupaci\u00f3n por su estado de salud y bienestar.<\/p>\n<p>  <strong> FUENTE:<\/strong> los primeros<br \/>\n<br \/>Fuente: <a href=\"https:\/\/www.lv12.com.ar\/los-aguirre\/investigan-el-hallazgo-un-cuerpo-la-localidad-los-aguirre-n189067\"> Fuente de la nota <\/a><\/p>\n","protected":false},"excerpt":{"rendered":"<p>Los primeros indicios sugieren que podr\u00eda tratarse del joven desaparecido; en consecuencia, familiares se hicieron presentes en el sitio. Por el momento, se inform\u00f3 que la causa fue puesta en conocimiento de la Unidad Fiscal de Homicidios, a cargo de la Dra. Natalia Fern\u00e1ndez, que continuar\u00e1 con las diligencias correspondientes y coordinar\u00e1 las pericias necesarias [&hellip;]<\/p>\n","protected":false},"author":1,"featured_media":46215,"comment_status":"closed","ping_status":"open","sticky":false,"template":"","format":"standard","meta":{"footnotes":""},"categories":[927],"tags":[],"class_list":{"0":"post-46214","1":"post","2":"type-post","3":"status-publish","4":"format-standard","5":"has-post-thumbnail","7":"category-policiales"},"yoast_head":"<!-- This site is optimized with the Yoast SEO plugin v27.4 - https:\/\/yoast.com\/product\/yoast-seo-wordpress\/ -->\n<title>Investigan el hallazgo de un cuerpo en la localidad de Los Aguirre - El Diario de Tucuman<\/title>\n<meta name=\"robots\" content=\"index, follow, max-snippet:-1, max-image-preview:large, max-video-preview:-1\" \/>\n<link rel=\"canonical\" href=\"https:\/\/www.eldiariodetucuman.com\/web\/investigan-el-hallazgo-de-un-cuerpo-en-la-localidad-de-los-aguirre\/\" \/>\n<meta property=\"og:locale\" content=\"es_ES\" \/>\n<meta property=\"og:type\" content=\"article\" \/>\n<meta property=\"og:title\" content=\"Investigan el hallazgo de un cuerpo en la localidad de Los Aguirre - El Diario de Tucuman\" \/>\n<meta property=\"og:description\" content=\"Los primeros indicios sugieren que podr\u00eda tratarse del joven desaparecido; en consecuencia, familiares se hicieron presentes en el sitio. Por el momento, se inform\u00f3 que la causa fue puesta en conocimiento de la Unidad Fiscal de Homicidios, a cargo de la Dra. Natalia Fern\u00e1ndez, que continuar\u00e1 con las diligencias correspondientes y coordinar\u00e1 las pericias necesarias [&hellip;]\" \/>\n<meta property=\"og:url\" content=\"https:\/\/www.eldiariodetucuman.com\/web\/investigan-el-hallazgo-de-un-cuerpo-en-la-localidad-de-los-aguirre\/\" \/>\n<meta property=\"og:site_name\" content=\"El Diario de Tucuman\" \/>\n<meta property=\"article:published_time\" content=\"2025-11-14T20:11:17+00:00\" \/>\n<meta name=\"author\" content=\"admin\" \/>\n<meta name=\"twitter:card\" content=\"summary_large_image\" \/>\n<meta name=\"twitter:label1\" content=\"Escrito por\" \/>\n\t<meta name=\"twitter:data1\" content=\"admin\" \/>\n\t<meta name=\"twitter:label2\" content=\"Tiempo de lectura\" \/>\n\t<meta name=\"twitter:data2\" content=\"1 minuto\" \/>\n<script type=\"application\/ld+json\" class=\"yoast-schema-graph\">{\"@context\":\"https:\\\/\\\/schema.org\",\"@graph\":[{\"@type\":\"Article\",\"@id\":\"https:\\\/\\\/www.eldiariodetucuman.com\\\/web\\\/investigan-el-hallazgo-de-un-cuerpo-en-la-localidad-de-los-aguirre\\\/#article\",\"isPartOf\":{\"@id\":\"https:\\\/\\\/www.eldiariodetucuman.com\\\/web\\\/investigan-el-hallazgo-de-un-cuerpo-en-la-localidad-de-los-aguirre\\\/\"},\"author\":{\"name\":\"admin\",\"@id\":\"https:\\\/\\\/www.eldiariodetucuman.com\\\/web\\\/#\\\/schema\\\/person\\\/9250197d75ab5483412e19678b121caa\"},\"headline\":\"Investigan el hallazgo de un cuerpo en la localidad de Los Aguirre\",\"datePublished\":\"2025-11-14T20:11:17+00:00\",\"mainEntityOfPage\":{\"@id\":\"https:\\\/\\\/www.eldiariodetucuman.com\\\/web\\\/investigan-el-hallazgo-de-un-cuerpo-en-la-localidad-de-los-aguirre\\\/\"},\"wordCount\":152,\"publisher\":{\"@id\":\"https:\\\/\\\/www.eldiariodetucuman.com\\\/web\\\/#organization\"},\"image\":{\"@id\":\"https:\\\/\\\/www.eldiariodetucuman.com\\\/web\\\/investigan-el-hallazgo-de-un-cuerpo-en-la-localidad-de-los-aguirre\\\/#primaryimage\"},\"thumbnailUrl\":\"https:\\\/\\\/www.eldiariodetucuman.com\\\/web\\\/wp-content\\\/uploads\\\/2025\\\/11\\\/Investigan-el-hallazgo-de-un-cuerpo-en-la-localidad-de.png\",\"articleSection\":[\"Policiales\"],\"inLanguage\":\"es\"},{\"@type\":\"WebPage\",\"@id\":\"https:\\\/\\\/www.eldiariodetucuman.com\\\/web\\\/investigan-el-hallazgo-de-un-cuerpo-en-la-localidad-de-los-aguirre\\\/\",\"url\":\"https:\\\/\\\/www.eldiariodetucuman.com\\\/web\\\/investigan-el-hallazgo-de-un-cuerpo-en-la-localidad-de-los-aguirre\\\/\",\"name\":\"Investigan el hallazgo de un cuerpo en la localidad de Los Aguirre - El Diario de Tucuman\",\"isPartOf\":{\"@id\":\"https:\\\/\\\/www.eldiariodetucuman.com\\\/web\\\/#website\"},\"primaryImageOfPage\":{\"@id\":\"https:\\\/\\\/www.eldiariodetucuman.com\\\/web\\\/investigan-el-hallazgo-de-un-cuerpo-en-la-localidad-de-los-aguirre\\\/#primaryimage\"},\"image\":{\"@id\":\"https:\\\/\\\/www.eldiariodetucuman.com\\\/web\\\/investigan-el-hallazgo-de-un-cuerpo-en-la-localidad-de-los-aguirre\\\/#primaryimage\"},\"thumbnailUrl\":\"https:\\\/\\\/www.eldiariodetucuman.com\\\/web\\\/wp-content\\\/uploads\\\/2025\\\/11\\\/Investigan-el-hallazgo-de-un-cuerpo-en-la-localidad-de.png\",\"datePublished\":\"2025-11-14T20:11:17+00:00\",\"breadcrumb\":{\"@id\":\"https:\\\/\\\/www.eldiariodetucuman.com\\\/web\\\/investigan-el-hallazgo-de-un-cuerpo-en-la-localidad-de-los-aguirre\\\/#breadcrumb\"},\"inLanguage\":\"es\",\"potentialAction\":[{\"@type\":\"ReadAction\",\"target\":[\"https:\\\/\\\/www.eldiariodetucuman.com\\\/web\\\/investigan-el-hallazgo-de-un-cuerpo-en-la-localidad-de-los-aguirre\\\/\"]}]},{\"@type\":\"ImageObject\",\"inLanguage\":\"es\",\"@id\":\"https:\\\/\\\/www.eldiariodetucuman.com\\\/web\\\/investigan-el-hallazgo-de-un-cuerpo-en-la-localidad-de-los-aguirre\\\/#primaryimage\",\"url\":\"https:\\\/\\\/www.eldiariodetucuman.com\\\/web\\\/wp-content\\\/uploads\\\/2025\\\/11\\\/Investigan-el-hallazgo-de-un-cuerpo-en-la-localidad-de.png\",\"contentUrl\":\"https:\\\/\\\/www.eldiariodetucuman.com\\\/web\\\/wp-content\\\/uploads\\\/2025\\\/11\\\/Investigan-el-hallazgo-de-un-cuerpo-en-la-localidad-de.png\",\"width\":1200,\"height\":675},{\"@type\":\"BreadcrumbList\",\"@id\":\"https:\\\/\\\/www.eldiariodetucuman.com\\\/web\\\/investigan-el-hallazgo-de-un-cuerpo-en-la-localidad-de-los-aguirre\\\/#breadcrumb\",\"itemListElement\":[{\"@type\":\"ListItem\",\"position\":1,\"name\":\"Portada\",\"item\":\"https:\\\/\\\/www.eldiariodetucuman.com\\\/web\\\/\"},{\"@type\":\"ListItem\",\"position\":2,\"name\":\"Investigan el hallazgo de un cuerpo en la localidad de Los Aguirre\"}]},{\"@type\":\"WebSite\",\"@id\":\"https:\\\/\\\/www.eldiariodetucuman.com\\\/web\\\/#website\",\"url\":\"https:\\\/\\\/www.eldiariodetucuman.com\\\/web\\\/\",\"name\":\"El Diario de Tucuman\",\"description\":\"Diario Tucuman - Informaci\u00f3n y noticias\",\"publisher\":{\"@id\":\"https:\\\/\\\/www.eldiariodetucuman.com\\\/web\\\/#organization\"},\"potentialAction\":[{\"@type\":\"SearchAction\",\"target\":{\"@type\":\"EntryPoint\",\"urlTemplate\":\"https:\\\/\\\/www.eldiariodetucuman.com\\\/web\\\/?s={search_term_string}\"},\"query-input\":{\"@type\":\"PropertyValueSpecification\",\"valueRequired\":true,\"valueName\":\"search_term_string\"}}],\"inLanguage\":\"es\"},{\"@type\":\"Organization\",\"@id\":\"https:\\\/\\\/www.eldiariodetucuman.com\\\/web\\\/#organization\",\"name\":\"El Diario de Tucuman\",\"url\":\"https:\\\/\\\/www.eldiariodetucuman.com\\\/web\\\/\",\"logo\":{\"@type\":\"ImageObject\",\"inLanguage\":\"es\",\"@id\":\"https:\\\/\\\/www.eldiariodetucuman.com\\\/web\\\/#\\\/schema\\\/logo\\\/image\\\/\",\"url\":\"http:\\\/\\\/www.eldiariodetucuman.com\\\/web\\\/wp-content\\\/uploads\\\/2017\\\/12\\\/el-diario-de-tucuman.jpg\",\"contentUrl\":\"http:\\\/\\\/www.eldiariodetucuman.com\\\/web\\\/wp-content\\\/uploads\\\/2017\\\/12\\\/el-diario-de-tucuman.jpg\",\"width\":272,\"height\":92,\"caption\":\"El Diario de Tucuman\"},\"image\":{\"@id\":\"https:\\\/\\\/www.eldiariodetucuman.com\\\/web\\\/#\\\/schema\\\/logo\\\/image\\\/\"}},{\"@type\":\"Person\",\"@id\":\"https:\\\/\\\/www.eldiariodetucuman.com\\\/web\\\/#\\\/schema\\\/person\\\/9250197d75ab5483412e19678b121caa\",\"name\":\"admin\",\"image\":{\"@type\":\"ImageObject\",\"inLanguage\":\"es\",\"@id\":\"https:\\\/\\\/secure.gravatar.com\\\/avatar\\\/c44d117c2be811212c22cb481f6b8384b6873de103fbc49e7a03cc58d7dea4ac?s=96&d=mm&r=g\",\"url\":\"https:\\\/\\\/secure.gravatar.com\\\/avatar\\\/c44d117c2be811212c22cb481f6b8384b6873de103fbc49e7a03cc58d7dea4ac?s=96&d=mm&r=g\",\"contentUrl\":\"https:\\\/\\\/secure.gravatar.com\\\/avatar\\\/c44d117c2be811212c22cb481f6b8384b6873de103fbc49e7a03cc58d7dea4ac?s=96&d=mm&r=g\",\"caption\":\"admin\"},\"url\":\"https:\\\/\\\/www.eldiariodetucuman.com\\\/web\\\/author\\\/admin\\\/\"}]}<\/script>\n<!-- \/ Yoast SEO plugin. -->","yoast_head_json":{"title":"Investigan el hallazgo de un cuerpo en la localidad de Los Aguirre - El Diario de Tucuman","robots":{"index":"index","follow":"follow","max-snippet":"max-snippet:-1","max-image-preview":"max-image-preview:large","max-video-preview":"max-video-preview:-1"},"canonical":"https:\/\/www.eldiariodetucuman.com\/web\/investigan-el-hallazgo-de-un-cuerpo-en-la-localidad-de-los-aguirre\/","og_locale":"es_ES","og_type":"article","og_title":"Investigan el hallazgo de un cuerpo en la localidad de Los Aguirre - El Diario de Tucuman","og_description":"Los primeros indicios sugieren que podr\u00eda tratarse del joven desaparecido; en consecuencia, familiares se hicieron presentes en el sitio. Por el momento, se inform\u00f3 que la causa fue puesta en conocimiento de la Unidad Fiscal de Homicidios, a cargo de la Dra. Natalia Fern\u00e1ndez, que continuar\u00e1 con las diligencias correspondientes y coordinar\u00e1 las pericias necesarias [&hellip;]","og_url":"https:\/\/www.eldiariodetucuman.com\/web\/investigan-el-hallazgo-de-un-cuerpo-en-la-localidad-de-los-aguirre\/","og_site_name":"El Diario de Tucuman","article_published_time":"2025-11-14T20:11:17+00:00","author":"admin","twitter_card":"summary_large_image","twitter_misc":{"Escrito por":"admin","Tiempo de lectura":"1 minuto"},"schema":{"@context":"https:\/\/schema.org","@graph":[{"@type":"Article","@id":"https:\/\/www.eldiariodetucuman.com\/web\/investigan-el-hallazgo-de-un-cuerpo-en-la-localidad-de-los-aguirre\/#article","isPartOf":{"@id":"https:\/\/www.eldiariodetucuman.com\/web\/investigan-el-hallazgo-de-un-cuerpo-en-la-localidad-de-los-aguirre\/"},"author":{"name":"admin","@id":"https:\/\/www.eldiariodetucuman.com\/web\/#\/schema\/person\/9250197d75ab5483412e19678b121caa"},"headline":"Investigan el hallazgo de un cuerpo en la localidad de Los Aguirre","datePublished":"2025-11-14T20:11:17+00:00","mainEntityOfPage":{"@id":"https:\/\/www.eldiariodetucuman.com\/web\/investigan-el-hallazgo-de-un-cuerpo-en-la-localidad-de-los-aguirre\/"},"wordCount":152,"publisher":{"@id":"https:\/\/www.eldiariodetucuman.com\/web\/#organization"},"image":{"@id":"https:\/\/www.eldiariodetucuman.com\/web\/investigan-el-hallazgo-de-un-cuerpo-en-la-localidad-de-los-aguirre\/#primaryimage"},"thumbnailUrl":"https:\/\/www.eldiariodetucuman.com\/web\/wp-content\/uploads\/2025\/11\/Investigan-el-hallazgo-de-un-cuerpo-en-la-localidad-de.png","articleSection":["Policiales"],"inLanguage":"es"},{"@type":"WebPage","@id":"https:\/\/www.eldiariodetucuman.com\/web\/investigan-el-hallazgo-de-un-cuerpo-en-la-localidad-de-los-aguirre\/","url":"https:\/\/www.eldiariodetucuman.com\/web\/investigan-el-hallazgo-de-un-cuerpo-en-la-localidad-de-los-aguirre\/","name":"Investigan el hallazgo de un cuerpo en la localidad de Los Aguirre - El Diario de Tucuman","isPartOf":{"@id":"https:\/\/www.eldiariodetucuman.com\/web\/#website"},"primaryImageOfPage":{"@id":"https:\/\/www.eldiariodetucuman.com\/web\/investigan-el-hallazgo-de-un-cuerpo-en-la-localidad-de-los-aguirre\/#primaryimage"},"image":{"@id":"https:\/\/www.eldiariodetucuman.com\/web\/investigan-el-hallazgo-de-un-cuerpo-en-la-localidad-de-los-aguirre\/#primaryimage"},"thumbnailUrl":"https:\/\/www.eldiariodetucuman.com\/web\/wp-content\/uploads\/2025\/11\/Investigan-el-hallazgo-de-un-cuerpo-en-la-localidad-de.png","datePublished":"2025-11-14T20:11:17+00:00","breadcrumb":{"@id":"https:\/\/www.eldiariodetucuman.com\/web\/investigan-el-hallazgo-de-un-cuerpo-en-la-localidad-de-los-aguirre\/#breadcrumb"},"inLanguage":"es","potentialAction":[{"@type":"ReadAction","target":["https:\/\/www.eldiariodetucuman.com\/web\/investigan-el-hallazgo-de-un-cuerpo-en-la-localidad-de-los-aguirre\/"]}]},{"@type":"ImageObject","inLanguage":"es","@id":"https:\/\/www.eldiariodetucuman.com\/web\/investigan-el-hallazgo-de-un-cuerpo-en-la-localidad-de-los-aguirre\/#primaryimage","url":"https:\/\/www.eldiariodetucuman.com\/web\/wp-content\/uploads\/2025\/11\/Investigan-el-hallazgo-de-un-cuerpo-en-la-localidad-de.png","contentUrl":"https:\/\/www.eldiariodetucuman.com\/web\/wp-content\/uploads\/2025\/11\/Investigan-el-hallazgo-de-un-cuerpo-en-la-localidad-de.png","width":1200,"height":675},{"@type":"BreadcrumbList","@id":"https:\/\/www.eldiariodetucuman.com\/web\/investigan-el-hallazgo-de-un-cuerpo-en-la-localidad-de-los-aguirre\/#breadcrumb","itemListElement":[{"@type":"ListItem","position":1,"name":"Portada","item":"https:\/\/www.eldiariodetucuman.com\/web\/"},{"@type":"ListItem","position":2,"name":"Investigan el hallazgo de un cuerpo en la localidad de Los Aguirre"}]},{"@type":"WebSite","@id":"https:\/\/www.eldiariodetucuman.com\/web\/#website","url":"https:\/\/www.eldiariodetucuman.com\/web\/","name":"El Diario de Tucuman","description":"Diario Tucuman - Informaci\u00f3n y noticias","publisher":{"@id":"https:\/\/www.eldiariodetucuman.com\/web\/#organization"},"potentialAction":[{"@type":"SearchAction","target":{"@type":"EntryPoint","urlTemplate":"https:\/\/www.eldiariodetucuman.com\/web\/?s={search_term_string}"},"query-input":{"@type":"PropertyValueSpecification","valueRequired":true,"valueName":"search_term_string"}}],"inLanguage":"es"},{"@type":"Organization","@id":"https:\/\/www.eldiariodetucuman.com\/web\/#organization","name":"El Diario de Tucuman","url":"https:\/\/www.eldiariodetucuman.com\/web\/","logo":{"@type":"ImageObject","inLanguage":"es","@id":"https:\/\/www.eldiariodetucuman.com\/web\/#\/schema\/logo\/image\/","url":"http:\/\/www.eldiariodetucuman.com\/web\/wp-content\/uploads\/2017\/12\/el-diario-de-tucuman.jpg","contentUrl":"http:\/\/www.eldiariodetucuman.com\/web\/wp-content\/uploads\/2017\/12\/el-diario-de-tucuman.jpg","width":272,"height":92,"caption":"El Diario de Tucuman"},"image":{"@id":"https:\/\/www.eldiariodetucuman.com\/web\/#\/schema\/logo\/image\/"}},{"@type":"Person","@id":"https:\/\/www.eldiariodetucuman.com\/web\/#\/schema\/person\/9250197d75ab5483412e19678b121caa","name":"admin","image":{"@type":"ImageObject","inLanguage":"es","@id":"https:\/\/secure.gravatar.com\/avatar\/c44d117c2be811212c22cb481f6b8384b6873de103fbc49e7a03cc58d7dea4ac?s=96&d=mm&r=g","url":"https:\/\/secure.gravatar.com\/avatar\/c44d117c2be811212c22cb481f6b8384b6873de103fbc49e7a03cc58d7dea4ac?s=96&d=mm&r=g","contentUrl":"https:\/\/secure.gravatar.com\/avatar\/c44d117c2be811212c22cb481f6b8384b6873de103fbc49e7a03cc58d7dea4ac?s=96&d=mm&r=g","caption":"admin"},"url":"https:\/\/www.eldiariodetucuman.com\/web\/author\/admin\/"}]}},"_links":{"self":[{"href":"https:\/\/www.eldiariodetucuman.com\/web\/wp-json\/wp\/v2\/posts\/46214","targetHints":{"allow":["GET"]}}],"collection":[{"href":"https:\/\/www.eldiariodetucuman.com\/web\/wp-json\/wp\/v2\/posts"}],"about":[{"href":"https:\/\/www.eldiariodetucuman.com\/web\/wp-json\/wp\/v2\/types\/post"}],"author":[{"embeddable":true,"href":"https:\/\/www.eldiariodetucuman.com\/web\/wp-json\/wp\/v2\/users\/1"}],"replies":[{"embeddable":true,"href":"https:\/\/www.eldiariodetucuman.com\/web\/wp-json\/wp\/v2\/comments?post=46214"}],"version-history":[{"count":0,"href":"https:\/\/www.eldiariodetucuman.com\/web\/wp-json\/wp\/v2\/posts\/46214\/revisions"}],"wp:featuredmedia":[{"embeddable":true,"href":"https:\/\/www.eldiariodetucuman.com\/web\/wp-json\/wp\/v2\/media\/46215"}],"wp:attachment":[{"href":"https:\/\/www.eldiariodetucuman.com\/web\/wp-json\/wp\/v2\/media?parent=46214"}],"wp:term":[{"taxonomy":"category","embeddable":true,"href":"https:\/\/www.eldiariodetucuman.com\/web\/wp-json\/wp\/v2\/categories?post=46214"},{"taxonomy":"post_tag","embeddable":true,"href":"https:\/\/www.eldiariodetucuman.com\/web\/wp-json\/wp\/v2\/tags?post=46214"}],"curies":[{"name":"wp","href":"https:\/\/api.w.org\/{rel}","templated":true}]}}